{"id":5617,"date":"2025-04-06T10:24:15","date_gmt":"2025-04-06T13:24:15","guid":{"rendered":"https:\/\/portalraizesnoticias.com.br\/?p=5617"},"modified":"2025-04-06T10:24:16","modified_gmt":"2025-04-06T13:24:16","slug":"pm-e-acionada-apos-padrasto-supostamente-agredir-enteada-no-bairro-casas-populares-em-conceicao-do-coite-vitima-tentava-defender-mae","status":"publish","type":"post","link":"https:\/\/portalraizesnoticias.com.br\/?p=5617","title":{"rendered":"PM \u00e9 acionada ap\u00f3s padrasto supostamente agredir enteada no bairro Casas Populares em Concei\u00e7\u00e3o do Coit\u00e9; v\u00edtima tentava defender m\u00e3e"},"content":{"rendered":"<p>Por volta das 17h20 deste s\u00e1bado (06), um caso de les\u00e3o corporal,\u00a0no Conjunto Habitacional M\u00e1rio da Caixa, no bairro Casas Populares, em Concei\u00e7\u00e3o do Coit\u00e9, regi\u00e3o sisaleira.<\/p>\n<p><img fetchpriority=\"high\" decoding=\"async\" class=\"size-medium wp-image-4639 aligncenter\" src=\"https:\/\/portalraizesnoticias.com.br\/wp-content\/uploads\/2025\/02\/IMG-20250205-WA0440-300x300.jpg\" alt=\"\" width=\"300\" height=\"300\" srcset=\"https:\/\/portalraizesnoticias.com.br\/wp-content\/uploads\/2025\/02\/IMG-20250205-WA0440-300x300.jpg 300w, https:\/\/portalraizesnoticias.com.br\/wp-content\/uploads\/2025\/02\/IMG-20250205-WA0440-1024x1024.jpg 1024w, https:\/\/portalraizesnoticias.com.br\/wp-content\/uploads\/2025\/02\/IMG-20250205-WA0440-150x150.jpg 150w, https:\/\/portalraizesnoticias.com.br\/wp-content\/uploads\/2025\/02\/IMG-20250205-WA0440-768x768.jpg 768w, https:\/\/portalraizesnoticias.com.br\/wp-content\/uploads\/2025\/02\/IMG-20250205-WA0440.jpg 1080w\" sizes=\"(max-width: 300px) 100vw, 300px\" \/><\/p>\n<p style=\"text-align: center;\"><strong>PUBLICIDADE<\/strong><\/p>\n<p>Segundo informa\u00e7\u00f5es apuradas pelo Portal Ra\u00edzes, a guarni\u00e7\u00e3o foi acionada pelo CICOM a qual foram informados que um homem de 35 anos agrediu uma mulher de 25 anos.<\/p>\n<p>Ao chegar ao local, os policiais encontraram a v\u00edtima com um corte no superc\u00edlio esquerdo e sangrando.<\/p>\n<p><img decoding=\"async\" class=\"size-medium wp-image-3171 aligncenter\" src=\"https:\/\/portalraizesnoticias.com.br\/wp-content\/uploads\/2024\/12\/Brasao-Clube-de-Tiro-vetorizado-2-300x176.png\" alt=\"\" width=\"300\" height=\"176\" srcset=\"https:\/\/portalraizesnoticias.com.br\/wp-content\/uploads\/2024\/12\/Brasao-Clube-de-Tiro-vetorizado-2-300x176.png 300w, https:\/\/portalraizesnoticias.com.br\/wp-content\/uploads\/2024\/12\/Brasao-Clube-de-Tiro-vetorizado-2-1024x602.png 1024w, https:\/\/portalraizesnoticias.com.br\/wp-content\/uploads\/2024\/12\/Brasao-Clube-de-Tiro-vetorizado-2-768x451.png 768w, https:\/\/portalraizesnoticias.com.br\/wp-content\/uploads\/2024\/12\/Brasao-Clube-de-Tiro-vetorizado-2-1536x902.png 1536w, https:\/\/portalraizesnoticias.com.br\/wp-content\/uploads\/2024\/12\/Brasao-Clube-de-Tiro-vetorizado-2-2048x1203.png 2048w\" sizes=\"(max-width: 300px) 100vw, 300px\" \/><\/p>\n<p style=\"text-align: center;\"><strong>PUBLICIDADE<\/strong><\/p>\n<p>Ela relatou que foi agredida pelo padrasto ap\u00f3s tentar separar uma briga entre ele e sua m\u00e3e.<\/p>\n<p><img decoding=\"async\" class=\"size-medium wp-image-2520 aligncenter\" src=\"https:\/\/portalraizesnoticias.com.br\/wp-content\/uploads\/2024\/11\/Imagem-do-WhatsApp-de-2024-11-28-as-11.24.37_b858345f-300x142.jpg\" alt=\"\" width=\"300\" height=\"142\" srcset=\"https:\/\/portalraizesnoticias.com.br\/wp-content\/uploads\/2024\/11\/Imagem-do-WhatsApp-de-2024-11-28-as-11.24.37_b858345f-300x142.jpg 300w, https:\/\/portalraizesnoticias.com.br\/wp-content\/uploads\/2024\/11\/Imagem-do-WhatsApp-de-2024-11-28-as-11.24.37_b858345f.jpg 722w\" sizes=\"(max-width: 300px) 100vw, 300px\" \/><\/p>\n<p style=\"text-align: center;\"><strong>PUBLICIDADE<\/strong><\/p>\n<p>O suspeito, que apresentava arranh\u00f5es, foi conduzido com a v\u00edtima ao hospital e posteriormente \u00e0 Delegacia de Riach\u00e3o. L\u00e1, a v\u00edtima mudou sua vers\u00e3o, afirmando que se machucou sozinha ao cair, e decidiu n\u00e3o representar contra o padrasto.<\/p>\n<p>Fonte: ASCOM do 16\u00ba BPM<\/p>\n<p>Foto: Ilustra\u00e7\u00e3o<\/p>\n","protected":false},"excerpt":{"rendered":"<p>Por volta das 17h20 deste s\u00e1bado (06), um caso de les\u00e3o corporal,\u00a0no Conjunto Habitacional M\u00e1rio da Caixa, no bairro Casas Populares, em Concei\u00e7\u00e3o do Coit\u00e9, regi\u00e3o sisaleira. PUBLICIDADE Segundo informa\u00e7\u00f5es apuradas pelo Portal Ra\u00edzes, a guarni\u00e7\u00e3o foi acionada pelo CICOM a qual foram informados que um homem de 35 anos agrediu uma mulher de 25 anos. Ao chegar ao local, os policiais encontraram a v\u00edtima com um corte no superc\u00edlio esquerdo e sangrando. PUBLICIDADE Ela relatou que foi agredida pelo padrasto ap\u00f3s tentar separar uma briga entre ele e sua m\u00e3e. PUBLICIDADE O suspeito, que apresentava arranh\u00f5es, foi conduzido com a v\u00edtima ao hospital e posteriormente \u00e0 Delegacia de Riach\u00e3o. L\u00e1, a v\u00edtima mudou sua vers\u00e3o, afirmando que se machucou sozinha ao cair, e decidiu n\u00e3o representar contra o padrasto. Fonte: ASCOM do 16\u00ba BPM Foto: Ilustra\u00e7\u00e3o<\/p>\n","protected":false},"author":3,"featured_media":5459,"comment_status":"open","ping_status":"open","sticky":false,"template":"","format":"standard","meta":{"_joinchat":[],"footnotes":""},"categories":[55,67,59],"tags":[558,940,437],"class_list":["post-5617","post","type-post","status-publish","format-standard","has-post-thumbnail","hentry","category-destaques","category-policia","category-ultimas-noticias","tag-agressao","tag-padrasto","tag-pm"],"yoast_head":"<!-- This site is optimized with the Yoast SEO plugin v24.4 - https:\/\/yoast.com\/wordpress\/plugins\/seo\/ -->\n<title>PM \u00e9 acionada ap\u00f3s padrasto supostamente agredir enteada no bairro Casas Populares em Concei\u00e7\u00e3o do Coit\u00e9; v\u00edtima tentava defender m\u00e3e - Portal raizes noticias<\/title>\n<meta name=\"robots\" content=\"index, follow, max-snippet:-1, max-image-preview:large, max-video-preview:-1\" \/>\n<link rel=\"canonical\" href=\"https:\/\/portalraizesnoticias.com.br\/?p=5617\" \/>\n<meta property=\"og:locale\" content=\"pt_BR\" \/>\n<meta property=\"og:type\" content=\"article\" \/>\n<meta property=\"og:title\" content=\"PM \u00e9 acionada ap\u00f3s padrasto supostamente agredir enteada no bairro Casas Populares em Concei\u00e7\u00e3o do Coit\u00e9; v\u00edtima tentava defender m\u00e3e - Portal raizes noticias\" \/>\n<meta property=\"og:description\" content=\"Por volta das 17h20 deste s\u00e1bado (06), um caso de les\u00e3o corporal,\u00a0no Conjunto Habitacional M\u00e1rio da Caixa, no bairro Casas Populares, em Concei\u00e7\u00e3o do Coit\u00e9, regi\u00e3o sisaleira. PUBLICIDADE Segundo informa\u00e7\u00f5es apuradas pelo Portal Ra\u00edzes, a guarni\u00e7\u00e3o foi acionada pelo CICOM a qual foram informados que um homem de 35 anos agrediu uma mulher de 25 anos. Ao chegar ao local, os policiais encontraram a v\u00edtima com um corte no superc\u00edlio esquerdo e sangrando. PUBLICIDADE Ela relatou que foi agredida pelo padrasto ap\u00f3s tentar separar uma briga entre ele e sua m\u00e3e. PUBLICIDADE O suspeito, que apresentava arranh\u00f5es, foi conduzido com a v\u00edtima ao hospital e posteriormente \u00e0 Delegacia de Riach\u00e3o. L\u00e1, a v\u00edtima mudou sua vers\u00e3o, afirmando que se machucou sozinha ao cair, e decidiu n\u00e3o representar contra o padrasto. Fonte: ASCOM do 16\u00ba BPM Foto: Ilustra\u00e7\u00e3o\" \/>\n<meta property=\"og:url\" content=\"https:\/\/portalraizesnoticias.com.br\/?p=5617\" \/>\n<meta property=\"og:site_name\" content=\"Portal raizes noticias\" \/>\n<meta property=\"article:published_time\" content=\"2025-04-06T13:24:15+00:00\" \/>\n<meta property=\"article:modified_time\" content=\"2025-04-06T13:24:16+00:00\" \/>\n<meta property=\"og:image\" content=\"https:\/\/portalraizesnoticias.com.br\/wp-content\/uploads\/2025\/03\/images-95.jpeg\" \/>\n\t<meta property=\"og:image:width\" content=\"678\" \/>\n\t<meta property=\"og:image:height\" content=\"452\" \/>\n\t<meta property=\"og:image:type\" content=\"image\/jpeg\" \/>\n<meta name=\"author\" content=\"Portal Raizes\" \/>\n<meta name=\"twitter:card\" content=\"summary_large_image\" \/>\n<meta name=\"twitter:label1\" content=\"Escrito por\" \/>\n\t<meta name=\"twitter:data1\" content=\"Portal Raizes\" \/>\n\t<meta name=\"twitter:label2\" content=\"Est. tempo de leitura\" \/>\n\t<meta name=\"twitter:data2\" content=\"2 minutos\" \/>\n<script type=\"application\/ld+json\" class=\"yoast-schema-graph\">{\"@context\":\"https:\/\/schema.org\",\"@graph\":[{\"@type\":\"Article\",\"@id\":\"https:\/\/portalraizesnoticias.com.br\/?p=5617#article\",\"isPartOf\":{\"@id\":\"https:\/\/portalraizesnoticias.com.br\/?p=5617\"},\"author\":{\"name\":\"Portal Raizes\",\"@id\":\"https:\/\/portalraizesnoticias.com.br\/#\/schema\/person\/a3ca6b0fc701e78df19756c417d943ae\"},\"headline\":\"PM \u00e9 acionada ap\u00f3s padrasto supostamente agredir enteada no bairro Casas Populares em Concei\u00e7\u00e3o do Coit\u00e9; v\u00edtima tentava defender m\u00e3e\",\"datePublished\":\"2025-04-06T13:24:15+00:00\",\"dateModified\":\"2025-04-06T13:24:16+00:00\",\"mainEntityOfPage\":{\"@id\":\"https:\/\/portalraizesnoticias.com.br\/?p=5617\"},\"wordCount\":175,\"commentCount\":0,\"publisher\":{\"@id\":\"https:\/\/portalraizesnoticias.com.br\/#organization\"},\"image\":{\"@id\":\"https:\/\/portalraizesnoticias.com.br\/?p=5617#primaryimage\"},\"thumbnailUrl\":\"https:\/\/portalraizesnoticias.com.br\/wp-content\/uploads\/2025\/03\/images-95.jpeg\",\"keywords\":[\"Agress\u00e3o\",\"Padrasto\",\"Pm\"],\"articleSection\":[\"DESTAQUES\",\"POLICIA\",\"ULTIMAS NOTICIAS\"],\"inLanguage\":\"pt-BR\",\"potentialAction\":[{\"@type\":\"CommentAction\",\"name\":\"Comment\",\"target\":[\"https:\/\/portalraizesnoticias.com.br\/?p=5617#respond\"]}]},{\"@type\":\"WebPage\",\"@id\":\"https:\/\/portalraizesnoticias.com.br\/?p=5617\",\"url\":\"https:\/\/portalraizesnoticias.com.br\/?p=5617\",\"name\":\"PM \u00e9 acionada ap\u00f3s padrasto supostamente agredir enteada no bairro Casas Populares em Concei\u00e7\u00e3o do Coit\u00e9; v\u00edtima tentava defender m\u00e3e - Portal raizes noticias\",\"isPartOf\":{\"@id\":\"https:\/\/portalraizesnoticias.com.br\/#website\"},\"primaryImageOfPage\":{\"@id\":\"https:\/\/portalraizesnoticias.com.br\/?p=5617#primaryimage\"},\"image\":{\"@id\":\"https:\/\/portalraizesnoticias.com.br\/?p=5617#primaryimage\"},\"thumbnailUrl\":\"https:\/\/portalraizesnoticias.com.br\/wp-content\/uploads\/2025\/03\/images-95.jpeg\",\"datePublished\":\"2025-04-06T13:24:15+00:00\",\"dateModified\":\"2025-04-06T13:24:16+00:00\",\"breadcrumb\":{\"@id\":\"https:\/\/portalraizesnoticias.com.br\/?p=5617#breadcrumb\"},\"inLanguage\":\"pt-BR\",\"potentialAction\":[{\"@type\":\"ReadAction\",\"target\":[\"https:\/\/portalraizesnoticias.com.br\/?p=5617\"]}]},{\"@type\":\"ImageObject\",\"inLanguage\":\"pt-BR\",\"@id\":\"https:\/\/portalraizesnoticias.com.br\/?p=5617#primaryimage\",\"url\":\"https:\/\/portalraizesnoticias.com.br\/wp-content\/uploads\/2025\/03\/images-95.jpeg\",\"contentUrl\":\"https:\/\/portalraizesnoticias.com.br\/wp-content\/uploads\/2025\/03\/images-95.jpeg\",\"width\":678,\"height\":452},{\"@type\":\"BreadcrumbList\",\"@id\":\"https:\/\/portalraizesnoticias.com.br\/?p=5617#breadcrumb\",\"itemListElement\":[{\"@type\":\"ListItem\",\"position\":1,\"name\":\"In\u00edcio\",\"item\":\"https:\/\/portalraizesnoticias.com.br\/\"},{\"@type\":\"ListItem\",\"position\":2,\"name\":\"PM \u00e9 acionada ap\u00f3s padrasto supostamente agredir enteada no bairro Casas Populares em Concei\u00e7\u00e3o do Coit\u00e9; v\u00edtima tentava defender m\u00e3e\"}]},{\"@type\":\"WebSite\",\"@id\":\"https:\/\/portalraizesnoticias.com.br\/#website\",\"url\":\"https:\/\/portalraizesnoticias.com.br\/\",\"name\":\"Portal raizes NOTICIAS\",\"description\":\"site de noticias de concei\u00e7\u00e3o do coit\u00e9 e regi\u00e3o\",\"publisher\":{\"@id\":\"https:\/\/portalraizesnoticias.com.br\/#organization\"},\"alternateName\":\"PORTAL RAIZES COIT\u00c9\",\"potentialAction\":[{\"@type\":\"SearchAction\",\"target\":{\"@type\":\"EntryPoint\",\"urlTemplate\":\"https:\/\/portalraizesnoticias.com.br\/?s={search_term_string}\"},\"query-input\":{\"@type\":\"PropertyValueSpecification\",\"valueRequired\":true,\"valueName\":\"search_term_string\"}}],\"inLanguage\":\"pt-BR\"},{\"@type\":\"Organization\",\"@id\":\"https:\/\/portalraizesnoticias.com.br\/#organization\",\"name\":\"Portal raizes NOTICIAS\",\"url\":\"https:\/\/portalraizesnoticias.com.br\/\",\"logo\":{\"@type\":\"ImageObject\",\"inLanguage\":\"pt-BR\",\"@id\":\"https:\/\/portalraizesnoticias.com.br\/#\/schema\/logo\/image\/\",\"url\":\"https:\/\/portalraizesnoticias.com.br\/wp-content\/uploads\/2024\/09\/cropped-Captura-de-tela-2024-09-08-011108.png\",\"contentUrl\":\"https:\/\/portalraizesnoticias.com.br\/wp-content\/uploads\/2024\/09\/cropped-Captura-de-tela-2024-09-08-011108.png\",\"width\":606,\"height\":173,\"caption\":\"Portal raizes NOTICIAS\"},\"image\":{\"@id\":\"https:\/\/portalraizesnoticias.com.br\/#\/schema\/logo\/image\/\"}},{\"@type\":\"Person\",\"@id\":\"https:\/\/portalraizesnoticias.com.br\/#\/schema\/person\/a3ca6b0fc701e78df19756c417d943ae\",\"name\":\"Portal Raizes\",\"image\":{\"@type\":\"ImageObject\",\"inLanguage\":\"pt-BR\",\"@id\":\"https:\/\/portalraizesnoticias.com.br\/#\/schema\/person\/image\/\",\"url\":\"https:\/\/secure.gravatar.com\/avatar\/ef450d29013a3d3fba867a12a249d7b1?s=96&d=mm&r=g\",\"contentUrl\":\"https:\/\/secure.gravatar.com\/avatar\/ef450d29013a3d3fba867a12a249d7b1?s=96&d=mm&r=g\",\"caption\":\"Portal Raizes\"},\"url\":\"https:\/\/portalraizesnoticias.com.br\/?author=3\"}]}<\/script>\n<!-- \/ Yoast SEO plugin. -->","yoast_head_json":{"title":"PM \u00e9 acionada ap\u00f3s padrasto supostamente agredir enteada no bairro Casas Populares em Concei\u00e7\u00e3o do Coit\u00e9; v\u00edtima tentava defender m\u00e3e - Portal raizes noticias","robots":{"index":"index","follow":"follow","max-snippet":"max-snippet:-1","max-image-preview":"max-image-preview:large","max-video-preview":"max-video-preview:-1"},"canonical":"https:\/\/portalraizesnoticias.com.br\/?p=5617","og_locale":"pt_BR","og_type":"article","og_title":"PM \u00e9 acionada ap\u00f3s padrasto supostamente agredir enteada no bairro Casas Populares em Concei\u00e7\u00e3o do Coit\u00e9; v\u00edtima tentava defender m\u00e3e - Portal raizes noticias","og_description":"Por volta das 17h20 deste s\u00e1bado (06), um caso de les\u00e3o corporal,\u00a0no Conjunto Habitacional M\u00e1rio da Caixa, no bairro Casas Populares, em Concei\u00e7\u00e3o do Coit\u00e9, regi\u00e3o sisaleira. PUBLICIDADE Segundo informa\u00e7\u00f5es apuradas pelo Portal Ra\u00edzes, a guarni\u00e7\u00e3o foi acionada pelo CICOM a qual foram informados que um homem de 35 anos agrediu uma mulher de 25 anos. Ao chegar ao local, os policiais encontraram a v\u00edtima com um corte no superc\u00edlio esquerdo e sangrando. PUBLICIDADE Ela relatou que foi agredida pelo padrasto ap\u00f3s tentar separar uma briga entre ele e sua m\u00e3e. PUBLICIDADE O suspeito, que apresentava arranh\u00f5es, foi conduzido com a v\u00edtima ao hospital e posteriormente \u00e0 Delegacia de Riach\u00e3o. L\u00e1, a v\u00edtima mudou sua vers\u00e3o, afirmando que se machucou sozinha ao cair, e decidiu n\u00e3o representar contra o padrasto. Fonte: ASCOM do 16\u00ba BPM Foto: Ilustra\u00e7\u00e3o","og_url":"https:\/\/portalraizesnoticias.com.br\/?p=5617","og_site_name":"Portal raizes noticias","article_published_time":"2025-04-06T13:24:15+00:00","article_modified_time":"2025-04-06T13:24:16+00:00","og_image":[{"width":678,"height":452,"url":"https:\/\/portalraizesnoticias.com.br\/wp-content\/uploads\/2025\/03\/images-95.jpeg","type":"image\/jpeg"}],"author":"Portal Raizes","twitter_card":"summary_large_image","twitter_misc":{"Escrito por":"Portal Raizes","Est. tempo de leitura":"2 minutos"},"schema":{"@context":"https:\/\/schema.org","@graph":[{"@type":"Article","@id":"https:\/\/portalraizesnoticias.com.br\/?p=5617#article","isPartOf":{"@id":"https:\/\/portalraizesnoticias.com.br\/?p=5617"},"author":{"name":"Portal Raizes","@id":"https:\/\/portalraizesnoticias.com.br\/#\/schema\/person\/a3ca6b0fc701e78df19756c417d943ae"},"headline":"PM \u00e9 acionada ap\u00f3s padrasto supostamente agredir enteada no bairro Casas Populares em Concei\u00e7\u00e3o do Coit\u00e9; v\u00edtima tentava defender m\u00e3e","datePublished":"2025-04-06T13:24:15+00:00","dateModified":"2025-04-06T13:24:16+00:00","mainEntityOfPage":{"@id":"https:\/\/portalraizesnoticias.com.br\/?p=5617"},"wordCount":175,"commentCount":0,"publisher":{"@id":"https:\/\/portalraizesnoticias.com.br\/#organization"},"image":{"@id":"https:\/\/portalraizesnoticias.com.br\/?p=5617#primaryimage"},"thumbnailUrl":"https:\/\/portalraizesnoticias.com.br\/wp-content\/uploads\/2025\/03\/images-95.jpeg","keywords":["Agress\u00e3o","Padrasto","Pm"],"articleSection":["DESTAQUES","POLICIA","ULTIMAS NOTICIAS"],"inLanguage":"pt-BR","potentialAction":[{"@type":"CommentAction","name":"Comment","target":["https:\/\/portalraizesnoticias.com.br\/?p=5617#respond"]}]},{"@type":"WebPage","@id":"https:\/\/portalraizesnoticias.com.br\/?p=5617","url":"https:\/\/portalraizesnoticias.com.br\/?p=5617","name":"PM \u00e9 acionada ap\u00f3s padrasto supostamente agredir enteada no bairro Casas Populares em Concei\u00e7\u00e3o do Coit\u00e9; v\u00edtima tentava defender m\u00e3e - Portal raizes noticias","isPartOf":{"@id":"https:\/\/portalraizesnoticias.com.br\/#website"},"primaryImageOfPage":{"@id":"https:\/\/portalraizesnoticias.com.br\/?p=5617#primaryimage"},"image":{"@id":"https:\/\/portalraizesnoticias.com.br\/?p=5617#primaryimage"},"thumbnailUrl":"https:\/\/portalraizesnoticias.com.br\/wp-content\/uploads\/2025\/03\/images-95.jpeg","datePublished":"2025-04-06T13:24:15+00:00","dateModified":"2025-04-06T13:24:16+00:00","breadcrumb":{"@id":"https:\/\/portalraizesnoticias.com.br\/?p=5617#breadcrumb"},"inLanguage":"pt-BR","potentialAction":[{"@type":"ReadAction","target":["https:\/\/portalraizesnoticias.com.br\/?p=5617"]}]},{"@type":"ImageObject","inLanguage":"pt-BR","@id":"https:\/\/portalraizesnoticias.com.br\/?p=5617#primaryimage","url":"https:\/\/portalraizesnoticias.com.br\/wp-content\/uploads\/2025\/03\/images-95.jpeg","contentUrl":"https:\/\/portalraizesnoticias.com.br\/wp-content\/uploads\/2025\/03\/images-95.jpeg","width":678,"height":452},{"@type":"BreadcrumbList","@id":"https:\/\/portalraizesnoticias.com.br\/?p=5617#breadcrumb","itemListElement":[{"@type":"ListItem","position":1,"name":"In\u00edcio","item":"https:\/\/portalraizesnoticias.com.br\/"},{"@type":"ListItem","position":2,"name":"PM \u00e9 acionada ap\u00f3s padrasto supostamente agredir enteada no bairro Casas Populares em Concei\u00e7\u00e3o do Coit\u00e9; v\u00edtima tentava defender m\u00e3e"}]},{"@type":"WebSite","@id":"https:\/\/portalraizesnoticias.com.br\/#website","url":"https:\/\/portalraizesnoticias.com.br\/","name":"Portal raizes NOTICIAS","description":"site de noticias de concei\u00e7\u00e3o do coit\u00e9 e regi\u00e3o","publisher":{"@id":"https:\/\/portalraizesnoticias.com.br\/#organization"},"alternateName":"PORTAL RAIZES COIT\u00c9","potentialAction":[{"@type":"SearchAction","target":{"@type":"EntryPoint","urlTemplate":"https:\/\/portalraizesnoticias.com.br\/?s={search_term_string}"},"query-input":{"@type":"PropertyValueSpecification","valueRequired":true,"valueName":"search_term_string"}}],"inLanguage":"pt-BR"},{"@type":"Organization","@id":"https:\/\/portalraizesnoticias.com.br\/#organization","name":"Portal raizes NOTICIAS","url":"https:\/\/portalraizesnoticias.com.br\/","logo":{"@type":"ImageObject","inLanguage":"pt-BR","@id":"https:\/\/portalraizesnoticias.com.br\/#\/schema\/logo\/image\/","url":"https:\/\/portalraizesnoticias.com.br\/wp-content\/uploads\/2024\/09\/cropped-Captura-de-tela-2024-09-08-011108.png","contentUrl":"https:\/\/portalraizesnoticias.com.br\/wp-content\/uploads\/2024\/09\/cropped-Captura-de-tela-2024-09-08-011108.png","width":606,"height":173,"caption":"Portal raizes NOTICIAS"},"image":{"@id":"https:\/\/portalraizesnoticias.com.br\/#\/schema\/logo\/image\/"}},{"@type":"Person","@id":"https:\/\/portalraizesnoticias.com.br\/#\/schema\/person\/a3ca6b0fc701e78df19756c417d943ae","name":"Portal Raizes","image":{"@type":"ImageObject","inLanguage":"pt-BR","@id":"https:\/\/portalraizesnoticias.com.br\/#\/schema\/person\/image\/","url":"https:\/\/secure.gravatar.com\/avatar\/ef450d29013a3d3fba867a12a249d7b1?s=96&d=mm&r=g","contentUrl":"https:\/\/secure.gravatar.com\/avatar\/ef450d29013a3d3fba867a12a249d7b1?s=96&d=mm&r=g","caption":"Portal Raizes"},"url":"https:\/\/portalraizesnoticias.com.br\/?author=3"}]}},"_links":{"self":[{"href":"https:\/\/portalraizesnoticias.com.br\/index.php?rest_route=\/wp\/v2\/posts\/5617"}],"collection":[{"href":"https:\/\/portalraizesnoticias.com.br\/index.php?rest_route=\/wp\/v2\/posts"}],"about":[{"href":"https:\/\/portalraizesnoticias.com.br\/index.php?rest_route=\/wp\/v2\/types\/post"}],"author":[{"embeddable":true,"href":"https:\/\/portalraizesnoticias.com.br\/index.php?rest_route=\/wp\/v2\/users\/3"}],"replies":[{"embeddable":true,"href":"https:\/\/portalraizesnoticias.com.br\/index.php?rest_route=%2Fwp%2Fv2%2Fcomments&post=5617"}],"version-history":[{"count":1,"href":"https:\/\/portalraizesnoticias.com.br\/index.php?rest_route=\/wp\/v2\/posts\/5617\/revisions"}],"predecessor-version":[{"id":5618,"href":"https:\/\/portalraizesnoticias.com.br\/index.php?rest_route=\/wp\/v2\/posts\/5617\/revisions\/5618"}],"wp:featuredmedia":[{"embeddable":true,"href":"https:\/\/portalraizesnoticias.com.br\/index.php?rest_route=\/wp\/v2\/media\/5459"}],"wp:attachment":[{"href":"https:\/\/portalraizesnoticias.com.br\/index.php?rest_route=%2Fwp%2Fv2%2Fmedia&parent=5617"}],"wp:term":[{"taxonomy":"category","embeddable":true,"href":"https:\/\/portalraizesnoticias.com.br\/index.php?rest_route=%2Fwp%2Fv2%2Fcategories&post=5617"},{"taxonomy":"post_tag","embeddable":true,"href":"https:\/\/portalraizesnoticias.com.br\/index.php?rest_route=%2Fwp%2Fv2%2Ftags&post=5617"}],"curies":[{"name":"wp","href":"https:\/\/api.w.org\/{rel}","templated":true}]}}