{"id":5495,"date":"2025-03-26T17:51:58","date_gmt":"2025-03-26T20:51:58","guid":{"rendered":"https:\/\/portalraizesnoticias.com.br\/?p=5495"},"modified":"2025-03-26T18:16:59","modified_gmt":"2025-03-26T21:16:59","slug":"jovem-coiteense-morre-no-hgca-em-feira-de-santana-apos-acidente-de-transito-na-ba-120-pai-morreu-ha-6-meses-no-mesmo-trecho","status":"publish","type":"post","link":"https:\/\/portalraizesnoticias.com.br\/?p=5495","title":{"rendered":"Jovem coiteense morre no HGCA em Feira de Santana ap\u00f3s acidente de tr\u00e2nsito na BA-120; pai morreu h\u00e1 6 meses no mesmo trecho"},"content":{"rendered":"<p>Morreu na tarde desta quarta-feira, 26, no Hospital Geral Cleriston Andrade, em Feira de Santana, o jovem morador do Povoado Santa Rosa, munic\u00edpio de Concei\u00e7\u00e3o do Coit\u00e9, Domilton Ramos Santos filho, conhecido por \u201cResed\u00e1\u201d, Ele estava internado desde o inicio da madrugada de segunda-feira, 24, ap\u00f3s sofrer grav\u00edssimo acidente de moto na noite de domingo, 23, na BA 120, trecho que liga Retirol\u00e2ndia a Valente, mais precisamente nas proximidades do Povoado Lagoa do Canto, distante 3 km de Retiro.<\/p>\n<p>O jovem foi encontrado ferido e desacordado, ap\u00f3s ter sido atingido por um carro que n\u00e3o foi identificado. O mesmo foi levado para o Hospital de Retirol\u00e2ndia. Na ocasi\u00e3o ningu\u00e9m conseguiu identifica-lo e as pessoas passaram a divulgar fotos e \u00e1udio com as caracter\u00edsticas f\u00edsicas dele, tatuagens, da moto e da placa do ve\u00edculo, at\u00e9 chegar aos familiares residentes em Santa Rosa, distante cerca de 10 km.<\/p>\n<p><strong>Pai morreu h\u00e1 seis meses no mesmo trecho tamb\u00e9m v\u00edtima de acidente de moto.<\/strong><\/p>\n<p>Segundo o site Calila Noticias apurou, o pai de \u2018Resed\u00e1\u2019 tamb\u00e9m perdeu a vida em acidente de moto no mesmo trecho da BA 120, no dia 20 de outubro de 2024, ou seja, h\u00e1 cinco meses.<\/p>\n<p>Informa\u00e7\u00f5es Calila Noticias<\/p>\n","protected":false},"excerpt":{"rendered":"<p>Morreu na tarde desta quarta-feira, 26, no Hospital Geral Cleriston Andrade, em Feira de Santana, o jovem morador do Povoado Santa Rosa, munic\u00edpio de Concei\u00e7\u00e3o do Coit\u00e9, Domilton Ramos Santos filho, conhecido por \u201cResed\u00e1\u201d, Ele estava internado desde o inicio da madrugada de segunda-feira, 24, ap\u00f3s sofrer grav\u00edssimo acidente de moto na noite de domingo, 23, na BA 120, trecho que liga Retirol\u00e2ndia a Valente, mais precisamente nas proximidades do Povoado Lagoa do Canto, distante 3 km de Retiro. O jovem foi encontrado ferido e desacordado, ap\u00f3s ter sido atingido por um carro que n\u00e3o foi identificado. O mesmo foi levado para o Hospital de Retirol\u00e2ndia. Na ocasi\u00e3o ningu\u00e9m conseguiu identifica-lo e as pessoas passaram a divulgar fotos e \u00e1udio com as caracter\u00edsticas f\u00edsicas dele, tatuagens, da moto e da placa do ve\u00edculo, at\u00e9 chegar aos familiares residentes em Santa Rosa, distante cerca de 10 km. Pai morreu h\u00e1 seis meses no mesmo trecho tamb\u00e9m v\u00edtima de acidente de moto. Segundo o site Calila Noticias apurou, o pai de \u2018Resed\u00e1\u2019 tamb\u00e9m perdeu a vida em acidente de moto no mesmo trecho da BA 120, no dia 20 de outubro de 2024, ou seja, h\u00e1 cinco meses. Informa\u00e7\u00f5es Calila Noticias<\/p>\n","protected":false},"author":3,"featured_media":5496,"comment_status":"open","ping_status":"open","sticky":false,"template":"","format":"standard","meta":{"_joinchat":[],"footnotes":""},"categories":[58,55,59],"tags":[76,163,917],"class_list":["post-5495","post","type-post","status-publish","format-standard","has-post-thumbnail","hentry","category-acidentes","category-destaques","category-ultimas-noticias","tag-jovem","tag-morre","tag-santa-rosa"],"yoast_head":"<!-- This site is optimized with the Yoast SEO plugin v24.4 - https:\/\/yoast.com\/wordpress\/plugins\/seo\/ -->\n<title>Jovem coiteense morre no HGCA em Feira de Santana ap\u00f3s acidente de tr\u00e2nsito na BA-120; pai morreu h\u00e1 6 meses no mesmo trecho - Portal raizes noticias<\/title>\n<meta name=\"robots\" content=\"index, follow, max-snippet:-1, max-image-preview:large, max-video-preview:-1\" \/>\n<link rel=\"canonical\" href=\"https:\/\/portalraizesnoticias.com.br\/?p=5495\" \/>\n<meta property=\"og:locale\" content=\"pt_BR\" \/>\n<meta property=\"og:type\" content=\"article\" \/>\n<meta property=\"og:title\" content=\"Jovem coiteense morre no HGCA em Feira de Santana ap\u00f3s acidente de tr\u00e2nsito na BA-120; pai morreu h\u00e1 6 meses no mesmo trecho - Portal raizes noticias\" \/>\n<meta property=\"og:description\" content=\"Morreu na tarde desta quarta-feira, 26, no Hospital Geral Cleriston Andrade, em Feira de Santana, o jovem morador do Povoado Santa Rosa, munic\u00edpio de Concei\u00e7\u00e3o do Coit\u00e9, Domilton Ramos Santos filho, conhecido por \u201cResed\u00e1\u201d, Ele estava internado desde o inicio da madrugada de segunda-feira, 24, ap\u00f3s sofrer grav\u00edssimo acidente de moto na noite de domingo, 23, na BA 120, trecho que liga Retirol\u00e2ndia a Valente, mais precisamente nas proximidades do Povoado Lagoa do Canto, distante 3 km de Retiro. O jovem foi encontrado ferido e desacordado, ap\u00f3s ter sido atingido por um carro que n\u00e3o foi identificado. O mesmo foi levado para o Hospital de Retirol\u00e2ndia. Na ocasi\u00e3o ningu\u00e9m conseguiu identifica-lo e as pessoas passaram a divulgar fotos e \u00e1udio com as caracter\u00edsticas f\u00edsicas dele, tatuagens, da moto e da placa do ve\u00edculo, at\u00e9 chegar aos familiares residentes em Santa Rosa, distante cerca de 10 km. Pai morreu h\u00e1 seis meses no mesmo trecho tamb\u00e9m v\u00edtima de acidente de moto. Segundo o site Calila Noticias apurou, o pai de \u2018Resed\u00e1\u2019 tamb\u00e9m perdeu a vida em acidente de moto no mesmo trecho da BA 120, no dia 20 de outubro de 2024, ou seja, h\u00e1 cinco meses. Informa\u00e7\u00f5es Calila Noticias\" \/>\n<meta property=\"og:url\" content=\"https:\/\/portalraizesnoticias.com.br\/?p=5495\" \/>\n<meta property=\"og:site_name\" content=\"Portal raizes noticias\" \/>\n<meta property=\"article:published_time\" content=\"2025-03-26T20:51:58+00:00\" \/>\n<meta property=\"article:modified_time\" content=\"2025-03-26T21:16:59+00:00\" \/>\n<meta property=\"og:image\" content=\"https:\/\/portalraizesnoticias.com.br\/wp-content\/uploads\/2025\/03\/WhatsApp-Image-2025-03-26-at-15.36.52-2.jpeg\" \/>\n\t<meta property=\"og:image:width\" content=\"700\" \/>\n\t<meta property=\"og:image:height\" content=\"471\" \/>\n\t<meta property=\"og:image:type\" content=\"image\/jpeg\" \/>\n<meta name=\"author\" content=\"Portal Raizes\" \/>\n<meta name=\"twitter:card\" content=\"summary_large_image\" \/>\n<meta name=\"twitter:label1\" content=\"Escrito por\" \/>\n\t<meta name=\"twitter:data1\" content=\"Portal Raizes\" \/>\n\t<meta name=\"twitter:label2\" content=\"Est. tempo de leitura\" \/>\n\t<meta name=\"twitter:data2\" content=\"2 minutos\" \/>\n<script type=\"application\/ld+json\" class=\"yoast-schema-graph\">{\"@context\":\"https:\/\/schema.org\",\"@graph\":[{\"@type\":\"Article\",\"@id\":\"https:\/\/portalraizesnoticias.com.br\/?p=5495#article\",\"isPartOf\":{\"@id\":\"https:\/\/portalraizesnoticias.com.br\/?p=5495\"},\"author\":{\"name\":\"Portal Raizes\",\"@id\":\"https:\/\/portalraizesnoticias.com.br\/#\/schema\/person\/a3ca6b0fc701e78df19756c417d943ae\"},\"headline\":\"Jovem coiteense morre no HGCA em Feira de Santana ap\u00f3s acidente de tr\u00e2nsito na BA-120; pai morreu h\u00e1 6 meses no mesmo trecho\",\"datePublished\":\"2025-03-26T20:51:58+00:00\",\"dateModified\":\"2025-03-26T21:16:59+00:00\",\"mainEntityOfPage\":{\"@id\":\"https:\/\/portalraizesnoticias.com.br\/?p=5495\"},\"wordCount\":231,\"commentCount\":0,\"publisher\":{\"@id\":\"https:\/\/portalraizesnoticias.com.br\/#organization\"},\"image\":{\"@id\":\"https:\/\/portalraizesnoticias.com.br\/?p=5495#primaryimage\"},\"thumbnailUrl\":\"https:\/\/portalraizesnoticias.com.br\/wp-content\/uploads\/2025\/03\/WhatsApp-Image-2025-03-26-at-15.36.52-2.jpeg\",\"keywords\":[\"Jovem\",\"Morre\",\"Santa rosa\"],\"articleSection\":[\"ACIDENTES\",\"DESTAQUES\",\"ULTIMAS NOTICIAS\"],\"inLanguage\":\"pt-BR\",\"potentialAction\":[{\"@type\":\"CommentAction\",\"name\":\"Comment\",\"target\":[\"https:\/\/portalraizesnoticias.com.br\/?p=5495#respond\"]}]},{\"@type\":\"WebPage\",\"@id\":\"https:\/\/portalraizesnoticias.com.br\/?p=5495\",\"url\":\"https:\/\/portalraizesnoticias.com.br\/?p=5495\",\"name\":\"Jovem coiteense morre no HGCA em Feira de Santana ap\u00f3s acidente de tr\u00e2nsito na BA-120; pai morreu h\u00e1 6 meses no mesmo trecho - Portal raizes noticias\",\"isPartOf\":{\"@id\":\"https:\/\/portalraizesnoticias.com.br\/#website\"},\"primaryImageOfPage\":{\"@id\":\"https:\/\/portalraizesnoticias.com.br\/?p=5495#primaryimage\"},\"image\":{\"@id\":\"https:\/\/portalraizesnoticias.com.br\/?p=5495#primaryimage\"},\"thumbnailUrl\":\"https:\/\/portalraizesnoticias.com.br\/wp-content\/uploads\/2025\/03\/WhatsApp-Image-2025-03-26-at-15.36.52-2.jpeg\",\"datePublished\":\"2025-03-26T20:51:58+00:00\",\"dateModified\":\"2025-03-26T21:16:59+00:00\",\"breadcrumb\":{\"@id\":\"https:\/\/portalraizesnoticias.com.br\/?p=5495#breadcrumb\"},\"inLanguage\":\"pt-BR\",\"potentialAction\":[{\"@type\":\"ReadAction\",\"target\":[\"https:\/\/portalraizesnoticias.com.br\/?p=5495\"]}]},{\"@type\":\"ImageObject\",\"inLanguage\":\"pt-BR\",\"@id\":\"https:\/\/portalraizesnoticias.com.br\/?p=5495#primaryimage\",\"url\":\"https:\/\/portalraizesnoticias.com.br\/wp-content\/uploads\/2025\/03\/WhatsApp-Image-2025-03-26-at-15.36.52-2.jpeg\",\"contentUrl\":\"https:\/\/portalraizesnoticias.com.br\/wp-content\/uploads\/2025\/03\/WhatsApp-Image-2025-03-26-at-15.36.52-2.jpeg\",\"width\":700,\"height\":471},{\"@type\":\"BreadcrumbList\",\"@id\":\"https:\/\/portalraizesnoticias.com.br\/?p=5495#breadcrumb\",\"itemListElement\":[{\"@type\":\"ListItem\",\"position\":1,\"name\":\"In\u00edcio\",\"item\":\"https:\/\/portalraizesnoticias.com.br\/\"},{\"@type\":\"ListItem\",\"position\":2,\"name\":\"Jovem coiteense morre no HGCA em Feira de Santana ap\u00f3s acidente de tr\u00e2nsito na BA-120; pai morreu h\u00e1 6 meses no mesmo trecho\"}]},{\"@type\":\"WebSite\",\"@id\":\"https:\/\/portalraizesnoticias.com.br\/#website\",\"url\":\"https:\/\/portalraizesnoticias.com.br\/\",\"name\":\"Portal raizes NOTICIAS\",\"description\":\"site de noticias de concei\u00e7\u00e3o do coit\u00e9 e regi\u00e3o\",\"publisher\":{\"@id\":\"https:\/\/portalraizesnoticias.com.br\/#organization\"},\"alternateName\":\"PORTAL RAIZES COIT\u00c9\",\"potentialAction\":[{\"@type\":\"SearchAction\",\"target\":{\"@type\":\"EntryPoint\",\"urlTemplate\":\"https:\/\/portalraizesnoticias.com.br\/?s={search_term_string}\"},\"query-input\":{\"@type\":\"PropertyValueSpecification\",\"valueRequired\":true,\"valueName\":\"search_term_string\"}}],\"inLanguage\":\"pt-BR\"},{\"@type\":\"Organization\",\"@id\":\"https:\/\/portalraizesnoticias.com.br\/#organization\",\"name\":\"Portal raizes NOTICIAS\",\"url\":\"https:\/\/portalraizesnoticias.com.br\/\",\"logo\":{\"@type\":\"ImageObject\",\"inLanguage\":\"pt-BR\",\"@id\":\"https:\/\/portalraizesnoticias.com.br\/#\/schema\/logo\/image\/\",\"url\":\"https:\/\/portalraizesnoticias.com.br\/wp-content\/uploads\/2024\/09\/cropped-Captura-de-tela-2024-09-08-011108.png\",\"contentUrl\":\"https:\/\/portalraizesnoticias.com.br\/wp-content\/uploads\/2024\/09\/cropped-Captura-de-tela-2024-09-08-011108.png\",\"width\":606,\"height\":173,\"caption\":\"Portal raizes NOTICIAS\"},\"image\":{\"@id\":\"https:\/\/portalraizesnoticias.com.br\/#\/schema\/logo\/image\/\"}},{\"@type\":\"Person\",\"@id\":\"https:\/\/portalraizesnoticias.com.br\/#\/schema\/person\/a3ca6b0fc701e78df19756c417d943ae\",\"name\":\"Portal Raizes\",\"image\":{\"@type\":\"ImageObject\",\"inLanguage\":\"pt-BR\",\"@id\":\"https:\/\/portalraizesnoticias.com.br\/#\/schema\/person\/image\/\",\"url\":\"https:\/\/secure.gravatar.com\/avatar\/ef450d29013a3d3fba867a12a249d7b1?s=96&d=mm&r=g\",\"contentUrl\":\"https:\/\/secure.gravatar.com\/avatar\/ef450d29013a3d3fba867a12a249d7b1?s=96&d=mm&r=g\",\"caption\":\"Portal Raizes\"},\"url\":\"https:\/\/portalraizesnoticias.com.br\/?author=3\"}]}<\/script>\n<!-- \/ Yoast SEO plugin. -->","yoast_head_json":{"title":"Jovem coiteense morre no HGCA em Feira de Santana ap\u00f3s acidente de tr\u00e2nsito na BA-120; pai morreu h\u00e1 6 meses no mesmo trecho - Portal raizes noticias","robots":{"index":"index","follow":"follow","max-snippet":"max-snippet:-1","max-image-preview":"max-image-preview:large","max-video-preview":"max-video-preview:-1"},"canonical":"https:\/\/portalraizesnoticias.com.br\/?p=5495","og_locale":"pt_BR","og_type":"article","og_title":"Jovem coiteense morre no HGCA em Feira de Santana ap\u00f3s acidente de tr\u00e2nsito na BA-120; pai morreu h\u00e1 6 meses no mesmo trecho - Portal raizes noticias","og_description":"Morreu na tarde desta quarta-feira, 26, no Hospital Geral Cleriston Andrade, em Feira de Santana, o jovem morador do Povoado Santa Rosa, munic\u00edpio de Concei\u00e7\u00e3o do Coit\u00e9, Domilton Ramos Santos filho, conhecido por \u201cResed\u00e1\u201d, Ele estava internado desde o inicio da madrugada de segunda-feira, 24, ap\u00f3s sofrer grav\u00edssimo acidente de moto na noite de domingo, 23, na BA 120, trecho que liga Retirol\u00e2ndia a Valente, mais precisamente nas proximidades do Povoado Lagoa do Canto, distante 3 km de Retiro. O jovem foi encontrado ferido e desacordado, ap\u00f3s ter sido atingido por um carro que n\u00e3o foi identificado. O mesmo foi levado para o Hospital de Retirol\u00e2ndia. Na ocasi\u00e3o ningu\u00e9m conseguiu identifica-lo e as pessoas passaram a divulgar fotos e \u00e1udio com as caracter\u00edsticas f\u00edsicas dele, tatuagens, da moto e da placa do ve\u00edculo, at\u00e9 chegar aos familiares residentes em Santa Rosa, distante cerca de 10 km. Pai morreu h\u00e1 seis meses no mesmo trecho tamb\u00e9m v\u00edtima de acidente de moto. Segundo o site Calila Noticias apurou, o pai de \u2018Resed\u00e1\u2019 tamb\u00e9m perdeu a vida em acidente de moto no mesmo trecho da BA 120, no dia 20 de outubro de 2024, ou seja, h\u00e1 cinco meses. Informa\u00e7\u00f5es Calila Noticias","og_url":"https:\/\/portalraizesnoticias.com.br\/?p=5495","og_site_name":"Portal raizes noticias","article_published_time":"2025-03-26T20:51:58+00:00","article_modified_time":"2025-03-26T21:16:59+00:00","og_image":[{"width":700,"height":471,"url":"https:\/\/portalraizesnoticias.com.br\/wp-content\/uploads\/2025\/03\/WhatsApp-Image-2025-03-26-at-15.36.52-2.jpeg","type":"image\/jpeg"}],"author":"Portal Raizes","twitter_card":"summary_large_image","twitter_misc":{"Escrito por":"Portal Raizes","Est. tempo de leitura":"2 minutos"},"schema":{"@context":"https:\/\/schema.org","@graph":[{"@type":"Article","@id":"https:\/\/portalraizesnoticias.com.br\/?p=5495#article","isPartOf":{"@id":"https:\/\/portalraizesnoticias.com.br\/?p=5495"},"author":{"name":"Portal Raizes","@id":"https:\/\/portalraizesnoticias.com.br\/#\/schema\/person\/a3ca6b0fc701e78df19756c417d943ae"},"headline":"Jovem coiteense morre no HGCA em Feira de Santana ap\u00f3s acidente de tr\u00e2nsito na BA-120; pai morreu h\u00e1 6 meses no mesmo trecho","datePublished":"2025-03-26T20:51:58+00:00","dateModified":"2025-03-26T21:16:59+00:00","mainEntityOfPage":{"@id":"https:\/\/portalraizesnoticias.com.br\/?p=5495"},"wordCount":231,"commentCount":0,"publisher":{"@id":"https:\/\/portalraizesnoticias.com.br\/#organization"},"image":{"@id":"https:\/\/portalraizesnoticias.com.br\/?p=5495#primaryimage"},"thumbnailUrl":"https:\/\/portalraizesnoticias.com.br\/wp-content\/uploads\/2025\/03\/WhatsApp-Image-2025-03-26-at-15.36.52-2.jpeg","keywords":["Jovem","Morre","Santa rosa"],"articleSection":["ACIDENTES","DESTAQUES","ULTIMAS NOTICIAS"],"inLanguage":"pt-BR","potentialAction":[{"@type":"CommentAction","name":"Comment","target":["https:\/\/portalraizesnoticias.com.br\/?p=5495#respond"]}]},{"@type":"WebPage","@id":"https:\/\/portalraizesnoticias.com.br\/?p=5495","url":"https:\/\/portalraizesnoticias.com.br\/?p=5495","name":"Jovem coiteense morre no HGCA em Feira de Santana ap\u00f3s acidente de tr\u00e2nsito na BA-120; pai morreu h\u00e1 6 meses no mesmo trecho - Portal raizes noticias","isPartOf":{"@id":"https:\/\/portalraizesnoticias.com.br\/#website"},"primaryImageOfPage":{"@id":"https:\/\/portalraizesnoticias.com.br\/?p=5495#primaryimage"},"image":{"@id":"https:\/\/portalraizesnoticias.com.br\/?p=5495#primaryimage"},"thumbnailUrl":"https:\/\/portalraizesnoticias.com.br\/wp-content\/uploads\/2025\/03\/WhatsApp-Image-2025-03-26-at-15.36.52-2.jpeg","datePublished":"2025-03-26T20:51:58+00:00","dateModified":"2025-03-26T21:16:59+00:00","breadcrumb":{"@id":"https:\/\/portalraizesnoticias.com.br\/?p=5495#breadcrumb"},"inLanguage":"pt-BR","potentialAction":[{"@type":"ReadAction","target":["https:\/\/portalraizesnoticias.com.br\/?p=5495"]}]},{"@type":"ImageObject","inLanguage":"pt-BR","@id":"https:\/\/portalraizesnoticias.com.br\/?p=5495#primaryimage","url":"https:\/\/portalraizesnoticias.com.br\/wp-content\/uploads\/2025\/03\/WhatsApp-Image-2025-03-26-at-15.36.52-2.jpeg","contentUrl":"https:\/\/portalraizesnoticias.com.br\/wp-content\/uploads\/2025\/03\/WhatsApp-Image-2025-03-26-at-15.36.52-2.jpeg","width":700,"height":471},{"@type":"BreadcrumbList","@id":"https:\/\/portalraizesnoticias.com.br\/?p=5495#breadcrumb","itemListElement":[{"@type":"ListItem","position":1,"name":"In\u00edcio","item":"https:\/\/portalraizesnoticias.com.br\/"},{"@type":"ListItem","position":2,"name":"Jovem coiteense morre no HGCA em Feira de Santana ap\u00f3s acidente de tr\u00e2nsito na BA-120; pai morreu h\u00e1 6 meses no mesmo trecho"}]},{"@type":"WebSite","@id":"https:\/\/portalraizesnoticias.com.br\/#website","url":"https:\/\/portalraizesnoticias.com.br\/","name":"Portal raizes NOTICIAS","description":"site de noticias de concei\u00e7\u00e3o do coit\u00e9 e regi\u00e3o","publisher":{"@id":"https:\/\/portalraizesnoticias.com.br\/#organization"},"alternateName":"PORTAL RAIZES COIT\u00c9","potentialAction":[{"@type":"SearchAction","target":{"@type":"EntryPoint","urlTemplate":"https:\/\/portalraizesnoticias.com.br\/?s={search_term_string}"},"query-input":{"@type":"PropertyValueSpecification","valueRequired":true,"valueName":"search_term_string"}}],"inLanguage":"pt-BR"},{"@type":"Organization","@id":"https:\/\/portalraizesnoticias.com.br\/#organization","name":"Portal raizes NOTICIAS","url":"https:\/\/portalraizesnoticias.com.br\/","logo":{"@type":"ImageObject","inLanguage":"pt-BR","@id":"https:\/\/portalraizesnoticias.com.br\/#\/schema\/logo\/image\/","url":"https:\/\/portalraizesnoticias.com.br\/wp-content\/uploads\/2024\/09\/cropped-Captura-de-tela-2024-09-08-011108.png","contentUrl":"https:\/\/portalraizesnoticias.com.br\/wp-content\/uploads\/2024\/09\/cropped-Captura-de-tela-2024-09-08-011108.png","width":606,"height":173,"caption":"Portal raizes NOTICIAS"},"image":{"@id":"https:\/\/portalraizesnoticias.com.br\/#\/schema\/logo\/image\/"}},{"@type":"Person","@id":"https:\/\/portalraizesnoticias.com.br\/#\/schema\/person\/a3ca6b0fc701e78df19756c417d943ae","name":"Portal Raizes","image":{"@type":"ImageObject","inLanguage":"pt-BR","@id":"https:\/\/portalraizesnoticias.com.br\/#\/schema\/person\/image\/","url":"https:\/\/secure.gravatar.com\/avatar\/ef450d29013a3d3fba867a12a249d7b1?s=96&d=mm&r=g","contentUrl":"https:\/\/secure.gravatar.com\/avatar\/ef450d29013a3d3fba867a12a249d7b1?s=96&d=mm&r=g","caption":"Portal Raizes"},"url":"https:\/\/portalraizesnoticias.com.br\/?author=3"}]}},"_links":{"self":[{"href":"https:\/\/portalraizesnoticias.com.br\/index.php?rest_route=\/wp\/v2\/posts\/5495"}],"collection":[{"href":"https:\/\/portalraizesnoticias.com.br\/index.php?rest_route=\/wp\/v2\/posts"}],"about":[{"href":"https:\/\/portalraizesnoticias.com.br\/index.php?rest_route=\/wp\/v2\/types\/post"}],"author":[{"embeddable":true,"href":"https:\/\/portalraizesnoticias.com.br\/index.php?rest_route=\/wp\/v2\/users\/3"}],"replies":[{"embeddable":true,"href":"https:\/\/portalraizesnoticias.com.br\/index.php?rest_route=%2Fwp%2Fv2%2Fcomments&post=5495"}],"version-history":[{"count":1,"href":"https:\/\/portalraizesnoticias.com.br\/index.php?rest_route=\/wp\/v2\/posts\/5495\/revisions"}],"predecessor-version":[{"id":5497,"href":"https:\/\/portalraizesnoticias.com.br\/index.php?rest_route=\/wp\/v2\/posts\/5495\/revisions\/5497"}],"wp:featuredmedia":[{"embeddable":true,"href":"https:\/\/portalraizesnoticias.com.br\/index.php?rest_route=\/wp\/v2\/media\/5496"}],"wp:attachment":[{"href":"https:\/\/portalraizesnoticias.com.br\/index.php?rest_route=%2Fwp%2Fv2%2Fmedia&parent=5495"}],"wp:term":[{"taxonomy":"category","embeddable":true,"href":"https:\/\/portalraizesnoticias.com.br\/index.php?rest_route=%2Fwp%2Fv2%2Fcategories&post=5495"},{"taxonomy":"post_tag","embeddable":true,"href":"https:\/\/portalraizesnoticias.com.br\/index.php?rest_route=%2Fwp%2Fv2%2Ftags&post=5495"}],"curies":[{"name":"wp","href":"https:\/\/api.w.org\/{rel}","templated":true}]}}