{"id":5491,"date":"2025-03-25T22:36:05","date_gmt":"2025-03-26T01:36:05","guid":{"rendered":"https:\/\/portalraizesnoticias.com.br\/?p=5491"},"modified":"2025-03-25T22:39:48","modified_gmt":"2025-03-26T01:39:48","slug":"carro-utilizado-em-roubo-com-sequestro-em-riachao-do-jacuipe-e-interceptado-em-feira-de-santana-homem-foi-preso","status":"publish","type":"post","link":"https:\/\/portalraizesnoticias.com.br\/?p=5491","title":{"rendered":"Carro utilizado em roubo com sequestro em Riach\u00e3o do Jacu\u00edpe \u00e9 interceptado em Feira de Santana; homem foi preso"},"content":{"rendered":"<p>Policiais Militares 64\u00aa CIPM receberam. Informa\u00e7\u00f5es do CICOM sobre um ve\u00edculo HB20 branco, <a href=\"https:\/\/portalraizesnoticias.com.br\/familia-e-sequestrada-em-riachao-do-jacuipe-e-liberados-duas-horas-depois-criminosos-levaram-carro\/\">suspeito de ter sido utilizado em um roubo com sequestro na cidade de Riach\u00e3o de Jacu\u00edpe, ocorrido na manh\u00e3 desta ter\u00e7a-feira (25).<\/a><\/p>\n<p>O autom\u00f3vel estaria trafegando em Feira de Santana.<\/p>\n<p>Em dilig\u00eancias, a guarni\u00e7\u00e3o conseguiu interceptar o carro na Rua Bar\u00e3o de Cotegipe, onde o autor foi abordado. Durante a revista, foram encontradas duas placas frias no interior do carro. O condutor foi apresentado na Central de Flagrantes.<\/p>\n<p>O carro foi encaminhado ao Complexo Policial do Jomafa.<\/p>\n<p>ASCOM 64\u00aa CIPM<\/p>\n<p>Foto: Ilustra\u00e7\u00e3o<\/p>\n","protected":false},"excerpt":{"rendered":"<p>Policiais Militares 64\u00aa CIPM receberam. Informa\u00e7\u00f5es do CICOM sobre um ve\u00edculo HB20 branco, suspeito de ter sido utilizado em um roubo com sequestro na cidade de Riach\u00e3o de Jacu\u00edpe, ocorrido na manh\u00e3 desta ter\u00e7a-feira (25). O autom\u00f3vel estaria trafegando em Feira de Santana. Em dilig\u00eancias, a guarni\u00e7\u00e3o conseguiu interceptar o carro na Rua Bar\u00e3o de Cotegipe, onde o autor foi abordado. Durante a revista, foram encontradas duas placas frias no interior do carro. O condutor foi apresentado na Central de Flagrantes. O carro foi encaminhado ao Complexo Policial do Jomafa. ASCOM 64\u00aa CIPM Foto: Ilustra\u00e7\u00e3o<\/p>\n","protected":false},"author":3,"featured_media":5492,"comment_status":"open","ping_status":"open","sticky":false,"template":"","format":"standard","meta":{"_joinchat":[],"footnotes":""},"categories":[55,67,59],"tags":[335,471,292],"class_list":["post-5491","post","type-post","status-publish","format-standard","has-post-thumbnail","hentry","category-destaques","category-policia","category-ultimas-noticias","tag-carro","tag-riachao","tag-roubo"],"yoast_head":"<!-- This site is optimized with the Yoast SEO plugin v24.4 - https:\/\/yoast.com\/wordpress\/plugins\/seo\/ -->\n<title>Carro utilizado em roubo com sequestro em Riach\u00e3o do Jacu\u00edpe \u00e9 interceptado em Feira de Santana; homem foi preso - Portal raizes noticias<\/title>\n<meta name=\"robots\" content=\"index, follow, max-snippet:-1, max-image-preview:large, max-video-preview:-1\" \/>\n<link rel=\"canonical\" href=\"https:\/\/portalraizesnoticias.com.br\/?p=5491\" \/>\n<meta property=\"og:locale\" content=\"pt_BR\" \/>\n<meta property=\"og:type\" content=\"article\" \/>\n<meta property=\"og:title\" content=\"Carro utilizado em roubo com sequestro em Riach\u00e3o do Jacu\u00edpe \u00e9 interceptado em Feira de Santana; homem foi preso - Portal raizes noticias\" \/>\n<meta property=\"og:description\" content=\"Policiais Militares 64\u00aa CIPM receberam. Informa\u00e7\u00f5es do CICOM sobre um ve\u00edculo HB20 branco, suspeito de ter sido utilizado em um roubo com sequestro na cidade de Riach\u00e3o de Jacu\u00edpe, ocorrido na manh\u00e3 desta ter\u00e7a-feira (25). O autom\u00f3vel estaria trafegando em Feira de Santana. Em dilig\u00eancias, a guarni\u00e7\u00e3o conseguiu interceptar o carro na Rua Bar\u00e3o de Cotegipe, onde o autor foi abordado. Durante a revista, foram encontradas duas placas frias no interior do carro. O condutor foi apresentado na Central de Flagrantes. O carro foi encaminhado ao Complexo Policial do Jomafa. ASCOM 64\u00aa CIPM Foto: Ilustra\u00e7\u00e3o\" \/>\n<meta property=\"og:url\" content=\"https:\/\/portalraizesnoticias.com.br\/?p=5491\" \/>\n<meta property=\"og:site_name\" content=\"Portal raizes noticias\" \/>\n<meta property=\"article:published_time\" content=\"2025-03-26T01:36:05+00:00\" \/>\n<meta property=\"article:modified_time\" content=\"2025-03-26T01:39:48+00:00\" \/>\n<meta property=\"og:image\" content=\"https:\/\/portalraizesnoticias.com.br\/wp-content\/uploads\/2025\/03\/images-2025-03-25T223202.117.jpeg\" \/>\n\t<meta property=\"og:image:width\" content=\"700\" \/>\n\t<meta property=\"og:image:height\" content=\"438\" \/>\n\t<meta property=\"og:image:type\" content=\"image\/jpeg\" \/>\n<meta name=\"author\" content=\"Portal Raizes\" \/>\n<meta name=\"twitter:card\" content=\"summary_large_image\" \/>\n<meta name=\"twitter:label1\" content=\"Escrito por\" \/>\n\t<meta name=\"twitter:data1\" content=\"Portal Raizes\" \/>\n\t<meta name=\"twitter:label2\" content=\"Est. tempo de leitura\" \/>\n\t<meta name=\"twitter:data2\" content=\"1 minuto\" \/>\n<script type=\"application\/ld+json\" class=\"yoast-schema-graph\">{\"@context\":\"https:\/\/schema.org\",\"@graph\":[{\"@type\":\"Article\",\"@id\":\"https:\/\/portalraizesnoticias.com.br\/?p=5491#article\",\"isPartOf\":{\"@id\":\"https:\/\/portalraizesnoticias.com.br\/?p=5491\"},\"author\":{\"name\":\"Portal Raizes\",\"@id\":\"https:\/\/portalraizesnoticias.com.br\/#\/schema\/person\/a3ca6b0fc701e78df19756c417d943ae\"},\"headline\":\"Carro utilizado em roubo com sequestro em Riach\u00e3o do Jacu\u00edpe \u00e9 interceptado em Feira de Santana; homem foi preso\",\"datePublished\":\"2025-03-26T01:36:05+00:00\",\"dateModified\":\"2025-03-26T01:39:48+00:00\",\"mainEntityOfPage\":{\"@id\":\"https:\/\/portalraizesnoticias.com.br\/?p=5491\"},\"wordCount\":122,\"commentCount\":0,\"publisher\":{\"@id\":\"https:\/\/portalraizesnoticias.com.br\/#organization\"},\"image\":{\"@id\":\"https:\/\/portalraizesnoticias.com.br\/?p=5491#primaryimage\"},\"thumbnailUrl\":\"https:\/\/portalraizesnoticias.com.br\/wp-content\/uploads\/2025\/03\/images-2025-03-25T223202.117.jpeg\",\"keywords\":[\"Carro\",\"Riach\u00e3o\",\"Roubo\"],\"articleSection\":[\"DESTAQUES\",\"POLICIA\",\"ULTIMAS NOTICIAS\"],\"inLanguage\":\"pt-BR\",\"potentialAction\":[{\"@type\":\"CommentAction\",\"name\":\"Comment\",\"target\":[\"https:\/\/portalraizesnoticias.com.br\/?p=5491#respond\"]}]},{\"@type\":\"WebPage\",\"@id\":\"https:\/\/portalraizesnoticias.com.br\/?p=5491\",\"url\":\"https:\/\/portalraizesnoticias.com.br\/?p=5491\",\"name\":\"Carro utilizado em roubo com sequestro em Riach\u00e3o do Jacu\u00edpe \u00e9 interceptado em Feira de Santana; homem foi preso - Portal raizes noticias\",\"isPartOf\":{\"@id\":\"https:\/\/portalraizesnoticias.com.br\/#website\"},\"primaryImageOfPage\":{\"@id\":\"https:\/\/portalraizesnoticias.com.br\/?p=5491#primaryimage\"},\"image\":{\"@id\":\"https:\/\/portalraizesnoticias.com.br\/?p=5491#primaryimage\"},\"thumbnailUrl\":\"https:\/\/portalraizesnoticias.com.br\/wp-content\/uploads\/2025\/03\/images-2025-03-25T223202.117.jpeg\",\"datePublished\":\"2025-03-26T01:36:05+00:00\",\"dateModified\":\"2025-03-26T01:39:48+00:00\",\"breadcrumb\":{\"@id\":\"https:\/\/portalraizesnoticias.com.br\/?p=5491#breadcrumb\"},\"inLanguage\":\"pt-BR\",\"potentialAction\":[{\"@type\":\"ReadAction\",\"target\":[\"https:\/\/portalraizesnoticias.com.br\/?p=5491\"]}]},{\"@type\":\"ImageObject\",\"inLanguage\":\"pt-BR\",\"@id\":\"https:\/\/portalraizesnoticias.com.br\/?p=5491#primaryimage\",\"url\":\"https:\/\/portalraizesnoticias.com.br\/wp-content\/uploads\/2025\/03\/images-2025-03-25T223202.117.jpeg\",\"contentUrl\":\"https:\/\/portalraizesnoticias.com.br\/wp-content\/uploads\/2025\/03\/images-2025-03-25T223202.117.jpeg\",\"width\":700,\"height\":438},{\"@type\":\"BreadcrumbList\",\"@id\":\"https:\/\/portalraizesnoticias.com.br\/?p=5491#breadcrumb\",\"itemListElement\":[{\"@type\":\"ListItem\",\"position\":1,\"name\":\"In\u00edcio\",\"item\":\"https:\/\/portalraizesnoticias.com.br\/\"},{\"@type\":\"ListItem\",\"position\":2,\"name\":\"Carro utilizado em roubo com sequestro em Riach\u00e3o do Jacu\u00edpe \u00e9 interceptado em Feira de Santana; homem foi preso\"}]},{\"@type\":\"WebSite\",\"@id\":\"https:\/\/portalraizesnoticias.com.br\/#website\",\"url\":\"https:\/\/portalraizesnoticias.com.br\/\",\"name\":\"Portal raizes NOTICIAS\",\"description\":\"site de noticias de concei\u00e7\u00e3o do coit\u00e9 e regi\u00e3o\",\"publisher\":{\"@id\":\"https:\/\/portalraizesnoticias.com.br\/#organization\"},\"alternateName\":\"PORTAL RAIZES COIT\u00c9\",\"potentialAction\":[{\"@type\":\"SearchAction\",\"target\":{\"@type\":\"EntryPoint\",\"urlTemplate\":\"https:\/\/portalraizesnoticias.com.br\/?s={search_term_string}\"},\"query-input\":{\"@type\":\"PropertyValueSpecification\",\"valueRequired\":true,\"valueName\":\"search_term_string\"}}],\"inLanguage\":\"pt-BR\"},{\"@type\":\"Organization\",\"@id\":\"https:\/\/portalraizesnoticias.com.br\/#organization\",\"name\":\"Portal raizes NOTICIAS\",\"url\":\"https:\/\/portalraizesnoticias.com.br\/\",\"logo\":{\"@type\":\"ImageObject\",\"inLanguage\":\"pt-BR\",\"@id\":\"https:\/\/portalraizesnoticias.com.br\/#\/schema\/logo\/image\/\",\"url\":\"https:\/\/portalraizesnoticias.com.br\/wp-content\/uploads\/2024\/09\/cropped-Captura-de-tela-2024-09-08-011108.png\",\"contentUrl\":\"https:\/\/portalraizesnoticias.com.br\/wp-content\/uploads\/2024\/09\/cropped-Captura-de-tela-2024-09-08-011108.png\",\"width\":606,\"height\":173,\"caption\":\"Portal raizes NOTICIAS\"},\"image\":{\"@id\":\"https:\/\/portalraizesnoticias.com.br\/#\/schema\/logo\/image\/\"}},{\"@type\":\"Person\",\"@id\":\"https:\/\/portalraizesnoticias.com.br\/#\/schema\/person\/a3ca6b0fc701e78df19756c417d943ae\",\"name\":\"Portal Raizes\",\"image\":{\"@type\":\"ImageObject\",\"inLanguage\":\"pt-BR\",\"@id\":\"https:\/\/portalraizesnoticias.com.br\/#\/schema\/person\/image\/\",\"url\":\"https:\/\/secure.gravatar.com\/avatar\/ef450d29013a3d3fba867a12a249d7b1?s=96&d=mm&r=g\",\"contentUrl\":\"https:\/\/secure.gravatar.com\/avatar\/ef450d29013a3d3fba867a12a249d7b1?s=96&d=mm&r=g\",\"caption\":\"Portal Raizes\"},\"url\":\"https:\/\/portalraizesnoticias.com.br\/?author=3\"}]}<\/script>\n<!-- \/ Yoast SEO plugin. -->","yoast_head_json":{"title":"Carro utilizado em roubo com sequestro em Riach\u00e3o do Jacu\u00edpe \u00e9 interceptado em Feira de Santana; homem foi preso - Portal raizes noticias","robots":{"index":"index","follow":"follow","max-snippet":"max-snippet:-1","max-image-preview":"max-image-preview:large","max-video-preview":"max-video-preview:-1"},"canonical":"https:\/\/portalraizesnoticias.com.br\/?p=5491","og_locale":"pt_BR","og_type":"article","og_title":"Carro utilizado em roubo com sequestro em Riach\u00e3o do Jacu\u00edpe \u00e9 interceptado em Feira de Santana; homem foi preso - Portal raizes noticias","og_description":"Policiais Militares 64\u00aa CIPM receberam. Informa\u00e7\u00f5es do CICOM sobre um ve\u00edculo HB20 branco, suspeito de ter sido utilizado em um roubo com sequestro na cidade de Riach\u00e3o de Jacu\u00edpe, ocorrido na manh\u00e3 desta ter\u00e7a-feira (25). O autom\u00f3vel estaria trafegando em Feira de Santana. Em dilig\u00eancias, a guarni\u00e7\u00e3o conseguiu interceptar o carro na Rua Bar\u00e3o de Cotegipe, onde o autor foi abordado. Durante a revista, foram encontradas duas placas frias no interior do carro. O condutor foi apresentado na Central de Flagrantes. O carro foi encaminhado ao Complexo Policial do Jomafa. ASCOM 64\u00aa CIPM Foto: Ilustra\u00e7\u00e3o","og_url":"https:\/\/portalraizesnoticias.com.br\/?p=5491","og_site_name":"Portal raizes noticias","article_published_time":"2025-03-26T01:36:05+00:00","article_modified_time":"2025-03-26T01:39:48+00:00","og_image":[{"width":700,"height":438,"url":"https:\/\/portalraizesnoticias.com.br\/wp-content\/uploads\/2025\/03\/images-2025-03-25T223202.117.jpeg","type":"image\/jpeg"}],"author":"Portal Raizes","twitter_card":"summary_large_image","twitter_misc":{"Escrito por":"Portal Raizes","Est. tempo de leitura":"1 minuto"},"schema":{"@context":"https:\/\/schema.org","@graph":[{"@type":"Article","@id":"https:\/\/portalraizesnoticias.com.br\/?p=5491#article","isPartOf":{"@id":"https:\/\/portalraizesnoticias.com.br\/?p=5491"},"author":{"name":"Portal Raizes","@id":"https:\/\/portalraizesnoticias.com.br\/#\/schema\/person\/a3ca6b0fc701e78df19756c417d943ae"},"headline":"Carro utilizado em roubo com sequestro em Riach\u00e3o do Jacu\u00edpe \u00e9 interceptado em Feira de Santana; homem foi preso","datePublished":"2025-03-26T01:36:05+00:00","dateModified":"2025-03-26T01:39:48+00:00","mainEntityOfPage":{"@id":"https:\/\/portalraizesnoticias.com.br\/?p=5491"},"wordCount":122,"commentCount":0,"publisher":{"@id":"https:\/\/portalraizesnoticias.com.br\/#organization"},"image":{"@id":"https:\/\/portalraizesnoticias.com.br\/?p=5491#primaryimage"},"thumbnailUrl":"https:\/\/portalraizesnoticias.com.br\/wp-content\/uploads\/2025\/03\/images-2025-03-25T223202.117.jpeg","keywords":["Carro","Riach\u00e3o","Roubo"],"articleSection":["DESTAQUES","POLICIA","ULTIMAS NOTICIAS"],"inLanguage":"pt-BR","potentialAction":[{"@type":"CommentAction","name":"Comment","target":["https:\/\/portalraizesnoticias.com.br\/?p=5491#respond"]}]},{"@type":"WebPage","@id":"https:\/\/portalraizesnoticias.com.br\/?p=5491","url":"https:\/\/portalraizesnoticias.com.br\/?p=5491","name":"Carro utilizado em roubo com sequestro em Riach\u00e3o do Jacu\u00edpe \u00e9 interceptado em Feira de Santana; homem foi preso - Portal raizes noticias","isPartOf":{"@id":"https:\/\/portalraizesnoticias.com.br\/#website"},"primaryImageOfPage":{"@id":"https:\/\/portalraizesnoticias.com.br\/?p=5491#primaryimage"},"image":{"@id":"https:\/\/portalraizesnoticias.com.br\/?p=5491#primaryimage"},"thumbnailUrl":"https:\/\/portalraizesnoticias.com.br\/wp-content\/uploads\/2025\/03\/images-2025-03-25T223202.117.jpeg","datePublished":"2025-03-26T01:36:05+00:00","dateModified":"2025-03-26T01:39:48+00:00","breadcrumb":{"@id":"https:\/\/portalraizesnoticias.com.br\/?p=5491#breadcrumb"},"inLanguage":"pt-BR","potentialAction":[{"@type":"ReadAction","target":["https:\/\/portalraizesnoticias.com.br\/?p=5491"]}]},{"@type":"ImageObject","inLanguage":"pt-BR","@id":"https:\/\/portalraizesnoticias.com.br\/?p=5491#primaryimage","url":"https:\/\/portalraizesnoticias.com.br\/wp-content\/uploads\/2025\/03\/images-2025-03-25T223202.117.jpeg","contentUrl":"https:\/\/portalraizesnoticias.com.br\/wp-content\/uploads\/2025\/03\/images-2025-03-25T223202.117.jpeg","width":700,"height":438},{"@type":"BreadcrumbList","@id":"https:\/\/portalraizesnoticias.com.br\/?p=5491#breadcrumb","itemListElement":[{"@type":"ListItem","position":1,"name":"In\u00edcio","item":"https:\/\/portalraizesnoticias.com.br\/"},{"@type":"ListItem","position":2,"name":"Carro utilizado em roubo com sequestro em Riach\u00e3o do Jacu\u00edpe \u00e9 interceptado em Feira de Santana; homem foi preso"}]},{"@type":"WebSite","@id":"https:\/\/portalraizesnoticias.com.br\/#website","url":"https:\/\/portalraizesnoticias.com.br\/","name":"Portal raizes NOTICIAS","description":"site de noticias de concei\u00e7\u00e3o do coit\u00e9 e regi\u00e3o","publisher":{"@id":"https:\/\/portalraizesnoticias.com.br\/#organization"},"alternateName":"PORTAL RAIZES COIT\u00c9","potentialAction":[{"@type":"SearchAction","target":{"@type":"EntryPoint","urlTemplate":"https:\/\/portalraizesnoticias.com.br\/?s={search_term_string}"},"query-input":{"@type":"PropertyValueSpecification","valueRequired":true,"valueName":"search_term_string"}}],"inLanguage":"pt-BR"},{"@type":"Organization","@id":"https:\/\/portalraizesnoticias.com.br\/#organization","name":"Portal raizes NOTICIAS","url":"https:\/\/portalraizesnoticias.com.br\/","logo":{"@type":"ImageObject","inLanguage":"pt-BR","@id":"https:\/\/portalraizesnoticias.com.br\/#\/schema\/logo\/image\/","url":"https:\/\/portalraizesnoticias.com.br\/wp-content\/uploads\/2024\/09\/cropped-Captura-de-tela-2024-09-08-011108.png","contentUrl":"https:\/\/portalraizesnoticias.com.br\/wp-content\/uploads\/2024\/09\/cropped-Captura-de-tela-2024-09-08-011108.png","width":606,"height":173,"caption":"Portal raizes NOTICIAS"},"image":{"@id":"https:\/\/portalraizesnoticias.com.br\/#\/schema\/logo\/image\/"}},{"@type":"Person","@id":"https:\/\/portalraizesnoticias.com.br\/#\/schema\/person\/a3ca6b0fc701e78df19756c417d943ae","name":"Portal Raizes","image":{"@type":"ImageObject","inLanguage":"pt-BR","@id":"https:\/\/portalraizesnoticias.com.br\/#\/schema\/person\/image\/","url":"https:\/\/secure.gravatar.com\/avatar\/ef450d29013a3d3fba867a12a249d7b1?s=96&d=mm&r=g","contentUrl":"https:\/\/secure.gravatar.com\/avatar\/ef450d29013a3d3fba867a12a249d7b1?s=96&d=mm&r=g","caption":"Portal Raizes"},"url":"https:\/\/portalraizesnoticias.com.br\/?author=3"}]}},"_links":{"self":[{"href":"https:\/\/portalraizesnoticias.com.br\/index.php?rest_route=\/wp\/v2\/posts\/5491"}],"collection":[{"href":"https:\/\/portalraizesnoticias.com.br\/index.php?rest_route=\/wp\/v2\/posts"}],"about":[{"href":"https:\/\/portalraizesnoticias.com.br\/index.php?rest_route=\/wp\/v2\/types\/post"}],"author":[{"embeddable":true,"href":"https:\/\/portalraizesnoticias.com.br\/index.php?rest_route=\/wp\/v2\/users\/3"}],"replies":[{"embeddable":true,"href":"https:\/\/portalraizesnoticias.com.br\/index.php?rest_route=%2Fwp%2Fv2%2Fcomments&post=5491"}],"version-history":[{"count":2,"href":"https:\/\/portalraizesnoticias.com.br\/index.php?rest_route=\/wp\/v2\/posts\/5491\/revisions"}],"predecessor-version":[{"id":5494,"href":"https:\/\/portalraizesnoticias.com.br\/index.php?rest_route=\/wp\/v2\/posts\/5491\/revisions\/5494"}],"wp:featuredmedia":[{"embeddable":true,"href":"https:\/\/portalraizesnoticias.com.br\/index.php?rest_route=\/wp\/v2\/media\/5492"}],"wp:attachment":[{"href":"https:\/\/portalraizesnoticias.com.br\/index.php?rest_route=%2Fwp%2Fv2%2Fmedia&parent=5491"}],"wp:term":[{"taxonomy":"category","embeddable":true,"href":"https:\/\/portalraizesnoticias.com.br\/index.php?rest_route=%2Fwp%2Fv2%2Fcategories&post=5491"},{"taxonomy":"post_tag","embeddable":true,"href":"https:\/\/portalraizesnoticias.com.br\/index.php?rest_route=%2Fwp%2Fv2%2Ftags&post=5491"}],"curies":[{"name":"wp","href":"https:\/\/api.w.org\/{rel}","templated":true}]}}