{"id":5470,"date":"2025-03-24T16:01:48","date_gmt":"2025-03-24T19:01:48","guid":{"rendered":"https:\/\/portalraizesnoticias.com.br\/?p=5470"},"modified":"2025-03-24T16:01:48","modified_gmt":"2025-03-24T19:01:48","slug":"pre-registra-colisao-frontal-entre-veiculo-oficial-da-prefeitura-de-retirolandia-e-carro","status":"publish","type":"post","link":"https:\/\/portalraizesnoticias.com.br\/?p=5470","title":{"rendered":"PRE registra colis\u00e3o frontal entre ve\u00edculo oficial da Prefeitura de Retirol\u00e2ndia e carro"},"content":{"rendered":"<p>Na tarde desta segunda-feira (24), um acidente foi registrado na Ba-409, localidade de Mato Fino (KM17), em Serrinha, regi\u00e3o sisaleira.<\/p>\n<p>Segundo informa\u00e7\u00f5es apuradas pelo Portal Ra\u00edzes junto \u00e1 Pol\u00edcia Rodovi\u00e1ria Estadual (PRE), ocorreu\u00a0 uma colis\u00e3o frontal entre um ve\u00edculo oficial da Prefeitura de Retirol\u00e2ndia e outro autom\u00f3vel Classic.<\/p>\n<p>O condutor do Classic foi socorrido pelo SAMU para o Hospital Portugu\u00eas de Coit\u00e9, reclamando de dores na regi\u00e3o das costelas.<\/p>\n<p>N\u00e3o h\u00e1 informa\u00e7\u00f5es sobre a causa da colis\u00e3o<\/p>\n<p>Reda\u00e7\u00e3o com informa\u00e7\u00f5es da PRE<\/p>\n","protected":false},"excerpt":{"rendered":"<p>Na tarde desta segunda-feira (24), um acidente foi registrado na Ba-409, localidade de Mato Fino (KM17), em Serrinha, regi\u00e3o sisaleira. Segundo informa\u00e7\u00f5es apuradas pelo Portal Ra\u00edzes junto \u00e1 Pol\u00edcia Rodovi\u00e1ria Estadual (PRE), ocorreu\u00a0 uma colis\u00e3o frontal entre um ve\u00edculo oficial da Prefeitura de Retirol\u00e2ndia e outro autom\u00f3vel Classic. O condutor do Classic foi socorrido pelo SAMU para o Hospital Portugu\u00eas de Coit\u00e9, reclamando de dores na regi\u00e3o das costelas. N\u00e3o h\u00e1 informa\u00e7\u00f5es sobre a causa da colis\u00e3o Reda\u00e7\u00e3o com informa\u00e7\u00f5es da PRE<\/p>\n","protected":false},"author":3,"featured_media":5471,"comment_status":"open","ping_status":"open","sticky":false,"template":"","format":"standard","meta":{"_joinchat":[],"footnotes":""},"categories":[58,55,59],"tags":[112,180],"class_list":["post-5470","post","type-post","status-publish","format-standard","has-post-thumbnail","hentry","category-acidentes","category-destaques","category-ultimas-noticias","tag-colisao","tag-frontal"],"yoast_head":"<!-- This site is optimized with the Yoast SEO plugin v24.4 - https:\/\/yoast.com\/wordpress\/plugins\/seo\/ -->\n<title>PRE registra colis\u00e3o frontal entre ve\u00edculo oficial da Prefeitura de Retirol\u00e2ndia e carro - Portal raizes noticias<\/title>\n<meta name=\"robots\" content=\"index, follow, max-snippet:-1, max-image-preview:large, max-video-preview:-1\" \/>\n<link rel=\"canonical\" href=\"https:\/\/portalraizesnoticias.com.br\/?p=5470\" \/>\n<meta property=\"og:locale\" content=\"pt_BR\" \/>\n<meta property=\"og:type\" content=\"article\" \/>\n<meta property=\"og:title\" content=\"PRE registra colis\u00e3o frontal entre ve\u00edculo oficial da Prefeitura de Retirol\u00e2ndia e carro - Portal raizes noticias\" \/>\n<meta property=\"og:description\" content=\"Na tarde desta segunda-feira (24), um acidente foi registrado na Ba-409, localidade de Mato Fino (KM17), em Serrinha, regi\u00e3o sisaleira. Segundo informa\u00e7\u00f5es apuradas pelo Portal Ra\u00edzes junto \u00e1 Pol\u00edcia Rodovi\u00e1ria Estadual (PRE), ocorreu\u00a0 uma colis\u00e3o frontal entre um ve\u00edculo oficial da Prefeitura de Retirol\u00e2ndia e outro autom\u00f3vel Classic. O condutor do Classic foi socorrido pelo SAMU para o Hospital Portugu\u00eas de Coit\u00e9, reclamando de dores na regi\u00e3o das costelas. N\u00e3o h\u00e1 informa\u00e7\u00f5es sobre a causa da colis\u00e3o Reda\u00e7\u00e3o com informa\u00e7\u00f5es da PRE\" \/>\n<meta property=\"og:url\" content=\"https:\/\/portalraizesnoticias.com.br\/?p=5470\" \/>\n<meta property=\"og:site_name\" content=\"Portal raizes noticias\" \/>\n<meta property=\"article:published_time\" content=\"2025-03-24T19:01:48+00:00\" \/>\n<meta property=\"og:image\" content=\"https:\/\/portalraizesnoticias.com.br\/wp-content\/uploads\/2025\/03\/IMG-20250324-WA0282.jpg\" \/>\n\t<meta property=\"og:image:width\" content=\"1200\" \/>\n\t<meta property=\"og:image:height\" content=\"1600\" \/>\n\t<meta property=\"og:image:type\" content=\"image\/jpeg\" \/>\n<meta name=\"author\" content=\"Portal Raizes\" \/>\n<meta name=\"twitter:card\" content=\"summary_large_image\" \/>\n<meta name=\"twitter:label1\" content=\"Escrito por\" \/>\n\t<meta name=\"twitter:data1\" content=\"Portal Raizes\" \/>\n\t<meta name=\"twitter:label2\" content=\"Est. tempo de leitura\" \/>\n\t<meta name=\"twitter:data2\" content=\"1 minuto\" \/>\n<script type=\"application\/ld+json\" class=\"yoast-schema-graph\">{\"@context\":\"https:\/\/schema.org\",\"@graph\":[{\"@type\":\"Article\",\"@id\":\"https:\/\/portalraizesnoticias.com.br\/?p=5470#article\",\"isPartOf\":{\"@id\":\"https:\/\/portalraizesnoticias.com.br\/?p=5470\"},\"author\":{\"name\":\"Portal Raizes\",\"@id\":\"https:\/\/portalraizesnoticias.com.br\/#\/schema\/person\/a3ca6b0fc701e78df19756c417d943ae\"},\"headline\":\"PRE registra colis\u00e3o frontal entre ve\u00edculo oficial da Prefeitura de Retirol\u00e2ndia e carro\",\"datePublished\":\"2025-03-24T19:01:48+00:00\",\"mainEntityOfPage\":{\"@id\":\"https:\/\/portalraizesnoticias.com.br\/?p=5470\"},\"wordCount\":112,\"commentCount\":0,\"publisher\":{\"@id\":\"https:\/\/portalraizesnoticias.com.br\/#organization\"},\"image\":{\"@id\":\"https:\/\/portalraizesnoticias.com.br\/?p=5470#primaryimage\"},\"thumbnailUrl\":\"https:\/\/portalraizesnoticias.com.br\/wp-content\/uploads\/2025\/03\/IMG-20250324-WA0282.jpg\",\"keywords\":[\"Colis\u00e3o\",\"Frontal\"],\"articleSection\":[\"ACIDENTES\",\"DESTAQUES\",\"ULTIMAS NOTICIAS\"],\"inLanguage\":\"pt-BR\",\"potentialAction\":[{\"@type\":\"CommentAction\",\"name\":\"Comment\",\"target\":[\"https:\/\/portalraizesnoticias.com.br\/?p=5470#respond\"]}]},{\"@type\":\"WebPage\",\"@id\":\"https:\/\/portalraizesnoticias.com.br\/?p=5470\",\"url\":\"https:\/\/portalraizesnoticias.com.br\/?p=5470\",\"name\":\"PRE registra colis\u00e3o frontal entre ve\u00edculo oficial da Prefeitura de Retirol\u00e2ndia e carro - Portal raizes noticias\",\"isPartOf\":{\"@id\":\"https:\/\/portalraizesnoticias.com.br\/#website\"},\"primaryImageOfPage\":{\"@id\":\"https:\/\/portalraizesnoticias.com.br\/?p=5470#primaryimage\"},\"image\":{\"@id\":\"https:\/\/portalraizesnoticias.com.br\/?p=5470#primaryimage\"},\"thumbnailUrl\":\"https:\/\/portalraizesnoticias.com.br\/wp-content\/uploads\/2025\/03\/IMG-20250324-WA0282.jpg\",\"datePublished\":\"2025-03-24T19:01:48+00:00\",\"breadcrumb\":{\"@id\":\"https:\/\/portalraizesnoticias.com.br\/?p=5470#breadcrumb\"},\"inLanguage\":\"pt-BR\",\"potentialAction\":[{\"@type\":\"ReadAction\",\"target\":[\"https:\/\/portalraizesnoticias.com.br\/?p=5470\"]}]},{\"@type\":\"ImageObject\",\"inLanguage\":\"pt-BR\",\"@id\":\"https:\/\/portalraizesnoticias.com.br\/?p=5470#primaryimage\",\"url\":\"https:\/\/portalraizesnoticias.com.br\/wp-content\/uploads\/2025\/03\/IMG-20250324-WA0282.jpg\",\"contentUrl\":\"https:\/\/portalraizesnoticias.com.br\/wp-content\/uploads\/2025\/03\/IMG-20250324-WA0282.jpg\",\"width\":1200,\"height\":1600},{\"@type\":\"BreadcrumbList\",\"@id\":\"https:\/\/portalraizesnoticias.com.br\/?p=5470#breadcrumb\",\"itemListElement\":[{\"@type\":\"ListItem\",\"position\":1,\"name\":\"In\u00edcio\",\"item\":\"https:\/\/portalraizesnoticias.com.br\/\"},{\"@type\":\"ListItem\",\"position\":2,\"name\":\"PRE registra colis\u00e3o frontal entre ve\u00edculo oficial da Prefeitura de Retirol\u00e2ndia e carro\"}]},{\"@type\":\"WebSite\",\"@id\":\"https:\/\/portalraizesnoticias.com.br\/#website\",\"url\":\"https:\/\/portalraizesnoticias.com.br\/\",\"name\":\"Portal raizes NOTICIAS\",\"description\":\"site de noticias de concei\u00e7\u00e3o do coit\u00e9 e regi\u00e3o\",\"publisher\":{\"@id\":\"https:\/\/portalraizesnoticias.com.br\/#organization\"},\"alternateName\":\"PORTAL RAIZES COIT\u00c9\",\"potentialAction\":[{\"@type\":\"SearchAction\",\"target\":{\"@type\":\"EntryPoint\",\"urlTemplate\":\"https:\/\/portalraizesnoticias.com.br\/?s={search_term_string}\"},\"query-input\":{\"@type\":\"PropertyValueSpecification\",\"valueRequired\":true,\"valueName\":\"search_term_string\"}}],\"inLanguage\":\"pt-BR\"},{\"@type\":\"Organization\",\"@id\":\"https:\/\/portalraizesnoticias.com.br\/#organization\",\"name\":\"Portal raizes NOTICIAS\",\"url\":\"https:\/\/portalraizesnoticias.com.br\/\",\"logo\":{\"@type\":\"ImageObject\",\"inLanguage\":\"pt-BR\",\"@id\":\"https:\/\/portalraizesnoticias.com.br\/#\/schema\/logo\/image\/\",\"url\":\"https:\/\/portalraizesnoticias.com.br\/wp-content\/uploads\/2024\/09\/cropped-Captura-de-tela-2024-09-08-011108.png\",\"contentUrl\":\"https:\/\/portalraizesnoticias.com.br\/wp-content\/uploads\/2024\/09\/cropped-Captura-de-tela-2024-09-08-011108.png\",\"width\":606,\"height\":173,\"caption\":\"Portal raizes NOTICIAS\"},\"image\":{\"@id\":\"https:\/\/portalraizesnoticias.com.br\/#\/schema\/logo\/image\/\"}},{\"@type\":\"Person\",\"@id\":\"https:\/\/portalraizesnoticias.com.br\/#\/schema\/person\/a3ca6b0fc701e78df19756c417d943ae\",\"name\":\"Portal Raizes\",\"image\":{\"@type\":\"ImageObject\",\"inLanguage\":\"pt-BR\",\"@id\":\"https:\/\/portalraizesnoticias.com.br\/#\/schema\/person\/image\/\",\"url\":\"https:\/\/secure.gravatar.com\/avatar\/ef450d29013a3d3fba867a12a249d7b1?s=96&d=mm&r=g\",\"contentUrl\":\"https:\/\/secure.gravatar.com\/avatar\/ef450d29013a3d3fba867a12a249d7b1?s=96&d=mm&r=g\",\"caption\":\"Portal Raizes\"},\"url\":\"https:\/\/portalraizesnoticias.com.br\/?author=3\"}]}<\/script>\n<!-- \/ Yoast SEO plugin. -->","yoast_head_json":{"title":"PRE registra colis\u00e3o frontal entre ve\u00edculo oficial da Prefeitura de Retirol\u00e2ndia e carro - Portal raizes noticias","robots":{"index":"index","follow":"follow","max-snippet":"max-snippet:-1","max-image-preview":"max-image-preview:large","max-video-preview":"max-video-preview:-1"},"canonical":"https:\/\/portalraizesnoticias.com.br\/?p=5470","og_locale":"pt_BR","og_type":"article","og_title":"PRE registra colis\u00e3o frontal entre ve\u00edculo oficial da Prefeitura de Retirol\u00e2ndia e carro - Portal raizes noticias","og_description":"Na tarde desta segunda-feira (24), um acidente foi registrado na Ba-409, localidade de Mato Fino (KM17), em Serrinha, regi\u00e3o sisaleira. Segundo informa\u00e7\u00f5es apuradas pelo Portal Ra\u00edzes junto \u00e1 Pol\u00edcia Rodovi\u00e1ria Estadual (PRE), ocorreu\u00a0 uma colis\u00e3o frontal entre um ve\u00edculo oficial da Prefeitura de Retirol\u00e2ndia e outro autom\u00f3vel Classic. O condutor do Classic foi socorrido pelo SAMU para o Hospital Portugu\u00eas de Coit\u00e9, reclamando de dores na regi\u00e3o das costelas. N\u00e3o h\u00e1 informa\u00e7\u00f5es sobre a causa da colis\u00e3o Reda\u00e7\u00e3o com informa\u00e7\u00f5es da PRE","og_url":"https:\/\/portalraizesnoticias.com.br\/?p=5470","og_site_name":"Portal raizes noticias","article_published_time":"2025-03-24T19:01:48+00:00","og_image":[{"width":1200,"height":1600,"url":"https:\/\/portalraizesnoticias.com.br\/wp-content\/uploads\/2025\/03\/IMG-20250324-WA0282.jpg","type":"image\/jpeg"}],"author":"Portal Raizes","twitter_card":"summary_large_image","twitter_misc":{"Escrito por":"Portal Raizes","Est. tempo de leitura":"1 minuto"},"schema":{"@context":"https:\/\/schema.org","@graph":[{"@type":"Article","@id":"https:\/\/portalraizesnoticias.com.br\/?p=5470#article","isPartOf":{"@id":"https:\/\/portalraizesnoticias.com.br\/?p=5470"},"author":{"name":"Portal Raizes","@id":"https:\/\/portalraizesnoticias.com.br\/#\/schema\/person\/a3ca6b0fc701e78df19756c417d943ae"},"headline":"PRE registra colis\u00e3o frontal entre ve\u00edculo oficial da Prefeitura de Retirol\u00e2ndia e carro","datePublished":"2025-03-24T19:01:48+00:00","mainEntityOfPage":{"@id":"https:\/\/portalraizesnoticias.com.br\/?p=5470"},"wordCount":112,"commentCount":0,"publisher":{"@id":"https:\/\/portalraizesnoticias.com.br\/#organization"},"image":{"@id":"https:\/\/portalraizesnoticias.com.br\/?p=5470#primaryimage"},"thumbnailUrl":"https:\/\/portalraizesnoticias.com.br\/wp-content\/uploads\/2025\/03\/IMG-20250324-WA0282.jpg","keywords":["Colis\u00e3o","Frontal"],"articleSection":["ACIDENTES","DESTAQUES","ULTIMAS NOTICIAS"],"inLanguage":"pt-BR","potentialAction":[{"@type":"CommentAction","name":"Comment","target":["https:\/\/portalraizesnoticias.com.br\/?p=5470#respond"]}]},{"@type":"WebPage","@id":"https:\/\/portalraizesnoticias.com.br\/?p=5470","url":"https:\/\/portalraizesnoticias.com.br\/?p=5470","name":"PRE registra colis\u00e3o frontal entre ve\u00edculo oficial da Prefeitura de Retirol\u00e2ndia e carro - Portal raizes noticias","isPartOf":{"@id":"https:\/\/portalraizesnoticias.com.br\/#website"},"primaryImageOfPage":{"@id":"https:\/\/portalraizesnoticias.com.br\/?p=5470#primaryimage"},"image":{"@id":"https:\/\/portalraizesnoticias.com.br\/?p=5470#primaryimage"},"thumbnailUrl":"https:\/\/portalraizesnoticias.com.br\/wp-content\/uploads\/2025\/03\/IMG-20250324-WA0282.jpg","datePublished":"2025-03-24T19:01:48+00:00","breadcrumb":{"@id":"https:\/\/portalraizesnoticias.com.br\/?p=5470#breadcrumb"},"inLanguage":"pt-BR","potentialAction":[{"@type":"ReadAction","target":["https:\/\/portalraizesnoticias.com.br\/?p=5470"]}]},{"@type":"ImageObject","inLanguage":"pt-BR","@id":"https:\/\/portalraizesnoticias.com.br\/?p=5470#primaryimage","url":"https:\/\/portalraizesnoticias.com.br\/wp-content\/uploads\/2025\/03\/IMG-20250324-WA0282.jpg","contentUrl":"https:\/\/portalraizesnoticias.com.br\/wp-content\/uploads\/2025\/03\/IMG-20250324-WA0282.jpg","width":1200,"height":1600},{"@type":"BreadcrumbList","@id":"https:\/\/portalraizesnoticias.com.br\/?p=5470#breadcrumb","itemListElement":[{"@type":"ListItem","position":1,"name":"In\u00edcio","item":"https:\/\/portalraizesnoticias.com.br\/"},{"@type":"ListItem","position":2,"name":"PRE registra colis\u00e3o frontal entre ve\u00edculo oficial da Prefeitura de Retirol\u00e2ndia e carro"}]},{"@type":"WebSite","@id":"https:\/\/portalraizesnoticias.com.br\/#website","url":"https:\/\/portalraizesnoticias.com.br\/","name":"Portal raizes NOTICIAS","description":"site de noticias de concei\u00e7\u00e3o do coit\u00e9 e regi\u00e3o","publisher":{"@id":"https:\/\/portalraizesnoticias.com.br\/#organization"},"alternateName":"PORTAL RAIZES COIT\u00c9","potentialAction":[{"@type":"SearchAction","target":{"@type":"EntryPoint","urlTemplate":"https:\/\/portalraizesnoticias.com.br\/?s={search_term_string}"},"query-input":{"@type":"PropertyValueSpecification","valueRequired":true,"valueName":"search_term_string"}}],"inLanguage":"pt-BR"},{"@type":"Organization","@id":"https:\/\/portalraizesnoticias.com.br\/#organization","name":"Portal raizes NOTICIAS","url":"https:\/\/portalraizesnoticias.com.br\/","logo":{"@type":"ImageObject","inLanguage":"pt-BR","@id":"https:\/\/portalraizesnoticias.com.br\/#\/schema\/logo\/image\/","url":"https:\/\/portalraizesnoticias.com.br\/wp-content\/uploads\/2024\/09\/cropped-Captura-de-tela-2024-09-08-011108.png","contentUrl":"https:\/\/portalraizesnoticias.com.br\/wp-content\/uploads\/2024\/09\/cropped-Captura-de-tela-2024-09-08-011108.png","width":606,"height":173,"caption":"Portal raizes NOTICIAS"},"image":{"@id":"https:\/\/portalraizesnoticias.com.br\/#\/schema\/logo\/image\/"}},{"@type":"Person","@id":"https:\/\/portalraizesnoticias.com.br\/#\/schema\/person\/a3ca6b0fc701e78df19756c417d943ae","name":"Portal Raizes","image":{"@type":"ImageObject","inLanguage":"pt-BR","@id":"https:\/\/portalraizesnoticias.com.br\/#\/schema\/person\/image\/","url":"https:\/\/secure.gravatar.com\/avatar\/ef450d29013a3d3fba867a12a249d7b1?s=96&d=mm&r=g","contentUrl":"https:\/\/secure.gravatar.com\/avatar\/ef450d29013a3d3fba867a12a249d7b1?s=96&d=mm&r=g","caption":"Portal Raizes"},"url":"https:\/\/portalraizesnoticias.com.br\/?author=3"}]}},"_links":{"self":[{"href":"https:\/\/portalraizesnoticias.com.br\/index.php?rest_route=\/wp\/v2\/posts\/5470"}],"collection":[{"href":"https:\/\/portalraizesnoticias.com.br\/index.php?rest_route=\/wp\/v2\/posts"}],"about":[{"href":"https:\/\/portalraizesnoticias.com.br\/index.php?rest_route=\/wp\/v2\/types\/post"}],"author":[{"embeddable":true,"href":"https:\/\/portalraizesnoticias.com.br\/index.php?rest_route=\/wp\/v2\/users\/3"}],"replies":[{"embeddable":true,"href":"https:\/\/portalraizesnoticias.com.br\/index.php?rest_route=%2Fwp%2Fv2%2Fcomments&post=5470"}],"version-history":[{"count":1,"href":"https:\/\/portalraizesnoticias.com.br\/index.php?rest_route=\/wp\/v2\/posts\/5470\/revisions"}],"predecessor-version":[{"id":5472,"href":"https:\/\/portalraizesnoticias.com.br\/index.php?rest_route=\/wp\/v2\/posts\/5470\/revisions\/5472"}],"wp:featuredmedia":[{"embeddable":true,"href":"https:\/\/portalraizesnoticias.com.br\/index.php?rest_route=\/wp\/v2\/media\/5471"}],"wp:attachment":[{"href":"https:\/\/portalraizesnoticias.com.br\/index.php?rest_route=%2Fwp%2Fv2%2Fmedia&parent=5470"}],"wp:term":[{"taxonomy":"category","embeddable":true,"href":"https:\/\/portalraizesnoticias.com.br\/index.php?rest_route=%2Fwp%2Fv2%2Fcategories&post=5470"},{"taxonomy":"post_tag","embeddable":true,"href":"https:\/\/portalraizesnoticias.com.br\/index.php?rest_route=%2Fwp%2Fv2%2Ftags&post=5470"}],"curies":[{"name":"wp","href":"https:\/\/api.w.org\/{rel}","templated":true}]}}