{"id":5408,"date":"2025-03-22T14:55:28","date_gmt":"2025-03-22T17:55:28","guid":{"rendered":"https:\/\/portalraizesnoticias.com.br\/?p=5408"},"modified":"2025-03-22T16:55:09","modified_gmt":"2025-03-22T19:55:09","slug":"homem-morre-apos-acidente-de-transito-em-conceicao-do-coite","status":"publish","type":"post","link":"https:\/\/portalraizesnoticias.com.br\/?p=5408","title":{"rendered":"Homem morre ap\u00f3s acidente de tr\u00e2nsito em Concei\u00e7\u00e3o do Coit\u00e9"},"content":{"rendered":"<p>Um acidente envolvendo uma moto e um carro deixou uma v\u00edtima fatal na entrada do distrito de Salgad\u00e1lia em Concei\u00e7\u00e3o do Coit\u00e9, regi\u00e3o sisaleira. O fato aconteceu na tarde deste s\u00e1bado (22).<\/p>\n<p><img decoding=\"async\" class=\"size-medium wp-image-5414 aligncenter\" src=\"https:\/\/portalraizesnoticias.com.br\/wp-content\/uploads\/2025\/03\/IMG-20250322-WA0328-300x135.jpg\" alt=\"\" width=\"300\" height=\"135\" srcset=\"https:\/\/portalraizesnoticias.com.br\/wp-content\/uploads\/2025\/03\/IMG-20250322-WA0328-300x135.jpg 300w, https:\/\/portalraizesnoticias.com.br\/wp-content\/uploads\/2025\/03\/IMG-20250322-WA0328-1024x461.jpg 1024w, https:\/\/portalraizesnoticias.com.br\/wp-content\/uploads\/2025\/03\/IMG-20250322-WA0328-768x346.jpg 768w, https:\/\/portalraizesnoticias.com.br\/wp-content\/uploads\/2025\/03\/IMG-20250322-WA0328.jpg 1280w\" sizes=\"(max-width: 300px) 100vw, 300px\" \/><\/p>\n<p>Segundo informa\u00e7\u00f5es apuradas pelo Portal Ra\u00edzes, a suspeita \u00e9 que o motociclista de\u00a0 Joselito Santana, 50 anos, conhecido por Leleco\u00a0 bateu na traseira de uma caminhonete que estava estacionada pr\u00f3ximo ao local.<\/p>\n<p>Ele era morador do povoado de Ipiranga e trabalhava com motor de sisal.<\/p>\n<p><img decoding=\"async\" class=\"size-medium wp-image-2520 aligncenter\" src=\"https:\/\/portalraizesnoticias.com.br\/wp-content\/uploads\/2024\/11\/Imagem-do-WhatsApp-de-2024-11-28-as-11.24.37_b858345f-300x142.jpg\" alt=\"\" width=\"300\" height=\"142\" srcset=\"https:\/\/portalraizesnoticias.com.br\/wp-content\/uploads\/2024\/11\/Imagem-do-WhatsApp-de-2024-11-28-as-11.24.37_b858345f-300x142.jpg 300w, https:\/\/portalraizesnoticias.com.br\/wp-content\/uploads\/2024\/11\/Imagem-do-WhatsApp-de-2024-11-28-as-11.24.37_b858345f.jpg 722w\" sizes=\"(max-width: 300px) 100vw, 300px\" \/><\/p>\n<p style=\"text-align: center;\"><strong>PUBLICIDADE<\/strong><\/p>\n<p><span style=\"font-size: revert; color: initial;\">AInda conforme apura\u00e7\u00e3o do Portal Ra\u00edzes, ele foi encontrado agonizando e n\u00e3o resistiu aos ferimentos.<\/span><\/p>\n<p>O carro pertence ao cunhado da v\u00edtima \u00a0de pr\u00e9- nome Silvan, conhecido por \u201cCaneca\u201d.<\/p>\n<p>Reda\u00e7\u00e3o<\/p>\n","protected":false},"excerpt":{"rendered":"<p>Um acidente envolvendo uma moto e um carro deixou uma v\u00edtima fatal na entrada do distrito de Salgad\u00e1lia em Concei\u00e7\u00e3o do Coit\u00e9, regi\u00e3o sisaleira. O fato aconteceu na tarde deste s\u00e1bado (22). Segundo informa\u00e7\u00f5es apuradas pelo Portal Ra\u00edzes, a suspeita \u00e9 que o motociclista de\u00a0 Joselito Santana, 50 anos, conhecido por Leleco\u00a0 bateu na traseira de uma caminhonete que estava estacionada pr\u00f3ximo ao local. Ele era morador do povoado de Ipiranga e trabalhava com motor de sisal. PUBLICIDADE AInda conforme apura\u00e7\u00e3o do Portal Ra\u00edzes, ele foi encontrado agonizando e n\u00e3o resistiu aos ferimentos. O carro pertence ao cunhado da v\u00edtima \u00a0de pr\u00e9- nome Silvan, conhecido por \u201cCaneca\u201d. Reda\u00e7\u00e3o<\/p>\n","protected":false},"author":3,"featured_media":5409,"comment_status":"open","ping_status":"open","sticky":false,"template":"","format":"standard","meta":{"_joinchat":[],"footnotes":""},"categories":[58,55,59],"tags":[142,163],"class_list":["post-5408","post","type-post","status-publish","format-standard","has-post-thumbnail","hentry","category-acidentes","category-destaques","category-ultimas-noticias","tag-homem","tag-morre"],"yoast_head":"<!-- This site is optimized with the Yoast SEO plugin v24.4 - https:\/\/yoast.com\/wordpress\/plugins\/seo\/ -->\n<title>Homem morre ap\u00f3s acidente de tr\u00e2nsito em Concei\u00e7\u00e3o do Coit\u00e9 - Portal raizes noticias<\/title>\n<meta name=\"robots\" content=\"index, follow, max-snippet:-1, max-image-preview:large, max-video-preview:-1\" \/>\n<link rel=\"canonical\" href=\"https:\/\/portalraizesnoticias.com.br\/?p=5408\" \/>\n<meta property=\"og:locale\" content=\"pt_BR\" \/>\n<meta property=\"og:type\" content=\"article\" \/>\n<meta property=\"og:title\" content=\"Homem morre ap\u00f3s acidente de tr\u00e2nsito em Concei\u00e7\u00e3o do Coit\u00e9 - Portal raizes noticias\" \/>\n<meta property=\"og:description\" content=\"Um acidente envolvendo uma moto e um carro deixou uma v\u00edtima fatal na entrada do distrito de Salgad\u00e1lia em Concei\u00e7\u00e3o do Coit\u00e9, regi\u00e3o sisaleira. O fato aconteceu na tarde deste s\u00e1bado (22). Segundo informa\u00e7\u00f5es apuradas pelo Portal Ra\u00edzes, a suspeita \u00e9 que o motociclista de\u00a0 Joselito Santana, 50 anos, conhecido por Leleco\u00a0 bateu na traseira de uma caminhonete que estava estacionada pr\u00f3ximo ao local. Ele era morador do povoado de Ipiranga e trabalhava com motor de sisal. PUBLICIDADE AInda conforme apura\u00e7\u00e3o do Portal Ra\u00edzes, ele foi encontrado agonizando e n\u00e3o resistiu aos ferimentos. O carro pertence ao cunhado da v\u00edtima \u00a0de pr\u00e9- nome Silvan, conhecido por \u201cCaneca\u201d. Reda\u00e7\u00e3o\" \/>\n<meta property=\"og:url\" content=\"https:\/\/portalraizesnoticias.com.br\/?p=5408\" \/>\n<meta property=\"og:site_name\" content=\"Portal raizes noticias\" \/>\n<meta property=\"article:published_time\" content=\"2025-03-22T17:55:28+00:00\" \/>\n<meta property=\"article:modified_time\" content=\"2025-03-22T19:55:09+00:00\" \/>\n<meta property=\"og:image\" content=\"https:\/\/portalraizesnoticias.com.br\/wp-content\/uploads\/2025\/03\/20250322145411.jpg\" \/>\n\t<meta property=\"og:image:width\" content=\"982\" \/>\n\t<meta property=\"og:image:height\" content=\"720\" \/>\n\t<meta property=\"og:image:type\" content=\"image\/jpeg\" \/>\n<meta name=\"author\" content=\"Portal Raizes\" \/>\n<meta name=\"twitter:card\" content=\"summary_large_image\" \/>\n<meta name=\"twitter:label1\" content=\"Escrito por\" \/>\n\t<meta name=\"twitter:data1\" content=\"Portal Raizes\" \/>\n\t<meta name=\"twitter:label2\" content=\"Est. tempo de leitura\" \/>\n\t<meta name=\"twitter:data2\" content=\"2 minutos\" \/>\n<script type=\"application\/ld+json\" class=\"yoast-schema-graph\">{\"@context\":\"https:\/\/schema.org\",\"@graph\":[{\"@type\":\"Article\",\"@id\":\"https:\/\/portalraizesnoticias.com.br\/?p=5408#article\",\"isPartOf\":{\"@id\":\"https:\/\/portalraizesnoticias.com.br\/?p=5408\"},\"author\":{\"name\":\"Portal Raizes\",\"@id\":\"https:\/\/portalraizesnoticias.com.br\/#\/schema\/person\/a3ca6b0fc701e78df19756c417d943ae\"},\"headline\":\"Homem morre ap\u00f3s acidente de tr\u00e2nsito em Concei\u00e7\u00e3o do Coit\u00e9\",\"datePublished\":\"2025-03-22T17:55:28+00:00\",\"dateModified\":\"2025-03-22T19:55:09+00:00\",\"mainEntityOfPage\":{\"@id\":\"https:\/\/portalraizesnoticias.com.br\/?p=5408\"},\"wordCount\":132,\"commentCount\":0,\"publisher\":{\"@id\":\"https:\/\/portalraizesnoticias.com.br\/#organization\"},\"image\":{\"@id\":\"https:\/\/portalraizesnoticias.com.br\/?p=5408#primaryimage\"},\"thumbnailUrl\":\"https:\/\/portalraizesnoticias.com.br\/wp-content\/uploads\/2025\/03\/20250322145411.jpg\",\"keywords\":[\"Homem\",\"Morre\"],\"articleSection\":[\"ACIDENTES\",\"DESTAQUES\",\"ULTIMAS NOTICIAS\"],\"inLanguage\":\"pt-BR\",\"potentialAction\":[{\"@type\":\"CommentAction\",\"name\":\"Comment\",\"target\":[\"https:\/\/portalraizesnoticias.com.br\/?p=5408#respond\"]}]},{\"@type\":\"WebPage\",\"@id\":\"https:\/\/portalraizesnoticias.com.br\/?p=5408\",\"url\":\"https:\/\/portalraizesnoticias.com.br\/?p=5408\",\"name\":\"Homem morre ap\u00f3s acidente de tr\u00e2nsito em Concei\u00e7\u00e3o do Coit\u00e9 - Portal raizes noticias\",\"isPartOf\":{\"@id\":\"https:\/\/portalraizesnoticias.com.br\/#website\"},\"primaryImageOfPage\":{\"@id\":\"https:\/\/portalraizesnoticias.com.br\/?p=5408#primaryimage\"},\"image\":{\"@id\":\"https:\/\/portalraizesnoticias.com.br\/?p=5408#primaryimage\"},\"thumbnailUrl\":\"https:\/\/portalraizesnoticias.com.br\/wp-content\/uploads\/2025\/03\/20250322145411.jpg\",\"datePublished\":\"2025-03-22T17:55:28+00:00\",\"dateModified\":\"2025-03-22T19:55:09+00:00\",\"breadcrumb\":{\"@id\":\"https:\/\/portalraizesnoticias.com.br\/?p=5408#breadcrumb\"},\"inLanguage\":\"pt-BR\",\"potentialAction\":[{\"@type\":\"ReadAction\",\"target\":[\"https:\/\/portalraizesnoticias.com.br\/?p=5408\"]}]},{\"@type\":\"ImageObject\",\"inLanguage\":\"pt-BR\",\"@id\":\"https:\/\/portalraizesnoticias.com.br\/?p=5408#primaryimage\",\"url\":\"https:\/\/portalraizesnoticias.com.br\/wp-content\/uploads\/2025\/03\/20250322145411.jpg\",\"contentUrl\":\"https:\/\/portalraizesnoticias.com.br\/wp-content\/uploads\/2025\/03\/20250322145411.jpg\",\"width\":982,\"height\":720},{\"@type\":\"BreadcrumbList\",\"@id\":\"https:\/\/portalraizesnoticias.com.br\/?p=5408#breadcrumb\",\"itemListElement\":[{\"@type\":\"ListItem\",\"position\":1,\"name\":\"In\u00edcio\",\"item\":\"https:\/\/portalraizesnoticias.com.br\/\"},{\"@type\":\"ListItem\",\"position\":2,\"name\":\"Homem morre ap\u00f3s acidente de tr\u00e2nsito em Concei\u00e7\u00e3o do Coit\u00e9\"}]},{\"@type\":\"WebSite\",\"@id\":\"https:\/\/portalraizesnoticias.com.br\/#website\",\"url\":\"https:\/\/portalraizesnoticias.com.br\/\",\"name\":\"Portal raizes NOTICIAS\",\"description\":\"site de noticias de concei\u00e7\u00e3o do coit\u00e9 e regi\u00e3o\",\"publisher\":{\"@id\":\"https:\/\/portalraizesnoticias.com.br\/#organization\"},\"alternateName\":\"PORTAL RAIZES COIT\u00c9\",\"potentialAction\":[{\"@type\":\"SearchAction\",\"target\":{\"@type\":\"EntryPoint\",\"urlTemplate\":\"https:\/\/portalraizesnoticias.com.br\/?s={search_term_string}\"},\"query-input\":{\"@type\":\"PropertyValueSpecification\",\"valueRequired\":true,\"valueName\":\"search_term_string\"}}],\"inLanguage\":\"pt-BR\"},{\"@type\":\"Organization\",\"@id\":\"https:\/\/portalraizesnoticias.com.br\/#organization\",\"name\":\"Portal raizes NOTICIAS\",\"url\":\"https:\/\/portalraizesnoticias.com.br\/\",\"logo\":{\"@type\":\"ImageObject\",\"inLanguage\":\"pt-BR\",\"@id\":\"https:\/\/portalraizesnoticias.com.br\/#\/schema\/logo\/image\/\",\"url\":\"https:\/\/portalraizesnoticias.com.br\/wp-content\/uploads\/2024\/09\/cropped-Captura-de-tela-2024-09-08-011108.png\",\"contentUrl\":\"https:\/\/portalraizesnoticias.com.br\/wp-content\/uploads\/2024\/09\/cropped-Captura-de-tela-2024-09-08-011108.png\",\"width\":606,\"height\":173,\"caption\":\"Portal raizes NOTICIAS\"},\"image\":{\"@id\":\"https:\/\/portalraizesnoticias.com.br\/#\/schema\/logo\/image\/\"}},{\"@type\":\"Person\",\"@id\":\"https:\/\/portalraizesnoticias.com.br\/#\/schema\/person\/a3ca6b0fc701e78df19756c417d943ae\",\"name\":\"Portal Raizes\",\"image\":{\"@type\":\"ImageObject\",\"inLanguage\":\"pt-BR\",\"@id\":\"https:\/\/portalraizesnoticias.com.br\/#\/schema\/person\/image\/\",\"url\":\"https:\/\/secure.gravatar.com\/avatar\/ef450d29013a3d3fba867a12a249d7b1?s=96&d=mm&r=g\",\"contentUrl\":\"https:\/\/secure.gravatar.com\/avatar\/ef450d29013a3d3fba867a12a249d7b1?s=96&d=mm&r=g\",\"caption\":\"Portal Raizes\"},\"url\":\"https:\/\/portalraizesnoticias.com.br\/?author=3\"}]}<\/script>\n<!-- \/ Yoast SEO plugin. -->","yoast_head_json":{"title":"Homem morre ap\u00f3s acidente de tr\u00e2nsito em Concei\u00e7\u00e3o do Coit\u00e9 - Portal raizes noticias","robots":{"index":"index","follow":"follow","max-snippet":"max-snippet:-1","max-image-preview":"max-image-preview:large","max-video-preview":"max-video-preview:-1"},"canonical":"https:\/\/portalraizesnoticias.com.br\/?p=5408","og_locale":"pt_BR","og_type":"article","og_title":"Homem morre ap\u00f3s acidente de tr\u00e2nsito em Concei\u00e7\u00e3o do Coit\u00e9 - Portal raizes noticias","og_description":"Um acidente envolvendo uma moto e um carro deixou uma v\u00edtima fatal na entrada do distrito de Salgad\u00e1lia em Concei\u00e7\u00e3o do Coit\u00e9, regi\u00e3o sisaleira. O fato aconteceu na tarde deste s\u00e1bado (22). Segundo informa\u00e7\u00f5es apuradas pelo Portal Ra\u00edzes, a suspeita \u00e9 que o motociclista de\u00a0 Joselito Santana, 50 anos, conhecido por Leleco\u00a0 bateu na traseira de uma caminhonete que estava estacionada pr\u00f3ximo ao local. Ele era morador do povoado de Ipiranga e trabalhava com motor de sisal. PUBLICIDADE AInda conforme apura\u00e7\u00e3o do Portal Ra\u00edzes, ele foi encontrado agonizando e n\u00e3o resistiu aos ferimentos. O carro pertence ao cunhado da v\u00edtima \u00a0de pr\u00e9- nome Silvan, conhecido por \u201cCaneca\u201d. Reda\u00e7\u00e3o","og_url":"https:\/\/portalraizesnoticias.com.br\/?p=5408","og_site_name":"Portal raizes noticias","article_published_time":"2025-03-22T17:55:28+00:00","article_modified_time":"2025-03-22T19:55:09+00:00","og_image":[{"width":982,"height":720,"url":"https:\/\/portalraizesnoticias.com.br\/wp-content\/uploads\/2025\/03\/20250322145411.jpg","type":"image\/jpeg"}],"author":"Portal Raizes","twitter_card":"summary_large_image","twitter_misc":{"Escrito por":"Portal Raizes","Est. tempo de leitura":"2 minutos"},"schema":{"@context":"https:\/\/schema.org","@graph":[{"@type":"Article","@id":"https:\/\/portalraizesnoticias.com.br\/?p=5408#article","isPartOf":{"@id":"https:\/\/portalraizesnoticias.com.br\/?p=5408"},"author":{"name":"Portal Raizes","@id":"https:\/\/portalraizesnoticias.com.br\/#\/schema\/person\/a3ca6b0fc701e78df19756c417d943ae"},"headline":"Homem morre ap\u00f3s acidente de tr\u00e2nsito em Concei\u00e7\u00e3o do Coit\u00e9","datePublished":"2025-03-22T17:55:28+00:00","dateModified":"2025-03-22T19:55:09+00:00","mainEntityOfPage":{"@id":"https:\/\/portalraizesnoticias.com.br\/?p=5408"},"wordCount":132,"commentCount":0,"publisher":{"@id":"https:\/\/portalraizesnoticias.com.br\/#organization"},"image":{"@id":"https:\/\/portalraizesnoticias.com.br\/?p=5408#primaryimage"},"thumbnailUrl":"https:\/\/portalraizesnoticias.com.br\/wp-content\/uploads\/2025\/03\/20250322145411.jpg","keywords":["Homem","Morre"],"articleSection":["ACIDENTES","DESTAQUES","ULTIMAS NOTICIAS"],"inLanguage":"pt-BR","potentialAction":[{"@type":"CommentAction","name":"Comment","target":["https:\/\/portalraizesnoticias.com.br\/?p=5408#respond"]}]},{"@type":"WebPage","@id":"https:\/\/portalraizesnoticias.com.br\/?p=5408","url":"https:\/\/portalraizesnoticias.com.br\/?p=5408","name":"Homem morre ap\u00f3s acidente de tr\u00e2nsito em Concei\u00e7\u00e3o do Coit\u00e9 - Portal raizes noticias","isPartOf":{"@id":"https:\/\/portalraizesnoticias.com.br\/#website"},"primaryImageOfPage":{"@id":"https:\/\/portalraizesnoticias.com.br\/?p=5408#primaryimage"},"image":{"@id":"https:\/\/portalraizesnoticias.com.br\/?p=5408#primaryimage"},"thumbnailUrl":"https:\/\/portalraizesnoticias.com.br\/wp-content\/uploads\/2025\/03\/20250322145411.jpg","datePublished":"2025-03-22T17:55:28+00:00","dateModified":"2025-03-22T19:55:09+00:00","breadcrumb":{"@id":"https:\/\/portalraizesnoticias.com.br\/?p=5408#breadcrumb"},"inLanguage":"pt-BR","potentialAction":[{"@type":"ReadAction","target":["https:\/\/portalraizesnoticias.com.br\/?p=5408"]}]},{"@type":"ImageObject","inLanguage":"pt-BR","@id":"https:\/\/portalraizesnoticias.com.br\/?p=5408#primaryimage","url":"https:\/\/portalraizesnoticias.com.br\/wp-content\/uploads\/2025\/03\/20250322145411.jpg","contentUrl":"https:\/\/portalraizesnoticias.com.br\/wp-content\/uploads\/2025\/03\/20250322145411.jpg","width":982,"height":720},{"@type":"BreadcrumbList","@id":"https:\/\/portalraizesnoticias.com.br\/?p=5408#breadcrumb","itemListElement":[{"@type":"ListItem","position":1,"name":"In\u00edcio","item":"https:\/\/portalraizesnoticias.com.br\/"},{"@type":"ListItem","position":2,"name":"Homem morre ap\u00f3s acidente de tr\u00e2nsito em Concei\u00e7\u00e3o do Coit\u00e9"}]},{"@type":"WebSite","@id":"https:\/\/portalraizesnoticias.com.br\/#website","url":"https:\/\/portalraizesnoticias.com.br\/","name":"Portal raizes NOTICIAS","description":"site de noticias de concei\u00e7\u00e3o do coit\u00e9 e regi\u00e3o","publisher":{"@id":"https:\/\/portalraizesnoticias.com.br\/#organization"},"alternateName":"PORTAL RAIZES COIT\u00c9","potentialAction":[{"@type":"SearchAction","target":{"@type":"EntryPoint","urlTemplate":"https:\/\/portalraizesnoticias.com.br\/?s={search_term_string}"},"query-input":{"@type":"PropertyValueSpecification","valueRequired":true,"valueName":"search_term_string"}}],"inLanguage":"pt-BR"},{"@type":"Organization","@id":"https:\/\/portalraizesnoticias.com.br\/#organization","name":"Portal raizes NOTICIAS","url":"https:\/\/portalraizesnoticias.com.br\/","logo":{"@type":"ImageObject","inLanguage":"pt-BR","@id":"https:\/\/portalraizesnoticias.com.br\/#\/schema\/logo\/image\/","url":"https:\/\/portalraizesnoticias.com.br\/wp-content\/uploads\/2024\/09\/cropped-Captura-de-tela-2024-09-08-011108.png","contentUrl":"https:\/\/portalraizesnoticias.com.br\/wp-content\/uploads\/2024\/09\/cropped-Captura-de-tela-2024-09-08-011108.png","width":606,"height":173,"caption":"Portal raizes NOTICIAS"},"image":{"@id":"https:\/\/portalraizesnoticias.com.br\/#\/schema\/logo\/image\/"}},{"@type":"Person","@id":"https:\/\/portalraizesnoticias.com.br\/#\/schema\/person\/a3ca6b0fc701e78df19756c417d943ae","name":"Portal Raizes","image":{"@type":"ImageObject","inLanguage":"pt-BR","@id":"https:\/\/portalraizesnoticias.com.br\/#\/schema\/person\/image\/","url":"https:\/\/secure.gravatar.com\/avatar\/ef450d29013a3d3fba867a12a249d7b1?s=96&d=mm&r=g","contentUrl":"https:\/\/secure.gravatar.com\/avatar\/ef450d29013a3d3fba867a12a249d7b1?s=96&d=mm&r=g","caption":"Portal Raizes"},"url":"https:\/\/portalraizesnoticias.com.br\/?author=3"}]}},"_links":{"self":[{"href":"https:\/\/portalraizesnoticias.com.br\/index.php?rest_route=\/wp\/v2\/posts\/5408"}],"collection":[{"href":"https:\/\/portalraizesnoticias.com.br\/index.php?rest_route=\/wp\/v2\/posts"}],"about":[{"href":"https:\/\/portalraizesnoticias.com.br\/index.php?rest_route=\/wp\/v2\/types\/post"}],"author":[{"embeddable":true,"href":"https:\/\/portalraizesnoticias.com.br\/index.php?rest_route=\/wp\/v2\/users\/3"}],"replies":[{"embeddable":true,"href":"https:\/\/portalraizesnoticias.com.br\/index.php?rest_route=%2Fwp%2Fv2%2Fcomments&post=5408"}],"version-history":[{"count":4,"href":"https:\/\/portalraizesnoticias.com.br\/index.php?rest_route=\/wp\/v2\/posts\/5408\/revisions"}],"predecessor-version":[{"id":5420,"href":"https:\/\/portalraizesnoticias.com.br\/index.php?rest_route=\/wp\/v2\/posts\/5408\/revisions\/5420"}],"wp:featuredmedia":[{"embeddable":true,"href":"https:\/\/portalraizesnoticias.com.br\/index.php?rest_route=\/wp\/v2\/media\/5409"}],"wp:attachment":[{"href":"https:\/\/portalraizesnoticias.com.br\/index.php?rest_route=%2Fwp%2Fv2%2Fmedia&parent=5408"}],"wp:term":[{"taxonomy":"category","embeddable":true,"href":"https:\/\/portalraizesnoticias.com.br\/index.php?rest_route=%2Fwp%2Fv2%2Fcategories&post=5408"},{"taxonomy":"post_tag","embeddable":true,"href":"https:\/\/portalraizesnoticias.com.br\/index.php?rest_route=%2Fwp%2Fv2%2Ftags&post=5408"}],"curies":[{"name":"wp","href":"https:\/\/api.w.org\/{rel}","templated":true}]}}