{"id":5371,"date":"2025-03-21T10:20:28","date_gmt":"2025-03-21T13:20:28","guid":{"rendered":"https:\/\/portalraizesnoticias.com.br\/?p=5371"},"modified":"2025-03-21T10:32:05","modified_gmt":"2025-03-21T13:32:05","slug":"video-acao-rapida-da-pm-impede-furto-em-estabelecimento-comercial-no-distrito-de-salgadalia-em-conceicao-do-coite","status":"publish","type":"post","link":"https:\/\/portalraizesnoticias.com.br\/?p=5371","title":{"rendered":"V\u00eddeo: A\u00e7\u00e3o r\u00e1pida da PM impede furto em estabelecimento comercial no distrito de Salgad\u00e1lia em Concei\u00e7\u00e3o do Coit\u00e9"},"content":{"rendered":"<p>Na madrugada desta sexta-feira (21), por volta de 01h40, policiais militares que estavam de plant\u00e3o impediram que um indiv\u00edduo levasse itens de um bar na Rua da Rodagem, distrito de Salgad\u00e1lia, Concei\u00e7\u00e3o do Coit\u00e9, Bahia.\u00a0<\/p>\n<p><img fetchpriority=\"high\" decoding=\"async\" class=\"size-medium wp-image-5171 aligncenter\" src=\"https:\/\/portalraizesnoticias.com.br\/wp-content\/uploads\/2025\/03\/Imagem-do-WhatsApp-de-2025-03-06-as-10.00.20_0bd207c7-300x295.jpg\" alt=\"\" width=\"300\" height=\"295\" srcset=\"https:\/\/portalraizesnoticias.com.br\/wp-content\/uploads\/2025\/03\/Imagem-do-WhatsApp-de-2025-03-06-as-10.00.20_0bd207c7-300x295.jpg 300w, https:\/\/portalraizesnoticias.com.br\/wp-content\/uploads\/2025\/03\/Imagem-do-WhatsApp-de-2025-03-06-as-10.00.20_0bd207c7.jpg 720w\" sizes=\"(max-width: 300px) 100vw, 300px\" \/><\/p>\n<p style=\"text-align: center;\"><strong>PUBLICIDADE<\/strong>\u00a0<\/p>\n<p>Segundo informa\u00e7\u00f5es apuradas pelo Portal Ra\u00edzes junto \u00e0 pol\u00edcia, a guarni\u00e7\u00e3o foi acionada para comparecer ao estabelecimento devido \u00e0 suspeita de arrombamento.\u00a0<\/p>\n<p>Ao chegarem no local, encontraram um homem nas proximidades com os itens provenientes do furto (Botij\u00e3o, ventilador, sanduicheira e outros utens\u00edlios).\u00a0 Confira o v\u00eddeo registrado por c\u00e2meras de seguran\u00e7a:<\/p>\n<div style=\"width: 960px;\" class=\"wp-video\"><!--[if lt IE 9]><script>document.createElement('video');<\/script><![endif]-->\n<video class=\"wp-video-shortcode\" id=\"video-5371-1\" width=\"960\" height=\"540\" preload=\"metadata\" controls=\"controls\"><source type=\"video\/mp4\" src=\"https:\/\/portalraizesnoticias.com.br\/wp-content\/uploads\/2025\/03\/lv_0_20250321101316.mp4?_=1\" \/><a href=\"https:\/\/portalraizesnoticias.com.br\/wp-content\/uploads\/2025\/03\/lv_0_20250321101316.mp4\">https:\/\/portalraizesnoticias.com.br\/wp-content\/uploads\/2025\/03\/lv_0_20250321101316.mp4<\/a><\/video><\/div>\n<p>Ao ser questionado, o indiv\u00edduo confirmou o furto e, conforme os PMs, estava sob efeito de subst\u00e2ncias il\u00edcitas.\u00a0<\/p>\n<p>Diante das informa\u00e7\u00f5es, os militares entraram em contato com o dono do bar e perguntaram se gostaria de ser conduzido para o registro da ocorr\u00eancia, a qual negou.\u00a0<\/p>\n<p><img decoding=\"async\" class=\"size-medium wp-image-4263 aligncenter\" src=\"https:\/\/portalraizesnoticias.com.br\/wp-content\/uploads\/2025\/01\/IMG-20250120-WA0370-210x300.jpg\" alt=\"\" width=\"210\" height=\"300\" srcset=\"https:\/\/portalraizesnoticias.com.br\/wp-content\/uploads\/2025\/01\/IMG-20250120-WA0370-210x300.jpg 210w, https:\/\/portalraizesnoticias.com.br\/wp-content\/uploads\/2025\/01\/IMG-20250120-WA0370-717x1024.jpg 717w, https:\/\/portalraizesnoticias.com.br\/wp-content\/uploads\/2025\/01\/IMG-20250120-WA0370-768x1096.jpg 768w, https:\/\/portalraizesnoticias.com.br\/wp-content\/uploads\/2025\/01\/IMG-20250120-WA0370-1076x1536.jpg 1076w, https:\/\/portalraizesnoticias.com.br\/wp-content\/uploads\/2025\/01\/IMG-20250120-WA0370.jpg 1121w\" sizes=\"(max-width: 210px) 100vw, 210px\" \/><\/p>\n<p style=\"text-align: center;\"><strong>PUBLICIDADE<\/strong>\u00a0<\/p>\n<p>Conforme relato do propriet\u00e1rio do bar, ele afirmou conhecer a fam\u00edlia do acusado desde a inf\u00e2ncia e n\u00e3o gostaria de represent\u00e1-lo.\u00a0<\/p>\n<p><img decoding=\"async\" class=\"size-medium wp-image-3169 aligncenter\" src=\"https:\/\/portalraizesnoticias.com.br\/wp-content\/uploads\/2024\/12\/01-300x179.png\" alt=\"\" width=\"300\" height=\"179\" srcset=\"https:\/\/portalraizesnoticias.com.br\/wp-content\/uploads\/2024\/12\/01-300x179.png 300w, https:\/\/portalraizesnoticias.com.br\/wp-content\/uploads\/2024\/12\/01-1024x611.png 1024w, https:\/\/portalraizesnoticias.com.br\/wp-content\/uploads\/2024\/12\/01-768x458.png 768w, https:\/\/portalraizesnoticias.com.br\/wp-content\/uploads\/2024\/12\/01-1536x917.png 1536w, https:\/\/portalraizesnoticias.com.br\/wp-content\/uploads\/2024\/12\/01-2048x1222.png 2048w\" sizes=\"(max-width: 300px) 100vw, 300px\" \/><\/p>\n<p style=\"text-align: center;\"><strong>PUBLICIDADE<\/strong>\u00a0<\/p>\n<p>Dessa forma, os PMs fizeram o rapaz devolver os pertences ao dono e, em seguida, o levaram \u00e0 casa do genitor.<\/p>\n<p>Reda\u00e7\u00e3o Portal Ra\u00edzes com informa\u00e7\u00f5es da PM\u00a0<\/p>\n<p>V\u00eddeo: Redes sociais<\/p>\n\n\n<p><\/p>\n","protected":false},"excerpt":{"rendered":"<p>Na madrugada desta sexta-feira (21), por volta de 01h40, policiais militares que estavam de plant\u00e3o impediram que um indiv\u00edduo levasse itens de um bar na Rua da Rodagem, distrito de Salgad\u00e1lia, Concei\u00e7\u00e3o do Coit\u00e9, Bahia.\u00a0 PUBLICIDADE\u00a0 Segundo informa\u00e7\u00f5es apuradas pelo Portal Ra\u00edzes junto \u00e0 pol\u00edcia, a guarni\u00e7\u00e3o foi acionada para comparecer ao estabelecimento devido \u00e0 suspeita de arrombamento.\u00a0 Ao chegarem no local, encontraram um homem nas proximidades com os itens provenientes do furto (Botij\u00e3o, ventilador, sanduicheira e outros utens\u00edlios).\u00a0 Confira o v\u00eddeo registrado por c\u00e2meras de seguran\u00e7a: Ao ser questionado, o indiv\u00edduo confirmou o furto e, conforme os PMs, estava sob efeito de subst\u00e2ncias il\u00edcitas.\u00a0 Diante das informa\u00e7\u00f5es, os militares entraram em contato com o dono do bar e perguntaram se gostaria de ser conduzido para o registro da ocorr\u00eancia, a qual negou.\u00a0 PUBLICIDADE\u00a0 Conforme relato do propriet\u00e1rio do bar, ele afirmou conhecer a fam\u00edlia do acusado desde a inf\u00e2ncia e n\u00e3o gostaria de represent\u00e1-lo.\u00a0 PUBLICIDADE\u00a0 Dessa forma, os PMs fizeram o rapaz devolver os pertences ao dono e, em seguida, o levaram \u00e0 casa do genitor. Reda\u00e7\u00e3o Portal Ra\u00edzes com informa\u00e7\u00f5es da PM\u00a0 V\u00eddeo: Redes sociais<\/p>\n","protected":false},"author":3,"featured_media":5374,"comment_status":"open","ping_status":"open","sticky":false,"template":"","format":"standard","meta":{"_joinchat":[],"footnotes":""},"categories":[55,67,59],"tags":[75,291,85],"class_list":["post-5371","post","type-post","status-publish","format-standard","has-post-thumbnail","hentry","category-destaques","category-policia","category-ultimas-noticias","tag-coite","tag-furto","tag-salgadalia"],"yoast_head":"<!-- This site is optimized with the Yoast SEO plugin v24.4 - https:\/\/yoast.com\/wordpress\/plugins\/seo\/ -->\n<title>V\u00eddeo: A\u00e7\u00e3o r\u00e1pida da PM impede furto em estabelecimento comercial no distrito de Salgad\u00e1lia em Concei\u00e7\u00e3o do Coit\u00e9 - Portal raizes noticias<\/title>\n<meta name=\"robots\" content=\"index, follow, max-snippet:-1, max-image-preview:large, max-video-preview:-1\" \/>\n<link rel=\"canonical\" href=\"https:\/\/portalraizesnoticias.com.br\/?p=5371\" \/>\n<meta property=\"og:locale\" content=\"pt_BR\" \/>\n<meta property=\"og:type\" content=\"article\" \/>\n<meta property=\"og:title\" content=\"V\u00eddeo: A\u00e7\u00e3o r\u00e1pida da PM impede furto em estabelecimento comercial no distrito de Salgad\u00e1lia em Concei\u00e7\u00e3o do Coit\u00e9 - Portal raizes noticias\" \/>\n<meta property=\"og:description\" content=\"Na madrugada desta sexta-feira (21), por volta de 01h40, policiais militares que estavam de plant\u00e3o impediram que um indiv\u00edduo levasse itens de um bar na Rua da Rodagem, distrito de Salgad\u00e1lia, Concei\u00e7\u00e3o do Coit\u00e9, Bahia.\u00a0 PUBLICIDADE\u00a0 Segundo informa\u00e7\u00f5es apuradas pelo Portal Ra\u00edzes junto \u00e0 pol\u00edcia, a guarni\u00e7\u00e3o foi acionada para comparecer ao estabelecimento devido \u00e0 suspeita de arrombamento.\u00a0 Ao chegarem no local, encontraram um homem nas proximidades com os itens provenientes do furto (Botij\u00e3o, ventilador, sanduicheira e outros utens\u00edlios).\u00a0 Confira o v\u00eddeo registrado por c\u00e2meras de seguran\u00e7a: Ao ser questionado, o indiv\u00edduo confirmou o furto e, conforme os PMs, estava sob efeito de subst\u00e2ncias il\u00edcitas.\u00a0 Diante das informa\u00e7\u00f5es, os militares entraram em contato com o dono do bar e perguntaram se gostaria de ser conduzido para o registro da ocorr\u00eancia, a qual negou.\u00a0 PUBLICIDADE\u00a0 Conforme relato do propriet\u00e1rio do bar, ele afirmou conhecer a fam\u00edlia do acusado desde a inf\u00e2ncia e n\u00e3o gostaria de represent\u00e1-lo.\u00a0 PUBLICIDADE\u00a0 Dessa forma, os PMs fizeram o rapaz devolver os pertences ao dono e, em seguida, o levaram \u00e0 casa do genitor. Reda\u00e7\u00e3o Portal Ra\u00edzes com informa\u00e7\u00f5es da PM\u00a0 V\u00eddeo: Redes sociais\" \/>\n<meta property=\"og:url\" content=\"https:\/\/portalraizesnoticias.com.br\/?p=5371\" \/>\n<meta property=\"og:site_name\" content=\"Portal raizes noticias\" \/>\n<meta property=\"article:published_time\" content=\"2025-03-21T13:20:28+00:00\" \/>\n<meta property=\"article:modified_time\" content=\"2025-03-21T13:32:05+00:00\" \/>\n<meta property=\"og:image\" content=\"https:\/\/portalraizesnoticias.com.br\/wp-content\/uploads\/2025\/03\/IMG-20250321-WA00611.jpg\" \/>\n\t<meta property=\"og:image:width\" content=\"748\" \/>\n\t<meta property=\"og:image:height\" content=\"504\" \/>\n\t<meta property=\"og:image:type\" content=\"image\/jpeg\" \/>\n<meta name=\"author\" content=\"Portal Raizes\" \/>\n<meta name=\"twitter:card\" content=\"summary_large_image\" \/>\n<meta name=\"twitter:label1\" content=\"Escrito por\" \/>\n\t<meta name=\"twitter:data1\" content=\"Portal Raizes\" \/>\n\t<meta name=\"twitter:label2\" content=\"Est. tempo de leitura\" \/>\n\t<meta name=\"twitter:data2\" content=\"2 minutos\" \/>\n<script type=\"application\/ld+json\" class=\"yoast-schema-graph\">{\"@context\":\"https:\/\/schema.org\",\"@graph\":[{\"@type\":\"Article\",\"@id\":\"https:\/\/portalraizesnoticias.com.br\/?p=5371#article\",\"isPartOf\":{\"@id\":\"https:\/\/portalraizesnoticias.com.br\/?p=5371\"},\"author\":{\"name\":\"Portal Raizes\",\"@id\":\"https:\/\/portalraizesnoticias.com.br\/#\/schema\/person\/a3ca6b0fc701e78df19756c417d943ae\"},\"headline\":\"V\u00eddeo: A\u00e7\u00e3o r\u00e1pida da PM impede furto em estabelecimento comercial no distrito de Salgad\u00e1lia em Concei\u00e7\u00e3o do Coit\u00e9\",\"datePublished\":\"2025-03-21T13:20:28+00:00\",\"dateModified\":\"2025-03-21T13:32:05+00:00\",\"mainEntityOfPage\":{\"@id\":\"https:\/\/portalraizesnoticias.com.br\/?p=5371\"},\"wordCount\":246,\"commentCount\":0,\"publisher\":{\"@id\":\"https:\/\/portalraizesnoticias.com.br\/#organization\"},\"image\":{\"@id\":\"https:\/\/portalraizesnoticias.com.br\/?p=5371#primaryimage\"},\"thumbnailUrl\":\"https:\/\/portalraizesnoticias.com.br\/wp-content\/uploads\/2025\/03\/IMG-20250321-WA00611.jpg\",\"keywords\":[\"Coit\u00e9\",\"Furto\",\"Salgad\u00e1lia\"],\"articleSection\":[\"DESTAQUES\",\"POLICIA\",\"ULTIMAS NOTICIAS\"],\"inLanguage\":\"pt-BR\",\"potentialAction\":[{\"@type\":\"CommentAction\",\"name\":\"Comment\",\"target\":[\"https:\/\/portalraizesnoticias.com.br\/?p=5371#respond\"]}]},{\"@type\":\"WebPage\",\"@id\":\"https:\/\/portalraizesnoticias.com.br\/?p=5371\",\"url\":\"https:\/\/portalraizesnoticias.com.br\/?p=5371\",\"name\":\"V\u00eddeo: A\u00e7\u00e3o r\u00e1pida da PM impede furto em estabelecimento comercial no distrito de Salgad\u00e1lia em Concei\u00e7\u00e3o do Coit\u00e9 - Portal raizes noticias\",\"isPartOf\":{\"@id\":\"https:\/\/portalraizesnoticias.com.br\/#website\"},\"primaryImageOfPage\":{\"@id\":\"https:\/\/portalraizesnoticias.com.br\/?p=5371#primaryimage\"},\"image\":{\"@id\":\"https:\/\/portalraizesnoticias.com.br\/?p=5371#primaryimage\"},\"thumbnailUrl\":\"https:\/\/portalraizesnoticias.com.br\/wp-content\/uploads\/2025\/03\/IMG-20250321-WA00611.jpg\",\"datePublished\":\"2025-03-21T13:20:28+00:00\",\"dateModified\":\"2025-03-21T13:32:05+00:00\",\"breadcrumb\":{\"@id\":\"https:\/\/portalraizesnoticias.com.br\/?p=5371#breadcrumb\"},\"inLanguage\":\"pt-BR\",\"potentialAction\":[{\"@type\":\"ReadAction\",\"target\":[\"https:\/\/portalraizesnoticias.com.br\/?p=5371\"]}]},{\"@type\":\"ImageObject\",\"inLanguage\":\"pt-BR\",\"@id\":\"https:\/\/portalraizesnoticias.com.br\/?p=5371#primaryimage\",\"url\":\"https:\/\/portalraizesnoticias.com.br\/wp-content\/uploads\/2025\/03\/IMG-20250321-WA00611.jpg\",\"contentUrl\":\"https:\/\/portalraizesnoticias.com.br\/wp-content\/uploads\/2025\/03\/IMG-20250321-WA00611.jpg\",\"width\":748,\"height\":504},{\"@type\":\"BreadcrumbList\",\"@id\":\"https:\/\/portalraizesnoticias.com.br\/?p=5371#breadcrumb\",\"itemListElement\":[{\"@type\":\"ListItem\",\"position\":1,\"name\":\"In\u00edcio\",\"item\":\"https:\/\/portalraizesnoticias.com.br\/\"},{\"@type\":\"ListItem\",\"position\":2,\"name\":\"V\u00eddeo: A\u00e7\u00e3o r\u00e1pida da PM impede furto em estabelecimento comercial no distrito de Salgad\u00e1lia em Concei\u00e7\u00e3o do Coit\u00e9\"}]},{\"@type\":\"WebSite\",\"@id\":\"https:\/\/portalraizesnoticias.com.br\/#website\",\"url\":\"https:\/\/portalraizesnoticias.com.br\/\",\"name\":\"Portal raizes NOTICIAS\",\"description\":\"site de noticias de concei\u00e7\u00e3o do coit\u00e9 e regi\u00e3o\",\"publisher\":{\"@id\":\"https:\/\/portalraizesnoticias.com.br\/#organization\"},\"alternateName\":\"PORTAL RAIZES COIT\u00c9\",\"potentialAction\":[{\"@type\":\"SearchAction\",\"target\":{\"@type\":\"EntryPoint\",\"urlTemplate\":\"https:\/\/portalraizesnoticias.com.br\/?s={search_term_string}\"},\"query-input\":{\"@type\":\"PropertyValueSpecification\",\"valueRequired\":true,\"valueName\":\"search_term_string\"}}],\"inLanguage\":\"pt-BR\"},{\"@type\":\"Organization\",\"@id\":\"https:\/\/portalraizesnoticias.com.br\/#organization\",\"name\":\"Portal raizes NOTICIAS\",\"url\":\"https:\/\/portalraizesnoticias.com.br\/\",\"logo\":{\"@type\":\"ImageObject\",\"inLanguage\":\"pt-BR\",\"@id\":\"https:\/\/portalraizesnoticias.com.br\/#\/schema\/logo\/image\/\",\"url\":\"https:\/\/portalraizesnoticias.com.br\/wp-content\/uploads\/2024\/09\/cropped-Captura-de-tela-2024-09-08-011108.png\",\"contentUrl\":\"https:\/\/portalraizesnoticias.com.br\/wp-content\/uploads\/2024\/09\/cropped-Captura-de-tela-2024-09-08-011108.png\",\"width\":606,\"height\":173,\"caption\":\"Portal raizes NOTICIAS\"},\"image\":{\"@id\":\"https:\/\/portalraizesnoticias.com.br\/#\/schema\/logo\/image\/\"}},{\"@type\":\"Person\",\"@id\":\"https:\/\/portalraizesnoticias.com.br\/#\/schema\/person\/a3ca6b0fc701e78df19756c417d943ae\",\"name\":\"Portal Raizes\",\"image\":{\"@type\":\"ImageObject\",\"inLanguage\":\"pt-BR\",\"@id\":\"https:\/\/portalraizesnoticias.com.br\/#\/schema\/person\/image\/\",\"url\":\"https:\/\/secure.gravatar.com\/avatar\/ef450d29013a3d3fba867a12a249d7b1?s=96&d=mm&r=g\",\"contentUrl\":\"https:\/\/secure.gravatar.com\/avatar\/ef450d29013a3d3fba867a12a249d7b1?s=96&d=mm&r=g\",\"caption\":\"Portal Raizes\"},\"url\":\"https:\/\/portalraizesnoticias.com.br\/?author=3\"}]}<\/script>\n<!-- \/ Yoast SEO plugin. -->","yoast_head_json":{"title":"V\u00eddeo: A\u00e7\u00e3o r\u00e1pida da PM impede furto em estabelecimento comercial no distrito de Salgad\u00e1lia em Concei\u00e7\u00e3o do Coit\u00e9 - Portal raizes noticias","robots":{"index":"index","follow":"follow","max-snippet":"max-snippet:-1","max-image-preview":"max-image-preview:large","max-video-preview":"max-video-preview:-1"},"canonical":"https:\/\/portalraizesnoticias.com.br\/?p=5371","og_locale":"pt_BR","og_type":"article","og_title":"V\u00eddeo: A\u00e7\u00e3o r\u00e1pida da PM impede furto em estabelecimento comercial no distrito de Salgad\u00e1lia em Concei\u00e7\u00e3o do Coit\u00e9 - Portal raizes noticias","og_description":"Na madrugada desta sexta-feira (21), por volta de 01h40, policiais militares que estavam de plant\u00e3o impediram que um indiv\u00edduo levasse itens de um bar na Rua da Rodagem, distrito de Salgad\u00e1lia, Concei\u00e7\u00e3o do Coit\u00e9, Bahia.\u00a0 PUBLICIDADE\u00a0 Segundo informa\u00e7\u00f5es apuradas pelo Portal Ra\u00edzes junto \u00e0 pol\u00edcia, a guarni\u00e7\u00e3o foi acionada para comparecer ao estabelecimento devido \u00e0 suspeita de arrombamento.\u00a0 Ao chegarem no local, encontraram um homem nas proximidades com os itens provenientes do furto (Botij\u00e3o, ventilador, sanduicheira e outros utens\u00edlios).\u00a0 Confira o v\u00eddeo registrado por c\u00e2meras de seguran\u00e7a: Ao ser questionado, o indiv\u00edduo confirmou o furto e, conforme os PMs, estava sob efeito de subst\u00e2ncias il\u00edcitas.\u00a0 Diante das informa\u00e7\u00f5es, os militares entraram em contato com o dono do bar e perguntaram se gostaria de ser conduzido para o registro da ocorr\u00eancia, a qual negou.\u00a0 PUBLICIDADE\u00a0 Conforme relato do propriet\u00e1rio do bar, ele afirmou conhecer a fam\u00edlia do acusado desde a inf\u00e2ncia e n\u00e3o gostaria de represent\u00e1-lo.\u00a0 PUBLICIDADE\u00a0 Dessa forma, os PMs fizeram o rapaz devolver os pertences ao dono e, em seguida, o levaram \u00e0 casa do genitor. Reda\u00e7\u00e3o Portal Ra\u00edzes com informa\u00e7\u00f5es da PM\u00a0 V\u00eddeo: Redes sociais","og_url":"https:\/\/portalraizesnoticias.com.br\/?p=5371","og_site_name":"Portal raizes noticias","article_published_time":"2025-03-21T13:20:28+00:00","article_modified_time":"2025-03-21T13:32:05+00:00","og_image":[{"width":748,"height":504,"url":"https:\/\/portalraizesnoticias.com.br\/wp-content\/uploads\/2025\/03\/IMG-20250321-WA00611.jpg","type":"image\/jpeg"}],"author":"Portal Raizes","twitter_card":"summary_large_image","twitter_misc":{"Escrito por":"Portal Raizes","Est. tempo de leitura":"2 minutos"},"schema":{"@context":"https:\/\/schema.org","@graph":[{"@type":"Article","@id":"https:\/\/portalraizesnoticias.com.br\/?p=5371#article","isPartOf":{"@id":"https:\/\/portalraizesnoticias.com.br\/?p=5371"},"author":{"name":"Portal Raizes","@id":"https:\/\/portalraizesnoticias.com.br\/#\/schema\/person\/a3ca6b0fc701e78df19756c417d943ae"},"headline":"V\u00eddeo: A\u00e7\u00e3o r\u00e1pida da PM impede furto em estabelecimento comercial no distrito de Salgad\u00e1lia em Concei\u00e7\u00e3o do Coit\u00e9","datePublished":"2025-03-21T13:20:28+00:00","dateModified":"2025-03-21T13:32:05+00:00","mainEntityOfPage":{"@id":"https:\/\/portalraizesnoticias.com.br\/?p=5371"},"wordCount":246,"commentCount":0,"publisher":{"@id":"https:\/\/portalraizesnoticias.com.br\/#organization"},"image":{"@id":"https:\/\/portalraizesnoticias.com.br\/?p=5371#primaryimage"},"thumbnailUrl":"https:\/\/portalraizesnoticias.com.br\/wp-content\/uploads\/2025\/03\/IMG-20250321-WA00611.jpg","keywords":["Coit\u00e9","Furto","Salgad\u00e1lia"],"articleSection":["DESTAQUES","POLICIA","ULTIMAS NOTICIAS"],"inLanguage":"pt-BR","potentialAction":[{"@type":"CommentAction","name":"Comment","target":["https:\/\/portalraizesnoticias.com.br\/?p=5371#respond"]}]},{"@type":"WebPage","@id":"https:\/\/portalraizesnoticias.com.br\/?p=5371","url":"https:\/\/portalraizesnoticias.com.br\/?p=5371","name":"V\u00eddeo: A\u00e7\u00e3o r\u00e1pida da PM impede furto em estabelecimento comercial no distrito de Salgad\u00e1lia em Concei\u00e7\u00e3o do Coit\u00e9 - Portal raizes noticias","isPartOf":{"@id":"https:\/\/portalraizesnoticias.com.br\/#website"},"primaryImageOfPage":{"@id":"https:\/\/portalraizesnoticias.com.br\/?p=5371#primaryimage"},"image":{"@id":"https:\/\/portalraizesnoticias.com.br\/?p=5371#primaryimage"},"thumbnailUrl":"https:\/\/portalraizesnoticias.com.br\/wp-content\/uploads\/2025\/03\/IMG-20250321-WA00611.jpg","datePublished":"2025-03-21T13:20:28+00:00","dateModified":"2025-03-21T13:32:05+00:00","breadcrumb":{"@id":"https:\/\/portalraizesnoticias.com.br\/?p=5371#breadcrumb"},"inLanguage":"pt-BR","potentialAction":[{"@type":"ReadAction","target":["https:\/\/portalraizesnoticias.com.br\/?p=5371"]}]},{"@type":"ImageObject","inLanguage":"pt-BR","@id":"https:\/\/portalraizesnoticias.com.br\/?p=5371#primaryimage","url":"https:\/\/portalraizesnoticias.com.br\/wp-content\/uploads\/2025\/03\/IMG-20250321-WA00611.jpg","contentUrl":"https:\/\/portalraizesnoticias.com.br\/wp-content\/uploads\/2025\/03\/IMG-20250321-WA00611.jpg","width":748,"height":504},{"@type":"BreadcrumbList","@id":"https:\/\/portalraizesnoticias.com.br\/?p=5371#breadcrumb","itemListElement":[{"@type":"ListItem","position":1,"name":"In\u00edcio","item":"https:\/\/portalraizesnoticias.com.br\/"},{"@type":"ListItem","position":2,"name":"V\u00eddeo: A\u00e7\u00e3o r\u00e1pida da PM impede furto em estabelecimento comercial no distrito de Salgad\u00e1lia em Concei\u00e7\u00e3o do Coit\u00e9"}]},{"@type":"WebSite","@id":"https:\/\/portalraizesnoticias.com.br\/#website","url":"https:\/\/portalraizesnoticias.com.br\/","name":"Portal raizes NOTICIAS","description":"site de noticias de concei\u00e7\u00e3o do coit\u00e9 e regi\u00e3o","publisher":{"@id":"https:\/\/portalraizesnoticias.com.br\/#organization"},"alternateName":"PORTAL RAIZES COIT\u00c9","potentialAction":[{"@type":"SearchAction","target":{"@type":"EntryPoint","urlTemplate":"https:\/\/portalraizesnoticias.com.br\/?s={search_term_string}"},"query-input":{"@type":"PropertyValueSpecification","valueRequired":true,"valueName":"search_term_string"}}],"inLanguage":"pt-BR"},{"@type":"Organization","@id":"https:\/\/portalraizesnoticias.com.br\/#organization","name":"Portal raizes NOTICIAS","url":"https:\/\/portalraizesnoticias.com.br\/","logo":{"@type":"ImageObject","inLanguage":"pt-BR","@id":"https:\/\/portalraizesnoticias.com.br\/#\/schema\/logo\/image\/","url":"https:\/\/portalraizesnoticias.com.br\/wp-content\/uploads\/2024\/09\/cropped-Captura-de-tela-2024-09-08-011108.png","contentUrl":"https:\/\/portalraizesnoticias.com.br\/wp-content\/uploads\/2024\/09\/cropped-Captura-de-tela-2024-09-08-011108.png","width":606,"height":173,"caption":"Portal raizes NOTICIAS"},"image":{"@id":"https:\/\/portalraizesnoticias.com.br\/#\/schema\/logo\/image\/"}},{"@type":"Person","@id":"https:\/\/portalraizesnoticias.com.br\/#\/schema\/person\/a3ca6b0fc701e78df19756c417d943ae","name":"Portal Raizes","image":{"@type":"ImageObject","inLanguage":"pt-BR","@id":"https:\/\/portalraizesnoticias.com.br\/#\/schema\/person\/image\/","url":"https:\/\/secure.gravatar.com\/avatar\/ef450d29013a3d3fba867a12a249d7b1?s=96&d=mm&r=g","contentUrl":"https:\/\/secure.gravatar.com\/avatar\/ef450d29013a3d3fba867a12a249d7b1?s=96&d=mm&r=g","caption":"Portal Raizes"},"url":"https:\/\/portalraizesnoticias.com.br\/?author=3"}]}},"_links":{"self":[{"href":"https:\/\/portalraizesnoticias.com.br\/index.php?rest_route=\/wp\/v2\/posts\/5371"}],"collection":[{"href":"https:\/\/portalraizesnoticias.com.br\/index.php?rest_route=\/wp\/v2\/posts"}],"about":[{"href":"https:\/\/portalraizesnoticias.com.br\/index.php?rest_route=\/wp\/v2\/types\/post"}],"author":[{"embeddable":true,"href":"https:\/\/portalraizesnoticias.com.br\/index.php?rest_route=\/wp\/v2\/users\/3"}],"replies":[{"embeddable":true,"href":"https:\/\/portalraizesnoticias.com.br\/index.php?rest_route=%2Fwp%2Fv2%2Fcomments&post=5371"}],"version-history":[{"count":3,"href":"https:\/\/portalraizesnoticias.com.br\/index.php?rest_route=\/wp\/v2\/posts\/5371\/revisions"}],"predecessor-version":[{"id":5378,"href":"https:\/\/portalraizesnoticias.com.br\/index.php?rest_route=\/wp\/v2\/posts\/5371\/revisions\/5378"}],"wp:featuredmedia":[{"embeddable":true,"href":"https:\/\/portalraizesnoticias.com.br\/index.php?rest_route=\/wp\/v2\/media\/5374"}],"wp:attachment":[{"href":"https:\/\/portalraizesnoticias.com.br\/index.php?rest_route=%2Fwp%2Fv2%2Fmedia&parent=5371"}],"wp:term":[{"taxonomy":"category","embeddable":true,"href":"https:\/\/portalraizesnoticias.com.br\/index.php?rest_route=%2Fwp%2Fv2%2Fcategories&post=5371"},{"taxonomy":"post_tag","embeddable":true,"href":"https:\/\/portalraizesnoticias.com.br\/index.php?rest_route=%2Fwp%2Fv2%2Ftags&post=5371"}],"curies":[{"name":"wp","href":"https:\/\/api.w.org\/{rel}","templated":true}]}}