{"id":5358,"date":"2025-03-20T18:58:30","date_gmt":"2025-03-20T21:58:30","guid":{"rendered":"https:\/\/portalraizesnoticias.com.br\/?p=5358"},"modified":"2025-03-20T18:59:12","modified_gmt":"2025-03-20T21:59:12","slug":"coite-numero-de-apreensoes-de-motos-sucata-reforca-alerta-a-populacao-circular-com-esses-veiculos-pode-causar-pena-de-4-a-8-anos-e-multa","status":"publish","type":"post","link":"https:\/\/portalraizesnoticias.com.br\/?p=5358","title":{"rendered":"Coit\u00e9: N\u00famero de apreens\u00f5es de motos sucata refor\u00e7a alerta \u00e1 popula\u00e7\u00e3o: Circular com esses ve\u00edculos  pode causar pena de 4 a 8 anos  e multa"},"content":{"rendered":"<p>Diariamente, a Pol\u00edcia Militar de Concei\u00e7\u00e3o do Coit\u00e9 tem realizado diversas apreens\u00f5es de motocicletas sucatas ou provenientes de furto\/roubo que est\u00e3o circulando pelo munic\u00edpio.<\/p>\n<p><img fetchpriority=\"high\" decoding=\"async\" class=\"size-medium wp-image-5361 aligncenter\" src=\"https:\/\/portalraizesnoticias.com.br\/wp-content\/uploads\/2025\/03\/IMG-20250219-WA0132-225x300.jpg\" alt=\"\" width=\"225\" height=\"300\" srcset=\"https:\/\/portalraizesnoticias.com.br\/wp-content\/uploads\/2025\/03\/IMG-20250219-WA0132-225x300.jpg 225w, https:\/\/portalraizesnoticias.com.br\/wp-content\/uploads\/2025\/03\/IMG-20250219-WA0132-768x1024.jpg 768w, https:\/\/portalraizesnoticias.com.br\/wp-content\/uploads\/2025\/03\/IMG-20250219-WA0132-1152x1536.jpg 1152w, https:\/\/portalraizesnoticias.com.br\/wp-content\/uploads\/2025\/03\/IMG-20250219-WA0132.jpg 1200w\" sizes=\"(max-width: 225px) 100vw, 225px\" \/><\/p>\n<p>No entanto, o que muitos n\u00e3o t\u00eam conhecimento ou possuem a informa\u00e7\u00e3o, mas que n\u00e3o se adequam, \u00e9 a altera\u00e7\u00e3o na lei 14.562 sancionada em abril de 2023.<\/p>\n<p>No artigo anterior \u00e0 altera\u00e7\u00e3o da lei, considerava crime somente a adultera\u00e7\u00e3o dos sinais identificadores de ve\u00edculos automotores.<\/p>\n<p><img decoding=\"async\" class=\"size-medium wp-image-5362 aligncenter\" src=\"https:\/\/portalraizesnoticias.com.br\/wp-content\/uploads\/2025\/03\/IMG-20250219-WA01242-300x213.jpg\" alt=\"\" width=\"300\" height=\"213\" srcset=\"https:\/\/portalraizesnoticias.com.br\/wp-content\/uploads\/2025\/03\/IMG-20250219-WA01242-300x213.jpg 300w, https:\/\/portalraizesnoticias.com.br\/wp-content\/uploads\/2025\/03\/IMG-20250219-WA01242.jpg 759w\" sizes=\"(max-width: 300px) 100vw, 300px\" \/><\/p>\n<p>Com a altera\u00e7\u00e3o, foi estendida a criminaliza\u00e7\u00e3o aos ve\u00edculos n\u00e3o automotores. A aplica\u00e7\u00e3o tamb\u00e9m se aplica a funcion\u00e1rio p\u00fablico que contribui para o licenciamento ou registro do ve\u00edculo remarcado, ou adulterado, fornecendo indevidamente material ou informa\u00e7\u00e3o oficial.<\/p>\n<p>Para melhor entendimento, motos sucatas sem documenta\u00e7\u00e3o s\u00e3o ve\u00edculos que n\u00e3o podem voltar a circular, n\u00e3o t\u00eam direito \u00e0 documenta\u00e7\u00e3o, s\u00e3o vendidas apenas para desmanche, ou seja, n\u00e3o podem trafegar.<\/p>\n<p><img decoding=\"async\" class=\"size-medium wp-image-4639 aligncenter\" src=\"https:\/\/portalraizesnoticias.com.br\/wp-content\/uploads\/2025\/02\/IMG-20250205-WA0440-300x300.jpg\" alt=\"\" width=\"300\" height=\"300\" srcset=\"https:\/\/portalraizesnoticias.com.br\/wp-content\/uploads\/2025\/02\/IMG-20250205-WA0440-300x300.jpg 300w, https:\/\/portalraizesnoticias.com.br\/wp-content\/uploads\/2025\/02\/IMG-20250205-WA0440-1024x1024.jpg 1024w, https:\/\/portalraizesnoticias.com.br\/wp-content\/uploads\/2025\/02\/IMG-20250205-WA0440-150x150.jpg 150w, https:\/\/portalraizesnoticias.com.br\/wp-content\/uploads\/2025\/02\/IMG-20250205-WA0440-768x768.jpg 768w, https:\/\/portalraizesnoticias.com.br\/wp-content\/uploads\/2025\/02\/IMG-20250205-WA0440.jpg 1080w\" sizes=\"(max-width: 300px) 100vw, 300px\" \/><\/p>\n<p style=\"text-align: center;\"><strong>PUBLICIDADE<\/strong><\/p>\n<p>Qualquer pessoa que fizer essa pr\u00e1tica pode pegar pena de reclus\u00e3o de quatro a oito anos e multa.<\/p>\n<p>Em Coit\u00e9, por exemplo, em m\u00e9dia 3 motos que n\u00e3o deveriam estar circulando s\u00e3o apreendidas na cidade, totalizando 90 apreens\u00f5es no m\u00eas.<\/p>\n<p><strong>E por que a Pol\u00edcia Militar precisa agir?\u00a0<\/strong><\/p>\n<p>O Ra\u00edzes Not\u00edcias entrevistou nas \u00faltimas semanas o comandante da Regi\u00e3o Nordeste da Pol\u00edcia Militar, coronel Macedo J\u00fanior a qual explicou que muitas dessas sucatas s\u00e3o usadas para crimes, al\u00e9m disso, as motos usadas para outros fins acabam causando acidentes, pois, n\u00e3o est\u00e3o aptas para circular. .<\/p>\n<p><img loading=\"lazy\" decoding=\"async\" class=\"size-medium wp-image-5360 aligncenter\" src=\"https:\/\/portalraizesnoticias.com.br\/wp-content\/uploads\/2025\/03\/images-71-300x200.jpeg\" alt=\"\" width=\"300\" height=\"200\" srcset=\"https:\/\/portalraizesnoticias.com.br\/wp-content\/uploads\/2025\/03\/images-71-300x200.jpeg 300w, https:\/\/portalraizesnoticias.com.br\/wp-content\/uploads\/2025\/03\/images-71.jpeg 678w\" sizes=\"(max-width: 300px) 100vw, 300px\" \/><\/p>\n<p>\u201cNa verdade, muitos desses ve\u00edculos sucatas s\u00e3o provenientes de furto ou roubo, o qual algumas pessoas compram as motocicletas sucatas e colocam as pe\u00e7as das motos roubadas. N\u00e3o vamos admitir motos irregulares, pois o n\u00famero de acidentes aumentou e, com isso, a quantidade de interna\u00e7\u00f5es em hospitais subiu\u201d, falou Macedo.<\/p>\n<p><img loading=\"lazy\" decoding=\"async\" class=\"size-medium wp-image-3171 aligncenter\" src=\"https:\/\/portalraizesnoticias.com.br\/wp-content\/uploads\/2024\/12\/Brasao-Clube-de-Tiro-vetorizado-2-300x176.png\" alt=\"\" width=\"300\" height=\"176\" srcset=\"https:\/\/portalraizesnoticias.com.br\/wp-content\/uploads\/2024\/12\/Brasao-Clube-de-Tiro-vetorizado-2-300x176.png 300w, https:\/\/portalraizesnoticias.com.br\/wp-content\/uploads\/2024\/12\/Brasao-Clube-de-Tiro-vetorizado-2-1024x602.png 1024w, https:\/\/portalraizesnoticias.com.br\/wp-content\/uploads\/2024\/12\/Brasao-Clube-de-Tiro-vetorizado-2-768x451.png 768w, https:\/\/portalraizesnoticias.com.br\/wp-content\/uploads\/2024\/12\/Brasao-Clube-de-Tiro-vetorizado-2-1536x902.png 1536w, https:\/\/portalraizesnoticias.com.br\/wp-content\/uploads\/2024\/12\/Brasao-Clube-de-Tiro-vetorizado-2-2048x1203.png 2048w\" sizes=\"(max-width: 300px) 100vw, 300px\" \/><\/p>\n<p style=\"text-align: center;\"><strong>PUBLICIDADE<\/strong><\/p>\n<p>Ele explicou ainda que, quando comandou 16\u00ba Batalh\u00e3o de Pol\u00edcia Militar, reduziu 80% das interna\u00e7\u00f5es na cidade devido \u00e0 intensa fiscaliza\u00e7\u00e3o de ve\u00edculos.<\/p>\n<p>\u201cJ\u00e1 determinei que continue a fiscaliza\u00e7\u00e3o de motos sucatas, roubadas, sem placa pois, alguns leitos que deveriam ser ocupados por quem realmente precisa e n\u00e3o por conta da irresponsabilidade de determinados indiv\u00edduos\u201d, afirmou.<\/p>\n<p>Ele orienta que a popula\u00e7\u00e3o cumpra a lei.<\/p>\n<p>\u201cN\u00e3o adquira esse tipo de veiculo fora da lei pois, sem lei n\u00e3o h\u00e1 salva\u00e7\u00e3o e a Policia Militar ir\u00e1 cumprir de forma rigorosa,&#8221; finaliza.<\/p>\n<p><strong>Entenda as principais altera\u00e7\u00f5es.<\/strong><\/p>\n<p>Altera o artigo 311 do C\u00f3digo Penal<\/p>\n<p>Torna crime inafian\u00e7\u00e1vel dirigir ve\u00edculos sem placa ou com adultera\u00e7\u00f5es de chassi<\/p>\n<p>Prev\u00ea reclus\u00e3o de at\u00e9 oito anos e multa para quem adulterar o sinal identificador de ve\u00edculos<\/p>\n<p><strong>O que \u00e9 considerado adultera\u00e7\u00e3o de sinal identificador de ve\u00edculo?<\/strong><\/p>\n<p>Adulterar, remarcar ou suprimir n\u00famero de chassi, monobloco, motor, placa de identifica\u00e7\u00e3o<\/p>\n<p>Adulterar qualquer sinal identificador de ve\u00edculo automotor, el\u00e9trico, h\u00edbrido, de reboque, de semirreboque ou de suas combina\u00e7\u00f5es<\/p>\n<p style=\"text-align: left;\"><em>Reda\u00e7\u00e3o\u00a0<\/em><\/p>\n<p style=\"text-align: left;\"><em>Fotos: Pol\u00edcia Militar\u00a0<\/em><\/p>\n","protected":false},"excerpt":{"rendered":"<p>Diariamente, a Pol\u00edcia Militar de Concei\u00e7\u00e3o do Coit\u00e9 tem realizado diversas apreens\u00f5es de motocicletas sucatas ou provenientes de furto\/roubo que est\u00e3o circulando pelo munic\u00edpio. No entanto, o que muitos n\u00e3o t\u00eam conhecimento ou possuem a informa\u00e7\u00e3o, mas que n\u00e3o se adequam, \u00e9 a altera\u00e7\u00e3o na lei 14.562 sancionada em abril de 2023. No artigo anterior \u00e0 altera\u00e7\u00e3o da lei, considerava crime somente a adultera\u00e7\u00e3o dos sinais identificadores de ve\u00edculos automotores. Com a altera\u00e7\u00e3o, foi estendida a criminaliza\u00e7\u00e3o aos ve\u00edculos n\u00e3o automotores. A aplica\u00e7\u00e3o tamb\u00e9m se aplica a funcion\u00e1rio p\u00fablico que contribui para o licenciamento ou registro do ve\u00edculo remarcado, ou adulterado, fornecendo indevidamente material ou informa\u00e7\u00e3o oficial. Para melhor entendimento, motos sucatas sem documenta\u00e7\u00e3o s\u00e3o ve\u00edculos que n\u00e3o podem voltar a circular, n\u00e3o t\u00eam direito \u00e0 documenta\u00e7\u00e3o, s\u00e3o vendidas apenas para desmanche, ou seja, n\u00e3o podem trafegar. PUBLICIDADE Qualquer pessoa que fizer essa pr\u00e1tica pode pegar pena de reclus\u00e3o de quatro a oito anos e multa. Em Coit\u00e9, por exemplo, em m\u00e9dia 3 motos que n\u00e3o deveriam estar circulando s\u00e3o apreendidas na cidade, totalizando 90 apreens\u00f5es no m\u00eas. E por que a Pol\u00edcia Militar precisa agir?\u00a0 O Ra\u00edzes Not\u00edcias entrevistou nas \u00faltimas semanas o comandante da Regi\u00e3o Nordeste da Pol\u00edcia Militar, coronel Macedo J\u00fanior a qual explicou que muitas dessas sucatas s\u00e3o usadas para crimes, al\u00e9m disso, as motos usadas para outros fins acabam causando acidentes, pois, n\u00e3o est\u00e3o aptas para circular. . \u201cNa verdade, muitos desses ve\u00edculos sucatas s\u00e3o provenientes de furto ou roubo, o qual algumas pessoas compram as motocicletas sucatas e colocam as pe\u00e7as das motos roubadas. N\u00e3o vamos admitir motos irregulares, pois o n\u00famero de acidentes aumentou e, com isso, a quantidade de interna\u00e7\u00f5es em hospitais subiu\u201d, falou Macedo. PUBLICIDADE Ele explicou ainda que, quando comandou 16\u00ba Batalh\u00e3o de Pol\u00edcia Militar, reduziu 80% das interna\u00e7\u00f5es na cidade devido \u00e0 intensa fiscaliza\u00e7\u00e3o de ve\u00edculos. \u201cJ\u00e1 determinei que continue a fiscaliza\u00e7\u00e3o de motos sucatas, roubadas, sem placa pois, alguns leitos que deveriam ser ocupados por quem realmente precisa e n\u00e3o por conta da irresponsabilidade de determinados indiv\u00edduos\u201d, afirmou. Ele orienta que a popula\u00e7\u00e3o cumpra a lei. \u201cN\u00e3o adquira esse tipo de veiculo fora da lei pois, sem lei n\u00e3o h\u00e1 salva\u00e7\u00e3o e a Policia Militar ir\u00e1 cumprir de forma rigorosa,&#8221; finaliza. Entenda as principais altera\u00e7\u00f5es. Altera o artigo 311 do C\u00f3digo Penal Torna crime inafian\u00e7\u00e1vel dirigir ve\u00edculos sem placa ou com adultera\u00e7\u00f5es de chassi Prev\u00ea reclus\u00e3o de at\u00e9 oito anos e multa para quem adulterar o sinal identificador de ve\u00edculos O que \u00e9 considerado adultera\u00e7\u00e3o de sinal identificador de ve\u00edculo? Adulterar, remarcar ou suprimir n\u00famero de chassi, monobloco, motor, placa de identifica\u00e7\u00e3o Adulterar qualquer sinal identificador de ve\u00edculo automotor, el\u00e9trico, h\u00edbrido, de reboque, de semirreboque ou de suas combina\u00e7\u00f5es Reda\u00e7\u00e3o\u00a0 Fotos: Pol\u00edcia Militar\u00a0<\/p>\n","protected":false},"author":3,"featured_media":5359,"comment_status":"open","ping_status":"open","sticky":false,"template":"","format":"standard","meta":{"_joinchat":[],"footnotes":""},"categories":[55,67,59],"tags":[895],"class_list":["post-5358","post","type-post","status-publish","format-standard","has-post-thumbnail","hentry","category-destaques","category-policia","category-ultimas-noticias","tag-numero"],"yoast_head":"<!-- This site is optimized with the Yoast SEO plugin v24.4 - https:\/\/yoast.com\/wordpress\/plugins\/seo\/ -->\n<title>Coit\u00e9: N\u00famero de apreens\u00f5es de motos sucata refor\u00e7a alerta \u00e1 popula\u00e7\u00e3o: Circular com esses ve\u00edculos pode causar pena de 4 a 8 anos e multa - Portal raizes noticias<\/title>\n<meta name=\"robots\" content=\"index, follow, max-snippet:-1, max-image-preview:large, max-video-preview:-1\" \/>\n<link rel=\"canonical\" href=\"https:\/\/portalraizesnoticias.com.br\/?p=5358\" \/>\n<meta property=\"og:locale\" content=\"pt_BR\" \/>\n<meta property=\"og:type\" content=\"article\" \/>\n<meta property=\"og:title\" content=\"Coit\u00e9: N\u00famero de apreens\u00f5es de motos sucata refor\u00e7a alerta \u00e1 popula\u00e7\u00e3o: Circular com esses ve\u00edculos pode causar pena de 4 a 8 anos e multa - Portal raizes noticias\" \/>\n<meta property=\"og:description\" content=\"Diariamente, a Pol\u00edcia Militar de Concei\u00e7\u00e3o do Coit\u00e9 tem realizado diversas apreens\u00f5es de motocicletas sucatas ou provenientes de furto\/roubo que est\u00e3o circulando pelo munic\u00edpio. No entanto, o que muitos n\u00e3o t\u00eam conhecimento ou possuem a informa\u00e7\u00e3o, mas que n\u00e3o se adequam, \u00e9 a altera\u00e7\u00e3o na lei 14.562 sancionada em abril de 2023. No artigo anterior \u00e0 altera\u00e7\u00e3o da lei, considerava crime somente a adultera\u00e7\u00e3o dos sinais identificadores de ve\u00edculos automotores. Com a altera\u00e7\u00e3o, foi estendida a criminaliza\u00e7\u00e3o aos ve\u00edculos n\u00e3o automotores. A aplica\u00e7\u00e3o tamb\u00e9m se aplica a funcion\u00e1rio p\u00fablico que contribui para o licenciamento ou registro do ve\u00edculo remarcado, ou adulterado, fornecendo indevidamente material ou informa\u00e7\u00e3o oficial. Para melhor entendimento, motos sucatas sem documenta\u00e7\u00e3o s\u00e3o ve\u00edculos que n\u00e3o podem voltar a circular, n\u00e3o t\u00eam direito \u00e0 documenta\u00e7\u00e3o, s\u00e3o vendidas apenas para desmanche, ou seja, n\u00e3o podem trafegar. PUBLICIDADE Qualquer pessoa que fizer essa pr\u00e1tica pode pegar pena de reclus\u00e3o de quatro a oito anos e multa. Em Coit\u00e9, por exemplo, em m\u00e9dia 3 motos que n\u00e3o deveriam estar circulando s\u00e3o apreendidas na cidade, totalizando 90 apreens\u00f5es no m\u00eas. E por que a Pol\u00edcia Militar precisa agir?\u00a0 O Ra\u00edzes Not\u00edcias entrevistou nas \u00faltimas semanas o comandante da Regi\u00e3o Nordeste da Pol\u00edcia Militar, coronel Macedo J\u00fanior a qual explicou que muitas dessas sucatas s\u00e3o usadas para crimes, al\u00e9m disso, as motos usadas para outros fins acabam causando acidentes, pois, n\u00e3o est\u00e3o aptas para circular. . \u201cNa verdade, muitos desses ve\u00edculos sucatas s\u00e3o provenientes de furto ou roubo, o qual algumas pessoas compram as motocicletas sucatas e colocam as pe\u00e7as das motos roubadas. N\u00e3o vamos admitir motos irregulares, pois o n\u00famero de acidentes aumentou e, com isso, a quantidade de interna\u00e7\u00f5es em hospitais subiu\u201d, falou Macedo. PUBLICIDADE Ele explicou ainda que, quando comandou 16\u00ba Batalh\u00e3o de Pol\u00edcia Militar, reduziu 80% das interna\u00e7\u00f5es na cidade devido \u00e0 intensa fiscaliza\u00e7\u00e3o de ve\u00edculos. \u201cJ\u00e1 determinei que continue a fiscaliza\u00e7\u00e3o de motos sucatas, roubadas, sem placa pois, alguns leitos que deveriam ser ocupados por quem realmente precisa e n\u00e3o por conta da irresponsabilidade de determinados indiv\u00edduos\u201d, afirmou. Ele orienta que a popula\u00e7\u00e3o cumpra a lei. \u201cN\u00e3o adquira esse tipo de veiculo fora da lei pois, sem lei n\u00e3o h\u00e1 salva\u00e7\u00e3o e a Policia Militar ir\u00e1 cumprir de forma rigorosa,&#8221; finaliza. Entenda as principais altera\u00e7\u00f5es. Altera o artigo 311 do C\u00f3digo Penal Torna crime inafian\u00e7\u00e1vel dirigir ve\u00edculos sem placa ou com adultera\u00e7\u00f5es de chassi Prev\u00ea reclus\u00e3o de at\u00e9 oito anos e multa para quem adulterar o sinal identificador de ve\u00edculos O que \u00e9 considerado adultera\u00e7\u00e3o de sinal identificador de ve\u00edculo? Adulterar, remarcar ou suprimir n\u00famero de chassi, monobloco, motor, placa de identifica\u00e7\u00e3o Adulterar qualquer sinal identificador de ve\u00edculo automotor, el\u00e9trico, h\u00edbrido, de reboque, de semirreboque ou de suas combina\u00e7\u00f5es Reda\u00e7\u00e3o\u00a0 Fotos: Pol\u00edcia Militar\u00a0\" \/>\n<meta property=\"og:url\" content=\"https:\/\/portalraizesnoticias.com.br\/?p=5358\" \/>\n<meta property=\"og:site_name\" content=\"Portal raizes noticias\" \/>\n<meta property=\"article:published_time\" content=\"2025-03-20T21:58:30+00:00\" \/>\n<meta property=\"article:modified_time\" content=\"2025-03-20T21:59:12+00:00\" \/>\n<meta property=\"og:image\" content=\"https:\/\/portalraizesnoticias.com.br\/wp-content\/uploads\/2025\/03\/IMG-20250219-WA0246.jpg\" \/>\n\t<meta property=\"og:image:width\" content=\"1280\" \/>\n\t<meta property=\"og:image:height\" content=\"960\" \/>\n\t<meta property=\"og:image:type\" content=\"image\/jpeg\" \/>\n<meta name=\"author\" content=\"Portal Raizes\" \/>\n<meta name=\"twitter:card\" content=\"summary_large_image\" \/>\n<meta name=\"twitter:label1\" content=\"Escrito por\" \/>\n\t<meta name=\"twitter:data1\" content=\"Portal Raizes\" \/>\n\t<meta name=\"twitter:label2\" content=\"Est. tempo de leitura\" \/>\n\t<meta name=\"twitter:data2\" content=\"4 minutos\" \/>\n<script type=\"application\/ld+json\" class=\"yoast-schema-graph\">{\"@context\":\"https:\/\/schema.org\",\"@graph\":[{\"@type\":\"Article\",\"@id\":\"https:\/\/portalraizesnoticias.com.br\/?p=5358#article\",\"isPartOf\":{\"@id\":\"https:\/\/portalraizesnoticias.com.br\/?p=5358\"},\"author\":{\"name\":\"Portal Raizes\",\"@id\":\"https:\/\/portalraizesnoticias.com.br\/#\/schema\/person\/a3ca6b0fc701e78df19756c417d943ae\"},\"headline\":\"Coit\u00e9: N\u00famero de apreens\u00f5es de motos sucata refor\u00e7a alerta \u00e1 popula\u00e7\u00e3o: Circular com esses ve\u00edculos pode causar pena de 4 a 8 anos e multa\",\"datePublished\":\"2025-03-20T21:58:30+00:00\",\"dateModified\":\"2025-03-20T21:59:12+00:00\",\"mainEntityOfPage\":{\"@id\":\"https:\/\/portalraizesnoticias.com.br\/?p=5358\"},\"wordCount\":554,\"commentCount\":0,\"publisher\":{\"@id\":\"https:\/\/portalraizesnoticias.com.br\/#organization\"},\"image\":{\"@id\":\"https:\/\/portalraizesnoticias.com.br\/?p=5358#primaryimage\"},\"thumbnailUrl\":\"https:\/\/portalraizesnoticias.com.br\/wp-content\/uploads\/2025\/03\/IMG-20250219-WA0246.jpg\",\"keywords\":[\"N\u00famero\"],\"articleSection\":[\"DESTAQUES\",\"POLICIA\",\"ULTIMAS NOTICIAS\"],\"inLanguage\":\"pt-BR\",\"potentialAction\":[{\"@type\":\"CommentAction\",\"name\":\"Comment\",\"target\":[\"https:\/\/portalraizesnoticias.com.br\/?p=5358#respond\"]}]},{\"@type\":\"WebPage\",\"@id\":\"https:\/\/portalraizesnoticias.com.br\/?p=5358\",\"url\":\"https:\/\/portalraizesnoticias.com.br\/?p=5358\",\"name\":\"Coit\u00e9: N\u00famero de apreens\u00f5es de motos sucata refor\u00e7a alerta \u00e1 popula\u00e7\u00e3o: Circular com esses ve\u00edculos pode causar pena de 4 a 8 anos e multa - Portal raizes noticias\",\"isPartOf\":{\"@id\":\"https:\/\/portalraizesnoticias.com.br\/#website\"},\"primaryImageOfPage\":{\"@id\":\"https:\/\/portalraizesnoticias.com.br\/?p=5358#primaryimage\"},\"image\":{\"@id\":\"https:\/\/portalraizesnoticias.com.br\/?p=5358#primaryimage\"},\"thumbnailUrl\":\"https:\/\/portalraizesnoticias.com.br\/wp-content\/uploads\/2025\/03\/IMG-20250219-WA0246.jpg\",\"datePublished\":\"2025-03-20T21:58:30+00:00\",\"dateModified\":\"2025-03-20T21:59:12+00:00\",\"breadcrumb\":{\"@id\":\"https:\/\/portalraizesnoticias.com.br\/?p=5358#breadcrumb\"},\"inLanguage\":\"pt-BR\",\"potentialAction\":[{\"@type\":\"ReadAction\",\"target\":[\"https:\/\/portalraizesnoticias.com.br\/?p=5358\"]}]},{\"@type\":\"ImageObject\",\"inLanguage\":\"pt-BR\",\"@id\":\"https:\/\/portalraizesnoticias.com.br\/?p=5358#primaryimage\",\"url\":\"https:\/\/portalraizesnoticias.com.br\/wp-content\/uploads\/2025\/03\/IMG-20250219-WA0246.jpg\",\"contentUrl\":\"https:\/\/portalraizesnoticias.com.br\/wp-content\/uploads\/2025\/03\/IMG-20250219-WA0246.jpg\",\"width\":1280,\"height\":960},{\"@type\":\"BreadcrumbList\",\"@id\":\"https:\/\/portalraizesnoticias.com.br\/?p=5358#breadcrumb\",\"itemListElement\":[{\"@type\":\"ListItem\",\"position\":1,\"name\":\"In\u00edcio\",\"item\":\"https:\/\/portalraizesnoticias.com.br\/\"},{\"@type\":\"ListItem\",\"position\":2,\"name\":\"Coit\u00e9: N\u00famero de apreens\u00f5es de motos sucata refor\u00e7a alerta \u00e1 popula\u00e7\u00e3o: Circular com esses ve\u00edculos pode causar pena de 4 a 8 anos e multa\"}]},{\"@type\":\"WebSite\",\"@id\":\"https:\/\/portalraizesnoticias.com.br\/#website\",\"url\":\"https:\/\/portalraizesnoticias.com.br\/\",\"name\":\"Portal raizes NOTICIAS\",\"description\":\"site de noticias de concei\u00e7\u00e3o do coit\u00e9 e regi\u00e3o\",\"publisher\":{\"@id\":\"https:\/\/portalraizesnoticias.com.br\/#organization\"},\"alternateName\":\"PORTAL RAIZES COIT\u00c9\",\"potentialAction\":[{\"@type\":\"SearchAction\",\"target\":{\"@type\":\"EntryPoint\",\"urlTemplate\":\"https:\/\/portalraizesnoticias.com.br\/?s={search_term_string}\"},\"query-input\":{\"@type\":\"PropertyValueSpecification\",\"valueRequired\":true,\"valueName\":\"search_term_string\"}}],\"inLanguage\":\"pt-BR\"},{\"@type\":\"Organization\",\"@id\":\"https:\/\/portalraizesnoticias.com.br\/#organization\",\"name\":\"Portal raizes NOTICIAS\",\"url\":\"https:\/\/portalraizesnoticias.com.br\/\",\"logo\":{\"@type\":\"ImageObject\",\"inLanguage\":\"pt-BR\",\"@id\":\"https:\/\/portalraizesnoticias.com.br\/#\/schema\/logo\/image\/\",\"url\":\"https:\/\/portalraizesnoticias.com.br\/wp-content\/uploads\/2024\/09\/cropped-Captura-de-tela-2024-09-08-011108.png\",\"contentUrl\":\"https:\/\/portalraizesnoticias.com.br\/wp-content\/uploads\/2024\/09\/cropped-Captura-de-tela-2024-09-08-011108.png\",\"width\":606,\"height\":173,\"caption\":\"Portal raizes NOTICIAS\"},\"image\":{\"@id\":\"https:\/\/portalraizesnoticias.com.br\/#\/schema\/logo\/image\/\"}},{\"@type\":\"Person\",\"@id\":\"https:\/\/portalraizesnoticias.com.br\/#\/schema\/person\/a3ca6b0fc701e78df19756c417d943ae\",\"name\":\"Portal Raizes\",\"image\":{\"@type\":\"ImageObject\",\"inLanguage\":\"pt-BR\",\"@id\":\"https:\/\/portalraizesnoticias.com.br\/#\/schema\/person\/image\/\",\"url\":\"https:\/\/secure.gravatar.com\/avatar\/ef450d29013a3d3fba867a12a249d7b1?s=96&d=mm&r=g\",\"contentUrl\":\"https:\/\/secure.gravatar.com\/avatar\/ef450d29013a3d3fba867a12a249d7b1?s=96&d=mm&r=g\",\"caption\":\"Portal Raizes\"},\"url\":\"https:\/\/portalraizesnoticias.com.br\/?author=3\"}]}<\/script>\n<!-- \/ Yoast SEO plugin. -->","yoast_head_json":{"title":"Coit\u00e9: N\u00famero de apreens\u00f5es de motos sucata refor\u00e7a alerta \u00e1 popula\u00e7\u00e3o: Circular com esses ve\u00edculos pode causar pena de 4 a 8 anos e multa - Portal raizes noticias","robots":{"index":"index","follow":"follow","max-snippet":"max-snippet:-1","max-image-preview":"max-image-preview:large","max-video-preview":"max-video-preview:-1"},"canonical":"https:\/\/portalraizesnoticias.com.br\/?p=5358","og_locale":"pt_BR","og_type":"article","og_title":"Coit\u00e9: N\u00famero de apreens\u00f5es de motos sucata refor\u00e7a alerta \u00e1 popula\u00e7\u00e3o: Circular com esses ve\u00edculos pode causar pena de 4 a 8 anos e multa - Portal raizes noticias","og_description":"Diariamente, a Pol\u00edcia Militar de Concei\u00e7\u00e3o do Coit\u00e9 tem realizado diversas apreens\u00f5es de motocicletas sucatas ou provenientes de furto\/roubo que est\u00e3o circulando pelo munic\u00edpio. No entanto, o que muitos n\u00e3o t\u00eam conhecimento ou possuem a informa\u00e7\u00e3o, mas que n\u00e3o se adequam, \u00e9 a altera\u00e7\u00e3o na lei 14.562 sancionada em abril de 2023. No artigo anterior \u00e0 altera\u00e7\u00e3o da lei, considerava crime somente a adultera\u00e7\u00e3o dos sinais identificadores de ve\u00edculos automotores. Com a altera\u00e7\u00e3o, foi estendida a criminaliza\u00e7\u00e3o aos ve\u00edculos n\u00e3o automotores. A aplica\u00e7\u00e3o tamb\u00e9m se aplica a funcion\u00e1rio p\u00fablico que contribui para o licenciamento ou registro do ve\u00edculo remarcado, ou adulterado, fornecendo indevidamente material ou informa\u00e7\u00e3o oficial. Para melhor entendimento, motos sucatas sem documenta\u00e7\u00e3o s\u00e3o ve\u00edculos que n\u00e3o podem voltar a circular, n\u00e3o t\u00eam direito \u00e0 documenta\u00e7\u00e3o, s\u00e3o vendidas apenas para desmanche, ou seja, n\u00e3o podem trafegar. PUBLICIDADE Qualquer pessoa que fizer essa pr\u00e1tica pode pegar pena de reclus\u00e3o de quatro a oito anos e multa. Em Coit\u00e9, por exemplo, em m\u00e9dia 3 motos que n\u00e3o deveriam estar circulando s\u00e3o apreendidas na cidade, totalizando 90 apreens\u00f5es no m\u00eas. E por que a Pol\u00edcia Militar precisa agir?\u00a0 O Ra\u00edzes Not\u00edcias entrevistou nas \u00faltimas semanas o comandante da Regi\u00e3o Nordeste da Pol\u00edcia Militar, coronel Macedo J\u00fanior a qual explicou que muitas dessas sucatas s\u00e3o usadas para crimes, al\u00e9m disso, as motos usadas para outros fins acabam causando acidentes, pois, n\u00e3o est\u00e3o aptas para circular. . \u201cNa verdade, muitos desses ve\u00edculos sucatas s\u00e3o provenientes de furto ou roubo, o qual algumas pessoas compram as motocicletas sucatas e colocam as pe\u00e7as das motos roubadas. N\u00e3o vamos admitir motos irregulares, pois o n\u00famero de acidentes aumentou e, com isso, a quantidade de interna\u00e7\u00f5es em hospitais subiu\u201d, falou Macedo. PUBLICIDADE Ele explicou ainda que, quando comandou 16\u00ba Batalh\u00e3o de Pol\u00edcia Militar, reduziu 80% das interna\u00e7\u00f5es na cidade devido \u00e0 intensa fiscaliza\u00e7\u00e3o de ve\u00edculos. \u201cJ\u00e1 determinei que continue a fiscaliza\u00e7\u00e3o de motos sucatas, roubadas, sem placa pois, alguns leitos que deveriam ser ocupados por quem realmente precisa e n\u00e3o por conta da irresponsabilidade de determinados indiv\u00edduos\u201d, afirmou. Ele orienta que a popula\u00e7\u00e3o cumpra a lei. \u201cN\u00e3o adquira esse tipo de veiculo fora da lei pois, sem lei n\u00e3o h\u00e1 salva\u00e7\u00e3o e a Policia Militar ir\u00e1 cumprir de forma rigorosa,&#8221; finaliza. Entenda as principais altera\u00e7\u00f5es. Altera o artigo 311 do C\u00f3digo Penal Torna crime inafian\u00e7\u00e1vel dirigir ve\u00edculos sem placa ou com adultera\u00e7\u00f5es de chassi Prev\u00ea reclus\u00e3o de at\u00e9 oito anos e multa para quem adulterar o sinal identificador de ve\u00edculos O que \u00e9 considerado adultera\u00e7\u00e3o de sinal identificador de ve\u00edculo? Adulterar, remarcar ou suprimir n\u00famero de chassi, monobloco, motor, placa de identifica\u00e7\u00e3o Adulterar qualquer sinal identificador de ve\u00edculo automotor, el\u00e9trico, h\u00edbrido, de reboque, de semirreboque ou de suas combina\u00e7\u00f5es Reda\u00e7\u00e3o\u00a0 Fotos: Pol\u00edcia Militar\u00a0","og_url":"https:\/\/portalraizesnoticias.com.br\/?p=5358","og_site_name":"Portal raizes noticias","article_published_time":"2025-03-20T21:58:30+00:00","article_modified_time":"2025-03-20T21:59:12+00:00","og_image":[{"width":1280,"height":960,"url":"https:\/\/portalraizesnoticias.com.br\/wp-content\/uploads\/2025\/03\/IMG-20250219-WA0246.jpg","type":"image\/jpeg"}],"author":"Portal Raizes","twitter_card":"summary_large_image","twitter_misc":{"Escrito por":"Portal Raizes","Est. tempo de leitura":"4 minutos"},"schema":{"@context":"https:\/\/schema.org","@graph":[{"@type":"Article","@id":"https:\/\/portalraizesnoticias.com.br\/?p=5358#article","isPartOf":{"@id":"https:\/\/portalraizesnoticias.com.br\/?p=5358"},"author":{"name":"Portal Raizes","@id":"https:\/\/portalraizesnoticias.com.br\/#\/schema\/person\/a3ca6b0fc701e78df19756c417d943ae"},"headline":"Coit\u00e9: N\u00famero de apreens\u00f5es de motos sucata refor\u00e7a alerta \u00e1 popula\u00e7\u00e3o: Circular com esses ve\u00edculos pode causar pena de 4 a 8 anos e multa","datePublished":"2025-03-20T21:58:30+00:00","dateModified":"2025-03-20T21:59:12+00:00","mainEntityOfPage":{"@id":"https:\/\/portalraizesnoticias.com.br\/?p=5358"},"wordCount":554,"commentCount":0,"publisher":{"@id":"https:\/\/portalraizesnoticias.com.br\/#organization"},"image":{"@id":"https:\/\/portalraizesnoticias.com.br\/?p=5358#primaryimage"},"thumbnailUrl":"https:\/\/portalraizesnoticias.com.br\/wp-content\/uploads\/2025\/03\/IMG-20250219-WA0246.jpg","keywords":["N\u00famero"],"articleSection":["DESTAQUES","POLICIA","ULTIMAS NOTICIAS"],"inLanguage":"pt-BR","potentialAction":[{"@type":"CommentAction","name":"Comment","target":["https:\/\/portalraizesnoticias.com.br\/?p=5358#respond"]}]},{"@type":"WebPage","@id":"https:\/\/portalraizesnoticias.com.br\/?p=5358","url":"https:\/\/portalraizesnoticias.com.br\/?p=5358","name":"Coit\u00e9: N\u00famero de apreens\u00f5es de motos sucata refor\u00e7a alerta \u00e1 popula\u00e7\u00e3o: Circular com esses ve\u00edculos pode causar pena de 4 a 8 anos e multa - Portal raizes noticias","isPartOf":{"@id":"https:\/\/portalraizesnoticias.com.br\/#website"},"primaryImageOfPage":{"@id":"https:\/\/portalraizesnoticias.com.br\/?p=5358#primaryimage"},"image":{"@id":"https:\/\/portalraizesnoticias.com.br\/?p=5358#primaryimage"},"thumbnailUrl":"https:\/\/portalraizesnoticias.com.br\/wp-content\/uploads\/2025\/03\/IMG-20250219-WA0246.jpg","datePublished":"2025-03-20T21:58:30+00:00","dateModified":"2025-03-20T21:59:12+00:00","breadcrumb":{"@id":"https:\/\/portalraizesnoticias.com.br\/?p=5358#breadcrumb"},"inLanguage":"pt-BR","potentialAction":[{"@type":"ReadAction","target":["https:\/\/portalraizesnoticias.com.br\/?p=5358"]}]},{"@type":"ImageObject","inLanguage":"pt-BR","@id":"https:\/\/portalraizesnoticias.com.br\/?p=5358#primaryimage","url":"https:\/\/portalraizesnoticias.com.br\/wp-content\/uploads\/2025\/03\/IMG-20250219-WA0246.jpg","contentUrl":"https:\/\/portalraizesnoticias.com.br\/wp-content\/uploads\/2025\/03\/IMG-20250219-WA0246.jpg","width":1280,"height":960},{"@type":"BreadcrumbList","@id":"https:\/\/portalraizesnoticias.com.br\/?p=5358#breadcrumb","itemListElement":[{"@type":"ListItem","position":1,"name":"In\u00edcio","item":"https:\/\/portalraizesnoticias.com.br\/"},{"@type":"ListItem","position":2,"name":"Coit\u00e9: N\u00famero de apreens\u00f5es de motos sucata refor\u00e7a alerta \u00e1 popula\u00e7\u00e3o: Circular com esses ve\u00edculos pode causar pena de 4 a 8 anos e multa"}]},{"@type":"WebSite","@id":"https:\/\/portalraizesnoticias.com.br\/#website","url":"https:\/\/portalraizesnoticias.com.br\/","name":"Portal raizes NOTICIAS","description":"site de noticias de concei\u00e7\u00e3o do coit\u00e9 e regi\u00e3o","publisher":{"@id":"https:\/\/portalraizesnoticias.com.br\/#organization"},"alternateName":"PORTAL RAIZES COIT\u00c9","potentialAction":[{"@type":"SearchAction","target":{"@type":"EntryPoint","urlTemplate":"https:\/\/portalraizesnoticias.com.br\/?s={search_term_string}"},"query-input":{"@type":"PropertyValueSpecification","valueRequired":true,"valueName":"search_term_string"}}],"inLanguage":"pt-BR"},{"@type":"Organization","@id":"https:\/\/portalraizesnoticias.com.br\/#organization","name":"Portal raizes NOTICIAS","url":"https:\/\/portalraizesnoticias.com.br\/","logo":{"@type":"ImageObject","inLanguage":"pt-BR","@id":"https:\/\/portalraizesnoticias.com.br\/#\/schema\/logo\/image\/","url":"https:\/\/portalraizesnoticias.com.br\/wp-content\/uploads\/2024\/09\/cropped-Captura-de-tela-2024-09-08-011108.png","contentUrl":"https:\/\/portalraizesnoticias.com.br\/wp-content\/uploads\/2024\/09\/cropped-Captura-de-tela-2024-09-08-011108.png","width":606,"height":173,"caption":"Portal raizes NOTICIAS"},"image":{"@id":"https:\/\/portalraizesnoticias.com.br\/#\/schema\/logo\/image\/"}},{"@type":"Person","@id":"https:\/\/portalraizesnoticias.com.br\/#\/schema\/person\/a3ca6b0fc701e78df19756c417d943ae","name":"Portal Raizes","image":{"@type":"ImageObject","inLanguage":"pt-BR","@id":"https:\/\/portalraizesnoticias.com.br\/#\/schema\/person\/image\/","url":"https:\/\/secure.gravatar.com\/avatar\/ef450d29013a3d3fba867a12a249d7b1?s=96&d=mm&r=g","contentUrl":"https:\/\/secure.gravatar.com\/avatar\/ef450d29013a3d3fba867a12a249d7b1?s=96&d=mm&r=g","caption":"Portal Raizes"},"url":"https:\/\/portalraizesnoticias.com.br\/?author=3"}]}},"_links":{"self":[{"href":"https:\/\/portalraizesnoticias.com.br\/index.php?rest_route=\/wp\/v2\/posts\/5358"}],"collection":[{"href":"https:\/\/portalraizesnoticias.com.br\/index.php?rest_route=\/wp\/v2\/posts"}],"about":[{"href":"https:\/\/portalraizesnoticias.com.br\/index.php?rest_route=\/wp\/v2\/types\/post"}],"author":[{"embeddable":true,"href":"https:\/\/portalraizesnoticias.com.br\/index.php?rest_route=\/wp\/v2\/users\/3"}],"replies":[{"embeddable":true,"href":"https:\/\/portalraizesnoticias.com.br\/index.php?rest_route=%2Fwp%2Fv2%2Fcomments&post=5358"}],"version-history":[{"count":2,"href":"https:\/\/portalraizesnoticias.com.br\/index.php?rest_route=\/wp\/v2\/posts\/5358\/revisions"}],"predecessor-version":[{"id":5364,"href":"https:\/\/portalraizesnoticias.com.br\/index.php?rest_route=\/wp\/v2\/posts\/5358\/revisions\/5364"}],"wp:featuredmedia":[{"embeddable":true,"href":"https:\/\/portalraizesnoticias.com.br\/index.php?rest_route=\/wp\/v2\/media\/5359"}],"wp:attachment":[{"href":"https:\/\/portalraizesnoticias.com.br\/index.php?rest_route=%2Fwp%2Fv2%2Fmedia&parent=5358"}],"wp:term":[{"taxonomy":"category","embeddable":true,"href":"https:\/\/portalraizesnoticias.com.br\/index.php?rest_route=%2Fwp%2Fv2%2Fcategories&post=5358"},{"taxonomy":"post_tag","embeddable":true,"href":"https:\/\/portalraizesnoticias.com.br\/index.php?rest_route=%2Fwp%2Fv2%2Ftags&post=5358"}],"curies":[{"name":"wp","href":"https:\/\/api.w.org\/{rel}","templated":true}]}}