{"id":5345,"date":"2025-03-19T17:34:05","date_gmt":"2025-03-19T20:34:05","guid":{"rendered":"https:\/\/portalraizesnoticias.com.br\/?p=5345"},"modified":"2025-03-19T17:34:06","modified_gmt":"2025-03-19T20:34:06","slug":"idoso-sofre-laceracoes-apos-queda-de-moto-em-conceicao-do-coite","status":"publish","type":"post","link":"https:\/\/portalraizesnoticias.com.br\/?p=5345","title":{"rendered":"Idoso sofre lacera\u00e7\u00f5es ap\u00f3s queda de moto em Concei\u00e7\u00e3o do Coit\u00e9"},"content":{"rendered":"<p>Um idoso ficou ferido ap\u00f3s cair da motocicleta na estrada que liga o povoado de Cantinho \u00e0 localidade de Tanque Novo, zona rural de Concei\u00e7\u00e3o do Coit\u00e9, regi\u00e3o sisaleira. A ocorr\u00eancia foi registrada \u00e0s 16h45.<\/p>\n<p>Segundo informa\u00e7\u00f5es do coordenador da equipe \u00c1guia Resgate, Gildo Carneiro, a v\u00edtima \u00e9 Eurico Ribeiro, 74 anos.<\/p>\n<p>Ele foi encontrado desorientado, com v\u00e1rias lacera\u00e7\u00f5es nos membros inferiores e queixando-se de dores no local.<\/p>\n<p>Eurico recebeu os primeiros socorros, sendo encaminhado \u00e0 emerg\u00eancia do Hospital Portugu\u00eas de Coit\u00e9.<\/p>\n<p>Reda\u00e7\u00e3o Portal Ra\u00edzes<\/p>\n","protected":false},"excerpt":{"rendered":"<p>Um idoso ficou ferido ap\u00f3s cair da motocicleta na estrada que liga o povoado de Cantinho \u00e0 localidade de Tanque Novo, zona rural de Concei\u00e7\u00e3o do Coit\u00e9, regi\u00e3o sisaleira. A ocorr\u00eancia foi registrada \u00e0s 16h45. Segundo informa\u00e7\u00f5es do coordenador da equipe \u00c1guia Resgate, Gildo Carneiro, a v\u00edtima \u00e9 Eurico Ribeiro, 74 anos. Ele foi encontrado desorientado, com v\u00e1rias lacera\u00e7\u00f5es nos membros inferiores e queixando-se de dores no local. Eurico recebeu os primeiros socorros, sendo encaminhado \u00e0 emerg\u00eancia do Hospital Portugu\u00eas de Coit\u00e9. Reda\u00e7\u00e3o Portal Ra\u00edzes<\/p>\n","protected":false},"author":3,"featured_media":5346,"comment_status":"open","ping_status":"open","sticky":false,"template":"","format":"standard","meta":{"_joinchat":[],"footnotes":""},"categories":[58,55,59],"tags":[79,894],"class_list":["post-5345","post","type-post","status-publish","format-standard","has-post-thumbnail","hentry","category-acidentes","category-destaques","category-ultimas-noticias","tag-idoso","tag-laceracoes"],"yoast_head":"<!-- This site is optimized with the Yoast SEO plugin v24.4 - https:\/\/yoast.com\/wordpress\/plugins\/seo\/ -->\n<title>Idoso sofre lacera\u00e7\u00f5es ap\u00f3s queda de moto em Concei\u00e7\u00e3o do Coit\u00e9 - Portal raizes noticias<\/title>\n<meta name=\"robots\" content=\"index, follow, max-snippet:-1, max-image-preview:large, max-video-preview:-1\" \/>\n<link rel=\"canonical\" href=\"https:\/\/portalraizesnoticias.com.br\/?p=5345\" \/>\n<meta property=\"og:locale\" content=\"pt_BR\" \/>\n<meta property=\"og:type\" content=\"article\" \/>\n<meta property=\"og:title\" content=\"Idoso sofre lacera\u00e7\u00f5es ap\u00f3s queda de moto em Concei\u00e7\u00e3o do Coit\u00e9 - Portal raizes noticias\" \/>\n<meta property=\"og:description\" content=\"Um idoso ficou ferido ap\u00f3s cair da motocicleta na estrada que liga o povoado de Cantinho \u00e0 localidade de Tanque Novo, zona rural de Concei\u00e7\u00e3o do Coit\u00e9, regi\u00e3o sisaleira. A ocorr\u00eancia foi registrada \u00e0s 16h45. Segundo informa\u00e7\u00f5es do coordenador da equipe \u00c1guia Resgate, Gildo Carneiro, a v\u00edtima \u00e9 Eurico Ribeiro, 74 anos. Ele foi encontrado desorientado, com v\u00e1rias lacera\u00e7\u00f5es nos membros inferiores e queixando-se de dores no local. Eurico recebeu os primeiros socorros, sendo encaminhado \u00e0 emerg\u00eancia do Hospital Portugu\u00eas de Coit\u00e9. Reda\u00e7\u00e3o Portal Ra\u00edzes\" \/>\n<meta property=\"og:url\" content=\"https:\/\/portalraizesnoticias.com.br\/?p=5345\" \/>\n<meta property=\"og:site_name\" content=\"Portal raizes noticias\" \/>\n<meta property=\"article:published_time\" content=\"2025-03-19T20:34:05+00:00\" \/>\n<meta property=\"article:modified_time\" content=\"2025-03-19T20:34:06+00:00\" \/>\n<meta property=\"og:image\" content=\"https:\/\/portalraizesnoticias.com.br\/wp-content\/uploads\/2025\/03\/IMG-20250319-WA0374.jpg\" \/>\n\t<meta property=\"og:image:width\" content=\"1600\" \/>\n\t<meta property=\"og:image:height\" content=\"1200\" \/>\n\t<meta property=\"og:image:type\" content=\"image\/jpeg\" \/>\n<meta name=\"author\" content=\"Portal Raizes\" \/>\n<meta name=\"twitter:card\" content=\"summary_large_image\" \/>\n<meta name=\"twitter:label1\" content=\"Escrito por\" \/>\n\t<meta name=\"twitter:data1\" content=\"Portal Raizes\" \/>\n\t<meta name=\"twitter:label2\" content=\"Est. tempo de leitura\" \/>\n\t<meta name=\"twitter:data2\" content=\"1 minuto\" \/>\n<script type=\"application\/ld+json\" class=\"yoast-schema-graph\">{\"@context\":\"https:\/\/schema.org\",\"@graph\":[{\"@type\":\"Article\",\"@id\":\"https:\/\/portalraizesnoticias.com.br\/?p=5345#article\",\"isPartOf\":{\"@id\":\"https:\/\/portalraizesnoticias.com.br\/?p=5345\"},\"author\":{\"name\":\"Portal Raizes\",\"@id\":\"https:\/\/portalraizesnoticias.com.br\/#\/schema\/person\/a3ca6b0fc701e78df19756c417d943ae\"},\"headline\":\"Idoso sofre lacera\u00e7\u00f5es ap\u00f3s queda de moto em Concei\u00e7\u00e3o do Coit\u00e9\",\"datePublished\":\"2025-03-19T20:34:05+00:00\",\"dateModified\":\"2025-03-19T20:34:06+00:00\",\"mainEntityOfPage\":{\"@id\":\"https:\/\/portalraizesnoticias.com.br\/?p=5345\"},\"wordCount\":107,\"commentCount\":0,\"publisher\":{\"@id\":\"https:\/\/portalraizesnoticias.com.br\/#organization\"},\"image\":{\"@id\":\"https:\/\/portalraizesnoticias.com.br\/?p=5345#primaryimage\"},\"thumbnailUrl\":\"https:\/\/portalraizesnoticias.com.br\/wp-content\/uploads\/2025\/03\/IMG-20250319-WA0374.jpg\",\"keywords\":[\"Idoso\",\"Lacera\u00e7\u00f5es\"],\"articleSection\":[\"ACIDENTES\",\"DESTAQUES\",\"ULTIMAS NOTICIAS\"],\"inLanguage\":\"pt-BR\",\"potentialAction\":[{\"@type\":\"CommentAction\",\"name\":\"Comment\",\"target\":[\"https:\/\/portalraizesnoticias.com.br\/?p=5345#respond\"]}]},{\"@type\":\"WebPage\",\"@id\":\"https:\/\/portalraizesnoticias.com.br\/?p=5345\",\"url\":\"https:\/\/portalraizesnoticias.com.br\/?p=5345\",\"name\":\"Idoso sofre lacera\u00e7\u00f5es ap\u00f3s queda de moto em Concei\u00e7\u00e3o do Coit\u00e9 - Portal raizes noticias\",\"isPartOf\":{\"@id\":\"https:\/\/portalraizesnoticias.com.br\/#website\"},\"primaryImageOfPage\":{\"@id\":\"https:\/\/portalraizesnoticias.com.br\/?p=5345#primaryimage\"},\"image\":{\"@id\":\"https:\/\/portalraizesnoticias.com.br\/?p=5345#primaryimage\"},\"thumbnailUrl\":\"https:\/\/portalraizesnoticias.com.br\/wp-content\/uploads\/2025\/03\/IMG-20250319-WA0374.jpg\",\"datePublished\":\"2025-03-19T20:34:05+00:00\",\"dateModified\":\"2025-03-19T20:34:06+00:00\",\"breadcrumb\":{\"@id\":\"https:\/\/portalraizesnoticias.com.br\/?p=5345#breadcrumb\"},\"inLanguage\":\"pt-BR\",\"potentialAction\":[{\"@type\":\"ReadAction\",\"target\":[\"https:\/\/portalraizesnoticias.com.br\/?p=5345\"]}]},{\"@type\":\"ImageObject\",\"inLanguage\":\"pt-BR\",\"@id\":\"https:\/\/portalraizesnoticias.com.br\/?p=5345#primaryimage\",\"url\":\"https:\/\/portalraizesnoticias.com.br\/wp-content\/uploads\/2025\/03\/IMG-20250319-WA0374.jpg\",\"contentUrl\":\"https:\/\/portalraizesnoticias.com.br\/wp-content\/uploads\/2025\/03\/IMG-20250319-WA0374.jpg\",\"width\":1600,\"height\":1200},{\"@type\":\"BreadcrumbList\",\"@id\":\"https:\/\/portalraizesnoticias.com.br\/?p=5345#breadcrumb\",\"itemListElement\":[{\"@type\":\"ListItem\",\"position\":1,\"name\":\"In\u00edcio\",\"item\":\"https:\/\/portalraizesnoticias.com.br\/\"},{\"@type\":\"ListItem\",\"position\":2,\"name\":\"Idoso sofre lacera\u00e7\u00f5es ap\u00f3s queda de moto em Concei\u00e7\u00e3o do Coit\u00e9\"}]},{\"@type\":\"WebSite\",\"@id\":\"https:\/\/portalraizesnoticias.com.br\/#website\",\"url\":\"https:\/\/portalraizesnoticias.com.br\/\",\"name\":\"Portal raizes NOTICIAS\",\"description\":\"site de noticias de concei\u00e7\u00e3o do coit\u00e9 e regi\u00e3o\",\"publisher\":{\"@id\":\"https:\/\/portalraizesnoticias.com.br\/#organization\"},\"alternateName\":\"PORTAL RAIZES COIT\u00c9\",\"potentialAction\":[{\"@type\":\"SearchAction\",\"target\":{\"@type\":\"EntryPoint\",\"urlTemplate\":\"https:\/\/portalraizesnoticias.com.br\/?s={search_term_string}\"},\"query-input\":{\"@type\":\"PropertyValueSpecification\",\"valueRequired\":true,\"valueName\":\"search_term_string\"}}],\"inLanguage\":\"pt-BR\"},{\"@type\":\"Organization\",\"@id\":\"https:\/\/portalraizesnoticias.com.br\/#organization\",\"name\":\"Portal raizes NOTICIAS\",\"url\":\"https:\/\/portalraizesnoticias.com.br\/\",\"logo\":{\"@type\":\"ImageObject\",\"inLanguage\":\"pt-BR\",\"@id\":\"https:\/\/portalraizesnoticias.com.br\/#\/schema\/logo\/image\/\",\"url\":\"https:\/\/portalraizesnoticias.com.br\/wp-content\/uploads\/2024\/09\/cropped-Captura-de-tela-2024-09-08-011108.png\",\"contentUrl\":\"https:\/\/portalraizesnoticias.com.br\/wp-content\/uploads\/2024\/09\/cropped-Captura-de-tela-2024-09-08-011108.png\",\"width\":606,\"height\":173,\"caption\":\"Portal raizes NOTICIAS\"},\"image\":{\"@id\":\"https:\/\/portalraizesnoticias.com.br\/#\/schema\/logo\/image\/\"}},{\"@type\":\"Person\",\"@id\":\"https:\/\/portalraizesnoticias.com.br\/#\/schema\/person\/a3ca6b0fc701e78df19756c417d943ae\",\"name\":\"Portal Raizes\",\"image\":{\"@type\":\"ImageObject\",\"inLanguage\":\"pt-BR\",\"@id\":\"https:\/\/portalraizesnoticias.com.br\/#\/schema\/person\/image\/\",\"url\":\"https:\/\/secure.gravatar.com\/avatar\/ef450d29013a3d3fba867a12a249d7b1?s=96&d=mm&r=g\",\"contentUrl\":\"https:\/\/secure.gravatar.com\/avatar\/ef450d29013a3d3fba867a12a249d7b1?s=96&d=mm&r=g\",\"caption\":\"Portal Raizes\"},\"url\":\"https:\/\/portalraizesnoticias.com.br\/?author=3\"}]}<\/script>\n<!-- \/ Yoast SEO plugin. -->","yoast_head_json":{"title":"Idoso sofre lacera\u00e7\u00f5es ap\u00f3s queda de moto em Concei\u00e7\u00e3o do Coit\u00e9 - Portal raizes noticias","robots":{"index":"index","follow":"follow","max-snippet":"max-snippet:-1","max-image-preview":"max-image-preview:large","max-video-preview":"max-video-preview:-1"},"canonical":"https:\/\/portalraizesnoticias.com.br\/?p=5345","og_locale":"pt_BR","og_type":"article","og_title":"Idoso sofre lacera\u00e7\u00f5es ap\u00f3s queda de moto em Concei\u00e7\u00e3o do Coit\u00e9 - Portal raizes noticias","og_description":"Um idoso ficou ferido ap\u00f3s cair da motocicleta na estrada que liga o povoado de Cantinho \u00e0 localidade de Tanque Novo, zona rural de Concei\u00e7\u00e3o do Coit\u00e9, regi\u00e3o sisaleira. A ocorr\u00eancia foi registrada \u00e0s 16h45. Segundo informa\u00e7\u00f5es do coordenador da equipe \u00c1guia Resgate, Gildo Carneiro, a v\u00edtima \u00e9 Eurico Ribeiro, 74 anos. Ele foi encontrado desorientado, com v\u00e1rias lacera\u00e7\u00f5es nos membros inferiores e queixando-se de dores no local. Eurico recebeu os primeiros socorros, sendo encaminhado \u00e0 emerg\u00eancia do Hospital Portugu\u00eas de Coit\u00e9. Reda\u00e7\u00e3o Portal Ra\u00edzes","og_url":"https:\/\/portalraizesnoticias.com.br\/?p=5345","og_site_name":"Portal raizes noticias","article_published_time":"2025-03-19T20:34:05+00:00","article_modified_time":"2025-03-19T20:34:06+00:00","og_image":[{"width":1600,"height":1200,"url":"https:\/\/portalraizesnoticias.com.br\/wp-content\/uploads\/2025\/03\/IMG-20250319-WA0374.jpg","type":"image\/jpeg"}],"author":"Portal Raizes","twitter_card":"summary_large_image","twitter_misc":{"Escrito por":"Portal Raizes","Est. tempo de leitura":"1 minuto"},"schema":{"@context":"https:\/\/schema.org","@graph":[{"@type":"Article","@id":"https:\/\/portalraizesnoticias.com.br\/?p=5345#article","isPartOf":{"@id":"https:\/\/portalraizesnoticias.com.br\/?p=5345"},"author":{"name":"Portal Raizes","@id":"https:\/\/portalraizesnoticias.com.br\/#\/schema\/person\/a3ca6b0fc701e78df19756c417d943ae"},"headline":"Idoso sofre lacera\u00e7\u00f5es ap\u00f3s queda de moto em Concei\u00e7\u00e3o do Coit\u00e9","datePublished":"2025-03-19T20:34:05+00:00","dateModified":"2025-03-19T20:34:06+00:00","mainEntityOfPage":{"@id":"https:\/\/portalraizesnoticias.com.br\/?p=5345"},"wordCount":107,"commentCount":0,"publisher":{"@id":"https:\/\/portalraizesnoticias.com.br\/#organization"},"image":{"@id":"https:\/\/portalraizesnoticias.com.br\/?p=5345#primaryimage"},"thumbnailUrl":"https:\/\/portalraizesnoticias.com.br\/wp-content\/uploads\/2025\/03\/IMG-20250319-WA0374.jpg","keywords":["Idoso","Lacera\u00e7\u00f5es"],"articleSection":["ACIDENTES","DESTAQUES","ULTIMAS NOTICIAS"],"inLanguage":"pt-BR","potentialAction":[{"@type":"CommentAction","name":"Comment","target":["https:\/\/portalraizesnoticias.com.br\/?p=5345#respond"]}]},{"@type":"WebPage","@id":"https:\/\/portalraizesnoticias.com.br\/?p=5345","url":"https:\/\/portalraizesnoticias.com.br\/?p=5345","name":"Idoso sofre lacera\u00e7\u00f5es ap\u00f3s queda de moto em Concei\u00e7\u00e3o do Coit\u00e9 - Portal raizes noticias","isPartOf":{"@id":"https:\/\/portalraizesnoticias.com.br\/#website"},"primaryImageOfPage":{"@id":"https:\/\/portalraizesnoticias.com.br\/?p=5345#primaryimage"},"image":{"@id":"https:\/\/portalraizesnoticias.com.br\/?p=5345#primaryimage"},"thumbnailUrl":"https:\/\/portalraizesnoticias.com.br\/wp-content\/uploads\/2025\/03\/IMG-20250319-WA0374.jpg","datePublished":"2025-03-19T20:34:05+00:00","dateModified":"2025-03-19T20:34:06+00:00","breadcrumb":{"@id":"https:\/\/portalraizesnoticias.com.br\/?p=5345#breadcrumb"},"inLanguage":"pt-BR","potentialAction":[{"@type":"ReadAction","target":["https:\/\/portalraizesnoticias.com.br\/?p=5345"]}]},{"@type":"ImageObject","inLanguage":"pt-BR","@id":"https:\/\/portalraizesnoticias.com.br\/?p=5345#primaryimage","url":"https:\/\/portalraizesnoticias.com.br\/wp-content\/uploads\/2025\/03\/IMG-20250319-WA0374.jpg","contentUrl":"https:\/\/portalraizesnoticias.com.br\/wp-content\/uploads\/2025\/03\/IMG-20250319-WA0374.jpg","width":1600,"height":1200},{"@type":"BreadcrumbList","@id":"https:\/\/portalraizesnoticias.com.br\/?p=5345#breadcrumb","itemListElement":[{"@type":"ListItem","position":1,"name":"In\u00edcio","item":"https:\/\/portalraizesnoticias.com.br\/"},{"@type":"ListItem","position":2,"name":"Idoso sofre lacera\u00e7\u00f5es ap\u00f3s queda de moto em Concei\u00e7\u00e3o do Coit\u00e9"}]},{"@type":"WebSite","@id":"https:\/\/portalraizesnoticias.com.br\/#website","url":"https:\/\/portalraizesnoticias.com.br\/","name":"Portal raizes NOTICIAS","description":"site de noticias de concei\u00e7\u00e3o do coit\u00e9 e regi\u00e3o","publisher":{"@id":"https:\/\/portalraizesnoticias.com.br\/#organization"},"alternateName":"PORTAL RAIZES COIT\u00c9","potentialAction":[{"@type":"SearchAction","target":{"@type":"EntryPoint","urlTemplate":"https:\/\/portalraizesnoticias.com.br\/?s={search_term_string}"},"query-input":{"@type":"PropertyValueSpecification","valueRequired":true,"valueName":"search_term_string"}}],"inLanguage":"pt-BR"},{"@type":"Organization","@id":"https:\/\/portalraizesnoticias.com.br\/#organization","name":"Portal raizes NOTICIAS","url":"https:\/\/portalraizesnoticias.com.br\/","logo":{"@type":"ImageObject","inLanguage":"pt-BR","@id":"https:\/\/portalraizesnoticias.com.br\/#\/schema\/logo\/image\/","url":"https:\/\/portalraizesnoticias.com.br\/wp-content\/uploads\/2024\/09\/cropped-Captura-de-tela-2024-09-08-011108.png","contentUrl":"https:\/\/portalraizesnoticias.com.br\/wp-content\/uploads\/2024\/09\/cropped-Captura-de-tela-2024-09-08-011108.png","width":606,"height":173,"caption":"Portal raizes NOTICIAS"},"image":{"@id":"https:\/\/portalraizesnoticias.com.br\/#\/schema\/logo\/image\/"}},{"@type":"Person","@id":"https:\/\/portalraizesnoticias.com.br\/#\/schema\/person\/a3ca6b0fc701e78df19756c417d943ae","name":"Portal Raizes","image":{"@type":"ImageObject","inLanguage":"pt-BR","@id":"https:\/\/portalraizesnoticias.com.br\/#\/schema\/person\/image\/","url":"https:\/\/secure.gravatar.com\/avatar\/ef450d29013a3d3fba867a12a249d7b1?s=96&d=mm&r=g","contentUrl":"https:\/\/secure.gravatar.com\/avatar\/ef450d29013a3d3fba867a12a249d7b1?s=96&d=mm&r=g","caption":"Portal Raizes"},"url":"https:\/\/portalraizesnoticias.com.br\/?author=3"}]}},"_links":{"self":[{"href":"https:\/\/portalraizesnoticias.com.br\/index.php?rest_route=\/wp\/v2\/posts\/5345"}],"collection":[{"href":"https:\/\/portalraizesnoticias.com.br\/index.php?rest_route=\/wp\/v2\/posts"}],"about":[{"href":"https:\/\/portalraizesnoticias.com.br\/index.php?rest_route=\/wp\/v2\/types\/post"}],"author":[{"embeddable":true,"href":"https:\/\/portalraizesnoticias.com.br\/index.php?rest_route=\/wp\/v2\/users\/3"}],"replies":[{"embeddable":true,"href":"https:\/\/portalraizesnoticias.com.br\/index.php?rest_route=%2Fwp%2Fv2%2Fcomments&post=5345"}],"version-history":[{"count":1,"href":"https:\/\/portalraizesnoticias.com.br\/index.php?rest_route=\/wp\/v2\/posts\/5345\/revisions"}],"predecessor-version":[{"id":5347,"href":"https:\/\/portalraizesnoticias.com.br\/index.php?rest_route=\/wp\/v2\/posts\/5345\/revisions\/5347"}],"wp:featuredmedia":[{"embeddable":true,"href":"https:\/\/portalraizesnoticias.com.br\/index.php?rest_route=\/wp\/v2\/media\/5346"}],"wp:attachment":[{"href":"https:\/\/portalraizesnoticias.com.br\/index.php?rest_route=%2Fwp%2Fv2%2Fmedia&parent=5345"}],"wp:term":[{"taxonomy":"category","embeddable":true,"href":"https:\/\/portalraizesnoticias.com.br\/index.php?rest_route=%2Fwp%2Fv2%2Fcategories&post=5345"},{"taxonomy":"post_tag","embeddable":true,"href":"https:\/\/portalraizesnoticias.com.br\/index.php?rest_route=%2Fwp%2Fv2%2Ftags&post=5345"}],"curies":[{"name":"wp","href":"https:\/\/api.w.org\/{rel}","templated":true}]}}