{"id":5287,"date":"2025-03-15T20:54:28","date_gmt":"2025-03-15T23:54:28","guid":{"rendered":"https:\/\/portalraizesnoticias.com.br\/?p=5287"},"modified":"2025-03-15T22:03:10","modified_gmt":"2025-03-16T01:03:10","slug":"homem-e-alvejado-com-varios-tiros-no-bairro-do-cruzeiro-em-conceicao-do-coite-suspeita-seria-um-briga-familiar","status":"publish","type":"post","link":"https:\/\/portalraizesnoticias.com.br\/?p=5287","title":{"rendered":"Homem \u00e9 alvejado com tiro de espingarda no bairro do Cruzeiro em Concei\u00e7\u00e3o do Coit\u00e9; suspeita seria um briga familiar"},"content":{"rendered":"<p>Jos\u00e9 Elio dos Santos, 53 anos, foi v\u00edtima de disparo de arma de fogo na noite deste s\u00e1bado (15), no Bairro do Cruzeiro, em Concei\u00e7\u00e3o do Coit\u00e9, regi\u00e3o sisaleira.<\/p>\n<p><img fetchpriority=\"high\" decoding=\"async\" class=\"size-medium wp-image-5171 aligncenter\" src=\"https:\/\/portalraizesnoticias.com.br\/wp-content\/uploads\/2025\/03\/Imagem-do-WhatsApp-de-2025-03-06-as-10.00.20_0bd207c7-300x295.jpg\" alt=\"\" width=\"300\" height=\"295\" srcset=\"https:\/\/portalraizesnoticias.com.br\/wp-content\/uploads\/2025\/03\/Imagem-do-WhatsApp-de-2025-03-06-as-10.00.20_0bd207c7-300x295.jpg 300w, https:\/\/portalraizesnoticias.com.br\/wp-content\/uploads\/2025\/03\/Imagem-do-WhatsApp-de-2025-03-06-as-10.00.20_0bd207c7.jpg 720w\" sizes=\"(max-width: 300px) 100vw, 300px\" \/><\/p>\n<p style=\"text-align: center;\"><strong>PUBLICIDADE<\/strong><\/p>\n<p>Segundo informa\u00e7\u00f5es apuradas pelo Ra\u00edzes Not\u00edcias, a suspeita \u00e9 de que o crime tenha sido motivado por uma briga familiar.<\/p>\n<p>A v\u00edtima foi atingida por uma espingarda e o suspeito da autoria seria o primo do rapaz.<\/p>\n<p><img decoding=\"async\" class=\"size-medium wp-image-3169 aligncenter\" src=\"https:\/\/portalraizesnoticias.com.br\/wp-content\/uploads\/2024\/12\/01-300x179.png\" alt=\"\" width=\"300\" height=\"179\" srcset=\"https:\/\/portalraizesnoticias.com.br\/wp-content\/uploads\/2024\/12\/01-300x179.png 300w, https:\/\/portalraizesnoticias.com.br\/wp-content\/uploads\/2024\/12\/01-1024x611.png 1024w, https:\/\/portalraizesnoticias.com.br\/wp-content\/uploads\/2024\/12\/01-768x458.png 768w, https:\/\/portalraizesnoticias.com.br\/wp-content\/uploads\/2024\/12\/01-1536x917.png 1536w, https:\/\/portalraizesnoticias.com.br\/wp-content\/uploads\/2024\/12\/01-2048x1222.png 2048w\" sizes=\"(max-width: 300px) 100vw, 300px\" \/><\/p>\n<p style=\"text-align: center;\"><strong>PUBLICIDADE<\/strong><\/p>\n<p>Informa\u00e7\u00f5es apuradas pelo Ra\u00edzes Not\u00edcias\u00a0 junto a um instrutor do Clube de Tiro Sisaleiro, um disparo com espingarda provoca v\u00e1rias perfura\u00e7\u00f5es, ou seja, um cartucho cheio de balins ou chumbo, e quando deflagrado provoca v\u00e1rias perfura\u00e7\u00f5es. <strong>(FIZEMOS A CORRE\u00c7\u00c3O NA MANCHETE AO SABER DA INFORMA\u00c7\u00c3O)<\/strong><\/p>\n<p>Conforme o coordenador da equipe \u00c1guia Resgate, Gildo Carneiro, a v\u00edtima foi encontrada desorientada, apresentando mais de 30 perfura\u00e7\u00f5es no lado direito do t\u00f3rax.<\/p>\n<p>,<img decoding=\"async\" class=\"size-medium wp-image-2520 aligncenter\" src=\"https:\/\/portalraizesnoticias.com.br\/wp-content\/uploads\/2024\/11\/Imagem-do-WhatsApp-de-2024-11-28-as-11.24.37_b858345f-300x142.jpg\" alt=\"\" width=\"300\" height=\"142\" srcset=\"https:\/\/portalraizesnoticias.com.br\/wp-content\/uploads\/2024\/11\/Imagem-do-WhatsApp-de-2024-11-28-as-11.24.37_b858345f-300x142.jpg 300w, https:\/\/portalraizesnoticias.com.br\/wp-content\/uploads\/2024\/11\/Imagem-do-WhatsApp-de-2024-11-28-as-11.24.37_b858345f.jpg 722w\" sizes=\"(max-width: 300px) 100vw, 300px\" \/><\/p>\n<p style=\"text-align: center;\"><strong>PUBLICIDADE<\/strong><\/p>\n<p>Ele foi socorrido \u00e0 emerg\u00eancia do Hospital Portugu\u00eas de Coit\u00e9 e est\u00e1 sendo entubado para transfer\u00eancia a uma unidade hospitalar de Feira de Santana ou Salvador.<\/p>\n<p>A PM realiza dilig\u00eancias para encontrar o autor.<\/p>\n<p>Reda\u00e7\u00e3o Portal Ra\u00edzes<\/p>\n","protected":false},"excerpt":{"rendered":"<p>Jos\u00e9 Elio dos Santos, 53 anos, foi v\u00edtima de disparo de arma de fogo na noite deste s\u00e1bado (15), no Bairro do Cruzeiro, em Concei\u00e7\u00e3o do Coit\u00e9, regi\u00e3o sisaleira. PUBLICIDADE Segundo informa\u00e7\u00f5es apuradas pelo Ra\u00edzes Not\u00edcias, a suspeita \u00e9 de que o crime tenha sido motivado por uma briga familiar. A v\u00edtima foi atingida por uma espingarda e o suspeito da autoria seria o primo do rapaz. PUBLICIDADE Informa\u00e7\u00f5es apuradas pelo Ra\u00edzes Not\u00edcias\u00a0 junto a um instrutor do Clube de Tiro Sisaleiro, um disparo com espingarda provoca v\u00e1rias perfura\u00e7\u00f5es, ou seja, um cartucho cheio de balins ou chumbo, e quando deflagrado provoca v\u00e1rias perfura\u00e7\u00f5es. (FIZEMOS A CORRE\u00c7\u00c3O NA MANCHETE AO SABER DA INFORMA\u00c7\u00c3O) Conforme o coordenador da equipe \u00c1guia Resgate, Gildo Carneiro, a v\u00edtima foi encontrada desorientada, apresentando mais de 30 perfura\u00e7\u00f5es no lado direito do t\u00f3rax. , PUBLICIDADE Ele foi socorrido \u00e0 emerg\u00eancia do Hospital Portugu\u00eas de Coit\u00e9 e est\u00e1 sendo entubado para transfer\u00eancia a uma unidade hospitalar de Feira de Santana ou Salvador. A PM realiza dilig\u00eancias para encontrar o autor. Reda\u00e7\u00e3o Portal Ra\u00edzes<\/p>\n","protected":false},"author":3,"featured_media":5288,"comment_status":"open","ping_status":"open","sticky":false,"template":"","format":"standard","meta":{"_joinchat":[],"footnotes":""},"categories":[55,67,59],"tags":[],"class_list":["post-5287","post","type-post","status-publish","format-standard","has-post-thumbnail","hentry","category-destaques","category-policia","category-ultimas-noticias"],"yoast_head":"<!-- This site is optimized with the Yoast SEO plugin v24.4 - https:\/\/yoast.com\/wordpress\/plugins\/seo\/ -->\n<title>Homem \u00e9 alvejado com tiro de espingarda no bairro do Cruzeiro em Concei\u00e7\u00e3o do Coit\u00e9; suspeita seria um briga familiar - Portal raizes noticias<\/title>\n<meta name=\"robots\" content=\"index, follow, max-snippet:-1, max-image-preview:large, max-video-preview:-1\" \/>\n<link rel=\"canonical\" href=\"https:\/\/portalraizesnoticias.com.br\/?p=5287\" \/>\n<meta property=\"og:locale\" content=\"pt_BR\" \/>\n<meta property=\"og:type\" content=\"article\" \/>\n<meta property=\"og:title\" content=\"Homem \u00e9 alvejado com tiro de espingarda no bairro do Cruzeiro em Concei\u00e7\u00e3o do Coit\u00e9; suspeita seria um briga familiar - Portal raizes noticias\" \/>\n<meta property=\"og:description\" content=\"Jos\u00e9 Elio dos Santos, 53 anos, foi v\u00edtima de disparo de arma de fogo na noite deste s\u00e1bado (15), no Bairro do Cruzeiro, em Concei\u00e7\u00e3o do Coit\u00e9, regi\u00e3o sisaleira. PUBLICIDADE Segundo informa\u00e7\u00f5es apuradas pelo Ra\u00edzes Not\u00edcias, a suspeita \u00e9 de que o crime tenha sido motivado por uma briga familiar. A v\u00edtima foi atingida por uma espingarda e o suspeito da autoria seria o primo do rapaz. PUBLICIDADE Informa\u00e7\u00f5es apuradas pelo Ra\u00edzes Not\u00edcias\u00a0 junto a um instrutor do Clube de Tiro Sisaleiro, um disparo com espingarda provoca v\u00e1rias perfura\u00e7\u00f5es, ou seja, um cartucho cheio de balins ou chumbo, e quando deflagrado provoca v\u00e1rias perfura\u00e7\u00f5es. (FIZEMOS A CORRE\u00c7\u00c3O NA MANCHETE AO SABER DA INFORMA\u00c7\u00c3O) Conforme o coordenador da equipe \u00c1guia Resgate, Gildo Carneiro, a v\u00edtima foi encontrada desorientada, apresentando mais de 30 perfura\u00e7\u00f5es no lado direito do t\u00f3rax. , PUBLICIDADE Ele foi socorrido \u00e0 emerg\u00eancia do Hospital Portugu\u00eas de Coit\u00e9 e est\u00e1 sendo entubado para transfer\u00eancia a uma unidade hospitalar de Feira de Santana ou Salvador. A PM realiza dilig\u00eancias para encontrar o autor. Reda\u00e7\u00e3o Portal Ra\u00edzes\" \/>\n<meta property=\"og:url\" content=\"https:\/\/portalraizesnoticias.com.br\/?p=5287\" \/>\n<meta property=\"og:site_name\" content=\"Portal raizes noticias\" \/>\n<meta property=\"article:published_time\" content=\"2025-03-15T23:54:28+00:00\" \/>\n<meta property=\"article:modified_time\" content=\"2025-03-16T01:03:10+00:00\" \/>\n<meta property=\"og:image\" content=\"https:\/\/portalraizesnoticias.com.br\/wp-content\/uploads\/2025\/03\/20250315205251.jpg\" \/>\n\t<meta property=\"og:image:width\" content=\"900\" \/>\n\t<meta property=\"og:image:height\" content=\"1600\" \/>\n\t<meta property=\"og:image:type\" content=\"image\/jpeg\" \/>\n<meta name=\"author\" content=\"Portal Raizes\" \/>\n<meta name=\"twitter:card\" content=\"summary_large_image\" \/>\n<meta name=\"twitter:label1\" content=\"Escrito por\" \/>\n\t<meta name=\"twitter:data1\" content=\"Portal Raizes\" \/>\n\t<meta name=\"twitter:label2\" content=\"Est. tempo de leitura\" \/>\n\t<meta name=\"twitter:data2\" content=\"2 minutos\" \/>\n<script type=\"application\/ld+json\" class=\"yoast-schema-graph\">{\"@context\":\"https:\/\/schema.org\",\"@graph\":[{\"@type\":\"Article\",\"@id\":\"https:\/\/portalraizesnoticias.com.br\/?p=5287#article\",\"isPartOf\":{\"@id\":\"https:\/\/portalraizesnoticias.com.br\/?p=5287\"},\"author\":{\"name\":\"Portal Raizes\",\"@id\":\"https:\/\/portalraizesnoticias.com.br\/#\/schema\/person\/a3ca6b0fc701e78df19756c417d943ae\"},\"headline\":\"Homem \u00e9 alvejado com tiro de espingarda no bairro do Cruzeiro em Concei\u00e7\u00e3o do Coit\u00e9; suspeita seria um briga familiar\",\"datePublished\":\"2025-03-15T23:54:28+00:00\",\"dateModified\":\"2025-03-16T01:03:10+00:00\",\"mainEntityOfPage\":{\"@id\":\"https:\/\/portalraizesnoticias.com.br\/?p=5287\"},\"wordCount\":216,\"commentCount\":0,\"publisher\":{\"@id\":\"https:\/\/portalraizesnoticias.com.br\/#organization\"},\"image\":{\"@id\":\"https:\/\/portalraizesnoticias.com.br\/?p=5287#primaryimage\"},\"thumbnailUrl\":\"https:\/\/portalraizesnoticias.com.br\/wp-content\/uploads\/2025\/03\/20250315205251.jpg\",\"articleSection\":[\"DESTAQUES\",\"POLICIA\",\"ULTIMAS NOTICIAS\"],\"inLanguage\":\"pt-BR\",\"potentialAction\":[{\"@type\":\"CommentAction\",\"name\":\"Comment\",\"target\":[\"https:\/\/portalraizesnoticias.com.br\/?p=5287#respond\"]}]},{\"@type\":\"WebPage\",\"@id\":\"https:\/\/portalraizesnoticias.com.br\/?p=5287\",\"url\":\"https:\/\/portalraizesnoticias.com.br\/?p=5287\",\"name\":\"Homem \u00e9 alvejado com tiro de espingarda no bairro do Cruzeiro em Concei\u00e7\u00e3o do Coit\u00e9; suspeita seria um briga familiar - Portal raizes noticias\",\"isPartOf\":{\"@id\":\"https:\/\/portalraizesnoticias.com.br\/#website\"},\"primaryImageOfPage\":{\"@id\":\"https:\/\/portalraizesnoticias.com.br\/?p=5287#primaryimage\"},\"image\":{\"@id\":\"https:\/\/portalraizesnoticias.com.br\/?p=5287#primaryimage\"},\"thumbnailUrl\":\"https:\/\/portalraizesnoticias.com.br\/wp-content\/uploads\/2025\/03\/20250315205251.jpg\",\"datePublished\":\"2025-03-15T23:54:28+00:00\",\"dateModified\":\"2025-03-16T01:03:10+00:00\",\"breadcrumb\":{\"@id\":\"https:\/\/portalraizesnoticias.com.br\/?p=5287#breadcrumb\"},\"inLanguage\":\"pt-BR\",\"potentialAction\":[{\"@type\":\"ReadAction\",\"target\":[\"https:\/\/portalraizesnoticias.com.br\/?p=5287\"]}]},{\"@type\":\"ImageObject\",\"inLanguage\":\"pt-BR\",\"@id\":\"https:\/\/portalraizesnoticias.com.br\/?p=5287#primaryimage\",\"url\":\"https:\/\/portalraizesnoticias.com.br\/wp-content\/uploads\/2025\/03\/20250315205251.jpg\",\"contentUrl\":\"https:\/\/portalraizesnoticias.com.br\/wp-content\/uploads\/2025\/03\/20250315205251.jpg\",\"width\":900,\"height\":1600},{\"@type\":\"BreadcrumbList\",\"@id\":\"https:\/\/portalraizesnoticias.com.br\/?p=5287#breadcrumb\",\"itemListElement\":[{\"@type\":\"ListItem\",\"position\":1,\"name\":\"In\u00edcio\",\"item\":\"https:\/\/portalraizesnoticias.com.br\/\"},{\"@type\":\"ListItem\",\"position\":2,\"name\":\"Homem \u00e9 alvejado com tiro de espingarda no bairro do Cruzeiro em Concei\u00e7\u00e3o do Coit\u00e9; suspeita seria um briga familiar\"}]},{\"@type\":\"WebSite\",\"@id\":\"https:\/\/portalraizesnoticias.com.br\/#website\",\"url\":\"https:\/\/portalraizesnoticias.com.br\/\",\"name\":\"Portal raizes NOTICIAS\",\"description\":\"site de noticias de concei\u00e7\u00e3o do coit\u00e9 e regi\u00e3o\",\"publisher\":{\"@id\":\"https:\/\/portalraizesnoticias.com.br\/#organization\"},\"alternateName\":\"PORTAL RAIZES COIT\u00c9\",\"potentialAction\":[{\"@type\":\"SearchAction\",\"target\":{\"@type\":\"EntryPoint\",\"urlTemplate\":\"https:\/\/portalraizesnoticias.com.br\/?s={search_term_string}\"},\"query-input\":{\"@type\":\"PropertyValueSpecification\",\"valueRequired\":true,\"valueName\":\"search_term_string\"}}],\"inLanguage\":\"pt-BR\"},{\"@type\":\"Organization\",\"@id\":\"https:\/\/portalraizesnoticias.com.br\/#organization\",\"name\":\"Portal raizes NOTICIAS\",\"url\":\"https:\/\/portalraizesnoticias.com.br\/\",\"logo\":{\"@type\":\"ImageObject\",\"inLanguage\":\"pt-BR\",\"@id\":\"https:\/\/portalraizesnoticias.com.br\/#\/schema\/logo\/image\/\",\"url\":\"https:\/\/portalraizesnoticias.com.br\/wp-content\/uploads\/2024\/09\/cropped-Captura-de-tela-2024-09-08-011108.png\",\"contentUrl\":\"https:\/\/portalraizesnoticias.com.br\/wp-content\/uploads\/2024\/09\/cropped-Captura-de-tela-2024-09-08-011108.png\",\"width\":606,\"height\":173,\"caption\":\"Portal raizes NOTICIAS\"},\"image\":{\"@id\":\"https:\/\/portalraizesnoticias.com.br\/#\/schema\/logo\/image\/\"}},{\"@type\":\"Person\",\"@id\":\"https:\/\/portalraizesnoticias.com.br\/#\/schema\/person\/a3ca6b0fc701e78df19756c417d943ae\",\"name\":\"Portal Raizes\",\"image\":{\"@type\":\"ImageObject\",\"inLanguage\":\"pt-BR\",\"@id\":\"https:\/\/portalraizesnoticias.com.br\/#\/schema\/person\/image\/\",\"url\":\"https:\/\/secure.gravatar.com\/avatar\/ef450d29013a3d3fba867a12a249d7b1?s=96&d=mm&r=g\",\"contentUrl\":\"https:\/\/secure.gravatar.com\/avatar\/ef450d29013a3d3fba867a12a249d7b1?s=96&d=mm&r=g\",\"caption\":\"Portal Raizes\"},\"url\":\"https:\/\/portalraizesnoticias.com.br\/?author=3\"}]}<\/script>\n<!-- \/ Yoast SEO plugin. -->","yoast_head_json":{"title":"Homem \u00e9 alvejado com tiro de espingarda no bairro do Cruzeiro em Concei\u00e7\u00e3o do Coit\u00e9; suspeita seria um briga familiar - Portal raizes noticias","robots":{"index":"index","follow":"follow","max-snippet":"max-snippet:-1","max-image-preview":"max-image-preview:large","max-video-preview":"max-video-preview:-1"},"canonical":"https:\/\/portalraizesnoticias.com.br\/?p=5287","og_locale":"pt_BR","og_type":"article","og_title":"Homem \u00e9 alvejado com tiro de espingarda no bairro do Cruzeiro em Concei\u00e7\u00e3o do Coit\u00e9; suspeita seria um briga familiar - Portal raizes noticias","og_description":"Jos\u00e9 Elio dos Santos, 53 anos, foi v\u00edtima de disparo de arma de fogo na noite deste s\u00e1bado (15), no Bairro do Cruzeiro, em Concei\u00e7\u00e3o do Coit\u00e9, regi\u00e3o sisaleira. PUBLICIDADE Segundo informa\u00e7\u00f5es apuradas pelo Ra\u00edzes Not\u00edcias, a suspeita \u00e9 de que o crime tenha sido motivado por uma briga familiar. A v\u00edtima foi atingida por uma espingarda e o suspeito da autoria seria o primo do rapaz. PUBLICIDADE Informa\u00e7\u00f5es apuradas pelo Ra\u00edzes Not\u00edcias\u00a0 junto a um instrutor do Clube de Tiro Sisaleiro, um disparo com espingarda provoca v\u00e1rias perfura\u00e7\u00f5es, ou seja, um cartucho cheio de balins ou chumbo, e quando deflagrado provoca v\u00e1rias perfura\u00e7\u00f5es. (FIZEMOS A CORRE\u00c7\u00c3O NA MANCHETE AO SABER DA INFORMA\u00c7\u00c3O) Conforme o coordenador da equipe \u00c1guia Resgate, Gildo Carneiro, a v\u00edtima foi encontrada desorientada, apresentando mais de 30 perfura\u00e7\u00f5es no lado direito do t\u00f3rax. , PUBLICIDADE Ele foi socorrido \u00e0 emerg\u00eancia do Hospital Portugu\u00eas de Coit\u00e9 e est\u00e1 sendo entubado para transfer\u00eancia a uma unidade hospitalar de Feira de Santana ou Salvador. A PM realiza dilig\u00eancias para encontrar o autor. Reda\u00e7\u00e3o Portal Ra\u00edzes","og_url":"https:\/\/portalraizesnoticias.com.br\/?p=5287","og_site_name":"Portal raizes noticias","article_published_time":"2025-03-15T23:54:28+00:00","article_modified_time":"2025-03-16T01:03:10+00:00","og_image":[{"width":900,"height":1600,"url":"https:\/\/portalraizesnoticias.com.br\/wp-content\/uploads\/2025\/03\/20250315205251.jpg","type":"image\/jpeg"}],"author":"Portal Raizes","twitter_card":"summary_large_image","twitter_misc":{"Escrito por":"Portal Raizes","Est. tempo de leitura":"2 minutos"},"schema":{"@context":"https:\/\/schema.org","@graph":[{"@type":"Article","@id":"https:\/\/portalraizesnoticias.com.br\/?p=5287#article","isPartOf":{"@id":"https:\/\/portalraizesnoticias.com.br\/?p=5287"},"author":{"name":"Portal Raizes","@id":"https:\/\/portalraizesnoticias.com.br\/#\/schema\/person\/a3ca6b0fc701e78df19756c417d943ae"},"headline":"Homem \u00e9 alvejado com tiro de espingarda no bairro do Cruzeiro em Concei\u00e7\u00e3o do Coit\u00e9; suspeita seria um briga familiar","datePublished":"2025-03-15T23:54:28+00:00","dateModified":"2025-03-16T01:03:10+00:00","mainEntityOfPage":{"@id":"https:\/\/portalraizesnoticias.com.br\/?p=5287"},"wordCount":216,"commentCount":0,"publisher":{"@id":"https:\/\/portalraizesnoticias.com.br\/#organization"},"image":{"@id":"https:\/\/portalraizesnoticias.com.br\/?p=5287#primaryimage"},"thumbnailUrl":"https:\/\/portalraizesnoticias.com.br\/wp-content\/uploads\/2025\/03\/20250315205251.jpg","articleSection":["DESTAQUES","POLICIA","ULTIMAS NOTICIAS"],"inLanguage":"pt-BR","potentialAction":[{"@type":"CommentAction","name":"Comment","target":["https:\/\/portalraizesnoticias.com.br\/?p=5287#respond"]}]},{"@type":"WebPage","@id":"https:\/\/portalraizesnoticias.com.br\/?p=5287","url":"https:\/\/portalraizesnoticias.com.br\/?p=5287","name":"Homem \u00e9 alvejado com tiro de espingarda no bairro do Cruzeiro em Concei\u00e7\u00e3o do Coit\u00e9; suspeita seria um briga familiar - Portal raizes noticias","isPartOf":{"@id":"https:\/\/portalraizesnoticias.com.br\/#website"},"primaryImageOfPage":{"@id":"https:\/\/portalraizesnoticias.com.br\/?p=5287#primaryimage"},"image":{"@id":"https:\/\/portalraizesnoticias.com.br\/?p=5287#primaryimage"},"thumbnailUrl":"https:\/\/portalraizesnoticias.com.br\/wp-content\/uploads\/2025\/03\/20250315205251.jpg","datePublished":"2025-03-15T23:54:28+00:00","dateModified":"2025-03-16T01:03:10+00:00","breadcrumb":{"@id":"https:\/\/portalraizesnoticias.com.br\/?p=5287#breadcrumb"},"inLanguage":"pt-BR","potentialAction":[{"@type":"ReadAction","target":["https:\/\/portalraizesnoticias.com.br\/?p=5287"]}]},{"@type":"ImageObject","inLanguage":"pt-BR","@id":"https:\/\/portalraizesnoticias.com.br\/?p=5287#primaryimage","url":"https:\/\/portalraizesnoticias.com.br\/wp-content\/uploads\/2025\/03\/20250315205251.jpg","contentUrl":"https:\/\/portalraizesnoticias.com.br\/wp-content\/uploads\/2025\/03\/20250315205251.jpg","width":900,"height":1600},{"@type":"BreadcrumbList","@id":"https:\/\/portalraizesnoticias.com.br\/?p=5287#breadcrumb","itemListElement":[{"@type":"ListItem","position":1,"name":"In\u00edcio","item":"https:\/\/portalraizesnoticias.com.br\/"},{"@type":"ListItem","position":2,"name":"Homem \u00e9 alvejado com tiro de espingarda no bairro do Cruzeiro em Concei\u00e7\u00e3o do Coit\u00e9; suspeita seria um briga familiar"}]},{"@type":"WebSite","@id":"https:\/\/portalraizesnoticias.com.br\/#website","url":"https:\/\/portalraizesnoticias.com.br\/","name":"Portal raizes NOTICIAS","description":"site de noticias de concei\u00e7\u00e3o do coit\u00e9 e regi\u00e3o","publisher":{"@id":"https:\/\/portalraizesnoticias.com.br\/#organization"},"alternateName":"PORTAL RAIZES COIT\u00c9","potentialAction":[{"@type":"SearchAction","target":{"@type":"EntryPoint","urlTemplate":"https:\/\/portalraizesnoticias.com.br\/?s={search_term_string}"},"query-input":{"@type":"PropertyValueSpecification","valueRequired":true,"valueName":"search_term_string"}}],"inLanguage":"pt-BR"},{"@type":"Organization","@id":"https:\/\/portalraizesnoticias.com.br\/#organization","name":"Portal raizes NOTICIAS","url":"https:\/\/portalraizesnoticias.com.br\/","logo":{"@type":"ImageObject","inLanguage":"pt-BR","@id":"https:\/\/portalraizesnoticias.com.br\/#\/schema\/logo\/image\/","url":"https:\/\/portalraizesnoticias.com.br\/wp-content\/uploads\/2024\/09\/cropped-Captura-de-tela-2024-09-08-011108.png","contentUrl":"https:\/\/portalraizesnoticias.com.br\/wp-content\/uploads\/2024\/09\/cropped-Captura-de-tela-2024-09-08-011108.png","width":606,"height":173,"caption":"Portal raizes NOTICIAS"},"image":{"@id":"https:\/\/portalraizesnoticias.com.br\/#\/schema\/logo\/image\/"}},{"@type":"Person","@id":"https:\/\/portalraizesnoticias.com.br\/#\/schema\/person\/a3ca6b0fc701e78df19756c417d943ae","name":"Portal Raizes","image":{"@type":"ImageObject","inLanguage":"pt-BR","@id":"https:\/\/portalraizesnoticias.com.br\/#\/schema\/person\/image\/","url":"https:\/\/secure.gravatar.com\/avatar\/ef450d29013a3d3fba867a12a249d7b1?s=96&d=mm&r=g","contentUrl":"https:\/\/secure.gravatar.com\/avatar\/ef450d29013a3d3fba867a12a249d7b1?s=96&d=mm&r=g","caption":"Portal Raizes"},"url":"https:\/\/portalraizesnoticias.com.br\/?author=3"}]}},"_links":{"self":[{"href":"https:\/\/portalraizesnoticias.com.br\/index.php?rest_route=\/wp\/v2\/posts\/5287"}],"collection":[{"href":"https:\/\/portalraizesnoticias.com.br\/index.php?rest_route=\/wp\/v2\/posts"}],"about":[{"href":"https:\/\/portalraizesnoticias.com.br\/index.php?rest_route=\/wp\/v2\/types\/post"}],"author":[{"embeddable":true,"href":"https:\/\/portalraizesnoticias.com.br\/index.php?rest_route=\/wp\/v2\/users\/3"}],"replies":[{"embeddable":true,"href":"https:\/\/portalraizesnoticias.com.br\/index.php?rest_route=%2Fwp%2Fv2%2Fcomments&post=5287"}],"version-history":[{"count":5,"href":"https:\/\/portalraizesnoticias.com.br\/index.php?rest_route=\/wp\/v2\/posts\/5287\/revisions"}],"predecessor-version":[{"id":5296,"href":"https:\/\/portalraizesnoticias.com.br\/index.php?rest_route=\/wp\/v2\/posts\/5287\/revisions\/5296"}],"wp:featuredmedia":[{"embeddable":true,"href":"https:\/\/portalraizesnoticias.com.br\/index.php?rest_route=\/wp\/v2\/media\/5288"}],"wp:attachment":[{"href":"https:\/\/portalraizesnoticias.com.br\/index.php?rest_route=%2Fwp%2Fv2%2Fmedia&parent=5287"}],"wp:term":[{"taxonomy":"category","embeddable":true,"href":"https:\/\/portalraizesnoticias.com.br\/index.php?rest_route=%2Fwp%2Fv2%2Fcategories&post=5287"},{"taxonomy":"post_tag","embeddable":true,"href":"https:\/\/portalraizesnoticias.com.br\/index.php?rest_route=%2Fwp%2Fv2%2Ftags&post=5287"}],"curies":[{"name":"wp","href":"https:\/\/api.w.org\/{rel}","templated":true}]}}