{"id":5271,"date":"2025-03-14T18:19:08","date_gmt":"2025-03-14T21:19:08","guid":{"rendered":"https:\/\/portalraizesnoticias.com.br\/?p=5271"},"modified":"2025-03-14T18:21:03","modified_gmt":"2025-03-14T21:21:03","slug":"coiteense-se-destaca-apos-lancar-filme-em-homenagem-a-serra-do-mucambo-longa-estara-disponivel-apenas-hoje-14-saiba-como-assistir","status":"publish","type":"post","link":"https:\/\/portalraizesnoticias.com.br\/?p=5271","title":{"rendered":"Coiteense se destaca ap\u00f3s lan\u00e7ar filme em homenagem a Serra do Mucambo. Longa est\u00e1 dispon\u00edvel apenas hoje (14). Saiba como assistir!"},"content":{"rendered":"<p>Um jovem coiteense tornou-se uma das revela\u00e7\u00f5es do mercado cinematogr\u00e1fico ap\u00f3s produzir e lan\u00e7ar o filme intitulado Mucambo na \u00faltima semana.<\/p>\n<p>\u00cdcaro Matheus tem 28 anos, nasceu e se criou no bairro Sonho Meu (Concei\u00e7\u00e3o do Coit\u00e9), mas se mudou para Cachoeira, rec\u00f4ncavo baiano, onde cursa o quarto semestre de Cinema e Audiovisual na Universidade Federal do Rec\u00f4ncavo Baiano (UFRB).<\/p>\n<p><img fetchpriority=\"high\" decoding=\"async\" class=\"size-medium wp-image-5273 aligncenter\" src=\"https:\/\/portalraizesnoticias.com.br\/wp-content\/uploads\/2025\/03\/IMG-20250314-WA0376-240x300.jpg\" alt=\"\" width=\"240\" height=\"300\" srcset=\"https:\/\/portalraizesnoticias.com.br\/wp-content\/uploads\/2025\/03\/IMG-20250314-WA0376-240x300.jpg 240w, https:\/\/portalraizesnoticias.com.br\/wp-content\/uploads\/2025\/03\/IMG-20250314-WA0376-819x1024.jpg 819w, https:\/\/portalraizesnoticias.com.br\/wp-content\/uploads\/2025\/03\/IMG-20250314-WA0376-768x960.jpg 768w, https:\/\/portalraizesnoticias.com.br\/wp-content\/uploads\/2025\/03\/IMG-20250314-WA0376.jpg 1080w\" sizes=\"(max-width: 240px) 100vw, 240px\" \/><\/p>\n<p>O longa-metragem \u00e9 ambientado em uma pequena resid\u00eancia localizada ao p\u00e9 do Mucambo, onde uma mulher chamada Tereza enfrenta a realiza\u00e7\u00e3o de uma profecia antiga no anivers\u00e1rio do filho mais velho.<\/p>\n<p><img decoding=\"async\" class=\"size-medium wp-image-5274 aligncenter\" src=\"https:\/\/portalraizesnoticias.com.br\/wp-content\/uploads\/2025\/03\/IMG-20250314-WA0382-240x300.jpg\" alt=\"\" width=\"240\" height=\"300\" srcset=\"https:\/\/portalraizesnoticias.com.br\/wp-content\/uploads\/2025\/03\/IMG-20250314-WA0382-240x300.jpg 240w, https:\/\/portalraizesnoticias.com.br\/wp-content\/uploads\/2025\/03\/IMG-20250314-WA0382-819x1024.jpg 819w, https:\/\/portalraizesnoticias.com.br\/wp-content\/uploads\/2025\/03\/IMG-20250314-WA0382-768x960.jpg 768w, https:\/\/portalraizesnoticias.com.br\/wp-content\/uploads\/2025\/03\/IMG-20250314-WA0382.jpg 1080w\" sizes=\"(max-width: 240px) 100vw, 240px\" \/><\/p>\n<p>\u201cA ideia foi criar uma hist\u00f3ria de suspense e mist\u00e9rio que se passa no nosso territ\u00f3rio, territ\u00f3rio do sisal, e a Serra do Mucambo, que \u00e9 uma marca muito forte na nossa regi\u00e3o. Nossa inten\u00e7\u00e3o foi homenagear esse lugar que sempre amei visitar&#8221;, contou \u00cdcaro.<\/p>\n<p><img decoding=\"async\" class=\"size-medium wp-image-5276 aligncenter\" src=\"https:\/\/portalraizesnoticias.com.br\/wp-content\/uploads\/2025\/03\/IMG-20250314-WA0379-240x300.jpg\" alt=\"\" width=\"240\" height=\"300\" srcset=\"https:\/\/portalraizesnoticias.com.br\/wp-content\/uploads\/2025\/03\/IMG-20250314-WA0379-240x300.jpg 240w, https:\/\/portalraizesnoticias.com.br\/wp-content\/uploads\/2025\/03\/IMG-20250314-WA0379-819x1024.jpg 819w, https:\/\/portalraizesnoticias.com.br\/wp-content\/uploads\/2025\/03\/IMG-20250314-WA0379-768x960.jpg 768w, https:\/\/portalraizesnoticias.com.br\/wp-content\/uploads\/2025\/03\/IMG-20250314-WA0379.jpg 1080w\" sizes=\"(max-width: 240px) 100vw, 240px\" \/><\/p>\n<p>O projeto foi apoiado pela Lei Paulo Gustavo, da Prefeitura de Concei\u00e7\u00e3o do Coit\u00e9, e contou com a participa\u00e7\u00e3o de 11 profissionais. Entre a cria\u00e7\u00e3o do roteiro por \u00cdcaro e Juliana Oliveira, a produ\u00e7\u00e3o levou 11 meses para ser finalizada.<\/p>\n<p><img loading=\"lazy\" decoding=\"async\" class=\"size-medium wp-image-5275 aligncenter\" src=\"https:\/\/portalraizesnoticias.com.br\/wp-content\/uploads\/2025\/03\/IMG-20250314-WA0381-240x300.jpg\" alt=\"\" width=\"240\" height=\"300\" srcset=\"https:\/\/portalraizesnoticias.com.br\/wp-content\/uploads\/2025\/03\/IMG-20250314-WA0381-240x300.jpg 240w, https:\/\/portalraizesnoticias.com.br\/wp-content\/uploads\/2025\/03\/IMG-20250314-WA0381-819x1024.jpg 819w, https:\/\/portalraizesnoticias.com.br\/wp-content\/uploads\/2025\/03\/IMG-20250314-WA0381-768x960.jpg 768w, https:\/\/portalraizesnoticias.com.br\/wp-content\/uploads\/2025\/03\/IMG-20250314-WA0381.jpg 1080w\" sizes=\"(max-width: 240px) 100vw, 240px\" \/><\/p>\n<p>&#8220;Sensa\u00e7\u00e3o de dever cumprido e uma vontade grande de mostrar para o mundo atrav\u00e9s dos festivais que estamos para participar durante os pr\u00f3ximos meses&#8221;, falou \u00cdcaro entusiasmado.<\/p>\n<p><strong>O filme Mucambo est\u00e1 dispon\u00edvel\u00a0 apenas nesta sexta-feira (14), \u00e1s 19h30, ao VIVO atrav\u00e9s do YouTube<\/strong><\/p>\n<p>Assista:<\/p>\n<p><a href=\"https:\/\/youtube.com\/@ligadosentretenimento?si=Nd8ppRddjWufNKhv\">https:\/\/youtube.com\/@ligadosentretenimento?si=Nd8ppRddjWufNKhv<\/a><\/p>\n<p>Rela\u00e7\u00e3o<\/p>\n<p>Foto: Divulga\u00e7\u00e3o<\/p>\n<p>Foto em destaque: \u00cdcaro Matheus<\/p>\n","protected":false},"excerpt":{"rendered":"<p>Um jovem coiteense tornou-se uma das revela\u00e7\u00f5es do mercado cinematogr\u00e1fico ap\u00f3s produzir e lan\u00e7ar o filme intitulado Mucambo na \u00faltima semana. \u00cdcaro Matheus tem 28 anos, nasceu e se criou no bairro Sonho Meu (Concei\u00e7\u00e3o do Coit\u00e9), mas se mudou para Cachoeira, rec\u00f4ncavo baiano, onde cursa o quarto semestre de Cinema e Audiovisual na Universidade Federal do Rec\u00f4ncavo Baiano (UFRB). O longa-metragem \u00e9 ambientado em uma pequena resid\u00eancia localizada ao p\u00e9 do Mucambo, onde uma mulher chamada Tereza enfrenta a realiza\u00e7\u00e3o de uma profecia antiga no anivers\u00e1rio do filho mais velho. \u201cA ideia foi criar uma hist\u00f3ria de suspense e mist\u00e9rio que se passa no nosso territ\u00f3rio, territ\u00f3rio do sisal, e a Serra do Mucambo, que \u00e9 uma marca muito forte na nossa regi\u00e3o. Nossa inten\u00e7\u00e3o foi homenagear esse lugar que sempre amei visitar&#8221;, contou \u00cdcaro. O projeto foi apoiado pela Lei Paulo Gustavo, da Prefeitura de Concei\u00e7\u00e3o do Coit\u00e9, e contou com a participa\u00e7\u00e3o de 11 profissionais. Entre a cria\u00e7\u00e3o do roteiro por \u00cdcaro e Juliana Oliveira, a produ\u00e7\u00e3o levou 11 meses para ser finalizada. &#8220;Sensa\u00e7\u00e3o de dever cumprido e uma vontade grande de mostrar para o mundo atrav\u00e9s dos festivais que estamos para participar durante os pr\u00f3ximos meses&#8221;, falou \u00cdcaro entusiasmado. O filme Mucambo est\u00e1 dispon\u00edvel\u00a0 apenas nesta sexta-feira (14), \u00e1s 19h30, ao VIVO atrav\u00e9s do YouTube Assista: https:\/\/youtube.com\/@ligadosentretenimento?si=Nd8ppRddjWufNKhv Rela\u00e7\u00e3o Foto: Divulga\u00e7\u00e3o Foto em destaque: \u00cdcaro Matheus<\/p>\n","protected":false},"author":3,"featured_media":5277,"comment_status":"open","ping_status":"open","sticky":false,"template":"","format":"standard","meta":{"_joinchat":[],"footnotes":""},"categories":[55,69,59],"tags":[75,885],"class_list":["post-5271","post","type-post","status-publish","format-standard","has-post-thumbnail","hentry","category-destaques","category-entreterimento-e-cultura","category-ultimas-noticias","tag-coite","tag-filme-mucambo"],"yoast_head":"<!-- This site is optimized with the Yoast SEO plugin v24.4 - https:\/\/yoast.com\/wordpress\/plugins\/seo\/ -->\n<title>Coiteense se destaca ap\u00f3s lan\u00e7ar filme em homenagem a Serra do Mucambo. Longa est\u00e1 dispon\u00edvel apenas hoje (14). Saiba como assistir! - Portal raizes noticias<\/title>\n<meta name=\"robots\" content=\"index, follow, max-snippet:-1, max-image-preview:large, max-video-preview:-1\" \/>\n<link rel=\"canonical\" href=\"https:\/\/portalraizesnoticias.com.br\/?p=5271\" \/>\n<meta property=\"og:locale\" content=\"pt_BR\" \/>\n<meta property=\"og:type\" content=\"article\" \/>\n<meta property=\"og:title\" content=\"Coiteense se destaca ap\u00f3s lan\u00e7ar filme em homenagem a Serra do Mucambo. Longa est\u00e1 dispon\u00edvel apenas hoje (14). Saiba como assistir! - Portal raizes noticias\" \/>\n<meta property=\"og:description\" content=\"Um jovem coiteense tornou-se uma das revela\u00e7\u00f5es do mercado cinematogr\u00e1fico ap\u00f3s produzir e lan\u00e7ar o filme intitulado Mucambo na \u00faltima semana. \u00cdcaro Matheus tem 28 anos, nasceu e se criou no bairro Sonho Meu (Concei\u00e7\u00e3o do Coit\u00e9), mas se mudou para Cachoeira, rec\u00f4ncavo baiano, onde cursa o quarto semestre de Cinema e Audiovisual na Universidade Federal do Rec\u00f4ncavo Baiano (UFRB). O longa-metragem \u00e9 ambientado em uma pequena resid\u00eancia localizada ao p\u00e9 do Mucambo, onde uma mulher chamada Tereza enfrenta a realiza\u00e7\u00e3o de uma profecia antiga no anivers\u00e1rio do filho mais velho. \u201cA ideia foi criar uma hist\u00f3ria de suspense e mist\u00e9rio que se passa no nosso territ\u00f3rio, territ\u00f3rio do sisal, e a Serra do Mucambo, que \u00e9 uma marca muito forte na nossa regi\u00e3o. Nossa inten\u00e7\u00e3o foi homenagear esse lugar que sempre amei visitar&#8221;, contou \u00cdcaro. O projeto foi apoiado pela Lei Paulo Gustavo, da Prefeitura de Concei\u00e7\u00e3o do Coit\u00e9, e contou com a participa\u00e7\u00e3o de 11 profissionais. Entre a cria\u00e7\u00e3o do roteiro por \u00cdcaro e Juliana Oliveira, a produ\u00e7\u00e3o levou 11 meses para ser finalizada. &#8220;Sensa\u00e7\u00e3o de dever cumprido e uma vontade grande de mostrar para o mundo atrav\u00e9s dos festivais que estamos para participar durante os pr\u00f3ximos meses&#8221;, falou \u00cdcaro entusiasmado. O filme Mucambo est\u00e1 dispon\u00edvel\u00a0 apenas nesta sexta-feira (14), \u00e1s 19h30, ao VIVO atrav\u00e9s do YouTube Assista: https:\/\/youtube.com\/@ligadosentretenimento?si=Nd8ppRddjWufNKhv Rela\u00e7\u00e3o Foto: Divulga\u00e7\u00e3o Foto em destaque: \u00cdcaro Matheus\" \/>\n<meta property=\"og:url\" content=\"https:\/\/portalraizesnoticias.com.br\/?p=5271\" \/>\n<meta property=\"og:site_name\" content=\"Portal raizes noticias\" \/>\n<meta property=\"article:published_time\" content=\"2025-03-14T21:19:08+00:00\" \/>\n<meta property=\"article:modified_time\" content=\"2025-03-14T21:21:03+00:00\" \/>\n<meta property=\"og:image\" content=\"https:\/\/portalraizesnoticias.com.br\/wp-content\/uploads\/2025\/03\/IMG-20250314-WA0384-1.jpg\" \/>\n\t<meta property=\"og:image:width\" content=\"1080\" \/>\n\t<meta property=\"og:image:height\" content=\"1350\" \/>\n\t<meta property=\"og:image:type\" content=\"image\/jpeg\" \/>\n<meta name=\"author\" content=\"Portal Raizes\" \/>\n<meta name=\"twitter:card\" content=\"summary_large_image\" \/>\n<meta name=\"twitter:label1\" content=\"Escrito por\" \/>\n\t<meta name=\"twitter:data1\" content=\"Portal Raizes\" \/>\n\t<meta name=\"twitter:label2\" content=\"Est. tempo de leitura\" \/>\n\t<meta name=\"twitter:data2\" content=\"3 minutos\" \/>\n<script type=\"application\/ld+json\" class=\"yoast-schema-graph\">{\"@context\":\"https:\/\/schema.org\",\"@graph\":[{\"@type\":\"Article\",\"@id\":\"https:\/\/portalraizesnoticias.com.br\/?p=5271#article\",\"isPartOf\":{\"@id\":\"https:\/\/portalraizesnoticias.com.br\/?p=5271\"},\"author\":{\"name\":\"Portal Raizes\",\"@id\":\"https:\/\/portalraizesnoticias.com.br\/#\/schema\/person\/a3ca6b0fc701e78df19756c417d943ae\"},\"headline\":\"Coiteense se destaca ap\u00f3s lan\u00e7ar filme em homenagem a Serra do Mucambo. Longa est\u00e1 dispon\u00edvel apenas hoje (14). Saiba como assistir!\",\"datePublished\":\"2025-03-14T21:19:08+00:00\",\"dateModified\":\"2025-03-14T21:21:03+00:00\",\"mainEntityOfPage\":{\"@id\":\"https:\/\/portalraizesnoticias.com.br\/?p=5271\"},\"wordCount\":279,\"commentCount\":0,\"publisher\":{\"@id\":\"https:\/\/portalraizesnoticias.com.br\/#organization\"},\"image\":{\"@id\":\"https:\/\/portalraizesnoticias.com.br\/?p=5271#primaryimage\"},\"thumbnailUrl\":\"https:\/\/portalraizesnoticias.com.br\/wp-content\/uploads\/2025\/03\/IMG-20250314-WA0384-1.jpg\",\"keywords\":[\"Coit\u00e9\",\"Filme mucambo\"],\"articleSection\":[\"DESTAQUES\",\"ENTRETERIMENTO E CULTURA\",\"ULTIMAS NOTICIAS\"],\"inLanguage\":\"pt-BR\",\"potentialAction\":[{\"@type\":\"CommentAction\",\"name\":\"Comment\",\"target\":[\"https:\/\/portalraizesnoticias.com.br\/?p=5271#respond\"]}]},{\"@type\":\"WebPage\",\"@id\":\"https:\/\/portalraizesnoticias.com.br\/?p=5271\",\"url\":\"https:\/\/portalraizesnoticias.com.br\/?p=5271\",\"name\":\"Coiteense se destaca ap\u00f3s lan\u00e7ar filme em homenagem a Serra do Mucambo. Longa est\u00e1 dispon\u00edvel apenas hoje (14). Saiba como assistir! - Portal raizes noticias\",\"isPartOf\":{\"@id\":\"https:\/\/portalraizesnoticias.com.br\/#website\"},\"primaryImageOfPage\":{\"@id\":\"https:\/\/portalraizesnoticias.com.br\/?p=5271#primaryimage\"},\"image\":{\"@id\":\"https:\/\/portalraizesnoticias.com.br\/?p=5271#primaryimage\"},\"thumbnailUrl\":\"https:\/\/portalraizesnoticias.com.br\/wp-content\/uploads\/2025\/03\/IMG-20250314-WA0384-1.jpg\",\"datePublished\":\"2025-03-14T21:19:08+00:00\",\"dateModified\":\"2025-03-14T21:21:03+00:00\",\"breadcrumb\":{\"@id\":\"https:\/\/portalraizesnoticias.com.br\/?p=5271#breadcrumb\"},\"inLanguage\":\"pt-BR\",\"potentialAction\":[{\"@type\":\"ReadAction\",\"target\":[\"https:\/\/portalraizesnoticias.com.br\/?p=5271\"]}]},{\"@type\":\"ImageObject\",\"inLanguage\":\"pt-BR\",\"@id\":\"https:\/\/portalraizesnoticias.com.br\/?p=5271#primaryimage\",\"url\":\"https:\/\/portalraizesnoticias.com.br\/wp-content\/uploads\/2025\/03\/IMG-20250314-WA0384-1.jpg\",\"contentUrl\":\"https:\/\/portalraizesnoticias.com.br\/wp-content\/uploads\/2025\/03\/IMG-20250314-WA0384-1.jpg\",\"width\":1080,\"height\":1350},{\"@type\":\"BreadcrumbList\",\"@id\":\"https:\/\/portalraizesnoticias.com.br\/?p=5271#breadcrumb\",\"itemListElement\":[{\"@type\":\"ListItem\",\"position\":1,\"name\":\"In\u00edcio\",\"item\":\"https:\/\/portalraizesnoticias.com.br\/\"},{\"@type\":\"ListItem\",\"position\":2,\"name\":\"Coiteense se destaca ap\u00f3s lan\u00e7ar filme em homenagem a Serra do Mucambo. Longa est\u00e1 dispon\u00edvel apenas hoje (14). Saiba como assistir!\"}]},{\"@type\":\"WebSite\",\"@id\":\"https:\/\/portalraizesnoticias.com.br\/#website\",\"url\":\"https:\/\/portalraizesnoticias.com.br\/\",\"name\":\"Portal raizes NOTICIAS\",\"description\":\"site de noticias de concei\u00e7\u00e3o do coit\u00e9 e regi\u00e3o\",\"publisher\":{\"@id\":\"https:\/\/portalraizesnoticias.com.br\/#organization\"},\"alternateName\":\"PORTAL RAIZES COIT\u00c9\",\"potentialAction\":[{\"@type\":\"SearchAction\",\"target\":{\"@type\":\"EntryPoint\",\"urlTemplate\":\"https:\/\/portalraizesnoticias.com.br\/?s={search_term_string}\"},\"query-input\":{\"@type\":\"PropertyValueSpecification\",\"valueRequired\":true,\"valueName\":\"search_term_string\"}}],\"inLanguage\":\"pt-BR\"},{\"@type\":\"Organization\",\"@id\":\"https:\/\/portalraizesnoticias.com.br\/#organization\",\"name\":\"Portal raizes NOTICIAS\",\"url\":\"https:\/\/portalraizesnoticias.com.br\/\",\"logo\":{\"@type\":\"ImageObject\",\"inLanguage\":\"pt-BR\",\"@id\":\"https:\/\/portalraizesnoticias.com.br\/#\/schema\/logo\/image\/\",\"url\":\"https:\/\/portalraizesnoticias.com.br\/wp-content\/uploads\/2024\/09\/cropped-Captura-de-tela-2024-09-08-011108.png\",\"contentUrl\":\"https:\/\/portalraizesnoticias.com.br\/wp-content\/uploads\/2024\/09\/cropped-Captura-de-tela-2024-09-08-011108.png\",\"width\":606,\"height\":173,\"caption\":\"Portal raizes NOTICIAS\"},\"image\":{\"@id\":\"https:\/\/portalraizesnoticias.com.br\/#\/schema\/logo\/image\/\"}},{\"@type\":\"Person\",\"@id\":\"https:\/\/portalraizesnoticias.com.br\/#\/schema\/person\/a3ca6b0fc701e78df19756c417d943ae\",\"name\":\"Portal Raizes\",\"image\":{\"@type\":\"ImageObject\",\"inLanguage\":\"pt-BR\",\"@id\":\"https:\/\/portalraizesnoticias.com.br\/#\/schema\/person\/image\/\",\"url\":\"https:\/\/secure.gravatar.com\/avatar\/ef450d29013a3d3fba867a12a249d7b1?s=96&d=mm&r=g\",\"contentUrl\":\"https:\/\/secure.gravatar.com\/avatar\/ef450d29013a3d3fba867a12a249d7b1?s=96&d=mm&r=g\",\"caption\":\"Portal Raizes\"},\"url\":\"https:\/\/portalraizesnoticias.com.br\/?author=3\"}]}<\/script>\n<!-- \/ Yoast SEO plugin. -->","yoast_head_json":{"title":"Coiteense se destaca ap\u00f3s lan\u00e7ar filme em homenagem a Serra do Mucambo. Longa est\u00e1 dispon\u00edvel apenas hoje (14). Saiba como assistir! - Portal raizes noticias","robots":{"index":"index","follow":"follow","max-snippet":"max-snippet:-1","max-image-preview":"max-image-preview:large","max-video-preview":"max-video-preview:-1"},"canonical":"https:\/\/portalraizesnoticias.com.br\/?p=5271","og_locale":"pt_BR","og_type":"article","og_title":"Coiteense se destaca ap\u00f3s lan\u00e7ar filme em homenagem a Serra do Mucambo. Longa est\u00e1 dispon\u00edvel apenas hoje (14). Saiba como assistir! - Portal raizes noticias","og_description":"Um jovem coiteense tornou-se uma das revela\u00e7\u00f5es do mercado cinematogr\u00e1fico ap\u00f3s produzir e lan\u00e7ar o filme intitulado Mucambo na \u00faltima semana. \u00cdcaro Matheus tem 28 anos, nasceu e se criou no bairro Sonho Meu (Concei\u00e7\u00e3o do Coit\u00e9), mas se mudou para Cachoeira, rec\u00f4ncavo baiano, onde cursa o quarto semestre de Cinema e Audiovisual na Universidade Federal do Rec\u00f4ncavo Baiano (UFRB). O longa-metragem \u00e9 ambientado em uma pequena resid\u00eancia localizada ao p\u00e9 do Mucambo, onde uma mulher chamada Tereza enfrenta a realiza\u00e7\u00e3o de uma profecia antiga no anivers\u00e1rio do filho mais velho. \u201cA ideia foi criar uma hist\u00f3ria de suspense e mist\u00e9rio que se passa no nosso territ\u00f3rio, territ\u00f3rio do sisal, e a Serra do Mucambo, que \u00e9 uma marca muito forte na nossa regi\u00e3o. Nossa inten\u00e7\u00e3o foi homenagear esse lugar que sempre amei visitar&#8221;, contou \u00cdcaro. O projeto foi apoiado pela Lei Paulo Gustavo, da Prefeitura de Concei\u00e7\u00e3o do Coit\u00e9, e contou com a participa\u00e7\u00e3o de 11 profissionais. Entre a cria\u00e7\u00e3o do roteiro por \u00cdcaro e Juliana Oliveira, a produ\u00e7\u00e3o levou 11 meses para ser finalizada. &#8220;Sensa\u00e7\u00e3o de dever cumprido e uma vontade grande de mostrar para o mundo atrav\u00e9s dos festivais que estamos para participar durante os pr\u00f3ximos meses&#8221;, falou \u00cdcaro entusiasmado. O filme Mucambo est\u00e1 dispon\u00edvel\u00a0 apenas nesta sexta-feira (14), \u00e1s 19h30, ao VIVO atrav\u00e9s do YouTube Assista: https:\/\/youtube.com\/@ligadosentretenimento?si=Nd8ppRddjWufNKhv Rela\u00e7\u00e3o Foto: Divulga\u00e7\u00e3o Foto em destaque: \u00cdcaro Matheus","og_url":"https:\/\/portalraizesnoticias.com.br\/?p=5271","og_site_name":"Portal raizes noticias","article_published_time":"2025-03-14T21:19:08+00:00","article_modified_time":"2025-03-14T21:21:03+00:00","og_image":[{"width":1080,"height":1350,"url":"https:\/\/portalraizesnoticias.com.br\/wp-content\/uploads\/2025\/03\/IMG-20250314-WA0384-1.jpg","type":"image\/jpeg"}],"author":"Portal Raizes","twitter_card":"summary_large_image","twitter_misc":{"Escrito por":"Portal Raizes","Est. tempo de leitura":"3 minutos"},"schema":{"@context":"https:\/\/schema.org","@graph":[{"@type":"Article","@id":"https:\/\/portalraizesnoticias.com.br\/?p=5271#article","isPartOf":{"@id":"https:\/\/portalraizesnoticias.com.br\/?p=5271"},"author":{"name":"Portal Raizes","@id":"https:\/\/portalraizesnoticias.com.br\/#\/schema\/person\/a3ca6b0fc701e78df19756c417d943ae"},"headline":"Coiteense se destaca ap\u00f3s lan\u00e7ar filme em homenagem a Serra do Mucambo. Longa est\u00e1 dispon\u00edvel apenas hoje (14). Saiba como assistir!","datePublished":"2025-03-14T21:19:08+00:00","dateModified":"2025-03-14T21:21:03+00:00","mainEntityOfPage":{"@id":"https:\/\/portalraizesnoticias.com.br\/?p=5271"},"wordCount":279,"commentCount":0,"publisher":{"@id":"https:\/\/portalraizesnoticias.com.br\/#organization"},"image":{"@id":"https:\/\/portalraizesnoticias.com.br\/?p=5271#primaryimage"},"thumbnailUrl":"https:\/\/portalraizesnoticias.com.br\/wp-content\/uploads\/2025\/03\/IMG-20250314-WA0384-1.jpg","keywords":["Coit\u00e9","Filme mucambo"],"articleSection":["DESTAQUES","ENTRETERIMENTO E CULTURA","ULTIMAS NOTICIAS"],"inLanguage":"pt-BR","potentialAction":[{"@type":"CommentAction","name":"Comment","target":["https:\/\/portalraizesnoticias.com.br\/?p=5271#respond"]}]},{"@type":"WebPage","@id":"https:\/\/portalraizesnoticias.com.br\/?p=5271","url":"https:\/\/portalraizesnoticias.com.br\/?p=5271","name":"Coiteense se destaca ap\u00f3s lan\u00e7ar filme em homenagem a Serra do Mucambo. Longa est\u00e1 dispon\u00edvel apenas hoje (14). Saiba como assistir! - Portal raizes noticias","isPartOf":{"@id":"https:\/\/portalraizesnoticias.com.br\/#website"},"primaryImageOfPage":{"@id":"https:\/\/portalraizesnoticias.com.br\/?p=5271#primaryimage"},"image":{"@id":"https:\/\/portalraizesnoticias.com.br\/?p=5271#primaryimage"},"thumbnailUrl":"https:\/\/portalraizesnoticias.com.br\/wp-content\/uploads\/2025\/03\/IMG-20250314-WA0384-1.jpg","datePublished":"2025-03-14T21:19:08+00:00","dateModified":"2025-03-14T21:21:03+00:00","breadcrumb":{"@id":"https:\/\/portalraizesnoticias.com.br\/?p=5271#breadcrumb"},"inLanguage":"pt-BR","potentialAction":[{"@type":"ReadAction","target":["https:\/\/portalraizesnoticias.com.br\/?p=5271"]}]},{"@type":"ImageObject","inLanguage":"pt-BR","@id":"https:\/\/portalraizesnoticias.com.br\/?p=5271#primaryimage","url":"https:\/\/portalraizesnoticias.com.br\/wp-content\/uploads\/2025\/03\/IMG-20250314-WA0384-1.jpg","contentUrl":"https:\/\/portalraizesnoticias.com.br\/wp-content\/uploads\/2025\/03\/IMG-20250314-WA0384-1.jpg","width":1080,"height":1350},{"@type":"BreadcrumbList","@id":"https:\/\/portalraizesnoticias.com.br\/?p=5271#breadcrumb","itemListElement":[{"@type":"ListItem","position":1,"name":"In\u00edcio","item":"https:\/\/portalraizesnoticias.com.br\/"},{"@type":"ListItem","position":2,"name":"Coiteense se destaca ap\u00f3s lan\u00e7ar filme em homenagem a Serra do Mucambo. Longa est\u00e1 dispon\u00edvel apenas hoje (14). Saiba como assistir!"}]},{"@type":"WebSite","@id":"https:\/\/portalraizesnoticias.com.br\/#website","url":"https:\/\/portalraizesnoticias.com.br\/","name":"Portal raizes NOTICIAS","description":"site de noticias de concei\u00e7\u00e3o do coit\u00e9 e regi\u00e3o","publisher":{"@id":"https:\/\/portalraizesnoticias.com.br\/#organization"},"alternateName":"PORTAL RAIZES COIT\u00c9","potentialAction":[{"@type":"SearchAction","target":{"@type":"EntryPoint","urlTemplate":"https:\/\/portalraizesnoticias.com.br\/?s={search_term_string}"},"query-input":{"@type":"PropertyValueSpecification","valueRequired":true,"valueName":"search_term_string"}}],"inLanguage":"pt-BR"},{"@type":"Organization","@id":"https:\/\/portalraizesnoticias.com.br\/#organization","name":"Portal raizes NOTICIAS","url":"https:\/\/portalraizesnoticias.com.br\/","logo":{"@type":"ImageObject","inLanguage":"pt-BR","@id":"https:\/\/portalraizesnoticias.com.br\/#\/schema\/logo\/image\/","url":"https:\/\/portalraizesnoticias.com.br\/wp-content\/uploads\/2024\/09\/cropped-Captura-de-tela-2024-09-08-011108.png","contentUrl":"https:\/\/portalraizesnoticias.com.br\/wp-content\/uploads\/2024\/09\/cropped-Captura-de-tela-2024-09-08-011108.png","width":606,"height":173,"caption":"Portal raizes NOTICIAS"},"image":{"@id":"https:\/\/portalraizesnoticias.com.br\/#\/schema\/logo\/image\/"}},{"@type":"Person","@id":"https:\/\/portalraizesnoticias.com.br\/#\/schema\/person\/a3ca6b0fc701e78df19756c417d943ae","name":"Portal Raizes","image":{"@type":"ImageObject","inLanguage":"pt-BR","@id":"https:\/\/portalraizesnoticias.com.br\/#\/schema\/person\/image\/","url":"https:\/\/secure.gravatar.com\/avatar\/ef450d29013a3d3fba867a12a249d7b1?s=96&d=mm&r=g","contentUrl":"https:\/\/secure.gravatar.com\/avatar\/ef450d29013a3d3fba867a12a249d7b1?s=96&d=mm&r=g","caption":"Portal Raizes"},"url":"https:\/\/portalraizesnoticias.com.br\/?author=3"}]}},"_links":{"self":[{"href":"https:\/\/portalraizesnoticias.com.br\/index.php?rest_route=\/wp\/v2\/posts\/5271"}],"collection":[{"href":"https:\/\/portalraizesnoticias.com.br\/index.php?rest_route=\/wp\/v2\/posts"}],"about":[{"href":"https:\/\/portalraizesnoticias.com.br\/index.php?rest_route=\/wp\/v2\/types\/post"}],"author":[{"embeddable":true,"href":"https:\/\/portalraizesnoticias.com.br\/index.php?rest_route=\/wp\/v2\/users\/3"}],"replies":[{"embeddable":true,"href":"https:\/\/portalraizesnoticias.com.br\/index.php?rest_route=%2Fwp%2Fv2%2Fcomments&post=5271"}],"version-history":[{"count":2,"href":"https:\/\/portalraizesnoticias.com.br\/index.php?rest_route=\/wp\/v2\/posts\/5271\/revisions"}],"predecessor-version":[{"id":5279,"href":"https:\/\/portalraizesnoticias.com.br\/index.php?rest_route=\/wp\/v2\/posts\/5271\/revisions\/5279"}],"wp:featuredmedia":[{"embeddable":true,"href":"https:\/\/portalraizesnoticias.com.br\/index.php?rest_route=\/wp\/v2\/media\/5277"}],"wp:attachment":[{"href":"https:\/\/portalraizesnoticias.com.br\/index.php?rest_route=%2Fwp%2Fv2%2Fmedia&parent=5271"}],"wp:term":[{"taxonomy":"category","embeddable":true,"href":"https:\/\/portalraizesnoticias.com.br\/index.php?rest_route=%2Fwp%2Fv2%2Fcategories&post=5271"},{"taxonomy":"post_tag","embeddable":true,"href":"https:\/\/portalraizesnoticias.com.br\/index.php?rest_route=%2Fwp%2Fv2%2Ftags&post=5271"}],"curies":[{"name":"wp","href":"https:\/\/api.w.org\/{rel}","templated":true}]}}