{"id":5265,"date":"2025-03-13T15:58:30","date_gmt":"2025-03-13T18:58:30","guid":{"rendered":"https:\/\/portalraizesnoticias.com.br\/?p=5265"},"modified":"2025-03-13T15:58:30","modified_gmt":"2025-03-13T18:58:30","slug":"martagao-completa-60-anos-de-servicos-prestados-a-populacao-baiana","status":"publish","type":"post","link":"https:\/\/portalraizesnoticias.com.br\/?p=5265","title":{"rendered":"Martag\u00e3o completa 60 anos de servi\u00e7os prestados \u00e0 popula\u00e7\u00e3o baiana"},"content":{"rendered":"<p>H\u00e1 26 anos, Andreia viveu um dos momentos mais dif\u00edceis de sua vida: seu primeiro filho precisou de uma cirurgia para retirar um cisto na cabe\u00e7a. Foi no Martag\u00e3o Gesteira que ela encontrou esperan\u00e7a, acolhimento e a chance de v\u00ea-lo crescer saud\u00e1vel.<\/p>\n<p>O tempo passou, mas o v\u00ednculo com o Hospital nunca se desfez. Hoje, seu outro filho, Emanuel, tamb\u00e9m precisou dos cuidados do Martag\u00e3o. Depois de perceber que o corpo dele estava todo inchado, veio o diagn\u00f3stico de s\u00edndrome nefr\u00f3tica, uma condi\u00e7\u00e3o que afeta os rins, causando a perda de prote\u00ednas pela urina e provocando incha\u00e7os no corpo. Desde ent\u00e3o, ele j\u00e1 precisou de quatro interna\u00e7\u00f5es para tratar as crises e receber a medica\u00e7\u00e3o necess\u00e1ria.<\/p>\n<p>\u201cSou muito grata ao Martag\u00e3o por cuidar t\u00e3o bem dos meus filhos. Sei que aqui eles est\u00e3o em boas m\u00e3os\u201d, refor\u00e7ou Andr\u00e9ia. Assim como eles, milhares de crian\u00e7as e adolescentes passaram pelo Martag\u00e3o nas \u00faltimas seis d\u00e9cadas. No hospital, que em 2025 completa 60 anos de servi\u00e7os prestados \u00e0 popula\u00e7\u00e3o baiana, encontraram acolhimento, assist\u00eancia, tratamento e cura.\u00a0Um calend\u00e1rio especial de eventos celebrar\u00e1 a data por todo o ano.<\/p>\n<p>Com 189 leitos, o Martag\u00e3o, hospital idealizado pelo pediatra \u00c1lvaro Bahia, \u00e9 refer\u00eancia no estado da Bahia, um dos maiores exclusivamente pedi\u00e1tricos do Norte e Nordeste, com destaque para \u00e1reas de alta complexidade como neurologia, cardiologia e oncologia. Mesmo ainda buscando o reequil\u00edbrio dos seus contratos e credenciamentos com o Poder P\u00fablico, somente em 2024, o Martag\u00e3o foi respons\u00e1vel por mais da metade (66,7%) das cirurgias oncol\u00f3gicas em pacientes de 0 a 14 anos, por 47,9% dos tratamentos oncol\u00f3gicos; por 43,1% das cirurgias card\u00edacas e por 17,6% das cirurgias neurol\u00f3gicas no estado da Bahia. Em m\u00e9dia, por ano, o Hospital realiza mais de 500 mil atendimentos, em 27 especialidades m\u00e9dicas.<\/p>\n<p>No final de 2024, o Martag\u00e3o obteve mais um reconhecimento da sua import\u00e2ncia para o SUS do estado. O Hospital foi Acreditado com a certifica\u00e7\u00e3o N\u00edvel 1 da Organiza\u00e7\u00e3o Nacional de Acredita\u00e7\u00e3o (ONA), que avalia aspectos como seguran\u00e7a do paciente e qualidade assistencial.<\/p>\n<p>Valores \u2013 A trajet\u00f3ria deste Hospital est\u00e1 ligada, conta\u00a0 o superintendente da Liga \u00c1lvaro Bahia (mantenedora do Martag\u00e3o), Carlos Emanuel Melo, a dois aspectos principais: a ades\u00e3o inegoci\u00e1vel ao prop\u00f3sito da Liga e a capacidade de supera\u00e7\u00e3o.<\/p>\n<p>Acolher pacientes como o filho de Andr\u00e9ia s\u00f3 foi poss\u00edvel porque o Martag\u00e3o nunca se afastou do prop\u00f3sito da entidade filantr\u00f3pica que o criou. \u201c\u00c9 um prop\u00f3sito inegoci\u00e1vel de cuidar da sa\u00fade da crian\u00e7a. Devolv\u00ea-las a suas fam\u00edlias. S\u00e3o pacientes de todo o estado que n\u00e3o teriam condi\u00e7\u00f5es de arcar com custos de tratamentos de alta complexidade, com tecnologias avan\u00e7adas\u201d, destaca o superintendente.<\/p>\n<p>Mesmo com todos os desafios econ\u00f4mico-financeiros, enfrentados por institui\u00e7\u00f5es filantr\u00f3picas de todo o pa\u00eds, o Martag\u00e3o sempre buscou cumprir um papel social importante para o SUS do estado. \u201cO hospital decidiu, mesmo com poucos recursos, atender os pacientes mais vulner\u00e1veis socioecon\u00f4micamente e com as doen\u00e7as mais graves\u201d, ressalta Melo.<\/p>\n<p>Al\u00e9m do prop\u00f3sito, uma segunda caracter\u00edstica importante do Martag\u00e3o est\u00e1 relacionada, segundo o superintendente, \u00e0 capacidade de supera\u00e7\u00e3o. \u201cAo longo de sua hist\u00f3ria, apesar dos momentos cr\u00edticos, o hospital sempre conseguiu se superar, seguir adiante, oferecer servi\u00e7os que ningu\u00e9m quer fazer e atender crian\u00e7as e adolescentes que n\u00e3o encontrariam assist\u00eancia, seja pela inexist\u00eancia do servi\u00e7o procurado ou por limita\u00e7\u00f5es da rede. Por essa raz\u00e3o, consideramos que o Martag\u00e3o \u00e9 um patrim\u00f4nio da Bahia. \u00c9 uma conquista de todos os baianos\u201d, finaliza.<\/p>\n","protected":false},"excerpt":{"rendered":"<p>H\u00e1 26 anos, Andreia viveu um dos momentos mais dif\u00edceis de sua vida: seu primeiro filho precisou de uma cirurgia para retirar um cisto na cabe\u00e7a. Foi no Martag\u00e3o Gesteira que ela encontrou esperan\u00e7a, acolhimento e a chance de v\u00ea-lo crescer saud\u00e1vel. O tempo passou, mas o v\u00ednculo com o Hospital nunca se desfez. Hoje, seu outro filho, Emanuel, tamb\u00e9m precisou dos cuidados do Martag\u00e3o. Depois de perceber que o corpo dele estava todo inchado, veio o diagn\u00f3stico de s\u00edndrome nefr\u00f3tica, uma condi\u00e7\u00e3o que afeta os rins, causando a perda de prote\u00ednas pela urina e provocando incha\u00e7os no corpo. Desde ent\u00e3o, ele j\u00e1 precisou de quatro interna\u00e7\u00f5es para tratar as crises e receber a medica\u00e7\u00e3o necess\u00e1ria. \u201cSou muito grata ao Martag\u00e3o por cuidar t\u00e3o bem dos meus filhos. Sei que aqui eles est\u00e3o em boas m\u00e3os\u201d, refor\u00e7ou Andr\u00e9ia. Assim como eles, milhares de crian\u00e7as e adolescentes passaram pelo Martag\u00e3o nas \u00faltimas seis d\u00e9cadas. No hospital, que em 2025 completa 60 anos de servi\u00e7os prestados \u00e0 popula\u00e7\u00e3o baiana, encontraram acolhimento, assist\u00eancia, tratamento e cura.\u00a0Um calend\u00e1rio especial de eventos celebrar\u00e1 a data por todo o ano. Com 189 leitos, o Martag\u00e3o, hospital idealizado pelo pediatra \u00c1lvaro Bahia, \u00e9 refer\u00eancia no estado da Bahia, um dos maiores exclusivamente pedi\u00e1tricos do Norte e Nordeste, com destaque para \u00e1reas de alta complexidade como neurologia, cardiologia e oncologia. Mesmo ainda buscando o reequil\u00edbrio dos seus contratos e credenciamentos com o Poder P\u00fablico, somente em 2024, o Martag\u00e3o foi respons\u00e1vel por mais da metade (66,7%) das cirurgias oncol\u00f3gicas em pacientes de 0 a 14 anos, por 47,9% dos tratamentos oncol\u00f3gicos; por 43,1% das cirurgias card\u00edacas e por 17,6% das cirurgias neurol\u00f3gicas no estado da Bahia. Em m\u00e9dia, por ano, o Hospital realiza mais de 500 mil atendimentos, em 27 especialidades m\u00e9dicas. No final de 2024, o Martag\u00e3o obteve mais um reconhecimento da sua import\u00e2ncia para o SUS do estado. O Hospital foi Acreditado com a certifica\u00e7\u00e3o N\u00edvel 1 da Organiza\u00e7\u00e3o Nacional de Acredita\u00e7\u00e3o (ONA), que avalia aspectos como seguran\u00e7a do paciente e qualidade assistencial. Valores \u2013 A trajet\u00f3ria deste Hospital est\u00e1 ligada, conta\u00a0 o superintendente da Liga \u00c1lvaro Bahia (mantenedora do Martag\u00e3o), Carlos Emanuel Melo, a dois aspectos principais: a ades\u00e3o inegoci\u00e1vel ao prop\u00f3sito da Liga e a capacidade de supera\u00e7\u00e3o. Acolher pacientes como o filho de Andr\u00e9ia s\u00f3 foi poss\u00edvel porque o Martag\u00e3o nunca se afastou do prop\u00f3sito da entidade filantr\u00f3pica que o criou. \u201c\u00c9 um prop\u00f3sito inegoci\u00e1vel de cuidar da sa\u00fade da crian\u00e7a. Devolv\u00ea-las a suas fam\u00edlias. S\u00e3o pacientes de todo o estado que n\u00e3o teriam condi\u00e7\u00f5es de arcar com custos de tratamentos de alta complexidade, com tecnologias avan\u00e7adas\u201d, destaca o superintendente. Mesmo com todos os desafios econ\u00f4mico-financeiros, enfrentados por institui\u00e7\u00f5es filantr\u00f3picas de todo o pa\u00eds, o Martag\u00e3o sempre buscou cumprir um papel social importante para o SUS do estado. \u201cO hospital decidiu, mesmo com poucos recursos, atender os pacientes mais vulner\u00e1veis socioecon\u00f4micamente e com as doen\u00e7as mais graves\u201d, ressalta Melo. Al\u00e9m do prop\u00f3sito, uma segunda caracter\u00edstica importante do Martag\u00e3o est\u00e1 relacionada, segundo o superintendente, \u00e0 capacidade de supera\u00e7\u00e3o. \u201cAo longo de sua hist\u00f3ria, apesar dos momentos cr\u00edticos, o hospital sempre conseguiu se superar, seguir adiante, oferecer servi\u00e7os que ningu\u00e9m quer fazer e atender crian\u00e7as e adolescentes que n\u00e3o encontrariam assist\u00eancia, seja pela inexist\u00eancia do servi\u00e7o procurado ou por limita\u00e7\u00f5es da rede. Por essa raz\u00e3o, consideramos que o Martag\u00e3o \u00e9 um patrim\u00f4nio da Bahia. \u00c9 uma conquista de todos os baianos\u201d, finaliza.<\/p>\n","protected":false},"author":3,"featured_media":5266,"comment_status":"open","ping_status":"open","sticky":false,"template":"","format":"standard","meta":{"_joinchat":[],"footnotes":""},"categories":[86],"tags":[],"class_list":["post-5265","post","type-post","status-publish","format-standard","has-post-thumbnail","hentry","category-saude"],"yoast_head":"<!-- This site is optimized with the Yoast SEO plugin v24.4 - https:\/\/yoast.com\/wordpress\/plugins\/seo\/ -->\n<title>Martag\u00e3o completa 60 anos de servi\u00e7os prestados \u00e0 popula\u00e7\u00e3o baiana - Portal raizes noticias<\/title>\n<meta name=\"robots\" content=\"index, follow, max-snippet:-1, max-image-preview:large, max-video-preview:-1\" \/>\n<link rel=\"canonical\" href=\"https:\/\/portalraizesnoticias.com.br\/?p=5265\" \/>\n<meta property=\"og:locale\" content=\"pt_BR\" \/>\n<meta property=\"og:type\" content=\"article\" \/>\n<meta property=\"og:title\" content=\"Martag\u00e3o completa 60 anos de servi\u00e7os prestados \u00e0 popula\u00e7\u00e3o baiana - Portal raizes noticias\" \/>\n<meta property=\"og:description\" content=\"H\u00e1 26 anos, Andreia viveu um dos momentos mais dif\u00edceis de sua vida: seu primeiro filho precisou de uma cirurgia para retirar um cisto na cabe\u00e7a. Foi no Martag\u00e3o Gesteira que ela encontrou esperan\u00e7a, acolhimento e a chance de v\u00ea-lo crescer saud\u00e1vel. O tempo passou, mas o v\u00ednculo com o Hospital nunca se desfez. Hoje, seu outro filho, Emanuel, tamb\u00e9m precisou dos cuidados do Martag\u00e3o. Depois de perceber que o corpo dele estava todo inchado, veio o diagn\u00f3stico de s\u00edndrome nefr\u00f3tica, uma condi\u00e7\u00e3o que afeta os rins, causando a perda de prote\u00ednas pela urina e provocando incha\u00e7os no corpo. Desde ent\u00e3o, ele j\u00e1 precisou de quatro interna\u00e7\u00f5es para tratar as crises e receber a medica\u00e7\u00e3o necess\u00e1ria. \u201cSou muito grata ao Martag\u00e3o por cuidar t\u00e3o bem dos meus filhos. Sei que aqui eles est\u00e3o em boas m\u00e3os\u201d, refor\u00e7ou Andr\u00e9ia. Assim como eles, milhares de crian\u00e7as e adolescentes passaram pelo Martag\u00e3o nas \u00faltimas seis d\u00e9cadas. No hospital, que em 2025 completa 60 anos de servi\u00e7os prestados \u00e0 popula\u00e7\u00e3o baiana, encontraram acolhimento, assist\u00eancia, tratamento e cura.\u00a0Um calend\u00e1rio especial de eventos celebrar\u00e1 a data por todo o ano. Com 189 leitos, o Martag\u00e3o, hospital idealizado pelo pediatra \u00c1lvaro Bahia, \u00e9 refer\u00eancia no estado da Bahia, um dos maiores exclusivamente pedi\u00e1tricos do Norte e Nordeste, com destaque para \u00e1reas de alta complexidade como neurologia, cardiologia e oncologia. Mesmo ainda buscando o reequil\u00edbrio dos seus contratos e credenciamentos com o Poder P\u00fablico, somente em 2024, o Martag\u00e3o foi respons\u00e1vel por mais da metade (66,7%) das cirurgias oncol\u00f3gicas em pacientes de 0 a 14 anos, por 47,9% dos tratamentos oncol\u00f3gicos; por 43,1% das cirurgias card\u00edacas e por 17,6% das cirurgias neurol\u00f3gicas no estado da Bahia. Em m\u00e9dia, por ano, o Hospital realiza mais de 500 mil atendimentos, em 27 especialidades m\u00e9dicas. No final de 2024, o Martag\u00e3o obteve mais um reconhecimento da sua import\u00e2ncia para o SUS do estado. O Hospital foi Acreditado com a certifica\u00e7\u00e3o N\u00edvel 1 da Organiza\u00e7\u00e3o Nacional de Acredita\u00e7\u00e3o (ONA), que avalia aspectos como seguran\u00e7a do paciente e qualidade assistencial. Valores \u2013 A trajet\u00f3ria deste Hospital est\u00e1 ligada, conta\u00a0 o superintendente da Liga \u00c1lvaro Bahia (mantenedora do Martag\u00e3o), Carlos Emanuel Melo, a dois aspectos principais: a ades\u00e3o inegoci\u00e1vel ao prop\u00f3sito da Liga e a capacidade de supera\u00e7\u00e3o. Acolher pacientes como o filho de Andr\u00e9ia s\u00f3 foi poss\u00edvel porque o Martag\u00e3o nunca se afastou do prop\u00f3sito da entidade filantr\u00f3pica que o criou. \u201c\u00c9 um prop\u00f3sito inegoci\u00e1vel de cuidar da sa\u00fade da crian\u00e7a. Devolv\u00ea-las a suas fam\u00edlias. S\u00e3o pacientes de todo o estado que n\u00e3o teriam condi\u00e7\u00f5es de arcar com custos de tratamentos de alta complexidade, com tecnologias avan\u00e7adas\u201d, destaca o superintendente. Mesmo com todos os desafios econ\u00f4mico-financeiros, enfrentados por institui\u00e7\u00f5es filantr\u00f3picas de todo o pa\u00eds, o Martag\u00e3o sempre buscou cumprir um papel social importante para o SUS do estado. \u201cO hospital decidiu, mesmo com poucos recursos, atender os pacientes mais vulner\u00e1veis socioecon\u00f4micamente e com as doen\u00e7as mais graves\u201d, ressalta Melo. Al\u00e9m do prop\u00f3sito, uma segunda caracter\u00edstica importante do Martag\u00e3o est\u00e1 relacionada, segundo o superintendente, \u00e0 capacidade de supera\u00e7\u00e3o. \u201cAo longo de sua hist\u00f3ria, apesar dos momentos cr\u00edticos, o hospital sempre conseguiu se superar, seguir adiante, oferecer servi\u00e7os que ningu\u00e9m quer fazer e atender crian\u00e7as e adolescentes que n\u00e3o encontrariam assist\u00eancia, seja pela inexist\u00eancia do servi\u00e7o procurado ou por limita\u00e7\u00f5es da rede. Por essa raz\u00e3o, consideramos que o Martag\u00e3o \u00e9 um patrim\u00f4nio da Bahia. \u00c9 uma conquista de todos os baianos\u201d, finaliza.\" \/>\n<meta property=\"og:url\" content=\"https:\/\/portalraizesnoticias.com.br\/?p=5265\" \/>\n<meta property=\"og:site_name\" content=\"Portal raizes noticias\" \/>\n<meta property=\"article:published_time\" content=\"2025-03-13T18:58:30+00:00\" \/>\n<meta property=\"og:image\" content=\"https:\/\/portalraizesnoticias.com.br\/wp-content\/uploads\/2025\/03\/WhatsApp-Image-2025-03-13-at-09.42.16-r2stlkkkir041lcvoklrf5egyusc77vvs41eq07i40.jpeg\" \/>\n\t<meta property=\"og:image:width\" content=\"800\" \/>\n\t<meta property=\"og:image:height\" content=\"600\" \/>\n\t<meta property=\"og:image:type\" content=\"image\/jpeg\" \/>\n<meta name=\"author\" content=\"Portal Raizes\" \/>\n<meta name=\"twitter:card\" content=\"summary_large_image\" \/>\n<meta name=\"twitter:label1\" content=\"Escrito por\" \/>\n\t<meta name=\"twitter:data1\" content=\"Portal Raizes\" \/>\n\t<meta name=\"twitter:label2\" content=\"Est. tempo de leitura\" \/>\n\t<meta name=\"twitter:data2\" content=\"4 minutos\" \/>\n<script type=\"application\/ld+json\" class=\"yoast-schema-graph\">{\"@context\":\"https:\/\/schema.org\",\"@graph\":[{\"@type\":\"Article\",\"@id\":\"https:\/\/portalraizesnoticias.com.br\/?p=5265#article\",\"isPartOf\":{\"@id\":\"https:\/\/portalraizesnoticias.com.br\/?p=5265\"},\"author\":{\"name\":\"Portal Raizes\",\"@id\":\"https:\/\/portalraizesnoticias.com.br\/#\/schema\/person\/a3ca6b0fc701e78df19756c417d943ae\"},\"headline\":\"Martag\u00e3o completa 60 anos de servi\u00e7os prestados \u00e0 popula\u00e7\u00e3o baiana\",\"datePublished\":\"2025-03-13T18:58:30+00:00\",\"mainEntityOfPage\":{\"@id\":\"https:\/\/portalraizesnoticias.com.br\/?p=5265\"},\"wordCount\":656,\"commentCount\":0,\"publisher\":{\"@id\":\"https:\/\/portalraizesnoticias.com.br\/#organization\"},\"image\":{\"@id\":\"https:\/\/portalraizesnoticias.com.br\/?p=5265#primaryimage\"},\"thumbnailUrl\":\"https:\/\/portalraizesnoticias.com.br\/wp-content\/uploads\/2025\/03\/WhatsApp-Image-2025-03-13-at-09.42.16-r2stlkkkir041lcvoklrf5egyusc77vvs41eq07i40.jpeg\",\"articleSection\":[\"SA\u00daDE\"],\"inLanguage\":\"pt-BR\",\"potentialAction\":[{\"@type\":\"CommentAction\",\"name\":\"Comment\",\"target\":[\"https:\/\/portalraizesnoticias.com.br\/?p=5265#respond\"]}]},{\"@type\":\"WebPage\",\"@id\":\"https:\/\/portalraizesnoticias.com.br\/?p=5265\",\"url\":\"https:\/\/portalraizesnoticias.com.br\/?p=5265\",\"name\":\"Martag\u00e3o completa 60 anos de servi\u00e7os prestados \u00e0 popula\u00e7\u00e3o baiana - Portal raizes noticias\",\"isPartOf\":{\"@id\":\"https:\/\/portalraizesnoticias.com.br\/#website\"},\"primaryImageOfPage\":{\"@id\":\"https:\/\/portalraizesnoticias.com.br\/?p=5265#primaryimage\"},\"image\":{\"@id\":\"https:\/\/portalraizesnoticias.com.br\/?p=5265#primaryimage\"},\"thumbnailUrl\":\"https:\/\/portalraizesnoticias.com.br\/wp-content\/uploads\/2025\/03\/WhatsApp-Image-2025-03-13-at-09.42.16-r2stlkkkir041lcvoklrf5egyusc77vvs41eq07i40.jpeg\",\"datePublished\":\"2025-03-13T18:58:30+00:00\",\"breadcrumb\":{\"@id\":\"https:\/\/portalraizesnoticias.com.br\/?p=5265#breadcrumb\"},\"inLanguage\":\"pt-BR\",\"potentialAction\":[{\"@type\":\"ReadAction\",\"target\":[\"https:\/\/portalraizesnoticias.com.br\/?p=5265\"]}]},{\"@type\":\"ImageObject\",\"inLanguage\":\"pt-BR\",\"@id\":\"https:\/\/portalraizesnoticias.com.br\/?p=5265#primaryimage\",\"url\":\"https:\/\/portalraizesnoticias.com.br\/wp-content\/uploads\/2025\/03\/WhatsApp-Image-2025-03-13-at-09.42.16-r2stlkkkir041lcvoklrf5egyusc77vvs41eq07i40.jpeg\",\"contentUrl\":\"https:\/\/portalraizesnoticias.com.br\/wp-content\/uploads\/2025\/03\/WhatsApp-Image-2025-03-13-at-09.42.16-r2stlkkkir041lcvoklrf5egyusc77vvs41eq07i40.jpeg\",\"width\":800,\"height\":600},{\"@type\":\"BreadcrumbList\",\"@id\":\"https:\/\/portalraizesnoticias.com.br\/?p=5265#breadcrumb\",\"itemListElement\":[{\"@type\":\"ListItem\",\"position\":1,\"name\":\"In\u00edcio\",\"item\":\"https:\/\/portalraizesnoticias.com.br\/\"},{\"@type\":\"ListItem\",\"position\":2,\"name\":\"Martag\u00e3o completa 60 anos de servi\u00e7os prestados \u00e0 popula\u00e7\u00e3o baiana\"}]},{\"@type\":\"WebSite\",\"@id\":\"https:\/\/portalraizesnoticias.com.br\/#website\",\"url\":\"https:\/\/portalraizesnoticias.com.br\/\",\"name\":\"Portal raizes NOTICIAS\",\"description\":\"site de noticias de concei\u00e7\u00e3o do coit\u00e9 e regi\u00e3o\",\"publisher\":{\"@id\":\"https:\/\/portalraizesnoticias.com.br\/#organization\"},\"alternateName\":\"PORTAL RAIZES COIT\u00c9\",\"potentialAction\":[{\"@type\":\"SearchAction\",\"target\":{\"@type\":\"EntryPoint\",\"urlTemplate\":\"https:\/\/portalraizesnoticias.com.br\/?s={search_term_string}\"},\"query-input\":{\"@type\":\"PropertyValueSpecification\",\"valueRequired\":true,\"valueName\":\"search_term_string\"}}],\"inLanguage\":\"pt-BR\"},{\"@type\":\"Organization\",\"@id\":\"https:\/\/portalraizesnoticias.com.br\/#organization\",\"name\":\"Portal raizes NOTICIAS\",\"url\":\"https:\/\/portalraizesnoticias.com.br\/\",\"logo\":{\"@type\":\"ImageObject\",\"inLanguage\":\"pt-BR\",\"@id\":\"https:\/\/portalraizesnoticias.com.br\/#\/schema\/logo\/image\/\",\"url\":\"https:\/\/portalraizesnoticias.com.br\/wp-content\/uploads\/2024\/09\/cropped-Captura-de-tela-2024-09-08-011108.png\",\"contentUrl\":\"https:\/\/portalraizesnoticias.com.br\/wp-content\/uploads\/2024\/09\/cropped-Captura-de-tela-2024-09-08-011108.png\",\"width\":606,\"height\":173,\"caption\":\"Portal raizes NOTICIAS\"},\"image\":{\"@id\":\"https:\/\/portalraizesnoticias.com.br\/#\/schema\/logo\/image\/\"}},{\"@type\":\"Person\",\"@id\":\"https:\/\/portalraizesnoticias.com.br\/#\/schema\/person\/a3ca6b0fc701e78df19756c417d943ae\",\"name\":\"Portal Raizes\",\"image\":{\"@type\":\"ImageObject\",\"inLanguage\":\"pt-BR\",\"@id\":\"https:\/\/portalraizesnoticias.com.br\/#\/schema\/person\/image\/\",\"url\":\"https:\/\/secure.gravatar.com\/avatar\/ef450d29013a3d3fba867a12a249d7b1?s=96&d=mm&r=g\",\"contentUrl\":\"https:\/\/secure.gravatar.com\/avatar\/ef450d29013a3d3fba867a12a249d7b1?s=96&d=mm&r=g\",\"caption\":\"Portal Raizes\"},\"url\":\"https:\/\/portalraizesnoticias.com.br\/?author=3\"}]}<\/script>\n<!-- \/ Yoast SEO plugin. -->","yoast_head_json":{"title":"Martag\u00e3o completa 60 anos de servi\u00e7os prestados \u00e0 popula\u00e7\u00e3o baiana - Portal raizes noticias","robots":{"index":"index","follow":"follow","max-snippet":"max-snippet:-1","max-image-preview":"max-image-preview:large","max-video-preview":"max-video-preview:-1"},"canonical":"https:\/\/portalraizesnoticias.com.br\/?p=5265","og_locale":"pt_BR","og_type":"article","og_title":"Martag\u00e3o completa 60 anos de servi\u00e7os prestados \u00e0 popula\u00e7\u00e3o baiana - Portal raizes noticias","og_description":"H\u00e1 26 anos, Andreia viveu um dos momentos mais dif\u00edceis de sua vida: seu primeiro filho precisou de uma cirurgia para retirar um cisto na cabe\u00e7a. Foi no Martag\u00e3o Gesteira que ela encontrou esperan\u00e7a, acolhimento e a chance de v\u00ea-lo crescer saud\u00e1vel. O tempo passou, mas o v\u00ednculo com o Hospital nunca se desfez. Hoje, seu outro filho, Emanuel, tamb\u00e9m precisou dos cuidados do Martag\u00e3o. Depois de perceber que o corpo dele estava todo inchado, veio o diagn\u00f3stico de s\u00edndrome nefr\u00f3tica, uma condi\u00e7\u00e3o que afeta os rins, causando a perda de prote\u00ednas pela urina e provocando incha\u00e7os no corpo. Desde ent\u00e3o, ele j\u00e1 precisou de quatro interna\u00e7\u00f5es para tratar as crises e receber a medica\u00e7\u00e3o necess\u00e1ria. \u201cSou muito grata ao Martag\u00e3o por cuidar t\u00e3o bem dos meus filhos. Sei que aqui eles est\u00e3o em boas m\u00e3os\u201d, refor\u00e7ou Andr\u00e9ia. Assim como eles, milhares de crian\u00e7as e adolescentes passaram pelo Martag\u00e3o nas \u00faltimas seis d\u00e9cadas. No hospital, que em 2025 completa 60 anos de servi\u00e7os prestados \u00e0 popula\u00e7\u00e3o baiana, encontraram acolhimento, assist\u00eancia, tratamento e cura.\u00a0Um calend\u00e1rio especial de eventos celebrar\u00e1 a data por todo o ano. Com 189 leitos, o Martag\u00e3o, hospital idealizado pelo pediatra \u00c1lvaro Bahia, \u00e9 refer\u00eancia no estado da Bahia, um dos maiores exclusivamente pedi\u00e1tricos do Norte e Nordeste, com destaque para \u00e1reas de alta complexidade como neurologia, cardiologia e oncologia. Mesmo ainda buscando o reequil\u00edbrio dos seus contratos e credenciamentos com o Poder P\u00fablico, somente em 2024, o Martag\u00e3o foi respons\u00e1vel por mais da metade (66,7%) das cirurgias oncol\u00f3gicas em pacientes de 0 a 14 anos, por 47,9% dos tratamentos oncol\u00f3gicos; por 43,1% das cirurgias card\u00edacas e por 17,6% das cirurgias neurol\u00f3gicas no estado da Bahia. Em m\u00e9dia, por ano, o Hospital realiza mais de 500 mil atendimentos, em 27 especialidades m\u00e9dicas. No final de 2024, o Martag\u00e3o obteve mais um reconhecimento da sua import\u00e2ncia para o SUS do estado. O Hospital foi Acreditado com a certifica\u00e7\u00e3o N\u00edvel 1 da Organiza\u00e7\u00e3o Nacional de Acredita\u00e7\u00e3o (ONA), que avalia aspectos como seguran\u00e7a do paciente e qualidade assistencial. Valores \u2013 A trajet\u00f3ria deste Hospital est\u00e1 ligada, conta\u00a0 o superintendente da Liga \u00c1lvaro Bahia (mantenedora do Martag\u00e3o), Carlos Emanuel Melo, a dois aspectos principais: a ades\u00e3o inegoci\u00e1vel ao prop\u00f3sito da Liga e a capacidade de supera\u00e7\u00e3o. Acolher pacientes como o filho de Andr\u00e9ia s\u00f3 foi poss\u00edvel porque o Martag\u00e3o nunca se afastou do prop\u00f3sito da entidade filantr\u00f3pica que o criou. \u201c\u00c9 um prop\u00f3sito inegoci\u00e1vel de cuidar da sa\u00fade da crian\u00e7a. Devolv\u00ea-las a suas fam\u00edlias. S\u00e3o pacientes de todo o estado que n\u00e3o teriam condi\u00e7\u00f5es de arcar com custos de tratamentos de alta complexidade, com tecnologias avan\u00e7adas\u201d, destaca o superintendente. Mesmo com todos os desafios econ\u00f4mico-financeiros, enfrentados por institui\u00e7\u00f5es filantr\u00f3picas de todo o pa\u00eds, o Martag\u00e3o sempre buscou cumprir um papel social importante para o SUS do estado. \u201cO hospital decidiu, mesmo com poucos recursos, atender os pacientes mais vulner\u00e1veis socioecon\u00f4micamente e com as doen\u00e7as mais graves\u201d, ressalta Melo. Al\u00e9m do prop\u00f3sito, uma segunda caracter\u00edstica importante do Martag\u00e3o est\u00e1 relacionada, segundo o superintendente, \u00e0 capacidade de supera\u00e7\u00e3o. \u201cAo longo de sua hist\u00f3ria, apesar dos momentos cr\u00edticos, o hospital sempre conseguiu se superar, seguir adiante, oferecer servi\u00e7os que ningu\u00e9m quer fazer e atender crian\u00e7as e adolescentes que n\u00e3o encontrariam assist\u00eancia, seja pela inexist\u00eancia do servi\u00e7o procurado ou por limita\u00e7\u00f5es da rede. Por essa raz\u00e3o, consideramos que o Martag\u00e3o \u00e9 um patrim\u00f4nio da Bahia. \u00c9 uma conquista de todos os baianos\u201d, finaliza.","og_url":"https:\/\/portalraizesnoticias.com.br\/?p=5265","og_site_name":"Portal raizes noticias","article_published_time":"2025-03-13T18:58:30+00:00","og_image":[{"width":800,"height":600,"url":"https:\/\/portalraizesnoticias.com.br\/wp-content\/uploads\/2025\/03\/WhatsApp-Image-2025-03-13-at-09.42.16-r2stlkkkir041lcvoklrf5egyusc77vvs41eq07i40.jpeg","type":"image\/jpeg"}],"author":"Portal Raizes","twitter_card":"summary_large_image","twitter_misc":{"Escrito por":"Portal Raizes","Est. tempo de leitura":"4 minutos"},"schema":{"@context":"https:\/\/schema.org","@graph":[{"@type":"Article","@id":"https:\/\/portalraizesnoticias.com.br\/?p=5265#article","isPartOf":{"@id":"https:\/\/portalraizesnoticias.com.br\/?p=5265"},"author":{"name":"Portal Raizes","@id":"https:\/\/portalraizesnoticias.com.br\/#\/schema\/person\/a3ca6b0fc701e78df19756c417d943ae"},"headline":"Martag\u00e3o completa 60 anos de servi\u00e7os prestados \u00e0 popula\u00e7\u00e3o baiana","datePublished":"2025-03-13T18:58:30+00:00","mainEntityOfPage":{"@id":"https:\/\/portalraizesnoticias.com.br\/?p=5265"},"wordCount":656,"commentCount":0,"publisher":{"@id":"https:\/\/portalraizesnoticias.com.br\/#organization"},"image":{"@id":"https:\/\/portalraizesnoticias.com.br\/?p=5265#primaryimage"},"thumbnailUrl":"https:\/\/portalraizesnoticias.com.br\/wp-content\/uploads\/2025\/03\/WhatsApp-Image-2025-03-13-at-09.42.16-r2stlkkkir041lcvoklrf5egyusc77vvs41eq07i40.jpeg","articleSection":["SA\u00daDE"],"inLanguage":"pt-BR","potentialAction":[{"@type":"CommentAction","name":"Comment","target":["https:\/\/portalraizesnoticias.com.br\/?p=5265#respond"]}]},{"@type":"WebPage","@id":"https:\/\/portalraizesnoticias.com.br\/?p=5265","url":"https:\/\/portalraizesnoticias.com.br\/?p=5265","name":"Martag\u00e3o completa 60 anos de servi\u00e7os prestados \u00e0 popula\u00e7\u00e3o baiana - Portal raizes noticias","isPartOf":{"@id":"https:\/\/portalraizesnoticias.com.br\/#website"},"primaryImageOfPage":{"@id":"https:\/\/portalraizesnoticias.com.br\/?p=5265#primaryimage"},"image":{"@id":"https:\/\/portalraizesnoticias.com.br\/?p=5265#primaryimage"},"thumbnailUrl":"https:\/\/portalraizesnoticias.com.br\/wp-content\/uploads\/2025\/03\/WhatsApp-Image-2025-03-13-at-09.42.16-r2stlkkkir041lcvoklrf5egyusc77vvs41eq07i40.jpeg","datePublished":"2025-03-13T18:58:30+00:00","breadcrumb":{"@id":"https:\/\/portalraizesnoticias.com.br\/?p=5265#breadcrumb"},"inLanguage":"pt-BR","potentialAction":[{"@type":"ReadAction","target":["https:\/\/portalraizesnoticias.com.br\/?p=5265"]}]},{"@type":"ImageObject","inLanguage":"pt-BR","@id":"https:\/\/portalraizesnoticias.com.br\/?p=5265#primaryimage","url":"https:\/\/portalraizesnoticias.com.br\/wp-content\/uploads\/2025\/03\/WhatsApp-Image-2025-03-13-at-09.42.16-r2stlkkkir041lcvoklrf5egyusc77vvs41eq07i40.jpeg","contentUrl":"https:\/\/portalraizesnoticias.com.br\/wp-content\/uploads\/2025\/03\/WhatsApp-Image-2025-03-13-at-09.42.16-r2stlkkkir041lcvoklrf5egyusc77vvs41eq07i40.jpeg","width":800,"height":600},{"@type":"BreadcrumbList","@id":"https:\/\/portalraizesnoticias.com.br\/?p=5265#breadcrumb","itemListElement":[{"@type":"ListItem","position":1,"name":"In\u00edcio","item":"https:\/\/portalraizesnoticias.com.br\/"},{"@type":"ListItem","position":2,"name":"Martag\u00e3o completa 60 anos de servi\u00e7os prestados \u00e0 popula\u00e7\u00e3o baiana"}]},{"@type":"WebSite","@id":"https:\/\/portalraizesnoticias.com.br\/#website","url":"https:\/\/portalraizesnoticias.com.br\/","name":"Portal raizes NOTICIAS","description":"site de noticias de concei\u00e7\u00e3o do coit\u00e9 e regi\u00e3o","publisher":{"@id":"https:\/\/portalraizesnoticias.com.br\/#organization"},"alternateName":"PORTAL RAIZES COIT\u00c9","potentialAction":[{"@type":"SearchAction","target":{"@type":"EntryPoint","urlTemplate":"https:\/\/portalraizesnoticias.com.br\/?s={search_term_string}"},"query-input":{"@type":"PropertyValueSpecification","valueRequired":true,"valueName":"search_term_string"}}],"inLanguage":"pt-BR"},{"@type":"Organization","@id":"https:\/\/portalraizesnoticias.com.br\/#organization","name":"Portal raizes NOTICIAS","url":"https:\/\/portalraizesnoticias.com.br\/","logo":{"@type":"ImageObject","inLanguage":"pt-BR","@id":"https:\/\/portalraizesnoticias.com.br\/#\/schema\/logo\/image\/","url":"https:\/\/portalraizesnoticias.com.br\/wp-content\/uploads\/2024\/09\/cropped-Captura-de-tela-2024-09-08-011108.png","contentUrl":"https:\/\/portalraizesnoticias.com.br\/wp-content\/uploads\/2024\/09\/cropped-Captura-de-tela-2024-09-08-011108.png","width":606,"height":173,"caption":"Portal raizes NOTICIAS"},"image":{"@id":"https:\/\/portalraizesnoticias.com.br\/#\/schema\/logo\/image\/"}},{"@type":"Person","@id":"https:\/\/portalraizesnoticias.com.br\/#\/schema\/person\/a3ca6b0fc701e78df19756c417d943ae","name":"Portal Raizes","image":{"@type":"ImageObject","inLanguage":"pt-BR","@id":"https:\/\/portalraizesnoticias.com.br\/#\/schema\/person\/image\/","url":"https:\/\/secure.gravatar.com\/avatar\/ef450d29013a3d3fba867a12a249d7b1?s=96&d=mm&r=g","contentUrl":"https:\/\/secure.gravatar.com\/avatar\/ef450d29013a3d3fba867a12a249d7b1?s=96&d=mm&r=g","caption":"Portal Raizes"},"url":"https:\/\/portalraizesnoticias.com.br\/?author=3"}]}},"_links":{"self":[{"href":"https:\/\/portalraizesnoticias.com.br\/index.php?rest_route=\/wp\/v2\/posts\/5265"}],"collection":[{"href":"https:\/\/portalraizesnoticias.com.br\/index.php?rest_route=\/wp\/v2\/posts"}],"about":[{"href":"https:\/\/portalraizesnoticias.com.br\/index.php?rest_route=\/wp\/v2\/types\/post"}],"author":[{"embeddable":true,"href":"https:\/\/portalraizesnoticias.com.br\/index.php?rest_route=\/wp\/v2\/users\/3"}],"replies":[{"embeddable":true,"href":"https:\/\/portalraizesnoticias.com.br\/index.php?rest_route=%2Fwp%2Fv2%2Fcomments&post=5265"}],"version-history":[{"count":1,"href":"https:\/\/portalraizesnoticias.com.br\/index.php?rest_route=\/wp\/v2\/posts\/5265\/revisions"}],"predecessor-version":[{"id":5267,"href":"https:\/\/portalraizesnoticias.com.br\/index.php?rest_route=\/wp\/v2\/posts\/5265\/revisions\/5267"}],"wp:featuredmedia":[{"embeddable":true,"href":"https:\/\/portalraizesnoticias.com.br\/index.php?rest_route=\/wp\/v2\/media\/5266"}],"wp:attachment":[{"href":"https:\/\/portalraizesnoticias.com.br\/index.php?rest_route=%2Fwp%2Fv2%2Fmedia&parent=5265"}],"wp:term":[{"taxonomy":"category","embeddable":true,"href":"https:\/\/portalraizesnoticias.com.br\/index.php?rest_route=%2Fwp%2Fv2%2Fcategories&post=5265"},{"taxonomy":"post_tag","embeddable":true,"href":"https:\/\/portalraizesnoticias.com.br\/index.php?rest_route=%2Fwp%2Fv2%2Ftags&post=5265"}],"curies":[{"name":"wp","href":"https:\/\/api.w.org\/{rel}","templated":true}]}}