{"id":5245,"date":"2025-03-11T20:19:16","date_gmt":"2025-03-11T23:19:16","guid":{"rendered":"https:\/\/portalraizesnoticias.com.br\/?p=5245"},"modified":"2025-03-11T20:19:16","modified_gmt":"2025-03-11T23:19:16","slug":"dois-homens-sao-presos-por-trafico-de-drogas-em-queimadas-eles-seriam-os-suspeitos-dos-assassinatos-ocorridos-nos-ultimos-dias","status":"publish","type":"post","link":"https:\/\/portalraizesnoticias.com.br\/?p=5245","title":{"rendered":"Dois homens s\u00e3o presos por tr\u00e1fico de drogas em Queimadas; eles seriam os suspeitos dos assassinatos ocorridos nos \u00faltimos dias"},"content":{"rendered":"<p>Na tarde desta ter\u00e7a-feira (11), dois homens de 21 e 29 anos foram presos por tr\u00e1fico de drogas em Queimadas, regi\u00e3o sisaleira. A pris\u00e3o foi realizada por policiais militares do 16\u00b0 BPM.<\/p>\n<p>Segundo informa\u00e7\u00f5es obtidas pelo Portal Ra\u00edzes \u00e0s 16h00, a guarni\u00e7\u00e3o recebeu a informa\u00e7\u00e3o de que o indiv\u00edduo T. S. estaria em um bar no bairro Ponte Nova, praticando tr\u00e1fico de drogas.<\/p>\n<p>Ainda conforme o registro, T. traficava para o indiv\u00edduo A. e ambos seriam suspeitos dos \u00faltimos dois homic\u00eddios ocorridos na cidade.<\/p>\n<p>As guarni\u00e7\u00f5es deslocaram-se ao local e identificaram o homem.<\/p>\n<p>Durante a busca pessoal, foi encontrado algumas por\u00e7\u00f5es de subst\u00e2ncias an\u00e1logas \u00e0 maconha e crack.<\/p>\n<p>O suspeito confirmou que estaria traficando para A. e levou a guarni\u00e7\u00e3o onde o mesmo se encontrava.<\/p>\n<p>Ao perceber a aproxima\u00e7\u00e3o dos PMs, A. empreendeu fuga, deixando para tr\u00e1s o restante do material apresentado, juntamente com o seu RG.<\/p>\n<p>Com a fuga de um dos criminosos, T. recebeu voz de pris\u00e3o, sendo conduzido \u00e0 Delegacia de Pol\u00edcia Civil de Queimadas.<\/p>\n<p>Quando os policiais estavam na delegacia, receberam outra den\u00fancia de um terceiro suspeito envolvido com o rapaz preso que estava no tr\u00e1fico de drogas e participou dos assassinatos. Ele foi localizado no bairro Alto da Jacobina.<\/p>\n<p>J. S. S. 29 anos, tentou empreender fuga, sendo alcan\u00e7ado logo em seguida.<\/p>\n<p>Durante a busca pessoal, foi encontrado em seu poder 02 (duas) por\u00e7\u00f5es de uma erva esverdeada sugestiva para maconha. Ele tamb\u00e9m recebeu voz de pris\u00e3o e foi conduzido \u00e0\u00a0 delegacia local.<\/p>\n","protected":false},"excerpt":{"rendered":"<p>Na tarde desta ter\u00e7a-feira (11), dois homens de 21 e 29 anos foram presos por tr\u00e1fico de drogas em Queimadas, regi\u00e3o sisaleira. A pris\u00e3o foi realizada por policiais militares do 16\u00b0 BPM. Segundo informa\u00e7\u00f5es obtidas pelo Portal Ra\u00edzes \u00e0s 16h00, a guarni\u00e7\u00e3o recebeu a informa\u00e7\u00e3o de que o indiv\u00edduo T. S. estaria em um bar no bairro Ponte Nova, praticando tr\u00e1fico de drogas. Ainda conforme o registro, T. traficava para o indiv\u00edduo A. e ambos seriam suspeitos dos \u00faltimos dois homic\u00eddios ocorridos na cidade. As guarni\u00e7\u00f5es deslocaram-se ao local e identificaram o homem. Durante a busca pessoal, foi encontrado algumas por\u00e7\u00f5es de subst\u00e2ncias an\u00e1logas \u00e0 maconha e crack. O suspeito confirmou que estaria traficando para A. e levou a guarni\u00e7\u00e3o onde o mesmo se encontrava. Ao perceber a aproxima\u00e7\u00e3o dos PMs, A. empreendeu fuga, deixando para tr\u00e1s o restante do material apresentado, juntamente com o seu RG. Com a fuga de um dos criminosos, T. recebeu voz de pris\u00e3o, sendo conduzido \u00e0 Delegacia de Pol\u00edcia Civil de Queimadas. Quando os policiais estavam na delegacia, receberam outra den\u00fancia de um terceiro suspeito envolvido com o rapaz preso que estava no tr\u00e1fico de drogas e participou dos assassinatos. Ele foi localizado no bairro Alto da Jacobina. J. S. S. 29 anos, tentou empreender fuga, sendo alcan\u00e7ado logo em seguida. Durante a busca pessoal, foi encontrado em seu poder 02 (duas) por\u00e7\u00f5es de uma erva esverdeada sugestiva para maconha. Ele tamb\u00e9m recebeu voz de pris\u00e3o e foi conduzido \u00e0\u00a0 delegacia local.<\/p>\n","protected":false},"author":3,"featured_media":5246,"comment_status":"open","ping_status":"open","sticky":false,"template":"","format":"standard","meta":{"_joinchat":[],"footnotes":""},"categories":[55,67,59],"tags":[842,505,747],"class_list":["post-5245","post","type-post","status-publish","format-standard","has-post-thumbnail","hentry","category-destaques","category-policia","category-ultimas-noticias","tag-homens","tag-presos","tag-queimadas"],"yoast_head":"<!-- This site is optimized with the Yoast SEO plugin v24.4 - https:\/\/yoast.com\/wordpress\/plugins\/seo\/ -->\n<title>Dois homens s\u00e3o presos por tr\u00e1fico de drogas em Queimadas; eles seriam os suspeitos dos assassinatos ocorridos nos \u00faltimos dias - Portal raizes noticias<\/title>\n<meta name=\"robots\" content=\"index, follow, max-snippet:-1, max-image-preview:large, max-video-preview:-1\" \/>\n<link rel=\"canonical\" href=\"https:\/\/portalraizesnoticias.com.br\/?p=5245\" \/>\n<meta property=\"og:locale\" content=\"pt_BR\" \/>\n<meta property=\"og:type\" content=\"article\" \/>\n<meta property=\"og:title\" content=\"Dois homens s\u00e3o presos por tr\u00e1fico de drogas em Queimadas; eles seriam os suspeitos dos assassinatos ocorridos nos \u00faltimos dias - Portal raizes noticias\" \/>\n<meta property=\"og:description\" content=\"Na tarde desta ter\u00e7a-feira (11), dois homens de 21 e 29 anos foram presos por tr\u00e1fico de drogas em Queimadas, regi\u00e3o sisaleira. A pris\u00e3o foi realizada por policiais militares do 16\u00b0 BPM. Segundo informa\u00e7\u00f5es obtidas pelo Portal Ra\u00edzes \u00e0s 16h00, a guarni\u00e7\u00e3o recebeu a informa\u00e7\u00e3o de que o indiv\u00edduo T. S. estaria em um bar no bairro Ponte Nova, praticando tr\u00e1fico de drogas. Ainda conforme o registro, T. traficava para o indiv\u00edduo A. e ambos seriam suspeitos dos \u00faltimos dois homic\u00eddios ocorridos na cidade. As guarni\u00e7\u00f5es deslocaram-se ao local e identificaram o homem. Durante a busca pessoal, foi encontrado algumas por\u00e7\u00f5es de subst\u00e2ncias an\u00e1logas \u00e0 maconha e crack. O suspeito confirmou que estaria traficando para A. e levou a guarni\u00e7\u00e3o onde o mesmo se encontrava. Ao perceber a aproxima\u00e7\u00e3o dos PMs, A. empreendeu fuga, deixando para tr\u00e1s o restante do material apresentado, juntamente com o seu RG. Com a fuga de um dos criminosos, T. recebeu voz de pris\u00e3o, sendo conduzido \u00e0 Delegacia de Pol\u00edcia Civil de Queimadas. Quando os policiais estavam na delegacia, receberam outra den\u00fancia de um terceiro suspeito envolvido com o rapaz preso que estava no tr\u00e1fico de drogas e participou dos assassinatos. Ele foi localizado no bairro Alto da Jacobina. J. S. S. 29 anos, tentou empreender fuga, sendo alcan\u00e7ado logo em seguida. Durante a busca pessoal, foi encontrado em seu poder 02 (duas) por\u00e7\u00f5es de uma erva esverdeada sugestiva para maconha. Ele tamb\u00e9m recebeu voz de pris\u00e3o e foi conduzido \u00e0\u00a0 delegacia local.\" \/>\n<meta property=\"og:url\" content=\"https:\/\/portalraizesnoticias.com.br\/?p=5245\" \/>\n<meta property=\"og:site_name\" content=\"Portal raizes noticias\" \/>\n<meta property=\"article:published_time\" content=\"2025-03-11T23:19:16+00:00\" \/>\n<meta property=\"og:image\" content=\"https:\/\/portalraizesnoticias.com.br\/wp-content\/uploads\/2025\/03\/IMG-20250311-WA0379.jpg\" \/>\n\t<meta property=\"og:image:width\" content=\"1600\" \/>\n\t<meta property=\"og:image:height\" content=\"1159\" \/>\n\t<meta property=\"og:image:type\" content=\"image\/jpeg\" \/>\n<meta name=\"author\" content=\"Portal Raizes\" \/>\n<meta name=\"twitter:card\" content=\"summary_large_image\" \/>\n<meta name=\"twitter:label1\" content=\"Escrito por\" \/>\n\t<meta name=\"twitter:data1\" content=\"Portal Raizes\" \/>\n\t<meta name=\"twitter:label2\" content=\"Est. tempo de leitura\" \/>\n\t<meta name=\"twitter:data2\" content=\"2 minutos\" \/>\n<script type=\"application\/ld+json\" class=\"yoast-schema-graph\">{\"@context\":\"https:\/\/schema.org\",\"@graph\":[{\"@type\":\"Article\",\"@id\":\"https:\/\/portalraizesnoticias.com.br\/?p=5245#article\",\"isPartOf\":{\"@id\":\"https:\/\/portalraizesnoticias.com.br\/?p=5245\"},\"author\":{\"name\":\"Portal Raizes\",\"@id\":\"https:\/\/portalraizesnoticias.com.br\/#\/schema\/person\/a3ca6b0fc701e78df19756c417d943ae\"},\"headline\":\"Dois homens s\u00e3o presos por tr\u00e1fico de drogas em Queimadas; eles seriam os suspeitos dos assassinatos ocorridos nos \u00faltimos dias\",\"datePublished\":\"2025-03-11T23:19:16+00:00\",\"mainEntityOfPage\":{\"@id\":\"https:\/\/portalraizesnoticias.com.br\/?p=5245\"},\"wordCount\":288,\"commentCount\":0,\"publisher\":{\"@id\":\"https:\/\/portalraizesnoticias.com.br\/#organization\"},\"image\":{\"@id\":\"https:\/\/portalraizesnoticias.com.br\/?p=5245#primaryimage\"},\"thumbnailUrl\":\"https:\/\/portalraizesnoticias.com.br\/wp-content\/uploads\/2025\/03\/IMG-20250311-WA0379.jpg\",\"keywords\":[\"Homens\",\"Presos\",\"Queimadas\"],\"articleSection\":[\"DESTAQUES\",\"POLICIA\",\"ULTIMAS NOTICIAS\"],\"inLanguage\":\"pt-BR\",\"potentialAction\":[{\"@type\":\"CommentAction\",\"name\":\"Comment\",\"target\":[\"https:\/\/portalraizesnoticias.com.br\/?p=5245#respond\"]}]},{\"@type\":\"WebPage\",\"@id\":\"https:\/\/portalraizesnoticias.com.br\/?p=5245\",\"url\":\"https:\/\/portalraizesnoticias.com.br\/?p=5245\",\"name\":\"Dois homens s\u00e3o presos por tr\u00e1fico de drogas em Queimadas; eles seriam os suspeitos dos assassinatos ocorridos nos \u00faltimos dias - Portal raizes noticias\",\"isPartOf\":{\"@id\":\"https:\/\/portalraizesnoticias.com.br\/#website\"},\"primaryImageOfPage\":{\"@id\":\"https:\/\/portalraizesnoticias.com.br\/?p=5245#primaryimage\"},\"image\":{\"@id\":\"https:\/\/portalraizesnoticias.com.br\/?p=5245#primaryimage\"},\"thumbnailUrl\":\"https:\/\/portalraizesnoticias.com.br\/wp-content\/uploads\/2025\/03\/IMG-20250311-WA0379.jpg\",\"datePublished\":\"2025-03-11T23:19:16+00:00\",\"breadcrumb\":{\"@id\":\"https:\/\/portalraizesnoticias.com.br\/?p=5245#breadcrumb\"},\"inLanguage\":\"pt-BR\",\"potentialAction\":[{\"@type\":\"ReadAction\",\"target\":[\"https:\/\/portalraizesnoticias.com.br\/?p=5245\"]}]},{\"@type\":\"ImageObject\",\"inLanguage\":\"pt-BR\",\"@id\":\"https:\/\/portalraizesnoticias.com.br\/?p=5245#primaryimage\",\"url\":\"https:\/\/portalraizesnoticias.com.br\/wp-content\/uploads\/2025\/03\/IMG-20250311-WA0379.jpg\",\"contentUrl\":\"https:\/\/portalraizesnoticias.com.br\/wp-content\/uploads\/2025\/03\/IMG-20250311-WA0379.jpg\",\"width\":1600,\"height\":1159},{\"@type\":\"BreadcrumbList\",\"@id\":\"https:\/\/portalraizesnoticias.com.br\/?p=5245#breadcrumb\",\"itemListElement\":[{\"@type\":\"ListItem\",\"position\":1,\"name\":\"In\u00edcio\",\"item\":\"https:\/\/portalraizesnoticias.com.br\/\"},{\"@type\":\"ListItem\",\"position\":2,\"name\":\"Dois homens s\u00e3o presos por tr\u00e1fico de drogas em Queimadas; eles seriam os suspeitos dos assassinatos ocorridos nos \u00faltimos dias\"}]},{\"@type\":\"WebSite\",\"@id\":\"https:\/\/portalraizesnoticias.com.br\/#website\",\"url\":\"https:\/\/portalraizesnoticias.com.br\/\",\"name\":\"Portal raizes NOTICIAS\",\"description\":\"site de noticias de concei\u00e7\u00e3o do coit\u00e9 e regi\u00e3o\",\"publisher\":{\"@id\":\"https:\/\/portalraizesnoticias.com.br\/#organization\"},\"alternateName\":\"PORTAL RAIZES COIT\u00c9\",\"potentialAction\":[{\"@type\":\"SearchAction\",\"target\":{\"@type\":\"EntryPoint\",\"urlTemplate\":\"https:\/\/portalraizesnoticias.com.br\/?s={search_term_string}\"},\"query-input\":{\"@type\":\"PropertyValueSpecification\",\"valueRequired\":true,\"valueName\":\"search_term_string\"}}],\"inLanguage\":\"pt-BR\"},{\"@type\":\"Organization\",\"@id\":\"https:\/\/portalraizesnoticias.com.br\/#organization\",\"name\":\"Portal raizes NOTICIAS\",\"url\":\"https:\/\/portalraizesnoticias.com.br\/\",\"logo\":{\"@type\":\"ImageObject\",\"inLanguage\":\"pt-BR\",\"@id\":\"https:\/\/portalraizesnoticias.com.br\/#\/schema\/logo\/image\/\",\"url\":\"https:\/\/portalraizesnoticias.com.br\/wp-content\/uploads\/2024\/09\/cropped-Captura-de-tela-2024-09-08-011108.png\",\"contentUrl\":\"https:\/\/portalraizesnoticias.com.br\/wp-content\/uploads\/2024\/09\/cropped-Captura-de-tela-2024-09-08-011108.png\",\"width\":606,\"height\":173,\"caption\":\"Portal raizes NOTICIAS\"},\"image\":{\"@id\":\"https:\/\/portalraizesnoticias.com.br\/#\/schema\/logo\/image\/\"}},{\"@type\":\"Person\",\"@id\":\"https:\/\/portalraizesnoticias.com.br\/#\/schema\/person\/a3ca6b0fc701e78df19756c417d943ae\",\"name\":\"Portal Raizes\",\"image\":{\"@type\":\"ImageObject\",\"inLanguage\":\"pt-BR\",\"@id\":\"https:\/\/portalraizesnoticias.com.br\/#\/schema\/person\/image\/\",\"url\":\"https:\/\/secure.gravatar.com\/avatar\/ef450d29013a3d3fba867a12a249d7b1?s=96&d=mm&r=g\",\"contentUrl\":\"https:\/\/secure.gravatar.com\/avatar\/ef450d29013a3d3fba867a12a249d7b1?s=96&d=mm&r=g\",\"caption\":\"Portal Raizes\"},\"url\":\"https:\/\/portalraizesnoticias.com.br\/?author=3\"}]}<\/script>\n<!-- \/ Yoast SEO plugin. -->","yoast_head_json":{"title":"Dois homens s\u00e3o presos por tr\u00e1fico de drogas em Queimadas; eles seriam os suspeitos dos assassinatos ocorridos nos \u00faltimos dias - Portal raizes noticias","robots":{"index":"index","follow":"follow","max-snippet":"max-snippet:-1","max-image-preview":"max-image-preview:large","max-video-preview":"max-video-preview:-1"},"canonical":"https:\/\/portalraizesnoticias.com.br\/?p=5245","og_locale":"pt_BR","og_type":"article","og_title":"Dois homens s\u00e3o presos por tr\u00e1fico de drogas em Queimadas; eles seriam os suspeitos dos assassinatos ocorridos nos \u00faltimos dias - Portal raizes noticias","og_description":"Na tarde desta ter\u00e7a-feira (11), dois homens de 21 e 29 anos foram presos por tr\u00e1fico de drogas em Queimadas, regi\u00e3o sisaleira. A pris\u00e3o foi realizada por policiais militares do 16\u00b0 BPM. Segundo informa\u00e7\u00f5es obtidas pelo Portal Ra\u00edzes \u00e0s 16h00, a guarni\u00e7\u00e3o recebeu a informa\u00e7\u00e3o de que o indiv\u00edduo T. S. estaria em um bar no bairro Ponte Nova, praticando tr\u00e1fico de drogas. Ainda conforme o registro, T. traficava para o indiv\u00edduo A. e ambos seriam suspeitos dos \u00faltimos dois homic\u00eddios ocorridos na cidade. As guarni\u00e7\u00f5es deslocaram-se ao local e identificaram o homem. Durante a busca pessoal, foi encontrado algumas por\u00e7\u00f5es de subst\u00e2ncias an\u00e1logas \u00e0 maconha e crack. O suspeito confirmou que estaria traficando para A. e levou a guarni\u00e7\u00e3o onde o mesmo se encontrava. Ao perceber a aproxima\u00e7\u00e3o dos PMs, A. empreendeu fuga, deixando para tr\u00e1s o restante do material apresentado, juntamente com o seu RG. Com a fuga de um dos criminosos, T. recebeu voz de pris\u00e3o, sendo conduzido \u00e0 Delegacia de Pol\u00edcia Civil de Queimadas. Quando os policiais estavam na delegacia, receberam outra den\u00fancia de um terceiro suspeito envolvido com o rapaz preso que estava no tr\u00e1fico de drogas e participou dos assassinatos. Ele foi localizado no bairro Alto da Jacobina. J. S. S. 29 anos, tentou empreender fuga, sendo alcan\u00e7ado logo em seguida. Durante a busca pessoal, foi encontrado em seu poder 02 (duas) por\u00e7\u00f5es de uma erva esverdeada sugestiva para maconha. Ele tamb\u00e9m recebeu voz de pris\u00e3o e foi conduzido \u00e0\u00a0 delegacia local.","og_url":"https:\/\/portalraizesnoticias.com.br\/?p=5245","og_site_name":"Portal raizes noticias","article_published_time":"2025-03-11T23:19:16+00:00","og_image":[{"width":1600,"height":1159,"url":"https:\/\/portalraizesnoticias.com.br\/wp-content\/uploads\/2025\/03\/IMG-20250311-WA0379.jpg","type":"image\/jpeg"}],"author":"Portal Raizes","twitter_card":"summary_large_image","twitter_misc":{"Escrito por":"Portal Raizes","Est. tempo de leitura":"2 minutos"},"schema":{"@context":"https:\/\/schema.org","@graph":[{"@type":"Article","@id":"https:\/\/portalraizesnoticias.com.br\/?p=5245#article","isPartOf":{"@id":"https:\/\/portalraizesnoticias.com.br\/?p=5245"},"author":{"name":"Portal Raizes","@id":"https:\/\/portalraizesnoticias.com.br\/#\/schema\/person\/a3ca6b0fc701e78df19756c417d943ae"},"headline":"Dois homens s\u00e3o presos por tr\u00e1fico de drogas em Queimadas; eles seriam os suspeitos dos assassinatos ocorridos nos \u00faltimos dias","datePublished":"2025-03-11T23:19:16+00:00","mainEntityOfPage":{"@id":"https:\/\/portalraizesnoticias.com.br\/?p=5245"},"wordCount":288,"commentCount":0,"publisher":{"@id":"https:\/\/portalraizesnoticias.com.br\/#organization"},"image":{"@id":"https:\/\/portalraizesnoticias.com.br\/?p=5245#primaryimage"},"thumbnailUrl":"https:\/\/portalraizesnoticias.com.br\/wp-content\/uploads\/2025\/03\/IMG-20250311-WA0379.jpg","keywords":["Homens","Presos","Queimadas"],"articleSection":["DESTAQUES","POLICIA","ULTIMAS NOTICIAS"],"inLanguage":"pt-BR","potentialAction":[{"@type":"CommentAction","name":"Comment","target":["https:\/\/portalraizesnoticias.com.br\/?p=5245#respond"]}]},{"@type":"WebPage","@id":"https:\/\/portalraizesnoticias.com.br\/?p=5245","url":"https:\/\/portalraizesnoticias.com.br\/?p=5245","name":"Dois homens s\u00e3o presos por tr\u00e1fico de drogas em Queimadas; eles seriam os suspeitos dos assassinatos ocorridos nos \u00faltimos dias - Portal raizes noticias","isPartOf":{"@id":"https:\/\/portalraizesnoticias.com.br\/#website"},"primaryImageOfPage":{"@id":"https:\/\/portalraizesnoticias.com.br\/?p=5245#primaryimage"},"image":{"@id":"https:\/\/portalraizesnoticias.com.br\/?p=5245#primaryimage"},"thumbnailUrl":"https:\/\/portalraizesnoticias.com.br\/wp-content\/uploads\/2025\/03\/IMG-20250311-WA0379.jpg","datePublished":"2025-03-11T23:19:16+00:00","breadcrumb":{"@id":"https:\/\/portalraizesnoticias.com.br\/?p=5245#breadcrumb"},"inLanguage":"pt-BR","potentialAction":[{"@type":"ReadAction","target":["https:\/\/portalraizesnoticias.com.br\/?p=5245"]}]},{"@type":"ImageObject","inLanguage":"pt-BR","@id":"https:\/\/portalraizesnoticias.com.br\/?p=5245#primaryimage","url":"https:\/\/portalraizesnoticias.com.br\/wp-content\/uploads\/2025\/03\/IMG-20250311-WA0379.jpg","contentUrl":"https:\/\/portalraizesnoticias.com.br\/wp-content\/uploads\/2025\/03\/IMG-20250311-WA0379.jpg","width":1600,"height":1159},{"@type":"BreadcrumbList","@id":"https:\/\/portalraizesnoticias.com.br\/?p=5245#breadcrumb","itemListElement":[{"@type":"ListItem","position":1,"name":"In\u00edcio","item":"https:\/\/portalraizesnoticias.com.br\/"},{"@type":"ListItem","position":2,"name":"Dois homens s\u00e3o presos por tr\u00e1fico de drogas em Queimadas; eles seriam os suspeitos dos assassinatos ocorridos nos \u00faltimos dias"}]},{"@type":"WebSite","@id":"https:\/\/portalraizesnoticias.com.br\/#website","url":"https:\/\/portalraizesnoticias.com.br\/","name":"Portal raizes NOTICIAS","description":"site de noticias de concei\u00e7\u00e3o do coit\u00e9 e regi\u00e3o","publisher":{"@id":"https:\/\/portalraizesnoticias.com.br\/#organization"},"alternateName":"PORTAL RAIZES COIT\u00c9","potentialAction":[{"@type":"SearchAction","target":{"@type":"EntryPoint","urlTemplate":"https:\/\/portalraizesnoticias.com.br\/?s={search_term_string}"},"query-input":{"@type":"PropertyValueSpecification","valueRequired":true,"valueName":"search_term_string"}}],"inLanguage":"pt-BR"},{"@type":"Organization","@id":"https:\/\/portalraizesnoticias.com.br\/#organization","name":"Portal raizes NOTICIAS","url":"https:\/\/portalraizesnoticias.com.br\/","logo":{"@type":"ImageObject","inLanguage":"pt-BR","@id":"https:\/\/portalraizesnoticias.com.br\/#\/schema\/logo\/image\/","url":"https:\/\/portalraizesnoticias.com.br\/wp-content\/uploads\/2024\/09\/cropped-Captura-de-tela-2024-09-08-011108.png","contentUrl":"https:\/\/portalraizesnoticias.com.br\/wp-content\/uploads\/2024\/09\/cropped-Captura-de-tela-2024-09-08-011108.png","width":606,"height":173,"caption":"Portal raizes NOTICIAS"},"image":{"@id":"https:\/\/portalraizesnoticias.com.br\/#\/schema\/logo\/image\/"}},{"@type":"Person","@id":"https:\/\/portalraizesnoticias.com.br\/#\/schema\/person\/a3ca6b0fc701e78df19756c417d943ae","name":"Portal Raizes","image":{"@type":"ImageObject","inLanguage":"pt-BR","@id":"https:\/\/portalraizesnoticias.com.br\/#\/schema\/person\/image\/","url":"https:\/\/secure.gravatar.com\/avatar\/ef450d29013a3d3fba867a12a249d7b1?s=96&d=mm&r=g","contentUrl":"https:\/\/secure.gravatar.com\/avatar\/ef450d29013a3d3fba867a12a249d7b1?s=96&d=mm&r=g","caption":"Portal Raizes"},"url":"https:\/\/portalraizesnoticias.com.br\/?author=3"}]}},"_links":{"self":[{"href":"https:\/\/portalraizesnoticias.com.br\/index.php?rest_route=\/wp\/v2\/posts\/5245"}],"collection":[{"href":"https:\/\/portalraizesnoticias.com.br\/index.php?rest_route=\/wp\/v2\/posts"}],"about":[{"href":"https:\/\/portalraizesnoticias.com.br\/index.php?rest_route=\/wp\/v2\/types\/post"}],"author":[{"embeddable":true,"href":"https:\/\/portalraizesnoticias.com.br\/index.php?rest_route=\/wp\/v2\/users\/3"}],"replies":[{"embeddable":true,"href":"https:\/\/portalraizesnoticias.com.br\/index.php?rest_route=%2Fwp%2Fv2%2Fcomments&post=5245"}],"version-history":[{"count":1,"href":"https:\/\/portalraizesnoticias.com.br\/index.php?rest_route=\/wp\/v2\/posts\/5245\/revisions"}],"predecessor-version":[{"id":5247,"href":"https:\/\/portalraizesnoticias.com.br\/index.php?rest_route=\/wp\/v2\/posts\/5245\/revisions\/5247"}],"wp:featuredmedia":[{"embeddable":true,"href":"https:\/\/portalraizesnoticias.com.br\/index.php?rest_route=\/wp\/v2\/media\/5246"}],"wp:attachment":[{"href":"https:\/\/portalraizesnoticias.com.br\/index.php?rest_route=%2Fwp%2Fv2%2Fmedia&parent=5245"}],"wp:term":[{"taxonomy":"category","embeddable":true,"href":"https:\/\/portalraizesnoticias.com.br\/index.php?rest_route=%2Fwp%2Fv2%2Fcategories&post=5245"},{"taxonomy":"post_tag","embeddable":true,"href":"https:\/\/portalraizesnoticias.com.br\/index.php?rest_route=%2Fwp%2Fv2%2Ftags&post=5245"}],"curies":[{"name":"wp","href":"https:\/\/api.w.org\/{rel}","templated":true}]}}