{"id":5220,"date":"2025-03-10T15:19:44","date_gmt":"2025-03-10T18:19:44","guid":{"rendered":"https:\/\/portalraizesnoticias.com.br\/?p=5220"},"modified":"2025-03-10T15:19:45","modified_gmt":"2025-03-10T18:19:45","slug":"internada-na-uti-ha-nove-meses-bebe-ganha-aniversario-de-um-ano-especial-no-hec","status":"publish","type":"post","link":"https:\/\/portalraizesnoticias.com.br\/?p=5220","title":{"rendered":"Internada na UTI h\u00e1 nove meses, beb\u00ea ganha anivers\u00e1rio de um ano especial no HEC"},"content":{"rendered":"<p>Na \u00faltima sexta-feira (07), a pequena Lara celebrou seu primeiro ano de vida de forma especial. Internada h\u00e1 nove meses na UTI Pedi\u00e1trica do Hospital Estadual da Crian\u00e7a (HEC), em Feira de Santana, a beb\u00ea enfrenta desafios di\u00e1rios na sua recupera\u00e7\u00e3o e se tornou um exemplo de supera\u00e7\u00e3o para familiares e profissionais de sa\u00fade.<\/p>\n<p>Lara chegou ao hospital em estado cr\u00edtico, em julho de 2024, mas, com o suporte da equipe multidisciplinar do HEC, apresentou melhora progressiva. Na primeira semana de mar\u00e7o, ela completou seu primeiro aninho. No entanto, devido \u00e0 traqueostomia e aos aparelhos m\u00e9dicos que auxiliam na ventila\u00e7\u00e3o, a organiza\u00e7\u00e3o de uma festa de anivers\u00e1rio exigia cuidados especiais.<\/p>\n<p><img fetchpriority=\"high\" decoding=\"async\" class=\"size-medium wp-image-5223 alignleft\" src=\"https:\/\/portalraizesnoticias.com.br\/wp-content\/uploads\/2025\/03\/WhatsApp-Image-2025-03-10-at-14.45.20-300x200.jpeg\" alt=\"\" width=\"300\" height=\"200\" srcset=\"https:\/\/portalraizesnoticias.com.br\/wp-content\/uploads\/2025\/03\/WhatsApp-Image-2025-03-10-at-14.45.20-300x200.jpeg 300w, https:\/\/portalraizesnoticias.com.br\/wp-content\/uploads\/2025\/03\/WhatsApp-Image-2025-03-10-at-14.45.20-1024x682.jpeg 1024w, https:\/\/portalraizesnoticias.com.br\/wp-content\/uploads\/2025\/03\/WhatsApp-Image-2025-03-10-at-14.45.20-768x512.jpeg 768w, https:\/\/portalraizesnoticias.com.br\/wp-content\/uploads\/2025\/03\/WhatsApp-Image-2025-03-10-at-14.45.20-1536x1024.jpeg 1536w, https:\/\/portalraizesnoticias.com.br\/wp-content\/uploads\/2025\/03\/WhatsApp-Image-2025-03-10-at-14.45.20-2048x1365.jpeg 2048w\" sizes=\"(max-width: 300px) 100vw, 300px\" \/><\/p>\n<p>Para que n\u00e3o deixassem de celebrar o primeiro ano de vida, os familiares organizaram uma festa no espa\u00e7o do hospital, e os profissionais do HEC se mobilizaram para deslocar a paciente com seguran\u00e7a, garantindo uma celebra\u00e7\u00e3o com direito a bolo, decora\u00e7\u00e3o e muitos parab\u00e9ns. Reunindo pacientes, colaboradores e parentes, Lara comemorou seu primeiro ano de vida de forma especial.<\/p>\n<p>A m\u00e3e de Lara, Naiara Lopes, destacou a import\u00e2ncia de celebrar esse momento ao lado das pessoas que t\u00eam sido fundamentais na luta pela sa\u00fade da filha. \u201cN\u00e3o faria sentido comemorar em casa, mas sim aqui, com as pessoas que tanto fizeram por n\u00f3s e acompanharam cada progresso da Lara. Gratid\u00e3o infinita \u00e0 equipe do Hospital Estadual da Crian\u00e7a por todo carinho e dedica\u00e7\u00e3o. Voc\u00eas s\u00e3o parte da nossa fam\u00edlia\u201d, afirmou emocionada.<\/p>\n<p><img decoding=\"async\" class=\"size-medium wp-image-5224 alignright\" src=\"https:\/\/portalraizesnoticias.com.br\/wp-content\/uploads\/2025\/03\/WhatsApp-Image-2025-03-10-at-14.45.21-300x300.jpeg\" alt=\"\" width=\"300\" height=\"300\" srcset=\"https:\/\/portalraizesnoticias.com.br\/wp-content\/uploads\/2025\/03\/WhatsApp-Image-2025-03-10-at-14.45.21-300x300.jpeg 300w, https:\/\/portalraizesnoticias.com.br\/wp-content\/uploads\/2025\/03\/WhatsApp-Image-2025-03-10-at-14.45.21-1024x1024.jpeg 1024w, https:\/\/portalraizesnoticias.com.br\/wp-content\/uploads\/2025\/03\/WhatsApp-Image-2025-03-10-at-14.45.21-150x150.jpeg 150w, https:\/\/portalraizesnoticias.com.br\/wp-content\/uploads\/2025\/03\/WhatsApp-Image-2025-03-10-at-14.45.21-768x768.jpeg 768w, https:\/\/portalraizesnoticias.com.br\/wp-content\/uploads\/2025\/03\/WhatsApp-Image-2025-03-10-at-14.45.21.jpeg 1080w\" sizes=\"(max-width: 300px) 100vw, 300px\" \/>O Hospital Estadual da Crian\u00e7a \u00e9 uma unidade do SUS pertencente \u00e0 Secretaria de Sa\u00fade da Bahia (SESAB) e gerida pela Liga \u00c1lvaro Bahia, com foco no atendimento de m\u00e9dia e alta complexidade, com cuidado humanizado e qualificado para crian\u00e7as e gestantes.<\/p>\n<p>Fonte: Ascom\/HEC<\/p>\n","protected":false},"excerpt":{"rendered":"<p>Na \u00faltima sexta-feira (07), a pequena Lara celebrou seu primeiro ano de vida de forma especial. Internada h\u00e1 nove meses na UTI Pedi\u00e1trica do Hospital Estadual da Crian\u00e7a (HEC), em Feira de Santana, a beb\u00ea enfrenta desafios di\u00e1rios na sua recupera\u00e7\u00e3o e se tornou um exemplo de supera\u00e7\u00e3o para familiares e profissionais de sa\u00fade. Lara chegou ao hospital em estado cr\u00edtico, em julho de 2024, mas, com o suporte da equipe multidisciplinar do HEC, apresentou melhora progressiva. Na primeira semana de mar\u00e7o, ela completou seu primeiro aninho. No entanto, devido \u00e0 traqueostomia e aos aparelhos m\u00e9dicos que auxiliam na ventila\u00e7\u00e3o, a organiza\u00e7\u00e3o de uma festa de anivers\u00e1rio exigia cuidados especiais. Para que n\u00e3o deixassem de celebrar o primeiro ano de vida, os familiares organizaram uma festa no espa\u00e7o do hospital, e os profissionais do HEC se mobilizaram para deslocar a paciente com seguran\u00e7a, garantindo uma celebra\u00e7\u00e3o com direito a bolo, decora\u00e7\u00e3o e muitos parab\u00e9ns. Reunindo pacientes, colaboradores e parentes, Lara comemorou seu primeiro ano de vida de forma especial. A m\u00e3e de Lara, Naiara Lopes, destacou a import\u00e2ncia de celebrar esse momento ao lado das pessoas que t\u00eam sido fundamentais na luta pela sa\u00fade da filha. \u201cN\u00e3o faria sentido comemorar em casa, mas sim aqui, com as pessoas que tanto fizeram por n\u00f3s e acompanharam cada progresso da Lara. Gratid\u00e3o infinita \u00e0 equipe do Hospital Estadual da Crian\u00e7a por todo carinho e dedica\u00e7\u00e3o. Voc\u00eas s\u00e3o parte da nossa fam\u00edlia\u201d, afirmou emocionada. O Hospital Estadual da Crian\u00e7a \u00e9 uma unidade do SUS pertencente \u00e0 Secretaria de Sa\u00fade da Bahia (SESAB) e gerida pela Liga \u00c1lvaro Bahia, com foco no atendimento de m\u00e9dia e alta complexidade, com cuidado humanizado e qualificado para crian\u00e7as e gestantes. Fonte: Ascom\/HEC<\/p>\n","protected":false},"author":3,"featured_media":5222,"comment_status":"open","ping_status":"open","sticky":false,"template":"","format":"standard","meta":{"_joinchat":[],"footnotes":""},"categories":[86,59],"tags":[],"class_list":["post-5220","post","type-post","status-publish","format-standard","has-post-thumbnail","hentry","category-saude","category-ultimas-noticias"],"yoast_head":"<!-- This site is optimized with the Yoast SEO plugin v24.4 - https:\/\/yoast.com\/wordpress\/plugins\/seo\/ -->\n<title>Internada na UTI h\u00e1 nove meses, beb\u00ea ganha anivers\u00e1rio de um ano especial no HEC - Portal raizes noticias<\/title>\n<meta name=\"robots\" content=\"index, follow, max-snippet:-1, max-image-preview:large, max-video-preview:-1\" \/>\n<link rel=\"canonical\" href=\"https:\/\/portalraizesnoticias.com.br\/?p=5220\" \/>\n<meta property=\"og:locale\" content=\"pt_BR\" \/>\n<meta property=\"og:type\" content=\"article\" \/>\n<meta property=\"og:title\" content=\"Internada na UTI h\u00e1 nove meses, beb\u00ea ganha anivers\u00e1rio de um ano especial no HEC - Portal raizes noticias\" \/>\n<meta property=\"og:description\" content=\"Na \u00faltima sexta-feira (07), a pequena Lara celebrou seu primeiro ano de vida de forma especial. Internada h\u00e1 nove meses na UTI Pedi\u00e1trica do Hospital Estadual da Crian\u00e7a (HEC), em Feira de Santana, a beb\u00ea enfrenta desafios di\u00e1rios na sua recupera\u00e7\u00e3o e se tornou um exemplo de supera\u00e7\u00e3o para familiares e profissionais de sa\u00fade. Lara chegou ao hospital em estado cr\u00edtico, em julho de 2024, mas, com o suporte da equipe multidisciplinar do HEC, apresentou melhora progressiva. Na primeira semana de mar\u00e7o, ela completou seu primeiro aninho. No entanto, devido \u00e0 traqueostomia e aos aparelhos m\u00e9dicos que auxiliam na ventila\u00e7\u00e3o, a organiza\u00e7\u00e3o de uma festa de anivers\u00e1rio exigia cuidados especiais. Para que n\u00e3o deixassem de celebrar o primeiro ano de vida, os familiares organizaram uma festa no espa\u00e7o do hospital, e os profissionais do HEC se mobilizaram para deslocar a paciente com seguran\u00e7a, garantindo uma celebra\u00e7\u00e3o com direito a bolo, decora\u00e7\u00e3o e muitos parab\u00e9ns. Reunindo pacientes, colaboradores e parentes, Lara comemorou seu primeiro ano de vida de forma especial. A m\u00e3e de Lara, Naiara Lopes, destacou a import\u00e2ncia de celebrar esse momento ao lado das pessoas que t\u00eam sido fundamentais na luta pela sa\u00fade da filha. \u201cN\u00e3o faria sentido comemorar em casa, mas sim aqui, com as pessoas que tanto fizeram por n\u00f3s e acompanharam cada progresso da Lara. Gratid\u00e3o infinita \u00e0 equipe do Hospital Estadual da Crian\u00e7a por todo carinho e dedica\u00e7\u00e3o. Voc\u00eas s\u00e3o parte da nossa fam\u00edlia\u201d, afirmou emocionada. O Hospital Estadual da Crian\u00e7a \u00e9 uma unidade do SUS pertencente \u00e0 Secretaria de Sa\u00fade da Bahia (SESAB) e gerida pela Liga \u00c1lvaro Bahia, com foco no atendimento de m\u00e9dia e alta complexidade, com cuidado humanizado e qualificado para crian\u00e7as e gestantes. Fonte: Ascom\/HEC\" \/>\n<meta property=\"og:url\" content=\"https:\/\/portalraizesnoticias.com.br\/?p=5220\" \/>\n<meta property=\"og:site_name\" content=\"Portal raizes noticias\" \/>\n<meta property=\"article:published_time\" content=\"2025-03-10T18:19:44+00:00\" \/>\n<meta property=\"article:modified_time\" content=\"2025-03-10T18:19:45+00:00\" \/>\n<meta property=\"og:image\" content=\"https:\/\/portalraizesnoticias.com.br\/wp-content\/uploads\/2025\/03\/WhatsApp-Image-2025-03-10-at-14.45.19-1.jpeg\" \/>\n\t<meta property=\"og:image:width\" content=\"2560\" \/>\n\t<meta property=\"og:image:height\" content=\"1706\" \/>\n\t<meta property=\"og:image:type\" content=\"image\/jpeg\" \/>\n<meta name=\"author\" content=\"Portal Raizes\" \/>\n<meta name=\"twitter:card\" content=\"summary_large_image\" \/>\n<meta name=\"twitter:label1\" content=\"Escrito por\" \/>\n\t<meta name=\"twitter:data1\" content=\"Portal Raizes\" \/>\n\t<meta name=\"twitter:label2\" content=\"Est. tempo de leitura\" \/>\n\t<meta name=\"twitter:data2\" content=\"3 minutos\" \/>\n<script type=\"application\/ld+json\" class=\"yoast-schema-graph\">{\"@context\":\"https:\/\/schema.org\",\"@graph\":[{\"@type\":\"Article\",\"@id\":\"https:\/\/portalraizesnoticias.com.br\/?p=5220#article\",\"isPartOf\":{\"@id\":\"https:\/\/portalraizesnoticias.com.br\/?p=5220\"},\"author\":{\"name\":\"Portal Raizes\",\"@id\":\"https:\/\/portalraizesnoticias.com.br\/#\/schema\/person\/a3ca6b0fc701e78df19756c417d943ae\"},\"headline\":\"Internada na UTI h\u00e1 nove meses, beb\u00ea ganha anivers\u00e1rio de um ano especial no HEC\",\"datePublished\":\"2025-03-10T18:19:44+00:00\",\"dateModified\":\"2025-03-10T18:19:45+00:00\",\"mainEntityOfPage\":{\"@id\":\"https:\/\/portalraizesnoticias.com.br\/?p=5220\"},\"wordCount\":330,\"commentCount\":0,\"publisher\":{\"@id\":\"https:\/\/portalraizesnoticias.com.br\/#organization\"},\"image\":{\"@id\":\"https:\/\/portalraizesnoticias.com.br\/?p=5220#primaryimage\"},\"thumbnailUrl\":\"https:\/\/portalraizesnoticias.com.br\/wp-content\/uploads\/2025\/03\/WhatsApp-Image-2025-03-10-at-14.45.19-1.jpeg\",\"articleSection\":[\"SA\u00daDE\",\"ULTIMAS NOTICIAS\"],\"inLanguage\":\"pt-BR\",\"potentialAction\":[{\"@type\":\"CommentAction\",\"name\":\"Comment\",\"target\":[\"https:\/\/portalraizesnoticias.com.br\/?p=5220#respond\"]}]},{\"@type\":\"WebPage\",\"@id\":\"https:\/\/portalraizesnoticias.com.br\/?p=5220\",\"url\":\"https:\/\/portalraizesnoticias.com.br\/?p=5220\",\"name\":\"Internada na UTI h\u00e1 nove meses, beb\u00ea ganha anivers\u00e1rio de um ano especial no HEC - Portal raizes noticias\",\"isPartOf\":{\"@id\":\"https:\/\/portalraizesnoticias.com.br\/#website\"},\"primaryImageOfPage\":{\"@id\":\"https:\/\/portalraizesnoticias.com.br\/?p=5220#primaryimage\"},\"image\":{\"@id\":\"https:\/\/portalraizesnoticias.com.br\/?p=5220#primaryimage\"},\"thumbnailUrl\":\"https:\/\/portalraizesnoticias.com.br\/wp-content\/uploads\/2025\/03\/WhatsApp-Image-2025-03-10-at-14.45.19-1.jpeg\",\"datePublished\":\"2025-03-10T18:19:44+00:00\",\"dateModified\":\"2025-03-10T18:19:45+00:00\",\"breadcrumb\":{\"@id\":\"https:\/\/portalraizesnoticias.com.br\/?p=5220#breadcrumb\"},\"inLanguage\":\"pt-BR\",\"potentialAction\":[{\"@type\":\"ReadAction\",\"target\":[\"https:\/\/portalraizesnoticias.com.br\/?p=5220\"]}]},{\"@type\":\"ImageObject\",\"inLanguage\":\"pt-BR\",\"@id\":\"https:\/\/portalraizesnoticias.com.br\/?p=5220#primaryimage\",\"url\":\"https:\/\/portalraizesnoticias.com.br\/wp-content\/uploads\/2025\/03\/WhatsApp-Image-2025-03-10-at-14.45.19-1.jpeg\",\"contentUrl\":\"https:\/\/portalraizesnoticias.com.br\/wp-content\/uploads\/2025\/03\/WhatsApp-Image-2025-03-10-at-14.45.19-1.jpeg\",\"width\":2560,\"height\":1706},{\"@type\":\"BreadcrumbList\",\"@id\":\"https:\/\/portalraizesnoticias.com.br\/?p=5220#breadcrumb\",\"itemListElement\":[{\"@type\":\"ListItem\",\"position\":1,\"name\":\"In\u00edcio\",\"item\":\"https:\/\/portalraizesnoticias.com.br\/\"},{\"@type\":\"ListItem\",\"position\":2,\"name\":\"Internada na UTI h\u00e1 nove meses, beb\u00ea ganha anivers\u00e1rio de um ano especial no HEC\"}]},{\"@type\":\"WebSite\",\"@id\":\"https:\/\/portalraizesnoticias.com.br\/#website\",\"url\":\"https:\/\/portalraizesnoticias.com.br\/\",\"name\":\"Portal raizes NOTICIAS\",\"description\":\"site de noticias de concei\u00e7\u00e3o do coit\u00e9 e regi\u00e3o\",\"publisher\":{\"@id\":\"https:\/\/portalraizesnoticias.com.br\/#organization\"},\"alternateName\":\"PORTAL RAIZES COIT\u00c9\",\"potentialAction\":[{\"@type\":\"SearchAction\",\"target\":{\"@type\":\"EntryPoint\",\"urlTemplate\":\"https:\/\/portalraizesnoticias.com.br\/?s={search_term_string}\"},\"query-input\":{\"@type\":\"PropertyValueSpecification\",\"valueRequired\":true,\"valueName\":\"search_term_string\"}}],\"inLanguage\":\"pt-BR\"},{\"@type\":\"Organization\",\"@id\":\"https:\/\/portalraizesnoticias.com.br\/#organization\",\"name\":\"Portal raizes NOTICIAS\",\"url\":\"https:\/\/portalraizesnoticias.com.br\/\",\"logo\":{\"@type\":\"ImageObject\",\"inLanguage\":\"pt-BR\",\"@id\":\"https:\/\/portalraizesnoticias.com.br\/#\/schema\/logo\/image\/\",\"url\":\"https:\/\/portalraizesnoticias.com.br\/wp-content\/uploads\/2024\/09\/cropped-Captura-de-tela-2024-09-08-011108.png\",\"contentUrl\":\"https:\/\/portalraizesnoticias.com.br\/wp-content\/uploads\/2024\/09\/cropped-Captura-de-tela-2024-09-08-011108.png\",\"width\":606,\"height\":173,\"caption\":\"Portal raizes NOTICIAS\"},\"image\":{\"@id\":\"https:\/\/portalraizesnoticias.com.br\/#\/schema\/logo\/image\/\"}},{\"@type\":\"Person\",\"@id\":\"https:\/\/portalraizesnoticias.com.br\/#\/schema\/person\/a3ca6b0fc701e78df19756c417d943ae\",\"name\":\"Portal Raizes\",\"image\":{\"@type\":\"ImageObject\",\"inLanguage\":\"pt-BR\",\"@id\":\"https:\/\/portalraizesnoticias.com.br\/#\/schema\/person\/image\/\",\"url\":\"https:\/\/secure.gravatar.com\/avatar\/ef450d29013a3d3fba867a12a249d7b1?s=96&d=mm&r=g\",\"contentUrl\":\"https:\/\/secure.gravatar.com\/avatar\/ef450d29013a3d3fba867a12a249d7b1?s=96&d=mm&r=g\",\"caption\":\"Portal Raizes\"},\"url\":\"https:\/\/portalraizesnoticias.com.br\/?author=3\"}]}<\/script>\n<!-- \/ Yoast SEO plugin. -->","yoast_head_json":{"title":"Internada na UTI h\u00e1 nove meses, beb\u00ea ganha anivers\u00e1rio de um ano especial no HEC - Portal raizes noticias","robots":{"index":"index","follow":"follow","max-snippet":"max-snippet:-1","max-image-preview":"max-image-preview:large","max-video-preview":"max-video-preview:-1"},"canonical":"https:\/\/portalraizesnoticias.com.br\/?p=5220","og_locale":"pt_BR","og_type":"article","og_title":"Internada na UTI h\u00e1 nove meses, beb\u00ea ganha anivers\u00e1rio de um ano especial no HEC - Portal raizes noticias","og_description":"Na \u00faltima sexta-feira (07), a pequena Lara celebrou seu primeiro ano de vida de forma especial. Internada h\u00e1 nove meses na UTI Pedi\u00e1trica do Hospital Estadual da Crian\u00e7a (HEC), em Feira de Santana, a beb\u00ea enfrenta desafios di\u00e1rios na sua recupera\u00e7\u00e3o e se tornou um exemplo de supera\u00e7\u00e3o para familiares e profissionais de sa\u00fade. Lara chegou ao hospital em estado cr\u00edtico, em julho de 2024, mas, com o suporte da equipe multidisciplinar do HEC, apresentou melhora progressiva. Na primeira semana de mar\u00e7o, ela completou seu primeiro aninho. No entanto, devido \u00e0 traqueostomia e aos aparelhos m\u00e9dicos que auxiliam na ventila\u00e7\u00e3o, a organiza\u00e7\u00e3o de uma festa de anivers\u00e1rio exigia cuidados especiais. Para que n\u00e3o deixassem de celebrar o primeiro ano de vida, os familiares organizaram uma festa no espa\u00e7o do hospital, e os profissionais do HEC se mobilizaram para deslocar a paciente com seguran\u00e7a, garantindo uma celebra\u00e7\u00e3o com direito a bolo, decora\u00e7\u00e3o e muitos parab\u00e9ns. Reunindo pacientes, colaboradores e parentes, Lara comemorou seu primeiro ano de vida de forma especial. A m\u00e3e de Lara, Naiara Lopes, destacou a import\u00e2ncia de celebrar esse momento ao lado das pessoas que t\u00eam sido fundamentais na luta pela sa\u00fade da filha. \u201cN\u00e3o faria sentido comemorar em casa, mas sim aqui, com as pessoas que tanto fizeram por n\u00f3s e acompanharam cada progresso da Lara. Gratid\u00e3o infinita \u00e0 equipe do Hospital Estadual da Crian\u00e7a por todo carinho e dedica\u00e7\u00e3o. Voc\u00eas s\u00e3o parte da nossa fam\u00edlia\u201d, afirmou emocionada. O Hospital Estadual da Crian\u00e7a \u00e9 uma unidade do SUS pertencente \u00e0 Secretaria de Sa\u00fade da Bahia (SESAB) e gerida pela Liga \u00c1lvaro Bahia, com foco no atendimento de m\u00e9dia e alta complexidade, com cuidado humanizado e qualificado para crian\u00e7as e gestantes. Fonte: Ascom\/HEC","og_url":"https:\/\/portalraizesnoticias.com.br\/?p=5220","og_site_name":"Portal raizes noticias","article_published_time":"2025-03-10T18:19:44+00:00","article_modified_time":"2025-03-10T18:19:45+00:00","og_image":[{"width":2560,"height":1706,"url":"https:\/\/portalraizesnoticias.com.br\/wp-content\/uploads\/2025\/03\/WhatsApp-Image-2025-03-10-at-14.45.19-1.jpeg","type":"image\/jpeg"}],"author":"Portal Raizes","twitter_card":"summary_large_image","twitter_misc":{"Escrito por":"Portal Raizes","Est. tempo de leitura":"3 minutos"},"schema":{"@context":"https:\/\/schema.org","@graph":[{"@type":"Article","@id":"https:\/\/portalraizesnoticias.com.br\/?p=5220#article","isPartOf":{"@id":"https:\/\/portalraizesnoticias.com.br\/?p=5220"},"author":{"name":"Portal Raizes","@id":"https:\/\/portalraizesnoticias.com.br\/#\/schema\/person\/a3ca6b0fc701e78df19756c417d943ae"},"headline":"Internada na UTI h\u00e1 nove meses, beb\u00ea ganha anivers\u00e1rio de um ano especial no HEC","datePublished":"2025-03-10T18:19:44+00:00","dateModified":"2025-03-10T18:19:45+00:00","mainEntityOfPage":{"@id":"https:\/\/portalraizesnoticias.com.br\/?p=5220"},"wordCount":330,"commentCount":0,"publisher":{"@id":"https:\/\/portalraizesnoticias.com.br\/#organization"},"image":{"@id":"https:\/\/portalraizesnoticias.com.br\/?p=5220#primaryimage"},"thumbnailUrl":"https:\/\/portalraizesnoticias.com.br\/wp-content\/uploads\/2025\/03\/WhatsApp-Image-2025-03-10-at-14.45.19-1.jpeg","articleSection":["SA\u00daDE","ULTIMAS NOTICIAS"],"inLanguage":"pt-BR","potentialAction":[{"@type":"CommentAction","name":"Comment","target":["https:\/\/portalraizesnoticias.com.br\/?p=5220#respond"]}]},{"@type":"WebPage","@id":"https:\/\/portalraizesnoticias.com.br\/?p=5220","url":"https:\/\/portalraizesnoticias.com.br\/?p=5220","name":"Internada na UTI h\u00e1 nove meses, beb\u00ea ganha anivers\u00e1rio de um ano especial no HEC - Portal raizes noticias","isPartOf":{"@id":"https:\/\/portalraizesnoticias.com.br\/#website"},"primaryImageOfPage":{"@id":"https:\/\/portalraizesnoticias.com.br\/?p=5220#primaryimage"},"image":{"@id":"https:\/\/portalraizesnoticias.com.br\/?p=5220#primaryimage"},"thumbnailUrl":"https:\/\/portalraizesnoticias.com.br\/wp-content\/uploads\/2025\/03\/WhatsApp-Image-2025-03-10-at-14.45.19-1.jpeg","datePublished":"2025-03-10T18:19:44+00:00","dateModified":"2025-03-10T18:19:45+00:00","breadcrumb":{"@id":"https:\/\/portalraizesnoticias.com.br\/?p=5220#breadcrumb"},"inLanguage":"pt-BR","potentialAction":[{"@type":"ReadAction","target":["https:\/\/portalraizesnoticias.com.br\/?p=5220"]}]},{"@type":"ImageObject","inLanguage":"pt-BR","@id":"https:\/\/portalraizesnoticias.com.br\/?p=5220#primaryimage","url":"https:\/\/portalraizesnoticias.com.br\/wp-content\/uploads\/2025\/03\/WhatsApp-Image-2025-03-10-at-14.45.19-1.jpeg","contentUrl":"https:\/\/portalraizesnoticias.com.br\/wp-content\/uploads\/2025\/03\/WhatsApp-Image-2025-03-10-at-14.45.19-1.jpeg","width":2560,"height":1706},{"@type":"BreadcrumbList","@id":"https:\/\/portalraizesnoticias.com.br\/?p=5220#breadcrumb","itemListElement":[{"@type":"ListItem","position":1,"name":"In\u00edcio","item":"https:\/\/portalraizesnoticias.com.br\/"},{"@type":"ListItem","position":2,"name":"Internada na UTI h\u00e1 nove meses, beb\u00ea ganha anivers\u00e1rio de um ano especial no HEC"}]},{"@type":"WebSite","@id":"https:\/\/portalraizesnoticias.com.br\/#website","url":"https:\/\/portalraizesnoticias.com.br\/","name":"Portal raizes NOTICIAS","description":"site de noticias de concei\u00e7\u00e3o do coit\u00e9 e regi\u00e3o","publisher":{"@id":"https:\/\/portalraizesnoticias.com.br\/#organization"},"alternateName":"PORTAL RAIZES COIT\u00c9","potentialAction":[{"@type":"SearchAction","target":{"@type":"EntryPoint","urlTemplate":"https:\/\/portalraizesnoticias.com.br\/?s={search_term_string}"},"query-input":{"@type":"PropertyValueSpecification","valueRequired":true,"valueName":"search_term_string"}}],"inLanguage":"pt-BR"},{"@type":"Organization","@id":"https:\/\/portalraizesnoticias.com.br\/#organization","name":"Portal raizes NOTICIAS","url":"https:\/\/portalraizesnoticias.com.br\/","logo":{"@type":"ImageObject","inLanguage":"pt-BR","@id":"https:\/\/portalraizesnoticias.com.br\/#\/schema\/logo\/image\/","url":"https:\/\/portalraizesnoticias.com.br\/wp-content\/uploads\/2024\/09\/cropped-Captura-de-tela-2024-09-08-011108.png","contentUrl":"https:\/\/portalraizesnoticias.com.br\/wp-content\/uploads\/2024\/09\/cropped-Captura-de-tela-2024-09-08-011108.png","width":606,"height":173,"caption":"Portal raizes NOTICIAS"},"image":{"@id":"https:\/\/portalraizesnoticias.com.br\/#\/schema\/logo\/image\/"}},{"@type":"Person","@id":"https:\/\/portalraizesnoticias.com.br\/#\/schema\/person\/a3ca6b0fc701e78df19756c417d943ae","name":"Portal Raizes","image":{"@type":"ImageObject","inLanguage":"pt-BR","@id":"https:\/\/portalraizesnoticias.com.br\/#\/schema\/person\/image\/","url":"https:\/\/secure.gravatar.com\/avatar\/ef450d29013a3d3fba867a12a249d7b1?s=96&d=mm&r=g","contentUrl":"https:\/\/secure.gravatar.com\/avatar\/ef450d29013a3d3fba867a12a249d7b1?s=96&d=mm&r=g","caption":"Portal Raizes"},"url":"https:\/\/portalraizesnoticias.com.br\/?author=3"}]}},"_links":{"self":[{"href":"https:\/\/portalraizesnoticias.com.br\/index.php?rest_route=\/wp\/v2\/posts\/5220"}],"collection":[{"href":"https:\/\/portalraizesnoticias.com.br\/index.php?rest_route=\/wp\/v2\/posts"}],"about":[{"href":"https:\/\/portalraizesnoticias.com.br\/index.php?rest_route=\/wp\/v2\/types\/post"}],"author":[{"embeddable":true,"href":"https:\/\/portalraizesnoticias.com.br\/index.php?rest_route=\/wp\/v2\/users\/3"}],"replies":[{"embeddable":true,"href":"https:\/\/portalraizesnoticias.com.br\/index.php?rest_route=%2Fwp%2Fv2%2Fcomments&post=5220"}],"version-history":[{"count":1,"href":"https:\/\/portalraizesnoticias.com.br\/index.php?rest_route=\/wp\/v2\/posts\/5220\/revisions"}],"predecessor-version":[{"id":5225,"href":"https:\/\/portalraizesnoticias.com.br\/index.php?rest_route=\/wp\/v2\/posts\/5220\/revisions\/5225"}],"wp:featuredmedia":[{"embeddable":true,"href":"https:\/\/portalraizesnoticias.com.br\/index.php?rest_route=\/wp\/v2\/media\/5222"}],"wp:attachment":[{"href":"https:\/\/portalraizesnoticias.com.br\/index.php?rest_route=%2Fwp%2Fv2%2Fmedia&parent=5220"}],"wp:term":[{"taxonomy":"category","embeddable":true,"href":"https:\/\/portalraizesnoticias.com.br\/index.php?rest_route=%2Fwp%2Fv2%2Fcategories&post=5220"},{"taxonomy":"post_tag","embeddable":true,"href":"https:\/\/portalraizesnoticias.com.br\/index.php?rest_route=%2Fwp%2Fv2%2Ftags&post=5220"}],"curies":[{"name":"wp","href":"https:\/\/api.w.org\/{rel}","templated":true}]}}