{"id":5185,"date":"2025-03-08T12:37:23","date_gmt":"2025-03-08T15:37:23","guid":{"rendered":"https:\/\/portalraizesnoticias.com.br\/?p=5185"},"modified":"2025-03-09T18:05:01","modified_gmt":"2025-03-09T21:05:01","slug":"colisao-frontal-deixa-passageira-ferida-na-ba-120-em-conceicao-do-coite-casal-seguia-para-o-distrito-salgadalia-comemorar-aniversario-de-um-ano-da-filha","status":"publish","type":"post","link":"https:\/\/portalraizesnoticias.com.br\/?p=5185","title":{"rendered":"Colis\u00e3o frontal deixa passageira ferida em Concei\u00e7\u00e3o do Coit\u00e9; casal seguia para o distrito Salgad\u00e1lia para comemorar anivers\u00e1rio de um ano da filha"},"content":{"rendered":"<p>Uma colis\u00e3o frontal entre dois carros deixou uma passageira ferida\u00a0 no cruzamento sentido \u00e0 estrada de Salgad\u00e1lia em Concei\u00e7\u00e3o do Coit\u00e9. O acidente neste s\u00e1bado (08), por volta 12h00.<\/p>\n<p><img fetchpriority=\"high\" decoding=\"async\" class=\"size-medium wp-image-5189 aligncenter\" src=\"https:\/\/portalraizesnoticias.com.br\/wp-content\/uploads\/2025\/03\/IMG-20250308-WA0153-1-300x169.jpg\" alt=\"\" width=\"300\" height=\"169\" srcset=\"https:\/\/portalraizesnoticias.com.br\/wp-content\/uploads\/2025\/03\/IMG-20250308-WA0153-1-300x169.jpg 300w, https:\/\/portalraizesnoticias.com.br\/wp-content\/uploads\/2025\/03\/IMG-20250308-WA0153-1-1024x576.jpg 1024w, https:\/\/portalraizesnoticias.com.br\/wp-content\/uploads\/2025\/03\/IMG-20250308-WA0153-1-768x432.jpg 768w, https:\/\/portalraizesnoticias.com.br\/wp-content\/uploads\/2025\/03\/IMG-20250308-WA0153-1-1536x864.jpg 1536w, https:\/\/portalraizesnoticias.com.br\/wp-content\/uploads\/2025\/03\/IMG-20250308-WA0153-1.jpg 1600w\" sizes=\"(max-width: 300px) 100vw, 300px\" \/><\/p>\n<p>Segundo informa\u00e7\u00f5es apuradas pelo Portal Ra\u00edzes, o condutor de um dos ve\u00edculos n\u00e3o possui carteira Nacional de Habilita\u00e7\u00e3o (CNH) e estava em alta velocidade.<\/p>\n<p><img decoding=\"async\" class=\"size-medium wp-image-5191 aligncenter\" src=\"https:\/\/portalraizesnoticias.com.br\/wp-content\/uploads\/2025\/03\/20250308_121517-300x225.jpg\" alt=\"\" width=\"300\" height=\"225\" srcset=\"https:\/\/portalraizesnoticias.com.br\/wp-content\/uploads\/2025\/03\/20250308_121517-300x225.jpg 300w, https:\/\/portalraizesnoticias.com.br\/wp-content\/uploads\/2025\/03\/20250308_121517-1024x768.jpg 1024w, https:\/\/portalraizesnoticias.com.br\/wp-content\/uploads\/2025\/03\/20250308_121517-768x576.jpg 768w, https:\/\/portalraizesnoticias.com.br\/wp-content\/uploads\/2025\/03\/20250308_121517-1536x1152.jpg 1536w, https:\/\/portalraizesnoticias.com.br\/wp-content\/uploads\/2025\/03\/20250308_121517-2048x1536.jpg 2048w\" sizes=\"(max-width: 300px) 100vw, 300px\" \/><\/p>\n<p>Com o impacto da batida, a passageira do outro ve\u00edculo foi projetada ao para-brisas.<\/p>\n<p>Conforme o coordenador da equipe \u00c1guia Resgate, Gildo Carneiro, a mo\u00e7a foi encontrada consciente, orientada, apresentando escoria\u00e7\u00f5es e lacera\u00e7\u00f5es pela face, al\u00e9m de hematomas.<\/p>\n<p><img decoding=\"async\" class=\"size-medium wp-image-4639 aligncenter\" src=\"https:\/\/portalraizesnoticias.com.br\/wp-content\/uploads\/2025\/02\/IMG-20250205-WA0440-300x300.jpg\" alt=\"\" width=\"300\" height=\"300\" srcset=\"https:\/\/portalraizesnoticias.com.br\/wp-content\/uploads\/2025\/02\/IMG-20250205-WA0440-300x300.jpg 300w, https:\/\/portalraizesnoticias.com.br\/wp-content\/uploads\/2025\/02\/IMG-20250205-WA0440-1024x1024.jpg 1024w, https:\/\/portalraizesnoticias.com.br\/wp-content\/uploads\/2025\/02\/IMG-20250205-WA0440-150x150.jpg 150w, https:\/\/portalraizesnoticias.com.br\/wp-content\/uploads\/2025\/02\/IMG-20250205-WA0440-768x768.jpg 768w, https:\/\/portalraizesnoticias.com.br\/wp-content\/uploads\/2025\/02\/IMG-20250205-WA0440.jpg 1080w\" sizes=\"(max-width: 300px) 100vw, 300px\" \/><\/p>\n<p style=\"text-align: center;\"><strong>PUBLICIDADE<\/strong><\/p>\n<p>A mulher ferida e o esposo estavam a caminho do distrito de Salgad\u00e1lia para comemorar o anivers\u00e1rio da filha de apenas um ano.<\/p>\n<p>A Pol\u00edcia Militar foi acionada e fez o isolamento do local at\u00e9 a chegada da Pol\u00edcia Rodovi\u00e1ria Estadual.<\/p>\n<p>Reda\u00e7\u00e3o Portal Ra\u00edzes<\/p>\n","protected":false},"excerpt":{"rendered":"<p>Uma colis\u00e3o frontal entre dois carros deixou uma passageira ferida\u00a0 no cruzamento sentido \u00e0 estrada de Salgad\u00e1lia em Concei\u00e7\u00e3o do Coit\u00e9. O acidente neste s\u00e1bado (08), por volta 12h00. Segundo informa\u00e7\u00f5es apuradas pelo Portal Ra\u00edzes, o condutor de um dos ve\u00edculos n\u00e3o possui carteira Nacional de Habilita\u00e7\u00e3o (CNH) e estava em alta velocidade. Com o impacto da batida, a passageira do outro ve\u00edculo foi projetada ao para-brisas. Conforme o coordenador da equipe \u00c1guia Resgate, Gildo Carneiro, a mo\u00e7a foi encontrada consciente, orientada, apresentando escoria\u00e7\u00f5es e lacera\u00e7\u00f5es pela face, al\u00e9m de hematomas. PUBLICIDADE A mulher ferida e o esposo estavam a caminho do distrito de Salgad\u00e1lia para comemorar o anivers\u00e1rio da filha de apenas um ano. A Pol\u00edcia Militar foi acionada e fez o isolamento do local at\u00e9 a chegada da Pol\u00edcia Rodovi\u00e1ria Estadual. Reda\u00e7\u00e3o Portal Ra\u00edzes<\/p>\n","protected":false},"author":3,"featured_media":5188,"comment_status":"open","ping_status":"open","sticky":false,"template":"","format":"standard","meta":{"_joinchat":[],"footnotes":""},"categories":[58,55,59],"tags":[75,880],"class_list":["post-5185","post","type-post","status-publish","format-standard","has-post-thumbnail","hentry","category-acidentes","category-destaques","category-ultimas-noticias","tag-coite","tag-colisao-frontal"],"yoast_head":"<!-- This site is optimized with the Yoast SEO plugin v24.4 - https:\/\/yoast.com\/wordpress\/plugins\/seo\/ -->\n<title>Colis\u00e3o frontal deixa passageira ferida em Concei\u00e7\u00e3o do Coit\u00e9; casal seguia para o distrito Salgad\u00e1lia para comemorar anivers\u00e1rio de um ano da filha - Portal raizes noticias<\/title>\n<meta name=\"robots\" content=\"index, follow, max-snippet:-1, max-image-preview:large, max-video-preview:-1\" \/>\n<link rel=\"canonical\" href=\"https:\/\/portalraizesnoticias.com.br\/?p=5185\" \/>\n<meta property=\"og:locale\" content=\"pt_BR\" \/>\n<meta property=\"og:type\" content=\"article\" \/>\n<meta property=\"og:title\" content=\"Colis\u00e3o frontal deixa passageira ferida em Concei\u00e7\u00e3o do Coit\u00e9; casal seguia para o distrito Salgad\u00e1lia para comemorar anivers\u00e1rio de um ano da filha - Portal raizes noticias\" \/>\n<meta property=\"og:description\" content=\"Uma colis\u00e3o frontal entre dois carros deixou uma passageira ferida\u00a0 no cruzamento sentido \u00e0 estrada de Salgad\u00e1lia em Concei\u00e7\u00e3o do Coit\u00e9. O acidente neste s\u00e1bado (08), por volta 12h00. Segundo informa\u00e7\u00f5es apuradas pelo Portal Ra\u00edzes, o condutor de um dos ve\u00edculos n\u00e3o possui carteira Nacional de Habilita\u00e7\u00e3o (CNH) e estava em alta velocidade. Com o impacto da batida, a passageira do outro ve\u00edculo foi projetada ao para-brisas. Conforme o coordenador da equipe \u00c1guia Resgate, Gildo Carneiro, a mo\u00e7a foi encontrada consciente, orientada, apresentando escoria\u00e7\u00f5es e lacera\u00e7\u00f5es pela face, al\u00e9m de hematomas. PUBLICIDADE A mulher ferida e o esposo estavam a caminho do distrito de Salgad\u00e1lia para comemorar o anivers\u00e1rio da filha de apenas um ano. A Pol\u00edcia Militar foi acionada e fez o isolamento do local at\u00e9 a chegada da Pol\u00edcia Rodovi\u00e1ria Estadual. Reda\u00e7\u00e3o Portal Ra\u00edzes\" \/>\n<meta property=\"og:url\" content=\"https:\/\/portalraizesnoticias.com.br\/?p=5185\" \/>\n<meta property=\"og:site_name\" content=\"Portal raizes noticias\" \/>\n<meta property=\"article:published_time\" content=\"2025-03-08T15:37:23+00:00\" \/>\n<meta property=\"article:modified_time\" content=\"2025-03-09T21:05:01+00:00\" \/>\n<meta property=\"og:image\" content=\"https:\/\/portalraizesnoticias.com.br\/wp-content\/uploads\/2025\/03\/IMG-20250308-WA0159.jpg\" \/>\n\t<meta property=\"og:image:width\" content=\"1600\" \/>\n\t<meta property=\"og:image:height\" content=\"1200\" \/>\n\t<meta property=\"og:image:type\" content=\"image\/jpeg\" \/>\n<meta name=\"author\" content=\"Portal Raizes\" \/>\n<meta name=\"twitter:card\" content=\"summary_large_image\" \/>\n<meta name=\"twitter:label1\" content=\"Escrito por\" \/>\n\t<meta name=\"twitter:data1\" content=\"Portal Raizes\" \/>\n\t<meta name=\"twitter:label2\" content=\"Est. tempo de leitura\" \/>\n\t<meta name=\"twitter:data2\" content=\"2 minutos\" \/>\n<script type=\"application\/ld+json\" class=\"yoast-schema-graph\">{\"@context\":\"https:\/\/schema.org\",\"@graph\":[{\"@type\":\"Article\",\"@id\":\"https:\/\/portalraizesnoticias.com.br\/?p=5185#article\",\"isPartOf\":{\"@id\":\"https:\/\/portalraizesnoticias.com.br\/?p=5185\"},\"author\":{\"name\":\"Portal Raizes\",\"@id\":\"https:\/\/portalraizesnoticias.com.br\/#\/schema\/person\/a3ca6b0fc701e78df19756c417d943ae\"},\"headline\":\"Colis\u00e3o frontal deixa passageira ferida em Concei\u00e7\u00e3o do Coit\u00e9; casal seguia para o distrito Salgad\u00e1lia para comemorar anivers\u00e1rio de um ano da filha\",\"datePublished\":\"2025-03-08T15:37:23+00:00\",\"dateModified\":\"2025-03-09T21:05:01+00:00\",\"mainEntityOfPage\":{\"@id\":\"https:\/\/portalraizesnoticias.com.br\/?p=5185\"},\"wordCount\":182,\"commentCount\":0,\"publisher\":{\"@id\":\"https:\/\/portalraizesnoticias.com.br\/#organization\"},\"image\":{\"@id\":\"https:\/\/portalraizesnoticias.com.br\/?p=5185#primaryimage\"},\"thumbnailUrl\":\"https:\/\/portalraizesnoticias.com.br\/wp-content\/uploads\/2025\/03\/IMG-20250308-WA0159.jpg\",\"keywords\":[\"Coit\u00e9\",\"Colis\u00e3o frontal\"],\"articleSection\":[\"ACIDENTES\",\"DESTAQUES\",\"ULTIMAS NOTICIAS\"],\"inLanguage\":\"pt-BR\",\"potentialAction\":[{\"@type\":\"CommentAction\",\"name\":\"Comment\",\"target\":[\"https:\/\/portalraizesnoticias.com.br\/?p=5185#respond\"]}]},{\"@type\":\"WebPage\",\"@id\":\"https:\/\/portalraizesnoticias.com.br\/?p=5185\",\"url\":\"https:\/\/portalraizesnoticias.com.br\/?p=5185\",\"name\":\"Colis\u00e3o frontal deixa passageira ferida em Concei\u00e7\u00e3o do Coit\u00e9; casal seguia para o distrito Salgad\u00e1lia para comemorar anivers\u00e1rio de um ano da filha - Portal raizes noticias\",\"isPartOf\":{\"@id\":\"https:\/\/portalraizesnoticias.com.br\/#website\"},\"primaryImageOfPage\":{\"@id\":\"https:\/\/portalraizesnoticias.com.br\/?p=5185#primaryimage\"},\"image\":{\"@id\":\"https:\/\/portalraizesnoticias.com.br\/?p=5185#primaryimage\"},\"thumbnailUrl\":\"https:\/\/portalraizesnoticias.com.br\/wp-content\/uploads\/2025\/03\/IMG-20250308-WA0159.jpg\",\"datePublished\":\"2025-03-08T15:37:23+00:00\",\"dateModified\":\"2025-03-09T21:05:01+00:00\",\"breadcrumb\":{\"@id\":\"https:\/\/portalraizesnoticias.com.br\/?p=5185#breadcrumb\"},\"inLanguage\":\"pt-BR\",\"potentialAction\":[{\"@type\":\"ReadAction\",\"target\":[\"https:\/\/portalraizesnoticias.com.br\/?p=5185\"]}]},{\"@type\":\"ImageObject\",\"inLanguage\":\"pt-BR\",\"@id\":\"https:\/\/portalraizesnoticias.com.br\/?p=5185#primaryimage\",\"url\":\"https:\/\/portalraizesnoticias.com.br\/wp-content\/uploads\/2025\/03\/IMG-20250308-WA0159.jpg\",\"contentUrl\":\"https:\/\/portalraizesnoticias.com.br\/wp-content\/uploads\/2025\/03\/IMG-20250308-WA0159.jpg\",\"width\":1600,\"height\":1200},{\"@type\":\"BreadcrumbList\",\"@id\":\"https:\/\/portalraizesnoticias.com.br\/?p=5185#breadcrumb\",\"itemListElement\":[{\"@type\":\"ListItem\",\"position\":1,\"name\":\"In\u00edcio\",\"item\":\"https:\/\/portalraizesnoticias.com.br\/\"},{\"@type\":\"ListItem\",\"position\":2,\"name\":\"Colis\u00e3o frontal deixa passageira ferida em Concei\u00e7\u00e3o do Coit\u00e9; casal seguia para o distrito Salgad\u00e1lia para comemorar anivers\u00e1rio de um ano da filha\"}]},{\"@type\":\"WebSite\",\"@id\":\"https:\/\/portalraizesnoticias.com.br\/#website\",\"url\":\"https:\/\/portalraizesnoticias.com.br\/\",\"name\":\"Portal raizes NOTICIAS\",\"description\":\"site de noticias de concei\u00e7\u00e3o do coit\u00e9 e regi\u00e3o\",\"publisher\":{\"@id\":\"https:\/\/portalraizesnoticias.com.br\/#organization\"},\"alternateName\":\"PORTAL RAIZES COIT\u00c9\",\"potentialAction\":[{\"@type\":\"SearchAction\",\"target\":{\"@type\":\"EntryPoint\",\"urlTemplate\":\"https:\/\/portalraizesnoticias.com.br\/?s={search_term_string}\"},\"query-input\":{\"@type\":\"PropertyValueSpecification\",\"valueRequired\":true,\"valueName\":\"search_term_string\"}}],\"inLanguage\":\"pt-BR\"},{\"@type\":\"Organization\",\"@id\":\"https:\/\/portalraizesnoticias.com.br\/#organization\",\"name\":\"Portal raizes NOTICIAS\",\"url\":\"https:\/\/portalraizesnoticias.com.br\/\",\"logo\":{\"@type\":\"ImageObject\",\"inLanguage\":\"pt-BR\",\"@id\":\"https:\/\/portalraizesnoticias.com.br\/#\/schema\/logo\/image\/\",\"url\":\"https:\/\/portalraizesnoticias.com.br\/wp-content\/uploads\/2024\/09\/cropped-Captura-de-tela-2024-09-08-011108.png\",\"contentUrl\":\"https:\/\/portalraizesnoticias.com.br\/wp-content\/uploads\/2024\/09\/cropped-Captura-de-tela-2024-09-08-011108.png\",\"width\":606,\"height\":173,\"caption\":\"Portal raizes NOTICIAS\"},\"image\":{\"@id\":\"https:\/\/portalraizesnoticias.com.br\/#\/schema\/logo\/image\/\"}},{\"@type\":\"Person\",\"@id\":\"https:\/\/portalraizesnoticias.com.br\/#\/schema\/person\/a3ca6b0fc701e78df19756c417d943ae\",\"name\":\"Portal Raizes\",\"image\":{\"@type\":\"ImageObject\",\"inLanguage\":\"pt-BR\",\"@id\":\"https:\/\/portalraizesnoticias.com.br\/#\/schema\/person\/image\/\",\"url\":\"https:\/\/secure.gravatar.com\/avatar\/ef450d29013a3d3fba867a12a249d7b1?s=96&d=mm&r=g\",\"contentUrl\":\"https:\/\/secure.gravatar.com\/avatar\/ef450d29013a3d3fba867a12a249d7b1?s=96&d=mm&r=g\",\"caption\":\"Portal Raizes\"},\"url\":\"https:\/\/portalraizesnoticias.com.br\/?author=3\"}]}<\/script>\n<!-- \/ Yoast SEO plugin. -->","yoast_head_json":{"title":"Colis\u00e3o frontal deixa passageira ferida em Concei\u00e7\u00e3o do Coit\u00e9; casal seguia para o distrito Salgad\u00e1lia para comemorar anivers\u00e1rio de um ano da filha - Portal raizes noticias","robots":{"index":"index","follow":"follow","max-snippet":"max-snippet:-1","max-image-preview":"max-image-preview:large","max-video-preview":"max-video-preview:-1"},"canonical":"https:\/\/portalraizesnoticias.com.br\/?p=5185","og_locale":"pt_BR","og_type":"article","og_title":"Colis\u00e3o frontal deixa passageira ferida em Concei\u00e7\u00e3o do Coit\u00e9; casal seguia para o distrito Salgad\u00e1lia para comemorar anivers\u00e1rio de um ano da filha - Portal raizes noticias","og_description":"Uma colis\u00e3o frontal entre dois carros deixou uma passageira ferida\u00a0 no cruzamento sentido \u00e0 estrada de Salgad\u00e1lia em Concei\u00e7\u00e3o do Coit\u00e9. O acidente neste s\u00e1bado (08), por volta 12h00. Segundo informa\u00e7\u00f5es apuradas pelo Portal Ra\u00edzes, o condutor de um dos ve\u00edculos n\u00e3o possui carteira Nacional de Habilita\u00e7\u00e3o (CNH) e estava em alta velocidade. Com o impacto da batida, a passageira do outro ve\u00edculo foi projetada ao para-brisas. Conforme o coordenador da equipe \u00c1guia Resgate, Gildo Carneiro, a mo\u00e7a foi encontrada consciente, orientada, apresentando escoria\u00e7\u00f5es e lacera\u00e7\u00f5es pela face, al\u00e9m de hematomas. PUBLICIDADE A mulher ferida e o esposo estavam a caminho do distrito de Salgad\u00e1lia para comemorar o anivers\u00e1rio da filha de apenas um ano. A Pol\u00edcia Militar foi acionada e fez o isolamento do local at\u00e9 a chegada da Pol\u00edcia Rodovi\u00e1ria Estadual. Reda\u00e7\u00e3o Portal Ra\u00edzes","og_url":"https:\/\/portalraizesnoticias.com.br\/?p=5185","og_site_name":"Portal raizes noticias","article_published_time":"2025-03-08T15:37:23+00:00","article_modified_time":"2025-03-09T21:05:01+00:00","og_image":[{"width":1600,"height":1200,"url":"https:\/\/portalraizesnoticias.com.br\/wp-content\/uploads\/2025\/03\/IMG-20250308-WA0159.jpg","type":"image\/jpeg"}],"author":"Portal Raizes","twitter_card":"summary_large_image","twitter_misc":{"Escrito por":"Portal Raizes","Est. tempo de leitura":"2 minutos"},"schema":{"@context":"https:\/\/schema.org","@graph":[{"@type":"Article","@id":"https:\/\/portalraizesnoticias.com.br\/?p=5185#article","isPartOf":{"@id":"https:\/\/portalraizesnoticias.com.br\/?p=5185"},"author":{"name":"Portal Raizes","@id":"https:\/\/portalraizesnoticias.com.br\/#\/schema\/person\/a3ca6b0fc701e78df19756c417d943ae"},"headline":"Colis\u00e3o frontal deixa passageira ferida em Concei\u00e7\u00e3o do Coit\u00e9; casal seguia para o distrito Salgad\u00e1lia para comemorar anivers\u00e1rio de um ano da filha","datePublished":"2025-03-08T15:37:23+00:00","dateModified":"2025-03-09T21:05:01+00:00","mainEntityOfPage":{"@id":"https:\/\/portalraizesnoticias.com.br\/?p=5185"},"wordCount":182,"commentCount":0,"publisher":{"@id":"https:\/\/portalraizesnoticias.com.br\/#organization"},"image":{"@id":"https:\/\/portalraizesnoticias.com.br\/?p=5185#primaryimage"},"thumbnailUrl":"https:\/\/portalraizesnoticias.com.br\/wp-content\/uploads\/2025\/03\/IMG-20250308-WA0159.jpg","keywords":["Coit\u00e9","Colis\u00e3o frontal"],"articleSection":["ACIDENTES","DESTAQUES","ULTIMAS NOTICIAS"],"inLanguage":"pt-BR","potentialAction":[{"@type":"CommentAction","name":"Comment","target":["https:\/\/portalraizesnoticias.com.br\/?p=5185#respond"]}]},{"@type":"WebPage","@id":"https:\/\/portalraizesnoticias.com.br\/?p=5185","url":"https:\/\/portalraizesnoticias.com.br\/?p=5185","name":"Colis\u00e3o frontal deixa passageira ferida em Concei\u00e7\u00e3o do Coit\u00e9; casal seguia para o distrito Salgad\u00e1lia para comemorar anivers\u00e1rio de um ano da filha - Portal raizes noticias","isPartOf":{"@id":"https:\/\/portalraizesnoticias.com.br\/#website"},"primaryImageOfPage":{"@id":"https:\/\/portalraizesnoticias.com.br\/?p=5185#primaryimage"},"image":{"@id":"https:\/\/portalraizesnoticias.com.br\/?p=5185#primaryimage"},"thumbnailUrl":"https:\/\/portalraizesnoticias.com.br\/wp-content\/uploads\/2025\/03\/IMG-20250308-WA0159.jpg","datePublished":"2025-03-08T15:37:23+00:00","dateModified":"2025-03-09T21:05:01+00:00","breadcrumb":{"@id":"https:\/\/portalraizesnoticias.com.br\/?p=5185#breadcrumb"},"inLanguage":"pt-BR","potentialAction":[{"@type":"ReadAction","target":["https:\/\/portalraizesnoticias.com.br\/?p=5185"]}]},{"@type":"ImageObject","inLanguage":"pt-BR","@id":"https:\/\/portalraizesnoticias.com.br\/?p=5185#primaryimage","url":"https:\/\/portalraizesnoticias.com.br\/wp-content\/uploads\/2025\/03\/IMG-20250308-WA0159.jpg","contentUrl":"https:\/\/portalraizesnoticias.com.br\/wp-content\/uploads\/2025\/03\/IMG-20250308-WA0159.jpg","width":1600,"height":1200},{"@type":"BreadcrumbList","@id":"https:\/\/portalraizesnoticias.com.br\/?p=5185#breadcrumb","itemListElement":[{"@type":"ListItem","position":1,"name":"In\u00edcio","item":"https:\/\/portalraizesnoticias.com.br\/"},{"@type":"ListItem","position":2,"name":"Colis\u00e3o frontal deixa passageira ferida em Concei\u00e7\u00e3o do Coit\u00e9; casal seguia para o distrito Salgad\u00e1lia para comemorar anivers\u00e1rio de um ano da filha"}]},{"@type":"WebSite","@id":"https:\/\/portalraizesnoticias.com.br\/#website","url":"https:\/\/portalraizesnoticias.com.br\/","name":"Portal raizes NOTICIAS","description":"site de noticias de concei\u00e7\u00e3o do coit\u00e9 e regi\u00e3o","publisher":{"@id":"https:\/\/portalraizesnoticias.com.br\/#organization"},"alternateName":"PORTAL RAIZES COIT\u00c9","potentialAction":[{"@type":"SearchAction","target":{"@type":"EntryPoint","urlTemplate":"https:\/\/portalraizesnoticias.com.br\/?s={search_term_string}"},"query-input":{"@type":"PropertyValueSpecification","valueRequired":true,"valueName":"search_term_string"}}],"inLanguage":"pt-BR"},{"@type":"Organization","@id":"https:\/\/portalraizesnoticias.com.br\/#organization","name":"Portal raizes NOTICIAS","url":"https:\/\/portalraizesnoticias.com.br\/","logo":{"@type":"ImageObject","inLanguage":"pt-BR","@id":"https:\/\/portalraizesnoticias.com.br\/#\/schema\/logo\/image\/","url":"https:\/\/portalraizesnoticias.com.br\/wp-content\/uploads\/2024\/09\/cropped-Captura-de-tela-2024-09-08-011108.png","contentUrl":"https:\/\/portalraizesnoticias.com.br\/wp-content\/uploads\/2024\/09\/cropped-Captura-de-tela-2024-09-08-011108.png","width":606,"height":173,"caption":"Portal raizes NOTICIAS"},"image":{"@id":"https:\/\/portalraizesnoticias.com.br\/#\/schema\/logo\/image\/"}},{"@type":"Person","@id":"https:\/\/portalraizesnoticias.com.br\/#\/schema\/person\/a3ca6b0fc701e78df19756c417d943ae","name":"Portal Raizes","image":{"@type":"ImageObject","inLanguage":"pt-BR","@id":"https:\/\/portalraizesnoticias.com.br\/#\/schema\/person\/image\/","url":"https:\/\/secure.gravatar.com\/avatar\/ef450d29013a3d3fba867a12a249d7b1?s=96&d=mm&r=g","contentUrl":"https:\/\/secure.gravatar.com\/avatar\/ef450d29013a3d3fba867a12a249d7b1?s=96&d=mm&r=g","caption":"Portal Raizes"},"url":"https:\/\/portalraizesnoticias.com.br\/?author=3"}]}},"_links":{"self":[{"href":"https:\/\/portalraizesnoticias.com.br\/index.php?rest_route=\/wp\/v2\/posts\/5185"}],"collection":[{"href":"https:\/\/portalraizesnoticias.com.br\/index.php?rest_route=\/wp\/v2\/posts"}],"about":[{"href":"https:\/\/portalraizesnoticias.com.br\/index.php?rest_route=\/wp\/v2\/types\/post"}],"author":[{"embeddable":true,"href":"https:\/\/portalraizesnoticias.com.br\/index.php?rest_route=\/wp\/v2\/users\/3"}],"replies":[{"embeddable":true,"href":"https:\/\/portalraizesnoticias.com.br\/index.php?rest_route=%2Fwp%2Fv2%2Fcomments&post=5185"}],"version-history":[{"count":3,"href":"https:\/\/portalraizesnoticias.com.br\/index.php?rest_route=\/wp\/v2\/posts\/5185\/revisions"}],"predecessor-version":[{"id":5198,"href":"https:\/\/portalraizesnoticias.com.br\/index.php?rest_route=\/wp\/v2\/posts\/5185\/revisions\/5198"}],"wp:featuredmedia":[{"embeddable":true,"href":"https:\/\/portalraizesnoticias.com.br\/index.php?rest_route=\/wp\/v2\/media\/5188"}],"wp:attachment":[{"href":"https:\/\/portalraizesnoticias.com.br\/index.php?rest_route=%2Fwp%2Fv2%2Fmedia&parent=5185"}],"wp:term":[{"taxonomy":"category","embeddable":true,"href":"https:\/\/portalraizesnoticias.com.br\/index.php?rest_route=%2Fwp%2Fv2%2Fcategories&post=5185"},{"taxonomy":"post_tag","embeddable":true,"href":"https:\/\/portalraizesnoticias.com.br\/index.php?rest_route=%2Fwp%2Fv2%2Ftags&post=5185"}],"curies":[{"name":"wp","href":"https:\/\/api.w.org\/{rel}","templated":true}]}}