{"id":5133,"date":"2025-03-03T11:28:52","date_gmt":"2025-03-03T14:28:52","guid":{"rendered":"https:\/\/portalraizesnoticias.com.br\/?p=5133"},"modified":"2025-03-03T16:30:01","modified_gmt":"2025-03-03T19:30:01","slug":"coite-sisaleiro-pocos-artesianos-e-professor-de-geografia-desvendam-lenda-que-debaixo-da-praca-da-matriz-passa-o-braco-do-mar-entenda","status":"publish","type":"post","link":"https:\/\/portalraizesnoticias.com.br\/?p=5133","title":{"rendered":"Coit\u00e9: Sisaleiro Po\u00e7os artesianos e professor de geografia desvendam lenda que &#8216;debaixo da pra\u00e7a da Matriz passa o bra\u00e7o do mar&#8217;.  Entenda!"},"content":{"rendered":"<p>Uma lenda secular se tornou assunto por quem passava pelo centro de Concei\u00e7\u00e3o do Coit\u00e9 na \u00faltima sexta-feira (28),\u00a0 enquanto a equipe Sisaleiro Po\u00e7os Artesianos perfurava um po\u00e7o na pra\u00e7a da Matriz.<\/p>\n<div style=\"width: 848px;\" class=\"wp-video\"><!--[if lt IE 9]><script>document.createElement('video');<\/script><![endif]-->\n<video class=\"wp-video-shortcode\" id=\"video-5133-1\" width=\"848\" height=\"480\" preload=\"metadata\" controls=\"controls\"><source type=\"video\/mp4\" src=\"https:\/\/portalraizesnoticias.com.br\/wp-content\/uploads\/2025\/03\/VID-20250303-WA0045.mp4?_=1\" \/><a href=\"https:\/\/portalraizesnoticias.com.br\/wp-content\/uploads\/2025\/03\/VID-20250303-WA0045.mp4\">https:\/\/portalraizesnoticias.com.br\/wp-content\/uploads\/2025\/03\/VID-20250303-WA0045.mp4<\/a><\/video><\/div>\n<p>Existe um relato que no local onde foi constru\u00edda a pra\u00e7a da Matriz existia uma &#8216;veia&#8217; de \u00e1gua que supostamente corria as \u00e1guas, conhecida por \u201cbra\u00e7o do mar&#8221;.<\/p>\n<div style=\"width: 480px;\" class=\"wp-video\"><video class=\"wp-video-shortcode\" id=\"video-5133-2\" width=\"480\" height=\"848\" preload=\"metadata\" controls=\"controls\"><source type=\"video\/mp4\" src=\"https:\/\/portalraizesnoticias.com.br\/wp-content\/uploads\/2025\/03\/VID-20250303-WA0365.mp4?_=2\" \/><a href=\"https:\/\/portalraizesnoticias.com.br\/wp-content\/uploads\/2025\/03\/VID-20250303-WA0365.mp4\">https:\/\/portalraizesnoticias.com.br\/wp-content\/uploads\/2025\/03\/VID-20250303-WA0365.mp4<\/a><\/video><\/div>\n<p>O portal Ra\u00edzes ouviu v\u00e1rios idosos que informaram que a hist\u00f3ria foi contada a eles tamb\u00e9m na inf\u00e2ncia.<\/p>\n<div style=\"width: 480px;\" class=\"wp-video\"><video class=\"wp-video-shortcode\" id=\"video-5133-3\" width=\"480\" height=\"848\" preload=\"metadata\" controls=\"controls\"><source type=\"video\/mp4\" src=\"https:\/\/portalraizesnoticias.com.br\/wp-content\/uploads\/2025\/03\/VID-20250303-WA0043.mp4?_=3\" \/><a href=\"https:\/\/portalraizesnoticias.com.br\/wp-content\/uploads\/2025\/03\/VID-20250303-WA0043.mp4\">https:\/\/portalraizesnoticias.com.br\/wp-content\/uploads\/2025\/03\/VID-20250303-WA0043.mp4<\/a><\/video><\/div>\n<p>Bra\u00e7o de mar \u00e9 uma forma\u00e7\u00e3o geogr\u00e1fica que consiste em uma extens\u00e3o de \u00e1gua salgada que se estende entre duas massas de terra. Tamb\u00e9m \u00e9 conhecido como estreito, canal ou golfo. Afinal, o Sisaleiro Po\u00e7os Artesianos conseguiu desvendar o mist\u00e9rio de gera\u00e7\u00f5es passadas?<\/p>\n<p>Pois bem! Na pr\u00e1tica, parece que a hist\u00f3ria n\u00e3o \u00e9 bem a relatada, pois os profissionais do Sisaleiro Po\u00e7os Artesianos fizeram um estudo geof\u00edsico, sendo identificada \u00e1gua doce, diferente da que os coiteenses foram acostumados a ouvir.<\/p>\n<div style=\"width: 480px;\" class=\"wp-video\"><video class=\"wp-video-shortcode\" id=\"video-5133-4\" width=\"480\" height=\"848\" preload=\"metadata\" controls=\"controls\"><source type=\"video\/mp4\" src=\"https:\/\/portalraizesnoticias.com.br\/wp-content\/uploads\/2025\/03\/VID-20250303-WA0042.mp4?_=4\" \/><a href=\"https:\/\/portalraizesnoticias.com.br\/wp-content\/uploads\/2025\/03\/VID-20250303-WA0042.mp4\">https:\/\/portalraizesnoticias.com.br\/wp-content\/uploads\/2025\/03\/VID-20250303-WA0042.mp4<\/a><\/video><\/div>\n<p>De acordo com informa\u00e7\u00f5es obtidas pelo Ra\u00edzes Not\u00edcias, o po\u00e7o artesiano possui 120 metros de profundidade e a \u00e1gua \u00e9 de excelente qualidade.<\/p>\n<p>&#8220;Foi necess\u00e1rio em m\u00e9dia 6 horas para conclus\u00e3o do po\u00e7o&#8221;, disse um profissional do Sisaleiro Po\u00e7os Artesianos.<\/p>\n<p>O Portal Ra\u00edzes buscou informa\u00e7\u00f5es com o professor de Geografia Victor Ramos, que tamb\u00e9m \u00e9 natural de Coit\u00e9 e ouvia desde crian\u00e7a o fato do &#8220;bra\u00e7o do mar&#8221; passar por debaixo da pra\u00e7a. Ele afirma:<\/p>\n<p>&#8220;N\u00e3o existe possibilidade de existir um canal subterr\u00e2neo do mar at\u00e9 aqui no interior do semi\u00e1rido, interior da Bahia. Foi interessante essa perfura\u00e7\u00e3o desse po\u00e7o porque foi uma descoberta assim refor\u00e7ando que a \u00e1gua subterr\u00e2nea dessa regi\u00e3o da cidade tem origem, da chuva que acumulou e se manteve doce porque n\u00e3o teve contato com rochas salinas que trocam sais minerais&#8221;, explicou Victor.<\/p>\n<p style=\"text-align: center;\"><img fetchpriority=\"high\" decoding=\"async\" class=\"alignnone size-medium wp-image-5138\" src=\"https:\/\/portalraizesnoticias.com.br\/wp-content\/uploads\/2025\/03\/IMG-20250303-WA0036-200x300.jpg\" alt=\"\" width=\"200\" height=\"300\" srcset=\"https:\/\/portalraizesnoticias.com.br\/wp-content\/uploads\/2025\/03\/IMG-20250303-WA0036-200x300.jpg 200w, https:\/\/portalraizesnoticias.com.br\/wp-content\/uploads\/2025\/03\/IMG-20250303-WA0036-684x1024.jpg 684w, https:\/\/portalraizesnoticias.com.br\/wp-content\/uploads\/2025\/03\/IMG-20250303-WA0036-768x1151.jpg 768w, https:\/\/portalraizesnoticias.com.br\/wp-content\/uploads\/2025\/03\/IMG-20250303-WA0036-1025x1536.jpg 1025w, https:\/\/portalraizesnoticias.com.br\/wp-content\/uploads\/2025\/03\/IMG-20250303-WA0036.jpg 1068w\" sizes=\"(max-width: 200px) 100vw, 200px\" \/><\/p>\n<p style=\"text-align: center;\"><em>Victor Ramos \u00e9 formado\u00a0 em Geografia pela Universidade Estadual de Feira de Santana (UEFS)<\/em><\/p>\n<p>O professor de Geografia relatou ainda que, apesar de os profissionais do Sisaleiro terem encontrado \u00e1gua de qualidade ao lado da Igreja, n\u00e3o ser\u00e1 regra que iria encontrar nas redondezas, pois poderia estar salobra.<\/p>\n<p>&#8221; Devido \u00e0 domin\u00e2ncia dessas rochas, sendo de predomin\u00e2ncia do escudo cristalino, os aqu\u00edferos s\u00e3o classificados como fissurais, ou fissural. Como \u00e9 isso? A \u00e1gua vai acumular e vai infiltrando a partir dessas fissuras nessas rochas, acumulando no subsolo e por muitas vezes fica salgada. Talvez seja por isso o mito de ser o bra\u00e7o do mar&#8221;, complementa.<\/p>\n<p><img decoding=\"async\" class=\"size-medium wp-image-5139 aligncenter\" src=\"https:\/\/portalraizesnoticias.com.br\/wp-content\/uploads\/2025\/03\/IMG-20250303-WA0039-300x169.jpg\" alt=\"\" width=\"300\" height=\"169\" srcset=\"https:\/\/portalraizesnoticias.com.br\/wp-content\/uploads\/2025\/03\/IMG-20250303-WA0039-300x169.jpg 300w, https:\/\/portalraizesnoticias.com.br\/wp-content\/uploads\/2025\/03\/IMG-20250303-WA0039-1024x576.jpg 1024w, https:\/\/portalraizesnoticias.com.br\/wp-content\/uploads\/2025\/03\/IMG-20250303-WA0039-768x432.jpg 768w, https:\/\/portalraizesnoticias.com.br\/wp-content\/uploads\/2025\/03\/IMG-20250303-WA0039-1536x864.jpg 1536w, https:\/\/portalraizesnoticias.com.br\/wp-content\/uploads\/2025\/03\/IMG-20250303-WA0039.jpg 1600w\" sizes=\"(max-width: 300px) 100vw, 300px\" \/><\/p>\n<p>No total, a vaz\u00e3o no po\u00e7o artesiano perfurado na Pra\u00e7a da Matriz \u00e9 de 4.000 litros por hora, ou seja, aproximadamente 90 mil litros por dia servir\u00e3o para diversas situa\u00e7\u00f5es em prol da popula\u00e7\u00e3o.<\/p>\n<p>Reda\u00e7\u00e3o Portal Ra\u00edzes<\/p>\n<p>Fotos e v\u00eddeos: Sisaleiro Po\u00e7os Artesianos<\/p>\n","protected":false},"excerpt":{"rendered":"<p>Uma lenda secular se tornou assunto por quem passava pelo centro de Concei\u00e7\u00e3o do Coit\u00e9 na \u00faltima sexta-feira (28),\u00a0 enquanto a equipe Sisaleiro Po\u00e7os Artesianos perfurava um po\u00e7o na pra\u00e7a da Matriz. Existe um relato que no local onde foi constru\u00edda a pra\u00e7a da Matriz existia uma &#8216;veia&#8217; de \u00e1gua que supostamente corria as \u00e1guas, conhecida por \u201cbra\u00e7o do mar&#8221;. O portal Ra\u00edzes ouviu v\u00e1rios idosos que informaram que a hist\u00f3ria foi contada a eles tamb\u00e9m na inf\u00e2ncia. Bra\u00e7o de mar \u00e9 uma forma\u00e7\u00e3o geogr\u00e1fica que consiste em uma extens\u00e3o de \u00e1gua salgada que se estende entre duas massas de terra. Tamb\u00e9m \u00e9 conhecido como estreito, canal ou golfo. Afinal, o Sisaleiro Po\u00e7os Artesianos conseguiu desvendar o mist\u00e9rio de gera\u00e7\u00f5es passadas? Pois bem! Na pr\u00e1tica, parece que a hist\u00f3ria n\u00e3o \u00e9 bem a relatada, pois os profissionais do Sisaleiro Po\u00e7os Artesianos fizeram um estudo geof\u00edsico, sendo identificada \u00e1gua doce, diferente da que os coiteenses foram acostumados a ouvir. De acordo com informa\u00e7\u00f5es obtidas pelo Ra\u00edzes Not\u00edcias, o po\u00e7o artesiano possui 120 metros de profundidade e a \u00e1gua \u00e9 de excelente qualidade. &#8220;Foi necess\u00e1rio em m\u00e9dia 6 horas para conclus\u00e3o do po\u00e7o&#8221;, disse um profissional do Sisaleiro Po\u00e7os Artesianos. O Portal Ra\u00edzes buscou informa\u00e7\u00f5es com o professor de Geografia Victor Ramos, que tamb\u00e9m \u00e9 natural de Coit\u00e9 e ouvia desde crian\u00e7a o fato do &#8220;bra\u00e7o do mar&#8221; passar por debaixo da pra\u00e7a. Ele afirma: &#8220;N\u00e3o existe possibilidade de existir um canal subterr\u00e2neo do mar at\u00e9 aqui no interior do semi\u00e1rido, interior da Bahia. Foi interessante essa perfura\u00e7\u00e3o desse po\u00e7o porque foi uma descoberta assim refor\u00e7ando que a \u00e1gua subterr\u00e2nea dessa regi\u00e3o da cidade tem origem, da chuva que acumulou e se manteve doce porque n\u00e3o teve contato com rochas salinas que trocam sais minerais&#8221;, explicou Victor. Victor Ramos \u00e9 formado\u00a0 em Geografia pela Universidade Estadual de Feira de Santana (UEFS) O professor de Geografia relatou ainda que, apesar de os profissionais do Sisaleiro terem encontrado \u00e1gua de qualidade ao lado da Igreja, n\u00e3o ser\u00e1 regra que iria encontrar nas redondezas, pois poderia estar salobra. &#8221; Devido \u00e0 domin\u00e2ncia dessas rochas, sendo de predomin\u00e2ncia do escudo cristalino, os aqu\u00edferos s\u00e3o classificados como fissurais, ou fissural. Como \u00e9 isso? A \u00e1gua vai acumular e vai infiltrando a partir dessas fissuras nessas rochas, acumulando no subsolo e por muitas vezes fica salgada. Talvez seja por isso o mito de ser o bra\u00e7o do mar&#8221;, complementa. No total, a vaz\u00e3o no po\u00e7o artesiano perfurado na Pra\u00e7a da Matriz \u00e9 de 4.000 litros por hora, ou seja, aproximadamente 90 mil litros por dia servir\u00e3o para diversas situa\u00e7\u00f5es em prol da popula\u00e7\u00e3o. Reda\u00e7\u00e3o Portal Ra\u00edzes Fotos e v\u00eddeos: Sisaleiro Po\u00e7os Artesianos<\/p>\n","protected":false},"author":3,"featured_media":5134,"comment_status":"open","ping_status":"open","sticky":false,"template":"","format":"standard","meta":{"_joinchat":[],"footnotes":""},"categories":[55,69,59],"tags":[875,75,637,638],"class_list":["post-5133","post","type-post","status-publish","format-standard","has-post-thumbnail","hentry","category-destaques","category-entreterimento-e-cultura","category-ultimas-noticias","tag-braco-do-mar","tag-coite","tag-poco-artesiano","tag-sisaleiro"],"yoast_head":"<!-- This site is optimized with the Yoast SEO plugin v24.4 - https:\/\/yoast.com\/wordpress\/plugins\/seo\/ -->\n<title>Coit\u00e9: Sisaleiro Po\u00e7os artesianos e professor de geografia desvendam lenda que &#039;debaixo da pra\u00e7a da Matriz passa o bra\u00e7o do mar&#039;. Entenda! - Portal raizes noticias<\/title>\n<meta name=\"robots\" content=\"index, follow, max-snippet:-1, max-image-preview:large, max-video-preview:-1\" \/>\n<link rel=\"canonical\" href=\"https:\/\/portalraizesnoticias.com.br\/?p=5133\" \/>\n<meta property=\"og:locale\" content=\"pt_BR\" \/>\n<meta property=\"og:type\" content=\"article\" \/>\n<meta property=\"og:title\" content=\"Coit\u00e9: Sisaleiro Po\u00e7os artesianos e professor de geografia desvendam lenda que &#039;debaixo da pra\u00e7a da Matriz passa o bra\u00e7o do mar&#039;. Entenda! - Portal raizes noticias\" \/>\n<meta property=\"og:description\" content=\"Uma lenda secular se tornou assunto por quem passava pelo centro de Concei\u00e7\u00e3o do Coit\u00e9 na \u00faltima sexta-feira (28),\u00a0 enquanto a equipe Sisaleiro Po\u00e7os Artesianos perfurava um po\u00e7o na pra\u00e7a da Matriz. Existe um relato que no local onde foi constru\u00edda a pra\u00e7a da Matriz existia uma &#8216;veia&#8217; de \u00e1gua que supostamente corria as \u00e1guas, conhecida por \u201cbra\u00e7o do mar&#8221;. O portal Ra\u00edzes ouviu v\u00e1rios idosos que informaram que a hist\u00f3ria foi contada a eles tamb\u00e9m na inf\u00e2ncia. Bra\u00e7o de mar \u00e9 uma forma\u00e7\u00e3o geogr\u00e1fica que consiste em uma extens\u00e3o de \u00e1gua salgada que se estende entre duas massas de terra. Tamb\u00e9m \u00e9 conhecido como estreito, canal ou golfo. Afinal, o Sisaleiro Po\u00e7os Artesianos conseguiu desvendar o mist\u00e9rio de gera\u00e7\u00f5es passadas? Pois bem! Na pr\u00e1tica, parece que a hist\u00f3ria n\u00e3o \u00e9 bem a relatada, pois os profissionais do Sisaleiro Po\u00e7os Artesianos fizeram um estudo geof\u00edsico, sendo identificada \u00e1gua doce, diferente da que os coiteenses foram acostumados a ouvir. De acordo com informa\u00e7\u00f5es obtidas pelo Ra\u00edzes Not\u00edcias, o po\u00e7o artesiano possui 120 metros de profundidade e a \u00e1gua \u00e9 de excelente qualidade. &#8220;Foi necess\u00e1rio em m\u00e9dia 6 horas para conclus\u00e3o do po\u00e7o&#8221;, disse um profissional do Sisaleiro Po\u00e7os Artesianos. O Portal Ra\u00edzes buscou informa\u00e7\u00f5es com o professor de Geografia Victor Ramos, que tamb\u00e9m \u00e9 natural de Coit\u00e9 e ouvia desde crian\u00e7a o fato do &#8220;bra\u00e7o do mar&#8221; passar por debaixo da pra\u00e7a. Ele afirma: &#8220;N\u00e3o existe possibilidade de existir um canal subterr\u00e2neo do mar at\u00e9 aqui no interior do semi\u00e1rido, interior da Bahia. Foi interessante essa perfura\u00e7\u00e3o desse po\u00e7o porque foi uma descoberta assim refor\u00e7ando que a \u00e1gua subterr\u00e2nea dessa regi\u00e3o da cidade tem origem, da chuva que acumulou e se manteve doce porque n\u00e3o teve contato com rochas salinas que trocam sais minerais&#8221;, explicou Victor. Victor Ramos \u00e9 formado\u00a0 em Geografia pela Universidade Estadual de Feira de Santana (UEFS) O professor de Geografia relatou ainda que, apesar de os profissionais do Sisaleiro terem encontrado \u00e1gua de qualidade ao lado da Igreja, n\u00e3o ser\u00e1 regra que iria encontrar nas redondezas, pois poderia estar salobra. &#8221; Devido \u00e0 domin\u00e2ncia dessas rochas, sendo de predomin\u00e2ncia do escudo cristalino, os aqu\u00edferos s\u00e3o classificados como fissurais, ou fissural. Como \u00e9 isso? A \u00e1gua vai acumular e vai infiltrando a partir dessas fissuras nessas rochas, acumulando no subsolo e por muitas vezes fica salgada. Talvez seja por isso o mito de ser o bra\u00e7o do mar&#8221;, complementa. No total, a vaz\u00e3o no po\u00e7o artesiano perfurado na Pra\u00e7a da Matriz \u00e9 de 4.000 litros por hora, ou seja, aproximadamente 90 mil litros por dia servir\u00e3o para diversas situa\u00e7\u00f5es em prol da popula\u00e7\u00e3o. Reda\u00e7\u00e3o Portal Ra\u00edzes Fotos e v\u00eddeos: Sisaleiro Po\u00e7os Artesianos\" \/>\n<meta property=\"og:url\" content=\"https:\/\/portalraizesnoticias.com.br\/?p=5133\" \/>\n<meta property=\"og:site_name\" content=\"Portal raizes noticias\" \/>\n<meta property=\"article:published_time\" content=\"2025-03-03T14:28:52+00:00\" \/>\n<meta property=\"article:modified_time\" content=\"2025-03-03T19:30:01+00:00\" \/>\n<meta property=\"og:image\" content=\"https:\/\/portalraizesnoticias.com.br\/wp-content\/uploads\/2025\/03\/IMG-20250303-WA0044.jpg\" \/>\n\t<meta property=\"og:image:width\" content=\"900\" \/>\n\t<meta property=\"og:image:height\" content=\"1600\" \/>\n\t<meta property=\"og:image:type\" content=\"image\/jpeg\" \/>\n<meta name=\"author\" content=\"Portal Raizes\" \/>\n<meta name=\"twitter:card\" content=\"summary_large_image\" \/>\n<meta name=\"twitter:label1\" content=\"Escrito por\" \/>\n\t<meta name=\"twitter:data1\" content=\"Portal Raizes\" \/>\n\t<meta name=\"twitter:label2\" content=\"Est. tempo de leitura\" \/>\n\t<meta name=\"twitter:data2\" content=\"4 minutos\" \/>\n<script type=\"application\/ld+json\" class=\"yoast-schema-graph\">{\"@context\":\"https:\/\/schema.org\",\"@graph\":[{\"@type\":\"Article\",\"@id\":\"https:\/\/portalraizesnoticias.com.br\/?p=5133#article\",\"isPartOf\":{\"@id\":\"https:\/\/portalraizesnoticias.com.br\/?p=5133\"},\"author\":{\"name\":\"Portal Raizes\",\"@id\":\"https:\/\/portalraizesnoticias.com.br\/#\/schema\/person\/a3ca6b0fc701e78df19756c417d943ae\"},\"headline\":\"Coit\u00e9: Sisaleiro Po\u00e7os artesianos e professor de geografia desvendam lenda que &#8216;debaixo da pra\u00e7a da Matriz passa o bra\u00e7o do mar&#8217;. Entenda!\",\"datePublished\":\"2025-03-03T14:28:52+00:00\",\"dateModified\":\"2025-03-03T19:30:01+00:00\",\"mainEntityOfPage\":{\"@id\":\"https:\/\/portalraizesnoticias.com.br\/?p=5133\"},\"wordCount\":575,\"commentCount\":0,\"publisher\":{\"@id\":\"https:\/\/portalraizesnoticias.com.br\/#organization\"},\"image\":{\"@id\":\"https:\/\/portalraizesnoticias.com.br\/?p=5133#primaryimage\"},\"thumbnailUrl\":\"https:\/\/portalraizesnoticias.com.br\/wp-content\/uploads\/2025\/03\/IMG-20250303-WA0044.jpg\",\"keywords\":[\"Bra\u00e7o do mar\",\"Coit\u00e9\",\"Po\u00e7o artesiano\",\"Sisaleiro\"],\"articleSection\":[\"DESTAQUES\",\"ENTRETERIMENTO E CULTURA\",\"ULTIMAS NOTICIAS\"],\"inLanguage\":\"pt-BR\",\"potentialAction\":[{\"@type\":\"CommentAction\",\"name\":\"Comment\",\"target\":[\"https:\/\/portalraizesnoticias.com.br\/?p=5133#respond\"]}]},{\"@type\":\"WebPage\",\"@id\":\"https:\/\/portalraizesnoticias.com.br\/?p=5133\",\"url\":\"https:\/\/portalraizesnoticias.com.br\/?p=5133\",\"name\":\"Coit\u00e9: Sisaleiro Po\u00e7os artesianos e professor de geografia desvendam lenda que 'debaixo da pra\u00e7a da Matriz passa o bra\u00e7o do mar'. Entenda! - Portal raizes noticias\",\"isPartOf\":{\"@id\":\"https:\/\/portalraizesnoticias.com.br\/#website\"},\"primaryImageOfPage\":{\"@id\":\"https:\/\/portalraizesnoticias.com.br\/?p=5133#primaryimage\"},\"image\":{\"@id\":\"https:\/\/portalraizesnoticias.com.br\/?p=5133#primaryimage\"},\"thumbnailUrl\":\"https:\/\/portalraizesnoticias.com.br\/wp-content\/uploads\/2025\/03\/IMG-20250303-WA0044.jpg\",\"datePublished\":\"2025-03-03T14:28:52+00:00\",\"dateModified\":\"2025-03-03T19:30:01+00:00\",\"breadcrumb\":{\"@id\":\"https:\/\/portalraizesnoticias.com.br\/?p=5133#breadcrumb\"},\"inLanguage\":\"pt-BR\",\"potentialAction\":[{\"@type\":\"ReadAction\",\"target\":[\"https:\/\/portalraizesnoticias.com.br\/?p=5133\"]}]},{\"@type\":\"ImageObject\",\"inLanguage\":\"pt-BR\",\"@id\":\"https:\/\/portalraizesnoticias.com.br\/?p=5133#primaryimage\",\"url\":\"https:\/\/portalraizesnoticias.com.br\/wp-content\/uploads\/2025\/03\/IMG-20250303-WA0044.jpg\",\"contentUrl\":\"https:\/\/portalraizesnoticias.com.br\/wp-content\/uploads\/2025\/03\/IMG-20250303-WA0044.jpg\",\"width\":900,\"height\":1600},{\"@type\":\"BreadcrumbList\",\"@id\":\"https:\/\/portalraizesnoticias.com.br\/?p=5133#breadcrumb\",\"itemListElement\":[{\"@type\":\"ListItem\",\"position\":1,\"name\":\"In\u00edcio\",\"item\":\"https:\/\/portalraizesnoticias.com.br\/\"},{\"@type\":\"ListItem\",\"position\":2,\"name\":\"Coit\u00e9: Sisaleiro Po\u00e7os artesianos e professor de geografia desvendam lenda que &#8216;debaixo da pra\u00e7a da Matriz passa o bra\u00e7o do mar&#8217;. Entenda!\"}]},{\"@type\":\"WebSite\",\"@id\":\"https:\/\/portalraizesnoticias.com.br\/#website\",\"url\":\"https:\/\/portalraizesnoticias.com.br\/\",\"name\":\"Portal raizes NOTICIAS\",\"description\":\"site de noticias de concei\u00e7\u00e3o do coit\u00e9 e regi\u00e3o\",\"publisher\":{\"@id\":\"https:\/\/portalraizesnoticias.com.br\/#organization\"},\"alternateName\":\"PORTAL RAIZES COIT\u00c9\",\"potentialAction\":[{\"@type\":\"SearchAction\",\"target\":{\"@type\":\"EntryPoint\",\"urlTemplate\":\"https:\/\/portalraizesnoticias.com.br\/?s={search_term_string}\"},\"query-input\":{\"@type\":\"PropertyValueSpecification\",\"valueRequired\":true,\"valueName\":\"search_term_string\"}}],\"inLanguage\":\"pt-BR\"},{\"@type\":\"Organization\",\"@id\":\"https:\/\/portalraizesnoticias.com.br\/#organization\",\"name\":\"Portal raizes NOTICIAS\",\"url\":\"https:\/\/portalraizesnoticias.com.br\/\",\"logo\":{\"@type\":\"ImageObject\",\"inLanguage\":\"pt-BR\",\"@id\":\"https:\/\/portalraizesnoticias.com.br\/#\/schema\/logo\/image\/\",\"url\":\"https:\/\/portalraizesnoticias.com.br\/wp-content\/uploads\/2024\/09\/cropped-Captura-de-tela-2024-09-08-011108.png\",\"contentUrl\":\"https:\/\/portalraizesnoticias.com.br\/wp-content\/uploads\/2024\/09\/cropped-Captura-de-tela-2024-09-08-011108.png\",\"width\":606,\"height\":173,\"caption\":\"Portal raizes NOTICIAS\"},\"image\":{\"@id\":\"https:\/\/portalraizesnoticias.com.br\/#\/schema\/logo\/image\/\"}},{\"@type\":\"Person\",\"@id\":\"https:\/\/portalraizesnoticias.com.br\/#\/schema\/person\/a3ca6b0fc701e78df19756c417d943ae\",\"name\":\"Portal Raizes\",\"image\":{\"@type\":\"ImageObject\",\"inLanguage\":\"pt-BR\",\"@id\":\"https:\/\/portalraizesnoticias.com.br\/#\/schema\/person\/image\/\",\"url\":\"https:\/\/secure.gravatar.com\/avatar\/ef450d29013a3d3fba867a12a249d7b1?s=96&d=mm&r=g\",\"contentUrl\":\"https:\/\/secure.gravatar.com\/avatar\/ef450d29013a3d3fba867a12a249d7b1?s=96&d=mm&r=g\",\"caption\":\"Portal Raizes\"},\"url\":\"https:\/\/portalraizesnoticias.com.br\/?author=3\"}]}<\/script>\n<!-- \/ Yoast SEO plugin. -->","yoast_head_json":{"title":"Coit\u00e9: Sisaleiro Po\u00e7os artesianos e professor de geografia desvendam lenda que 'debaixo da pra\u00e7a da Matriz passa o bra\u00e7o do mar'. Entenda! - Portal raizes noticias","robots":{"index":"index","follow":"follow","max-snippet":"max-snippet:-1","max-image-preview":"max-image-preview:large","max-video-preview":"max-video-preview:-1"},"canonical":"https:\/\/portalraizesnoticias.com.br\/?p=5133","og_locale":"pt_BR","og_type":"article","og_title":"Coit\u00e9: Sisaleiro Po\u00e7os artesianos e professor de geografia desvendam lenda que 'debaixo da pra\u00e7a da Matriz passa o bra\u00e7o do mar'. Entenda! - Portal raizes noticias","og_description":"Uma lenda secular se tornou assunto por quem passava pelo centro de Concei\u00e7\u00e3o do Coit\u00e9 na \u00faltima sexta-feira (28),\u00a0 enquanto a equipe Sisaleiro Po\u00e7os Artesianos perfurava um po\u00e7o na pra\u00e7a da Matriz. Existe um relato que no local onde foi constru\u00edda a pra\u00e7a da Matriz existia uma &#8216;veia&#8217; de \u00e1gua que supostamente corria as \u00e1guas, conhecida por \u201cbra\u00e7o do mar&#8221;. O portal Ra\u00edzes ouviu v\u00e1rios idosos que informaram que a hist\u00f3ria foi contada a eles tamb\u00e9m na inf\u00e2ncia. Bra\u00e7o de mar \u00e9 uma forma\u00e7\u00e3o geogr\u00e1fica que consiste em uma extens\u00e3o de \u00e1gua salgada que se estende entre duas massas de terra. Tamb\u00e9m \u00e9 conhecido como estreito, canal ou golfo. Afinal, o Sisaleiro Po\u00e7os Artesianos conseguiu desvendar o mist\u00e9rio de gera\u00e7\u00f5es passadas? Pois bem! Na pr\u00e1tica, parece que a hist\u00f3ria n\u00e3o \u00e9 bem a relatada, pois os profissionais do Sisaleiro Po\u00e7os Artesianos fizeram um estudo geof\u00edsico, sendo identificada \u00e1gua doce, diferente da que os coiteenses foram acostumados a ouvir. De acordo com informa\u00e7\u00f5es obtidas pelo Ra\u00edzes Not\u00edcias, o po\u00e7o artesiano possui 120 metros de profundidade e a \u00e1gua \u00e9 de excelente qualidade. &#8220;Foi necess\u00e1rio em m\u00e9dia 6 horas para conclus\u00e3o do po\u00e7o&#8221;, disse um profissional do Sisaleiro Po\u00e7os Artesianos. O Portal Ra\u00edzes buscou informa\u00e7\u00f5es com o professor de Geografia Victor Ramos, que tamb\u00e9m \u00e9 natural de Coit\u00e9 e ouvia desde crian\u00e7a o fato do &#8220;bra\u00e7o do mar&#8221; passar por debaixo da pra\u00e7a. Ele afirma: &#8220;N\u00e3o existe possibilidade de existir um canal subterr\u00e2neo do mar at\u00e9 aqui no interior do semi\u00e1rido, interior da Bahia. Foi interessante essa perfura\u00e7\u00e3o desse po\u00e7o porque foi uma descoberta assim refor\u00e7ando que a \u00e1gua subterr\u00e2nea dessa regi\u00e3o da cidade tem origem, da chuva que acumulou e se manteve doce porque n\u00e3o teve contato com rochas salinas que trocam sais minerais&#8221;, explicou Victor. Victor Ramos \u00e9 formado\u00a0 em Geografia pela Universidade Estadual de Feira de Santana (UEFS) O professor de Geografia relatou ainda que, apesar de os profissionais do Sisaleiro terem encontrado \u00e1gua de qualidade ao lado da Igreja, n\u00e3o ser\u00e1 regra que iria encontrar nas redondezas, pois poderia estar salobra. &#8221; Devido \u00e0 domin\u00e2ncia dessas rochas, sendo de predomin\u00e2ncia do escudo cristalino, os aqu\u00edferos s\u00e3o classificados como fissurais, ou fissural. Como \u00e9 isso? A \u00e1gua vai acumular e vai infiltrando a partir dessas fissuras nessas rochas, acumulando no subsolo e por muitas vezes fica salgada. Talvez seja por isso o mito de ser o bra\u00e7o do mar&#8221;, complementa. No total, a vaz\u00e3o no po\u00e7o artesiano perfurado na Pra\u00e7a da Matriz \u00e9 de 4.000 litros por hora, ou seja, aproximadamente 90 mil litros por dia servir\u00e3o para diversas situa\u00e7\u00f5es em prol da popula\u00e7\u00e3o. Reda\u00e7\u00e3o Portal Ra\u00edzes Fotos e v\u00eddeos: Sisaleiro Po\u00e7os Artesianos","og_url":"https:\/\/portalraizesnoticias.com.br\/?p=5133","og_site_name":"Portal raizes noticias","article_published_time":"2025-03-03T14:28:52+00:00","article_modified_time":"2025-03-03T19:30:01+00:00","og_image":[{"width":900,"height":1600,"url":"https:\/\/portalraizesnoticias.com.br\/wp-content\/uploads\/2025\/03\/IMG-20250303-WA0044.jpg","type":"image\/jpeg"}],"author":"Portal Raizes","twitter_card":"summary_large_image","twitter_misc":{"Escrito por":"Portal Raizes","Est. tempo de leitura":"4 minutos"},"schema":{"@context":"https:\/\/schema.org","@graph":[{"@type":"Article","@id":"https:\/\/portalraizesnoticias.com.br\/?p=5133#article","isPartOf":{"@id":"https:\/\/portalraizesnoticias.com.br\/?p=5133"},"author":{"name":"Portal Raizes","@id":"https:\/\/portalraizesnoticias.com.br\/#\/schema\/person\/a3ca6b0fc701e78df19756c417d943ae"},"headline":"Coit\u00e9: Sisaleiro Po\u00e7os artesianos e professor de geografia desvendam lenda que &#8216;debaixo da pra\u00e7a da Matriz passa o bra\u00e7o do mar&#8217;. Entenda!","datePublished":"2025-03-03T14:28:52+00:00","dateModified":"2025-03-03T19:30:01+00:00","mainEntityOfPage":{"@id":"https:\/\/portalraizesnoticias.com.br\/?p=5133"},"wordCount":575,"commentCount":0,"publisher":{"@id":"https:\/\/portalraizesnoticias.com.br\/#organization"},"image":{"@id":"https:\/\/portalraizesnoticias.com.br\/?p=5133#primaryimage"},"thumbnailUrl":"https:\/\/portalraizesnoticias.com.br\/wp-content\/uploads\/2025\/03\/IMG-20250303-WA0044.jpg","keywords":["Bra\u00e7o do mar","Coit\u00e9","Po\u00e7o artesiano","Sisaleiro"],"articleSection":["DESTAQUES","ENTRETERIMENTO E CULTURA","ULTIMAS NOTICIAS"],"inLanguage":"pt-BR","potentialAction":[{"@type":"CommentAction","name":"Comment","target":["https:\/\/portalraizesnoticias.com.br\/?p=5133#respond"]}]},{"@type":"WebPage","@id":"https:\/\/portalraizesnoticias.com.br\/?p=5133","url":"https:\/\/portalraizesnoticias.com.br\/?p=5133","name":"Coit\u00e9: Sisaleiro Po\u00e7os artesianos e professor de geografia desvendam lenda que 'debaixo da pra\u00e7a da Matriz passa o bra\u00e7o do mar'. Entenda! - Portal raizes noticias","isPartOf":{"@id":"https:\/\/portalraizesnoticias.com.br\/#website"},"primaryImageOfPage":{"@id":"https:\/\/portalraizesnoticias.com.br\/?p=5133#primaryimage"},"image":{"@id":"https:\/\/portalraizesnoticias.com.br\/?p=5133#primaryimage"},"thumbnailUrl":"https:\/\/portalraizesnoticias.com.br\/wp-content\/uploads\/2025\/03\/IMG-20250303-WA0044.jpg","datePublished":"2025-03-03T14:28:52+00:00","dateModified":"2025-03-03T19:30:01+00:00","breadcrumb":{"@id":"https:\/\/portalraizesnoticias.com.br\/?p=5133#breadcrumb"},"inLanguage":"pt-BR","potentialAction":[{"@type":"ReadAction","target":["https:\/\/portalraizesnoticias.com.br\/?p=5133"]}]},{"@type":"ImageObject","inLanguage":"pt-BR","@id":"https:\/\/portalraizesnoticias.com.br\/?p=5133#primaryimage","url":"https:\/\/portalraizesnoticias.com.br\/wp-content\/uploads\/2025\/03\/IMG-20250303-WA0044.jpg","contentUrl":"https:\/\/portalraizesnoticias.com.br\/wp-content\/uploads\/2025\/03\/IMG-20250303-WA0044.jpg","width":900,"height":1600},{"@type":"BreadcrumbList","@id":"https:\/\/portalraizesnoticias.com.br\/?p=5133#breadcrumb","itemListElement":[{"@type":"ListItem","position":1,"name":"In\u00edcio","item":"https:\/\/portalraizesnoticias.com.br\/"},{"@type":"ListItem","position":2,"name":"Coit\u00e9: Sisaleiro Po\u00e7os artesianos e professor de geografia desvendam lenda que &#8216;debaixo da pra\u00e7a da Matriz passa o bra\u00e7o do mar&#8217;. Entenda!"}]},{"@type":"WebSite","@id":"https:\/\/portalraizesnoticias.com.br\/#website","url":"https:\/\/portalraizesnoticias.com.br\/","name":"Portal raizes NOTICIAS","description":"site de noticias de concei\u00e7\u00e3o do coit\u00e9 e regi\u00e3o","publisher":{"@id":"https:\/\/portalraizesnoticias.com.br\/#organization"},"alternateName":"PORTAL RAIZES COIT\u00c9","potentialAction":[{"@type":"SearchAction","target":{"@type":"EntryPoint","urlTemplate":"https:\/\/portalraizesnoticias.com.br\/?s={search_term_string}"},"query-input":{"@type":"PropertyValueSpecification","valueRequired":true,"valueName":"search_term_string"}}],"inLanguage":"pt-BR"},{"@type":"Organization","@id":"https:\/\/portalraizesnoticias.com.br\/#organization","name":"Portal raizes NOTICIAS","url":"https:\/\/portalraizesnoticias.com.br\/","logo":{"@type":"ImageObject","inLanguage":"pt-BR","@id":"https:\/\/portalraizesnoticias.com.br\/#\/schema\/logo\/image\/","url":"https:\/\/portalraizesnoticias.com.br\/wp-content\/uploads\/2024\/09\/cropped-Captura-de-tela-2024-09-08-011108.png","contentUrl":"https:\/\/portalraizesnoticias.com.br\/wp-content\/uploads\/2024\/09\/cropped-Captura-de-tela-2024-09-08-011108.png","width":606,"height":173,"caption":"Portal raizes NOTICIAS"},"image":{"@id":"https:\/\/portalraizesnoticias.com.br\/#\/schema\/logo\/image\/"}},{"@type":"Person","@id":"https:\/\/portalraizesnoticias.com.br\/#\/schema\/person\/a3ca6b0fc701e78df19756c417d943ae","name":"Portal Raizes","image":{"@type":"ImageObject","inLanguage":"pt-BR","@id":"https:\/\/portalraizesnoticias.com.br\/#\/schema\/person\/image\/","url":"https:\/\/secure.gravatar.com\/avatar\/ef450d29013a3d3fba867a12a249d7b1?s=96&d=mm&r=g","contentUrl":"https:\/\/secure.gravatar.com\/avatar\/ef450d29013a3d3fba867a12a249d7b1?s=96&d=mm&r=g","caption":"Portal Raizes"},"url":"https:\/\/portalraizesnoticias.com.br\/?author=3"}]}},"_links":{"self":[{"href":"https:\/\/portalraizesnoticias.com.br\/index.php?rest_route=\/wp\/v2\/posts\/5133"}],"collection":[{"href":"https:\/\/portalraizesnoticias.com.br\/index.php?rest_route=\/wp\/v2\/posts"}],"about":[{"href":"https:\/\/portalraizesnoticias.com.br\/index.php?rest_route=\/wp\/v2\/types\/post"}],"author":[{"embeddable":true,"href":"https:\/\/portalraizesnoticias.com.br\/index.php?rest_route=\/wp\/v2\/users\/3"}],"replies":[{"embeddable":true,"href":"https:\/\/portalraizesnoticias.com.br\/index.php?rest_route=%2Fwp%2Fv2%2Fcomments&post=5133"}],"version-history":[{"count":2,"href":"https:\/\/portalraizesnoticias.com.br\/index.php?rest_route=\/wp\/v2\/posts\/5133\/revisions"}],"predecessor-version":[{"id":5152,"href":"https:\/\/portalraizesnoticias.com.br\/index.php?rest_route=\/wp\/v2\/posts\/5133\/revisions\/5152"}],"wp:featuredmedia":[{"embeddable":true,"href":"https:\/\/portalraizesnoticias.com.br\/index.php?rest_route=\/wp\/v2\/media\/5134"}],"wp:attachment":[{"href":"https:\/\/portalraizesnoticias.com.br\/index.php?rest_route=%2Fwp%2Fv2%2Fmedia&parent=5133"}],"wp:term":[{"taxonomy":"category","embeddable":true,"href":"https:\/\/portalraizesnoticias.com.br\/index.php?rest_route=%2Fwp%2Fv2%2Fcategories&post=5133"},{"taxonomy":"post_tag","embeddable":true,"href":"https:\/\/portalraizesnoticias.com.br\/index.php?rest_route=%2Fwp%2Fv2%2Ftags&post=5133"}],"curies":[{"name":"wp","href":"https:\/\/api.w.org\/{rel}","templated":true}]}}