{"id":5113,"date":"2025-03-02T09:01:55","date_gmt":"2025-03-02T12:01:55","guid":{"rendered":"https:\/\/portalraizesnoticias.com.br\/?p=5113"},"modified":"2025-03-02T09:01:55","modified_gmt":"2025-03-02T12:01:55","slug":"coite-secretaria-de-saude-confirma-caso-de-colera-em-homem-de-60-anos","status":"publish","type":"post","link":"https:\/\/portalraizesnoticias.com.br\/?p=5113","title":{"rendered":"Coit\u00e9: Secretaria de Sa\u00fade confirma caso de \u00a0c\u00f3lera em homem de 60 anos"},"content":{"rendered":"<p>Na manh\u00e3 deste domingo (02), a Prefeitura de Concei\u00e7\u00e3o do Coit\u00e9, por meio da Secretaria Municipal de Sa\u00fade, confirmou a notifica\u00e7\u00e3o de um caso de c\u00f3lera no munic\u00edpio.<\/p>\n<p><a href=\"https:\/\/www.gov.br\/saude\/pt-br\/assuntos\/saude-de-a-a-z\/c\/colera\">Saiba mais sobre o que \u00e9 c\u00f3lera\u00a0<\/a><\/p>\n<p>Segundo a nota, o paciente, um homem de 60 anos, j\u00e1 recebeu alta hospitalar e segue em recupera\u00e7\u00e3o domiciliar, apresentando quadro de sa\u00fade leve. As autoridades sanit\u00e1rias est\u00e3o investigando a poss\u00edvel origem da infec\u00e7\u00e3o.<\/p>\n<p>\u00a0<\/p>\n<p>\u00a0A confirma\u00e7\u00e3o laboratorial foi realizada pelo Laborat\u00f3rio Central de Sa\u00fade P\u00fablica (Lacen) no dia 23 de fevereiro.<\/p>\n<p>\u00a0<\/p>\n<p>\u00a0<\/p>\n<p>\u00a0<\/p>\n<p>No comunicado, a prefeitura informou que, para conter a dissemina\u00e7\u00e3o da doen\u00e7a, a Secretaria de Sa\u00fade j\u00e1 iniciou as seguintes a\u00e7\u00f5es.\u00a0<\/p>\n<p>\u00a0Confira:\u00a0<\/p>\n<p>\u00a0<\/p>\n<p>\u2714 Coleta de amostras de \u00e1gua para an\u00e1lise de poss\u00edveis contamina\u00e7\u00f5es;<\/p>\n<p>\u2714 Realiza\u00e7\u00e3o de exames nos contatos pr\u00f3ximos ao paciente;<\/p>\n<p>\u2714 A\u00e7\u00f5es de educa\u00e7\u00e3o em sa\u00fade para conscientizar a popula\u00e7\u00e3o sobre a import\u00e2ncia da higiene e do consumo seguro de \u00e1gua e alimentos.<\/p>\n<p>\u00a0<\/p>\n<p>Recomenda\u00e7\u00f5es \u00e0 popula\u00e7\u00e3o<\/p>\n<p>\u00a0<\/p>\n<p>A Prefeitura refor\u00e7a a necessidade de seguir medidas de higiene pessoal e seguran\u00e7a alimentar, incluindo:<\/p>\n<p>\u00a0<\/p>\n<p>\u2714 Lavar bem as m\u00e3os com \u00e1gua e sab\u00e3o, especialmente antes das refei\u00e7\u00f5es e ap\u00f3s o uso do banheiro;<\/p>\n<p>\u2714 Consumir apenas \u00e1gua tratada ou fervida;<\/p>\n<p>\u2714 Evitar o consumo de alimentos crus ou mal cozidos de origem duvidosa;<\/p>\n<p>\u2714 Manter os reservat\u00f3rios de \u00e1gua limpos e bem tampados.<\/p>\n<p>\u00a0<\/p>\n<p>Onde procurar atendimento?<\/p>\n<p>\u00a0<\/p>\n<p>Moradores que apresentarem sintomas como diarreia intensa, v\u00f4mitos e sinais de desidrata\u00e7\u00e3o devem procurar a unidade de sa\u00fade mais pr\u00f3xima para atendimento imediato.<\/p>\n<p>\u00a0<\/p>\n<p>Para mais informa\u00e7\u00f5es, a popula\u00e7\u00e3o pode entrar em contato com a Vigil\u00e2ncia Epidemiol\u00f3gica pelo telefone 0800 0420150.<\/p>\n<p>\u00a0<\/p>\n<p>\u00a0<\/p>\n<p style=\"text-align: center;\">Reda\u00e7\u00e3o com Informa\u00e7\u00f5es Ascom\/Prefeitura<\/p>\n<p>Foto: Reprodu\u00e7\u00e3o\u00a0<\/p>\n","protected":false},"excerpt":{"rendered":"<p>Na manh\u00e3 deste domingo (02), a Prefeitura de Concei\u00e7\u00e3o do Coit\u00e9, por meio da Secretaria Municipal de Sa\u00fade, confirmou a notifica\u00e7\u00e3o de um caso de c\u00f3lera no munic\u00edpio. Saiba mais sobre o que \u00e9 c\u00f3lera\u00a0 Segundo a nota, o paciente, um homem de 60 anos, j\u00e1 recebeu alta hospitalar e segue em recupera\u00e7\u00e3o domiciliar, apresentando quadro de sa\u00fade leve. As autoridades sanit\u00e1rias est\u00e3o investigando a poss\u00edvel origem da infec\u00e7\u00e3o. \u00a0 \u00a0A confirma\u00e7\u00e3o laboratorial foi realizada pelo Laborat\u00f3rio Central de Sa\u00fade P\u00fablica (Lacen) no dia 23 de fevereiro. \u00a0 \u00a0 \u00a0 No comunicado, a prefeitura informou que, para conter a dissemina\u00e7\u00e3o da doen\u00e7a, a Secretaria de Sa\u00fade j\u00e1 iniciou as seguintes a\u00e7\u00f5es.\u00a0 \u00a0Confira:\u00a0 \u00a0 \u2714 Coleta de amostras de \u00e1gua para an\u00e1lise de poss\u00edveis contamina\u00e7\u00f5es; \u2714 Realiza\u00e7\u00e3o de exames nos contatos pr\u00f3ximos ao paciente; \u2714 A\u00e7\u00f5es de educa\u00e7\u00e3o em sa\u00fade para conscientizar a popula\u00e7\u00e3o sobre a import\u00e2ncia da higiene e do consumo seguro de \u00e1gua e alimentos. \u00a0 Recomenda\u00e7\u00f5es \u00e0 popula\u00e7\u00e3o \u00a0 A Prefeitura refor\u00e7a a necessidade de seguir medidas de higiene pessoal e seguran\u00e7a alimentar, incluindo: \u00a0 \u2714 Lavar bem as m\u00e3os com \u00e1gua e sab\u00e3o, especialmente antes das refei\u00e7\u00f5es e ap\u00f3s o uso do banheiro; \u2714 Consumir apenas \u00e1gua tratada ou fervida; \u2714 Evitar o consumo de alimentos crus ou mal cozidos de origem duvidosa; \u2714 Manter os reservat\u00f3rios de \u00e1gua limpos e bem tampados. \u00a0 Onde procurar atendimento? \u00a0 Moradores que apresentarem sintomas como diarreia intensa, v\u00f4mitos e sinais de desidrata\u00e7\u00e3o devem procurar a unidade de sa\u00fade mais pr\u00f3xima para atendimento imediato. \u00a0 Para mais informa\u00e7\u00f5es, a popula\u00e7\u00e3o pode entrar em contato com a Vigil\u00e2ncia Epidemiol\u00f3gica pelo telefone 0800 0420150. \u00a0 \u00a0 Reda\u00e7\u00e3o com Informa\u00e7\u00f5es Ascom\/Prefeitura Foto: Reprodu\u00e7\u00e3o\u00a0<\/p>\n","protected":false},"author":3,"featured_media":5114,"comment_status":"open","ping_status":"open","sticky":false,"template":"","format":"standard","meta":{"_joinchat":[],"footnotes":""},"categories":[55,86,59],"tags":[872,873,646,871],"class_list":["post-5113","post","type-post","status-publish","format-standard","has-post-thumbnail","hentry","category-destaques","category-saude","category-ultimas-noticias","tag-caso","tag-colera","tag-prefeifura","tag-secretaria-de-saude-2"],"yoast_head":"<!-- This site is optimized with the Yoast SEO plugin v24.4 - https:\/\/yoast.com\/wordpress\/plugins\/seo\/ -->\n<title>Coit\u00e9: Secretaria de Sa\u00fade confirma caso de \u00a0c\u00f3lera em homem de 60 anos - Portal raizes noticias<\/title>\n<meta name=\"robots\" content=\"index, follow, max-snippet:-1, max-image-preview:large, max-video-preview:-1\" \/>\n<link rel=\"canonical\" href=\"https:\/\/portalraizesnoticias.com.br\/?p=5113\" \/>\n<meta property=\"og:locale\" content=\"pt_BR\" \/>\n<meta property=\"og:type\" content=\"article\" \/>\n<meta property=\"og:title\" content=\"Coit\u00e9: Secretaria de Sa\u00fade confirma caso de \u00a0c\u00f3lera em homem de 60 anos - Portal raizes noticias\" \/>\n<meta property=\"og:description\" content=\"Na manh\u00e3 deste domingo (02), a Prefeitura de Concei\u00e7\u00e3o do Coit\u00e9, por meio da Secretaria Municipal de Sa\u00fade, confirmou a notifica\u00e7\u00e3o de um caso de c\u00f3lera no munic\u00edpio. Saiba mais sobre o que \u00e9 c\u00f3lera\u00a0 Segundo a nota, o paciente, um homem de 60 anos, j\u00e1 recebeu alta hospitalar e segue em recupera\u00e7\u00e3o domiciliar, apresentando quadro de sa\u00fade leve. As autoridades sanit\u00e1rias est\u00e3o investigando a poss\u00edvel origem da infec\u00e7\u00e3o. \u00a0 \u00a0A confirma\u00e7\u00e3o laboratorial foi realizada pelo Laborat\u00f3rio Central de Sa\u00fade P\u00fablica (Lacen) no dia 23 de fevereiro. \u00a0 \u00a0 \u00a0 No comunicado, a prefeitura informou que, para conter a dissemina\u00e7\u00e3o da doen\u00e7a, a Secretaria de Sa\u00fade j\u00e1 iniciou as seguintes a\u00e7\u00f5es.\u00a0 \u00a0Confira:\u00a0 \u00a0 \u2714 Coleta de amostras de \u00e1gua para an\u00e1lise de poss\u00edveis contamina\u00e7\u00f5es; \u2714 Realiza\u00e7\u00e3o de exames nos contatos pr\u00f3ximos ao paciente; \u2714 A\u00e7\u00f5es de educa\u00e7\u00e3o em sa\u00fade para conscientizar a popula\u00e7\u00e3o sobre a import\u00e2ncia da higiene e do consumo seguro de \u00e1gua e alimentos. \u00a0 Recomenda\u00e7\u00f5es \u00e0 popula\u00e7\u00e3o \u00a0 A Prefeitura refor\u00e7a a necessidade de seguir medidas de higiene pessoal e seguran\u00e7a alimentar, incluindo: \u00a0 \u2714 Lavar bem as m\u00e3os com \u00e1gua e sab\u00e3o, especialmente antes das refei\u00e7\u00f5es e ap\u00f3s o uso do banheiro; \u2714 Consumir apenas \u00e1gua tratada ou fervida; \u2714 Evitar o consumo de alimentos crus ou mal cozidos de origem duvidosa; \u2714 Manter os reservat\u00f3rios de \u00e1gua limpos e bem tampados. \u00a0 Onde procurar atendimento? \u00a0 Moradores que apresentarem sintomas como diarreia intensa, v\u00f4mitos e sinais de desidrata\u00e7\u00e3o devem procurar a unidade de sa\u00fade mais pr\u00f3xima para atendimento imediato. \u00a0 Para mais informa\u00e7\u00f5es, a popula\u00e7\u00e3o pode entrar em contato com a Vigil\u00e2ncia Epidemiol\u00f3gica pelo telefone 0800 0420150. \u00a0 \u00a0 Reda\u00e7\u00e3o com Informa\u00e7\u00f5es Ascom\/Prefeitura Foto: Reprodu\u00e7\u00e3o\u00a0\" \/>\n<meta property=\"og:url\" content=\"https:\/\/portalraizesnoticias.com.br\/?p=5113\" \/>\n<meta property=\"og:site_name\" content=\"Portal raizes noticias\" \/>\n<meta property=\"article:published_time\" content=\"2025-03-02T12:01:55+00:00\" \/>\n<meta property=\"og:image\" content=\"https:\/\/portalraizesnoticias.com.br\/wp-content\/uploads\/2025\/03\/un-remede-miracle-pour-guerir-du-cholera-vous-ne-devinerez-jamais-d-ou-il-provient-1726866908386_512.jpeg\" \/>\n\t<meta property=\"og:image:width\" content=\"512\" \/>\n\t<meta property=\"og:image:height\" content=\"368\" \/>\n\t<meta property=\"og:image:type\" content=\"image\/jpeg\" \/>\n<meta name=\"author\" content=\"Portal Raizes\" \/>\n<meta name=\"twitter:card\" content=\"summary_large_image\" \/>\n<meta name=\"twitter:label1\" content=\"Escrito por\" \/>\n\t<meta name=\"twitter:data1\" content=\"Portal Raizes\" \/>\n\t<meta name=\"twitter:label2\" content=\"Est. tempo de leitura\" \/>\n\t<meta name=\"twitter:data2\" content=\"2 minutos\" \/>\n<script type=\"application\/ld+json\" class=\"yoast-schema-graph\">{\"@context\":\"https:\/\/schema.org\",\"@graph\":[{\"@type\":\"Article\",\"@id\":\"https:\/\/portalraizesnoticias.com.br\/?p=5113#article\",\"isPartOf\":{\"@id\":\"https:\/\/portalraizesnoticias.com.br\/?p=5113\"},\"author\":{\"name\":\"Portal Raizes\",\"@id\":\"https:\/\/portalraizesnoticias.com.br\/#\/schema\/person\/a3ca6b0fc701e78df19756c417d943ae\"},\"headline\":\"Coit\u00e9: Secretaria de Sa\u00fade confirma caso de \u00a0c\u00f3lera em homem de 60 anos\",\"datePublished\":\"2025-03-02T12:01:55+00:00\",\"mainEntityOfPage\":{\"@id\":\"https:\/\/portalraizesnoticias.com.br\/?p=5113\"},\"wordCount\":318,\"commentCount\":0,\"publisher\":{\"@id\":\"https:\/\/portalraizesnoticias.com.br\/#organization\"},\"image\":{\"@id\":\"https:\/\/portalraizesnoticias.com.br\/?p=5113#primaryimage\"},\"thumbnailUrl\":\"https:\/\/portalraizesnoticias.com.br\/wp-content\/uploads\/2025\/03\/un-remede-miracle-pour-guerir-du-cholera-vous-ne-devinerez-jamais-d-ou-il-provient-1726866908386_512.jpeg\",\"keywords\":[\"Caso\",\"Colera\",\"Prefeifura\",\"Secretaria de saude\"],\"articleSection\":[\"DESTAQUES\",\"SA\u00daDE\",\"ULTIMAS NOTICIAS\"],\"inLanguage\":\"pt-BR\",\"potentialAction\":[{\"@type\":\"CommentAction\",\"name\":\"Comment\",\"target\":[\"https:\/\/portalraizesnoticias.com.br\/?p=5113#respond\"]}]},{\"@type\":\"WebPage\",\"@id\":\"https:\/\/portalraizesnoticias.com.br\/?p=5113\",\"url\":\"https:\/\/portalraizesnoticias.com.br\/?p=5113\",\"name\":\"Coit\u00e9: Secretaria de Sa\u00fade confirma caso de \u00a0c\u00f3lera em homem de 60 anos - Portal raizes noticias\",\"isPartOf\":{\"@id\":\"https:\/\/portalraizesnoticias.com.br\/#website\"},\"primaryImageOfPage\":{\"@id\":\"https:\/\/portalraizesnoticias.com.br\/?p=5113#primaryimage\"},\"image\":{\"@id\":\"https:\/\/portalraizesnoticias.com.br\/?p=5113#primaryimage\"},\"thumbnailUrl\":\"https:\/\/portalraizesnoticias.com.br\/wp-content\/uploads\/2025\/03\/un-remede-miracle-pour-guerir-du-cholera-vous-ne-devinerez-jamais-d-ou-il-provient-1726866908386_512.jpeg\",\"datePublished\":\"2025-03-02T12:01:55+00:00\",\"breadcrumb\":{\"@id\":\"https:\/\/portalraizesnoticias.com.br\/?p=5113#breadcrumb\"},\"inLanguage\":\"pt-BR\",\"potentialAction\":[{\"@type\":\"ReadAction\",\"target\":[\"https:\/\/portalraizesnoticias.com.br\/?p=5113\"]}]},{\"@type\":\"ImageObject\",\"inLanguage\":\"pt-BR\",\"@id\":\"https:\/\/portalraizesnoticias.com.br\/?p=5113#primaryimage\",\"url\":\"https:\/\/portalraizesnoticias.com.br\/wp-content\/uploads\/2025\/03\/un-remede-miracle-pour-guerir-du-cholera-vous-ne-devinerez-jamais-d-ou-il-provient-1726866908386_512.jpeg\",\"contentUrl\":\"https:\/\/portalraizesnoticias.com.br\/wp-content\/uploads\/2025\/03\/un-remede-miracle-pour-guerir-du-cholera-vous-ne-devinerez-jamais-d-ou-il-provient-1726866908386_512.jpeg\",\"width\":512,\"height\":368},{\"@type\":\"BreadcrumbList\",\"@id\":\"https:\/\/portalraizesnoticias.com.br\/?p=5113#breadcrumb\",\"itemListElement\":[{\"@type\":\"ListItem\",\"position\":1,\"name\":\"In\u00edcio\",\"item\":\"https:\/\/portalraizesnoticias.com.br\/\"},{\"@type\":\"ListItem\",\"position\":2,\"name\":\"Coit\u00e9: Secretaria de Sa\u00fade confirma caso de \u00a0c\u00f3lera em homem de 60 anos\"}]},{\"@type\":\"WebSite\",\"@id\":\"https:\/\/portalraizesnoticias.com.br\/#website\",\"url\":\"https:\/\/portalraizesnoticias.com.br\/\",\"name\":\"Portal raizes NOTICIAS\",\"description\":\"site de noticias de concei\u00e7\u00e3o do coit\u00e9 e regi\u00e3o\",\"publisher\":{\"@id\":\"https:\/\/portalraizesnoticias.com.br\/#organization\"},\"alternateName\":\"PORTAL RAIZES COIT\u00c9\",\"potentialAction\":[{\"@type\":\"SearchAction\",\"target\":{\"@type\":\"EntryPoint\",\"urlTemplate\":\"https:\/\/portalraizesnoticias.com.br\/?s={search_term_string}\"},\"query-input\":{\"@type\":\"PropertyValueSpecification\",\"valueRequired\":true,\"valueName\":\"search_term_string\"}}],\"inLanguage\":\"pt-BR\"},{\"@type\":\"Organization\",\"@id\":\"https:\/\/portalraizesnoticias.com.br\/#organization\",\"name\":\"Portal raizes NOTICIAS\",\"url\":\"https:\/\/portalraizesnoticias.com.br\/\",\"logo\":{\"@type\":\"ImageObject\",\"inLanguage\":\"pt-BR\",\"@id\":\"https:\/\/portalraizesnoticias.com.br\/#\/schema\/logo\/image\/\",\"url\":\"https:\/\/portalraizesnoticias.com.br\/wp-content\/uploads\/2024\/09\/cropped-Captura-de-tela-2024-09-08-011108.png\",\"contentUrl\":\"https:\/\/portalraizesnoticias.com.br\/wp-content\/uploads\/2024\/09\/cropped-Captura-de-tela-2024-09-08-011108.png\",\"width\":606,\"height\":173,\"caption\":\"Portal raizes NOTICIAS\"},\"image\":{\"@id\":\"https:\/\/portalraizesnoticias.com.br\/#\/schema\/logo\/image\/\"}},{\"@type\":\"Person\",\"@id\":\"https:\/\/portalraizesnoticias.com.br\/#\/schema\/person\/a3ca6b0fc701e78df19756c417d943ae\",\"name\":\"Portal Raizes\",\"image\":{\"@type\":\"ImageObject\",\"inLanguage\":\"pt-BR\",\"@id\":\"https:\/\/portalraizesnoticias.com.br\/#\/schema\/person\/image\/\",\"url\":\"https:\/\/secure.gravatar.com\/avatar\/ef450d29013a3d3fba867a12a249d7b1?s=96&d=mm&r=g\",\"contentUrl\":\"https:\/\/secure.gravatar.com\/avatar\/ef450d29013a3d3fba867a12a249d7b1?s=96&d=mm&r=g\",\"caption\":\"Portal Raizes\"},\"url\":\"https:\/\/portalraizesnoticias.com.br\/?author=3\"}]}<\/script>\n<!-- \/ Yoast SEO plugin. -->","yoast_head_json":{"title":"Coit\u00e9: Secretaria de Sa\u00fade confirma caso de \u00a0c\u00f3lera em homem de 60 anos - Portal raizes noticias","robots":{"index":"index","follow":"follow","max-snippet":"max-snippet:-1","max-image-preview":"max-image-preview:large","max-video-preview":"max-video-preview:-1"},"canonical":"https:\/\/portalraizesnoticias.com.br\/?p=5113","og_locale":"pt_BR","og_type":"article","og_title":"Coit\u00e9: Secretaria de Sa\u00fade confirma caso de \u00a0c\u00f3lera em homem de 60 anos - Portal raizes noticias","og_description":"Na manh\u00e3 deste domingo (02), a Prefeitura de Concei\u00e7\u00e3o do Coit\u00e9, por meio da Secretaria Municipal de Sa\u00fade, confirmou a notifica\u00e7\u00e3o de um caso de c\u00f3lera no munic\u00edpio. Saiba mais sobre o que \u00e9 c\u00f3lera\u00a0 Segundo a nota, o paciente, um homem de 60 anos, j\u00e1 recebeu alta hospitalar e segue em recupera\u00e7\u00e3o domiciliar, apresentando quadro de sa\u00fade leve. As autoridades sanit\u00e1rias est\u00e3o investigando a poss\u00edvel origem da infec\u00e7\u00e3o. \u00a0 \u00a0A confirma\u00e7\u00e3o laboratorial foi realizada pelo Laborat\u00f3rio Central de Sa\u00fade P\u00fablica (Lacen) no dia 23 de fevereiro. \u00a0 \u00a0 \u00a0 No comunicado, a prefeitura informou que, para conter a dissemina\u00e7\u00e3o da doen\u00e7a, a Secretaria de Sa\u00fade j\u00e1 iniciou as seguintes a\u00e7\u00f5es.\u00a0 \u00a0Confira:\u00a0 \u00a0 \u2714 Coleta de amostras de \u00e1gua para an\u00e1lise de poss\u00edveis contamina\u00e7\u00f5es; \u2714 Realiza\u00e7\u00e3o de exames nos contatos pr\u00f3ximos ao paciente; \u2714 A\u00e7\u00f5es de educa\u00e7\u00e3o em sa\u00fade para conscientizar a popula\u00e7\u00e3o sobre a import\u00e2ncia da higiene e do consumo seguro de \u00e1gua e alimentos. \u00a0 Recomenda\u00e7\u00f5es \u00e0 popula\u00e7\u00e3o \u00a0 A Prefeitura refor\u00e7a a necessidade de seguir medidas de higiene pessoal e seguran\u00e7a alimentar, incluindo: \u00a0 \u2714 Lavar bem as m\u00e3os com \u00e1gua e sab\u00e3o, especialmente antes das refei\u00e7\u00f5es e ap\u00f3s o uso do banheiro; \u2714 Consumir apenas \u00e1gua tratada ou fervida; \u2714 Evitar o consumo de alimentos crus ou mal cozidos de origem duvidosa; \u2714 Manter os reservat\u00f3rios de \u00e1gua limpos e bem tampados. \u00a0 Onde procurar atendimento? \u00a0 Moradores que apresentarem sintomas como diarreia intensa, v\u00f4mitos e sinais de desidrata\u00e7\u00e3o devem procurar a unidade de sa\u00fade mais pr\u00f3xima para atendimento imediato. \u00a0 Para mais informa\u00e7\u00f5es, a popula\u00e7\u00e3o pode entrar em contato com a Vigil\u00e2ncia Epidemiol\u00f3gica pelo telefone 0800 0420150. \u00a0 \u00a0 Reda\u00e7\u00e3o com Informa\u00e7\u00f5es Ascom\/Prefeitura Foto: Reprodu\u00e7\u00e3o\u00a0","og_url":"https:\/\/portalraizesnoticias.com.br\/?p=5113","og_site_name":"Portal raizes noticias","article_published_time":"2025-03-02T12:01:55+00:00","og_image":[{"width":512,"height":368,"url":"https:\/\/portalraizesnoticias.com.br\/wp-content\/uploads\/2025\/03\/un-remede-miracle-pour-guerir-du-cholera-vous-ne-devinerez-jamais-d-ou-il-provient-1726866908386_512.jpeg","type":"image\/jpeg"}],"author":"Portal Raizes","twitter_card":"summary_large_image","twitter_misc":{"Escrito por":"Portal Raizes","Est. tempo de leitura":"2 minutos"},"schema":{"@context":"https:\/\/schema.org","@graph":[{"@type":"Article","@id":"https:\/\/portalraizesnoticias.com.br\/?p=5113#article","isPartOf":{"@id":"https:\/\/portalraizesnoticias.com.br\/?p=5113"},"author":{"name":"Portal Raizes","@id":"https:\/\/portalraizesnoticias.com.br\/#\/schema\/person\/a3ca6b0fc701e78df19756c417d943ae"},"headline":"Coit\u00e9: Secretaria de Sa\u00fade confirma caso de \u00a0c\u00f3lera em homem de 60 anos","datePublished":"2025-03-02T12:01:55+00:00","mainEntityOfPage":{"@id":"https:\/\/portalraizesnoticias.com.br\/?p=5113"},"wordCount":318,"commentCount":0,"publisher":{"@id":"https:\/\/portalraizesnoticias.com.br\/#organization"},"image":{"@id":"https:\/\/portalraizesnoticias.com.br\/?p=5113#primaryimage"},"thumbnailUrl":"https:\/\/portalraizesnoticias.com.br\/wp-content\/uploads\/2025\/03\/un-remede-miracle-pour-guerir-du-cholera-vous-ne-devinerez-jamais-d-ou-il-provient-1726866908386_512.jpeg","keywords":["Caso","Colera","Prefeifura","Secretaria de saude"],"articleSection":["DESTAQUES","SA\u00daDE","ULTIMAS NOTICIAS"],"inLanguage":"pt-BR","potentialAction":[{"@type":"CommentAction","name":"Comment","target":["https:\/\/portalraizesnoticias.com.br\/?p=5113#respond"]}]},{"@type":"WebPage","@id":"https:\/\/portalraizesnoticias.com.br\/?p=5113","url":"https:\/\/portalraizesnoticias.com.br\/?p=5113","name":"Coit\u00e9: Secretaria de Sa\u00fade confirma caso de \u00a0c\u00f3lera em homem de 60 anos - Portal raizes noticias","isPartOf":{"@id":"https:\/\/portalraizesnoticias.com.br\/#website"},"primaryImageOfPage":{"@id":"https:\/\/portalraizesnoticias.com.br\/?p=5113#primaryimage"},"image":{"@id":"https:\/\/portalraizesnoticias.com.br\/?p=5113#primaryimage"},"thumbnailUrl":"https:\/\/portalraizesnoticias.com.br\/wp-content\/uploads\/2025\/03\/un-remede-miracle-pour-guerir-du-cholera-vous-ne-devinerez-jamais-d-ou-il-provient-1726866908386_512.jpeg","datePublished":"2025-03-02T12:01:55+00:00","breadcrumb":{"@id":"https:\/\/portalraizesnoticias.com.br\/?p=5113#breadcrumb"},"inLanguage":"pt-BR","potentialAction":[{"@type":"ReadAction","target":["https:\/\/portalraizesnoticias.com.br\/?p=5113"]}]},{"@type":"ImageObject","inLanguage":"pt-BR","@id":"https:\/\/portalraizesnoticias.com.br\/?p=5113#primaryimage","url":"https:\/\/portalraizesnoticias.com.br\/wp-content\/uploads\/2025\/03\/un-remede-miracle-pour-guerir-du-cholera-vous-ne-devinerez-jamais-d-ou-il-provient-1726866908386_512.jpeg","contentUrl":"https:\/\/portalraizesnoticias.com.br\/wp-content\/uploads\/2025\/03\/un-remede-miracle-pour-guerir-du-cholera-vous-ne-devinerez-jamais-d-ou-il-provient-1726866908386_512.jpeg","width":512,"height":368},{"@type":"BreadcrumbList","@id":"https:\/\/portalraizesnoticias.com.br\/?p=5113#breadcrumb","itemListElement":[{"@type":"ListItem","position":1,"name":"In\u00edcio","item":"https:\/\/portalraizesnoticias.com.br\/"},{"@type":"ListItem","position":2,"name":"Coit\u00e9: Secretaria de Sa\u00fade confirma caso de \u00a0c\u00f3lera em homem de 60 anos"}]},{"@type":"WebSite","@id":"https:\/\/portalraizesnoticias.com.br\/#website","url":"https:\/\/portalraizesnoticias.com.br\/","name":"Portal raizes NOTICIAS","description":"site de noticias de concei\u00e7\u00e3o do coit\u00e9 e regi\u00e3o","publisher":{"@id":"https:\/\/portalraizesnoticias.com.br\/#organization"},"alternateName":"PORTAL RAIZES COIT\u00c9","potentialAction":[{"@type":"SearchAction","target":{"@type":"EntryPoint","urlTemplate":"https:\/\/portalraizesnoticias.com.br\/?s={search_term_string}"},"query-input":{"@type":"PropertyValueSpecification","valueRequired":true,"valueName":"search_term_string"}}],"inLanguage":"pt-BR"},{"@type":"Organization","@id":"https:\/\/portalraizesnoticias.com.br\/#organization","name":"Portal raizes NOTICIAS","url":"https:\/\/portalraizesnoticias.com.br\/","logo":{"@type":"ImageObject","inLanguage":"pt-BR","@id":"https:\/\/portalraizesnoticias.com.br\/#\/schema\/logo\/image\/","url":"https:\/\/portalraizesnoticias.com.br\/wp-content\/uploads\/2024\/09\/cropped-Captura-de-tela-2024-09-08-011108.png","contentUrl":"https:\/\/portalraizesnoticias.com.br\/wp-content\/uploads\/2024\/09\/cropped-Captura-de-tela-2024-09-08-011108.png","width":606,"height":173,"caption":"Portal raizes NOTICIAS"},"image":{"@id":"https:\/\/portalraizesnoticias.com.br\/#\/schema\/logo\/image\/"}},{"@type":"Person","@id":"https:\/\/portalraizesnoticias.com.br\/#\/schema\/person\/a3ca6b0fc701e78df19756c417d943ae","name":"Portal Raizes","image":{"@type":"ImageObject","inLanguage":"pt-BR","@id":"https:\/\/portalraizesnoticias.com.br\/#\/schema\/person\/image\/","url":"https:\/\/secure.gravatar.com\/avatar\/ef450d29013a3d3fba867a12a249d7b1?s=96&d=mm&r=g","contentUrl":"https:\/\/secure.gravatar.com\/avatar\/ef450d29013a3d3fba867a12a249d7b1?s=96&d=mm&r=g","caption":"Portal Raizes"},"url":"https:\/\/portalraizesnoticias.com.br\/?author=3"}]}},"_links":{"self":[{"href":"https:\/\/portalraizesnoticias.com.br\/index.php?rest_route=\/wp\/v2\/posts\/5113"}],"collection":[{"href":"https:\/\/portalraizesnoticias.com.br\/index.php?rest_route=\/wp\/v2\/posts"}],"about":[{"href":"https:\/\/portalraizesnoticias.com.br\/index.php?rest_route=\/wp\/v2\/types\/post"}],"author":[{"embeddable":true,"href":"https:\/\/portalraizesnoticias.com.br\/index.php?rest_route=\/wp\/v2\/users\/3"}],"replies":[{"embeddable":true,"href":"https:\/\/portalraizesnoticias.com.br\/index.php?rest_route=%2Fwp%2Fv2%2Fcomments&post=5113"}],"version-history":[{"count":1,"href":"https:\/\/portalraizesnoticias.com.br\/index.php?rest_route=\/wp\/v2\/posts\/5113\/revisions"}],"predecessor-version":[{"id":5115,"href":"https:\/\/portalraizesnoticias.com.br\/index.php?rest_route=\/wp\/v2\/posts\/5113\/revisions\/5115"}],"wp:featuredmedia":[{"embeddable":true,"href":"https:\/\/portalraizesnoticias.com.br\/index.php?rest_route=\/wp\/v2\/media\/5114"}],"wp:attachment":[{"href":"https:\/\/portalraizesnoticias.com.br\/index.php?rest_route=%2Fwp%2Fv2%2Fmedia&parent=5113"}],"wp:term":[{"taxonomy":"category","embeddable":true,"href":"https:\/\/portalraizesnoticias.com.br\/index.php?rest_route=%2Fwp%2Fv2%2Fcategories&post=5113"},{"taxonomy":"post_tag","embeddable":true,"href":"https:\/\/portalraizesnoticias.com.br\/index.php?rest_route=%2Fwp%2Fv2%2Ftags&post=5113"}],"curies":[{"name":"wp","href":"https:\/\/api.w.org\/{rel}","templated":true}]}}