{"id":5103,"date":"2025-03-01T18:36:43","date_gmt":"2025-03-01T21:36:43","guid":{"rendered":"https:\/\/portalraizesnoticias.com.br\/?p=5103"},"modified":"2025-03-01T18:41:19","modified_gmt":"2025-03-01T21:41:19","slug":"pm-prende-homem-apos-denuncia-de-disparo-de-arma-de-fogo-em-via-publica-de-queimadas-arma-e-municoes-foram-apreendidas","status":"publish","type":"post","link":"https:\/\/portalraizesnoticias.com.br\/?p=5103","title":{"rendered":"PM prende homem ap\u00f3s den\u00fancia de disparo de arma de fogo em via p\u00fablica de Queimadas; arma e muni\u00e7\u00f5es foram apreendidas"},"content":{"rendered":"<p>Por volta das 14h10 deste s\u00e1bado (01), policiais militares prenderam um homem por posse ilegal de armas em Queimadas, regi\u00e3o sisaleira.<\/p>\n<p><img fetchpriority=\"high\" decoding=\"async\" class=\"size-medium wp-image-4639 aligncenter\" src=\"https:\/\/portalraizesnoticias.com.br\/wp-content\/uploads\/2025\/02\/IMG-20250205-WA0440-300x300.jpg\" alt=\"\" width=\"300\" height=\"300\" srcset=\"https:\/\/portalraizesnoticias.com.br\/wp-content\/uploads\/2025\/02\/IMG-20250205-WA0440-300x300.jpg 300w, https:\/\/portalraizesnoticias.com.br\/wp-content\/uploads\/2025\/02\/IMG-20250205-WA0440-1024x1024.jpg 1024w, https:\/\/portalraizesnoticias.com.br\/wp-content\/uploads\/2025\/02\/IMG-20250205-WA0440-150x150.jpg 150w, https:\/\/portalraizesnoticias.com.br\/wp-content\/uploads\/2025\/02\/IMG-20250205-WA0440-768x768.jpg 768w, https:\/\/portalraizesnoticias.com.br\/wp-content\/uploads\/2025\/02\/IMG-20250205-WA0440.jpg 1080w\" sizes=\"(max-width: 300px) 100vw, 300px\" \/><\/p>\n<p style=\"text-align: center;\"><strong>PUBLICIDADE<\/strong><\/p>\n<p>Segundo informa\u00e7\u00f5es obtidas pelo Portal Ra\u00edzes, os PMs estavam em rondas t\u00e1ticas pela cidade quando receberam informa\u00e7\u00f5es de que um indiv\u00edduo teria efetuado disparos de arma de fogo em via p\u00fablica.<\/p>\n<p><img decoding=\"async\" class=\"size-medium wp-image-4263 aligncenter\" src=\"https:\/\/portalraizesnoticias.com.br\/wp-content\/uploads\/2025\/01\/IMG-20250120-WA0370-210x300.jpg\" alt=\"\" width=\"210\" height=\"300\" srcset=\"https:\/\/portalraizesnoticias.com.br\/wp-content\/uploads\/2025\/01\/IMG-20250120-WA0370-210x300.jpg 210w, https:\/\/portalraizesnoticias.com.br\/wp-content\/uploads\/2025\/01\/IMG-20250120-WA0370-717x1024.jpg 717w, https:\/\/portalraizesnoticias.com.br\/wp-content\/uploads\/2025\/01\/IMG-20250120-WA0370-768x1096.jpg 768w, https:\/\/portalraizesnoticias.com.br\/wp-content\/uploads\/2025\/01\/IMG-20250120-WA0370-1076x1536.jpg 1076w, https:\/\/portalraizesnoticias.com.br\/wp-content\/uploads\/2025\/01\/IMG-20250120-WA0370.jpg 1121w\" sizes=\"(max-width: 210px) 100vw, 210px\" \/><\/p>\n<p style=\"text-align: center;\"><strong>PUBLICIDADE<\/strong><\/p>\n<p>Ap\u00f3s dilig\u00eancias pela cidade, a guarni\u00e7\u00e3o conseguiu localizar o indiv\u00edduo e encontrou sob posse do homem uma espingarda calibre 12 e 10 cartuchos intactos.<\/p>\n<p><img decoding=\"async\" class=\"size-medium wp-image-4111 aligncenter\" src=\"https:\/\/portalraizesnoticias.com.br\/wp-content\/uploads\/2025\/01\/M.I-laranja-branco_page-0001-300x210.jpg\" alt=\"\" width=\"300\" height=\"210\" srcset=\"https:\/\/portalraizesnoticias.com.br\/wp-content\/uploads\/2025\/01\/M.I-laranja-branco_page-0001-300x210.jpg 300w, https:\/\/portalraizesnoticias.com.br\/wp-content\/uploads\/2025\/01\/M.I-laranja-branco_page-0001-1024x717.jpg 1024w, https:\/\/portalraizesnoticias.com.br\/wp-content\/uploads\/2025\/01\/M.I-laranja-branco_page-0001-768x538.jpg 768w, https:\/\/portalraizesnoticias.com.br\/wp-content\/uploads\/2025\/01\/M.I-laranja-branco_page-0001-1536x1075.jpg 1536w, https:\/\/portalraizesnoticias.com.br\/wp-content\/uploads\/2025\/01\/M.I-laranja-branco_page-0001-2048x1434.jpg 2048w\" sizes=\"(max-width: 300px) 100vw, 300px\" \/><\/p>\n<p style=\"text-align: center;\"><strong>PUBLICIDADE<\/strong><\/p>\n<p>De imediato, foi dada a voz de pris\u00e3o e conduzido o suspeito \u00e0 Delegacia de Senhor do Bonfim para se tomarem as medidas cab\u00edveis.<\/p>\n<p><em>Material apreendido.<\/em><\/p>\n<p><em>&#8211; 01(uma) espingarda calibre .12 marca CBC<\/em><\/p>\n<p><em>&#8211; 10 (dez) cartuchos de calibre .12<\/em><\/p>\n<p><em>&#8211; 05 (cinco) documentos de ve\u00edculos diversos<\/em><\/p>\n<p><em>&#8211; 17 (dezessete) promiss\u00f3rias, no valor de 78.500,00 (setenta e oito mil e quinhentos reais)<\/em><\/p>\n<p><em>&#8211; 03 (tr\u00eas) folhas de cheque, no valor 18.850,00 (dezoito mil oitocentos e cinquenta reais.)<\/em><\/p>\n<p><em>&#8211; 01 (um) Smartphone Redmi Note 13 Pro+ cor azul.<\/em><\/p>\n<p>Reda\u00e7\u00e3o Portal Ra\u00edzes<\/p>\n<p>Foto: PM<\/p>\n","protected":false},"excerpt":{"rendered":"<p>Por volta das 14h10 deste s\u00e1bado (01), policiais militares prenderam um homem por posse ilegal de armas em Queimadas, regi\u00e3o sisaleira. PUBLICIDADE Segundo informa\u00e7\u00f5es obtidas pelo Portal Ra\u00edzes, os PMs estavam em rondas t\u00e1ticas pela cidade quando receberam informa\u00e7\u00f5es de que um indiv\u00edduo teria efetuado disparos de arma de fogo em via p\u00fablica. PUBLICIDADE Ap\u00f3s dilig\u00eancias pela cidade, a guarni\u00e7\u00e3o conseguiu localizar o indiv\u00edduo e encontrou sob posse do homem uma espingarda calibre 12 e 10 cartuchos intactos. PUBLICIDADE De imediato, foi dada a voz de pris\u00e3o e conduzido o suspeito \u00e0 Delegacia de Senhor do Bonfim para se tomarem as medidas cab\u00edveis. Material apreendido. &#8211; 01(uma) espingarda calibre .12 marca CBC &#8211; 10 (dez) cartuchos de calibre .12 &#8211; 05 (cinco) documentos de ve\u00edculos diversos &#8211; 17 (dezessete) promiss\u00f3rias, no valor de 78.500,00 (setenta e oito mil e quinhentos reais) &#8211; 03 (tr\u00eas) folhas de cheque, no valor 18.850,00 (dezoito mil oitocentos e cinquenta reais.) &#8211; 01 (um) Smartphone Redmi Note 13 Pro+ cor azul. Reda\u00e7\u00e3o Portal Ra\u00edzes Foto: PM<\/p>\n","protected":false},"author":3,"featured_media":5104,"comment_status":"open","ping_status":"open","sticky":false,"template":"","format":"standard","meta":{"_joinchat":[],"footnotes":""},"categories":[55,67,59],"tags":[870,142,236,747],"class_list":["post-5103","post","type-post","status-publish","format-standard","has-post-thumbnail","hentry","category-destaques","category-policia","category-ultimas-noticias","tag-flagrante","tag-homem","tag-preso","tag-queimadas"],"yoast_head":"<!-- This site is optimized with the Yoast SEO plugin v24.4 - https:\/\/yoast.com\/wordpress\/plugins\/seo\/ -->\n<title>PM prende homem ap\u00f3s den\u00fancia de disparo de arma de fogo em via p\u00fablica de Queimadas; arma e muni\u00e7\u00f5es foram apreendidas - Portal raizes noticias<\/title>\n<meta name=\"robots\" content=\"index, follow, max-snippet:-1, max-image-preview:large, max-video-preview:-1\" \/>\n<link rel=\"canonical\" href=\"https:\/\/portalraizesnoticias.com.br\/?p=5103\" \/>\n<meta property=\"og:locale\" content=\"pt_BR\" \/>\n<meta property=\"og:type\" content=\"article\" \/>\n<meta property=\"og:title\" content=\"PM prende homem ap\u00f3s den\u00fancia de disparo de arma de fogo em via p\u00fablica de Queimadas; arma e muni\u00e7\u00f5es foram apreendidas - Portal raizes noticias\" \/>\n<meta property=\"og:description\" content=\"Por volta das 14h10 deste s\u00e1bado (01), policiais militares prenderam um homem por posse ilegal de armas em Queimadas, regi\u00e3o sisaleira. PUBLICIDADE Segundo informa\u00e7\u00f5es obtidas pelo Portal Ra\u00edzes, os PMs estavam em rondas t\u00e1ticas pela cidade quando receberam informa\u00e7\u00f5es de que um indiv\u00edduo teria efetuado disparos de arma de fogo em via p\u00fablica. PUBLICIDADE Ap\u00f3s dilig\u00eancias pela cidade, a guarni\u00e7\u00e3o conseguiu localizar o indiv\u00edduo e encontrou sob posse do homem uma espingarda calibre 12 e 10 cartuchos intactos. PUBLICIDADE De imediato, foi dada a voz de pris\u00e3o e conduzido o suspeito \u00e0 Delegacia de Senhor do Bonfim para se tomarem as medidas cab\u00edveis. Material apreendido. &#8211; 01(uma) espingarda calibre .12 marca CBC &#8211; 10 (dez) cartuchos de calibre .12 &#8211; 05 (cinco) documentos de ve\u00edculos diversos &#8211; 17 (dezessete) promiss\u00f3rias, no valor de 78.500,00 (setenta e oito mil e quinhentos reais) &#8211; 03 (tr\u00eas) folhas de cheque, no valor 18.850,00 (dezoito mil oitocentos e cinquenta reais.) &#8211; 01 (um) Smartphone Redmi Note 13 Pro+ cor azul. Reda\u00e7\u00e3o Portal Ra\u00edzes Foto: PM\" \/>\n<meta property=\"og:url\" content=\"https:\/\/portalraizesnoticias.com.br\/?p=5103\" \/>\n<meta property=\"og:site_name\" content=\"Portal raizes noticias\" \/>\n<meta property=\"article:published_time\" content=\"2025-03-01T21:36:43+00:00\" \/>\n<meta property=\"article:modified_time\" content=\"2025-03-01T21:41:19+00:00\" \/>\n<meta property=\"og:image\" content=\"https:\/\/portalraizesnoticias.com.br\/wp-content\/uploads\/2025\/03\/IMG-20250301-WA0372.jpg\" \/>\n\t<meta property=\"og:image:width\" content=\"1280\" \/>\n\t<meta property=\"og:image:height\" content=\"576\" \/>\n\t<meta property=\"og:image:type\" content=\"image\/jpeg\" \/>\n<meta name=\"author\" content=\"Portal Raizes\" \/>\n<meta name=\"twitter:card\" content=\"summary_large_image\" \/>\n<meta name=\"twitter:label1\" content=\"Escrito por\" \/>\n\t<meta name=\"twitter:data1\" content=\"Portal Raizes\" \/>\n\t<meta name=\"twitter:label2\" content=\"Est. tempo de leitura\" \/>\n\t<meta name=\"twitter:data2\" content=\"2 minutos\" \/>\n<script type=\"application\/ld+json\" class=\"yoast-schema-graph\">{\"@context\":\"https:\/\/schema.org\",\"@graph\":[{\"@type\":\"Article\",\"@id\":\"https:\/\/portalraizesnoticias.com.br\/?p=5103#article\",\"isPartOf\":{\"@id\":\"https:\/\/portalraizesnoticias.com.br\/?p=5103\"},\"author\":{\"name\":\"Portal Raizes\",\"@id\":\"https:\/\/portalraizesnoticias.com.br\/#\/schema\/person\/a3ca6b0fc701e78df19756c417d943ae\"},\"headline\":\"PM prende homem ap\u00f3s den\u00fancia de disparo de arma de fogo em via p\u00fablica de Queimadas; arma e muni\u00e7\u00f5es foram apreendidas\",\"datePublished\":\"2025-03-01T21:36:43+00:00\",\"dateModified\":\"2025-03-01T21:41:19+00:00\",\"mainEntityOfPage\":{\"@id\":\"https:\/\/portalraizesnoticias.com.br\/?p=5103\"},\"wordCount\":201,\"commentCount\":0,\"publisher\":{\"@id\":\"https:\/\/portalraizesnoticias.com.br\/#organization\"},\"image\":{\"@id\":\"https:\/\/portalraizesnoticias.com.br\/?p=5103#primaryimage\"},\"thumbnailUrl\":\"https:\/\/portalraizesnoticias.com.br\/wp-content\/uploads\/2025\/03\/IMG-20250301-WA0372.jpg\",\"keywords\":[\"Flagrante\",\"Homem\",\"Preso\",\"Queimadas\"],\"articleSection\":[\"DESTAQUES\",\"POLICIA\",\"ULTIMAS NOTICIAS\"],\"inLanguage\":\"pt-BR\",\"potentialAction\":[{\"@type\":\"CommentAction\",\"name\":\"Comment\",\"target\":[\"https:\/\/portalraizesnoticias.com.br\/?p=5103#respond\"]}]},{\"@type\":\"WebPage\",\"@id\":\"https:\/\/portalraizesnoticias.com.br\/?p=5103\",\"url\":\"https:\/\/portalraizesnoticias.com.br\/?p=5103\",\"name\":\"PM prende homem ap\u00f3s den\u00fancia de disparo de arma de fogo em via p\u00fablica de Queimadas; arma e muni\u00e7\u00f5es foram apreendidas - Portal raizes noticias\",\"isPartOf\":{\"@id\":\"https:\/\/portalraizesnoticias.com.br\/#website\"},\"primaryImageOfPage\":{\"@id\":\"https:\/\/portalraizesnoticias.com.br\/?p=5103#primaryimage\"},\"image\":{\"@id\":\"https:\/\/portalraizesnoticias.com.br\/?p=5103#primaryimage\"},\"thumbnailUrl\":\"https:\/\/portalraizesnoticias.com.br\/wp-content\/uploads\/2025\/03\/IMG-20250301-WA0372.jpg\",\"datePublished\":\"2025-03-01T21:36:43+00:00\",\"dateModified\":\"2025-03-01T21:41:19+00:00\",\"breadcrumb\":{\"@id\":\"https:\/\/portalraizesnoticias.com.br\/?p=5103#breadcrumb\"},\"inLanguage\":\"pt-BR\",\"potentialAction\":[{\"@type\":\"ReadAction\",\"target\":[\"https:\/\/portalraizesnoticias.com.br\/?p=5103\"]}]},{\"@type\":\"ImageObject\",\"inLanguage\":\"pt-BR\",\"@id\":\"https:\/\/portalraizesnoticias.com.br\/?p=5103#primaryimage\",\"url\":\"https:\/\/portalraizesnoticias.com.br\/wp-content\/uploads\/2025\/03\/IMG-20250301-WA0372.jpg\",\"contentUrl\":\"https:\/\/portalraizesnoticias.com.br\/wp-content\/uploads\/2025\/03\/IMG-20250301-WA0372.jpg\",\"width\":1280,\"height\":576},{\"@type\":\"BreadcrumbList\",\"@id\":\"https:\/\/portalraizesnoticias.com.br\/?p=5103#breadcrumb\",\"itemListElement\":[{\"@type\":\"ListItem\",\"position\":1,\"name\":\"In\u00edcio\",\"item\":\"https:\/\/portalraizesnoticias.com.br\/\"},{\"@type\":\"ListItem\",\"position\":2,\"name\":\"PM prende homem ap\u00f3s den\u00fancia de disparo de arma de fogo em via p\u00fablica de Queimadas; arma e muni\u00e7\u00f5es foram apreendidas\"}]},{\"@type\":\"WebSite\",\"@id\":\"https:\/\/portalraizesnoticias.com.br\/#website\",\"url\":\"https:\/\/portalraizesnoticias.com.br\/\",\"name\":\"Portal raizes NOTICIAS\",\"description\":\"site de noticias de concei\u00e7\u00e3o do coit\u00e9 e regi\u00e3o\",\"publisher\":{\"@id\":\"https:\/\/portalraizesnoticias.com.br\/#organization\"},\"alternateName\":\"PORTAL RAIZES COIT\u00c9\",\"potentialAction\":[{\"@type\":\"SearchAction\",\"target\":{\"@type\":\"EntryPoint\",\"urlTemplate\":\"https:\/\/portalraizesnoticias.com.br\/?s={search_term_string}\"},\"query-input\":{\"@type\":\"PropertyValueSpecification\",\"valueRequired\":true,\"valueName\":\"search_term_string\"}}],\"inLanguage\":\"pt-BR\"},{\"@type\":\"Organization\",\"@id\":\"https:\/\/portalraizesnoticias.com.br\/#organization\",\"name\":\"Portal raizes NOTICIAS\",\"url\":\"https:\/\/portalraizesnoticias.com.br\/\",\"logo\":{\"@type\":\"ImageObject\",\"inLanguage\":\"pt-BR\",\"@id\":\"https:\/\/portalraizesnoticias.com.br\/#\/schema\/logo\/image\/\",\"url\":\"https:\/\/portalraizesnoticias.com.br\/wp-content\/uploads\/2024\/09\/cropped-Captura-de-tela-2024-09-08-011108.png\",\"contentUrl\":\"https:\/\/portalraizesnoticias.com.br\/wp-content\/uploads\/2024\/09\/cropped-Captura-de-tela-2024-09-08-011108.png\",\"width\":606,\"height\":173,\"caption\":\"Portal raizes NOTICIAS\"},\"image\":{\"@id\":\"https:\/\/portalraizesnoticias.com.br\/#\/schema\/logo\/image\/\"}},{\"@type\":\"Person\",\"@id\":\"https:\/\/portalraizesnoticias.com.br\/#\/schema\/person\/a3ca6b0fc701e78df19756c417d943ae\",\"name\":\"Portal Raizes\",\"image\":{\"@type\":\"ImageObject\",\"inLanguage\":\"pt-BR\",\"@id\":\"https:\/\/portalraizesnoticias.com.br\/#\/schema\/person\/image\/\",\"url\":\"https:\/\/secure.gravatar.com\/avatar\/ef450d29013a3d3fba867a12a249d7b1?s=96&d=mm&r=g\",\"contentUrl\":\"https:\/\/secure.gravatar.com\/avatar\/ef450d29013a3d3fba867a12a249d7b1?s=96&d=mm&r=g\",\"caption\":\"Portal Raizes\"},\"url\":\"https:\/\/portalraizesnoticias.com.br\/?author=3\"}]}<\/script>\n<!-- \/ Yoast SEO plugin. -->","yoast_head_json":{"title":"PM prende homem ap\u00f3s den\u00fancia de disparo de arma de fogo em via p\u00fablica de Queimadas; arma e muni\u00e7\u00f5es foram apreendidas - Portal raizes noticias","robots":{"index":"index","follow":"follow","max-snippet":"max-snippet:-1","max-image-preview":"max-image-preview:large","max-video-preview":"max-video-preview:-1"},"canonical":"https:\/\/portalraizesnoticias.com.br\/?p=5103","og_locale":"pt_BR","og_type":"article","og_title":"PM prende homem ap\u00f3s den\u00fancia de disparo de arma de fogo em via p\u00fablica de Queimadas; arma e muni\u00e7\u00f5es foram apreendidas - Portal raizes noticias","og_description":"Por volta das 14h10 deste s\u00e1bado (01), policiais militares prenderam um homem por posse ilegal de armas em Queimadas, regi\u00e3o sisaleira. PUBLICIDADE Segundo informa\u00e7\u00f5es obtidas pelo Portal Ra\u00edzes, os PMs estavam em rondas t\u00e1ticas pela cidade quando receberam informa\u00e7\u00f5es de que um indiv\u00edduo teria efetuado disparos de arma de fogo em via p\u00fablica. PUBLICIDADE Ap\u00f3s dilig\u00eancias pela cidade, a guarni\u00e7\u00e3o conseguiu localizar o indiv\u00edduo e encontrou sob posse do homem uma espingarda calibre 12 e 10 cartuchos intactos. PUBLICIDADE De imediato, foi dada a voz de pris\u00e3o e conduzido o suspeito \u00e0 Delegacia de Senhor do Bonfim para se tomarem as medidas cab\u00edveis. Material apreendido. &#8211; 01(uma) espingarda calibre .12 marca CBC &#8211; 10 (dez) cartuchos de calibre .12 &#8211; 05 (cinco) documentos de ve\u00edculos diversos &#8211; 17 (dezessete) promiss\u00f3rias, no valor de 78.500,00 (setenta e oito mil e quinhentos reais) &#8211; 03 (tr\u00eas) folhas de cheque, no valor 18.850,00 (dezoito mil oitocentos e cinquenta reais.) &#8211; 01 (um) Smartphone Redmi Note 13 Pro+ cor azul. Reda\u00e7\u00e3o Portal Ra\u00edzes Foto: PM","og_url":"https:\/\/portalraizesnoticias.com.br\/?p=5103","og_site_name":"Portal raizes noticias","article_published_time":"2025-03-01T21:36:43+00:00","article_modified_time":"2025-03-01T21:41:19+00:00","og_image":[{"width":1280,"height":576,"url":"https:\/\/portalraizesnoticias.com.br\/wp-content\/uploads\/2025\/03\/IMG-20250301-WA0372.jpg","type":"image\/jpeg"}],"author":"Portal Raizes","twitter_card":"summary_large_image","twitter_misc":{"Escrito por":"Portal Raizes","Est. tempo de leitura":"2 minutos"},"schema":{"@context":"https:\/\/schema.org","@graph":[{"@type":"Article","@id":"https:\/\/portalraizesnoticias.com.br\/?p=5103#article","isPartOf":{"@id":"https:\/\/portalraizesnoticias.com.br\/?p=5103"},"author":{"name":"Portal Raizes","@id":"https:\/\/portalraizesnoticias.com.br\/#\/schema\/person\/a3ca6b0fc701e78df19756c417d943ae"},"headline":"PM prende homem ap\u00f3s den\u00fancia de disparo de arma de fogo em via p\u00fablica de Queimadas; arma e muni\u00e7\u00f5es foram apreendidas","datePublished":"2025-03-01T21:36:43+00:00","dateModified":"2025-03-01T21:41:19+00:00","mainEntityOfPage":{"@id":"https:\/\/portalraizesnoticias.com.br\/?p=5103"},"wordCount":201,"commentCount":0,"publisher":{"@id":"https:\/\/portalraizesnoticias.com.br\/#organization"},"image":{"@id":"https:\/\/portalraizesnoticias.com.br\/?p=5103#primaryimage"},"thumbnailUrl":"https:\/\/portalraizesnoticias.com.br\/wp-content\/uploads\/2025\/03\/IMG-20250301-WA0372.jpg","keywords":["Flagrante","Homem","Preso","Queimadas"],"articleSection":["DESTAQUES","POLICIA","ULTIMAS NOTICIAS"],"inLanguage":"pt-BR","potentialAction":[{"@type":"CommentAction","name":"Comment","target":["https:\/\/portalraizesnoticias.com.br\/?p=5103#respond"]}]},{"@type":"WebPage","@id":"https:\/\/portalraizesnoticias.com.br\/?p=5103","url":"https:\/\/portalraizesnoticias.com.br\/?p=5103","name":"PM prende homem ap\u00f3s den\u00fancia de disparo de arma de fogo em via p\u00fablica de Queimadas; arma e muni\u00e7\u00f5es foram apreendidas - Portal raizes noticias","isPartOf":{"@id":"https:\/\/portalraizesnoticias.com.br\/#website"},"primaryImageOfPage":{"@id":"https:\/\/portalraizesnoticias.com.br\/?p=5103#primaryimage"},"image":{"@id":"https:\/\/portalraizesnoticias.com.br\/?p=5103#primaryimage"},"thumbnailUrl":"https:\/\/portalraizesnoticias.com.br\/wp-content\/uploads\/2025\/03\/IMG-20250301-WA0372.jpg","datePublished":"2025-03-01T21:36:43+00:00","dateModified":"2025-03-01T21:41:19+00:00","breadcrumb":{"@id":"https:\/\/portalraizesnoticias.com.br\/?p=5103#breadcrumb"},"inLanguage":"pt-BR","potentialAction":[{"@type":"ReadAction","target":["https:\/\/portalraizesnoticias.com.br\/?p=5103"]}]},{"@type":"ImageObject","inLanguage":"pt-BR","@id":"https:\/\/portalraizesnoticias.com.br\/?p=5103#primaryimage","url":"https:\/\/portalraizesnoticias.com.br\/wp-content\/uploads\/2025\/03\/IMG-20250301-WA0372.jpg","contentUrl":"https:\/\/portalraizesnoticias.com.br\/wp-content\/uploads\/2025\/03\/IMG-20250301-WA0372.jpg","width":1280,"height":576},{"@type":"BreadcrumbList","@id":"https:\/\/portalraizesnoticias.com.br\/?p=5103#breadcrumb","itemListElement":[{"@type":"ListItem","position":1,"name":"In\u00edcio","item":"https:\/\/portalraizesnoticias.com.br\/"},{"@type":"ListItem","position":2,"name":"PM prende homem ap\u00f3s den\u00fancia de disparo de arma de fogo em via p\u00fablica de Queimadas; arma e muni\u00e7\u00f5es foram apreendidas"}]},{"@type":"WebSite","@id":"https:\/\/portalraizesnoticias.com.br\/#website","url":"https:\/\/portalraizesnoticias.com.br\/","name":"Portal raizes NOTICIAS","description":"site de noticias de concei\u00e7\u00e3o do coit\u00e9 e regi\u00e3o","publisher":{"@id":"https:\/\/portalraizesnoticias.com.br\/#organization"},"alternateName":"PORTAL RAIZES COIT\u00c9","potentialAction":[{"@type":"SearchAction","target":{"@type":"EntryPoint","urlTemplate":"https:\/\/portalraizesnoticias.com.br\/?s={search_term_string}"},"query-input":{"@type":"PropertyValueSpecification","valueRequired":true,"valueName":"search_term_string"}}],"inLanguage":"pt-BR"},{"@type":"Organization","@id":"https:\/\/portalraizesnoticias.com.br\/#organization","name":"Portal raizes NOTICIAS","url":"https:\/\/portalraizesnoticias.com.br\/","logo":{"@type":"ImageObject","inLanguage":"pt-BR","@id":"https:\/\/portalraizesnoticias.com.br\/#\/schema\/logo\/image\/","url":"https:\/\/portalraizesnoticias.com.br\/wp-content\/uploads\/2024\/09\/cropped-Captura-de-tela-2024-09-08-011108.png","contentUrl":"https:\/\/portalraizesnoticias.com.br\/wp-content\/uploads\/2024\/09\/cropped-Captura-de-tela-2024-09-08-011108.png","width":606,"height":173,"caption":"Portal raizes NOTICIAS"},"image":{"@id":"https:\/\/portalraizesnoticias.com.br\/#\/schema\/logo\/image\/"}},{"@type":"Person","@id":"https:\/\/portalraizesnoticias.com.br\/#\/schema\/person\/a3ca6b0fc701e78df19756c417d943ae","name":"Portal Raizes","image":{"@type":"ImageObject","inLanguage":"pt-BR","@id":"https:\/\/portalraizesnoticias.com.br\/#\/schema\/person\/image\/","url":"https:\/\/secure.gravatar.com\/avatar\/ef450d29013a3d3fba867a12a249d7b1?s=96&d=mm&r=g","contentUrl":"https:\/\/secure.gravatar.com\/avatar\/ef450d29013a3d3fba867a12a249d7b1?s=96&d=mm&r=g","caption":"Portal Raizes"},"url":"https:\/\/portalraizesnoticias.com.br\/?author=3"}]}},"_links":{"self":[{"href":"https:\/\/portalraizesnoticias.com.br\/index.php?rest_route=\/wp\/v2\/posts\/5103"}],"collection":[{"href":"https:\/\/portalraizesnoticias.com.br\/index.php?rest_route=\/wp\/v2\/posts"}],"about":[{"href":"https:\/\/portalraizesnoticias.com.br\/index.php?rest_route=\/wp\/v2\/types\/post"}],"author":[{"embeddable":true,"href":"https:\/\/portalraizesnoticias.com.br\/index.php?rest_route=\/wp\/v2\/users\/3"}],"replies":[{"embeddable":true,"href":"https:\/\/portalraizesnoticias.com.br\/index.php?rest_route=%2Fwp%2Fv2%2Fcomments&post=5103"}],"version-history":[{"count":5,"href":"https:\/\/portalraizesnoticias.com.br\/index.php?rest_route=\/wp\/v2\/posts\/5103\/revisions"}],"predecessor-version":[{"id":5111,"href":"https:\/\/portalraizesnoticias.com.br\/index.php?rest_route=\/wp\/v2\/posts\/5103\/revisions\/5111"}],"wp:featuredmedia":[{"embeddable":true,"href":"https:\/\/portalraizesnoticias.com.br\/index.php?rest_route=\/wp\/v2\/media\/5104"}],"wp:attachment":[{"href":"https:\/\/portalraizesnoticias.com.br\/index.php?rest_route=%2Fwp%2Fv2%2Fmedia&parent=5103"}],"wp:term":[{"taxonomy":"category","embeddable":true,"href":"https:\/\/portalraizesnoticias.com.br\/index.php?rest_route=%2Fwp%2Fv2%2Fcategories&post=5103"},{"taxonomy":"post_tag","embeddable":true,"href":"https:\/\/portalraizesnoticias.com.br\/index.php?rest_route=%2Fwp%2Fv2%2Ftags&post=5103"}],"curies":[{"name":"wp","href":"https:\/\/api.w.org\/{rel}","templated":true}]}}