{"id":5087,"date":"2025-02-28T19:21:10","date_gmt":"2025-02-28T22:21:10","guid":{"rendered":"https:\/\/portalraizesnoticias.com.br\/?p=5087"},"modified":"2025-02-28T19:34:56","modified_gmt":"2025-02-28T22:34:56","slug":"suspeito-de-trafico-de-drogas-morre-apos-confronto-com-pms-em-queimadas-vitima-estaria-envolvido-no-assassinato-rapaz-que-matou-o-proprio-irmao","status":"publish","type":"post","link":"https:\/\/portalraizesnoticias.com.br\/?p=5087","title":{"rendered":"Suspeito de tr\u00e1fico de drogas morre ap\u00f3s confronto com PMs em Queimadas; v\u00edtima estaria envolvido no assassinato do rapaz que matou o pr\u00f3prio irm\u00e3o"},"content":{"rendered":"\n<p><\/p>\n\n\n<p>Por volta das 16h20 desta sexta-feira (28), um homem suspeito de tr\u00e1fico de drogas morreu ap\u00f3s troca de tiros com policiais militares em Queimadas, regi\u00e3o sisaleira.\u00a0<\/p>\n<p><img fetchpriority=\"high\" decoding=\"async\" class=\"size-medium wp-image-4639 aligncenter\" src=\"https:\/\/portalraizesnoticias.com.br\/wp-content\/uploads\/2025\/02\/IMG-20250205-WA0440-300x300.jpg\" alt=\"\" width=\"300\" height=\"300\" srcset=\"https:\/\/portalraizesnoticias.com.br\/wp-content\/uploads\/2025\/02\/IMG-20250205-WA0440-300x300.jpg 300w, https:\/\/portalraizesnoticias.com.br\/wp-content\/uploads\/2025\/02\/IMG-20250205-WA0440-1024x1024.jpg 1024w, https:\/\/portalraizesnoticias.com.br\/wp-content\/uploads\/2025\/02\/IMG-20250205-WA0440-150x150.jpg 150w, https:\/\/portalraizesnoticias.com.br\/wp-content\/uploads\/2025\/02\/IMG-20250205-WA0440-768x768.jpg 768w, https:\/\/portalraizesnoticias.com.br\/wp-content\/uploads\/2025\/02\/IMG-20250205-WA0440.jpg 1080w\" sizes=\"(max-width: 300px) 100vw, 300px\" \/><\/p>\n<p style=\"text-align: center;\"><strong>PUBLICIDADE<\/strong>\u00a0<\/p>\n<p>Segundo informa\u00e7\u00f5es apuradas pelo Portal Ra\u00edzes, o fato aconteceu enquanto os PMs faziam rondas pelo bairro Ponte Nova, na cidade de Queimadas, e avistou um indiv\u00edduo portando uma arma na entrada do beco de uma resid\u00eancia.<\/p>\n<p><img decoding=\"async\" class=\"size-medium wp-image-4263 aligncenter\" src=\"https:\/\/portalraizesnoticias.com.br\/wp-content\/uploads\/2025\/01\/IMG-20250120-WA0370-210x300.jpg\" alt=\"\" width=\"210\" height=\"300\" srcset=\"https:\/\/portalraizesnoticias.com.br\/wp-content\/uploads\/2025\/01\/IMG-20250120-WA0370-210x300.jpg 210w, https:\/\/portalraizesnoticias.com.br\/wp-content\/uploads\/2025\/01\/IMG-20250120-WA0370-717x1024.jpg 717w, https:\/\/portalraizesnoticias.com.br\/wp-content\/uploads\/2025\/01\/IMG-20250120-WA0370-768x1096.jpg 768w, https:\/\/portalraizesnoticias.com.br\/wp-content\/uploads\/2025\/01\/IMG-20250120-WA0370-1076x1536.jpg 1076w, https:\/\/portalraizesnoticias.com.br\/wp-content\/uploads\/2025\/01\/IMG-20250120-WA0370.jpg 1121w\" sizes=\"(max-width: 210px) 100vw, 210px\" \/><\/p>\n<p style=\"text-align: center;\"><strong>PUBLICIDADE<\/strong>\u00a0<\/p>\n<p>Ao visualizar a guarni\u00e7\u00e3o, empreendeu saltando um muro baixo do quintal da casa que, ao perceber ter sido alcan\u00e7ado, disparou contra os PMs que revidaram a injusta agress\u00e3o.<\/p>\n<p>Ap\u00f3s cessar a agress\u00e3o, foi encontrado o resistente ao solo com uma arma ao lado.<\/p>\n<p><img decoding=\"async\" class=\"size-medium wp-image-3169 aligncenter\" src=\"https:\/\/portalraizesnoticias.com.br\/wp-content\/uploads\/2024\/12\/01-300x179.png\" alt=\"\" width=\"300\" height=\"179\" srcset=\"https:\/\/portalraizesnoticias.com.br\/wp-content\/uploads\/2024\/12\/01-300x179.png 300w, https:\/\/portalraizesnoticias.com.br\/wp-content\/uploads\/2024\/12\/01-1024x611.png 1024w, https:\/\/portalraizesnoticias.com.br\/wp-content\/uploads\/2024\/12\/01-768x458.png 768w, https:\/\/portalraizesnoticias.com.br\/wp-content\/uploads\/2024\/12\/01-1536x917.png 1536w, https:\/\/portalraizesnoticias.com.br\/wp-content\/uploads\/2024\/12\/01-2048x1222.png 2048w\" sizes=\"(max-width: 300px) 100vw, 300px\" \/><\/p>\n<p style=\"text-align: center;\"><strong>PUBLICIDADE<\/strong>\u00a0<\/p>\n<p>A vitima foi socorrida ao Hospital Edson Silva, onde evoluiu a \u00f3bito.<\/p>\n<p><a href=\"https:\/\/www.calilanoticias.com\/2025\/02\/acusado-de-assassinar-o-irmao-a-golpes-de-faca-e-morto-a-tiros\">O Portal Ra\u00edzes descobriu que esse rapaz que n\u00e3o teve a identidade revelada seria suspeito de ter assassinado Carlos Ant\u00f4nio Lima por d\u00edvida referente ao tr\u00e1fico<\/a> de drogas.<\/p>\n<p>Carlos Lima, morto na quinta-feira (27),\u00a0 tamb\u00e9m matou o pr\u00f3prio irm\u00e3o no mesmo bairro em que ele entrou em confronto com os agentes em novembro do ano passado.\u00a0<\/p>\n<p>\u00a0<\/p>\n<p>\u00a0<\/p>\n<p><img loading=\"lazy\" decoding=\"async\" class=\"size-medium wp-image-2520 aligncenter\" src=\"https:\/\/portalraizesnoticias.com.br\/wp-content\/uploads\/2024\/11\/Imagem-do-WhatsApp-de-2024-11-28-as-11.24.37_b858345f-300x142.jpg\" alt=\"\" width=\"300\" height=\"142\" srcset=\"https:\/\/portalraizesnoticias.com.br\/wp-content\/uploads\/2024\/11\/Imagem-do-WhatsApp-de-2024-11-28-as-11.24.37_b858345f-300x142.jpg 300w, https:\/\/portalraizesnoticias.com.br\/wp-content\/uploads\/2024\/11\/Imagem-do-WhatsApp-de-2024-11-28-as-11.24.37_b858345f.jpg 722w\" sizes=\"(max-width: 300px) 100vw, 300px\" \/><\/p>\n<p style=\"text-align: center;\"><strong>PUBLICIDADE<\/strong>\u00a0<\/p>\n<p><em>Nesta ocorr\u00eancia, foram apreendidos:<\/em><\/p>\n<p><em>&#8211; 01(um) rev\u00f3lver calibre .32 marca e numera\u00e7\u00e3o suprimida, com 04 muni\u00e7\u00f5es deflagrada e 02 pinadas<\/em><\/p>\n<p><em>&#8211; 01(uma) balan\u00e7a de precis\u00e3o\u00a0<\/em><\/p>\n<p><em>&#8211; 01 (um) tablete pequeno de aproximadamente 50 gramas de haxixe\u00a0<\/em><\/p>\n<p><em>&#8211; 01 (uma) bucha com aproximadamente 5 gramas de haxixe\u00a0<\/em><\/p>\n<p><em>&#8211; 55 (cinquenta e cinco) pedras de crack;<\/em><\/p>\n<p><em>Reda\u00e7\u00e3o Portal Ra\u00edzes\u00a0<\/em><\/p>\n<p><em>*<\/em><\/p>","protected":false},"excerpt":{"rendered":"<p>Por volta das 16h20 desta sexta-feira (28), um homem suspeito de tr\u00e1fico de drogas morreu ap\u00f3s troca de tiros com policiais militares em Queimadas, regi\u00e3o sisaleira.\u00a0 PUBLICIDADE\u00a0 Segundo informa\u00e7\u00f5es apuradas pelo Portal Ra\u00edzes, o fato aconteceu enquanto os PMs faziam rondas pelo bairro Ponte Nova, na cidade de Queimadas, e avistou um indiv\u00edduo portando uma arma na entrada do beco de uma resid\u00eancia. PUBLICIDADE\u00a0 Ao visualizar a guarni\u00e7\u00e3o, empreendeu saltando um muro baixo do quintal da casa que, ao perceber ter sido alcan\u00e7ado, disparou contra os PMs que revidaram a injusta agress\u00e3o. Ap\u00f3s cessar a agress\u00e3o, foi encontrado o resistente ao solo com uma arma ao lado. PUBLICIDADE\u00a0 A vitima foi socorrida ao Hospital Edson Silva, onde evoluiu a \u00f3bito. O Portal Ra\u00edzes descobriu que esse rapaz que n\u00e3o teve a identidade revelada seria suspeito de ter assassinado Carlos Ant\u00f4nio Lima por d\u00edvida referente ao tr\u00e1fico de drogas. Carlos Lima, morto na quinta-feira (27),\u00a0 tamb\u00e9m matou o pr\u00f3prio irm\u00e3o no mesmo bairro em que ele entrou em confronto com os agentes em novembro do ano passado.\u00a0 \u00a0 \u00a0 PUBLICIDADE\u00a0 Nesta ocorr\u00eancia, foram apreendidos: &#8211; 01(um) rev\u00f3lver calibre .32 marca e numera\u00e7\u00e3o suprimida, com 04 muni\u00e7\u00f5es deflagrada e 02 pinadas &#8211; 01(uma) balan\u00e7a de precis\u00e3o\u00a0 &#8211; 01 (um) tablete pequeno de aproximadamente 50 gramas de haxixe\u00a0 &#8211; 01 (uma) bucha com aproximadamente 5 gramas de haxixe\u00a0 &#8211; 55 (cinquenta e cinco) pedras de crack; Reda\u00e7\u00e3o Portal Ra\u00edzes\u00a0 *<\/p>\n","protected":false},"author":3,"featured_media":5088,"comment_status":"open","ping_status":"open","sticky":false,"template":"","format":"standard","meta":{"_joinchat":[],"footnotes":""},"categories":[55,67,59],"tags":[869,142,163,747],"class_list":["post-5087","post","type-post","status-publish","format-standard","has-post-thumbnail","hentry","category-destaques","category-policia","category-ultimas-noticias","tag-confronto-pms","tag-homem","tag-morre","tag-queimadas"],"yoast_head":"<!-- This site is optimized with the Yoast SEO plugin v24.4 - https:\/\/yoast.com\/wordpress\/plugins\/seo\/ -->\n<title>Suspeito de tr\u00e1fico de drogas morre ap\u00f3s confronto com PMs em Queimadas; v\u00edtima estaria envolvido no assassinato do rapaz que matou o pr\u00f3prio irm\u00e3o - Portal raizes noticias<\/title>\n<meta name=\"robots\" content=\"index, follow, max-snippet:-1, max-image-preview:large, max-video-preview:-1\" \/>\n<link rel=\"canonical\" href=\"https:\/\/portalraizesnoticias.com.br\/?p=5087\" \/>\n<meta property=\"og:locale\" content=\"pt_BR\" \/>\n<meta property=\"og:type\" content=\"article\" \/>\n<meta property=\"og:title\" content=\"Suspeito de tr\u00e1fico de drogas morre ap\u00f3s confronto com PMs em Queimadas; v\u00edtima estaria envolvido no assassinato do rapaz que matou o pr\u00f3prio irm\u00e3o - Portal raizes noticias\" \/>\n<meta property=\"og:description\" content=\"Por volta das 16h20 desta sexta-feira (28), um homem suspeito de tr\u00e1fico de drogas morreu ap\u00f3s troca de tiros com policiais militares em Queimadas, regi\u00e3o sisaleira.\u00a0 PUBLICIDADE\u00a0 Segundo informa\u00e7\u00f5es apuradas pelo Portal Ra\u00edzes, o fato aconteceu enquanto os PMs faziam rondas pelo bairro Ponte Nova, na cidade de Queimadas, e avistou um indiv\u00edduo portando uma arma na entrada do beco de uma resid\u00eancia. PUBLICIDADE\u00a0 Ao visualizar a guarni\u00e7\u00e3o, empreendeu saltando um muro baixo do quintal da casa que, ao perceber ter sido alcan\u00e7ado, disparou contra os PMs que revidaram a injusta agress\u00e3o. Ap\u00f3s cessar a agress\u00e3o, foi encontrado o resistente ao solo com uma arma ao lado. PUBLICIDADE\u00a0 A vitima foi socorrida ao Hospital Edson Silva, onde evoluiu a \u00f3bito. O Portal Ra\u00edzes descobriu que esse rapaz que n\u00e3o teve a identidade revelada seria suspeito de ter assassinado Carlos Ant\u00f4nio Lima por d\u00edvida referente ao tr\u00e1fico de drogas. Carlos Lima, morto na quinta-feira (27),\u00a0 tamb\u00e9m matou o pr\u00f3prio irm\u00e3o no mesmo bairro em que ele entrou em confronto com os agentes em novembro do ano passado.\u00a0 \u00a0 \u00a0 PUBLICIDADE\u00a0 Nesta ocorr\u00eancia, foram apreendidos: &#8211; 01(um) rev\u00f3lver calibre .32 marca e numera\u00e7\u00e3o suprimida, com 04 muni\u00e7\u00f5es deflagrada e 02 pinadas &#8211; 01(uma) balan\u00e7a de precis\u00e3o\u00a0 &#8211; 01 (um) tablete pequeno de aproximadamente 50 gramas de haxixe\u00a0 &#8211; 01 (uma) bucha com aproximadamente 5 gramas de haxixe\u00a0 &#8211; 55 (cinquenta e cinco) pedras de crack; Reda\u00e7\u00e3o Portal Ra\u00edzes\u00a0 *\" \/>\n<meta property=\"og:url\" content=\"https:\/\/portalraizesnoticias.com.br\/?p=5087\" \/>\n<meta property=\"og:site_name\" content=\"Portal raizes noticias\" \/>\n<meta property=\"article:published_time\" content=\"2025-02-28T22:21:10+00:00\" \/>\n<meta property=\"article:modified_time\" content=\"2025-02-28T22:34:56+00:00\" \/>\n<meta property=\"og:image\" content=\"https:\/\/portalraizesnoticias.com.br\/wp-content\/uploads\/2025\/02\/IMG-20250228-WA0363.jpg\" \/>\n\t<meta property=\"og:image:width\" content=\"900\" \/>\n\t<meta property=\"og:image:height\" content=\"1600\" \/>\n\t<meta property=\"og:image:type\" content=\"image\/jpeg\" \/>\n<meta name=\"author\" content=\"Portal Raizes\" \/>\n<meta name=\"twitter:card\" content=\"summary_large_image\" \/>\n<meta name=\"twitter:label1\" content=\"Escrito por\" \/>\n\t<meta name=\"twitter:data1\" content=\"Portal Raizes\" \/>\n\t<meta name=\"twitter:label2\" content=\"Est. tempo de leitura\" \/>\n\t<meta name=\"twitter:data2\" content=\"3 minutos\" \/>\n<script type=\"application\/ld+json\" class=\"yoast-schema-graph\">{\"@context\":\"https:\/\/schema.org\",\"@graph\":[{\"@type\":\"Article\",\"@id\":\"https:\/\/portalraizesnoticias.com.br\/?p=5087#article\",\"isPartOf\":{\"@id\":\"https:\/\/portalraizesnoticias.com.br\/?p=5087\"},\"author\":{\"name\":\"Portal Raizes\",\"@id\":\"https:\/\/portalraizesnoticias.com.br\/#\/schema\/person\/a3ca6b0fc701e78df19756c417d943ae\"},\"headline\":\"Suspeito de tr\u00e1fico de drogas morre ap\u00f3s confronto com PMs em Queimadas; v\u00edtima estaria envolvido no assassinato do rapaz que matou o pr\u00f3prio irm\u00e3o\",\"datePublished\":\"2025-02-28T22:21:10+00:00\",\"dateModified\":\"2025-02-28T22:34:56+00:00\",\"mainEntityOfPage\":{\"@id\":\"https:\/\/portalraizesnoticias.com.br\/?p=5087\"},\"wordCount\":281,\"commentCount\":0,\"publisher\":{\"@id\":\"https:\/\/portalraizesnoticias.com.br\/#organization\"},\"image\":{\"@id\":\"https:\/\/portalraizesnoticias.com.br\/?p=5087#primaryimage\"},\"thumbnailUrl\":\"https:\/\/portalraizesnoticias.com.br\/wp-content\/uploads\/2025\/02\/IMG-20250228-WA0363.jpg\",\"keywords\":[\"Confronto pms\",\"Homem\",\"Morre\",\"Queimadas\"],\"articleSection\":[\"DESTAQUES\",\"POLICIA\",\"ULTIMAS NOTICIAS\"],\"inLanguage\":\"pt-BR\",\"potentialAction\":[{\"@type\":\"CommentAction\",\"name\":\"Comment\",\"target\":[\"https:\/\/portalraizesnoticias.com.br\/?p=5087#respond\"]}]},{\"@type\":\"WebPage\",\"@id\":\"https:\/\/portalraizesnoticias.com.br\/?p=5087\",\"url\":\"https:\/\/portalraizesnoticias.com.br\/?p=5087\",\"name\":\"Suspeito de tr\u00e1fico de drogas morre ap\u00f3s confronto com PMs em Queimadas; v\u00edtima estaria envolvido no assassinato do rapaz que matou o pr\u00f3prio irm\u00e3o - Portal raizes noticias\",\"isPartOf\":{\"@id\":\"https:\/\/portalraizesnoticias.com.br\/#website\"},\"primaryImageOfPage\":{\"@id\":\"https:\/\/portalraizesnoticias.com.br\/?p=5087#primaryimage\"},\"image\":{\"@id\":\"https:\/\/portalraizesnoticias.com.br\/?p=5087#primaryimage\"},\"thumbnailUrl\":\"https:\/\/portalraizesnoticias.com.br\/wp-content\/uploads\/2025\/02\/IMG-20250228-WA0363.jpg\",\"datePublished\":\"2025-02-28T22:21:10+00:00\",\"dateModified\":\"2025-02-28T22:34:56+00:00\",\"breadcrumb\":{\"@id\":\"https:\/\/portalraizesnoticias.com.br\/?p=5087#breadcrumb\"},\"inLanguage\":\"pt-BR\",\"potentialAction\":[{\"@type\":\"ReadAction\",\"target\":[\"https:\/\/portalraizesnoticias.com.br\/?p=5087\"]}]},{\"@type\":\"ImageObject\",\"inLanguage\":\"pt-BR\",\"@id\":\"https:\/\/portalraizesnoticias.com.br\/?p=5087#primaryimage\",\"url\":\"https:\/\/portalraizesnoticias.com.br\/wp-content\/uploads\/2025\/02\/IMG-20250228-WA0363.jpg\",\"contentUrl\":\"https:\/\/portalraizesnoticias.com.br\/wp-content\/uploads\/2025\/02\/IMG-20250228-WA0363.jpg\",\"width\":900,\"height\":1600},{\"@type\":\"BreadcrumbList\",\"@id\":\"https:\/\/portalraizesnoticias.com.br\/?p=5087#breadcrumb\",\"itemListElement\":[{\"@type\":\"ListItem\",\"position\":1,\"name\":\"In\u00edcio\",\"item\":\"https:\/\/portalraizesnoticias.com.br\/\"},{\"@type\":\"ListItem\",\"position\":2,\"name\":\"Suspeito de tr\u00e1fico de drogas morre ap\u00f3s confronto com PMs em Queimadas; v\u00edtima estaria envolvido no assassinato do rapaz que matou o pr\u00f3prio irm\u00e3o\"}]},{\"@type\":\"WebSite\",\"@id\":\"https:\/\/portalraizesnoticias.com.br\/#website\",\"url\":\"https:\/\/portalraizesnoticias.com.br\/\",\"name\":\"Portal raizes NOTICIAS\",\"description\":\"site de noticias de concei\u00e7\u00e3o do coit\u00e9 e regi\u00e3o\",\"publisher\":{\"@id\":\"https:\/\/portalraizesnoticias.com.br\/#organization\"},\"alternateName\":\"PORTAL RAIZES COIT\u00c9\",\"potentialAction\":[{\"@type\":\"SearchAction\",\"target\":{\"@type\":\"EntryPoint\",\"urlTemplate\":\"https:\/\/portalraizesnoticias.com.br\/?s={search_term_string}\"},\"query-input\":{\"@type\":\"PropertyValueSpecification\",\"valueRequired\":true,\"valueName\":\"search_term_string\"}}],\"inLanguage\":\"pt-BR\"},{\"@type\":\"Organization\",\"@id\":\"https:\/\/portalraizesnoticias.com.br\/#organization\",\"name\":\"Portal raizes NOTICIAS\",\"url\":\"https:\/\/portalraizesnoticias.com.br\/\",\"logo\":{\"@type\":\"ImageObject\",\"inLanguage\":\"pt-BR\",\"@id\":\"https:\/\/portalraizesnoticias.com.br\/#\/schema\/logo\/image\/\",\"url\":\"https:\/\/portalraizesnoticias.com.br\/wp-content\/uploads\/2024\/09\/cropped-Captura-de-tela-2024-09-08-011108.png\",\"contentUrl\":\"https:\/\/portalraizesnoticias.com.br\/wp-content\/uploads\/2024\/09\/cropped-Captura-de-tela-2024-09-08-011108.png\",\"width\":606,\"height\":173,\"caption\":\"Portal raizes NOTICIAS\"},\"image\":{\"@id\":\"https:\/\/portalraizesnoticias.com.br\/#\/schema\/logo\/image\/\"}},{\"@type\":\"Person\",\"@id\":\"https:\/\/portalraizesnoticias.com.br\/#\/schema\/person\/a3ca6b0fc701e78df19756c417d943ae\",\"name\":\"Portal Raizes\",\"image\":{\"@type\":\"ImageObject\",\"inLanguage\":\"pt-BR\",\"@id\":\"https:\/\/portalraizesnoticias.com.br\/#\/schema\/person\/image\/\",\"url\":\"https:\/\/secure.gravatar.com\/avatar\/ef450d29013a3d3fba867a12a249d7b1?s=96&d=mm&r=g\",\"contentUrl\":\"https:\/\/secure.gravatar.com\/avatar\/ef450d29013a3d3fba867a12a249d7b1?s=96&d=mm&r=g\",\"caption\":\"Portal Raizes\"},\"url\":\"https:\/\/portalraizesnoticias.com.br\/?author=3\"}]}<\/script>\n<!-- \/ Yoast SEO plugin. -->","yoast_head_json":{"title":"Suspeito de tr\u00e1fico de drogas morre ap\u00f3s confronto com PMs em Queimadas; v\u00edtima estaria envolvido no assassinato do rapaz que matou o pr\u00f3prio irm\u00e3o - Portal raizes noticias","robots":{"index":"index","follow":"follow","max-snippet":"max-snippet:-1","max-image-preview":"max-image-preview:large","max-video-preview":"max-video-preview:-1"},"canonical":"https:\/\/portalraizesnoticias.com.br\/?p=5087","og_locale":"pt_BR","og_type":"article","og_title":"Suspeito de tr\u00e1fico de drogas morre ap\u00f3s confronto com PMs em Queimadas; v\u00edtima estaria envolvido no assassinato do rapaz que matou o pr\u00f3prio irm\u00e3o - Portal raizes noticias","og_description":"Por volta das 16h20 desta sexta-feira (28), um homem suspeito de tr\u00e1fico de drogas morreu ap\u00f3s troca de tiros com policiais militares em Queimadas, regi\u00e3o sisaleira.\u00a0 PUBLICIDADE\u00a0 Segundo informa\u00e7\u00f5es apuradas pelo Portal Ra\u00edzes, o fato aconteceu enquanto os PMs faziam rondas pelo bairro Ponte Nova, na cidade de Queimadas, e avistou um indiv\u00edduo portando uma arma na entrada do beco de uma resid\u00eancia. PUBLICIDADE\u00a0 Ao visualizar a guarni\u00e7\u00e3o, empreendeu saltando um muro baixo do quintal da casa que, ao perceber ter sido alcan\u00e7ado, disparou contra os PMs que revidaram a injusta agress\u00e3o. Ap\u00f3s cessar a agress\u00e3o, foi encontrado o resistente ao solo com uma arma ao lado. PUBLICIDADE\u00a0 A vitima foi socorrida ao Hospital Edson Silva, onde evoluiu a \u00f3bito. O Portal Ra\u00edzes descobriu que esse rapaz que n\u00e3o teve a identidade revelada seria suspeito de ter assassinado Carlos Ant\u00f4nio Lima por d\u00edvida referente ao tr\u00e1fico de drogas. Carlos Lima, morto na quinta-feira (27),\u00a0 tamb\u00e9m matou o pr\u00f3prio irm\u00e3o no mesmo bairro em que ele entrou em confronto com os agentes em novembro do ano passado.\u00a0 \u00a0 \u00a0 PUBLICIDADE\u00a0 Nesta ocorr\u00eancia, foram apreendidos: &#8211; 01(um) rev\u00f3lver calibre .32 marca e numera\u00e7\u00e3o suprimida, com 04 muni\u00e7\u00f5es deflagrada e 02 pinadas &#8211; 01(uma) balan\u00e7a de precis\u00e3o\u00a0 &#8211; 01 (um) tablete pequeno de aproximadamente 50 gramas de haxixe\u00a0 &#8211; 01 (uma) bucha com aproximadamente 5 gramas de haxixe\u00a0 &#8211; 55 (cinquenta e cinco) pedras de crack; Reda\u00e7\u00e3o Portal Ra\u00edzes\u00a0 *","og_url":"https:\/\/portalraizesnoticias.com.br\/?p=5087","og_site_name":"Portal raizes noticias","article_published_time":"2025-02-28T22:21:10+00:00","article_modified_time":"2025-02-28T22:34:56+00:00","og_image":[{"width":900,"height":1600,"url":"https:\/\/portalraizesnoticias.com.br\/wp-content\/uploads\/2025\/02\/IMG-20250228-WA0363.jpg","type":"image\/jpeg"}],"author":"Portal Raizes","twitter_card":"summary_large_image","twitter_misc":{"Escrito por":"Portal Raizes","Est. tempo de leitura":"3 minutos"},"schema":{"@context":"https:\/\/schema.org","@graph":[{"@type":"Article","@id":"https:\/\/portalraizesnoticias.com.br\/?p=5087#article","isPartOf":{"@id":"https:\/\/portalraizesnoticias.com.br\/?p=5087"},"author":{"name":"Portal Raizes","@id":"https:\/\/portalraizesnoticias.com.br\/#\/schema\/person\/a3ca6b0fc701e78df19756c417d943ae"},"headline":"Suspeito de tr\u00e1fico de drogas morre ap\u00f3s confronto com PMs em Queimadas; v\u00edtima estaria envolvido no assassinato do rapaz que matou o pr\u00f3prio irm\u00e3o","datePublished":"2025-02-28T22:21:10+00:00","dateModified":"2025-02-28T22:34:56+00:00","mainEntityOfPage":{"@id":"https:\/\/portalraizesnoticias.com.br\/?p=5087"},"wordCount":281,"commentCount":0,"publisher":{"@id":"https:\/\/portalraizesnoticias.com.br\/#organization"},"image":{"@id":"https:\/\/portalraizesnoticias.com.br\/?p=5087#primaryimage"},"thumbnailUrl":"https:\/\/portalraizesnoticias.com.br\/wp-content\/uploads\/2025\/02\/IMG-20250228-WA0363.jpg","keywords":["Confronto pms","Homem","Morre","Queimadas"],"articleSection":["DESTAQUES","POLICIA","ULTIMAS NOTICIAS"],"inLanguage":"pt-BR","potentialAction":[{"@type":"CommentAction","name":"Comment","target":["https:\/\/portalraizesnoticias.com.br\/?p=5087#respond"]}]},{"@type":"WebPage","@id":"https:\/\/portalraizesnoticias.com.br\/?p=5087","url":"https:\/\/portalraizesnoticias.com.br\/?p=5087","name":"Suspeito de tr\u00e1fico de drogas morre ap\u00f3s confronto com PMs em Queimadas; v\u00edtima estaria envolvido no assassinato do rapaz que matou o pr\u00f3prio irm\u00e3o - Portal raizes noticias","isPartOf":{"@id":"https:\/\/portalraizesnoticias.com.br\/#website"},"primaryImageOfPage":{"@id":"https:\/\/portalraizesnoticias.com.br\/?p=5087#primaryimage"},"image":{"@id":"https:\/\/portalraizesnoticias.com.br\/?p=5087#primaryimage"},"thumbnailUrl":"https:\/\/portalraizesnoticias.com.br\/wp-content\/uploads\/2025\/02\/IMG-20250228-WA0363.jpg","datePublished":"2025-02-28T22:21:10+00:00","dateModified":"2025-02-28T22:34:56+00:00","breadcrumb":{"@id":"https:\/\/portalraizesnoticias.com.br\/?p=5087#breadcrumb"},"inLanguage":"pt-BR","potentialAction":[{"@type":"ReadAction","target":["https:\/\/portalraizesnoticias.com.br\/?p=5087"]}]},{"@type":"ImageObject","inLanguage":"pt-BR","@id":"https:\/\/portalraizesnoticias.com.br\/?p=5087#primaryimage","url":"https:\/\/portalraizesnoticias.com.br\/wp-content\/uploads\/2025\/02\/IMG-20250228-WA0363.jpg","contentUrl":"https:\/\/portalraizesnoticias.com.br\/wp-content\/uploads\/2025\/02\/IMG-20250228-WA0363.jpg","width":900,"height":1600},{"@type":"BreadcrumbList","@id":"https:\/\/portalraizesnoticias.com.br\/?p=5087#breadcrumb","itemListElement":[{"@type":"ListItem","position":1,"name":"In\u00edcio","item":"https:\/\/portalraizesnoticias.com.br\/"},{"@type":"ListItem","position":2,"name":"Suspeito de tr\u00e1fico de drogas morre ap\u00f3s confronto com PMs em Queimadas; v\u00edtima estaria envolvido no assassinato do rapaz que matou o pr\u00f3prio irm\u00e3o"}]},{"@type":"WebSite","@id":"https:\/\/portalraizesnoticias.com.br\/#website","url":"https:\/\/portalraizesnoticias.com.br\/","name":"Portal raizes NOTICIAS","description":"site de noticias de concei\u00e7\u00e3o do coit\u00e9 e regi\u00e3o","publisher":{"@id":"https:\/\/portalraizesnoticias.com.br\/#organization"},"alternateName":"PORTAL RAIZES COIT\u00c9","potentialAction":[{"@type":"SearchAction","target":{"@type":"EntryPoint","urlTemplate":"https:\/\/portalraizesnoticias.com.br\/?s={search_term_string}"},"query-input":{"@type":"PropertyValueSpecification","valueRequired":true,"valueName":"search_term_string"}}],"inLanguage":"pt-BR"},{"@type":"Organization","@id":"https:\/\/portalraizesnoticias.com.br\/#organization","name":"Portal raizes NOTICIAS","url":"https:\/\/portalraizesnoticias.com.br\/","logo":{"@type":"ImageObject","inLanguage":"pt-BR","@id":"https:\/\/portalraizesnoticias.com.br\/#\/schema\/logo\/image\/","url":"https:\/\/portalraizesnoticias.com.br\/wp-content\/uploads\/2024\/09\/cropped-Captura-de-tela-2024-09-08-011108.png","contentUrl":"https:\/\/portalraizesnoticias.com.br\/wp-content\/uploads\/2024\/09\/cropped-Captura-de-tela-2024-09-08-011108.png","width":606,"height":173,"caption":"Portal raizes NOTICIAS"},"image":{"@id":"https:\/\/portalraizesnoticias.com.br\/#\/schema\/logo\/image\/"}},{"@type":"Person","@id":"https:\/\/portalraizesnoticias.com.br\/#\/schema\/person\/a3ca6b0fc701e78df19756c417d943ae","name":"Portal Raizes","image":{"@type":"ImageObject","inLanguage":"pt-BR","@id":"https:\/\/portalraizesnoticias.com.br\/#\/schema\/person\/image\/","url":"https:\/\/secure.gravatar.com\/avatar\/ef450d29013a3d3fba867a12a249d7b1?s=96&d=mm&r=g","contentUrl":"https:\/\/secure.gravatar.com\/avatar\/ef450d29013a3d3fba867a12a249d7b1?s=96&d=mm&r=g","caption":"Portal Raizes"},"url":"https:\/\/portalraizesnoticias.com.br\/?author=3"}]}},"_links":{"self":[{"href":"https:\/\/portalraizesnoticias.com.br\/index.php?rest_route=\/wp\/v2\/posts\/5087"}],"collection":[{"href":"https:\/\/portalraizesnoticias.com.br\/index.php?rest_route=\/wp\/v2\/posts"}],"about":[{"href":"https:\/\/portalraizesnoticias.com.br\/index.php?rest_route=\/wp\/v2\/types\/post"}],"author":[{"embeddable":true,"href":"https:\/\/portalraizesnoticias.com.br\/index.php?rest_route=\/wp\/v2\/users\/3"}],"replies":[{"embeddable":true,"href":"https:\/\/portalraizesnoticias.com.br\/index.php?rest_route=%2Fwp%2Fv2%2Fcomments&post=5087"}],"version-history":[{"count":7,"href":"https:\/\/portalraizesnoticias.com.br\/index.php?rest_route=\/wp\/v2\/posts\/5087\/revisions"}],"predecessor-version":[{"id":5101,"href":"https:\/\/portalraizesnoticias.com.br\/index.php?rest_route=\/wp\/v2\/posts\/5087\/revisions\/5101"}],"wp:featuredmedia":[{"embeddable":true,"href":"https:\/\/portalraizesnoticias.com.br\/index.php?rest_route=\/wp\/v2\/media\/5088"}],"wp:attachment":[{"href":"https:\/\/portalraizesnoticias.com.br\/index.php?rest_route=%2Fwp%2Fv2%2Fmedia&parent=5087"}],"wp:term":[{"taxonomy":"category","embeddable":true,"href":"https:\/\/portalraizesnoticias.com.br\/index.php?rest_route=%2Fwp%2Fv2%2Fcategories&post=5087"},{"taxonomy":"post_tag","embeddable":true,"href":"https:\/\/portalraizesnoticias.com.br\/index.php?rest_route=%2Fwp%2Fv2%2Ftags&post=5087"}],"curies":[{"name":"wp","href":"https:\/\/api.w.org\/{rel}","templated":true}]}}