{"id":5075,"date":"2025-02-28T08:50:56","date_gmt":"2025-02-28T11:50:56","guid":{"rendered":"https:\/\/portalraizesnoticias.com.br\/?p=5075"},"modified":"2025-02-28T08:50:57","modified_gmt":"2025-02-28T11:50:57","slug":"ao-som-de-marcio-bary-e-tico-menezes-colegio-lapis-na-mao-causa-impacto-ao-promover-bloco-carnavalesco-pelas-ruas-de-conceicao-do-coite","status":"publish","type":"post","link":"https:\/\/portalraizesnoticias.com.br\/?p=5075","title":{"rendered":"Ao som de M\u00e1rcio Bary e Tico Menezes, Col\u00e9gio L\u00e1pis na M\u00e3o causa impacto ao promover bloco carnavalesco pelas ruas de Concei\u00e7\u00e3o do Coit\u00e9"},"content":{"rendered":"<p>O col\u00e9gio L\u00e1pis na M\u00e3o, localizado em Concei\u00e7\u00e3o do Coit\u00e9, regi\u00e3o sisaleira, surpreendeu nesta quinta-feira (27), com um bloco carnavalesco que causou grande impacto em quem passava pelas ruas da cidade.<\/p>\n<p><img fetchpriority=\"high\" decoding=\"async\" class=\"size-medium wp-image-5077\" src=\"https:\/\/portalraizesnoticias.com.br\/wp-content\/uploads\/2025\/02\/DAN_4249-240x300.jpg\" alt=\"\" width=\"240\" height=\"300\" srcset=\"https:\/\/portalraizesnoticias.com.br\/wp-content\/uploads\/2025\/02\/DAN_4249-240x300.jpg 240w, https:\/\/portalraizesnoticias.com.br\/wp-content\/uploads\/2025\/02\/DAN_4249-819x1024.jpg 819w, https:\/\/portalraizesnoticias.com.br\/wp-content\/uploads\/2025\/02\/DAN_4249-768x960.jpg 768w, https:\/\/portalraizesnoticias.com.br\/wp-content\/uploads\/2025\/02\/DAN_4249-1229x1536.jpg 1229w, https:\/\/portalraizesnoticias.com.br\/wp-content\/uploads\/2025\/02\/DAN_4249-1638x2048.jpg 1638w, https:\/\/portalraizesnoticias.com.br\/wp-content\/uploads\/2025\/02\/DAN_4249-scaled.jpg 2048w\" sizes=\"(max-width: 240px) 100vw, 240px\" \/><\/p>\n<p>Ao som dos cantores Tico Menezes e M\u00e1rcio Bary, alunos e familiares aproveitaram a folia carnavalesca trajando o abad\u00e1 do bloco &#8220;L\u00e1pis na M\u00e3o&#8221;.<\/p>\n<p><img decoding=\"async\" class=\"size-medium wp-image-5078\" src=\"https:\/\/portalraizesnoticias.com.br\/wp-content\/uploads\/2025\/02\/DAN_4210-1-240x300.jpg\" alt=\"\" width=\"240\" height=\"300\" srcset=\"https:\/\/portalraizesnoticias.com.br\/wp-content\/uploads\/2025\/02\/DAN_4210-1-240x300.jpg 240w, https:\/\/portalraizesnoticias.com.br\/wp-content\/uploads\/2025\/02\/DAN_4210-1-819x1024.jpg 819w, https:\/\/portalraizesnoticias.com.br\/wp-content\/uploads\/2025\/02\/DAN_4210-1-768x960.jpg 768w, https:\/\/portalraizesnoticias.com.br\/wp-content\/uploads\/2025\/02\/DAN_4210-1-1229x1536.jpg 1229w, https:\/\/portalraizesnoticias.com.br\/wp-content\/uploads\/2025\/02\/DAN_4210-1-1638x2048.jpg 1638w, https:\/\/portalraizesnoticias.com.br\/wp-content\/uploads\/2025\/02\/DAN_4210-1-scaled.jpg 2048w\" sizes=\"(max-width: 240px) 100vw, 240px\" \/><\/p>\n<p>Os artistas tocaram m\u00fasicas conhecidas e deixaram os pais satisfeitos pelas letras musicais direcionadas aos pequenos.<\/p>\n<div style=\"width: 720px;\" class=\"wp-video\"><!--[if lt IE 9]><script>document.createElement('video');<\/script><![endif]-->\n<video class=\"wp-video-shortcode\" id=\"video-5075-1\" width=\"720\" height=\"1280\" preload=\"metadata\" controls=\"controls\"><source type=\"video\/mp4\" src=\"https:\/\/portalraizesnoticias.com.br\/wp-content\/uploads\/2025\/02\/Snapinst.app_video_AQPknDZoq5R-P47SHjUJUTk30EkVvEXQcauVfpqhAuhhnu2dFwZZDUHNpQoXzTGouHRaqYvAr_5KCVDwFOo7rW29SjCpKpOr89hoGk4.mp4?_=1\" \/><a href=\"https:\/\/portalraizesnoticias.com.br\/wp-content\/uploads\/2025\/02\/Snapinst.app_video_AQPknDZoq5R-P47SHjUJUTk30EkVvEXQcauVfpqhAuhhnu2dFwZZDUHNpQoXzTGouHRaqYvAr_5KCVDwFOo7rW29SjCpKpOr89hoGk4.mp4\">https:\/\/portalraizesnoticias.com.br\/wp-content\/uploads\/2025\/02\/Snapinst.app_video_AQPknDZoq5R-P47SHjUJUTk30EkVvEXQcauVfpqhAuhhnu2dFwZZDUHNpQoXzTGouHRaqYvAr_5KCVDwFOo7rW29SjCpKpOr89hoGk4.mp4<\/a><\/video><\/div>\n<p>\u201cN\u00e3o tenho d\u00favida de que coloquei meu filho na melhor escola da cidade. Al\u00e9m de ser um momento incr\u00edvel para eles, essa festa \u00e9 muito importante para que n\u00f3s (respons\u00e1veis) tenhamos nosso momento ao lado dos nossos filhos&#8221;, disse entusiasmada uma m\u00e3e.<\/p>\n<div style=\"width: 720px;\" class=\"wp-video\"><video class=\"wp-video-shortcode\" id=\"video-5075-2\" width=\"720\" height=\"1280\" preload=\"metadata\" controls=\"controls\"><source type=\"video\/mp4\" src=\"https:\/\/portalraizesnoticias.com.br\/wp-content\/uploads\/2025\/02\/Snapinst.app_video_AQN_wXoLABSLhNsKUlWafzJqfG3fKeldmAYN2nCdOwzvyNW3zOVnHR6iAwzsqteXjvWDN50Fhp9cIp4cOViJSK4vt6SFGGTYcQNTH3U.mp4?_=2\" \/><a href=\"https:\/\/portalraizesnoticias.com.br\/wp-content\/uploads\/2025\/02\/Snapinst.app_video_AQN_wXoLABSLhNsKUlWafzJqfG3fKeldmAYN2nCdOwzvyNW3zOVnHR6iAwzsqteXjvWDN50Fhp9cIp4cOViJSK4vt6SFGGTYcQNTH3U.mp4\">https:\/\/portalraizesnoticias.com.br\/wp-content\/uploads\/2025\/02\/Snapinst.app_video_AQN_wXoLABSLhNsKUlWafzJqfG3fKeldmAYN2nCdOwzvyNW3zOVnHR6iAwzsqteXjvWDN50Fhp9cIp4cOViJSK4vt6SFGGTYcQNTH3U.mp4<\/a><\/video><\/div>\n<p>Al\u00e9m de ser uma institui\u00e7\u00e3o de ensino de excel\u00eancia, o Col\u00e9gio L\u00e1pis na M\u00e3o consegue se destacar na forma como proporciona entretenimento aos alunos, devido \u00e0 pontualidade e organiza\u00e7\u00e3o dos eventos.<\/p>\n<p>A festa tomou conta do centro de Coit\u00e9, levantando at\u00e9 uma possibilidade de os gestores da escola levarem o formato semelhante na Micareta que acontecer\u00e1 em maio.<\/p>\n<p><img decoding=\"async\" class=\"size-medium wp-image-5081\" src=\"https:\/\/portalraizesnoticias.com.br\/wp-content\/uploads\/2025\/02\/DAN_4252-240x300.jpg\" alt=\"\" width=\"240\" height=\"300\" srcset=\"https:\/\/portalraizesnoticias.com.br\/wp-content\/uploads\/2025\/02\/DAN_4252-240x300.jpg 240w, https:\/\/portalraizesnoticias.com.br\/wp-content\/uploads\/2025\/02\/DAN_4252-819x1024.jpg 819w, https:\/\/portalraizesnoticias.com.br\/wp-content\/uploads\/2025\/02\/DAN_4252-768x960.jpg 768w, https:\/\/portalraizesnoticias.com.br\/wp-content\/uploads\/2025\/02\/DAN_4252-1229x1536.jpg 1229w, https:\/\/portalraizesnoticias.com.br\/wp-content\/uploads\/2025\/02\/DAN_4252-1638x2048.jpg 1638w, https:\/\/portalraizesnoticias.com.br\/wp-content\/uploads\/2025\/02\/DAN_4252-scaled.jpg 2048w\" sizes=\"(max-width: 240px) 100vw, 240px\" \/><\/p>\n<p>&#8220;Sei que depende de muitos fatores, mas seria incr\u00edvel o bloco do L\u00e1pis na M\u00e3o na micareta. Fica a dica&#8221;, enfatizou aos risos uma tia de um estudante.<\/p>\n<p><strong><em>Reda\u00e7\u00e3o Portal Ra\u00edzes<\/em><\/strong><\/p>\n<p><strong><em>Fotos: Danrley Fot\u00f3grafo<\/em><\/strong><\/p>\n<p><strong><em>Foto em destaque: frame\/v\u00eddeo\u00a0<\/em><\/strong><\/p>\n<p><strong><em>V\u00eddeos: Redes Sociais\/M\u00e1rcio Bary<\/em><\/strong><\/p>\n","protected":false},"excerpt":{"rendered":"<p>O col\u00e9gio L\u00e1pis na M\u00e3o, localizado em Concei\u00e7\u00e3o do Coit\u00e9, regi\u00e3o sisaleira, surpreendeu nesta quinta-feira (27), com um bloco carnavalesco que causou grande impacto em quem passava pelas ruas da cidade. Ao som dos cantores Tico Menezes e M\u00e1rcio Bary, alunos e familiares aproveitaram a folia carnavalesca trajando o abad\u00e1 do bloco &#8220;L\u00e1pis na M\u00e3o&#8221;. Os artistas tocaram m\u00fasicas conhecidas e deixaram os pais satisfeitos pelas letras musicais direcionadas aos pequenos. \u201cN\u00e3o tenho d\u00favida de que coloquei meu filho na melhor escola da cidade. Al\u00e9m de ser um momento incr\u00edvel para eles, essa festa \u00e9 muito importante para que n\u00f3s (respons\u00e1veis) tenhamos nosso momento ao lado dos nossos filhos&#8221;, disse entusiasmada uma m\u00e3e. Al\u00e9m de ser uma institui\u00e7\u00e3o de ensino de excel\u00eancia, o Col\u00e9gio L\u00e1pis na M\u00e3o consegue se destacar na forma como proporciona entretenimento aos alunos, devido \u00e0 pontualidade e organiza\u00e7\u00e3o dos eventos. A festa tomou conta do centro de Coit\u00e9, levantando at\u00e9 uma possibilidade de os gestores da escola levarem o formato semelhante na Micareta que acontecer\u00e1 em maio. &#8220;Sei que depende de muitos fatores, mas seria incr\u00edvel o bloco do L\u00e1pis na M\u00e3o na micareta. Fica a dica&#8221;, enfatizou aos risos uma tia de um estudante. Reda\u00e7\u00e3o Portal Ra\u00edzes Fotos: Danrley Fot\u00f3grafo Foto em destaque: frame\/v\u00eddeo\u00a0 V\u00eddeos: Redes Sociais\/M\u00e1rcio Bary<\/p>\n","protected":false},"author":3,"featured_media":5082,"comment_status":"open","ping_status":"open","sticky":false,"template":"","format":"standard","meta":{"_joinchat":[],"footnotes":""},"categories":[55,69,59],"tags":[867,868],"class_list":["post-5075","post","type-post","status-publish","format-standard","has-post-thumbnail","hentry","category-destaques","category-entreterimento-e-cultura","category-ultimas-noticias","tag-marcio-bary-2","tag-tico-mene"],"yoast_head":"<!-- This site is optimized with the Yoast SEO plugin v24.4 - https:\/\/yoast.com\/wordpress\/plugins\/seo\/ -->\n<title>Ao som de M\u00e1rcio Bary e Tico Menezes, Col\u00e9gio L\u00e1pis na M\u00e3o causa impacto ao promover bloco carnavalesco pelas ruas de Concei\u00e7\u00e3o do Coit\u00e9 - Portal raizes noticias<\/title>\n<meta name=\"robots\" content=\"index, follow, max-snippet:-1, max-image-preview:large, max-video-preview:-1\" \/>\n<link rel=\"canonical\" href=\"https:\/\/portalraizesnoticias.com.br\/?p=5075\" \/>\n<meta property=\"og:locale\" content=\"pt_BR\" \/>\n<meta property=\"og:type\" content=\"article\" \/>\n<meta property=\"og:title\" content=\"Ao som de M\u00e1rcio Bary e Tico Menezes, Col\u00e9gio L\u00e1pis na M\u00e3o causa impacto ao promover bloco carnavalesco pelas ruas de Concei\u00e7\u00e3o do Coit\u00e9 - Portal raizes noticias\" \/>\n<meta property=\"og:description\" content=\"O col\u00e9gio L\u00e1pis na M\u00e3o, localizado em Concei\u00e7\u00e3o do Coit\u00e9, regi\u00e3o sisaleira, surpreendeu nesta quinta-feira (27), com um bloco carnavalesco que causou grande impacto em quem passava pelas ruas da cidade. Ao som dos cantores Tico Menezes e M\u00e1rcio Bary, alunos e familiares aproveitaram a folia carnavalesca trajando o abad\u00e1 do bloco &#8220;L\u00e1pis na M\u00e3o&#8221;. Os artistas tocaram m\u00fasicas conhecidas e deixaram os pais satisfeitos pelas letras musicais direcionadas aos pequenos. \u201cN\u00e3o tenho d\u00favida de que coloquei meu filho na melhor escola da cidade. Al\u00e9m de ser um momento incr\u00edvel para eles, essa festa \u00e9 muito importante para que n\u00f3s (respons\u00e1veis) tenhamos nosso momento ao lado dos nossos filhos&#8221;, disse entusiasmada uma m\u00e3e. Al\u00e9m de ser uma institui\u00e7\u00e3o de ensino de excel\u00eancia, o Col\u00e9gio L\u00e1pis na M\u00e3o consegue se destacar na forma como proporciona entretenimento aos alunos, devido \u00e0 pontualidade e organiza\u00e7\u00e3o dos eventos. A festa tomou conta do centro de Coit\u00e9, levantando at\u00e9 uma possibilidade de os gestores da escola levarem o formato semelhante na Micareta que acontecer\u00e1 em maio. &#8220;Sei que depende de muitos fatores, mas seria incr\u00edvel o bloco do L\u00e1pis na M\u00e3o na micareta. Fica a dica&#8221;, enfatizou aos risos uma tia de um estudante. Reda\u00e7\u00e3o Portal Ra\u00edzes Fotos: Danrley Fot\u00f3grafo Foto em destaque: frame\/v\u00eddeo\u00a0 V\u00eddeos: Redes Sociais\/M\u00e1rcio Bary\" \/>\n<meta property=\"og:url\" content=\"https:\/\/portalraizesnoticias.com.br\/?p=5075\" \/>\n<meta property=\"og:site_name\" content=\"Portal raizes noticias\" \/>\n<meta property=\"article:published_time\" content=\"2025-02-28T11:50:56+00:00\" \/>\n<meta property=\"article:modified_time\" content=\"2025-02-28T11:50:57+00:00\" \/>\n<meta property=\"og:image\" content=\"https:\/\/portalraizesnoticias.com.br\/wp-content\/uploads\/2025\/02\/IMG-20250228-WA0028.jpg\" \/>\n\t<meta property=\"og:image:width\" content=\"1080\" \/>\n\t<meta property=\"og:image:height\" content=\"908\" \/>\n\t<meta property=\"og:image:type\" content=\"image\/jpeg\" \/>\n<meta name=\"author\" content=\"Portal Raizes\" \/>\n<meta name=\"twitter:card\" content=\"summary_large_image\" \/>\n<meta name=\"twitter:label1\" content=\"Escrito por\" \/>\n\t<meta name=\"twitter:data1\" content=\"Portal Raizes\" \/>\n\t<meta name=\"twitter:label2\" content=\"Est. tempo de leitura\" \/>\n\t<meta name=\"twitter:data2\" content=\"3 minutos\" \/>\n<script type=\"application\/ld+json\" class=\"yoast-schema-graph\">{\"@context\":\"https:\/\/schema.org\",\"@graph\":[{\"@type\":\"Article\",\"@id\":\"https:\/\/portalraizesnoticias.com.br\/?p=5075#article\",\"isPartOf\":{\"@id\":\"https:\/\/portalraizesnoticias.com.br\/?p=5075\"},\"author\":{\"name\":\"Portal Raizes\",\"@id\":\"https:\/\/portalraizesnoticias.com.br\/#\/schema\/person\/a3ca6b0fc701e78df19756c417d943ae\"},\"headline\":\"Ao som de M\u00e1rcio Bary e Tico Menezes, Col\u00e9gio L\u00e1pis na M\u00e3o causa impacto ao promover bloco carnavalesco pelas ruas de Concei\u00e7\u00e3o do Coit\u00e9\",\"datePublished\":\"2025-02-28T11:50:56+00:00\",\"dateModified\":\"2025-02-28T11:50:57+00:00\",\"mainEntityOfPage\":{\"@id\":\"https:\/\/portalraizesnoticias.com.br\/?p=5075\"},\"wordCount\":324,\"commentCount\":0,\"publisher\":{\"@id\":\"https:\/\/portalraizesnoticias.com.br\/#organization\"},\"image\":{\"@id\":\"https:\/\/portalraizesnoticias.com.br\/?p=5075#primaryimage\"},\"thumbnailUrl\":\"https:\/\/portalraizesnoticias.com.br\/wp-content\/uploads\/2025\/02\/IMG-20250228-WA0028.jpg\",\"keywords\":[\"Marcio bary\",\"Tico mene\"],\"articleSection\":[\"DESTAQUES\",\"ENTRETERIMENTO E CULTURA\",\"ULTIMAS NOTICIAS\"],\"inLanguage\":\"pt-BR\",\"potentialAction\":[{\"@type\":\"CommentAction\",\"name\":\"Comment\",\"target\":[\"https:\/\/portalraizesnoticias.com.br\/?p=5075#respond\"]}]},{\"@type\":\"WebPage\",\"@id\":\"https:\/\/portalraizesnoticias.com.br\/?p=5075\",\"url\":\"https:\/\/portalraizesnoticias.com.br\/?p=5075\",\"name\":\"Ao som de M\u00e1rcio Bary e Tico Menezes, Col\u00e9gio L\u00e1pis na M\u00e3o causa impacto ao promover bloco carnavalesco pelas ruas de Concei\u00e7\u00e3o do Coit\u00e9 - Portal raizes noticias\",\"isPartOf\":{\"@id\":\"https:\/\/portalraizesnoticias.com.br\/#website\"},\"primaryImageOfPage\":{\"@id\":\"https:\/\/portalraizesnoticias.com.br\/?p=5075#primaryimage\"},\"image\":{\"@id\":\"https:\/\/portalraizesnoticias.com.br\/?p=5075#primaryimage\"},\"thumbnailUrl\":\"https:\/\/portalraizesnoticias.com.br\/wp-content\/uploads\/2025\/02\/IMG-20250228-WA0028.jpg\",\"datePublished\":\"2025-02-28T11:50:56+00:00\",\"dateModified\":\"2025-02-28T11:50:57+00:00\",\"breadcrumb\":{\"@id\":\"https:\/\/portalraizesnoticias.com.br\/?p=5075#breadcrumb\"},\"inLanguage\":\"pt-BR\",\"potentialAction\":[{\"@type\":\"ReadAction\",\"target\":[\"https:\/\/portalraizesnoticias.com.br\/?p=5075\"]}]},{\"@type\":\"ImageObject\",\"inLanguage\":\"pt-BR\",\"@id\":\"https:\/\/portalraizesnoticias.com.br\/?p=5075#primaryimage\",\"url\":\"https:\/\/portalraizesnoticias.com.br\/wp-content\/uploads\/2025\/02\/IMG-20250228-WA0028.jpg\",\"contentUrl\":\"https:\/\/portalraizesnoticias.com.br\/wp-content\/uploads\/2025\/02\/IMG-20250228-WA0028.jpg\",\"width\":1080,\"height\":908},{\"@type\":\"BreadcrumbList\",\"@id\":\"https:\/\/portalraizesnoticias.com.br\/?p=5075#breadcrumb\",\"itemListElement\":[{\"@type\":\"ListItem\",\"position\":1,\"name\":\"In\u00edcio\",\"item\":\"https:\/\/portalraizesnoticias.com.br\/\"},{\"@type\":\"ListItem\",\"position\":2,\"name\":\"Ao som de M\u00e1rcio Bary e Tico Menezes, Col\u00e9gio L\u00e1pis na M\u00e3o causa impacto ao promover bloco carnavalesco pelas ruas de Concei\u00e7\u00e3o do Coit\u00e9\"}]},{\"@type\":\"WebSite\",\"@id\":\"https:\/\/portalraizesnoticias.com.br\/#website\",\"url\":\"https:\/\/portalraizesnoticias.com.br\/\",\"name\":\"Portal raizes NOTICIAS\",\"description\":\"site de noticias de concei\u00e7\u00e3o do coit\u00e9 e regi\u00e3o\",\"publisher\":{\"@id\":\"https:\/\/portalraizesnoticias.com.br\/#organization\"},\"alternateName\":\"PORTAL RAIZES COIT\u00c9\",\"potentialAction\":[{\"@type\":\"SearchAction\",\"target\":{\"@type\":\"EntryPoint\",\"urlTemplate\":\"https:\/\/portalraizesnoticias.com.br\/?s={search_term_string}\"},\"query-input\":{\"@type\":\"PropertyValueSpecification\",\"valueRequired\":true,\"valueName\":\"search_term_string\"}}],\"inLanguage\":\"pt-BR\"},{\"@type\":\"Organization\",\"@id\":\"https:\/\/portalraizesnoticias.com.br\/#organization\",\"name\":\"Portal raizes NOTICIAS\",\"url\":\"https:\/\/portalraizesnoticias.com.br\/\",\"logo\":{\"@type\":\"ImageObject\",\"inLanguage\":\"pt-BR\",\"@id\":\"https:\/\/portalraizesnoticias.com.br\/#\/schema\/logo\/image\/\",\"url\":\"https:\/\/portalraizesnoticias.com.br\/wp-content\/uploads\/2024\/09\/cropped-Captura-de-tela-2024-09-08-011108.png\",\"contentUrl\":\"https:\/\/portalraizesnoticias.com.br\/wp-content\/uploads\/2024\/09\/cropped-Captura-de-tela-2024-09-08-011108.png\",\"width\":606,\"height\":173,\"caption\":\"Portal raizes NOTICIAS\"},\"image\":{\"@id\":\"https:\/\/portalraizesnoticias.com.br\/#\/schema\/logo\/image\/\"}},{\"@type\":\"Person\",\"@id\":\"https:\/\/portalraizesnoticias.com.br\/#\/schema\/person\/a3ca6b0fc701e78df19756c417d943ae\",\"name\":\"Portal Raizes\",\"image\":{\"@type\":\"ImageObject\",\"inLanguage\":\"pt-BR\",\"@id\":\"https:\/\/portalraizesnoticias.com.br\/#\/schema\/person\/image\/\",\"url\":\"https:\/\/secure.gravatar.com\/avatar\/ef450d29013a3d3fba867a12a249d7b1?s=96&d=mm&r=g\",\"contentUrl\":\"https:\/\/secure.gravatar.com\/avatar\/ef450d29013a3d3fba867a12a249d7b1?s=96&d=mm&r=g\",\"caption\":\"Portal Raizes\"},\"url\":\"https:\/\/portalraizesnoticias.com.br\/?author=3\"}]}<\/script>\n<!-- \/ Yoast SEO plugin. -->","yoast_head_json":{"title":"Ao som de M\u00e1rcio Bary e Tico Menezes, Col\u00e9gio L\u00e1pis na M\u00e3o causa impacto ao promover bloco carnavalesco pelas ruas de Concei\u00e7\u00e3o do Coit\u00e9 - Portal raizes noticias","robots":{"index":"index","follow":"follow","max-snippet":"max-snippet:-1","max-image-preview":"max-image-preview:large","max-video-preview":"max-video-preview:-1"},"canonical":"https:\/\/portalraizesnoticias.com.br\/?p=5075","og_locale":"pt_BR","og_type":"article","og_title":"Ao som de M\u00e1rcio Bary e Tico Menezes, Col\u00e9gio L\u00e1pis na M\u00e3o causa impacto ao promover bloco carnavalesco pelas ruas de Concei\u00e7\u00e3o do Coit\u00e9 - Portal raizes noticias","og_description":"O col\u00e9gio L\u00e1pis na M\u00e3o, localizado em Concei\u00e7\u00e3o do Coit\u00e9, regi\u00e3o sisaleira, surpreendeu nesta quinta-feira (27), com um bloco carnavalesco que causou grande impacto em quem passava pelas ruas da cidade. Ao som dos cantores Tico Menezes e M\u00e1rcio Bary, alunos e familiares aproveitaram a folia carnavalesca trajando o abad\u00e1 do bloco &#8220;L\u00e1pis na M\u00e3o&#8221;. Os artistas tocaram m\u00fasicas conhecidas e deixaram os pais satisfeitos pelas letras musicais direcionadas aos pequenos. \u201cN\u00e3o tenho d\u00favida de que coloquei meu filho na melhor escola da cidade. Al\u00e9m de ser um momento incr\u00edvel para eles, essa festa \u00e9 muito importante para que n\u00f3s (respons\u00e1veis) tenhamos nosso momento ao lado dos nossos filhos&#8221;, disse entusiasmada uma m\u00e3e. Al\u00e9m de ser uma institui\u00e7\u00e3o de ensino de excel\u00eancia, o Col\u00e9gio L\u00e1pis na M\u00e3o consegue se destacar na forma como proporciona entretenimento aos alunos, devido \u00e0 pontualidade e organiza\u00e7\u00e3o dos eventos. A festa tomou conta do centro de Coit\u00e9, levantando at\u00e9 uma possibilidade de os gestores da escola levarem o formato semelhante na Micareta que acontecer\u00e1 em maio. &#8220;Sei que depende de muitos fatores, mas seria incr\u00edvel o bloco do L\u00e1pis na M\u00e3o na micareta. Fica a dica&#8221;, enfatizou aos risos uma tia de um estudante. Reda\u00e7\u00e3o Portal Ra\u00edzes Fotos: Danrley Fot\u00f3grafo Foto em destaque: frame\/v\u00eddeo\u00a0 V\u00eddeos: Redes Sociais\/M\u00e1rcio Bary","og_url":"https:\/\/portalraizesnoticias.com.br\/?p=5075","og_site_name":"Portal raizes noticias","article_published_time":"2025-02-28T11:50:56+00:00","article_modified_time":"2025-02-28T11:50:57+00:00","og_image":[{"width":1080,"height":908,"url":"https:\/\/portalraizesnoticias.com.br\/wp-content\/uploads\/2025\/02\/IMG-20250228-WA0028.jpg","type":"image\/jpeg"}],"author":"Portal Raizes","twitter_card":"summary_large_image","twitter_misc":{"Escrito por":"Portal Raizes","Est. tempo de leitura":"3 minutos"},"schema":{"@context":"https:\/\/schema.org","@graph":[{"@type":"Article","@id":"https:\/\/portalraizesnoticias.com.br\/?p=5075#article","isPartOf":{"@id":"https:\/\/portalraizesnoticias.com.br\/?p=5075"},"author":{"name":"Portal Raizes","@id":"https:\/\/portalraizesnoticias.com.br\/#\/schema\/person\/a3ca6b0fc701e78df19756c417d943ae"},"headline":"Ao som de M\u00e1rcio Bary e Tico Menezes, Col\u00e9gio L\u00e1pis na M\u00e3o causa impacto ao promover bloco carnavalesco pelas ruas de Concei\u00e7\u00e3o do Coit\u00e9","datePublished":"2025-02-28T11:50:56+00:00","dateModified":"2025-02-28T11:50:57+00:00","mainEntityOfPage":{"@id":"https:\/\/portalraizesnoticias.com.br\/?p=5075"},"wordCount":324,"commentCount":0,"publisher":{"@id":"https:\/\/portalraizesnoticias.com.br\/#organization"},"image":{"@id":"https:\/\/portalraizesnoticias.com.br\/?p=5075#primaryimage"},"thumbnailUrl":"https:\/\/portalraizesnoticias.com.br\/wp-content\/uploads\/2025\/02\/IMG-20250228-WA0028.jpg","keywords":["Marcio bary","Tico mene"],"articleSection":["DESTAQUES","ENTRETERIMENTO E CULTURA","ULTIMAS NOTICIAS"],"inLanguage":"pt-BR","potentialAction":[{"@type":"CommentAction","name":"Comment","target":["https:\/\/portalraizesnoticias.com.br\/?p=5075#respond"]}]},{"@type":"WebPage","@id":"https:\/\/portalraizesnoticias.com.br\/?p=5075","url":"https:\/\/portalraizesnoticias.com.br\/?p=5075","name":"Ao som de M\u00e1rcio Bary e Tico Menezes, Col\u00e9gio L\u00e1pis na M\u00e3o causa impacto ao promover bloco carnavalesco pelas ruas de Concei\u00e7\u00e3o do Coit\u00e9 - Portal raizes noticias","isPartOf":{"@id":"https:\/\/portalraizesnoticias.com.br\/#website"},"primaryImageOfPage":{"@id":"https:\/\/portalraizesnoticias.com.br\/?p=5075#primaryimage"},"image":{"@id":"https:\/\/portalraizesnoticias.com.br\/?p=5075#primaryimage"},"thumbnailUrl":"https:\/\/portalraizesnoticias.com.br\/wp-content\/uploads\/2025\/02\/IMG-20250228-WA0028.jpg","datePublished":"2025-02-28T11:50:56+00:00","dateModified":"2025-02-28T11:50:57+00:00","breadcrumb":{"@id":"https:\/\/portalraizesnoticias.com.br\/?p=5075#breadcrumb"},"inLanguage":"pt-BR","potentialAction":[{"@type":"ReadAction","target":["https:\/\/portalraizesnoticias.com.br\/?p=5075"]}]},{"@type":"ImageObject","inLanguage":"pt-BR","@id":"https:\/\/portalraizesnoticias.com.br\/?p=5075#primaryimage","url":"https:\/\/portalraizesnoticias.com.br\/wp-content\/uploads\/2025\/02\/IMG-20250228-WA0028.jpg","contentUrl":"https:\/\/portalraizesnoticias.com.br\/wp-content\/uploads\/2025\/02\/IMG-20250228-WA0028.jpg","width":1080,"height":908},{"@type":"BreadcrumbList","@id":"https:\/\/portalraizesnoticias.com.br\/?p=5075#breadcrumb","itemListElement":[{"@type":"ListItem","position":1,"name":"In\u00edcio","item":"https:\/\/portalraizesnoticias.com.br\/"},{"@type":"ListItem","position":2,"name":"Ao som de M\u00e1rcio Bary e Tico Menezes, Col\u00e9gio L\u00e1pis na M\u00e3o causa impacto ao promover bloco carnavalesco pelas ruas de Concei\u00e7\u00e3o do Coit\u00e9"}]},{"@type":"WebSite","@id":"https:\/\/portalraizesnoticias.com.br\/#website","url":"https:\/\/portalraizesnoticias.com.br\/","name":"Portal raizes NOTICIAS","description":"site de noticias de concei\u00e7\u00e3o do coit\u00e9 e regi\u00e3o","publisher":{"@id":"https:\/\/portalraizesnoticias.com.br\/#organization"},"alternateName":"PORTAL RAIZES COIT\u00c9","potentialAction":[{"@type":"SearchAction","target":{"@type":"EntryPoint","urlTemplate":"https:\/\/portalraizesnoticias.com.br\/?s={search_term_string}"},"query-input":{"@type":"PropertyValueSpecification","valueRequired":true,"valueName":"search_term_string"}}],"inLanguage":"pt-BR"},{"@type":"Organization","@id":"https:\/\/portalraizesnoticias.com.br\/#organization","name":"Portal raizes NOTICIAS","url":"https:\/\/portalraizesnoticias.com.br\/","logo":{"@type":"ImageObject","inLanguage":"pt-BR","@id":"https:\/\/portalraizesnoticias.com.br\/#\/schema\/logo\/image\/","url":"https:\/\/portalraizesnoticias.com.br\/wp-content\/uploads\/2024\/09\/cropped-Captura-de-tela-2024-09-08-011108.png","contentUrl":"https:\/\/portalraizesnoticias.com.br\/wp-content\/uploads\/2024\/09\/cropped-Captura-de-tela-2024-09-08-011108.png","width":606,"height":173,"caption":"Portal raizes NOTICIAS"},"image":{"@id":"https:\/\/portalraizesnoticias.com.br\/#\/schema\/logo\/image\/"}},{"@type":"Person","@id":"https:\/\/portalraizesnoticias.com.br\/#\/schema\/person\/a3ca6b0fc701e78df19756c417d943ae","name":"Portal Raizes","image":{"@type":"ImageObject","inLanguage":"pt-BR","@id":"https:\/\/portalraizesnoticias.com.br\/#\/schema\/person\/image\/","url":"https:\/\/secure.gravatar.com\/avatar\/ef450d29013a3d3fba867a12a249d7b1?s=96&d=mm&r=g","contentUrl":"https:\/\/secure.gravatar.com\/avatar\/ef450d29013a3d3fba867a12a249d7b1?s=96&d=mm&r=g","caption":"Portal Raizes"},"url":"https:\/\/portalraizesnoticias.com.br\/?author=3"}]}},"_links":{"self":[{"href":"https:\/\/portalraizesnoticias.com.br\/index.php?rest_route=\/wp\/v2\/posts\/5075"}],"collection":[{"href":"https:\/\/portalraizesnoticias.com.br\/index.php?rest_route=\/wp\/v2\/posts"}],"about":[{"href":"https:\/\/portalraizesnoticias.com.br\/index.php?rest_route=\/wp\/v2\/types\/post"}],"author":[{"embeddable":true,"href":"https:\/\/portalraizesnoticias.com.br\/index.php?rest_route=\/wp\/v2\/users\/3"}],"replies":[{"embeddable":true,"href":"https:\/\/portalraizesnoticias.com.br\/index.php?rest_route=%2Fwp%2Fv2%2Fcomments&post=5075"}],"version-history":[{"count":1,"href":"https:\/\/portalraizesnoticias.com.br\/index.php?rest_route=\/wp\/v2\/posts\/5075\/revisions"}],"predecessor-version":[{"id":5083,"href":"https:\/\/portalraizesnoticias.com.br\/index.php?rest_route=\/wp\/v2\/posts\/5075\/revisions\/5083"}],"wp:featuredmedia":[{"embeddable":true,"href":"https:\/\/portalraizesnoticias.com.br\/index.php?rest_route=\/wp\/v2\/media\/5082"}],"wp:attachment":[{"href":"https:\/\/portalraizesnoticias.com.br\/index.php?rest_route=%2Fwp%2Fv2%2Fmedia&parent=5075"}],"wp:term":[{"taxonomy":"category","embeddable":true,"href":"https:\/\/portalraizesnoticias.com.br\/index.php?rest_route=%2Fwp%2Fv2%2Fcategories&post=5075"},{"taxonomy":"post_tag","embeddable":true,"href":"https:\/\/portalraizesnoticias.com.br\/index.php?rest_route=%2Fwp%2Fv2%2Ftags&post=5075"}],"curies":[{"name":"wp","href":"https:\/\/api.w.org\/{rel}","templated":true}]}}