{"id":5059,"date":"2025-02-27T11:07:12","date_gmt":"2025-02-27T14:07:12","guid":{"rendered":"https:\/\/portalraizesnoticias.com.br\/?p=5059"},"modified":"2025-02-27T11:14:14","modified_gmt":"2025-02-27T14:14:14","slug":"coite-idosa-de-76-anos-e-transferida-para-feira-de-santana-apos-ser-atropelada-adolescente-empinava-moto-no-momento-do-acidente","status":"publish","type":"post","link":"https:\/\/portalraizesnoticias.com.br\/?p=5059","title":{"rendered":"Coit\u00e9: Idosa de 76 anos \u00e9 transferida para Feira de Santana ap\u00f3s ser atropelada; adolescente supostamente empinava moto no momento do acidente"},"content":{"rendered":"<p>Por volta de 16h54 desta quarta-feira (26), uma idosa de 76 anos foi atropelada no distrito de Almas em Concei\u00e7\u00e3o do Coit\u00e9, Bahia.\u00a0<\/p>\n<p><img fetchpriority=\"high\" decoding=\"async\" class=\"size-medium wp-image-3845 aligncenter\" src=\"https:\/\/portalraizesnoticias.com.br\/wp-content\/uploads\/2025\/01\/banner-lateral-agencia-Neri-300x300.jpg\" alt=\"\" width=\"300\" height=\"300\" srcset=\"https:\/\/portalraizesnoticias.com.br\/wp-content\/uploads\/2025\/01\/banner-lateral-agencia-Neri-300x300.jpg 300w, https:\/\/portalraizesnoticias.com.br\/wp-content\/uploads\/2025\/01\/banner-lateral-agencia-Neri-1024x1024.jpg 1024w, https:\/\/portalraizesnoticias.com.br\/wp-content\/uploads\/2025\/01\/banner-lateral-agencia-Neri-150x150.jpg 150w, https:\/\/portalraizesnoticias.com.br\/wp-content\/uploads\/2025\/01\/banner-lateral-agencia-Neri-768x768.jpg 768w, https:\/\/portalraizesnoticias.com.br\/wp-content\/uploads\/2025\/01\/banner-lateral-agencia-Neri-1536x1536.jpg 1536w, https:\/\/portalraizesnoticias.com.br\/wp-content\/uploads\/2025\/01\/banner-lateral-agencia-Neri-2048x2048.jpg 2048w, https:\/\/portalraizesnoticias.com.br\/wp-content\/uploads\/2025\/01\/banner-lateral-agencia-Neri-scaled-700x700.jpg 700w, https:\/\/portalraizesnoticias.com.br\/wp-content\/uploads\/2025\/01\/banner-lateral-agencia-Neri-scaled-620x620.jpg 620w, https:\/\/portalraizesnoticias.com.br\/wp-content\/uploads\/2025\/01\/banner-lateral-agencia-Neri-scaled-400x400.jpg 400w\" sizes=\"(max-width: 300px) 100vw, 300px\" \/><\/p>\n<p style=\"text-align: center;\"><strong>PUBLICIDADE<\/strong>\u00a0<\/p>\n<p>Segundo informa\u00e7\u00f5es apuradas pelo Portal Raizes junto \u00e1 policia, a guarni\u00e7\u00e3o deslocou at\u00e9 o Hospital Portugu\u00eas para averiguar a entrada naquela unidade de uma paciente v\u00edtima de atropelo, onde segundo den\u00fancia, um menor utilizado &#8211; se de um ve\u00edculo duas rodas, exibindo em via p\u00fablica manobra perigoso mediante equil\u00edbrio em apenas uma roda,\u00a0 provocando um grave atropelo.<\/p>\n<p><img decoding=\"async\" class=\"size-medium wp-image-3171 aligncenter\" src=\"https:\/\/portalraizesnoticias.com.br\/wp-content\/uploads\/2024\/12\/Brasao-Clube-de-Tiro-vetorizado-2-300x176.png\" alt=\"\" width=\"300\" height=\"176\" srcset=\"https:\/\/portalraizesnoticias.com.br\/wp-content\/uploads\/2024\/12\/Brasao-Clube-de-Tiro-vetorizado-2-300x176.png 300w, https:\/\/portalraizesnoticias.com.br\/wp-content\/uploads\/2024\/12\/Brasao-Clube-de-Tiro-vetorizado-2-1024x602.png 1024w, https:\/\/portalraizesnoticias.com.br\/wp-content\/uploads\/2024\/12\/Brasao-Clube-de-Tiro-vetorizado-2-768x451.png 768w, https:\/\/portalraizesnoticias.com.br\/wp-content\/uploads\/2024\/12\/Brasao-Clube-de-Tiro-vetorizado-2-1536x902.png 1536w, https:\/\/portalraizesnoticias.com.br\/wp-content\/uploads\/2024\/12\/Brasao-Clube-de-Tiro-vetorizado-2-2048x1203.png 2048w\" sizes=\"(max-width: 300px) 100vw, 300px\" \/><\/p>\n<p style=\"text-align: center;\"><strong>PUBLICIDADE\u00a0<\/strong><\/p>\n<p style=\"text-align: center;\"><strong>\u00a075 9981-3731<\/strong><\/p>\n<p>A v\u00edtima, M R. ingressou na emerg\u00eancia trazida pela ambul\u00e2ncia do munic\u00edpio apresentando ferimentos no nariz,\u00a0 desconforto respirat\u00f3rio, creptos em campo pulmonar a direita e traumatismo intracraniano; sendo necess\u00e1ria a regula\u00e7\u00e3o para o hospital Cl\u00e9riston Andrade em Feira de Santana.\u00a0<\/p>\n<p><img decoding=\"async\" class=\"size-medium wp-image-2520 aligncenter\" src=\"https:\/\/portalraizesnoticias.com.br\/wp-content\/uploads\/2024\/11\/Imagem-do-WhatsApp-de-2024-11-28-as-11.24.37_b858345f-300x142.jpg\" alt=\"\" width=\"300\" height=\"142\" srcset=\"https:\/\/portalraizesnoticias.com.br\/wp-content\/uploads\/2024\/11\/Imagem-do-WhatsApp-de-2024-11-28-as-11.24.37_b858345f-300x142.jpg 300w, https:\/\/portalraizesnoticias.com.br\/wp-content\/uploads\/2024\/11\/Imagem-do-WhatsApp-de-2024-11-28-as-11.24.37_b858345f.jpg 722w\" sizes=\"(max-width: 300px) 100vw, 300px\" \/><\/p>\n<p style=\"text-align: center;\"><strong>PUBLICIDADE<\/strong>\u00a0<\/p>\n<p>N\u00e3o h\u00e1 registro do autor nem do ve\u00edculo.<\/p>\n<p>Reda\u00e7\u00e3o Portal Ra\u00edzes com informa\u00e7\u00f5es da Pol\u00edcia Militar<\/p>\n\n\n<p><\/p>\n","protected":false},"excerpt":{"rendered":"<p>Por volta de 16h54 desta quarta-feira (26), uma idosa de 76 anos foi atropelada no distrito de Almas em Concei\u00e7\u00e3o do Coit\u00e9, Bahia.\u00a0 PUBLICIDADE\u00a0 Segundo informa\u00e7\u00f5es apuradas pelo Portal Raizes junto \u00e1 policia, a guarni\u00e7\u00e3o deslocou at\u00e9 o Hospital Portugu\u00eas para averiguar a entrada naquela unidade de uma paciente v\u00edtima de atropelo, onde segundo den\u00fancia, um menor utilizado &#8211; se de um ve\u00edculo duas rodas, exibindo em via p\u00fablica manobra perigoso mediante equil\u00edbrio em apenas uma roda,\u00a0 provocando um grave atropelo. PUBLICIDADE\u00a0 \u00a075 9981-3731 A v\u00edtima, M R. ingressou na emerg\u00eancia trazida pela ambul\u00e2ncia do munic\u00edpio apresentando ferimentos no nariz,\u00a0 desconforto respirat\u00f3rio, creptos em campo pulmonar a direita e traumatismo intracraniano; sendo necess\u00e1ria a regula\u00e7\u00e3o para o hospital Cl\u00e9riston Andrade em Feira de Santana.\u00a0 PUBLICIDADE\u00a0 N\u00e3o h\u00e1 registro do autor nem do ve\u00edculo. Reda\u00e7\u00e3o Portal Ra\u00edzes com informa\u00e7\u00f5es da Pol\u00edcia Militar<\/p>\n","protected":false},"author":3,"featured_media":5060,"comment_status":"open","ping_status":"open","sticky":false,"template":"","format":"standard","meta":{"_joinchat":[],"footnotes":""},"categories":[55,67,59],"tags":[861,204,766],"class_list":["post-5059","post","type-post","status-publish","format-standard","has-post-thumbnail","hentry","category-destaques","category-policia","category-ultimas-noticias","tag-atropelo","tag-ferida","tag-idosa"],"yoast_head":"<!-- This site is optimized with the Yoast SEO plugin v24.4 - https:\/\/yoast.com\/wordpress\/plugins\/seo\/ -->\n<title>Coit\u00e9: Idosa de 76 anos \u00e9 transferida para Feira de Santana ap\u00f3s ser atropelada; adolescente supostamente empinava moto no momento do acidente - Portal raizes noticias<\/title>\n<meta name=\"robots\" content=\"index, follow, max-snippet:-1, max-image-preview:large, max-video-preview:-1\" \/>\n<link rel=\"canonical\" href=\"https:\/\/portalraizesnoticias.com.br\/?p=5059\" \/>\n<meta property=\"og:locale\" content=\"pt_BR\" \/>\n<meta property=\"og:type\" content=\"article\" \/>\n<meta property=\"og:title\" content=\"Coit\u00e9: Idosa de 76 anos \u00e9 transferida para Feira de Santana ap\u00f3s ser atropelada; adolescente supostamente empinava moto no momento do acidente - Portal raizes noticias\" \/>\n<meta property=\"og:description\" content=\"Por volta de 16h54 desta quarta-feira (26), uma idosa de 76 anos foi atropelada no distrito de Almas em Concei\u00e7\u00e3o do Coit\u00e9, Bahia.\u00a0 PUBLICIDADE\u00a0 Segundo informa\u00e7\u00f5es apuradas pelo Portal Raizes junto \u00e1 policia, a guarni\u00e7\u00e3o deslocou at\u00e9 o Hospital Portugu\u00eas para averiguar a entrada naquela unidade de uma paciente v\u00edtima de atropelo, onde segundo den\u00fancia, um menor utilizado &#8211; se de um ve\u00edculo duas rodas, exibindo em via p\u00fablica manobra perigoso mediante equil\u00edbrio em apenas uma roda,\u00a0 provocando um grave atropelo. PUBLICIDADE\u00a0 \u00a075 9981-3731 A v\u00edtima, M R. ingressou na emerg\u00eancia trazida pela ambul\u00e2ncia do munic\u00edpio apresentando ferimentos no nariz,\u00a0 desconforto respirat\u00f3rio, creptos em campo pulmonar a direita e traumatismo intracraniano; sendo necess\u00e1ria a regula\u00e7\u00e3o para o hospital Cl\u00e9riston Andrade em Feira de Santana.\u00a0 PUBLICIDADE\u00a0 N\u00e3o h\u00e1 registro do autor nem do ve\u00edculo. Reda\u00e7\u00e3o Portal Ra\u00edzes com informa\u00e7\u00f5es da Pol\u00edcia Militar\" \/>\n<meta property=\"og:url\" content=\"https:\/\/portalraizesnoticias.com.br\/?p=5059\" \/>\n<meta property=\"og:site_name\" content=\"Portal raizes noticias\" \/>\n<meta property=\"article:published_time\" content=\"2025-02-27T14:07:12+00:00\" \/>\n<meta property=\"article:modified_time\" content=\"2025-02-27T14:14:14+00:00\" \/>\n<meta property=\"og:image\" content=\"https:\/\/portalraizesnoticias.com.br\/wp-content\/uploads\/2025\/02\/20250227110630.jpg\" \/>\n\t<meta property=\"og:image:width\" content=\"720\" \/>\n\t<meta property=\"og:image:height\" content=\"1280\" \/>\n\t<meta property=\"og:image:type\" content=\"image\/jpeg\" \/>\n<meta name=\"author\" content=\"Portal Raizes\" \/>\n<meta name=\"twitter:card\" content=\"summary_large_image\" \/>\n<meta name=\"twitter:label1\" content=\"Escrito por\" \/>\n\t<meta name=\"twitter:data1\" content=\"Portal Raizes\" \/>\n\t<meta name=\"twitter:label2\" content=\"Est. tempo de leitura\" \/>\n\t<meta name=\"twitter:data2\" content=\"2 minutos\" \/>\n<script type=\"application\/ld+json\" class=\"yoast-schema-graph\">{\"@context\":\"https:\/\/schema.org\",\"@graph\":[{\"@type\":\"Article\",\"@id\":\"https:\/\/portalraizesnoticias.com.br\/?p=5059#article\",\"isPartOf\":{\"@id\":\"https:\/\/portalraizesnoticias.com.br\/?p=5059\"},\"author\":{\"name\":\"Portal Raizes\",\"@id\":\"https:\/\/portalraizesnoticias.com.br\/#\/schema\/person\/a3ca6b0fc701e78df19756c417d943ae\"},\"headline\":\"Coit\u00e9: Idosa de 76 anos \u00e9 transferida para Feira de Santana ap\u00f3s ser atropelada; adolescente supostamente empinava moto no momento do acidente\",\"datePublished\":\"2025-02-27T14:07:12+00:00\",\"dateModified\":\"2025-02-27T14:14:14+00:00\",\"mainEntityOfPage\":{\"@id\":\"https:\/\/portalraizesnoticias.com.br\/?p=5059\"},\"wordCount\":181,\"commentCount\":0,\"publisher\":{\"@id\":\"https:\/\/portalraizesnoticias.com.br\/#organization\"},\"image\":{\"@id\":\"https:\/\/portalraizesnoticias.com.br\/?p=5059#primaryimage\"},\"thumbnailUrl\":\"https:\/\/portalraizesnoticias.com.br\/wp-content\/uploads\/2025\/02\/20250227110630.jpg\",\"keywords\":[\"Atropelo\",\"Ferida\",\"Idosa\"],\"articleSection\":[\"DESTAQUES\",\"POLICIA\",\"ULTIMAS NOTICIAS\"],\"inLanguage\":\"pt-BR\",\"potentialAction\":[{\"@type\":\"CommentAction\",\"name\":\"Comment\",\"target\":[\"https:\/\/portalraizesnoticias.com.br\/?p=5059#respond\"]}]},{\"@type\":\"WebPage\",\"@id\":\"https:\/\/portalraizesnoticias.com.br\/?p=5059\",\"url\":\"https:\/\/portalraizesnoticias.com.br\/?p=5059\",\"name\":\"Coit\u00e9: Idosa de 76 anos \u00e9 transferida para Feira de Santana ap\u00f3s ser atropelada; adolescente supostamente empinava moto no momento do acidente - Portal raizes noticias\",\"isPartOf\":{\"@id\":\"https:\/\/portalraizesnoticias.com.br\/#website\"},\"primaryImageOfPage\":{\"@id\":\"https:\/\/portalraizesnoticias.com.br\/?p=5059#primaryimage\"},\"image\":{\"@id\":\"https:\/\/portalraizesnoticias.com.br\/?p=5059#primaryimage\"},\"thumbnailUrl\":\"https:\/\/portalraizesnoticias.com.br\/wp-content\/uploads\/2025\/02\/20250227110630.jpg\",\"datePublished\":\"2025-02-27T14:07:12+00:00\",\"dateModified\":\"2025-02-27T14:14:14+00:00\",\"breadcrumb\":{\"@id\":\"https:\/\/portalraizesnoticias.com.br\/?p=5059#breadcrumb\"},\"inLanguage\":\"pt-BR\",\"potentialAction\":[{\"@type\":\"ReadAction\",\"target\":[\"https:\/\/portalraizesnoticias.com.br\/?p=5059\"]}]},{\"@type\":\"ImageObject\",\"inLanguage\":\"pt-BR\",\"@id\":\"https:\/\/portalraizesnoticias.com.br\/?p=5059#primaryimage\",\"url\":\"https:\/\/portalraizesnoticias.com.br\/wp-content\/uploads\/2025\/02\/20250227110630.jpg\",\"contentUrl\":\"https:\/\/portalraizesnoticias.com.br\/wp-content\/uploads\/2025\/02\/20250227110630.jpg\",\"width\":720,\"height\":1280},{\"@type\":\"BreadcrumbList\",\"@id\":\"https:\/\/portalraizesnoticias.com.br\/?p=5059#breadcrumb\",\"itemListElement\":[{\"@type\":\"ListItem\",\"position\":1,\"name\":\"In\u00edcio\",\"item\":\"https:\/\/portalraizesnoticias.com.br\/\"},{\"@type\":\"ListItem\",\"position\":2,\"name\":\"Coit\u00e9: Idosa de 76 anos \u00e9 transferida para Feira de Santana ap\u00f3s ser atropelada; adolescente supostamente empinava moto no momento do acidente\"}]},{\"@type\":\"WebSite\",\"@id\":\"https:\/\/portalraizesnoticias.com.br\/#website\",\"url\":\"https:\/\/portalraizesnoticias.com.br\/\",\"name\":\"Portal raizes NOTICIAS\",\"description\":\"site de noticias de concei\u00e7\u00e3o do coit\u00e9 e regi\u00e3o\",\"publisher\":{\"@id\":\"https:\/\/portalraizesnoticias.com.br\/#organization\"},\"alternateName\":\"PORTAL RAIZES COIT\u00c9\",\"potentialAction\":[{\"@type\":\"SearchAction\",\"target\":{\"@type\":\"EntryPoint\",\"urlTemplate\":\"https:\/\/portalraizesnoticias.com.br\/?s={search_term_string}\"},\"query-input\":{\"@type\":\"PropertyValueSpecification\",\"valueRequired\":true,\"valueName\":\"search_term_string\"}}],\"inLanguage\":\"pt-BR\"},{\"@type\":\"Organization\",\"@id\":\"https:\/\/portalraizesnoticias.com.br\/#organization\",\"name\":\"Portal raizes NOTICIAS\",\"url\":\"https:\/\/portalraizesnoticias.com.br\/\",\"logo\":{\"@type\":\"ImageObject\",\"inLanguage\":\"pt-BR\",\"@id\":\"https:\/\/portalraizesnoticias.com.br\/#\/schema\/logo\/image\/\",\"url\":\"https:\/\/portalraizesnoticias.com.br\/wp-content\/uploads\/2024\/09\/cropped-Captura-de-tela-2024-09-08-011108.png\",\"contentUrl\":\"https:\/\/portalraizesnoticias.com.br\/wp-content\/uploads\/2024\/09\/cropped-Captura-de-tela-2024-09-08-011108.png\",\"width\":606,\"height\":173,\"caption\":\"Portal raizes NOTICIAS\"},\"image\":{\"@id\":\"https:\/\/portalraizesnoticias.com.br\/#\/schema\/logo\/image\/\"}},{\"@type\":\"Person\",\"@id\":\"https:\/\/portalraizesnoticias.com.br\/#\/schema\/person\/a3ca6b0fc701e78df19756c417d943ae\",\"name\":\"Portal Raizes\",\"image\":{\"@type\":\"ImageObject\",\"inLanguage\":\"pt-BR\",\"@id\":\"https:\/\/portalraizesnoticias.com.br\/#\/schema\/person\/image\/\",\"url\":\"https:\/\/secure.gravatar.com\/avatar\/ef450d29013a3d3fba867a12a249d7b1?s=96&d=mm&r=g\",\"contentUrl\":\"https:\/\/secure.gravatar.com\/avatar\/ef450d29013a3d3fba867a12a249d7b1?s=96&d=mm&r=g\",\"caption\":\"Portal Raizes\"},\"url\":\"https:\/\/portalraizesnoticias.com.br\/?author=3\"}]}<\/script>\n<!-- \/ Yoast SEO plugin. -->","yoast_head_json":{"title":"Coit\u00e9: Idosa de 76 anos \u00e9 transferida para Feira de Santana ap\u00f3s ser atropelada; adolescente supostamente empinava moto no momento do acidente - Portal raizes noticias","robots":{"index":"index","follow":"follow","max-snippet":"max-snippet:-1","max-image-preview":"max-image-preview:large","max-video-preview":"max-video-preview:-1"},"canonical":"https:\/\/portalraizesnoticias.com.br\/?p=5059","og_locale":"pt_BR","og_type":"article","og_title":"Coit\u00e9: Idosa de 76 anos \u00e9 transferida para Feira de Santana ap\u00f3s ser atropelada; adolescente supostamente empinava moto no momento do acidente - Portal raizes noticias","og_description":"Por volta de 16h54 desta quarta-feira (26), uma idosa de 76 anos foi atropelada no distrito de Almas em Concei\u00e7\u00e3o do Coit\u00e9, Bahia.\u00a0 PUBLICIDADE\u00a0 Segundo informa\u00e7\u00f5es apuradas pelo Portal Raizes junto \u00e1 policia, a guarni\u00e7\u00e3o deslocou at\u00e9 o Hospital Portugu\u00eas para averiguar a entrada naquela unidade de uma paciente v\u00edtima de atropelo, onde segundo den\u00fancia, um menor utilizado &#8211; se de um ve\u00edculo duas rodas, exibindo em via p\u00fablica manobra perigoso mediante equil\u00edbrio em apenas uma roda,\u00a0 provocando um grave atropelo. PUBLICIDADE\u00a0 \u00a075 9981-3731 A v\u00edtima, M R. ingressou na emerg\u00eancia trazida pela ambul\u00e2ncia do munic\u00edpio apresentando ferimentos no nariz,\u00a0 desconforto respirat\u00f3rio, creptos em campo pulmonar a direita e traumatismo intracraniano; sendo necess\u00e1ria a regula\u00e7\u00e3o para o hospital Cl\u00e9riston Andrade em Feira de Santana.\u00a0 PUBLICIDADE\u00a0 N\u00e3o h\u00e1 registro do autor nem do ve\u00edculo. Reda\u00e7\u00e3o Portal Ra\u00edzes com informa\u00e7\u00f5es da Pol\u00edcia Militar","og_url":"https:\/\/portalraizesnoticias.com.br\/?p=5059","og_site_name":"Portal raizes noticias","article_published_time":"2025-02-27T14:07:12+00:00","article_modified_time":"2025-02-27T14:14:14+00:00","og_image":[{"width":720,"height":1280,"url":"https:\/\/portalraizesnoticias.com.br\/wp-content\/uploads\/2025\/02\/20250227110630.jpg","type":"image\/jpeg"}],"author":"Portal Raizes","twitter_card":"summary_large_image","twitter_misc":{"Escrito por":"Portal Raizes","Est. tempo de leitura":"2 minutos"},"schema":{"@context":"https:\/\/schema.org","@graph":[{"@type":"Article","@id":"https:\/\/portalraizesnoticias.com.br\/?p=5059#article","isPartOf":{"@id":"https:\/\/portalraizesnoticias.com.br\/?p=5059"},"author":{"name":"Portal Raizes","@id":"https:\/\/portalraizesnoticias.com.br\/#\/schema\/person\/a3ca6b0fc701e78df19756c417d943ae"},"headline":"Coit\u00e9: Idosa de 76 anos \u00e9 transferida para Feira de Santana ap\u00f3s ser atropelada; adolescente supostamente empinava moto no momento do acidente","datePublished":"2025-02-27T14:07:12+00:00","dateModified":"2025-02-27T14:14:14+00:00","mainEntityOfPage":{"@id":"https:\/\/portalraizesnoticias.com.br\/?p=5059"},"wordCount":181,"commentCount":0,"publisher":{"@id":"https:\/\/portalraizesnoticias.com.br\/#organization"},"image":{"@id":"https:\/\/portalraizesnoticias.com.br\/?p=5059#primaryimage"},"thumbnailUrl":"https:\/\/portalraizesnoticias.com.br\/wp-content\/uploads\/2025\/02\/20250227110630.jpg","keywords":["Atropelo","Ferida","Idosa"],"articleSection":["DESTAQUES","POLICIA","ULTIMAS NOTICIAS"],"inLanguage":"pt-BR","potentialAction":[{"@type":"CommentAction","name":"Comment","target":["https:\/\/portalraizesnoticias.com.br\/?p=5059#respond"]}]},{"@type":"WebPage","@id":"https:\/\/portalraizesnoticias.com.br\/?p=5059","url":"https:\/\/portalraizesnoticias.com.br\/?p=5059","name":"Coit\u00e9: Idosa de 76 anos \u00e9 transferida para Feira de Santana ap\u00f3s ser atropelada; adolescente supostamente empinava moto no momento do acidente - Portal raizes noticias","isPartOf":{"@id":"https:\/\/portalraizesnoticias.com.br\/#website"},"primaryImageOfPage":{"@id":"https:\/\/portalraizesnoticias.com.br\/?p=5059#primaryimage"},"image":{"@id":"https:\/\/portalraizesnoticias.com.br\/?p=5059#primaryimage"},"thumbnailUrl":"https:\/\/portalraizesnoticias.com.br\/wp-content\/uploads\/2025\/02\/20250227110630.jpg","datePublished":"2025-02-27T14:07:12+00:00","dateModified":"2025-02-27T14:14:14+00:00","breadcrumb":{"@id":"https:\/\/portalraizesnoticias.com.br\/?p=5059#breadcrumb"},"inLanguage":"pt-BR","potentialAction":[{"@type":"ReadAction","target":["https:\/\/portalraizesnoticias.com.br\/?p=5059"]}]},{"@type":"ImageObject","inLanguage":"pt-BR","@id":"https:\/\/portalraizesnoticias.com.br\/?p=5059#primaryimage","url":"https:\/\/portalraizesnoticias.com.br\/wp-content\/uploads\/2025\/02\/20250227110630.jpg","contentUrl":"https:\/\/portalraizesnoticias.com.br\/wp-content\/uploads\/2025\/02\/20250227110630.jpg","width":720,"height":1280},{"@type":"BreadcrumbList","@id":"https:\/\/portalraizesnoticias.com.br\/?p=5059#breadcrumb","itemListElement":[{"@type":"ListItem","position":1,"name":"In\u00edcio","item":"https:\/\/portalraizesnoticias.com.br\/"},{"@type":"ListItem","position":2,"name":"Coit\u00e9: Idosa de 76 anos \u00e9 transferida para Feira de Santana ap\u00f3s ser atropelada; adolescente supostamente empinava moto no momento do acidente"}]},{"@type":"WebSite","@id":"https:\/\/portalraizesnoticias.com.br\/#website","url":"https:\/\/portalraizesnoticias.com.br\/","name":"Portal raizes NOTICIAS","description":"site de noticias de concei\u00e7\u00e3o do coit\u00e9 e regi\u00e3o","publisher":{"@id":"https:\/\/portalraizesnoticias.com.br\/#organization"},"alternateName":"PORTAL RAIZES COIT\u00c9","potentialAction":[{"@type":"SearchAction","target":{"@type":"EntryPoint","urlTemplate":"https:\/\/portalraizesnoticias.com.br\/?s={search_term_string}"},"query-input":{"@type":"PropertyValueSpecification","valueRequired":true,"valueName":"search_term_string"}}],"inLanguage":"pt-BR"},{"@type":"Organization","@id":"https:\/\/portalraizesnoticias.com.br\/#organization","name":"Portal raizes NOTICIAS","url":"https:\/\/portalraizesnoticias.com.br\/","logo":{"@type":"ImageObject","inLanguage":"pt-BR","@id":"https:\/\/portalraizesnoticias.com.br\/#\/schema\/logo\/image\/","url":"https:\/\/portalraizesnoticias.com.br\/wp-content\/uploads\/2024\/09\/cropped-Captura-de-tela-2024-09-08-011108.png","contentUrl":"https:\/\/portalraizesnoticias.com.br\/wp-content\/uploads\/2024\/09\/cropped-Captura-de-tela-2024-09-08-011108.png","width":606,"height":173,"caption":"Portal raizes NOTICIAS"},"image":{"@id":"https:\/\/portalraizesnoticias.com.br\/#\/schema\/logo\/image\/"}},{"@type":"Person","@id":"https:\/\/portalraizesnoticias.com.br\/#\/schema\/person\/a3ca6b0fc701e78df19756c417d943ae","name":"Portal Raizes","image":{"@type":"ImageObject","inLanguage":"pt-BR","@id":"https:\/\/portalraizesnoticias.com.br\/#\/schema\/person\/image\/","url":"https:\/\/secure.gravatar.com\/avatar\/ef450d29013a3d3fba867a12a249d7b1?s=96&d=mm&r=g","contentUrl":"https:\/\/secure.gravatar.com\/avatar\/ef450d29013a3d3fba867a12a249d7b1?s=96&d=mm&r=g","caption":"Portal Raizes"},"url":"https:\/\/portalraizesnoticias.com.br\/?author=3"}]}},"_links":{"self":[{"href":"https:\/\/portalraizesnoticias.com.br\/index.php?rest_route=\/wp\/v2\/posts\/5059"}],"collection":[{"href":"https:\/\/portalraizesnoticias.com.br\/index.php?rest_route=\/wp\/v2\/posts"}],"about":[{"href":"https:\/\/portalraizesnoticias.com.br\/index.php?rest_route=\/wp\/v2\/types\/post"}],"author":[{"embeddable":true,"href":"https:\/\/portalraizesnoticias.com.br\/index.php?rest_route=\/wp\/v2\/users\/3"}],"replies":[{"embeddable":true,"href":"https:\/\/portalraizesnoticias.com.br\/index.php?rest_route=%2Fwp%2Fv2%2Fcomments&post=5059"}],"version-history":[{"count":3,"href":"https:\/\/portalraizesnoticias.com.br\/index.php?rest_route=\/wp\/v2\/posts\/5059\/revisions"}],"predecessor-version":[{"id":5064,"href":"https:\/\/portalraizesnoticias.com.br\/index.php?rest_route=\/wp\/v2\/posts\/5059\/revisions\/5064"}],"wp:featuredmedia":[{"embeddable":true,"href":"https:\/\/portalraizesnoticias.com.br\/index.php?rest_route=\/wp\/v2\/media\/5060"}],"wp:attachment":[{"href":"https:\/\/portalraizesnoticias.com.br\/index.php?rest_route=%2Fwp%2Fv2%2Fmedia&parent=5059"}],"wp:term":[{"taxonomy":"category","embeddable":true,"href":"https:\/\/portalraizesnoticias.com.br\/index.php?rest_route=%2Fwp%2Fv2%2Fcategories&post=5059"},{"taxonomy":"post_tag","embeddable":true,"href":"https:\/\/portalraizesnoticias.com.br\/index.php?rest_route=%2Fwp%2Fv2%2Ftags&post=5059"}],"curies":[{"name":"wp","href":"https:\/\/api.w.org\/{rel}","templated":true}]}}