{"id":5014,"date":"2025-02-22T22:18:37","date_gmt":"2025-02-23T01:18:37","guid":{"rendered":"https:\/\/portalraizesnoticias.com.br\/?p=5014"},"modified":"2025-02-22T22:18:37","modified_gmt":"2025-02-23T01:18:37","slug":"crianca-de-12-anos-perde-controle-de-moto-e-cai-na-zona-rural-de-conceicao-do-coite","status":"publish","type":"post","link":"https:\/\/portalraizesnoticias.com.br\/?p=5014","title":{"rendered":"Crian\u00e7a de 12 anos perde controle de moto e cai na zona rural de Concei\u00e7\u00e3o do Coit\u00e9"},"content":{"rendered":"<p>Uma crian\u00e7a de 12 anos ficou ferida ap\u00f3s perder o controle da moto e cair no povoado de Caruaru, zona rural de Concei\u00e7\u00e3o do Coit\u00e9. O acidente 20h46 deste s\u00e1bado (22).<\/p>\n<p>Conforme o coordenador da equipe \u00c1guia Resgate, Gildo Carneiro, o menor foi encontrado consciente, orientado, com escoria\u00e7\u00f5es pelo corpo e queixando-se de dores na regi\u00e3o da cabe\u00e7a e coluna cervical.<\/p>\n<p>Ele foi socorrido e encaminhado \u00e0 emerg\u00eancia da Unidade Materno Infantil (UMI).<\/p>\n<p>Vale ressaltar que dirigir um ve\u00edculo antes dos 18 anos n\u00e3o configura um crime para o menor, pois ele n\u00e3o pode ser penalmente responsabilizado como um adulto.<\/p>\n<p>N\u00e3o h\u00e1 tipifica\u00e7\u00e3o penal espec\u00edfica para isso no C\u00f3digo de Tr\u00e2nsito Brasileiro (CTB). No entanto, isso n\u00e3o significa que n\u00e3o existam consequ\u00eancias s\u00e9rias!<\/p>\n<p>O menor pode at\u00e9 n\u00e3o ser preso nem responder criminalmente, mas a coisa fica feia para o respons\u00e1vel legal. Se algu\u00e9m entregou ou permitiu que esse menor dirigisse, essa pessoa pode ser punida segundo o artigo 310 do CTB, que diz:<\/p>\n<p>\u201cPermitir, confiar ou entregar a dire\u00e7\u00e3o de ve\u00edculo automotor a pessoa n\u00e3o habilitada\u201d \u00e9 crime, com pena de deten\u00e7\u00e3o de seis meses a um ano, ou multa.<\/p>\n<p>Ou seja, o menor pode at\u00e9 se livrar de uma acusa\u00e7\u00e3o criminal, mas o dono do carro ou qualquer adulto que permitiu isso pode ser preso ou multado.<\/p>\n<p>Reda\u00e7\u00e3o Portal Ra\u00edzes<\/p>\n<p>Foto: \u00c1guia Resgate<\/p>\n","protected":false},"excerpt":{"rendered":"<p>Uma crian\u00e7a de 12 anos ficou ferida ap\u00f3s perder o controle da moto e cair no povoado de Caruaru, zona rural de Concei\u00e7\u00e3o do Coit\u00e9. O acidente 20h46 deste s\u00e1bado (22). Conforme o coordenador da equipe \u00c1guia Resgate, Gildo Carneiro, o menor foi encontrado consciente, orientado, com escoria\u00e7\u00f5es pelo corpo e queixando-se de dores na regi\u00e3o da cabe\u00e7a e coluna cervical. Ele foi socorrido e encaminhado \u00e0 emerg\u00eancia da Unidade Materno Infantil (UMI). Vale ressaltar que dirigir um ve\u00edculo antes dos 18 anos n\u00e3o configura um crime para o menor, pois ele n\u00e3o pode ser penalmente responsabilizado como um adulto. N\u00e3o h\u00e1 tipifica\u00e7\u00e3o penal espec\u00edfica para isso no C\u00f3digo de Tr\u00e2nsito Brasileiro (CTB). No entanto, isso n\u00e3o significa que n\u00e3o existam consequ\u00eancias s\u00e9rias! O menor pode at\u00e9 n\u00e3o ser preso nem responder criminalmente, mas a coisa fica feia para o respons\u00e1vel legal. Se algu\u00e9m entregou ou permitiu que esse menor dirigisse, essa pessoa pode ser punida segundo o artigo 310 do CTB, que diz: \u201cPermitir, confiar ou entregar a dire\u00e7\u00e3o de ve\u00edculo automotor a pessoa n\u00e3o habilitada\u201d \u00e9 crime, com pena de deten\u00e7\u00e3o de seis meses a um ano, ou multa. Ou seja, o menor pode at\u00e9 se livrar de uma acusa\u00e7\u00e3o criminal, mas o dono do carro ou qualquer adulto que permitiu isso pode ser preso ou multado. Reda\u00e7\u00e3o Portal Ra\u00edzes Foto: \u00c1guia Resgate<\/p>\n","protected":false},"author":3,"featured_media":5015,"comment_status":"open","ping_status":"open","sticky":false,"template":"","format":"standard","meta":{"_joinchat":[],"footnotes":""},"categories":[58,55,59],"tags":[856,855,140],"class_list":["post-5014","post","type-post","status-publish","format-standard","has-post-thumbnail","hentry","category-acidentes","category-destaques","category-ultimas-noticias","tag-o","tag-12-anos","tag-moto"],"yoast_head":"<!-- This site is optimized with the Yoast SEO plugin v24.4 - https:\/\/yoast.com\/wordpress\/plugins\/seo\/ -->\n<title>Crian\u00e7a de 12 anos perde controle de moto e cai na zona rural de Concei\u00e7\u00e3o do Coit\u00e9 - Portal raizes noticias<\/title>\n<meta name=\"robots\" content=\"index, follow, max-snippet:-1, max-image-preview:large, max-video-preview:-1\" \/>\n<link rel=\"canonical\" href=\"https:\/\/portalraizesnoticias.com.br\/?p=5014\" \/>\n<meta property=\"og:locale\" content=\"pt_BR\" \/>\n<meta property=\"og:type\" content=\"article\" \/>\n<meta property=\"og:title\" content=\"Crian\u00e7a de 12 anos perde controle de moto e cai na zona rural de Concei\u00e7\u00e3o do Coit\u00e9 - Portal raizes noticias\" \/>\n<meta property=\"og:description\" content=\"Uma crian\u00e7a de 12 anos ficou ferida ap\u00f3s perder o controle da moto e cair no povoado de Caruaru, zona rural de Concei\u00e7\u00e3o do Coit\u00e9. O acidente 20h46 deste s\u00e1bado (22). Conforme o coordenador da equipe \u00c1guia Resgate, Gildo Carneiro, o menor foi encontrado consciente, orientado, com escoria\u00e7\u00f5es pelo corpo e queixando-se de dores na regi\u00e3o da cabe\u00e7a e coluna cervical. Ele foi socorrido e encaminhado \u00e0 emerg\u00eancia da Unidade Materno Infantil (UMI). Vale ressaltar que dirigir um ve\u00edculo antes dos 18 anos n\u00e3o configura um crime para o menor, pois ele n\u00e3o pode ser penalmente responsabilizado como um adulto. N\u00e3o h\u00e1 tipifica\u00e7\u00e3o penal espec\u00edfica para isso no C\u00f3digo de Tr\u00e2nsito Brasileiro (CTB). No entanto, isso n\u00e3o significa que n\u00e3o existam consequ\u00eancias s\u00e9rias! O menor pode at\u00e9 n\u00e3o ser preso nem responder criminalmente, mas a coisa fica feia para o respons\u00e1vel legal. Se algu\u00e9m entregou ou permitiu que esse menor dirigisse, essa pessoa pode ser punida segundo o artigo 310 do CTB, que diz: \u201cPermitir, confiar ou entregar a dire\u00e7\u00e3o de ve\u00edculo automotor a pessoa n\u00e3o habilitada\u201d \u00e9 crime, com pena de deten\u00e7\u00e3o de seis meses a um ano, ou multa. Ou seja, o menor pode at\u00e9 se livrar de uma acusa\u00e7\u00e3o criminal, mas o dono do carro ou qualquer adulto que permitiu isso pode ser preso ou multado. Reda\u00e7\u00e3o Portal Ra\u00edzes Foto: \u00c1guia Resgate\" \/>\n<meta property=\"og:url\" content=\"https:\/\/portalraizesnoticias.com.br\/?p=5014\" \/>\n<meta property=\"og:site_name\" content=\"Portal raizes noticias\" \/>\n<meta property=\"article:published_time\" content=\"2025-02-23T01:18:37+00:00\" \/>\n<meta property=\"og:image\" content=\"https:\/\/portalraizesnoticias.com.br\/wp-content\/uploads\/2025\/02\/IMG-20250222-WA0552.jpg\" \/>\n\t<meta property=\"og:image:width\" content=\"1600\" \/>\n\t<meta property=\"og:image:height\" content=\"1200\" \/>\n\t<meta property=\"og:image:type\" content=\"image\/jpeg\" \/>\n<meta name=\"author\" content=\"Portal Raizes\" \/>\n<meta name=\"twitter:card\" content=\"summary_large_image\" \/>\n<meta name=\"twitter:label1\" content=\"Escrito por\" \/>\n\t<meta name=\"twitter:data1\" content=\"Portal Raizes\" \/>\n\t<meta name=\"twitter:label2\" content=\"Est. tempo de leitura\" \/>\n\t<meta name=\"twitter:data2\" content=\"2 minutos\" \/>\n<script type=\"application\/ld+json\" class=\"yoast-schema-graph\">{\"@context\":\"https:\/\/schema.org\",\"@graph\":[{\"@type\":\"Article\",\"@id\":\"https:\/\/portalraizesnoticias.com.br\/?p=5014#article\",\"isPartOf\":{\"@id\":\"https:\/\/portalraizesnoticias.com.br\/?p=5014\"},\"author\":{\"name\":\"Portal Raizes\",\"@id\":\"https:\/\/portalraizesnoticias.com.br\/#\/schema\/person\/a3ca6b0fc701e78df19756c417d943ae\"},\"headline\":\"Crian\u00e7a de 12 anos perde controle de moto e cai na zona rural de Concei\u00e7\u00e3o do Coit\u00e9\",\"datePublished\":\"2025-02-23T01:18:37+00:00\",\"mainEntityOfPage\":{\"@id\":\"https:\/\/portalraizesnoticias.com.br\/?p=5014\"},\"wordCount\":267,\"commentCount\":0,\"publisher\":{\"@id\":\"https:\/\/portalraizesnoticias.com.br\/#organization\"},\"image\":{\"@id\":\"https:\/\/portalraizesnoticias.com.br\/?p=5014#primaryimage\"},\"thumbnailUrl\":\"https:\/\/portalraizesnoticias.com.br\/wp-content\/uploads\/2025\/02\/IMG-20250222-WA0552.jpg\",\"keywords\":[\".o\",\"12 anos\",\"Moto\"],\"articleSection\":[\"ACIDENTES\",\"DESTAQUES\",\"ULTIMAS NOTICIAS\"],\"inLanguage\":\"pt-BR\",\"potentialAction\":[{\"@type\":\"CommentAction\",\"name\":\"Comment\",\"target\":[\"https:\/\/portalraizesnoticias.com.br\/?p=5014#respond\"]}]},{\"@type\":\"WebPage\",\"@id\":\"https:\/\/portalraizesnoticias.com.br\/?p=5014\",\"url\":\"https:\/\/portalraizesnoticias.com.br\/?p=5014\",\"name\":\"Crian\u00e7a de 12 anos perde controle de moto e cai na zona rural de Concei\u00e7\u00e3o do Coit\u00e9 - Portal raizes noticias\",\"isPartOf\":{\"@id\":\"https:\/\/portalraizesnoticias.com.br\/#website\"},\"primaryImageOfPage\":{\"@id\":\"https:\/\/portalraizesnoticias.com.br\/?p=5014#primaryimage\"},\"image\":{\"@id\":\"https:\/\/portalraizesnoticias.com.br\/?p=5014#primaryimage\"},\"thumbnailUrl\":\"https:\/\/portalraizesnoticias.com.br\/wp-content\/uploads\/2025\/02\/IMG-20250222-WA0552.jpg\",\"datePublished\":\"2025-02-23T01:18:37+00:00\",\"breadcrumb\":{\"@id\":\"https:\/\/portalraizesnoticias.com.br\/?p=5014#breadcrumb\"},\"inLanguage\":\"pt-BR\",\"potentialAction\":[{\"@type\":\"ReadAction\",\"target\":[\"https:\/\/portalraizesnoticias.com.br\/?p=5014\"]}]},{\"@type\":\"ImageObject\",\"inLanguage\":\"pt-BR\",\"@id\":\"https:\/\/portalraizesnoticias.com.br\/?p=5014#primaryimage\",\"url\":\"https:\/\/portalraizesnoticias.com.br\/wp-content\/uploads\/2025\/02\/IMG-20250222-WA0552.jpg\",\"contentUrl\":\"https:\/\/portalraizesnoticias.com.br\/wp-content\/uploads\/2025\/02\/IMG-20250222-WA0552.jpg\",\"width\":1600,\"height\":1200},{\"@type\":\"BreadcrumbList\",\"@id\":\"https:\/\/portalraizesnoticias.com.br\/?p=5014#breadcrumb\",\"itemListElement\":[{\"@type\":\"ListItem\",\"position\":1,\"name\":\"In\u00edcio\",\"item\":\"https:\/\/portalraizesnoticias.com.br\/\"},{\"@type\":\"ListItem\",\"position\":2,\"name\":\"Crian\u00e7a de 12 anos perde controle de moto e cai na zona rural de Concei\u00e7\u00e3o do Coit\u00e9\"}]},{\"@type\":\"WebSite\",\"@id\":\"https:\/\/portalraizesnoticias.com.br\/#website\",\"url\":\"https:\/\/portalraizesnoticias.com.br\/\",\"name\":\"Portal raizes NOTICIAS\",\"description\":\"site de noticias de concei\u00e7\u00e3o do coit\u00e9 e regi\u00e3o\",\"publisher\":{\"@id\":\"https:\/\/portalraizesnoticias.com.br\/#organization\"},\"alternateName\":\"PORTAL RAIZES COIT\u00c9\",\"potentialAction\":[{\"@type\":\"SearchAction\",\"target\":{\"@type\":\"EntryPoint\",\"urlTemplate\":\"https:\/\/portalraizesnoticias.com.br\/?s={search_term_string}\"},\"query-input\":{\"@type\":\"PropertyValueSpecification\",\"valueRequired\":true,\"valueName\":\"search_term_string\"}}],\"inLanguage\":\"pt-BR\"},{\"@type\":\"Organization\",\"@id\":\"https:\/\/portalraizesnoticias.com.br\/#organization\",\"name\":\"Portal raizes NOTICIAS\",\"url\":\"https:\/\/portalraizesnoticias.com.br\/\",\"logo\":{\"@type\":\"ImageObject\",\"inLanguage\":\"pt-BR\",\"@id\":\"https:\/\/portalraizesnoticias.com.br\/#\/schema\/logo\/image\/\",\"url\":\"https:\/\/portalraizesnoticias.com.br\/wp-content\/uploads\/2024\/09\/cropped-Captura-de-tela-2024-09-08-011108.png\",\"contentUrl\":\"https:\/\/portalraizesnoticias.com.br\/wp-content\/uploads\/2024\/09\/cropped-Captura-de-tela-2024-09-08-011108.png\",\"width\":606,\"height\":173,\"caption\":\"Portal raizes NOTICIAS\"},\"image\":{\"@id\":\"https:\/\/portalraizesnoticias.com.br\/#\/schema\/logo\/image\/\"}},{\"@type\":\"Person\",\"@id\":\"https:\/\/portalraizesnoticias.com.br\/#\/schema\/person\/a3ca6b0fc701e78df19756c417d943ae\",\"name\":\"Portal Raizes\",\"image\":{\"@type\":\"ImageObject\",\"inLanguage\":\"pt-BR\",\"@id\":\"https:\/\/portalraizesnoticias.com.br\/#\/schema\/person\/image\/\",\"url\":\"https:\/\/secure.gravatar.com\/avatar\/ef450d29013a3d3fba867a12a249d7b1?s=96&d=mm&r=g\",\"contentUrl\":\"https:\/\/secure.gravatar.com\/avatar\/ef450d29013a3d3fba867a12a249d7b1?s=96&d=mm&r=g\",\"caption\":\"Portal Raizes\"},\"url\":\"https:\/\/portalraizesnoticias.com.br\/?author=3\"}]}<\/script>\n<!-- \/ Yoast SEO plugin. -->","yoast_head_json":{"title":"Crian\u00e7a de 12 anos perde controle de moto e cai na zona rural de Concei\u00e7\u00e3o do Coit\u00e9 - Portal raizes noticias","robots":{"index":"index","follow":"follow","max-snippet":"max-snippet:-1","max-image-preview":"max-image-preview:large","max-video-preview":"max-video-preview:-1"},"canonical":"https:\/\/portalraizesnoticias.com.br\/?p=5014","og_locale":"pt_BR","og_type":"article","og_title":"Crian\u00e7a de 12 anos perde controle de moto e cai na zona rural de Concei\u00e7\u00e3o do Coit\u00e9 - Portal raizes noticias","og_description":"Uma crian\u00e7a de 12 anos ficou ferida ap\u00f3s perder o controle da moto e cair no povoado de Caruaru, zona rural de Concei\u00e7\u00e3o do Coit\u00e9. O acidente 20h46 deste s\u00e1bado (22). Conforme o coordenador da equipe \u00c1guia Resgate, Gildo Carneiro, o menor foi encontrado consciente, orientado, com escoria\u00e7\u00f5es pelo corpo e queixando-se de dores na regi\u00e3o da cabe\u00e7a e coluna cervical. Ele foi socorrido e encaminhado \u00e0 emerg\u00eancia da Unidade Materno Infantil (UMI). Vale ressaltar que dirigir um ve\u00edculo antes dos 18 anos n\u00e3o configura um crime para o menor, pois ele n\u00e3o pode ser penalmente responsabilizado como um adulto. N\u00e3o h\u00e1 tipifica\u00e7\u00e3o penal espec\u00edfica para isso no C\u00f3digo de Tr\u00e2nsito Brasileiro (CTB). No entanto, isso n\u00e3o significa que n\u00e3o existam consequ\u00eancias s\u00e9rias! O menor pode at\u00e9 n\u00e3o ser preso nem responder criminalmente, mas a coisa fica feia para o respons\u00e1vel legal. Se algu\u00e9m entregou ou permitiu que esse menor dirigisse, essa pessoa pode ser punida segundo o artigo 310 do CTB, que diz: \u201cPermitir, confiar ou entregar a dire\u00e7\u00e3o de ve\u00edculo automotor a pessoa n\u00e3o habilitada\u201d \u00e9 crime, com pena de deten\u00e7\u00e3o de seis meses a um ano, ou multa. Ou seja, o menor pode at\u00e9 se livrar de uma acusa\u00e7\u00e3o criminal, mas o dono do carro ou qualquer adulto que permitiu isso pode ser preso ou multado. Reda\u00e7\u00e3o Portal Ra\u00edzes Foto: \u00c1guia Resgate","og_url":"https:\/\/portalraizesnoticias.com.br\/?p=5014","og_site_name":"Portal raizes noticias","article_published_time":"2025-02-23T01:18:37+00:00","og_image":[{"width":1600,"height":1200,"url":"https:\/\/portalraizesnoticias.com.br\/wp-content\/uploads\/2025\/02\/IMG-20250222-WA0552.jpg","type":"image\/jpeg"}],"author":"Portal Raizes","twitter_card":"summary_large_image","twitter_misc":{"Escrito por":"Portal Raizes","Est. tempo de leitura":"2 minutos"},"schema":{"@context":"https:\/\/schema.org","@graph":[{"@type":"Article","@id":"https:\/\/portalraizesnoticias.com.br\/?p=5014#article","isPartOf":{"@id":"https:\/\/portalraizesnoticias.com.br\/?p=5014"},"author":{"name":"Portal Raizes","@id":"https:\/\/portalraizesnoticias.com.br\/#\/schema\/person\/a3ca6b0fc701e78df19756c417d943ae"},"headline":"Crian\u00e7a de 12 anos perde controle de moto e cai na zona rural de Concei\u00e7\u00e3o do Coit\u00e9","datePublished":"2025-02-23T01:18:37+00:00","mainEntityOfPage":{"@id":"https:\/\/portalraizesnoticias.com.br\/?p=5014"},"wordCount":267,"commentCount":0,"publisher":{"@id":"https:\/\/portalraizesnoticias.com.br\/#organization"},"image":{"@id":"https:\/\/portalraizesnoticias.com.br\/?p=5014#primaryimage"},"thumbnailUrl":"https:\/\/portalraizesnoticias.com.br\/wp-content\/uploads\/2025\/02\/IMG-20250222-WA0552.jpg","keywords":[".o","12 anos","Moto"],"articleSection":["ACIDENTES","DESTAQUES","ULTIMAS NOTICIAS"],"inLanguage":"pt-BR","potentialAction":[{"@type":"CommentAction","name":"Comment","target":["https:\/\/portalraizesnoticias.com.br\/?p=5014#respond"]}]},{"@type":"WebPage","@id":"https:\/\/portalraizesnoticias.com.br\/?p=5014","url":"https:\/\/portalraizesnoticias.com.br\/?p=5014","name":"Crian\u00e7a de 12 anos perde controle de moto e cai na zona rural de Concei\u00e7\u00e3o do Coit\u00e9 - Portal raizes noticias","isPartOf":{"@id":"https:\/\/portalraizesnoticias.com.br\/#website"},"primaryImageOfPage":{"@id":"https:\/\/portalraizesnoticias.com.br\/?p=5014#primaryimage"},"image":{"@id":"https:\/\/portalraizesnoticias.com.br\/?p=5014#primaryimage"},"thumbnailUrl":"https:\/\/portalraizesnoticias.com.br\/wp-content\/uploads\/2025\/02\/IMG-20250222-WA0552.jpg","datePublished":"2025-02-23T01:18:37+00:00","breadcrumb":{"@id":"https:\/\/portalraizesnoticias.com.br\/?p=5014#breadcrumb"},"inLanguage":"pt-BR","potentialAction":[{"@type":"ReadAction","target":["https:\/\/portalraizesnoticias.com.br\/?p=5014"]}]},{"@type":"ImageObject","inLanguage":"pt-BR","@id":"https:\/\/portalraizesnoticias.com.br\/?p=5014#primaryimage","url":"https:\/\/portalraizesnoticias.com.br\/wp-content\/uploads\/2025\/02\/IMG-20250222-WA0552.jpg","contentUrl":"https:\/\/portalraizesnoticias.com.br\/wp-content\/uploads\/2025\/02\/IMG-20250222-WA0552.jpg","width":1600,"height":1200},{"@type":"BreadcrumbList","@id":"https:\/\/portalraizesnoticias.com.br\/?p=5014#breadcrumb","itemListElement":[{"@type":"ListItem","position":1,"name":"In\u00edcio","item":"https:\/\/portalraizesnoticias.com.br\/"},{"@type":"ListItem","position":2,"name":"Crian\u00e7a de 12 anos perde controle de moto e cai na zona rural de Concei\u00e7\u00e3o do Coit\u00e9"}]},{"@type":"WebSite","@id":"https:\/\/portalraizesnoticias.com.br\/#website","url":"https:\/\/portalraizesnoticias.com.br\/","name":"Portal raizes NOTICIAS","description":"site de noticias de concei\u00e7\u00e3o do coit\u00e9 e regi\u00e3o","publisher":{"@id":"https:\/\/portalraizesnoticias.com.br\/#organization"},"alternateName":"PORTAL RAIZES COIT\u00c9","potentialAction":[{"@type":"SearchAction","target":{"@type":"EntryPoint","urlTemplate":"https:\/\/portalraizesnoticias.com.br\/?s={search_term_string}"},"query-input":{"@type":"PropertyValueSpecification","valueRequired":true,"valueName":"search_term_string"}}],"inLanguage":"pt-BR"},{"@type":"Organization","@id":"https:\/\/portalraizesnoticias.com.br\/#organization","name":"Portal raizes NOTICIAS","url":"https:\/\/portalraizesnoticias.com.br\/","logo":{"@type":"ImageObject","inLanguage":"pt-BR","@id":"https:\/\/portalraizesnoticias.com.br\/#\/schema\/logo\/image\/","url":"https:\/\/portalraizesnoticias.com.br\/wp-content\/uploads\/2024\/09\/cropped-Captura-de-tela-2024-09-08-011108.png","contentUrl":"https:\/\/portalraizesnoticias.com.br\/wp-content\/uploads\/2024\/09\/cropped-Captura-de-tela-2024-09-08-011108.png","width":606,"height":173,"caption":"Portal raizes NOTICIAS"},"image":{"@id":"https:\/\/portalraizesnoticias.com.br\/#\/schema\/logo\/image\/"}},{"@type":"Person","@id":"https:\/\/portalraizesnoticias.com.br\/#\/schema\/person\/a3ca6b0fc701e78df19756c417d943ae","name":"Portal Raizes","image":{"@type":"ImageObject","inLanguage":"pt-BR","@id":"https:\/\/portalraizesnoticias.com.br\/#\/schema\/person\/image\/","url":"https:\/\/secure.gravatar.com\/avatar\/ef450d29013a3d3fba867a12a249d7b1?s=96&d=mm&r=g","contentUrl":"https:\/\/secure.gravatar.com\/avatar\/ef450d29013a3d3fba867a12a249d7b1?s=96&d=mm&r=g","caption":"Portal Raizes"},"url":"https:\/\/portalraizesnoticias.com.br\/?author=3"}]}},"_links":{"self":[{"href":"https:\/\/portalraizesnoticias.com.br\/index.php?rest_route=\/wp\/v2\/posts\/5014"}],"collection":[{"href":"https:\/\/portalraizesnoticias.com.br\/index.php?rest_route=\/wp\/v2\/posts"}],"about":[{"href":"https:\/\/portalraizesnoticias.com.br\/index.php?rest_route=\/wp\/v2\/types\/post"}],"author":[{"embeddable":true,"href":"https:\/\/portalraizesnoticias.com.br\/index.php?rest_route=\/wp\/v2\/users\/3"}],"replies":[{"embeddable":true,"href":"https:\/\/portalraizesnoticias.com.br\/index.php?rest_route=%2Fwp%2Fv2%2Fcomments&post=5014"}],"version-history":[{"count":1,"href":"https:\/\/portalraizesnoticias.com.br\/index.php?rest_route=\/wp\/v2\/posts\/5014\/revisions"}],"predecessor-version":[{"id":5016,"href":"https:\/\/portalraizesnoticias.com.br\/index.php?rest_route=\/wp\/v2\/posts\/5014\/revisions\/5016"}],"wp:featuredmedia":[{"embeddable":true,"href":"https:\/\/portalraizesnoticias.com.br\/index.php?rest_route=\/wp\/v2\/media\/5015"}],"wp:attachment":[{"href":"https:\/\/portalraizesnoticias.com.br\/index.php?rest_route=%2Fwp%2Fv2%2Fmedia&parent=5014"}],"wp:term":[{"taxonomy":"category","embeddable":true,"href":"https:\/\/portalraizesnoticias.com.br\/index.php?rest_route=%2Fwp%2Fv2%2Fcategories&post=5014"},{"taxonomy":"post_tag","embeddable":true,"href":"https:\/\/portalraizesnoticias.com.br\/index.php?rest_route=%2Fwp%2Fv2%2Ftags&post=5014"}],"curies":[{"name":"wp","href":"https:\/\/api.w.org\/{rel}","templated":true}]}}