{"id":4993,"date":"2025-02-21T18:23:26","date_gmt":"2025-02-21T21:23:26","guid":{"rendered":"https:\/\/portalraizesnoticias.com.br\/?p=4993"},"modified":"2025-02-21T18:23:26","modified_gmt":"2025-02-21T21:23:26","slug":"coite-vereador-leo-do-sindicato-propoe-atraves-de-indicacao-ao-executivo-municipal-construcao-de-banheiros-na-praca-da-quadra-entenda","status":"publish","type":"post","link":"https:\/\/portalraizesnoticias.com.br\/?p=4993","title":{"rendered":"Coit\u00e9: Vereador L\u00e9o do Sindicato prop\u00f5e atrav\u00e9s de indica\u00e7\u00e3o ao executivo municipal, constru\u00e7\u00e3o de banheiros na Pra\u00e7a da Quadra. Entenda!"},"content":{"rendered":"<p>O vereador L\u00e9o do Sindicato (PSD), \u00a0teve uma indica\u00e7\u00e3o ao executivo, aprovada por unanimidade, que visa construir banheiros p\u00fablicos na Pra\u00e7a do Bairro da Quadra para oferecer melhores condi\u00e7\u00f5es de uso e conforto\u00a0para os cidad\u00e3os coiteenses.<\/p>\n<p><img decoding=\"async\" class=\"size-medium wp-image-4994 aligncenter\" src=\"https:\/\/portalraizesnoticias.com.br\/wp-content\/uploads\/2025\/02\/636dfa02c5ee869ce71ba330bd93-300x143.jpeg\" alt=\"\" width=\"300\" height=\"143\" srcset=\"https:\/\/portalraizesnoticias.com.br\/wp-content\/uploads\/2025\/02\/636dfa02c5ee869ce71ba330bd93-300x143.jpeg 300w, https:\/\/portalraizesnoticias.com.br\/wp-content\/uploads\/2025\/02\/636dfa02c5ee869ce71ba330bd93.jpeg 480w\" sizes=\"(max-width: 300px) 100vw, 300px\" \/><\/p>\n<p>A pra\u00e7a foi revitalizada em maio de 2024 e atrai muitas fam\u00edlias diariamente devido \u00e0 estrutura e qualidade.<\/p>\n<p>.<\/p>\n<p>\u201cAvan\u00e7amos mais um passo na luta por melhores condi\u00e7\u00f5es para nossa comunidade!\u201d, disse L\u00e9o do Sindicato.<\/p>\n<p><img fetchpriority=\"high\" decoding=\"async\" class=\"size-medium wp-image-4995 aligncenter\" src=\"https:\/\/portalraizesnoticias.com.br\/wp-content\/uploads\/2025\/02\/IMG-20250221-WA0423-300x300.jpg\" alt=\"\" width=\"300\" height=\"300\" srcset=\"https:\/\/portalraizesnoticias.com.br\/wp-content\/uploads\/2025\/02\/IMG-20250221-WA0423-300x300.jpg 300w, https:\/\/portalraizesnoticias.com.br\/wp-content\/uploads\/2025\/02\/IMG-20250221-WA0423-1024x1024.jpg 1024w, https:\/\/portalraizesnoticias.com.br\/wp-content\/uploads\/2025\/02\/IMG-20250221-WA0423-150x150.jpg 150w, https:\/\/portalraizesnoticias.com.br\/wp-content\/uploads\/2025\/02\/IMG-20250221-WA0423-768x768.jpg 768w, https:\/\/portalraizesnoticias.com.br\/wp-content\/uploads\/2025\/02\/IMG-20250221-WA0423.jpg 1440w\" sizes=\"(max-width: 300px) 100vw, 300px\" \/><\/p>\n<p>Apesar de ter sido aprovado, a indica\u00e7\u00e3o precisa da san\u00e7\u00e3o do prefeito Marcelo Ara\u00fajo.<\/p>\n<p>Enquanto isso, as pessoas ficaram dividida sobre a constru\u00e7\u00e3o dos banheiros.<\/p>\n<p>\u201cLevo meus filhos para o parque da Pra\u00e7a da Quadra e a falta do banheiro acaba limitando nosso hor\u00e1rio de deixar as crian\u00e7as brincarem por mais tempo ao beberem muita \u00e1gua e consequentemente a vontade de ir ao banheiro \u00e9 maior&#8221;, disse uma m\u00e3e que preferiu n\u00e3o ser identificada.<\/p>\n<p>Outra coiteense acredita que a pra\u00e7a da Quadra n\u00e3o necessita de nenhuma altera\u00e7\u00e3o.<\/p>\n<p>&#8220;Acho bom do jeito que est\u00e1! Ningu\u00e9m vai ficar o tempo todo por aqui. Basta brincar o tempo necess\u00e1rio e ir embora&#8221; disse outra cidad\u00e3.<\/p>\n<p>Procuramos a assessoria da prefeitura para saber a possibilidade dessa indica\u00e7\u00e3o ser colocado em pr\u00e1tica, mas, at\u00e9 o fechamento da reportagem, n\u00e3o obtivemos retorno.<\/p>\n<p>O espa\u00e7o segue aberto.<\/p>\n<p><strong><em>Confira o documento\/indica\u00e7\u00e3o:<\/em><\/strong><\/p>\n<p><a href=\"https:\/\/portalraizesnoticias.com.br\/wp-content\/uploads\/2025\/02\/ind_34_20258_leo_construcao_banheiros_publicos_quadra.pdf\">ind_34_20258_leo_construcao_banheiros_publicos_quadra<\/a><\/p>\n<p>Reda\u00e7\u00e3o Portal Ra\u00edzes<\/p>\n<p>Foto: Assessoria<\/p>\n","protected":false},"excerpt":{"rendered":"<p>O vereador L\u00e9o do Sindicato (PSD), \u00a0teve uma indica\u00e7\u00e3o ao executivo, aprovada por unanimidade, que visa construir banheiros p\u00fablicos na Pra\u00e7a do Bairro da Quadra para oferecer melhores condi\u00e7\u00f5es de uso e conforto\u00a0para os cidad\u00e3os coiteenses. A pra\u00e7a foi revitalizada em maio de 2024 e atrai muitas fam\u00edlias diariamente devido \u00e0 estrutura e qualidade. . \u201cAvan\u00e7amos mais um passo na luta por melhores condi\u00e7\u00f5es para nossa comunidade!\u201d, disse L\u00e9o do Sindicato. Apesar de ter sido aprovado, a indica\u00e7\u00e3o precisa da san\u00e7\u00e3o do prefeito Marcelo Ara\u00fajo. Enquanto isso, as pessoas ficaram dividida sobre a constru\u00e7\u00e3o dos banheiros. \u201cLevo meus filhos para o parque da Pra\u00e7a da Quadra e a falta do banheiro acaba limitando nosso hor\u00e1rio de deixar as crian\u00e7as brincarem por mais tempo ao beberem muita \u00e1gua e consequentemente a vontade de ir ao banheiro \u00e9 maior&#8221;, disse uma m\u00e3e que preferiu n\u00e3o ser identificada. Outra coiteense acredita que a pra\u00e7a da Quadra n\u00e3o necessita de nenhuma altera\u00e7\u00e3o. &#8220;Acho bom do jeito que est\u00e1! Ningu\u00e9m vai ficar o tempo todo por aqui. Basta brincar o tempo necess\u00e1rio e ir embora&#8221; disse outra cidad\u00e3. Procuramos a assessoria da prefeitura para saber a possibilidade dessa indica\u00e7\u00e3o ser colocado em pr\u00e1tica, mas, at\u00e9 o fechamento da reportagem, n\u00e3o obtivemos retorno. O espa\u00e7o segue aberto. Confira o documento\/indica\u00e7\u00e3o: ind_34_20258_leo_construcao_banheiros_publicos_quadra Reda\u00e7\u00e3o Portal Ra\u00edzes Foto: Assessoria<\/p>\n","protected":false},"author":3,"featured_media":4996,"comment_status":"open","ping_status":"open","sticky":false,"template":"","format":"standard","meta":{"_joinchat":[],"footnotes":""},"categories":[55,53,59],"tags":[848,847],"class_list":["post-4993","post","type-post","status-publish","format-standard","has-post-thumbnail","hentry","category-destaques","category-politica","category-ultimas-noticias","tag-indicacao","tag-leo-do-sindicato"],"yoast_head":"<!-- This site is optimized with the Yoast SEO plugin v24.4 - https:\/\/yoast.com\/wordpress\/plugins\/seo\/ -->\n<title>Coit\u00e9: Vereador L\u00e9o do Sindicato prop\u00f5e atrav\u00e9s de indica\u00e7\u00e3o ao executivo municipal, constru\u00e7\u00e3o de banheiros na Pra\u00e7a da Quadra. Entenda! - Portal raizes noticias<\/title>\n<meta name=\"robots\" content=\"index, follow, max-snippet:-1, max-image-preview:large, max-video-preview:-1\" \/>\n<link rel=\"canonical\" href=\"https:\/\/portalraizesnoticias.com.br\/?p=4993\" \/>\n<meta property=\"og:locale\" content=\"pt_BR\" \/>\n<meta property=\"og:type\" content=\"article\" \/>\n<meta property=\"og:title\" content=\"Coit\u00e9: Vereador L\u00e9o do Sindicato prop\u00f5e atrav\u00e9s de indica\u00e7\u00e3o ao executivo municipal, constru\u00e7\u00e3o de banheiros na Pra\u00e7a da Quadra. Entenda! - Portal raizes noticias\" \/>\n<meta property=\"og:description\" content=\"O vereador L\u00e9o do Sindicato (PSD), \u00a0teve uma indica\u00e7\u00e3o ao executivo, aprovada por unanimidade, que visa construir banheiros p\u00fablicos na Pra\u00e7a do Bairro da Quadra para oferecer melhores condi\u00e7\u00f5es de uso e conforto\u00a0para os cidad\u00e3os coiteenses. A pra\u00e7a foi revitalizada em maio de 2024 e atrai muitas fam\u00edlias diariamente devido \u00e0 estrutura e qualidade. . \u201cAvan\u00e7amos mais um passo na luta por melhores condi\u00e7\u00f5es para nossa comunidade!\u201d, disse L\u00e9o do Sindicato. Apesar de ter sido aprovado, a indica\u00e7\u00e3o precisa da san\u00e7\u00e3o do prefeito Marcelo Ara\u00fajo. Enquanto isso, as pessoas ficaram dividida sobre a constru\u00e7\u00e3o dos banheiros. \u201cLevo meus filhos para o parque da Pra\u00e7a da Quadra e a falta do banheiro acaba limitando nosso hor\u00e1rio de deixar as crian\u00e7as brincarem por mais tempo ao beberem muita \u00e1gua e consequentemente a vontade de ir ao banheiro \u00e9 maior&#8221;, disse uma m\u00e3e que preferiu n\u00e3o ser identificada. Outra coiteense acredita que a pra\u00e7a da Quadra n\u00e3o necessita de nenhuma altera\u00e7\u00e3o. &#8220;Acho bom do jeito que est\u00e1! Ningu\u00e9m vai ficar o tempo todo por aqui. Basta brincar o tempo necess\u00e1rio e ir embora&#8221; disse outra cidad\u00e3. Procuramos a assessoria da prefeitura para saber a possibilidade dessa indica\u00e7\u00e3o ser colocado em pr\u00e1tica, mas, at\u00e9 o fechamento da reportagem, n\u00e3o obtivemos retorno. O espa\u00e7o segue aberto. Confira o documento\/indica\u00e7\u00e3o: ind_34_20258_leo_construcao_banheiros_publicos_quadra Reda\u00e7\u00e3o Portal Ra\u00edzes Foto: Assessoria\" \/>\n<meta property=\"og:url\" content=\"https:\/\/portalraizesnoticias.com.br\/?p=4993\" \/>\n<meta property=\"og:site_name\" content=\"Portal raizes noticias\" \/>\n<meta property=\"article:published_time\" content=\"2025-02-21T21:23:26+00:00\" \/>\n<meta property=\"og:image\" content=\"https:\/\/portalraizesnoticias.com.br\/wp-content\/uploads\/2025\/02\/IMG-20250221-WA0425.jpg\" \/>\n\t<meta property=\"og:image:width\" content=\"932\" \/>\n\t<meta property=\"og:image:height\" content=\"1103\" \/>\n\t<meta property=\"og:image:type\" content=\"image\/jpeg\" \/>\n<meta name=\"author\" content=\"Portal Raizes\" \/>\n<meta name=\"twitter:card\" content=\"summary_large_image\" \/>\n<meta name=\"twitter:label1\" content=\"Escrito por\" \/>\n\t<meta name=\"twitter:data1\" content=\"Portal Raizes\" \/>\n\t<meta name=\"twitter:label2\" content=\"Est. tempo de leitura\" \/>\n\t<meta name=\"twitter:data2\" content=\"2 minutos\" \/>\n<script type=\"application\/ld+json\" class=\"yoast-schema-graph\">{\"@context\":\"https:\/\/schema.org\",\"@graph\":[{\"@type\":\"Article\",\"@id\":\"https:\/\/portalraizesnoticias.com.br\/?p=4993#article\",\"isPartOf\":{\"@id\":\"https:\/\/portalraizesnoticias.com.br\/?p=4993\"},\"author\":{\"name\":\"Portal Raizes\",\"@id\":\"https:\/\/portalraizesnoticias.com.br\/#\/schema\/person\/a3ca6b0fc701e78df19756c417d943ae\"},\"headline\":\"Coit\u00e9: Vereador L\u00e9o do Sindicato prop\u00f5e atrav\u00e9s de indica\u00e7\u00e3o ao executivo municipal, constru\u00e7\u00e3o de banheiros na Pra\u00e7a da Quadra. Entenda!\",\"datePublished\":\"2025-02-21T21:23:26+00:00\",\"mainEntityOfPage\":{\"@id\":\"https:\/\/portalraizesnoticias.com.br\/?p=4993\"},\"wordCount\":281,\"commentCount\":0,\"publisher\":{\"@id\":\"https:\/\/portalraizesnoticias.com.br\/#organization\"},\"image\":{\"@id\":\"https:\/\/portalraizesnoticias.com.br\/?p=4993#primaryimage\"},\"thumbnailUrl\":\"https:\/\/portalraizesnoticias.com.br\/wp-content\/uploads\/2025\/02\/IMG-20250221-WA0425.jpg\",\"keywords\":[\"Indica\u00e7\u00e3o\",\"L\u00e9o do sindicato\"],\"articleSection\":[\"DESTAQUES\",\"POLITICA\",\"ULTIMAS NOTICIAS\"],\"inLanguage\":\"pt-BR\",\"potentialAction\":[{\"@type\":\"CommentAction\",\"name\":\"Comment\",\"target\":[\"https:\/\/portalraizesnoticias.com.br\/?p=4993#respond\"]}]},{\"@type\":\"WebPage\",\"@id\":\"https:\/\/portalraizesnoticias.com.br\/?p=4993\",\"url\":\"https:\/\/portalraizesnoticias.com.br\/?p=4993\",\"name\":\"Coit\u00e9: Vereador L\u00e9o do Sindicato prop\u00f5e atrav\u00e9s de indica\u00e7\u00e3o ao executivo municipal, constru\u00e7\u00e3o de banheiros na Pra\u00e7a da Quadra. Entenda! - Portal raizes noticias\",\"isPartOf\":{\"@id\":\"https:\/\/portalraizesnoticias.com.br\/#website\"},\"primaryImageOfPage\":{\"@id\":\"https:\/\/portalraizesnoticias.com.br\/?p=4993#primaryimage\"},\"image\":{\"@id\":\"https:\/\/portalraizesnoticias.com.br\/?p=4993#primaryimage\"},\"thumbnailUrl\":\"https:\/\/portalraizesnoticias.com.br\/wp-content\/uploads\/2025\/02\/IMG-20250221-WA0425.jpg\",\"datePublished\":\"2025-02-21T21:23:26+00:00\",\"breadcrumb\":{\"@id\":\"https:\/\/portalraizesnoticias.com.br\/?p=4993#breadcrumb\"},\"inLanguage\":\"pt-BR\",\"potentialAction\":[{\"@type\":\"ReadAction\",\"target\":[\"https:\/\/portalraizesnoticias.com.br\/?p=4993\"]}]},{\"@type\":\"ImageObject\",\"inLanguage\":\"pt-BR\",\"@id\":\"https:\/\/portalraizesnoticias.com.br\/?p=4993#primaryimage\",\"url\":\"https:\/\/portalraizesnoticias.com.br\/wp-content\/uploads\/2025\/02\/IMG-20250221-WA0425.jpg\",\"contentUrl\":\"https:\/\/portalraizesnoticias.com.br\/wp-content\/uploads\/2025\/02\/IMG-20250221-WA0425.jpg\",\"width\":932,\"height\":1103},{\"@type\":\"BreadcrumbList\",\"@id\":\"https:\/\/portalraizesnoticias.com.br\/?p=4993#breadcrumb\",\"itemListElement\":[{\"@type\":\"ListItem\",\"position\":1,\"name\":\"In\u00edcio\",\"item\":\"https:\/\/portalraizesnoticias.com.br\/\"},{\"@type\":\"ListItem\",\"position\":2,\"name\":\"Coit\u00e9: Vereador L\u00e9o do Sindicato prop\u00f5e atrav\u00e9s de indica\u00e7\u00e3o ao executivo municipal, constru\u00e7\u00e3o de banheiros na Pra\u00e7a da Quadra. Entenda!\"}]},{\"@type\":\"WebSite\",\"@id\":\"https:\/\/portalraizesnoticias.com.br\/#website\",\"url\":\"https:\/\/portalraizesnoticias.com.br\/\",\"name\":\"Portal raizes NOTICIAS\",\"description\":\"site de noticias de concei\u00e7\u00e3o do coit\u00e9 e regi\u00e3o\",\"publisher\":{\"@id\":\"https:\/\/portalraizesnoticias.com.br\/#organization\"},\"alternateName\":\"PORTAL RAIZES COIT\u00c9\",\"potentialAction\":[{\"@type\":\"SearchAction\",\"target\":{\"@type\":\"EntryPoint\",\"urlTemplate\":\"https:\/\/portalraizesnoticias.com.br\/?s={search_term_string}\"},\"query-input\":{\"@type\":\"PropertyValueSpecification\",\"valueRequired\":true,\"valueName\":\"search_term_string\"}}],\"inLanguage\":\"pt-BR\"},{\"@type\":\"Organization\",\"@id\":\"https:\/\/portalraizesnoticias.com.br\/#organization\",\"name\":\"Portal raizes NOTICIAS\",\"url\":\"https:\/\/portalraizesnoticias.com.br\/\",\"logo\":{\"@type\":\"ImageObject\",\"inLanguage\":\"pt-BR\",\"@id\":\"https:\/\/portalraizesnoticias.com.br\/#\/schema\/logo\/image\/\",\"url\":\"https:\/\/portalraizesnoticias.com.br\/wp-content\/uploads\/2024\/09\/cropped-Captura-de-tela-2024-09-08-011108.png\",\"contentUrl\":\"https:\/\/portalraizesnoticias.com.br\/wp-content\/uploads\/2024\/09\/cropped-Captura-de-tela-2024-09-08-011108.png\",\"width\":606,\"height\":173,\"caption\":\"Portal raizes NOTICIAS\"},\"image\":{\"@id\":\"https:\/\/portalraizesnoticias.com.br\/#\/schema\/logo\/image\/\"}},{\"@type\":\"Person\",\"@id\":\"https:\/\/portalraizesnoticias.com.br\/#\/schema\/person\/a3ca6b0fc701e78df19756c417d943ae\",\"name\":\"Portal Raizes\",\"image\":{\"@type\":\"ImageObject\",\"inLanguage\":\"pt-BR\",\"@id\":\"https:\/\/portalraizesnoticias.com.br\/#\/schema\/person\/image\/\",\"url\":\"https:\/\/secure.gravatar.com\/avatar\/ef450d29013a3d3fba867a12a249d7b1?s=96&d=mm&r=g\",\"contentUrl\":\"https:\/\/secure.gravatar.com\/avatar\/ef450d29013a3d3fba867a12a249d7b1?s=96&d=mm&r=g\",\"caption\":\"Portal Raizes\"},\"url\":\"https:\/\/portalraizesnoticias.com.br\/?author=3\"}]}<\/script>\n<!-- \/ Yoast SEO plugin. -->","yoast_head_json":{"title":"Coit\u00e9: Vereador L\u00e9o do Sindicato prop\u00f5e atrav\u00e9s de indica\u00e7\u00e3o ao executivo municipal, constru\u00e7\u00e3o de banheiros na Pra\u00e7a da Quadra. Entenda! - Portal raizes noticias","robots":{"index":"index","follow":"follow","max-snippet":"max-snippet:-1","max-image-preview":"max-image-preview:large","max-video-preview":"max-video-preview:-1"},"canonical":"https:\/\/portalraizesnoticias.com.br\/?p=4993","og_locale":"pt_BR","og_type":"article","og_title":"Coit\u00e9: Vereador L\u00e9o do Sindicato prop\u00f5e atrav\u00e9s de indica\u00e7\u00e3o ao executivo municipal, constru\u00e7\u00e3o de banheiros na Pra\u00e7a da Quadra. Entenda! - Portal raizes noticias","og_description":"O vereador L\u00e9o do Sindicato (PSD), \u00a0teve uma indica\u00e7\u00e3o ao executivo, aprovada por unanimidade, que visa construir banheiros p\u00fablicos na Pra\u00e7a do Bairro da Quadra para oferecer melhores condi\u00e7\u00f5es de uso e conforto\u00a0para os cidad\u00e3os coiteenses. A pra\u00e7a foi revitalizada em maio de 2024 e atrai muitas fam\u00edlias diariamente devido \u00e0 estrutura e qualidade. . \u201cAvan\u00e7amos mais um passo na luta por melhores condi\u00e7\u00f5es para nossa comunidade!\u201d, disse L\u00e9o do Sindicato. Apesar de ter sido aprovado, a indica\u00e7\u00e3o precisa da san\u00e7\u00e3o do prefeito Marcelo Ara\u00fajo. Enquanto isso, as pessoas ficaram dividida sobre a constru\u00e7\u00e3o dos banheiros. \u201cLevo meus filhos para o parque da Pra\u00e7a da Quadra e a falta do banheiro acaba limitando nosso hor\u00e1rio de deixar as crian\u00e7as brincarem por mais tempo ao beberem muita \u00e1gua e consequentemente a vontade de ir ao banheiro \u00e9 maior&#8221;, disse uma m\u00e3e que preferiu n\u00e3o ser identificada. Outra coiteense acredita que a pra\u00e7a da Quadra n\u00e3o necessita de nenhuma altera\u00e7\u00e3o. &#8220;Acho bom do jeito que est\u00e1! Ningu\u00e9m vai ficar o tempo todo por aqui. Basta brincar o tempo necess\u00e1rio e ir embora&#8221; disse outra cidad\u00e3. Procuramos a assessoria da prefeitura para saber a possibilidade dessa indica\u00e7\u00e3o ser colocado em pr\u00e1tica, mas, at\u00e9 o fechamento da reportagem, n\u00e3o obtivemos retorno. O espa\u00e7o segue aberto. Confira o documento\/indica\u00e7\u00e3o: ind_34_20258_leo_construcao_banheiros_publicos_quadra Reda\u00e7\u00e3o Portal Ra\u00edzes Foto: Assessoria","og_url":"https:\/\/portalraizesnoticias.com.br\/?p=4993","og_site_name":"Portal raizes noticias","article_published_time":"2025-02-21T21:23:26+00:00","og_image":[{"width":932,"height":1103,"url":"https:\/\/portalraizesnoticias.com.br\/wp-content\/uploads\/2025\/02\/IMG-20250221-WA0425.jpg","type":"image\/jpeg"}],"author":"Portal Raizes","twitter_card":"summary_large_image","twitter_misc":{"Escrito por":"Portal Raizes","Est. tempo de leitura":"2 minutos"},"schema":{"@context":"https:\/\/schema.org","@graph":[{"@type":"Article","@id":"https:\/\/portalraizesnoticias.com.br\/?p=4993#article","isPartOf":{"@id":"https:\/\/portalraizesnoticias.com.br\/?p=4993"},"author":{"name":"Portal Raizes","@id":"https:\/\/portalraizesnoticias.com.br\/#\/schema\/person\/a3ca6b0fc701e78df19756c417d943ae"},"headline":"Coit\u00e9: Vereador L\u00e9o do Sindicato prop\u00f5e atrav\u00e9s de indica\u00e7\u00e3o ao executivo municipal, constru\u00e7\u00e3o de banheiros na Pra\u00e7a da Quadra. Entenda!","datePublished":"2025-02-21T21:23:26+00:00","mainEntityOfPage":{"@id":"https:\/\/portalraizesnoticias.com.br\/?p=4993"},"wordCount":281,"commentCount":0,"publisher":{"@id":"https:\/\/portalraizesnoticias.com.br\/#organization"},"image":{"@id":"https:\/\/portalraizesnoticias.com.br\/?p=4993#primaryimage"},"thumbnailUrl":"https:\/\/portalraizesnoticias.com.br\/wp-content\/uploads\/2025\/02\/IMG-20250221-WA0425.jpg","keywords":["Indica\u00e7\u00e3o","L\u00e9o do sindicato"],"articleSection":["DESTAQUES","POLITICA","ULTIMAS NOTICIAS"],"inLanguage":"pt-BR","potentialAction":[{"@type":"CommentAction","name":"Comment","target":["https:\/\/portalraizesnoticias.com.br\/?p=4993#respond"]}]},{"@type":"WebPage","@id":"https:\/\/portalraizesnoticias.com.br\/?p=4993","url":"https:\/\/portalraizesnoticias.com.br\/?p=4993","name":"Coit\u00e9: Vereador L\u00e9o do Sindicato prop\u00f5e atrav\u00e9s de indica\u00e7\u00e3o ao executivo municipal, constru\u00e7\u00e3o de banheiros na Pra\u00e7a da Quadra. Entenda! - Portal raizes noticias","isPartOf":{"@id":"https:\/\/portalraizesnoticias.com.br\/#website"},"primaryImageOfPage":{"@id":"https:\/\/portalraizesnoticias.com.br\/?p=4993#primaryimage"},"image":{"@id":"https:\/\/portalraizesnoticias.com.br\/?p=4993#primaryimage"},"thumbnailUrl":"https:\/\/portalraizesnoticias.com.br\/wp-content\/uploads\/2025\/02\/IMG-20250221-WA0425.jpg","datePublished":"2025-02-21T21:23:26+00:00","breadcrumb":{"@id":"https:\/\/portalraizesnoticias.com.br\/?p=4993#breadcrumb"},"inLanguage":"pt-BR","potentialAction":[{"@type":"ReadAction","target":["https:\/\/portalraizesnoticias.com.br\/?p=4993"]}]},{"@type":"ImageObject","inLanguage":"pt-BR","@id":"https:\/\/portalraizesnoticias.com.br\/?p=4993#primaryimage","url":"https:\/\/portalraizesnoticias.com.br\/wp-content\/uploads\/2025\/02\/IMG-20250221-WA0425.jpg","contentUrl":"https:\/\/portalraizesnoticias.com.br\/wp-content\/uploads\/2025\/02\/IMG-20250221-WA0425.jpg","width":932,"height":1103},{"@type":"BreadcrumbList","@id":"https:\/\/portalraizesnoticias.com.br\/?p=4993#breadcrumb","itemListElement":[{"@type":"ListItem","position":1,"name":"In\u00edcio","item":"https:\/\/portalraizesnoticias.com.br\/"},{"@type":"ListItem","position":2,"name":"Coit\u00e9: Vereador L\u00e9o do Sindicato prop\u00f5e atrav\u00e9s de indica\u00e7\u00e3o ao executivo municipal, constru\u00e7\u00e3o de banheiros na Pra\u00e7a da Quadra. Entenda!"}]},{"@type":"WebSite","@id":"https:\/\/portalraizesnoticias.com.br\/#website","url":"https:\/\/portalraizesnoticias.com.br\/","name":"Portal raizes NOTICIAS","description":"site de noticias de concei\u00e7\u00e3o do coit\u00e9 e regi\u00e3o","publisher":{"@id":"https:\/\/portalraizesnoticias.com.br\/#organization"},"alternateName":"PORTAL RAIZES COIT\u00c9","potentialAction":[{"@type":"SearchAction","target":{"@type":"EntryPoint","urlTemplate":"https:\/\/portalraizesnoticias.com.br\/?s={search_term_string}"},"query-input":{"@type":"PropertyValueSpecification","valueRequired":true,"valueName":"search_term_string"}}],"inLanguage":"pt-BR"},{"@type":"Organization","@id":"https:\/\/portalraizesnoticias.com.br\/#organization","name":"Portal raizes NOTICIAS","url":"https:\/\/portalraizesnoticias.com.br\/","logo":{"@type":"ImageObject","inLanguage":"pt-BR","@id":"https:\/\/portalraizesnoticias.com.br\/#\/schema\/logo\/image\/","url":"https:\/\/portalraizesnoticias.com.br\/wp-content\/uploads\/2024\/09\/cropped-Captura-de-tela-2024-09-08-011108.png","contentUrl":"https:\/\/portalraizesnoticias.com.br\/wp-content\/uploads\/2024\/09\/cropped-Captura-de-tela-2024-09-08-011108.png","width":606,"height":173,"caption":"Portal raizes NOTICIAS"},"image":{"@id":"https:\/\/portalraizesnoticias.com.br\/#\/schema\/logo\/image\/"}},{"@type":"Person","@id":"https:\/\/portalraizesnoticias.com.br\/#\/schema\/person\/a3ca6b0fc701e78df19756c417d943ae","name":"Portal Raizes","image":{"@type":"ImageObject","inLanguage":"pt-BR","@id":"https:\/\/portalraizesnoticias.com.br\/#\/schema\/person\/image\/","url":"https:\/\/secure.gravatar.com\/avatar\/ef450d29013a3d3fba867a12a249d7b1?s=96&d=mm&r=g","contentUrl":"https:\/\/secure.gravatar.com\/avatar\/ef450d29013a3d3fba867a12a249d7b1?s=96&d=mm&r=g","caption":"Portal Raizes"},"url":"https:\/\/portalraizesnoticias.com.br\/?author=3"}]}},"_links":{"self":[{"href":"https:\/\/portalraizesnoticias.com.br\/index.php?rest_route=\/wp\/v2\/posts\/4993"}],"collection":[{"href":"https:\/\/portalraizesnoticias.com.br\/index.php?rest_route=\/wp\/v2\/posts"}],"about":[{"href":"https:\/\/portalraizesnoticias.com.br\/index.php?rest_route=\/wp\/v2\/types\/post"}],"author":[{"embeddable":true,"href":"https:\/\/portalraizesnoticias.com.br\/index.php?rest_route=\/wp\/v2\/users\/3"}],"replies":[{"embeddable":true,"href":"https:\/\/portalraizesnoticias.com.br\/index.php?rest_route=%2Fwp%2Fv2%2Fcomments&post=4993"}],"version-history":[{"count":1,"href":"https:\/\/portalraizesnoticias.com.br\/index.php?rest_route=\/wp\/v2\/posts\/4993\/revisions"}],"predecessor-version":[{"id":4998,"href":"https:\/\/portalraizesnoticias.com.br\/index.php?rest_route=\/wp\/v2\/posts\/4993\/revisions\/4998"}],"wp:featuredmedia":[{"embeddable":true,"href":"https:\/\/portalraizesnoticias.com.br\/index.php?rest_route=\/wp\/v2\/media\/4996"}],"wp:attachment":[{"href":"https:\/\/portalraizesnoticias.com.br\/index.php?rest_route=%2Fwp%2Fv2%2Fmedia&parent=4993"}],"wp:term":[{"taxonomy":"category","embeddable":true,"href":"https:\/\/portalraizesnoticias.com.br\/index.php?rest_route=%2Fwp%2Fv2%2Fcategories&post=4993"},{"taxonomy":"post_tag","embeddable":true,"href":"https:\/\/portalraizesnoticias.com.br\/index.php?rest_route=%2Fwp%2Fv2%2Ftags&post=4993"}],"curies":[{"name":"wp","href":"https:\/\/api.w.org\/{rel}","templated":true}]}}