{"id":4947,"date":"2025-02-19T20:59:34","date_gmt":"2025-02-19T23:59:34","guid":{"rendered":"https:\/\/portalraizesnoticias.com.br\/?p=4947"},"modified":"2025-02-19T21:02:15","modified_gmt":"2025-02-20T00:02:15","slug":"moradora-de-conceicao-do-coite-e-condenada-por-homicidio-em-santaluz","status":"publish","type":"post","link":"https:\/\/portalraizesnoticias.com.br\/?p=4947","title":{"rendered":"Moradora de Concei\u00e7\u00e3o do Coit\u00e9 \u00e9 condenada por homic\u00eddio em Santaluz"},"content":{"rendered":"<p>O julgamento de Laize de Almeida Silva aconteceu nesta quarta-feira (19) em Santaluz. Ela foi condenada pelo homic\u00eddio qualificado de Bruno de Sant\u2019ana de Souza, adolescente trans de 15 anos que usava o nome social Haila Vit\u00f3ria. O crime aconteceu no dia 24 de fevereiro de 2024, em frente a um bar da cidade. As duas brigaram antes do ataque, mas o motivo da discuss\u00e3o nunca ficou totalmente esclarecido. Haila foi atingida por uma facada no peito e n\u00e3o resistiu. C\u00e2meras de seguran\u00e7a registraram o crime, e Laize confessou a autoria. As informa\u00e7\u00f5es s\u00e3o do site Not\u00edcias de Santaluz, parceiro do Ra\u00edzes Not\u00edcias<\/p>\n<p><img fetchpriority=\"high\" decoding=\"async\" class=\"size-medium wp-image-4948 aligncenter\" src=\"https:\/\/portalraizesnoticias.com.br\/wp-content\/uploads\/2025\/02\/haila-1563453434-300x253.jpg\" alt=\"\" width=\"300\" height=\"253\" srcset=\"https:\/\/portalraizesnoticias.com.br\/wp-content\/uploads\/2025\/02\/haila-1563453434-300x253.jpg 300w, https:\/\/portalraizesnoticias.com.br\/wp-content\/uploads\/2025\/02\/haila-1563453434.jpg 540w\" sizes=\"(max-width: 300px) 100vw, 300px\" \/><\/p>\n<p style=\"text-align: center;\"><em>V\u00cdTIMA<\/em><\/p>\n<p>No tribunal, o promotor de justi\u00e7a Wladmir de Sousa Jesus argumentou que Laize agiu com inten\u00e7\u00e3o de matar e motivo f\u00fatil, refutando a tese de leg\u00edtima defesa apresentada pela advogada Rosiany Lima dos Santos. Ela tentou convencer os jurados de que Laize agiu para se proteger, mas o j\u00fari rejeitou essa vers\u00e3o. A advogada informou ao Not\u00edcias de Santaluz que ir\u00e1 recorrer da decis\u00e3o.<\/p>\n<p>A Justi\u00e7a condenou Laize a 12 anos de pris\u00e3o em regime inicialmente fechado, mas a pena foi reduzida para 9 anos porque ela tem filhos menores que dependem dela. Desde o dia do crime, ela j\u00e1 estava presa.<\/p>\n<p>O caso avan\u00e7ou r\u00e1pido na Justi\u00e7a. A den\u00fancia do Minist\u00e9rio P\u00fablico foi apresentada em mar\u00e7o de 2024, aceita em abril, e em agosto testemunhas foram ouvidas. No m\u00eas seguinte, o juiz Joel Firmino do Nascimento J\u00fanior decidiu que Laize deveria ir a julgamento. Ela \u00e9 moradora do povoado Boa Vista, na zona rural de Concei\u00e7\u00e3o do Coit\u00e9, cidade localizada na mesma regi\u00e3o de Santaluz.<\/p>\n<p>O veredicto veio dois dias antes do anivers\u00e1rio de Haila, que completaria 16 anos na pr\u00f3xima sexta-feira (21). A condena\u00e7\u00e3o encerra um caso que mexeu com a comunidade local.<\/p>\n<p>Foto e informa\u00e7\u00f5es Not\u00edcias de SantaLuz<\/p>\n","protected":false},"excerpt":{"rendered":"<p>O julgamento de Laize de Almeida Silva aconteceu nesta quarta-feira (19) em Santaluz. Ela foi condenada pelo homic\u00eddio qualificado de Bruno de Sant\u2019ana de Souza, adolescente trans de 15 anos que usava o nome social Haila Vit\u00f3ria. O crime aconteceu no dia 24 de fevereiro de 2024, em frente a um bar da cidade. As duas brigaram antes do ataque, mas o motivo da discuss\u00e3o nunca ficou totalmente esclarecido. Haila foi atingida por uma facada no peito e n\u00e3o resistiu. C\u00e2meras de seguran\u00e7a registraram o crime, e Laize confessou a autoria. As informa\u00e7\u00f5es s\u00e3o do site Not\u00edcias de Santaluz, parceiro do Ra\u00edzes Not\u00edcias V\u00cdTIMA No tribunal, o promotor de justi\u00e7a Wladmir de Sousa Jesus argumentou que Laize agiu com inten\u00e7\u00e3o de matar e motivo f\u00fatil, refutando a tese de leg\u00edtima defesa apresentada pela advogada Rosiany Lima dos Santos. Ela tentou convencer os jurados de que Laize agiu para se proteger, mas o j\u00fari rejeitou essa vers\u00e3o. A advogada informou ao Not\u00edcias de Santaluz que ir\u00e1 recorrer da decis\u00e3o. A Justi\u00e7a condenou Laize a 12 anos de pris\u00e3o em regime inicialmente fechado, mas a pena foi reduzida para 9 anos porque ela tem filhos menores que dependem dela. Desde o dia do crime, ela j\u00e1 estava presa. O caso avan\u00e7ou r\u00e1pido na Justi\u00e7a. A den\u00fancia do Minist\u00e9rio P\u00fablico foi apresentada em mar\u00e7o de 2024, aceita em abril, e em agosto testemunhas foram ouvidas. No m\u00eas seguinte, o juiz Joel Firmino do Nascimento J\u00fanior decidiu que Laize deveria ir a julgamento. Ela \u00e9 moradora do povoado Boa Vista, na zona rural de Concei\u00e7\u00e3o do Coit\u00e9, cidade localizada na mesma regi\u00e3o de Santaluz. O veredicto veio dois dias antes do anivers\u00e1rio de Haila, que completaria 16 anos na pr\u00f3xima sexta-feira (21). A condena\u00e7\u00e3o encerra um caso que mexeu com a comunidade local. Foto e informa\u00e7\u00f5es Not\u00edcias de SantaLuz<\/p>\n","protected":false},"author":3,"featured_media":4949,"comment_status":"open","ping_status":"open","sticky":false,"template":"","format":"standard","meta":{"_joinchat":[],"footnotes":""},"categories":[55,67,59],"tags":[75,178,733],"class_list":["post-4947","post","type-post","status-publish","format-standard","has-post-thumbnail","hentry","category-destaques","category-policia","category-ultimas-noticias","tag-coite","tag-mulher","tag-natural"],"yoast_head":"<!-- This site is optimized with the Yoast SEO plugin v24.4 - https:\/\/yoast.com\/wordpress\/plugins\/seo\/ -->\n<title>Moradora de Concei\u00e7\u00e3o do Coit\u00e9 \u00e9 condenada por homic\u00eddio em Santaluz - Portal raizes noticias<\/title>\n<meta name=\"robots\" content=\"index, follow, max-snippet:-1, max-image-preview:large, max-video-preview:-1\" \/>\n<link rel=\"canonical\" href=\"https:\/\/portalraizesnoticias.com.br\/?p=4947\" \/>\n<meta property=\"og:locale\" content=\"pt_BR\" \/>\n<meta property=\"og:type\" content=\"article\" \/>\n<meta property=\"og:title\" content=\"Moradora de Concei\u00e7\u00e3o do Coit\u00e9 \u00e9 condenada por homic\u00eddio em Santaluz - Portal raizes noticias\" \/>\n<meta property=\"og:description\" content=\"O julgamento de Laize de Almeida Silva aconteceu nesta quarta-feira (19) em Santaluz. Ela foi condenada pelo homic\u00eddio qualificado de Bruno de Sant\u2019ana de Souza, adolescente trans de 15 anos que usava o nome social Haila Vit\u00f3ria. O crime aconteceu no dia 24 de fevereiro de 2024, em frente a um bar da cidade. As duas brigaram antes do ataque, mas o motivo da discuss\u00e3o nunca ficou totalmente esclarecido. Haila foi atingida por uma facada no peito e n\u00e3o resistiu. C\u00e2meras de seguran\u00e7a registraram o crime, e Laize confessou a autoria. As informa\u00e7\u00f5es s\u00e3o do site Not\u00edcias de Santaluz, parceiro do Ra\u00edzes Not\u00edcias V\u00cdTIMA No tribunal, o promotor de justi\u00e7a Wladmir de Sousa Jesus argumentou que Laize agiu com inten\u00e7\u00e3o de matar e motivo f\u00fatil, refutando a tese de leg\u00edtima defesa apresentada pela advogada Rosiany Lima dos Santos. Ela tentou convencer os jurados de que Laize agiu para se proteger, mas o j\u00fari rejeitou essa vers\u00e3o. A advogada informou ao Not\u00edcias de Santaluz que ir\u00e1 recorrer da decis\u00e3o. A Justi\u00e7a condenou Laize a 12 anos de pris\u00e3o em regime inicialmente fechado, mas a pena foi reduzida para 9 anos porque ela tem filhos menores que dependem dela. Desde o dia do crime, ela j\u00e1 estava presa. O caso avan\u00e7ou r\u00e1pido na Justi\u00e7a. A den\u00fancia do Minist\u00e9rio P\u00fablico foi apresentada em mar\u00e7o de 2024, aceita em abril, e em agosto testemunhas foram ouvidas. No m\u00eas seguinte, o juiz Joel Firmino do Nascimento J\u00fanior decidiu que Laize deveria ir a julgamento. Ela \u00e9 moradora do povoado Boa Vista, na zona rural de Concei\u00e7\u00e3o do Coit\u00e9, cidade localizada na mesma regi\u00e3o de Santaluz. O veredicto veio dois dias antes do anivers\u00e1rio de Haila, que completaria 16 anos na pr\u00f3xima sexta-feira (21). A condena\u00e7\u00e3o encerra um caso que mexeu com a comunidade local. Foto e informa\u00e7\u00f5es Not\u00edcias de SantaLuz\" \/>\n<meta property=\"og:url\" content=\"https:\/\/portalraizesnoticias.com.br\/?p=4947\" \/>\n<meta property=\"og:site_name\" content=\"Portal raizes noticias\" \/>\n<meta property=\"article:published_time\" content=\"2025-02-19T23:59:34+00:00\" \/>\n<meta property=\"article:modified_time\" content=\"2025-02-20T00:02:15+00:00\" \/>\n<meta property=\"og:image\" content=\"https:\/\/portalraizesnoticias.com.br\/wp-content\/uploads\/2025\/02\/IMG_5325.jpeg\" \/>\n\t<meta property=\"og:image:width\" content=\"540\" \/>\n\t<meta property=\"og:image:height\" content=\"386\" \/>\n\t<meta property=\"og:image:type\" content=\"image\/jpeg\" \/>\n<meta name=\"author\" content=\"Portal Raizes\" \/>\n<meta name=\"twitter:card\" content=\"summary_large_image\" \/>\n<meta name=\"twitter:label1\" content=\"Escrito por\" \/>\n\t<meta name=\"twitter:data1\" content=\"Portal Raizes\" \/>\n\t<meta name=\"twitter:label2\" content=\"Est. tempo de leitura\" \/>\n\t<meta name=\"twitter:data2\" content=\"3 minutos\" \/>\n<script type=\"application\/ld+json\" class=\"yoast-schema-graph\">{\"@context\":\"https:\/\/schema.org\",\"@graph\":[{\"@type\":\"Article\",\"@id\":\"https:\/\/portalraizesnoticias.com.br\/?p=4947#article\",\"isPartOf\":{\"@id\":\"https:\/\/portalraizesnoticias.com.br\/?p=4947\"},\"author\":{\"name\":\"Portal Raizes\",\"@id\":\"https:\/\/portalraizesnoticias.com.br\/#\/schema\/person\/a3ca6b0fc701e78df19756c417d943ae\"},\"headline\":\"Moradora de Concei\u00e7\u00e3o do Coit\u00e9 \u00e9 condenada por homic\u00eddio em Santaluz\",\"datePublished\":\"2025-02-19T23:59:34+00:00\",\"dateModified\":\"2025-02-20T00:02:15+00:00\",\"mainEntityOfPage\":{\"@id\":\"https:\/\/portalraizesnoticias.com.br\/?p=4947\"},\"wordCount\":346,\"commentCount\":0,\"publisher\":{\"@id\":\"https:\/\/portalraizesnoticias.com.br\/#organization\"},\"image\":{\"@id\":\"https:\/\/portalraizesnoticias.com.br\/?p=4947#primaryimage\"},\"thumbnailUrl\":\"https:\/\/portalraizesnoticias.com.br\/wp-content\/uploads\/2025\/02\/IMG_5325.jpeg\",\"keywords\":[\"Coit\u00e9\",\"Mulher\",\"Natural\"],\"articleSection\":[\"DESTAQUES\",\"POLICIA\",\"ULTIMAS NOTICIAS\"],\"inLanguage\":\"pt-BR\",\"potentialAction\":[{\"@type\":\"CommentAction\",\"name\":\"Comment\",\"target\":[\"https:\/\/portalraizesnoticias.com.br\/?p=4947#respond\"]}]},{\"@type\":\"WebPage\",\"@id\":\"https:\/\/portalraizesnoticias.com.br\/?p=4947\",\"url\":\"https:\/\/portalraizesnoticias.com.br\/?p=4947\",\"name\":\"Moradora de Concei\u00e7\u00e3o do Coit\u00e9 \u00e9 condenada por homic\u00eddio em Santaluz - Portal raizes noticias\",\"isPartOf\":{\"@id\":\"https:\/\/portalraizesnoticias.com.br\/#website\"},\"primaryImageOfPage\":{\"@id\":\"https:\/\/portalraizesnoticias.com.br\/?p=4947#primaryimage\"},\"image\":{\"@id\":\"https:\/\/portalraizesnoticias.com.br\/?p=4947#primaryimage\"},\"thumbnailUrl\":\"https:\/\/portalraizesnoticias.com.br\/wp-content\/uploads\/2025\/02\/IMG_5325.jpeg\",\"datePublished\":\"2025-02-19T23:59:34+00:00\",\"dateModified\":\"2025-02-20T00:02:15+00:00\",\"breadcrumb\":{\"@id\":\"https:\/\/portalraizesnoticias.com.br\/?p=4947#breadcrumb\"},\"inLanguage\":\"pt-BR\",\"potentialAction\":[{\"@type\":\"ReadAction\",\"target\":[\"https:\/\/portalraizesnoticias.com.br\/?p=4947\"]}]},{\"@type\":\"ImageObject\",\"inLanguage\":\"pt-BR\",\"@id\":\"https:\/\/portalraizesnoticias.com.br\/?p=4947#primaryimage\",\"url\":\"https:\/\/portalraizesnoticias.com.br\/wp-content\/uploads\/2025\/02\/IMG_5325.jpeg\",\"contentUrl\":\"https:\/\/portalraizesnoticias.com.br\/wp-content\/uploads\/2025\/02\/IMG_5325.jpeg\",\"width\":540,\"height\":386},{\"@type\":\"BreadcrumbList\",\"@id\":\"https:\/\/portalraizesnoticias.com.br\/?p=4947#breadcrumb\",\"itemListElement\":[{\"@type\":\"ListItem\",\"position\":1,\"name\":\"In\u00edcio\",\"item\":\"https:\/\/portalraizesnoticias.com.br\/\"},{\"@type\":\"ListItem\",\"position\":2,\"name\":\"Moradora de Concei\u00e7\u00e3o do Coit\u00e9 \u00e9 condenada por homic\u00eddio em Santaluz\"}]},{\"@type\":\"WebSite\",\"@id\":\"https:\/\/portalraizesnoticias.com.br\/#website\",\"url\":\"https:\/\/portalraizesnoticias.com.br\/\",\"name\":\"Portal raizes NOTICIAS\",\"description\":\"site de noticias de concei\u00e7\u00e3o do coit\u00e9 e regi\u00e3o\",\"publisher\":{\"@id\":\"https:\/\/portalraizesnoticias.com.br\/#organization\"},\"alternateName\":\"PORTAL RAIZES COIT\u00c9\",\"potentialAction\":[{\"@type\":\"SearchAction\",\"target\":{\"@type\":\"EntryPoint\",\"urlTemplate\":\"https:\/\/portalraizesnoticias.com.br\/?s={search_term_string}\"},\"query-input\":{\"@type\":\"PropertyValueSpecification\",\"valueRequired\":true,\"valueName\":\"search_term_string\"}}],\"inLanguage\":\"pt-BR\"},{\"@type\":\"Organization\",\"@id\":\"https:\/\/portalraizesnoticias.com.br\/#organization\",\"name\":\"Portal raizes NOTICIAS\",\"url\":\"https:\/\/portalraizesnoticias.com.br\/\",\"logo\":{\"@type\":\"ImageObject\",\"inLanguage\":\"pt-BR\",\"@id\":\"https:\/\/portalraizesnoticias.com.br\/#\/schema\/logo\/image\/\",\"url\":\"https:\/\/portalraizesnoticias.com.br\/wp-content\/uploads\/2024\/09\/cropped-Captura-de-tela-2024-09-08-011108.png\",\"contentUrl\":\"https:\/\/portalraizesnoticias.com.br\/wp-content\/uploads\/2024\/09\/cropped-Captura-de-tela-2024-09-08-011108.png\",\"width\":606,\"height\":173,\"caption\":\"Portal raizes NOTICIAS\"},\"image\":{\"@id\":\"https:\/\/portalraizesnoticias.com.br\/#\/schema\/logo\/image\/\"}},{\"@type\":\"Person\",\"@id\":\"https:\/\/portalraizesnoticias.com.br\/#\/schema\/person\/a3ca6b0fc701e78df19756c417d943ae\",\"name\":\"Portal Raizes\",\"image\":{\"@type\":\"ImageObject\",\"inLanguage\":\"pt-BR\",\"@id\":\"https:\/\/portalraizesnoticias.com.br\/#\/schema\/person\/image\/\",\"url\":\"https:\/\/secure.gravatar.com\/avatar\/ef450d29013a3d3fba867a12a249d7b1?s=96&d=mm&r=g\",\"contentUrl\":\"https:\/\/secure.gravatar.com\/avatar\/ef450d29013a3d3fba867a12a249d7b1?s=96&d=mm&r=g\",\"caption\":\"Portal Raizes\"},\"url\":\"https:\/\/portalraizesnoticias.com.br\/?author=3\"}]}<\/script>\n<!-- \/ Yoast SEO plugin. -->","yoast_head_json":{"title":"Moradora de Concei\u00e7\u00e3o do Coit\u00e9 \u00e9 condenada por homic\u00eddio em Santaluz - Portal raizes noticias","robots":{"index":"index","follow":"follow","max-snippet":"max-snippet:-1","max-image-preview":"max-image-preview:large","max-video-preview":"max-video-preview:-1"},"canonical":"https:\/\/portalraizesnoticias.com.br\/?p=4947","og_locale":"pt_BR","og_type":"article","og_title":"Moradora de Concei\u00e7\u00e3o do Coit\u00e9 \u00e9 condenada por homic\u00eddio em Santaluz - Portal raizes noticias","og_description":"O julgamento de Laize de Almeida Silva aconteceu nesta quarta-feira (19) em Santaluz. Ela foi condenada pelo homic\u00eddio qualificado de Bruno de Sant\u2019ana de Souza, adolescente trans de 15 anos que usava o nome social Haila Vit\u00f3ria. O crime aconteceu no dia 24 de fevereiro de 2024, em frente a um bar da cidade. As duas brigaram antes do ataque, mas o motivo da discuss\u00e3o nunca ficou totalmente esclarecido. Haila foi atingida por uma facada no peito e n\u00e3o resistiu. C\u00e2meras de seguran\u00e7a registraram o crime, e Laize confessou a autoria. As informa\u00e7\u00f5es s\u00e3o do site Not\u00edcias de Santaluz, parceiro do Ra\u00edzes Not\u00edcias V\u00cdTIMA No tribunal, o promotor de justi\u00e7a Wladmir de Sousa Jesus argumentou que Laize agiu com inten\u00e7\u00e3o de matar e motivo f\u00fatil, refutando a tese de leg\u00edtima defesa apresentada pela advogada Rosiany Lima dos Santos. Ela tentou convencer os jurados de que Laize agiu para se proteger, mas o j\u00fari rejeitou essa vers\u00e3o. A advogada informou ao Not\u00edcias de Santaluz que ir\u00e1 recorrer da decis\u00e3o. A Justi\u00e7a condenou Laize a 12 anos de pris\u00e3o em regime inicialmente fechado, mas a pena foi reduzida para 9 anos porque ela tem filhos menores que dependem dela. Desde o dia do crime, ela j\u00e1 estava presa. O caso avan\u00e7ou r\u00e1pido na Justi\u00e7a. A den\u00fancia do Minist\u00e9rio P\u00fablico foi apresentada em mar\u00e7o de 2024, aceita em abril, e em agosto testemunhas foram ouvidas. No m\u00eas seguinte, o juiz Joel Firmino do Nascimento J\u00fanior decidiu que Laize deveria ir a julgamento. Ela \u00e9 moradora do povoado Boa Vista, na zona rural de Concei\u00e7\u00e3o do Coit\u00e9, cidade localizada na mesma regi\u00e3o de Santaluz. O veredicto veio dois dias antes do anivers\u00e1rio de Haila, que completaria 16 anos na pr\u00f3xima sexta-feira (21). A condena\u00e7\u00e3o encerra um caso que mexeu com a comunidade local. Foto e informa\u00e7\u00f5es Not\u00edcias de SantaLuz","og_url":"https:\/\/portalraizesnoticias.com.br\/?p=4947","og_site_name":"Portal raizes noticias","article_published_time":"2025-02-19T23:59:34+00:00","article_modified_time":"2025-02-20T00:02:15+00:00","og_image":[{"width":540,"height":386,"url":"https:\/\/portalraizesnoticias.com.br\/wp-content\/uploads\/2025\/02\/IMG_5325.jpeg","type":"image\/jpeg"}],"author":"Portal Raizes","twitter_card":"summary_large_image","twitter_misc":{"Escrito por":"Portal Raizes","Est. tempo de leitura":"3 minutos"},"schema":{"@context":"https:\/\/schema.org","@graph":[{"@type":"Article","@id":"https:\/\/portalraizesnoticias.com.br\/?p=4947#article","isPartOf":{"@id":"https:\/\/portalraizesnoticias.com.br\/?p=4947"},"author":{"name":"Portal Raizes","@id":"https:\/\/portalraizesnoticias.com.br\/#\/schema\/person\/a3ca6b0fc701e78df19756c417d943ae"},"headline":"Moradora de Concei\u00e7\u00e3o do Coit\u00e9 \u00e9 condenada por homic\u00eddio em Santaluz","datePublished":"2025-02-19T23:59:34+00:00","dateModified":"2025-02-20T00:02:15+00:00","mainEntityOfPage":{"@id":"https:\/\/portalraizesnoticias.com.br\/?p=4947"},"wordCount":346,"commentCount":0,"publisher":{"@id":"https:\/\/portalraizesnoticias.com.br\/#organization"},"image":{"@id":"https:\/\/portalraizesnoticias.com.br\/?p=4947#primaryimage"},"thumbnailUrl":"https:\/\/portalraizesnoticias.com.br\/wp-content\/uploads\/2025\/02\/IMG_5325.jpeg","keywords":["Coit\u00e9","Mulher","Natural"],"articleSection":["DESTAQUES","POLICIA","ULTIMAS NOTICIAS"],"inLanguage":"pt-BR","potentialAction":[{"@type":"CommentAction","name":"Comment","target":["https:\/\/portalraizesnoticias.com.br\/?p=4947#respond"]}]},{"@type":"WebPage","@id":"https:\/\/portalraizesnoticias.com.br\/?p=4947","url":"https:\/\/portalraizesnoticias.com.br\/?p=4947","name":"Moradora de Concei\u00e7\u00e3o do Coit\u00e9 \u00e9 condenada por homic\u00eddio em Santaluz - Portal raizes noticias","isPartOf":{"@id":"https:\/\/portalraizesnoticias.com.br\/#website"},"primaryImageOfPage":{"@id":"https:\/\/portalraizesnoticias.com.br\/?p=4947#primaryimage"},"image":{"@id":"https:\/\/portalraizesnoticias.com.br\/?p=4947#primaryimage"},"thumbnailUrl":"https:\/\/portalraizesnoticias.com.br\/wp-content\/uploads\/2025\/02\/IMG_5325.jpeg","datePublished":"2025-02-19T23:59:34+00:00","dateModified":"2025-02-20T00:02:15+00:00","breadcrumb":{"@id":"https:\/\/portalraizesnoticias.com.br\/?p=4947#breadcrumb"},"inLanguage":"pt-BR","potentialAction":[{"@type":"ReadAction","target":["https:\/\/portalraizesnoticias.com.br\/?p=4947"]}]},{"@type":"ImageObject","inLanguage":"pt-BR","@id":"https:\/\/portalraizesnoticias.com.br\/?p=4947#primaryimage","url":"https:\/\/portalraizesnoticias.com.br\/wp-content\/uploads\/2025\/02\/IMG_5325.jpeg","contentUrl":"https:\/\/portalraizesnoticias.com.br\/wp-content\/uploads\/2025\/02\/IMG_5325.jpeg","width":540,"height":386},{"@type":"BreadcrumbList","@id":"https:\/\/portalraizesnoticias.com.br\/?p=4947#breadcrumb","itemListElement":[{"@type":"ListItem","position":1,"name":"In\u00edcio","item":"https:\/\/portalraizesnoticias.com.br\/"},{"@type":"ListItem","position":2,"name":"Moradora de Concei\u00e7\u00e3o do Coit\u00e9 \u00e9 condenada por homic\u00eddio em Santaluz"}]},{"@type":"WebSite","@id":"https:\/\/portalraizesnoticias.com.br\/#website","url":"https:\/\/portalraizesnoticias.com.br\/","name":"Portal raizes NOTICIAS","description":"site de noticias de concei\u00e7\u00e3o do coit\u00e9 e regi\u00e3o","publisher":{"@id":"https:\/\/portalraizesnoticias.com.br\/#organization"},"alternateName":"PORTAL RAIZES COIT\u00c9","potentialAction":[{"@type":"SearchAction","target":{"@type":"EntryPoint","urlTemplate":"https:\/\/portalraizesnoticias.com.br\/?s={search_term_string}"},"query-input":{"@type":"PropertyValueSpecification","valueRequired":true,"valueName":"search_term_string"}}],"inLanguage":"pt-BR"},{"@type":"Organization","@id":"https:\/\/portalraizesnoticias.com.br\/#organization","name":"Portal raizes NOTICIAS","url":"https:\/\/portalraizesnoticias.com.br\/","logo":{"@type":"ImageObject","inLanguage":"pt-BR","@id":"https:\/\/portalraizesnoticias.com.br\/#\/schema\/logo\/image\/","url":"https:\/\/portalraizesnoticias.com.br\/wp-content\/uploads\/2024\/09\/cropped-Captura-de-tela-2024-09-08-011108.png","contentUrl":"https:\/\/portalraizesnoticias.com.br\/wp-content\/uploads\/2024\/09\/cropped-Captura-de-tela-2024-09-08-011108.png","width":606,"height":173,"caption":"Portal raizes NOTICIAS"},"image":{"@id":"https:\/\/portalraizesnoticias.com.br\/#\/schema\/logo\/image\/"}},{"@type":"Person","@id":"https:\/\/portalraizesnoticias.com.br\/#\/schema\/person\/a3ca6b0fc701e78df19756c417d943ae","name":"Portal Raizes","image":{"@type":"ImageObject","inLanguage":"pt-BR","@id":"https:\/\/portalraizesnoticias.com.br\/#\/schema\/person\/image\/","url":"https:\/\/secure.gravatar.com\/avatar\/ef450d29013a3d3fba867a12a249d7b1?s=96&d=mm&r=g","contentUrl":"https:\/\/secure.gravatar.com\/avatar\/ef450d29013a3d3fba867a12a249d7b1?s=96&d=mm&r=g","caption":"Portal Raizes"},"url":"https:\/\/portalraizesnoticias.com.br\/?author=3"}]}},"_links":{"self":[{"href":"https:\/\/portalraizesnoticias.com.br\/index.php?rest_route=\/wp\/v2\/posts\/4947"}],"collection":[{"href":"https:\/\/portalraizesnoticias.com.br\/index.php?rest_route=\/wp\/v2\/posts"}],"about":[{"href":"https:\/\/portalraizesnoticias.com.br\/index.php?rest_route=\/wp\/v2\/types\/post"}],"author":[{"embeddable":true,"href":"https:\/\/portalraizesnoticias.com.br\/index.php?rest_route=\/wp\/v2\/users\/3"}],"replies":[{"embeddable":true,"href":"https:\/\/portalraizesnoticias.com.br\/index.php?rest_route=%2Fwp%2Fv2%2Fcomments&post=4947"}],"version-history":[{"count":2,"href":"https:\/\/portalraizesnoticias.com.br\/index.php?rest_route=\/wp\/v2\/posts\/4947\/revisions"}],"predecessor-version":[{"id":4952,"href":"https:\/\/portalraizesnoticias.com.br\/index.php?rest_route=\/wp\/v2\/posts\/4947\/revisions\/4952"}],"wp:featuredmedia":[{"embeddable":true,"href":"https:\/\/portalraizesnoticias.com.br\/index.php?rest_route=\/wp\/v2\/media\/4949"}],"wp:attachment":[{"href":"https:\/\/portalraizesnoticias.com.br\/index.php?rest_route=%2Fwp%2Fv2%2Fmedia&parent=4947"}],"wp:term":[{"taxonomy":"category","embeddable":true,"href":"https:\/\/portalraizesnoticias.com.br\/index.php?rest_route=%2Fwp%2Fv2%2Fcategories&post=4947"},{"taxonomy":"post_tag","embeddable":true,"href":"https:\/\/portalraizesnoticias.com.br\/index.php?rest_route=%2Fwp%2Fv2%2Ftags&post=4947"}],"curies":[{"name":"wp","href":"https:\/\/api.w.org\/{rel}","templated":true}]}}