{"id":4883,"date":"2025-02-16T10:12:29","date_gmt":"2025-02-16T13:12:29","guid":{"rendered":"https:\/\/portalraizesnoticias.com.br\/?p=4883"},"modified":"2025-02-16T10:13:05","modified_gmt":"2025-02-16T13:13:05","slug":"coite-pm-apreende-veiculo-e-conduz-condutor-a-delegacia-apos-som-automotivo-ligado-no-bairro-fluminense","status":"publish","type":"post","link":"https:\/\/portalraizesnoticias.com.br\/?p=4883","title":{"rendered":"Coit\u00e9: PM apreende ve\u00edculo e leva condutor \u00e0 delegacia ap\u00f3s som automotivo ligado no bairro Fluminense"},"content":{"rendered":"<p>O que seria um domingo de sil\u00eancio para os moradores do Bairro Fluminense virou uma &#8216;algazarra&#8217; com um som automotivo ligado \u00e0s 07h25 em Concei\u00e7\u00e3o do Coit\u00e9.<\/p>\n<p><img fetchpriority=\"high\" decoding=\"async\" class=\"size-medium wp-image-4885 aligncenter\" src=\"https:\/\/portalraizesnoticias.com.br\/wp-content\/uploads\/2025\/02\/20250216100859-300x169.jpg\" alt=\"\" width=\"300\" height=\"169\" srcset=\"https:\/\/portalraizesnoticias.com.br\/wp-content\/uploads\/2025\/02\/20250216100859-300x169.jpg 300w, https:\/\/portalraizesnoticias.com.br\/wp-content\/uploads\/2025\/02\/20250216100859-1024x576.jpg 1024w, https:\/\/portalraizesnoticias.com.br\/wp-content\/uploads\/2025\/02\/20250216100859-768x432.jpg 768w, https:\/\/portalraizesnoticias.com.br\/wp-content\/uploads\/2025\/02\/20250216100859-1536x864.jpg 1536w, https:\/\/portalraizesnoticias.com.br\/wp-content\/uploads\/2025\/02\/20250216100859.jpg 1599w\" sizes=\"(max-width: 300px) 100vw, 300px\" \/><\/p>\n<p>De acordo com informa\u00e7\u00f5es obtidas pelo Portal Ra\u00edzes junto \u00e0 pol\u00edcia, pois havia um carro de cor preto estar com o som alto at\u00e9 a chegada dos policiais e, ao abordar o condutor, o mesmo estava com o documento do ve\u00edculo atrasado.<\/p>\n<p><img decoding=\"async\" class=\"size-medium wp-image-4886 aligncenter\" src=\"https:\/\/portalraizesnoticias.com.br\/wp-content\/uploads\/2025\/02\/IMG-20250216-WA0065-169x300.jpg\" alt=\"\" width=\"169\" height=\"300\" srcset=\"https:\/\/portalraizesnoticias.com.br\/wp-content\/uploads\/2025\/02\/IMG-20250216-WA0065-169x300.jpg 169w, https:\/\/portalraizesnoticias.com.br\/wp-content\/uploads\/2025\/02\/IMG-20250216-WA0065-576x1024.jpg 576w, https:\/\/portalraizesnoticias.com.br\/wp-content\/uploads\/2025\/02\/IMG-20250216-WA0065-768x1366.jpg 768w, https:\/\/portalraizesnoticias.com.br\/wp-content\/uploads\/2025\/02\/IMG-20250216-WA0065-864x1536.jpg 864w, https:\/\/portalraizesnoticias.com.br\/wp-content\/uploads\/2025\/02\/IMG-20250216-WA0065.jpg 899w\" sizes=\"(max-width: 169px) 100vw, 169px\" \/><\/p>\n<p>Diante dos fatos apresentados, o ve\u00edculo foi removido para o p\u00e1tio da 4aCia.<\/p>\n<p><em>Perturba\u00e7\u00e3o do sossego \u00e9 um crime que consiste em causar inc\u00f4modo a outras pessoas com ru\u00eddos excessivos. A lei visa proteger o direito ao descanso e \u00e0 tranquilidade.<\/em><\/p>\n<p><em>San\u00e7\u00f5es<\/em><\/p>\n<p><em>A pena \u00e9 de pris\u00e3o simples, de quinze dias a tr\u00eas meses ou multa<\/em><\/p>\n<p><em>O valor da multa pode variar de acordo com a legisla\u00e7\u00e3o local.<\/em><\/p>\n<p><em>Reda\u00e7\u00e3o Portal Ra\u00edzes<\/em><\/p>\n","protected":false},"excerpt":{"rendered":"<p>O que seria um domingo de sil\u00eancio para os moradores do Bairro Fluminense virou uma &#8216;algazarra&#8217; com um som automotivo ligado \u00e0s 07h25 em Concei\u00e7\u00e3o do Coit\u00e9. De acordo com informa\u00e7\u00f5es obtidas pelo Portal Ra\u00edzes junto \u00e0 pol\u00edcia, pois havia um carro de cor preto estar com o som alto at\u00e9 a chegada dos policiais e, ao abordar o condutor, o mesmo estava com o documento do ve\u00edculo atrasado. Diante dos fatos apresentados, o ve\u00edculo foi removido para o p\u00e1tio da 4aCia. Perturba\u00e7\u00e3o do sossego \u00e9 um crime que consiste em causar inc\u00f4modo a outras pessoas com ru\u00eddos excessivos. A lei visa proteger o direito ao descanso e \u00e0 tranquilidade. San\u00e7\u00f5es A pena \u00e9 de pris\u00e3o simples, de quinze dias a tr\u00eas meses ou multa O valor da multa pode variar de acordo com a legisla\u00e7\u00e3o local. Reda\u00e7\u00e3o Portal Ra\u00edzes<\/p>\n","protected":false},"author":3,"featured_media":4884,"comment_status":"open","ping_status":"open","sticky":false,"template":"","format":"standard","meta":{"_joinchat":[],"footnotes":""},"categories":[55,67,59],"tags":[75,767,717,437,832],"class_list":["post-4883","post","type-post","status-publish","format-standard","has-post-thumbnail","hentry","category-destaques","category-policia","category-ultimas-noticias","tag-coite","tag-crime","tag-perturbacao-de-sossego","tag-pm","tag-som"],"yoast_head":"<!-- This site is optimized with the Yoast SEO plugin v24.4 - https:\/\/yoast.com\/wordpress\/plugins\/seo\/ -->\n<title>Coit\u00e9: PM apreende ve\u00edculo e leva condutor \u00e0 delegacia ap\u00f3s som automotivo ligado no bairro Fluminense - Portal raizes noticias<\/title>\n<meta name=\"robots\" content=\"index, follow, max-snippet:-1, max-image-preview:large, max-video-preview:-1\" \/>\n<link rel=\"canonical\" href=\"https:\/\/portalraizesnoticias.com.br\/?p=4883\" \/>\n<meta property=\"og:locale\" content=\"pt_BR\" \/>\n<meta property=\"og:type\" content=\"article\" \/>\n<meta property=\"og:title\" content=\"Coit\u00e9: PM apreende ve\u00edculo e leva condutor \u00e0 delegacia ap\u00f3s som automotivo ligado no bairro Fluminense - Portal raizes noticias\" \/>\n<meta property=\"og:description\" content=\"O que seria um domingo de sil\u00eancio para os moradores do Bairro Fluminense virou uma &#8216;algazarra&#8217; com um som automotivo ligado \u00e0s 07h25 em Concei\u00e7\u00e3o do Coit\u00e9. De acordo com informa\u00e7\u00f5es obtidas pelo Portal Ra\u00edzes junto \u00e0 pol\u00edcia, pois havia um carro de cor preto estar com o som alto at\u00e9 a chegada dos policiais e, ao abordar o condutor, o mesmo estava com o documento do ve\u00edculo atrasado. Diante dos fatos apresentados, o ve\u00edculo foi removido para o p\u00e1tio da 4aCia. Perturba\u00e7\u00e3o do sossego \u00e9 um crime que consiste em causar inc\u00f4modo a outras pessoas com ru\u00eddos excessivos. A lei visa proteger o direito ao descanso e \u00e0 tranquilidade. San\u00e7\u00f5es A pena \u00e9 de pris\u00e3o simples, de quinze dias a tr\u00eas meses ou multa O valor da multa pode variar de acordo com a legisla\u00e7\u00e3o local. Reda\u00e7\u00e3o Portal Ra\u00edzes\" \/>\n<meta property=\"og:url\" content=\"https:\/\/portalraizesnoticias.com.br\/?p=4883\" \/>\n<meta property=\"og:site_name\" content=\"Portal raizes noticias\" \/>\n<meta property=\"article:published_time\" content=\"2025-02-16T13:12:29+00:00\" \/>\n<meta property=\"article:modified_time\" content=\"2025-02-16T13:13:05+00:00\" \/>\n<meta property=\"og:image\" content=\"https:\/\/portalraizesnoticias.com.br\/wp-content\/uploads\/2025\/02\/IMG-20250216-WA0063.jpg\" \/>\n\t<meta property=\"og:image:width\" content=\"899\" \/>\n\t<meta property=\"og:image:height\" content=\"1599\" \/>\n\t<meta property=\"og:image:type\" content=\"image\/jpeg\" \/>\n<meta name=\"author\" content=\"Portal Raizes\" \/>\n<meta name=\"twitter:card\" content=\"summary_large_image\" \/>\n<meta name=\"twitter:label1\" content=\"Escrito por\" \/>\n\t<meta name=\"twitter:data1\" content=\"Portal Raizes\" \/>\n\t<meta name=\"twitter:label2\" content=\"Est. tempo de leitura\" \/>\n\t<meta name=\"twitter:data2\" content=\"2 minutos\" \/>\n<script type=\"application\/ld+json\" class=\"yoast-schema-graph\">{\"@context\":\"https:\/\/schema.org\",\"@graph\":[{\"@type\":\"Article\",\"@id\":\"https:\/\/portalraizesnoticias.com.br\/?p=4883#article\",\"isPartOf\":{\"@id\":\"https:\/\/portalraizesnoticias.com.br\/?p=4883\"},\"author\":{\"name\":\"Portal Raizes\",\"@id\":\"https:\/\/portalraizesnoticias.com.br\/#\/schema\/person\/a3ca6b0fc701e78df19756c417d943ae\"},\"headline\":\"Coit\u00e9: PM apreende ve\u00edculo e leva condutor \u00e0 delegacia ap\u00f3s som automotivo ligado no bairro Fluminense\",\"datePublished\":\"2025-02-16T13:12:29+00:00\",\"dateModified\":\"2025-02-16T13:13:05+00:00\",\"mainEntityOfPage\":{\"@id\":\"https:\/\/portalraizesnoticias.com.br\/?p=4883\"},\"wordCount\":170,\"commentCount\":0,\"publisher\":{\"@id\":\"https:\/\/portalraizesnoticias.com.br\/#organization\"},\"image\":{\"@id\":\"https:\/\/portalraizesnoticias.com.br\/?p=4883#primaryimage\"},\"thumbnailUrl\":\"https:\/\/portalraizesnoticias.com.br\/wp-content\/uploads\/2025\/02\/IMG-20250216-WA0063.jpg\",\"keywords\":[\"Coit\u00e9\",\"Crime\",\"Perturba\u00e7\u00e3o de sossego\",\"Pm\",\"Som\"],\"articleSection\":[\"DESTAQUES\",\"POLICIA\",\"ULTIMAS NOTICIAS\"],\"inLanguage\":\"pt-BR\",\"potentialAction\":[{\"@type\":\"CommentAction\",\"name\":\"Comment\",\"target\":[\"https:\/\/portalraizesnoticias.com.br\/?p=4883#respond\"]}]},{\"@type\":\"WebPage\",\"@id\":\"https:\/\/portalraizesnoticias.com.br\/?p=4883\",\"url\":\"https:\/\/portalraizesnoticias.com.br\/?p=4883\",\"name\":\"Coit\u00e9: PM apreende ve\u00edculo e leva condutor \u00e0 delegacia ap\u00f3s som automotivo ligado no bairro Fluminense - Portal raizes noticias\",\"isPartOf\":{\"@id\":\"https:\/\/portalraizesnoticias.com.br\/#website\"},\"primaryImageOfPage\":{\"@id\":\"https:\/\/portalraizesnoticias.com.br\/?p=4883#primaryimage\"},\"image\":{\"@id\":\"https:\/\/portalraizesnoticias.com.br\/?p=4883#primaryimage\"},\"thumbnailUrl\":\"https:\/\/portalraizesnoticias.com.br\/wp-content\/uploads\/2025\/02\/IMG-20250216-WA0063.jpg\",\"datePublished\":\"2025-02-16T13:12:29+00:00\",\"dateModified\":\"2025-02-16T13:13:05+00:00\",\"breadcrumb\":{\"@id\":\"https:\/\/portalraizesnoticias.com.br\/?p=4883#breadcrumb\"},\"inLanguage\":\"pt-BR\",\"potentialAction\":[{\"@type\":\"ReadAction\",\"target\":[\"https:\/\/portalraizesnoticias.com.br\/?p=4883\"]}]},{\"@type\":\"ImageObject\",\"inLanguage\":\"pt-BR\",\"@id\":\"https:\/\/portalraizesnoticias.com.br\/?p=4883#primaryimage\",\"url\":\"https:\/\/portalraizesnoticias.com.br\/wp-content\/uploads\/2025\/02\/IMG-20250216-WA0063.jpg\",\"contentUrl\":\"https:\/\/portalraizesnoticias.com.br\/wp-content\/uploads\/2025\/02\/IMG-20250216-WA0063.jpg\",\"width\":899,\"height\":1599},{\"@type\":\"BreadcrumbList\",\"@id\":\"https:\/\/portalraizesnoticias.com.br\/?p=4883#breadcrumb\",\"itemListElement\":[{\"@type\":\"ListItem\",\"position\":1,\"name\":\"In\u00edcio\",\"item\":\"https:\/\/portalraizesnoticias.com.br\/\"},{\"@type\":\"ListItem\",\"position\":2,\"name\":\"Coit\u00e9: PM apreende ve\u00edculo e leva condutor \u00e0 delegacia ap\u00f3s som automotivo ligado no bairro Fluminense\"}]},{\"@type\":\"WebSite\",\"@id\":\"https:\/\/portalraizesnoticias.com.br\/#website\",\"url\":\"https:\/\/portalraizesnoticias.com.br\/\",\"name\":\"Portal raizes NOTICIAS\",\"description\":\"site de noticias de concei\u00e7\u00e3o do coit\u00e9 e regi\u00e3o\",\"publisher\":{\"@id\":\"https:\/\/portalraizesnoticias.com.br\/#organization\"},\"alternateName\":\"PORTAL RAIZES COIT\u00c9\",\"potentialAction\":[{\"@type\":\"SearchAction\",\"target\":{\"@type\":\"EntryPoint\",\"urlTemplate\":\"https:\/\/portalraizesnoticias.com.br\/?s={search_term_string}\"},\"query-input\":{\"@type\":\"PropertyValueSpecification\",\"valueRequired\":true,\"valueName\":\"search_term_string\"}}],\"inLanguage\":\"pt-BR\"},{\"@type\":\"Organization\",\"@id\":\"https:\/\/portalraizesnoticias.com.br\/#organization\",\"name\":\"Portal raizes NOTICIAS\",\"url\":\"https:\/\/portalraizesnoticias.com.br\/\",\"logo\":{\"@type\":\"ImageObject\",\"inLanguage\":\"pt-BR\",\"@id\":\"https:\/\/portalraizesnoticias.com.br\/#\/schema\/logo\/image\/\",\"url\":\"https:\/\/portalraizesnoticias.com.br\/wp-content\/uploads\/2024\/09\/cropped-Captura-de-tela-2024-09-08-011108.png\",\"contentUrl\":\"https:\/\/portalraizesnoticias.com.br\/wp-content\/uploads\/2024\/09\/cropped-Captura-de-tela-2024-09-08-011108.png\",\"width\":606,\"height\":173,\"caption\":\"Portal raizes NOTICIAS\"},\"image\":{\"@id\":\"https:\/\/portalraizesnoticias.com.br\/#\/schema\/logo\/image\/\"}},{\"@type\":\"Person\",\"@id\":\"https:\/\/portalraizesnoticias.com.br\/#\/schema\/person\/a3ca6b0fc701e78df19756c417d943ae\",\"name\":\"Portal Raizes\",\"image\":{\"@type\":\"ImageObject\",\"inLanguage\":\"pt-BR\",\"@id\":\"https:\/\/portalraizesnoticias.com.br\/#\/schema\/person\/image\/\",\"url\":\"https:\/\/secure.gravatar.com\/avatar\/ef450d29013a3d3fba867a12a249d7b1?s=96&d=mm&r=g\",\"contentUrl\":\"https:\/\/secure.gravatar.com\/avatar\/ef450d29013a3d3fba867a12a249d7b1?s=96&d=mm&r=g\",\"caption\":\"Portal Raizes\"},\"url\":\"https:\/\/portalraizesnoticias.com.br\/?author=3\"}]}<\/script>\n<!-- \/ Yoast SEO plugin. -->","yoast_head_json":{"title":"Coit\u00e9: PM apreende ve\u00edculo e leva condutor \u00e0 delegacia ap\u00f3s som automotivo ligado no bairro Fluminense - Portal raizes noticias","robots":{"index":"index","follow":"follow","max-snippet":"max-snippet:-1","max-image-preview":"max-image-preview:large","max-video-preview":"max-video-preview:-1"},"canonical":"https:\/\/portalraizesnoticias.com.br\/?p=4883","og_locale":"pt_BR","og_type":"article","og_title":"Coit\u00e9: PM apreende ve\u00edculo e leva condutor \u00e0 delegacia ap\u00f3s som automotivo ligado no bairro Fluminense - Portal raizes noticias","og_description":"O que seria um domingo de sil\u00eancio para os moradores do Bairro Fluminense virou uma &#8216;algazarra&#8217; com um som automotivo ligado \u00e0s 07h25 em Concei\u00e7\u00e3o do Coit\u00e9. De acordo com informa\u00e7\u00f5es obtidas pelo Portal Ra\u00edzes junto \u00e0 pol\u00edcia, pois havia um carro de cor preto estar com o som alto at\u00e9 a chegada dos policiais e, ao abordar o condutor, o mesmo estava com o documento do ve\u00edculo atrasado. Diante dos fatos apresentados, o ve\u00edculo foi removido para o p\u00e1tio da 4aCia. Perturba\u00e7\u00e3o do sossego \u00e9 um crime que consiste em causar inc\u00f4modo a outras pessoas com ru\u00eddos excessivos. A lei visa proteger o direito ao descanso e \u00e0 tranquilidade. San\u00e7\u00f5es A pena \u00e9 de pris\u00e3o simples, de quinze dias a tr\u00eas meses ou multa O valor da multa pode variar de acordo com a legisla\u00e7\u00e3o local. Reda\u00e7\u00e3o Portal Ra\u00edzes","og_url":"https:\/\/portalraizesnoticias.com.br\/?p=4883","og_site_name":"Portal raizes noticias","article_published_time":"2025-02-16T13:12:29+00:00","article_modified_time":"2025-02-16T13:13:05+00:00","og_image":[{"width":899,"height":1599,"url":"https:\/\/portalraizesnoticias.com.br\/wp-content\/uploads\/2025\/02\/IMG-20250216-WA0063.jpg","type":"image\/jpeg"}],"author":"Portal Raizes","twitter_card":"summary_large_image","twitter_misc":{"Escrito por":"Portal Raizes","Est. tempo de leitura":"2 minutos"},"schema":{"@context":"https:\/\/schema.org","@graph":[{"@type":"Article","@id":"https:\/\/portalraizesnoticias.com.br\/?p=4883#article","isPartOf":{"@id":"https:\/\/portalraizesnoticias.com.br\/?p=4883"},"author":{"name":"Portal Raizes","@id":"https:\/\/portalraizesnoticias.com.br\/#\/schema\/person\/a3ca6b0fc701e78df19756c417d943ae"},"headline":"Coit\u00e9: PM apreende ve\u00edculo e leva condutor \u00e0 delegacia ap\u00f3s som automotivo ligado no bairro Fluminense","datePublished":"2025-02-16T13:12:29+00:00","dateModified":"2025-02-16T13:13:05+00:00","mainEntityOfPage":{"@id":"https:\/\/portalraizesnoticias.com.br\/?p=4883"},"wordCount":170,"commentCount":0,"publisher":{"@id":"https:\/\/portalraizesnoticias.com.br\/#organization"},"image":{"@id":"https:\/\/portalraizesnoticias.com.br\/?p=4883#primaryimage"},"thumbnailUrl":"https:\/\/portalraizesnoticias.com.br\/wp-content\/uploads\/2025\/02\/IMG-20250216-WA0063.jpg","keywords":["Coit\u00e9","Crime","Perturba\u00e7\u00e3o de sossego","Pm","Som"],"articleSection":["DESTAQUES","POLICIA","ULTIMAS NOTICIAS"],"inLanguage":"pt-BR","potentialAction":[{"@type":"CommentAction","name":"Comment","target":["https:\/\/portalraizesnoticias.com.br\/?p=4883#respond"]}]},{"@type":"WebPage","@id":"https:\/\/portalraizesnoticias.com.br\/?p=4883","url":"https:\/\/portalraizesnoticias.com.br\/?p=4883","name":"Coit\u00e9: PM apreende ve\u00edculo e leva condutor \u00e0 delegacia ap\u00f3s som automotivo ligado no bairro Fluminense - Portal raizes noticias","isPartOf":{"@id":"https:\/\/portalraizesnoticias.com.br\/#website"},"primaryImageOfPage":{"@id":"https:\/\/portalraizesnoticias.com.br\/?p=4883#primaryimage"},"image":{"@id":"https:\/\/portalraizesnoticias.com.br\/?p=4883#primaryimage"},"thumbnailUrl":"https:\/\/portalraizesnoticias.com.br\/wp-content\/uploads\/2025\/02\/IMG-20250216-WA0063.jpg","datePublished":"2025-02-16T13:12:29+00:00","dateModified":"2025-02-16T13:13:05+00:00","breadcrumb":{"@id":"https:\/\/portalraizesnoticias.com.br\/?p=4883#breadcrumb"},"inLanguage":"pt-BR","potentialAction":[{"@type":"ReadAction","target":["https:\/\/portalraizesnoticias.com.br\/?p=4883"]}]},{"@type":"ImageObject","inLanguage":"pt-BR","@id":"https:\/\/portalraizesnoticias.com.br\/?p=4883#primaryimage","url":"https:\/\/portalraizesnoticias.com.br\/wp-content\/uploads\/2025\/02\/IMG-20250216-WA0063.jpg","contentUrl":"https:\/\/portalraizesnoticias.com.br\/wp-content\/uploads\/2025\/02\/IMG-20250216-WA0063.jpg","width":899,"height":1599},{"@type":"BreadcrumbList","@id":"https:\/\/portalraizesnoticias.com.br\/?p=4883#breadcrumb","itemListElement":[{"@type":"ListItem","position":1,"name":"In\u00edcio","item":"https:\/\/portalraizesnoticias.com.br\/"},{"@type":"ListItem","position":2,"name":"Coit\u00e9: PM apreende ve\u00edculo e leva condutor \u00e0 delegacia ap\u00f3s som automotivo ligado no bairro Fluminense"}]},{"@type":"WebSite","@id":"https:\/\/portalraizesnoticias.com.br\/#website","url":"https:\/\/portalraizesnoticias.com.br\/","name":"Portal raizes NOTICIAS","description":"site de noticias de concei\u00e7\u00e3o do coit\u00e9 e regi\u00e3o","publisher":{"@id":"https:\/\/portalraizesnoticias.com.br\/#organization"},"alternateName":"PORTAL RAIZES COIT\u00c9","potentialAction":[{"@type":"SearchAction","target":{"@type":"EntryPoint","urlTemplate":"https:\/\/portalraizesnoticias.com.br\/?s={search_term_string}"},"query-input":{"@type":"PropertyValueSpecification","valueRequired":true,"valueName":"search_term_string"}}],"inLanguage":"pt-BR"},{"@type":"Organization","@id":"https:\/\/portalraizesnoticias.com.br\/#organization","name":"Portal raizes NOTICIAS","url":"https:\/\/portalraizesnoticias.com.br\/","logo":{"@type":"ImageObject","inLanguage":"pt-BR","@id":"https:\/\/portalraizesnoticias.com.br\/#\/schema\/logo\/image\/","url":"https:\/\/portalraizesnoticias.com.br\/wp-content\/uploads\/2024\/09\/cropped-Captura-de-tela-2024-09-08-011108.png","contentUrl":"https:\/\/portalraizesnoticias.com.br\/wp-content\/uploads\/2024\/09\/cropped-Captura-de-tela-2024-09-08-011108.png","width":606,"height":173,"caption":"Portal raizes NOTICIAS"},"image":{"@id":"https:\/\/portalraizesnoticias.com.br\/#\/schema\/logo\/image\/"}},{"@type":"Person","@id":"https:\/\/portalraizesnoticias.com.br\/#\/schema\/person\/a3ca6b0fc701e78df19756c417d943ae","name":"Portal Raizes","image":{"@type":"ImageObject","inLanguage":"pt-BR","@id":"https:\/\/portalraizesnoticias.com.br\/#\/schema\/person\/image\/","url":"https:\/\/secure.gravatar.com\/avatar\/ef450d29013a3d3fba867a12a249d7b1?s=96&d=mm&r=g","contentUrl":"https:\/\/secure.gravatar.com\/avatar\/ef450d29013a3d3fba867a12a249d7b1?s=96&d=mm&r=g","caption":"Portal Raizes"},"url":"https:\/\/portalraizesnoticias.com.br\/?author=3"}]}},"_links":{"self":[{"href":"https:\/\/portalraizesnoticias.com.br\/index.php?rest_route=\/wp\/v2\/posts\/4883"}],"collection":[{"href":"https:\/\/portalraizesnoticias.com.br\/index.php?rest_route=\/wp\/v2\/posts"}],"about":[{"href":"https:\/\/portalraizesnoticias.com.br\/index.php?rest_route=\/wp\/v2\/types\/post"}],"author":[{"embeddable":true,"href":"https:\/\/portalraizesnoticias.com.br\/index.php?rest_route=\/wp\/v2\/users\/3"}],"replies":[{"embeddable":true,"href":"https:\/\/portalraizesnoticias.com.br\/index.php?rest_route=%2Fwp%2Fv2%2Fcomments&post=4883"}],"version-history":[{"count":2,"href":"https:\/\/portalraizesnoticias.com.br\/index.php?rest_route=\/wp\/v2\/posts\/4883\/revisions"}],"predecessor-version":[{"id":4888,"href":"https:\/\/portalraizesnoticias.com.br\/index.php?rest_route=\/wp\/v2\/posts\/4883\/revisions\/4888"}],"wp:featuredmedia":[{"embeddable":true,"href":"https:\/\/portalraizesnoticias.com.br\/index.php?rest_route=\/wp\/v2\/media\/4884"}],"wp:attachment":[{"href":"https:\/\/portalraizesnoticias.com.br\/index.php?rest_route=%2Fwp%2Fv2%2Fmedia&parent=4883"}],"wp:term":[{"taxonomy":"category","embeddable":true,"href":"https:\/\/portalraizesnoticias.com.br\/index.php?rest_route=%2Fwp%2Fv2%2Fcategories&post=4883"},{"taxonomy":"post_tag","embeddable":true,"href":"https:\/\/portalraizesnoticias.com.br\/index.php?rest_route=%2Fwp%2Fv2%2Ftags&post=4883"}],"curies":[{"name":"wp","href":"https:\/\/api.w.org\/{rel}","templated":true}]}}