{"id":4801,"date":"2025-02-13T06:43:54","date_gmt":"2025-02-13T09:43:54","guid":{"rendered":"https:\/\/portalraizesnoticias.com.br\/?p=4801"},"modified":"2025-02-13T06:43:55","modified_gmt":"2025-02-13T09:43:55","slug":"homem-fica-ferido-apos-acidente-de-moto-na-zona-rural-de-conceicao-do-coite","status":"publish","type":"post","link":"https:\/\/portalraizesnoticias.com.br\/?p=4801","title":{"rendered":"Homem fica ferido ap\u00f3s acidente de moto na zona rural de Concei\u00e7\u00e3o do Coit\u00e9"},"content":{"rendered":"<p>Um homem identificado como Ant\u00f4nio C\u00e9sar Goes Santos, de 44 anos, ficou ferido na noite desta quarta-feira (12) ap\u00f3s sofrer um acidente de moto na localidade de Fazenda Pedreira, zona rural de Concei\u00e7\u00e3o do Coit\u00e9, na regi\u00e3o sisaleira da Bahia.<\/p>\n<p><img fetchpriority=\"high\" decoding=\"async\" class=\"size-medium wp-image-4639 aligncenter\" src=\"https:\/\/portalraizesnoticias.com.br\/wp-content\/uploads\/2025\/02\/IMG-20250205-WA0440-300x300.jpg\" alt=\"\" width=\"300\" height=\"300\" srcset=\"https:\/\/portalraizesnoticias.com.br\/wp-content\/uploads\/2025\/02\/IMG-20250205-WA0440-300x300.jpg 300w, https:\/\/portalraizesnoticias.com.br\/wp-content\/uploads\/2025\/02\/IMG-20250205-WA0440-1024x1024.jpg 1024w, https:\/\/portalraizesnoticias.com.br\/wp-content\/uploads\/2025\/02\/IMG-20250205-WA0440-150x150.jpg 150w, https:\/\/portalraizesnoticias.com.br\/wp-content\/uploads\/2025\/02\/IMG-20250205-WA0440-768x768.jpg 768w, https:\/\/portalraizesnoticias.com.br\/wp-content\/uploads\/2025\/02\/IMG-20250205-WA0440.jpg 1080w\" sizes=\"(max-width: 300px) 100vw, 300px\" \/><\/p>\n<p style=\"text-align: center;\"><strong>PUBLICIDADE<\/strong><\/p>\n<p>Segundo informa\u00e7\u00f5es, Ant\u00f4nio C\u00e9sar perdeu o controle da motocicleta ao derrapar na areia, resultando na queda.<\/p>\n<p><img decoding=\"async\" class=\"size-medium wp-image-2320 aligncenter\" src=\"https:\/\/portalraizesnoticias.com.br\/wp-content\/uploads\/2024\/11\/1732216879983-d784d47a-39b1-443f-82e8-60565a1d94d1_1-e1732217067640-300x259.jpg\" alt=\"\" width=\"300\" height=\"259\" srcset=\"https:\/\/portalraizesnoticias.com.br\/wp-content\/uploads\/2024\/11\/1732216879983-d784d47a-39b1-443f-82e8-60565a1d94d1_1-e1732217067640-300x259.jpg 300w, https:\/\/portalraizesnoticias.com.br\/wp-content\/uploads\/2024\/11\/1732216879983-d784d47a-39b1-443f-82e8-60565a1d94d1_1-e1732217067640-768x664.jpg 768w, https:\/\/portalraizesnoticias.com.br\/wp-content\/uploads\/2024\/11\/1732216879983-d784d47a-39b1-443f-82e8-60565a1d94d1_1-e1732217067640.jpg 839w\" sizes=\"(max-width: 300px) 100vw, 300px\" \/><\/p>\n<p style=\"text-align: center;\"><strong>PUBLICIDADE<\/strong><\/p>\n<p>A equipe do \u00c1guia Resgate foi acionada por volta das 21h11 e, ao chegar ao local, encontrou a v\u00edtima consciente, orientada e sentada, com suspeita de fratura na clav\u00edcula.<\/p>\n<p><img decoding=\"async\" class=\"size-medium wp-image-1968 aligncenter\" src=\"https:\/\/portalraizesnoticias.com.br\/wp-content\/uploads\/2024\/11\/Imagem-do-WhatsApp-de-2024-11-01-as-13.17.23_592d9bdd-300x142.jpg\" alt=\"\" width=\"300\" height=\"142\" srcset=\"https:\/\/portalraizesnoticias.com.br\/wp-content\/uploads\/2024\/11\/Imagem-do-WhatsApp-de-2024-11-01-as-13.17.23_592d9bdd-300x142.jpg 300w, https:\/\/portalraizesnoticias.com.br\/wp-content\/uploads\/2024\/11\/Imagem-do-WhatsApp-de-2024-11-01-as-13.17.23_592d9bdd.jpg 722w\" sizes=\"(max-width: 300px) 100vw, 300px\" \/><\/p>\n<p style=\"text-align: center;\"><strong>PUBLICIDADE<\/strong><\/p>\n<p>Ap\u00f3s receber os primeiros socorros no local, o motociclista foi encaminhado para a Emerg\u00eancia do Hospital Portugu\u00eas em Concei\u00e7\u00e3o do Coit\u00e9 para avalia\u00e7\u00e3o m\u00e9dica e tratamento.<\/p>\n<p>Texto extra\u00eddo do site Not\u00edcias de Coit\u00e9 parceiro do Portal Ra\u00edzes<\/p>\n","protected":false},"excerpt":{"rendered":"<p>Um homem identificado como Ant\u00f4nio C\u00e9sar Goes Santos, de 44 anos, ficou ferido na noite desta quarta-feira (12) ap\u00f3s sofrer um acidente de moto na localidade de Fazenda Pedreira, zona rural de Concei\u00e7\u00e3o do Coit\u00e9, na regi\u00e3o sisaleira da Bahia. PUBLICIDADE Segundo informa\u00e7\u00f5es, Ant\u00f4nio C\u00e9sar perdeu o controle da motocicleta ao derrapar na areia, resultando na queda. PUBLICIDADE A equipe do \u00c1guia Resgate foi acionada por volta das 21h11 e, ao chegar ao local, encontrou a v\u00edtima consciente, orientada e sentada, com suspeita de fratura na clav\u00edcula. PUBLICIDADE Ap\u00f3s receber os primeiros socorros no local, o motociclista foi encaminhado para a Emerg\u00eancia do Hospital Portugu\u00eas em Concei\u00e7\u00e3o do Coit\u00e9 para avalia\u00e7\u00e3o m\u00e9dica e tratamento. Texto extra\u00eddo do site Not\u00edcias de Coit\u00e9 parceiro do Portal Ra\u00edzes<\/p>\n","protected":false},"author":3,"featured_media":4802,"comment_status":"open","ping_status":"open","sticky":false,"template":"","format":"standard","meta":{"_joinchat":[],"footnotes":""},"categories":[58,55,59],"tags":[139,80,142,140],"class_list":["post-4801","post","type-post","status-publish","format-standard","has-post-thumbnail","hentry","category-acidentes","category-destaques","category-ultimas-noticias","tag-acidente","tag-ferido","tag-homem","tag-moto"],"yoast_head":"<!-- This site is optimized with the Yoast SEO plugin v24.4 - https:\/\/yoast.com\/wordpress\/plugins\/seo\/ -->\n<title>Homem fica ferido ap\u00f3s acidente de moto na zona rural de Concei\u00e7\u00e3o do Coit\u00e9 - Portal raizes noticias<\/title>\n<meta name=\"robots\" content=\"index, follow, max-snippet:-1, max-image-preview:large, max-video-preview:-1\" \/>\n<link rel=\"canonical\" href=\"https:\/\/portalraizesnoticias.com.br\/?p=4801\" \/>\n<meta property=\"og:locale\" content=\"pt_BR\" \/>\n<meta property=\"og:type\" content=\"article\" \/>\n<meta property=\"og:title\" content=\"Homem fica ferido ap\u00f3s acidente de moto na zona rural de Concei\u00e7\u00e3o do Coit\u00e9 - Portal raizes noticias\" \/>\n<meta property=\"og:description\" content=\"Um homem identificado como Ant\u00f4nio C\u00e9sar Goes Santos, de 44 anos, ficou ferido na noite desta quarta-feira (12) ap\u00f3s sofrer um acidente de moto na localidade de Fazenda Pedreira, zona rural de Concei\u00e7\u00e3o do Coit\u00e9, na regi\u00e3o sisaleira da Bahia. PUBLICIDADE Segundo informa\u00e7\u00f5es, Ant\u00f4nio C\u00e9sar perdeu o controle da motocicleta ao derrapar na areia, resultando na queda. PUBLICIDADE A equipe do \u00c1guia Resgate foi acionada por volta das 21h11 e, ao chegar ao local, encontrou a v\u00edtima consciente, orientada e sentada, com suspeita de fratura na clav\u00edcula. PUBLICIDADE Ap\u00f3s receber os primeiros socorros no local, o motociclista foi encaminhado para a Emerg\u00eancia do Hospital Portugu\u00eas em Concei\u00e7\u00e3o do Coit\u00e9 para avalia\u00e7\u00e3o m\u00e9dica e tratamento. Texto extra\u00eddo do site Not\u00edcias de Coit\u00e9 parceiro do Portal Ra\u00edzes\" \/>\n<meta property=\"og:url\" content=\"https:\/\/portalraizesnoticias.com.br\/?p=4801\" \/>\n<meta property=\"og:site_name\" content=\"Portal raizes noticias\" \/>\n<meta property=\"article:published_time\" content=\"2025-02-13T09:43:54+00:00\" \/>\n<meta property=\"article:modified_time\" content=\"2025-02-13T09:43:55+00:00\" \/>\n<meta property=\"og:image\" content=\"https:\/\/portalraizesnoticias.com.br\/wp-content\/uploads\/2025\/02\/IMG-20250213-WA0008.jpg\" \/>\n\t<meta property=\"og:image:width\" content=\"1600\" \/>\n\t<meta property=\"og:image:height\" content=\"1200\" \/>\n\t<meta property=\"og:image:type\" content=\"image\/jpeg\" \/>\n<meta name=\"author\" content=\"Portal Raizes\" \/>\n<meta name=\"twitter:card\" content=\"summary_large_image\" \/>\n<meta name=\"twitter:label1\" content=\"Escrito por\" \/>\n\t<meta name=\"twitter:data1\" content=\"Portal Raizes\" \/>\n\t<meta name=\"twitter:label2\" content=\"Est. tempo de leitura\" \/>\n\t<meta name=\"twitter:data2\" content=\"2 minutos\" \/>\n<script type=\"application\/ld+json\" class=\"yoast-schema-graph\">{\"@context\":\"https:\/\/schema.org\",\"@graph\":[{\"@type\":\"Article\",\"@id\":\"https:\/\/portalraizesnoticias.com.br\/?p=4801#article\",\"isPartOf\":{\"@id\":\"https:\/\/portalraizesnoticias.com.br\/?p=4801\"},\"author\":{\"name\":\"Portal Raizes\",\"@id\":\"https:\/\/portalraizesnoticias.com.br\/#\/schema\/person\/a3ca6b0fc701e78df19756c417d943ae\"},\"headline\":\"Homem fica ferido ap\u00f3s acidente de moto na zona rural de Concei\u00e7\u00e3o do Coit\u00e9\",\"datePublished\":\"2025-02-13T09:43:54+00:00\",\"dateModified\":\"2025-02-13T09:43:55+00:00\",\"mainEntityOfPage\":{\"@id\":\"https:\/\/portalraizesnoticias.com.br\/?p=4801\"},\"wordCount\":158,\"commentCount\":0,\"publisher\":{\"@id\":\"https:\/\/portalraizesnoticias.com.br\/#organization\"},\"image\":{\"@id\":\"https:\/\/portalraizesnoticias.com.br\/?p=4801#primaryimage\"},\"thumbnailUrl\":\"https:\/\/portalraizesnoticias.com.br\/wp-content\/uploads\/2025\/02\/IMG-20250213-WA0008.jpg\",\"keywords\":[\"Acidente\",\"Ferido\",\"Homem\",\"Moto\"],\"articleSection\":[\"ACIDENTES\",\"DESTAQUES\",\"ULTIMAS NOTICIAS\"],\"inLanguage\":\"pt-BR\",\"potentialAction\":[{\"@type\":\"CommentAction\",\"name\":\"Comment\",\"target\":[\"https:\/\/portalraizesnoticias.com.br\/?p=4801#respond\"]}]},{\"@type\":\"WebPage\",\"@id\":\"https:\/\/portalraizesnoticias.com.br\/?p=4801\",\"url\":\"https:\/\/portalraizesnoticias.com.br\/?p=4801\",\"name\":\"Homem fica ferido ap\u00f3s acidente de moto na zona rural de Concei\u00e7\u00e3o do Coit\u00e9 - Portal raizes noticias\",\"isPartOf\":{\"@id\":\"https:\/\/portalraizesnoticias.com.br\/#website\"},\"primaryImageOfPage\":{\"@id\":\"https:\/\/portalraizesnoticias.com.br\/?p=4801#primaryimage\"},\"image\":{\"@id\":\"https:\/\/portalraizesnoticias.com.br\/?p=4801#primaryimage\"},\"thumbnailUrl\":\"https:\/\/portalraizesnoticias.com.br\/wp-content\/uploads\/2025\/02\/IMG-20250213-WA0008.jpg\",\"datePublished\":\"2025-02-13T09:43:54+00:00\",\"dateModified\":\"2025-02-13T09:43:55+00:00\",\"breadcrumb\":{\"@id\":\"https:\/\/portalraizesnoticias.com.br\/?p=4801#breadcrumb\"},\"inLanguage\":\"pt-BR\",\"potentialAction\":[{\"@type\":\"ReadAction\",\"target\":[\"https:\/\/portalraizesnoticias.com.br\/?p=4801\"]}]},{\"@type\":\"ImageObject\",\"inLanguage\":\"pt-BR\",\"@id\":\"https:\/\/portalraizesnoticias.com.br\/?p=4801#primaryimage\",\"url\":\"https:\/\/portalraizesnoticias.com.br\/wp-content\/uploads\/2025\/02\/IMG-20250213-WA0008.jpg\",\"contentUrl\":\"https:\/\/portalraizesnoticias.com.br\/wp-content\/uploads\/2025\/02\/IMG-20250213-WA0008.jpg\",\"width\":1600,\"height\":1200},{\"@type\":\"BreadcrumbList\",\"@id\":\"https:\/\/portalraizesnoticias.com.br\/?p=4801#breadcrumb\",\"itemListElement\":[{\"@type\":\"ListItem\",\"position\":1,\"name\":\"In\u00edcio\",\"item\":\"https:\/\/portalraizesnoticias.com.br\/\"},{\"@type\":\"ListItem\",\"position\":2,\"name\":\"Homem fica ferido ap\u00f3s acidente de moto na zona rural de Concei\u00e7\u00e3o do Coit\u00e9\"}]},{\"@type\":\"WebSite\",\"@id\":\"https:\/\/portalraizesnoticias.com.br\/#website\",\"url\":\"https:\/\/portalraizesnoticias.com.br\/\",\"name\":\"Portal raizes NOTICIAS\",\"description\":\"site de noticias de concei\u00e7\u00e3o do coit\u00e9 e regi\u00e3o\",\"publisher\":{\"@id\":\"https:\/\/portalraizesnoticias.com.br\/#organization\"},\"alternateName\":\"PORTAL RAIZES COIT\u00c9\",\"potentialAction\":[{\"@type\":\"SearchAction\",\"target\":{\"@type\":\"EntryPoint\",\"urlTemplate\":\"https:\/\/portalraizesnoticias.com.br\/?s={search_term_string}\"},\"query-input\":{\"@type\":\"PropertyValueSpecification\",\"valueRequired\":true,\"valueName\":\"search_term_string\"}}],\"inLanguage\":\"pt-BR\"},{\"@type\":\"Organization\",\"@id\":\"https:\/\/portalraizesnoticias.com.br\/#organization\",\"name\":\"Portal raizes NOTICIAS\",\"url\":\"https:\/\/portalraizesnoticias.com.br\/\",\"logo\":{\"@type\":\"ImageObject\",\"inLanguage\":\"pt-BR\",\"@id\":\"https:\/\/portalraizesnoticias.com.br\/#\/schema\/logo\/image\/\",\"url\":\"https:\/\/portalraizesnoticias.com.br\/wp-content\/uploads\/2024\/09\/cropped-Captura-de-tela-2024-09-08-011108.png\",\"contentUrl\":\"https:\/\/portalraizesnoticias.com.br\/wp-content\/uploads\/2024\/09\/cropped-Captura-de-tela-2024-09-08-011108.png\",\"width\":606,\"height\":173,\"caption\":\"Portal raizes NOTICIAS\"},\"image\":{\"@id\":\"https:\/\/portalraizesnoticias.com.br\/#\/schema\/logo\/image\/\"}},{\"@type\":\"Person\",\"@id\":\"https:\/\/portalraizesnoticias.com.br\/#\/schema\/person\/a3ca6b0fc701e78df19756c417d943ae\",\"name\":\"Portal Raizes\",\"image\":{\"@type\":\"ImageObject\",\"inLanguage\":\"pt-BR\",\"@id\":\"https:\/\/portalraizesnoticias.com.br\/#\/schema\/person\/image\/\",\"url\":\"https:\/\/secure.gravatar.com\/avatar\/ef450d29013a3d3fba867a12a249d7b1?s=96&d=mm&r=g\",\"contentUrl\":\"https:\/\/secure.gravatar.com\/avatar\/ef450d29013a3d3fba867a12a249d7b1?s=96&d=mm&r=g\",\"caption\":\"Portal Raizes\"},\"url\":\"https:\/\/portalraizesnoticias.com.br\/?author=3\"}]}<\/script>\n<!-- \/ Yoast SEO plugin. -->","yoast_head_json":{"title":"Homem fica ferido ap\u00f3s acidente de moto na zona rural de Concei\u00e7\u00e3o do Coit\u00e9 - Portal raizes noticias","robots":{"index":"index","follow":"follow","max-snippet":"max-snippet:-1","max-image-preview":"max-image-preview:large","max-video-preview":"max-video-preview:-1"},"canonical":"https:\/\/portalraizesnoticias.com.br\/?p=4801","og_locale":"pt_BR","og_type":"article","og_title":"Homem fica ferido ap\u00f3s acidente de moto na zona rural de Concei\u00e7\u00e3o do Coit\u00e9 - Portal raizes noticias","og_description":"Um homem identificado como Ant\u00f4nio C\u00e9sar Goes Santos, de 44 anos, ficou ferido na noite desta quarta-feira (12) ap\u00f3s sofrer um acidente de moto na localidade de Fazenda Pedreira, zona rural de Concei\u00e7\u00e3o do Coit\u00e9, na regi\u00e3o sisaleira da Bahia. PUBLICIDADE Segundo informa\u00e7\u00f5es, Ant\u00f4nio C\u00e9sar perdeu o controle da motocicleta ao derrapar na areia, resultando na queda. PUBLICIDADE A equipe do \u00c1guia Resgate foi acionada por volta das 21h11 e, ao chegar ao local, encontrou a v\u00edtima consciente, orientada e sentada, com suspeita de fratura na clav\u00edcula. PUBLICIDADE Ap\u00f3s receber os primeiros socorros no local, o motociclista foi encaminhado para a Emerg\u00eancia do Hospital Portugu\u00eas em Concei\u00e7\u00e3o do Coit\u00e9 para avalia\u00e7\u00e3o m\u00e9dica e tratamento. Texto extra\u00eddo do site Not\u00edcias de Coit\u00e9 parceiro do Portal Ra\u00edzes","og_url":"https:\/\/portalraizesnoticias.com.br\/?p=4801","og_site_name":"Portal raizes noticias","article_published_time":"2025-02-13T09:43:54+00:00","article_modified_time":"2025-02-13T09:43:55+00:00","og_image":[{"width":1600,"height":1200,"url":"https:\/\/portalraizesnoticias.com.br\/wp-content\/uploads\/2025\/02\/IMG-20250213-WA0008.jpg","type":"image\/jpeg"}],"author":"Portal Raizes","twitter_card":"summary_large_image","twitter_misc":{"Escrito por":"Portal Raizes","Est. tempo de leitura":"2 minutos"},"schema":{"@context":"https:\/\/schema.org","@graph":[{"@type":"Article","@id":"https:\/\/portalraizesnoticias.com.br\/?p=4801#article","isPartOf":{"@id":"https:\/\/portalraizesnoticias.com.br\/?p=4801"},"author":{"name":"Portal Raizes","@id":"https:\/\/portalraizesnoticias.com.br\/#\/schema\/person\/a3ca6b0fc701e78df19756c417d943ae"},"headline":"Homem fica ferido ap\u00f3s acidente de moto na zona rural de Concei\u00e7\u00e3o do Coit\u00e9","datePublished":"2025-02-13T09:43:54+00:00","dateModified":"2025-02-13T09:43:55+00:00","mainEntityOfPage":{"@id":"https:\/\/portalraizesnoticias.com.br\/?p=4801"},"wordCount":158,"commentCount":0,"publisher":{"@id":"https:\/\/portalraizesnoticias.com.br\/#organization"},"image":{"@id":"https:\/\/portalraizesnoticias.com.br\/?p=4801#primaryimage"},"thumbnailUrl":"https:\/\/portalraizesnoticias.com.br\/wp-content\/uploads\/2025\/02\/IMG-20250213-WA0008.jpg","keywords":["Acidente","Ferido","Homem","Moto"],"articleSection":["ACIDENTES","DESTAQUES","ULTIMAS NOTICIAS"],"inLanguage":"pt-BR","potentialAction":[{"@type":"CommentAction","name":"Comment","target":["https:\/\/portalraizesnoticias.com.br\/?p=4801#respond"]}]},{"@type":"WebPage","@id":"https:\/\/portalraizesnoticias.com.br\/?p=4801","url":"https:\/\/portalraizesnoticias.com.br\/?p=4801","name":"Homem fica ferido ap\u00f3s acidente de moto na zona rural de Concei\u00e7\u00e3o do Coit\u00e9 - Portal raizes noticias","isPartOf":{"@id":"https:\/\/portalraizesnoticias.com.br\/#website"},"primaryImageOfPage":{"@id":"https:\/\/portalraizesnoticias.com.br\/?p=4801#primaryimage"},"image":{"@id":"https:\/\/portalraizesnoticias.com.br\/?p=4801#primaryimage"},"thumbnailUrl":"https:\/\/portalraizesnoticias.com.br\/wp-content\/uploads\/2025\/02\/IMG-20250213-WA0008.jpg","datePublished":"2025-02-13T09:43:54+00:00","dateModified":"2025-02-13T09:43:55+00:00","breadcrumb":{"@id":"https:\/\/portalraizesnoticias.com.br\/?p=4801#breadcrumb"},"inLanguage":"pt-BR","potentialAction":[{"@type":"ReadAction","target":["https:\/\/portalraizesnoticias.com.br\/?p=4801"]}]},{"@type":"ImageObject","inLanguage":"pt-BR","@id":"https:\/\/portalraizesnoticias.com.br\/?p=4801#primaryimage","url":"https:\/\/portalraizesnoticias.com.br\/wp-content\/uploads\/2025\/02\/IMG-20250213-WA0008.jpg","contentUrl":"https:\/\/portalraizesnoticias.com.br\/wp-content\/uploads\/2025\/02\/IMG-20250213-WA0008.jpg","width":1600,"height":1200},{"@type":"BreadcrumbList","@id":"https:\/\/portalraizesnoticias.com.br\/?p=4801#breadcrumb","itemListElement":[{"@type":"ListItem","position":1,"name":"In\u00edcio","item":"https:\/\/portalraizesnoticias.com.br\/"},{"@type":"ListItem","position":2,"name":"Homem fica ferido ap\u00f3s acidente de moto na zona rural de Concei\u00e7\u00e3o do Coit\u00e9"}]},{"@type":"WebSite","@id":"https:\/\/portalraizesnoticias.com.br\/#website","url":"https:\/\/portalraizesnoticias.com.br\/","name":"Portal raizes NOTICIAS","description":"site de noticias de concei\u00e7\u00e3o do coit\u00e9 e regi\u00e3o","publisher":{"@id":"https:\/\/portalraizesnoticias.com.br\/#organization"},"alternateName":"PORTAL RAIZES COIT\u00c9","potentialAction":[{"@type":"SearchAction","target":{"@type":"EntryPoint","urlTemplate":"https:\/\/portalraizesnoticias.com.br\/?s={search_term_string}"},"query-input":{"@type":"PropertyValueSpecification","valueRequired":true,"valueName":"search_term_string"}}],"inLanguage":"pt-BR"},{"@type":"Organization","@id":"https:\/\/portalraizesnoticias.com.br\/#organization","name":"Portal raizes NOTICIAS","url":"https:\/\/portalraizesnoticias.com.br\/","logo":{"@type":"ImageObject","inLanguage":"pt-BR","@id":"https:\/\/portalraizesnoticias.com.br\/#\/schema\/logo\/image\/","url":"https:\/\/portalraizesnoticias.com.br\/wp-content\/uploads\/2024\/09\/cropped-Captura-de-tela-2024-09-08-011108.png","contentUrl":"https:\/\/portalraizesnoticias.com.br\/wp-content\/uploads\/2024\/09\/cropped-Captura-de-tela-2024-09-08-011108.png","width":606,"height":173,"caption":"Portal raizes NOTICIAS"},"image":{"@id":"https:\/\/portalraizesnoticias.com.br\/#\/schema\/logo\/image\/"}},{"@type":"Person","@id":"https:\/\/portalraizesnoticias.com.br\/#\/schema\/person\/a3ca6b0fc701e78df19756c417d943ae","name":"Portal Raizes","image":{"@type":"ImageObject","inLanguage":"pt-BR","@id":"https:\/\/portalraizesnoticias.com.br\/#\/schema\/person\/image\/","url":"https:\/\/secure.gravatar.com\/avatar\/ef450d29013a3d3fba867a12a249d7b1?s=96&d=mm&r=g","contentUrl":"https:\/\/secure.gravatar.com\/avatar\/ef450d29013a3d3fba867a12a249d7b1?s=96&d=mm&r=g","caption":"Portal Raizes"},"url":"https:\/\/portalraizesnoticias.com.br\/?author=3"}]}},"_links":{"self":[{"href":"https:\/\/portalraizesnoticias.com.br\/index.php?rest_route=\/wp\/v2\/posts\/4801"}],"collection":[{"href":"https:\/\/portalraizesnoticias.com.br\/index.php?rest_route=\/wp\/v2\/posts"}],"about":[{"href":"https:\/\/portalraizesnoticias.com.br\/index.php?rest_route=\/wp\/v2\/types\/post"}],"author":[{"embeddable":true,"href":"https:\/\/portalraizesnoticias.com.br\/index.php?rest_route=\/wp\/v2\/users\/3"}],"replies":[{"embeddable":true,"href":"https:\/\/portalraizesnoticias.com.br\/index.php?rest_route=%2Fwp%2Fv2%2Fcomments&post=4801"}],"version-history":[{"count":1,"href":"https:\/\/portalraizesnoticias.com.br\/index.php?rest_route=\/wp\/v2\/posts\/4801\/revisions"}],"predecessor-version":[{"id":4803,"href":"https:\/\/portalraizesnoticias.com.br\/index.php?rest_route=\/wp\/v2\/posts\/4801\/revisions\/4803"}],"wp:featuredmedia":[{"embeddable":true,"href":"https:\/\/portalraizesnoticias.com.br\/index.php?rest_route=\/wp\/v2\/media\/4802"}],"wp:attachment":[{"href":"https:\/\/portalraizesnoticias.com.br\/index.php?rest_route=%2Fwp%2Fv2%2Fmedia&parent=4801"}],"wp:term":[{"taxonomy":"category","embeddable":true,"href":"https:\/\/portalraizesnoticias.com.br\/index.php?rest_route=%2Fwp%2Fv2%2Fcategories&post=4801"},{"taxonomy":"post_tag","embeddable":true,"href":"https:\/\/portalraizesnoticias.com.br\/index.php?rest_route=%2Fwp%2Fv2%2Ftags&post=4801"}],"curies":[{"name":"wp","href":"https:\/\/api.w.org\/{rel}","templated":true}]}}