{"id":4773,"date":"2025-02-11T13:02:42","date_gmt":"2025-02-11T16:02:42","guid":{"rendered":"https:\/\/portalraizesnoticias.com.br\/?p=4773"},"modified":"2025-02-11T19:36:58","modified_gmt":"2025-02-11T22:36:58","slug":"colisao-entre-carro-e-moto-deixa-homem-ferido-em-conceicao-do-coite-2","status":"publish","type":"post","link":"https:\/\/portalraizesnoticias.com.br\/?p=4773","title":{"rendered":"Colis\u00e3o entre carro e moto deixa homem ferido em Concei\u00e7\u00e3o do Coit\u00e9"},"content":{"rendered":"<p>Por volta das 11h50 desta ter\u00e7a-feira (11), um homem ficou ferido ap\u00f3s uma colis\u00e3o entre moto e um carro na regi\u00e3o da Fazenda Pinda, em Concei\u00e7\u00e3o do Coit\u00e9.<\/p>\n<p>Segundo informa\u00e7\u00f5es apuradas pelo Portal Ra\u00edzes junto ao coordenador da equipe \u00c1guia Resgate Gildo Carneiro, a v\u00edtima da moto \u00e9 Acilon dos Reis, 41 anos.<\/p>\n<p>\u201cO homem foi encontrado consciente, orientado, com escoria\u00e7\u00f5es pelo corpo e queixando-se de dores na regi\u00e3o da clav\u00edcula\u201d, informou Gildo Carneiro.<\/p>\n<p>O motorista que estava com um ve\u00edculo do munic\u00edpio permaneceu no local durante toda a ocorr\u00eancia, prestando assist\u00eancia ao acidentado.<\/p>\n<p>Reda\u00e7\u00e3o Portal Ra\u00edzes<br \/>\n,<\/p>\n","protected":false},"excerpt":{"rendered":"<p>Por volta das 11h50 desta ter\u00e7a-feira (11), um homem ficou ferido ap\u00f3s uma colis\u00e3o entre moto e um carro na regi\u00e3o da Fazenda Pinda, em Concei\u00e7\u00e3o do Coit\u00e9. Segundo informa\u00e7\u00f5es apuradas pelo Portal Ra\u00edzes junto ao coordenador da equipe \u00c1guia Resgate Gildo Carneiro, a v\u00edtima da moto \u00e9 Acilon dos Reis, 41 anos. \u201cO homem foi encontrado consciente, orientado, com escoria\u00e7\u00f5es pelo corpo e queixando-se de dores na regi\u00e3o da clav\u00edcula\u201d, informou Gildo Carneiro. O motorista que estava com um ve\u00edculo do munic\u00edpio permaneceu no local durante toda a ocorr\u00eancia, prestando assist\u00eancia ao acidentado. Reda\u00e7\u00e3o Portal Ra\u00edzes ,<\/p>\n","protected":false},"author":3,"featured_media":4774,"comment_status":"open","ping_status":"open","sticky":false,"template":"","format":"standard","meta":{"_joinchat":[],"footnotes":""},"categories":[58,55,59],"tags":[335,75,112,140],"class_list":["post-4773","post","type-post","status-publish","format-standard","has-post-thumbnail","hentry","category-acidentes","category-destaques","category-ultimas-noticias","tag-carro","tag-coite","tag-colisao","tag-moto"],"yoast_head":"<!-- This site is optimized with the Yoast SEO plugin v24.4 - https:\/\/yoast.com\/wordpress\/plugins\/seo\/ -->\n<title>Colis\u00e3o entre carro e moto deixa homem ferido em Concei\u00e7\u00e3o do Coit\u00e9 - Portal raizes noticias<\/title>\n<meta name=\"robots\" content=\"index, follow, max-snippet:-1, max-image-preview:large, max-video-preview:-1\" \/>\n<link rel=\"canonical\" href=\"https:\/\/portalraizesnoticias.com.br\/?p=4773\" \/>\n<meta property=\"og:locale\" content=\"pt_BR\" \/>\n<meta property=\"og:type\" content=\"article\" \/>\n<meta property=\"og:title\" content=\"Colis\u00e3o entre carro e moto deixa homem ferido em Concei\u00e7\u00e3o do Coit\u00e9 - Portal raizes noticias\" \/>\n<meta property=\"og:description\" content=\"Por volta das 11h50 desta ter\u00e7a-feira (11), um homem ficou ferido ap\u00f3s uma colis\u00e3o entre moto e um carro na regi\u00e3o da Fazenda Pinda, em Concei\u00e7\u00e3o do Coit\u00e9. Segundo informa\u00e7\u00f5es apuradas pelo Portal Ra\u00edzes junto ao coordenador da equipe \u00c1guia Resgate Gildo Carneiro, a v\u00edtima da moto \u00e9 Acilon dos Reis, 41 anos. \u201cO homem foi encontrado consciente, orientado, com escoria\u00e7\u00f5es pelo corpo e queixando-se de dores na regi\u00e3o da clav\u00edcula\u201d, informou Gildo Carneiro. O motorista que estava com um ve\u00edculo do munic\u00edpio permaneceu no local durante toda a ocorr\u00eancia, prestando assist\u00eancia ao acidentado. Reda\u00e7\u00e3o Portal Ra\u00edzes ,\" \/>\n<meta property=\"og:url\" content=\"https:\/\/portalraizesnoticias.com.br\/?p=4773\" \/>\n<meta property=\"og:site_name\" content=\"Portal raizes noticias\" \/>\n<meta property=\"article:published_time\" content=\"2025-02-11T16:02:42+00:00\" \/>\n<meta property=\"article:modified_time\" content=\"2025-02-11T22:36:58+00:00\" \/>\n<meta property=\"og:image\" content=\"https:\/\/portalraizesnoticias.com.br\/wp-content\/uploads\/2025\/02\/IMG-20250211-WA0266.jpg\" \/>\n\t<meta property=\"og:image:width\" content=\"1600\" \/>\n\t<meta property=\"og:image:height\" content=\"1200\" \/>\n\t<meta property=\"og:image:type\" content=\"image\/jpeg\" \/>\n<meta name=\"author\" content=\"Portal Raizes\" \/>\n<meta name=\"twitter:card\" content=\"summary_large_image\" \/>\n<meta name=\"twitter:label1\" content=\"Escrito por\" \/>\n\t<meta name=\"twitter:data1\" content=\"Portal Raizes\" \/>\n\t<meta name=\"twitter:label2\" content=\"Est. tempo de leitura\" \/>\n\t<meta name=\"twitter:data2\" content=\"1 minuto\" \/>\n<script type=\"application\/ld+json\" class=\"yoast-schema-graph\">{\"@context\":\"https:\/\/schema.org\",\"@graph\":[{\"@type\":\"Article\",\"@id\":\"https:\/\/portalraizesnoticias.com.br\/?p=4773#article\",\"isPartOf\":{\"@id\":\"https:\/\/portalraizesnoticias.com.br\/?p=4773\"},\"author\":{\"name\":\"Portal Raizes\",\"@id\":\"https:\/\/portalraizesnoticias.com.br\/#\/schema\/person\/a3ca6b0fc701e78df19756c417d943ae\"},\"headline\":\"Colis\u00e3o entre carro e moto deixa homem ferido em Concei\u00e7\u00e3o do Coit\u00e9\",\"datePublished\":\"2025-02-11T16:02:42+00:00\",\"dateModified\":\"2025-02-11T22:36:58+00:00\",\"mainEntityOfPage\":{\"@id\":\"https:\/\/portalraizesnoticias.com.br\/?p=4773\"},\"wordCount\":125,\"commentCount\":0,\"publisher\":{\"@id\":\"https:\/\/portalraizesnoticias.com.br\/#organization\"},\"image\":{\"@id\":\"https:\/\/portalraizesnoticias.com.br\/?p=4773#primaryimage\"},\"thumbnailUrl\":\"https:\/\/portalraizesnoticias.com.br\/wp-content\/uploads\/2025\/02\/IMG-20250211-WA0266.jpg\",\"keywords\":[\"Carro\",\"Coit\u00e9\",\"Colis\u00e3o\",\"Moto\"],\"articleSection\":[\"ACIDENTES\",\"DESTAQUES\",\"ULTIMAS NOTICIAS\"],\"inLanguage\":\"pt-BR\",\"potentialAction\":[{\"@type\":\"CommentAction\",\"name\":\"Comment\",\"target\":[\"https:\/\/portalraizesnoticias.com.br\/?p=4773#respond\"]}]},{\"@type\":\"WebPage\",\"@id\":\"https:\/\/portalraizesnoticias.com.br\/?p=4773\",\"url\":\"https:\/\/portalraizesnoticias.com.br\/?p=4773\",\"name\":\"Colis\u00e3o entre carro e moto deixa homem ferido em Concei\u00e7\u00e3o do Coit\u00e9 - Portal raizes noticias\",\"isPartOf\":{\"@id\":\"https:\/\/portalraizesnoticias.com.br\/#website\"},\"primaryImageOfPage\":{\"@id\":\"https:\/\/portalraizesnoticias.com.br\/?p=4773#primaryimage\"},\"image\":{\"@id\":\"https:\/\/portalraizesnoticias.com.br\/?p=4773#primaryimage\"},\"thumbnailUrl\":\"https:\/\/portalraizesnoticias.com.br\/wp-content\/uploads\/2025\/02\/IMG-20250211-WA0266.jpg\",\"datePublished\":\"2025-02-11T16:02:42+00:00\",\"dateModified\":\"2025-02-11T22:36:58+00:00\",\"breadcrumb\":{\"@id\":\"https:\/\/portalraizesnoticias.com.br\/?p=4773#breadcrumb\"},\"inLanguage\":\"pt-BR\",\"potentialAction\":[{\"@type\":\"ReadAction\",\"target\":[\"https:\/\/portalraizesnoticias.com.br\/?p=4773\"]}]},{\"@type\":\"ImageObject\",\"inLanguage\":\"pt-BR\",\"@id\":\"https:\/\/portalraizesnoticias.com.br\/?p=4773#primaryimage\",\"url\":\"https:\/\/portalraizesnoticias.com.br\/wp-content\/uploads\/2025\/02\/IMG-20250211-WA0266.jpg\",\"contentUrl\":\"https:\/\/portalraizesnoticias.com.br\/wp-content\/uploads\/2025\/02\/IMG-20250211-WA0266.jpg\",\"width\":1600,\"height\":1200},{\"@type\":\"BreadcrumbList\",\"@id\":\"https:\/\/portalraizesnoticias.com.br\/?p=4773#breadcrumb\",\"itemListElement\":[{\"@type\":\"ListItem\",\"position\":1,\"name\":\"In\u00edcio\",\"item\":\"https:\/\/portalraizesnoticias.com.br\/\"},{\"@type\":\"ListItem\",\"position\":2,\"name\":\"Colis\u00e3o entre carro e moto deixa homem ferido em Concei\u00e7\u00e3o do Coit\u00e9\"}]},{\"@type\":\"WebSite\",\"@id\":\"https:\/\/portalraizesnoticias.com.br\/#website\",\"url\":\"https:\/\/portalraizesnoticias.com.br\/\",\"name\":\"Portal raizes NOTICIAS\",\"description\":\"site de noticias de concei\u00e7\u00e3o do coit\u00e9 e regi\u00e3o\",\"publisher\":{\"@id\":\"https:\/\/portalraizesnoticias.com.br\/#organization\"},\"alternateName\":\"PORTAL RAIZES COIT\u00c9\",\"potentialAction\":[{\"@type\":\"SearchAction\",\"target\":{\"@type\":\"EntryPoint\",\"urlTemplate\":\"https:\/\/portalraizesnoticias.com.br\/?s={search_term_string}\"},\"query-input\":{\"@type\":\"PropertyValueSpecification\",\"valueRequired\":true,\"valueName\":\"search_term_string\"}}],\"inLanguage\":\"pt-BR\"},{\"@type\":\"Organization\",\"@id\":\"https:\/\/portalraizesnoticias.com.br\/#organization\",\"name\":\"Portal raizes NOTICIAS\",\"url\":\"https:\/\/portalraizesnoticias.com.br\/\",\"logo\":{\"@type\":\"ImageObject\",\"inLanguage\":\"pt-BR\",\"@id\":\"https:\/\/portalraizesnoticias.com.br\/#\/schema\/logo\/image\/\",\"url\":\"https:\/\/portalraizesnoticias.com.br\/wp-content\/uploads\/2024\/09\/cropped-Captura-de-tela-2024-09-08-011108.png\",\"contentUrl\":\"https:\/\/portalraizesnoticias.com.br\/wp-content\/uploads\/2024\/09\/cropped-Captura-de-tela-2024-09-08-011108.png\",\"width\":606,\"height\":173,\"caption\":\"Portal raizes NOTICIAS\"},\"image\":{\"@id\":\"https:\/\/portalraizesnoticias.com.br\/#\/schema\/logo\/image\/\"}},{\"@type\":\"Person\",\"@id\":\"https:\/\/portalraizesnoticias.com.br\/#\/schema\/person\/a3ca6b0fc701e78df19756c417d943ae\",\"name\":\"Portal Raizes\",\"image\":{\"@type\":\"ImageObject\",\"inLanguage\":\"pt-BR\",\"@id\":\"https:\/\/portalraizesnoticias.com.br\/#\/schema\/person\/image\/\",\"url\":\"https:\/\/secure.gravatar.com\/avatar\/ef450d29013a3d3fba867a12a249d7b1?s=96&d=mm&r=g\",\"contentUrl\":\"https:\/\/secure.gravatar.com\/avatar\/ef450d29013a3d3fba867a12a249d7b1?s=96&d=mm&r=g\",\"caption\":\"Portal Raizes\"},\"url\":\"https:\/\/portalraizesnoticias.com.br\/?author=3\"}]}<\/script>\n<!-- \/ Yoast SEO plugin. -->","yoast_head_json":{"title":"Colis\u00e3o entre carro e moto deixa homem ferido em Concei\u00e7\u00e3o do Coit\u00e9 - Portal raizes noticias","robots":{"index":"index","follow":"follow","max-snippet":"max-snippet:-1","max-image-preview":"max-image-preview:large","max-video-preview":"max-video-preview:-1"},"canonical":"https:\/\/portalraizesnoticias.com.br\/?p=4773","og_locale":"pt_BR","og_type":"article","og_title":"Colis\u00e3o entre carro e moto deixa homem ferido em Concei\u00e7\u00e3o do Coit\u00e9 - Portal raizes noticias","og_description":"Por volta das 11h50 desta ter\u00e7a-feira (11), um homem ficou ferido ap\u00f3s uma colis\u00e3o entre moto e um carro na regi\u00e3o da Fazenda Pinda, em Concei\u00e7\u00e3o do Coit\u00e9. Segundo informa\u00e7\u00f5es apuradas pelo Portal Ra\u00edzes junto ao coordenador da equipe \u00c1guia Resgate Gildo Carneiro, a v\u00edtima da moto \u00e9 Acilon dos Reis, 41 anos. \u201cO homem foi encontrado consciente, orientado, com escoria\u00e7\u00f5es pelo corpo e queixando-se de dores na regi\u00e3o da clav\u00edcula\u201d, informou Gildo Carneiro. O motorista que estava com um ve\u00edculo do munic\u00edpio permaneceu no local durante toda a ocorr\u00eancia, prestando assist\u00eancia ao acidentado. Reda\u00e7\u00e3o Portal Ra\u00edzes ,","og_url":"https:\/\/portalraizesnoticias.com.br\/?p=4773","og_site_name":"Portal raizes noticias","article_published_time":"2025-02-11T16:02:42+00:00","article_modified_time":"2025-02-11T22:36:58+00:00","og_image":[{"width":1600,"height":1200,"url":"https:\/\/portalraizesnoticias.com.br\/wp-content\/uploads\/2025\/02\/IMG-20250211-WA0266.jpg","type":"image\/jpeg"}],"author":"Portal Raizes","twitter_card":"summary_large_image","twitter_misc":{"Escrito por":"Portal Raizes","Est. tempo de leitura":"1 minuto"},"schema":{"@context":"https:\/\/schema.org","@graph":[{"@type":"Article","@id":"https:\/\/portalraizesnoticias.com.br\/?p=4773#article","isPartOf":{"@id":"https:\/\/portalraizesnoticias.com.br\/?p=4773"},"author":{"name":"Portal Raizes","@id":"https:\/\/portalraizesnoticias.com.br\/#\/schema\/person\/a3ca6b0fc701e78df19756c417d943ae"},"headline":"Colis\u00e3o entre carro e moto deixa homem ferido em Concei\u00e7\u00e3o do Coit\u00e9","datePublished":"2025-02-11T16:02:42+00:00","dateModified":"2025-02-11T22:36:58+00:00","mainEntityOfPage":{"@id":"https:\/\/portalraizesnoticias.com.br\/?p=4773"},"wordCount":125,"commentCount":0,"publisher":{"@id":"https:\/\/portalraizesnoticias.com.br\/#organization"},"image":{"@id":"https:\/\/portalraizesnoticias.com.br\/?p=4773#primaryimage"},"thumbnailUrl":"https:\/\/portalraizesnoticias.com.br\/wp-content\/uploads\/2025\/02\/IMG-20250211-WA0266.jpg","keywords":["Carro","Coit\u00e9","Colis\u00e3o","Moto"],"articleSection":["ACIDENTES","DESTAQUES","ULTIMAS NOTICIAS"],"inLanguage":"pt-BR","potentialAction":[{"@type":"CommentAction","name":"Comment","target":["https:\/\/portalraizesnoticias.com.br\/?p=4773#respond"]}]},{"@type":"WebPage","@id":"https:\/\/portalraizesnoticias.com.br\/?p=4773","url":"https:\/\/portalraizesnoticias.com.br\/?p=4773","name":"Colis\u00e3o entre carro e moto deixa homem ferido em Concei\u00e7\u00e3o do Coit\u00e9 - Portal raizes noticias","isPartOf":{"@id":"https:\/\/portalraizesnoticias.com.br\/#website"},"primaryImageOfPage":{"@id":"https:\/\/portalraizesnoticias.com.br\/?p=4773#primaryimage"},"image":{"@id":"https:\/\/portalraizesnoticias.com.br\/?p=4773#primaryimage"},"thumbnailUrl":"https:\/\/portalraizesnoticias.com.br\/wp-content\/uploads\/2025\/02\/IMG-20250211-WA0266.jpg","datePublished":"2025-02-11T16:02:42+00:00","dateModified":"2025-02-11T22:36:58+00:00","breadcrumb":{"@id":"https:\/\/portalraizesnoticias.com.br\/?p=4773#breadcrumb"},"inLanguage":"pt-BR","potentialAction":[{"@type":"ReadAction","target":["https:\/\/portalraizesnoticias.com.br\/?p=4773"]}]},{"@type":"ImageObject","inLanguage":"pt-BR","@id":"https:\/\/portalraizesnoticias.com.br\/?p=4773#primaryimage","url":"https:\/\/portalraizesnoticias.com.br\/wp-content\/uploads\/2025\/02\/IMG-20250211-WA0266.jpg","contentUrl":"https:\/\/portalraizesnoticias.com.br\/wp-content\/uploads\/2025\/02\/IMG-20250211-WA0266.jpg","width":1600,"height":1200},{"@type":"BreadcrumbList","@id":"https:\/\/portalraizesnoticias.com.br\/?p=4773#breadcrumb","itemListElement":[{"@type":"ListItem","position":1,"name":"In\u00edcio","item":"https:\/\/portalraizesnoticias.com.br\/"},{"@type":"ListItem","position":2,"name":"Colis\u00e3o entre carro e moto deixa homem ferido em Concei\u00e7\u00e3o do Coit\u00e9"}]},{"@type":"WebSite","@id":"https:\/\/portalraizesnoticias.com.br\/#website","url":"https:\/\/portalraizesnoticias.com.br\/","name":"Portal raizes NOTICIAS","description":"site de noticias de concei\u00e7\u00e3o do coit\u00e9 e regi\u00e3o","publisher":{"@id":"https:\/\/portalraizesnoticias.com.br\/#organization"},"alternateName":"PORTAL RAIZES COIT\u00c9","potentialAction":[{"@type":"SearchAction","target":{"@type":"EntryPoint","urlTemplate":"https:\/\/portalraizesnoticias.com.br\/?s={search_term_string}"},"query-input":{"@type":"PropertyValueSpecification","valueRequired":true,"valueName":"search_term_string"}}],"inLanguage":"pt-BR"},{"@type":"Organization","@id":"https:\/\/portalraizesnoticias.com.br\/#organization","name":"Portal raizes NOTICIAS","url":"https:\/\/portalraizesnoticias.com.br\/","logo":{"@type":"ImageObject","inLanguage":"pt-BR","@id":"https:\/\/portalraizesnoticias.com.br\/#\/schema\/logo\/image\/","url":"https:\/\/portalraizesnoticias.com.br\/wp-content\/uploads\/2024\/09\/cropped-Captura-de-tela-2024-09-08-011108.png","contentUrl":"https:\/\/portalraizesnoticias.com.br\/wp-content\/uploads\/2024\/09\/cropped-Captura-de-tela-2024-09-08-011108.png","width":606,"height":173,"caption":"Portal raizes NOTICIAS"},"image":{"@id":"https:\/\/portalraizesnoticias.com.br\/#\/schema\/logo\/image\/"}},{"@type":"Person","@id":"https:\/\/portalraizesnoticias.com.br\/#\/schema\/person\/a3ca6b0fc701e78df19756c417d943ae","name":"Portal Raizes","image":{"@type":"ImageObject","inLanguage":"pt-BR","@id":"https:\/\/portalraizesnoticias.com.br\/#\/schema\/person\/image\/","url":"https:\/\/secure.gravatar.com\/avatar\/ef450d29013a3d3fba867a12a249d7b1?s=96&d=mm&r=g","contentUrl":"https:\/\/secure.gravatar.com\/avatar\/ef450d29013a3d3fba867a12a249d7b1?s=96&d=mm&r=g","caption":"Portal Raizes"},"url":"https:\/\/portalraizesnoticias.com.br\/?author=3"}]}},"_links":{"self":[{"href":"https:\/\/portalraizesnoticias.com.br\/index.php?rest_route=\/wp\/v2\/posts\/4773"}],"collection":[{"href":"https:\/\/portalraizesnoticias.com.br\/index.php?rest_route=\/wp\/v2\/posts"}],"about":[{"href":"https:\/\/portalraizesnoticias.com.br\/index.php?rest_route=\/wp\/v2\/types\/post"}],"author":[{"embeddable":true,"href":"https:\/\/portalraizesnoticias.com.br\/index.php?rest_route=\/wp\/v2\/users\/3"}],"replies":[{"embeddable":true,"href":"https:\/\/portalraizesnoticias.com.br\/index.php?rest_route=%2Fwp%2Fv2%2Fcomments&post=4773"}],"version-history":[{"count":2,"href":"https:\/\/portalraizesnoticias.com.br\/index.php?rest_route=\/wp\/v2\/posts\/4773\/revisions"}],"predecessor-version":[{"id":4779,"href":"https:\/\/portalraizesnoticias.com.br\/index.php?rest_route=\/wp\/v2\/posts\/4773\/revisions\/4779"}],"wp:featuredmedia":[{"embeddable":true,"href":"https:\/\/portalraizesnoticias.com.br\/index.php?rest_route=\/wp\/v2\/media\/4774"}],"wp:attachment":[{"href":"https:\/\/portalraizesnoticias.com.br\/index.php?rest_route=%2Fwp%2Fv2%2Fmedia&parent=4773"}],"wp:term":[{"taxonomy":"category","embeddable":true,"href":"https:\/\/portalraizesnoticias.com.br\/index.php?rest_route=%2Fwp%2Fv2%2Fcategories&post=4773"},{"taxonomy":"post_tag","embeddable":true,"href":"https:\/\/portalraizesnoticias.com.br\/index.php?rest_route=%2Fwp%2Fv2%2Ftags&post=4773"}],"curies":[{"name":"wp","href":"https:\/\/api.w.org\/{rel}","templated":true}]}}