{"id":4759,"date":"2025-02-11T10:02:07","date_gmt":"2025-02-11T13:02:07","guid":{"rendered":"https:\/\/portalraizesnoticias.com.br\/?p=4759"},"modified":"2026-03-16T12:38:00","modified_gmt":"2026-03-16T15:38:00","slug":"advogado-e-assassinado-a-tiros-em-conceicao-do-coite-vitima-gravou-video-antes-de-morrer","status":"publish","type":"post","link":"https:\/\/portalraizesnoticias.com.br\/?p=4759","title":{"rendered":"Advogado \u00e9 assassinado a tiros em Concei\u00e7\u00e3o do Coit\u00e9; v\u00edtima gravou v\u00eddeo antes de morrer"},"content":{"rendered":"<p>Um dos advogados mais conhecido da regi\u00e3o sisaleira <span style=\"color: revert; font-size: revert; font-weight: revert;\">Elido Ernesto Reyes J\u00fanior, 50 anos, <\/span><span style=\"color: initial; font-size: revert;\">foi assassinado a tiros na manh\u00e3 desta ter\u00e7a-feira (11),\u00a0 na rua Bailon Lopes Carneiro, pr\u00f3ximo \u00e0 uma padaria em Concei\u00e7\u00e3o do Coit\u00e9, Bahia.\u00a0<\/span><\/p>\n<p><img fetchpriority=\"high\" decoding=\"async\" class=\"size-medium wp-image-4639 aligncenter\" src=\"https:\/\/portalraizesnoticias.com.br\/wp-content\/uploads\/2025\/02\/IMG-20250205-WA0440-300x300.jpg\" alt=\"\" width=\"300\" height=\"300\" srcset=\"https:\/\/portalraizesnoticias.com.br\/wp-content\/uploads\/2025\/02\/IMG-20250205-WA0440-300x300.jpg 300w, https:\/\/portalraizesnoticias.com.br\/wp-content\/uploads\/2025\/02\/IMG-20250205-WA0440-1024x1024.jpg 1024w, https:\/\/portalraizesnoticias.com.br\/wp-content\/uploads\/2025\/02\/IMG-20250205-WA0440-150x150.jpg 150w, https:\/\/portalraizesnoticias.com.br\/wp-content\/uploads\/2025\/02\/IMG-20250205-WA0440-768x768.jpg 768w, https:\/\/portalraizesnoticias.com.br\/wp-content\/uploads\/2025\/02\/IMG-20250205-WA0440.jpg 1080w\" sizes=\"(max-width: 300px) 100vw, 300px\" \/><\/p>\n<p style=\"text-align: center;\"><strong>PUBLICIDADE<\/strong><\/p>\n<p>Segundo informa\u00e7\u00f5es obtidas pelo Portal Ra\u00edzes, Ernesto estava dentro de um carro quando os criminosos aproximaram e efetuaram os tiros.<\/p>\n<p>Em um v\u00eddeo que circula nas redes sociais, Ernesto afirma que j\u00e1 havia recebendo v\u00e1rias amea\u00e7as devido ao imbr\u00f3glio referente a uma heran\u00e7a familiar.<\/p>\n<p>Trata-se de um pr\u00e9dio localizado no centro da cidade que iria funcionar uma academia.<\/p>\n<p><img decoding=\"async\" class=\"size-medium wp-image-3171 aligncenter\" src=\"https:\/\/portalraizesnoticias.com.br\/wp-content\/uploads\/2024\/12\/Brasao-Clube-de-Tiro-vetorizado-2-300x176.png\" alt=\"\" width=\"300\" height=\"176\" srcset=\"https:\/\/portalraizesnoticias.com.br\/wp-content\/uploads\/2024\/12\/Brasao-Clube-de-Tiro-vetorizado-2-300x176.png 300w, https:\/\/portalraizesnoticias.com.br\/wp-content\/uploads\/2024\/12\/Brasao-Clube-de-Tiro-vetorizado-2-1024x602.png 1024w, https:\/\/portalraizesnoticias.com.br\/wp-content\/uploads\/2024\/12\/Brasao-Clube-de-Tiro-vetorizado-2-768x451.png 768w, https:\/\/portalraizesnoticias.com.br\/wp-content\/uploads\/2024\/12\/Brasao-Clube-de-Tiro-vetorizado-2-1536x902.png 1536w, https:\/\/portalraizesnoticias.com.br\/wp-content\/uploads\/2024\/12\/Brasao-Clube-de-Tiro-vetorizado-2-2048x1203.png 2048w\" sizes=\"(max-width: 300px) 100vw, 300px\" \/><\/p>\n<p style=\"text-align: center;\"><strong>PUBLICIDADE\u00a0<\/strong><\/p>\n<p style=\"text-align: center;\"><strong>75 9981-3731<\/strong><\/p>\n<p>A equipe \u00c1guia Resgate esteve no local, mas, Ernesto j\u00e1 estava sem vida.<\/p>\n<p>Reda\u00e7\u00e3o<\/p>\n","protected":false},"excerpt":{"rendered":"<p>Um dos advogados mais conhecido da regi\u00e3o sisaleira Elido Ernesto Reyes J\u00fanior, 50 anos, foi assassinado a tiros na manh\u00e3 desta ter\u00e7a-feira (11),\u00a0 na rua Bailon Lopes Carneiro, pr\u00f3ximo \u00e0 uma padaria em Concei\u00e7\u00e3o do Coit\u00e9, Bahia.\u00a0 PUBLICIDADE Segundo informa\u00e7\u00f5es obtidas pelo Portal Ra\u00edzes, Ernesto estava dentro de um carro quando os criminosos aproximaram e efetuaram os tiros. Em um v\u00eddeo que circula nas redes sociais, Ernesto afirma que j\u00e1 havia recebendo v\u00e1rias amea\u00e7as devido ao imbr\u00f3glio referente a uma heran\u00e7a familiar. Trata-se de um pr\u00e9dio localizado no centro da cidade que iria funcionar uma academia. PUBLICIDADE\u00a0 75 9981-3731 A equipe \u00c1guia Resgate esteve no local, mas, Ernesto j\u00e1 estava sem vida. Reda\u00e7\u00e3o<\/p>\n","protected":false},"author":3,"featured_media":4760,"comment_status":"open","ping_status":"open","sticky":false,"template":"","format":"standard","meta":{"_joinchat":[],"footnotes":""},"categories":[67,59],"tags":[220,75,785],"class_list":["post-4759","post","type-post","status-publish","format-standard","has-post-thumbnail","hentry","category-policia","category-ultimas-noticias","tag-advogado","tag-coite","tag-morte"],"yoast_head":"<!-- This site is optimized with the Yoast SEO plugin v24.4 - https:\/\/yoast.com\/wordpress\/plugins\/seo\/ -->\n<title>Advogado \u00e9 assassinado a tiros em Concei\u00e7\u00e3o do Coit\u00e9; v\u00edtima gravou v\u00eddeo antes de morrer - Portal raizes noticias<\/title>\n<meta name=\"robots\" content=\"index, follow, max-snippet:-1, max-image-preview:large, max-video-preview:-1\" \/>\n<link rel=\"canonical\" href=\"https:\/\/portalraizesnoticias.com.br\/?p=4759\" \/>\n<meta property=\"og:locale\" content=\"pt_BR\" \/>\n<meta property=\"og:type\" content=\"article\" \/>\n<meta property=\"og:title\" content=\"Advogado \u00e9 assassinado a tiros em Concei\u00e7\u00e3o do Coit\u00e9; v\u00edtima gravou v\u00eddeo antes de morrer - Portal raizes noticias\" \/>\n<meta property=\"og:description\" content=\"Um dos advogados mais conhecido da regi\u00e3o sisaleira Elido Ernesto Reyes J\u00fanior, 50 anos, foi assassinado a tiros na manh\u00e3 desta ter\u00e7a-feira (11),\u00a0 na rua Bailon Lopes Carneiro, pr\u00f3ximo \u00e0 uma padaria em Concei\u00e7\u00e3o do Coit\u00e9, Bahia.\u00a0 PUBLICIDADE Segundo informa\u00e7\u00f5es obtidas pelo Portal Ra\u00edzes, Ernesto estava dentro de um carro quando os criminosos aproximaram e efetuaram os tiros. Em um v\u00eddeo que circula nas redes sociais, Ernesto afirma que j\u00e1 havia recebendo v\u00e1rias amea\u00e7as devido ao imbr\u00f3glio referente a uma heran\u00e7a familiar. Trata-se de um pr\u00e9dio localizado no centro da cidade que iria funcionar uma academia. PUBLICIDADE\u00a0 75 9981-3731 A equipe \u00c1guia Resgate esteve no local, mas, Ernesto j\u00e1 estava sem vida. Reda\u00e7\u00e3o\" \/>\n<meta property=\"og:url\" content=\"https:\/\/portalraizesnoticias.com.br\/?p=4759\" \/>\n<meta property=\"og:site_name\" content=\"Portal raizes noticias\" \/>\n<meta property=\"article:published_time\" content=\"2025-02-11T13:02:07+00:00\" \/>\n<meta property=\"article:modified_time\" content=\"2026-03-16T15:38:00+00:00\" \/>\n<meta property=\"og:image\" content=\"https:\/\/portalraizesnoticias.com.br\/wp-content\/uploads\/2025\/02\/IMG-20250211-WA0162.jpg\" \/>\n\t<meta property=\"og:image:width\" content=\"357\" \/>\n\t<meta property=\"og:image:height\" content=\"351\" \/>\n\t<meta property=\"og:image:type\" content=\"image\/jpeg\" \/>\n<meta name=\"author\" content=\"Portal Raizes\" \/>\n<meta name=\"twitter:card\" content=\"summary_large_image\" \/>\n<meta name=\"twitter:label1\" content=\"Escrito por\" \/>\n\t<meta name=\"twitter:data1\" content=\"Portal Raizes\" \/>\n\t<meta name=\"twitter:label2\" content=\"Est. tempo de leitura\" \/>\n\t<meta name=\"twitter:data2\" content=\"2 minutos\" \/>\n<script type=\"application\/ld+json\" class=\"yoast-schema-graph\">{\"@context\":\"https:\/\/schema.org\",\"@graph\":[{\"@type\":\"Article\",\"@id\":\"https:\/\/portalraizesnoticias.com.br\/?p=4759#article\",\"isPartOf\":{\"@id\":\"https:\/\/portalraizesnoticias.com.br\/?p=4759\"},\"author\":{\"name\":\"Portal Raizes\",\"@id\":\"https:\/\/portalraizesnoticias.com.br\/#\/schema\/person\/a3ca6b0fc701e78df19756c417d943ae\"},\"headline\":\"Advogado \u00e9 assassinado a tiros em Concei\u00e7\u00e3o do Coit\u00e9; v\u00edtima gravou v\u00eddeo antes de morrer\",\"datePublished\":\"2025-02-11T13:02:07+00:00\",\"dateModified\":\"2026-03-16T15:38:00+00:00\",\"mainEntityOfPage\":{\"@id\":\"https:\/\/portalraizesnoticias.com.br\/?p=4759\"},\"wordCount\":140,\"commentCount\":0,\"publisher\":{\"@id\":\"https:\/\/portalraizesnoticias.com.br\/#organization\"},\"image\":{\"@id\":\"https:\/\/portalraizesnoticias.com.br\/?p=4759#primaryimage\"},\"thumbnailUrl\":\"https:\/\/portalraizesnoticias.com.br\/wp-content\/uploads\/2025\/02\/IMG-20250211-WA0162.jpg\",\"keywords\":[\"Advogado\",\"Coit\u00e9\",\"Morte\"],\"articleSection\":[\"POLICIA\",\"ULTIMAS NOTICIAS\"],\"inLanguage\":\"pt-BR\",\"potentialAction\":[{\"@type\":\"CommentAction\",\"name\":\"Comment\",\"target\":[\"https:\/\/portalraizesnoticias.com.br\/?p=4759#respond\"]}]},{\"@type\":\"WebPage\",\"@id\":\"https:\/\/portalraizesnoticias.com.br\/?p=4759\",\"url\":\"https:\/\/portalraizesnoticias.com.br\/?p=4759\",\"name\":\"Advogado \u00e9 assassinado a tiros em Concei\u00e7\u00e3o do Coit\u00e9; v\u00edtima gravou v\u00eddeo antes de morrer - Portal raizes noticias\",\"isPartOf\":{\"@id\":\"https:\/\/portalraizesnoticias.com.br\/#website\"},\"primaryImageOfPage\":{\"@id\":\"https:\/\/portalraizesnoticias.com.br\/?p=4759#primaryimage\"},\"image\":{\"@id\":\"https:\/\/portalraizesnoticias.com.br\/?p=4759#primaryimage\"},\"thumbnailUrl\":\"https:\/\/portalraizesnoticias.com.br\/wp-content\/uploads\/2025\/02\/IMG-20250211-WA0162.jpg\",\"datePublished\":\"2025-02-11T13:02:07+00:00\",\"dateModified\":\"2026-03-16T15:38:00+00:00\",\"breadcrumb\":{\"@id\":\"https:\/\/portalraizesnoticias.com.br\/?p=4759#breadcrumb\"},\"inLanguage\":\"pt-BR\",\"potentialAction\":[{\"@type\":\"ReadAction\",\"target\":[\"https:\/\/portalraizesnoticias.com.br\/?p=4759\"]}]},{\"@type\":\"ImageObject\",\"inLanguage\":\"pt-BR\",\"@id\":\"https:\/\/portalraizesnoticias.com.br\/?p=4759#primaryimage\",\"url\":\"https:\/\/portalraizesnoticias.com.br\/wp-content\/uploads\/2025\/02\/IMG-20250211-WA0162.jpg\",\"contentUrl\":\"https:\/\/portalraizesnoticias.com.br\/wp-content\/uploads\/2025\/02\/IMG-20250211-WA0162.jpg\",\"width\":357,\"height\":351},{\"@type\":\"BreadcrumbList\",\"@id\":\"https:\/\/portalraizesnoticias.com.br\/?p=4759#breadcrumb\",\"itemListElement\":[{\"@type\":\"ListItem\",\"position\":1,\"name\":\"In\u00edcio\",\"item\":\"https:\/\/portalraizesnoticias.com.br\/\"},{\"@type\":\"ListItem\",\"position\":2,\"name\":\"Advogado \u00e9 assassinado a tiros em Concei\u00e7\u00e3o do Coit\u00e9; v\u00edtima gravou v\u00eddeo antes de morrer\"}]},{\"@type\":\"WebSite\",\"@id\":\"https:\/\/portalraizesnoticias.com.br\/#website\",\"url\":\"https:\/\/portalraizesnoticias.com.br\/\",\"name\":\"Portal raizes NOTICIAS\",\"description\":\"site de noticias de concei\u00e7\u00e3o do coit\u00e9 e regi\u00e3o\",\"publisher\":{\"@id\":\"https:\/\/portalraizesnoticias.com.br\/#organization\"},\"alternateName\":\"PORTAL RAIZES COIT\u00c9\",\"potentialAction\":[{\"@type\":\"SearchAction\",\"target\":{\"@type\":\"EntryPoint\",\"urlTemplate\":\"https:\/\/portalraizesnoticias.com.br\/?s={search_term_string}\"},\"query-input\":{\"@type\":\"PropertyValueSpecification\",\"valueRequired\":true,\"valueName\":\"search_term_string\"}}],\"inLanguage\":\"pt-BR\"},{\"@type\":\"Organization\",\"@id\":\"https:\/\/portalraizesnoticias.com.br\/#organization\",\"name\":\"Portal raizes NOTICIAS\",\"url\":\"https:\/\/portalraizesnoticias.com.br\/\",\"logo\":{\"@type\":\"ImageObject\",\"inLanguage\":\"pt-BR\",\"@id\":\"https:\/\/portalraizesnoticias.com.br\/#\/schema\/logo\/image\/\",\"url\":\"https:\/\/portalraizesnoticias.com.br\/wp-content\/uploads\/2024\/09\/cropped-Captura-de-tela-2024-09-08-011108.png\",\"contentUrl\":\"https:\/\/portalraizesnoticias.com.br\/wp-content\/uploads\/2024\/09\/cropped-Captura-de-tela-2024-09-08-011108.png\",\"width\":606,\"height\":173,\"caption\":\"Portal raizes NOTICIAS\"},\"image\":{\"@id\":\"https:\/\/portalraizesnoticias.com.br\/#\/schema\/logo\/image\/\"}},{\"@type\":\"Person\",\"@id\":\"https:\/\/portalraizesnoticias.com.br\/#\/schema\/person\/a3ca6b0fc701e78df19756c417d943ae\",\"name\":\"Portal Raizes\",\"image\":{\"@type\":\"ImageObject\",\"inLanguage\":\"pt-BR\",\"@id\":\"https:\/\/portalraizesnoticias.com.br\/#\/schema\/person\/image\/\",\"url\":\"https:\/\/secure.gravatar.com\/avatar\/ef450d29013a3d3fba867a12a249d7b1?s=96&d=mm&r=g\",\"contentUrl\":\"https:\/\/secure.gravatar.com\/avatar\/ef450d29013a3d3fba867a12a249d7b1?s=96&d=mm&r=g\",\"caption\":\"Portal Raizes\"},\"url\":\"https:\/\/portalraizesnoticias.com.br\/?author=3\"}]}<\/script>\n<!-- \/ Yoast SEO plugin. -->","yoast_head_json":{"title":"Advogado \u00e9 assassinado a tiros em Concei\u00e7\u00e3o do Coit\u00e9; v\u00edtima gravou v\u00eddeo antes de morrer - Portal raizes noticias","robots":{"index":"index","follow":"follow","max-snippet":"max-snippet:-1","max-image-preview":"max-image-preview:large","max-video-preview":"max-video-preview:-1"},"canonical":"https:\/\/portalraizesnoticias.com.br\/?p=4759","og_locale":"pt_BR","og_type":"article","og_title":"Advogado \u00e9 assassinado a tiros em Concei\u00e7\u00e3o do Coit\u00e9; v\u00edtima gravou v\u00eddeo antes de morrer - Portal raizes noticias","og_description":"Um dos advogados mais conhecido da regi\u00e3o sisaleira Elido Ernesto Reyes J\u00fanior, 50 anos, foi assassinado a tiros na manh\u00e3 desta ter\u00e7a-feira (11),\u00a0 na rua Bailon Lopes Carneiro, pr\u00f3ximo \u00e0 uma padaria em Concei\u00e7\u00e3o do Coit\u00e9, Bahia.\u00a0 PUBLICIDADE Segundo informa\u00e7\u00f5es obtidas pelo Portal Ra\u00edzes, Ernesto estava dentro de um carro quando os criminosos aproximaram e efetuaram os tiros. Em um v\u00eddeo que circula nas redes sociais, Ernesto afirma que j\u00e1 havia recebendo v\u00e1rias amea\u00e7as devido ao imbr\u00f3glio referente a uma heran\u00e7a familiar. Trata-se de um pr\u00e9dio localizado no centro da cidade que iria funcionar uma academia. PUBLICIDADE\u00a0 75 9981-3731 A equipe \u00c1guia Resgate esteve no local, mas, Ernesto j\u00e1 estava sem vida. Reda\u00e7\u00e3o","og_url":"https:\/\/portalraizesnoticias.com.br\/?p=4759","og_site_name":"Portal raizes noticias","article_published_time":"2025-02-11T13:02:07+00:00","article_modified_time":"2026-03-16T15:38:00+00:00","og_image":[{"width":357,"height":351,"url":"https:\/\/portalraizesnoticias.com.br\/wp-content\/uploads\/2025\/02\/IMG-20250211-WA0162.jpg","type":"image\/jpeg"}],"author":"Portal Raizes","twitter_card":"summary_large_image","twitter_misc":{"Escrito por":"Portal Raizes","Est. tempo de leitura":"2 minutos"},"schema":{"@context":"https:\/\/schema.org","@graph":[{"@type":"Article","@id":"https:\/\/portalraizesnoticias.com.br\/?p=4759#article","isPartOf":{"@id":"https:\/\/portalraizesnoticias.com.br\/?p=4759"},"author":{"name":"Portal Raizes","@id":"https:\/\/portalraizesnoticias.com.br\/#\/schema\/person\/a3ca6b0fc701e78df19756c417d943ae"},"headline":"Advogado \u00e9 assassinado a tiros em Concei\u00e7\u00e3o do Coit\u00e9; v\u00edtima gravou v\u00eddeo antes de morrer","datePublished":"2025-02-11T13:02:07+00:00","dateModified":"2026-03-16T15:38:00+00:00","mainEntityOfPage":{"@id":"https:\/\/portalraizesnoticias.com.br\/?p=4759"},"wordCount":140,"commentCount":0,"publisher":{"@id":"https:\/\/portalraizesnoticias.com.br\/#organization"},"image":{"@id":"https:\/\/portalraizesnoticias.com.br\/?p=4759#primaryimage"},"thumbnailUrl":"https:\/\/portalraizesnoticias.com.br\/wp-content\/uploads\/2025\/02\/IMG-20250211-WA0162.jpg","keywords":["Advogado","Coit\u00e9","Morte"],"articleSection":["POLICIA","ULTIMAS NOTICIAS"],"inLanguage":"pt-BR","potentialAction":[{"@type":"CommentAction","name":"Comment","target":["https:\/\/portalraizesnoticias.com.br\/?p=4759#respond"]}]},{"@type":"WebPage","@id":"https:\/\/portalraizesnoticias.com.br\/?p=4759","url":"https:\/\/portalraizesnoticias.com.br\/?p=4759","name":"Advogado \u00e9 assassinado a tiros em Concei\u00e7\u00e3o do Coit\u00e9; v\u00edtima gravou v\u00eddeo antes de morrer - Portal raizes noticias","isPartOf":{"@id":"https:\/\/portalraizesnoticias.com.br\/#website"},"primaryImageOfPage":{"@id":"https:\/\/portalraizesnoticias.com.br\/?p=4759#primaryimage"},"image":{"@id":"https:\/\/portalraizesnoticias.com.br\/?p=4759#primaryimage"},"thumbnailUrl":"https:\/\/portalraizesnoticias.com.br\/wp-content\/uploads\/2025\/02\/IMG-20250211-WA0162.jpg","datePublished":"2025-02-11T13:02:07+00:00","dateModified":"2026-03-16T15:38:00+00:00","breadcrumb":{"@id":"https:\/\/portalraizesnoticias.com.br\/?p=4759#breadcrumb"},"inLanguage":"pt-BR","potentialAction":[{"@type":"ReadAction","target":["https:\/\/portalraizesnoticias.com.br\/?p=4759"]}]},{"@type":"ImageObject","inLanguage":"pt-BR","@id":"https:\/\/portalraizesnoticias.com.br\/?p=4759#primaryimage","url":"https:\/\/portalraizesnoticias.com.br\/wp-content\/uploads\/2025\/02\/IMG-20250211-WA0162.jpg","contentUrl":"https:\/\/portalraizesnoticias.com.br\/wp-content\/uploads\/2025\/02\/IMG-20250211-WA0162.jpg","width":357,"height":351},{"@type":"BreadcrumbList","@id":"https:\/\/portalraizesnoticias.com.br\/?p=4759#breadcrumb","itemListElement":[{"@type":"ListItem","position":1,"name":"In\u00edcio","item":"https:\/\/portalraizesnoticias.com.br\/"},{"@type":"ListItem","position":2,"name":"Advogado \u00e9 assassinado a tiros em Concei\u00e7\u00e3o do Coit\u00e9; v\u00edtima gravou v\u00eddeo antes de morrer"}]},{"@type":"WebSite","@id":"https:\/\/portalraizesnoticias.com.br\/#website","url":"https:\/\/portalraizesnoticias.com.br\/","name":"Portal raizes NOTICIAS","description":"site de noticias de concei\u00e7\u00e3o do coit\u00e9 e regi\u00e3o","publisher":{"@id":"https:\/\/portalraizesnoticias.com.br\/#organization"},"alternateName":"PORTAL RAIZES COIT\u00c9","potentialAction":[{"@type":"SearchAction","target":{"@type":"EntryPoint","urlTemplate":"https:\/\/portalraizesnoticias.com.br\/?s={search_term_string}"},"query-input":{"@type":"PropertyValueSpecification","valueRequired":true,"valueName":"search_term_string"}}],"inLanguage":"pt-BR"},{"@type":"Organization","@id":"https:\/\/portalraizesnoticias.com.br\/#organization","name":"Portal raizes NOTICIAS","url":"https:\/\/portalraizesnoticias.com.br\/","logo":{"@type":"ImageObject","inLanguage":"pt-BR","@id":"https:\/\/portalraizesnoticias.com.br\/#\/schema\/logo\/image\/","url":"https:\/\/portalraizesnoticias.com.br\/wp-content\/uploads\/2024\/09\/cropped-Captura-de-tela-2024-09-08-011108.png","contentUrl":"https:\/\/portalraizesnoticias.com.br\/wp-content\/uploads\/2024\/09\/cropped-Captura-de-tela-2024-09-08-011108.png","width":606,"height":173,"caption":"Portal raizes NOTICIAS"},"image":{"@id":"https:\/\/portalraizesnoticias.com.br\/#\/schema\/logo\/image\/"}},{"@type":"Person","@id":"https:\/\/portalraizesnoticias.com.br\/#\/schema\/person\/a3ca6b0fc701e78df19756c417d943ae","name":"Portal Raizes","image":{"@type":"ImageObject","inLanguage":"pt-BR","@id":"https:\/\/portalraizesnoticias.com.br\/#\/schema\/person\/image\/","url":"https:\/\/secure.gravatar.com\/avatar\/ef450d29013a3d3fba867a12a249d7b1?s=96&d=mm&r=g","contentUrl":"https:\/\/secure.gravatar.com\/avatar\/ef450d29013a3d3fba867a12a249d7b1?s=96&d=mm&r=g","caption":"Portal Raizes"},"url":"https:\/\/portalraizesnoticias.com.br\/?author=3"}]}},"_links":{"self":[{"href":"https:\/\/portalraizesnoticias.com.br\/index.php?rest_route=\/wp\/v2\/posts\/4759"}],"collection":[{"href":"https:\/\/portalraizesnoticias.com.br\/index.php?rest_route=\/wp\/v2\/posts"}],"about":[{"href":"https:\/\/portalraizesnoticias.com.br\/index.php?rest_route=\/wp\/v2\/types\/post"}],"author":[{"embeddable":true,"href":"https:\/\/portalraizesnoticias.com.br\/index.php?rest_route=\/wp\/v2\/users\/3"}],"replies":[{"embeddable":true,"href":"https:\/\/portalraizesnoticias.com.br\/index.php?rest_route=%2Fwp%2Fv2%2Fcomments&post=4759"}],"version-history":[{"count":12,"href":"https:\/\/portalraizesnoticias.com.br\/index.php?rest_route=\/wp\/v2\/posts\/4759\/revisions"}],"predecessor-version":[{"id":12100,"href":"https:\/\/portalraizesnoticias.com.br\/index.php?rest_route=\/wp\/v2\/posts\/4759\/revisions\/12100"}],"wp:featuredmedia":[{"embeddable":true,"href":"https:\/\/portalraizesnoticias.com.br\/index.php?rest_route=\/wp\/v2\/media\/4760"}],"wp:attachment":[{"href":"https:\/\/portalraizesnoticias.com.br\/index.php?rest_route=%2Fwp%2Fv2%2Fmedia&parent=4759"}],"wp:term":[{"taxonomy":"category","embeddable":true,"href":"https:\/\/portalraizesnoticias.com.br\/index.php?rest_route=%2Fwp%2Fv2%2Fcategories&post=4759"},{"taxonomy":"post_tag","embeddable":true,"href":"https:\/\/portalraizesnoticias.com.br\/index.php?rest_route=%2Fwp%2Fv2%2Ftags&post=4759"}],"curies":[{"name":"wp","href":"https:\/\/api.w.org\/{rel}","templated":true}]}}