{"id":4748,"date":"2025-02-10T19:34:44","date_gmt":"2025-02-10T22:34:44","guid":{"rendered":"https:\/\/portalraizesnoticias.com.br\/?p=4748"},"modified":"2025-02-10T19:48:57","modified_gmt":"2025-02-10T22:48:57","slug":"coite-medico-rangel-mascarenhas-revela-que-de-cada-10-pacientes-que-procuram-consultorio-cerca-de-8-sao-por-conta-de-crises-de-ansiedade-pelo-excesso-de-trabalho","status":"publish","type":"post","link":"https:\/\/portalraizesnoticias.com.br\/?p=4748","title":{"rendered":"Coit\u00e9: M\u00e9dico Rangel Mascarenhas revela que, de cada 10 pacientes que procuram consult\u00f3rio, cerca de 8 s\u00e3o por conta  de crises de ansiedade pelo excesso de trabalho"},"content":{"rendered":"<p>Uma pesquisa realizada pela jornalista Rafaela Rodrigues junto ao m\u00e9dico Rangel Mascarenhas do Centro de Aten\u00e7\u00e3o Psicossocial (CAPS), revelou que, dentre dez pacientes que o procuram em Concei\u00e7\u00e3o do Coit\u00e9, cerca de oito apresentam sintomas que est\u00e3o relacionados \u00e0 ansiedade no ambiente de trabalho.<\/p>\n<p><img fetchpriority=\"high\" decoding=\"async\" class=\"size-medium wp-image-4749 aligncenter\" src=\"https:\/\/portalraizesnoticias.com.br\/wp-content\/uploads\/2025\/02\/IMG-20250127-WA0352-300x300.jpg\" alt=\"\" width=\"300\" height=\"300\" srcset=\"https:\/\/portalraizesnoticias.com.br\/wp-content\/uploads\/2025\/02\/IMG-20250127-WA0352-300x300.jpg 300w, https:\/\/portalraizesnoticias.com.br\/wp-content\/uploads\/2025\/02\/IMG-20250127-WA0352-1024x1024.jpg 1024w, https:\/\/portalraizesnoticias.com.br\/wp-content\/uploads\/2025\/02\/IMG-20250127-WA0352-150x150.jpg 150w, https:\/\/portalraizesnoticias.com.br\/wp-content\/uploads\/2025\/02\/IMG-20250127-WA0352-768x768.jpg 768w, https:\/\/portalraizesnoticias.com.br\/wp-content\/uploads\/2025\/02\/IMG-20250127-WA0352.jpg 1280w\" sizes=\"(max-width: 300px) 100vw, 300px\" \/><\/p>\n<p>\u201cAs queixas de sobrecarga s\u00e3o cada vez mais comuns. O cen\u00e1rio atual de alta exig\u00eancia profissional, somado a fatores socioecon\u00f4micos tem contribu\u00eddo para esse aumento de casos de ansiedade e esgotamento de trabalho na cidade\u201d, disse Rangel.<\/p>\n<p>Conforme o especialista, as crises podem se manifestar de diversas maneiras, tais como dificuldade de concentra\u00e7\u00e3o, sensa\u00e7\u00e3o de falta de ar, taquicardia, sudorese, tremores e at\u00e9 mesmo pensamentos desagrad\u00e1veis sobre o desempenho profissional.<\/p>\n<p><img decoding=\"async\" class=\"size-medium wp-image-4750 aligncenter\" src=\"https:\/\/portalraizesnoticias.com.br\/wp-content\/uploads\/2025\/02\/images-16-300x225.jpeg\" alt=\"\" width=\"300\" height=\"225\" srcset=\"https:\/\/portalraizesnoticias.com.br\/wp-content\/uploads\/2025\/02\/images-16-300x225.jpeg 300w, https:\/\/portalraizesnoticias.com.br\/wp-content\/uploads\/2025\/02\/images-16.jpeg 640w\" sizes=\"(max-width: 300px) 100vw, 300px\" \/><\/p>\n<p>\u201cMuitas vezes o indiv\u00edduo sente um medo intenso e desproporcional diante de tarefas ou prazos, o que pode comprometer sua produtividade e bem-estar\u201d, explicou Rangel.<\/p>\n<p>A ansiedade recorrente, o estresse no trabalho podem evoluir para outros dist\u00farbios mais graves, como explica o psiquiatra: \u201cTranstorno de Aten\u00e7\u00e3o, Transtorno de Ansiedade Generalizada (TAG), S\u00edndrome do P\u00e2nico, depress\u00e3o, esgotamento profissional (burnout) e at\u00e9 problemas f\u00edsicos, como hipertens\u00e3o e problemas gastrointestinais.\u201d<\/p>\n<p><strong>SAIBA MAIS!<\/strong><\/p>\n<p><em>Como \u00e9 poss\u00edvel controlar a ansiedade?<\/em><\/p>\n<p>M\u00e9dico \u2014 Controle da ansiedade pode envolver diversas abordagens, como t\u00e9cnicas de respira\u00e7\u00e3o, mindfulness, exerc\u00edcios f\u00edsicos, psicoterapia e, em alguns casos, uso de medicamentos prescritos por um profissional. Al\u00e9m disso, a organiza\u00e7\u00e3o da rotina, o equil\u00edbrio entre vida pessoal e profissional e a busca por momentos de lazer s\u00e3o essenciais para minimizar os impactos da ansiedade.<\/p>\n<p><em>Quando o servi\u00e7o adoece, qual a recomenda\u00e7\u00e3o do profissional?<\/em><\/p>\n<p>M\u00e9dico-O primeiro passo \u00e9 identificar os gatilhos do estresse e avaliar a intensidade dos sintomas. Dependendo do caso, pode ser necess\u00e1rio buscar apoio psicol\u00f3gico, estabelecer limites no ambiente de trabalho e at\u00e9 considerar mudan\u00e7as no estilo de vida ou na pr\u00f3pria carreira. A sa\u00fade mental deve ser prioridade.<\/p>\n<p>O senhor considera que seria ben\u00e9fico investir em atividades no ambiente de trabalho para lidar com as crises? Quais?<\/p>\n<p>M\u00e9dico- Sim, as empresas podem e devem investir em a\u00e7\u00f5es que promovam o bem-estar dos colaboradores. Algumas estrat\u00e9gias eficazes incluem programas de apoio psicol\u00f3gico, pausas ativas, ambientes de trabalho mais humanizados, flexibiliza\u00e7\u00e3o de hor\u00e1rios, incentivo \u00e0 pr\u00e1tica de atividades f\u00edsicas e treinamentos voltados \u00e0 gest\u00e3o emocional.<\/p>\n<p><em>Qual o conselho que o senhor d\u00e1 aos pacientes que est\u00e3o apresentando os sintomas?<\/em><\/p>\n<p>M\u00e9dico-A orienta\u00e7\u00e3o inicial \u00e9 buscar compreender os fatores que desencadeiam a ansiedade e adotar estrat\u00e9gias para manej\u00e1-la. Pr\u00e1ticas como t\u00e9cnicas de relaxamento, organiza\u00e7\u00e3o da rotina e psicoterapia s\u00e3o fundamentais. Nos casos mais severos, pode ser necess\u00e1rio um acompanhamento psiqui\u00e1trico para avaliar a necessidade de tratamento medicamentoso.<\/p>\n<p>Por Rafaela Rodrigues<\/p>\n<p>Foto: Ilustra\u00e7\u00e3o<\/p>\n","protected":false},"excerpt":{"rendered":"<p>Uma pesquisa realizada pela jornalista Rafaela Rodrigues junto ao m\u00e9dico Rangel Mascarenhas do Centro de Aten\u00e7\u00e3o Psicossocial (CAPS), revelou que, dentre dez pacientes que o procuram em Concei\u00e7\u00e3o do Coit\u00e9, cerca de oito apresentam sintomas que est\u00e3o relacionados \u00e0 ansiedade no ambiente de trabalho. \u201cAs queixas de sobrecarga s\u00e3o cada vez mais comuns. O cen\u00e1rio atual de alta exig\u00eancia profissional, somado a fatores socioecon\u00f4micos tem contribu\u00eddo para esse aumento de casos de ansiedade e esgotamento de trabalho na cidade\u201d, disse Rangel. Conforme o especialista, as crises podem se manifestar de diversas maneiras, tais como dificuldade de concentra\u00e7\u00e3o, sensa\u00e7\u00e3o de falta de ar, taquicardia, sudorese, tremores e at\u00e9 mesmo pensamentos desagrad\u00e1veis sobre o desempenho profissional. \u201cMuitas vezes o indiv\u00edduo sente um medo intenso e desproporcional diante de tarefas ou prazos, o que pode comprometer sua produtividade e bem-estar\u201d, explicou Rangel. A ansiedade recorrente, o estresse no trabalho podem evoluir para outros dist\u00farbios mais graves, como explica o psiquiatra: \u201cTranstorno de Aten\u00e7\u00e3o, Transtorno de Ansiedade Generalizada (TAG), S\u00edndrome do P\u00e2nico, depress\u00e3o, esgotamento profissional (burnout) e at\u00e9 problemas f\u00edsicos, como hipertens\u00e3o e problemas gastrointestinais.\u201d SAIBA MAIS! Como \u00e9 poss\u00edvel controlar a ansiedade? M\u00e9dico \u2014 Controle da ansiedade pode envolver diversas abordagens, como t\u00e9cnicas de respira\u00e7\u00e3o, mindfulness, exerc\u00edcios f\u00edsicos, psicoterapia e, em alguns casos, uso de medicamentos prescritos por um profissional. Al\u00e9m disso, a organiza\u00e7\u00e3o da rotina, o equil\u00edbrio entre vida pessoal e profissional e a busca por momentos de lazer s\u00e3o essenciais para minimizar os impactos da ansiedade. Quando o servi\u00e7o adoece, qual a recomenda\u00e7\u00e3o do profissional? M\u00e9dico-O primeiro passo \u00e9 identificar os gatilhos do estresse e avaliar a intensidade dos sintomas. Dependendo do caso, pode ser necess\u00e1rio buscar apoio psicol\u00f3gico, estabelecer limites no ambiente de trabalho e at\u00e9 considerar mudan\u00e7as no estilo de vida ou na pr\u00f3pria carreira. A sa\u00fade mental deve ser prioridade. O senhor considera que seria ben\u00e9fico investir em atividades no ambiente de trabalho para lidar com as crises? Quais? M\u00e9dico- Sim, as empresas podem e devem investir em a\u00e7\u00f5es que promovam o bem-estar dos colaboradores. Algumas estrat\u00e9gias eficazes incluem programas de apoio psicol\u00f3gico, pausas ativas, ambientes de trabalho mais humanizados, flexibiliza\u00e7\u00e3o de hor\u00e1rios, incentivo \u00e0 pr\u00e1tica de atividades f\u00edsicas e treinamentos voltados \u00e0 gest\u00e3o emocional. Qual o conselho que o senhor d\u00e1 aos pacientes que est\u00e3o apresentando os sintomas? M\u00e9dico-A orienta\u00e7\u00e3o inicial \u00e9 buscar compreender os fatores que desencadeiam a ansiedade e adotar estrat\u00e9gias para manej\u00e1-la. Pr\u00e1ticas como t\u00e9cnicas de relaxamento, organiza\u00e7\u00e3o da rotina e psicoterapia s\u00e3o fundamentais. Nos casos mais severos, pode ser necess\u00e1rio um acompanhamento psiqui\u00e1trico para avaliar a necessidade de tratamento medicamentoso. Por Rafaela Rodrigues Foto: Ilustra\u00e7\u00e3o<\/p>\n","protected":false},"author":3,"featured_media":4752,"comment_status":"open","ping_status":"open","sticky":false,"template":"","format":"standard","meta":{"_joinchat":[],"footnotes":""},"categories":[55,86,59],"tags":[245,75,813,812],"class_list":["post-4748","post","type-post","status-publish","format-standard","has-post-thumbnail","hentry","category-destaques","category-saude","category-ultimas-noticias","tag-ansiedade","tag-coite","tag-excesso-de-trabalho","tag-saude-mental"],"yoast_head":"<!-- This site is optimized with the Yoast SEO plugin v24.4 - https:\/\/yoast.com\/wordpress\/plugins\/seo\/ -->\n<title>Coit\u00e9: M\u00e9dico Rangel Mascarenhas revela que, de cada 10 pacientes que procuram consult\u00f3rio, cerca de 8 s\u00e3o por conta de crises de ansiedade pelo excesso de trabalho - Portal raizes noticias<\/title>\n<meta name=\"robots\" content=\"index, follow, max-snippet:-1, max-image-preview:large, max-video-preview:-1\" \/>\n<link rel=\"canonical\" href=\"https:\/\/portalraizesnoticias.com.br\/?p=4748\" \/>\n<meta property=\"og:locale\" content=\"pt_BR\" \/>\n<meta property=\"og:type\" content=\"article\" \/>\n<meta property=\"og:title\" content=\"Coit\u00e9: M\u00e9dico Rangel Mascarenhas revela que, de cada 10 pacientes que procuram consult\u00f3rio, cerca de 8 s\u00e3o por conta de crises de ansiedade pelo excesso de trabalho - Portal raizes noticias\" \/>\n<meta property=\"og:description\" content=\"Uma pesquisa realizada pela jornalista Rafaela Rodrigues junto ao m\u00e9dico Rangel Mascarenhas do Centro de Aten\u00e7\u00e3o Psicossocial (CAPS), revelou que, dentre dez pacientes que o procuram em Concei\u00e7\u00e3o do Coit\u00e9, cerca de oito apresentam sintomas que est\u00e3o relacionados \u00e0 ansiedade no ambiente de trabalho. \u201cAs queixas de sobrecarga s\u00e3o cada vez mais comuns. O cen\u00e1rio atual de alta exig\u00eancia profissional, somado a fatores socioecon\u00f4micos tem contribu\u00eddo para esse aumento de casos de ansiedade e esgotamento de trabalho na cidade\u201d, disse Rangel. Conforme o especialista, as crises podem se manifestar de diversas maneiras, tais como dificuldade de concentra\u00e7\u00e3o, sensa\u00e7\u00e3o de falta de ar, taquicardia, sudorese, tremores e at\u00e9 mesmo pensamentos desagrad\u00e1veis sobre o desempenho profissional. \u201cMuitas vezes o indiv\u00edduo sente um medo intenso e desproporcional diante de tarefas ou prazos, o que pode comprometer sua produtividade e bem-estar\u201d, explicou Rangel. A ansiedade recorrente, o estresse no trabalho podem evoluir para outros dist\u00farbios mais graves, como explica o psiquiatra: \u201cTranstorno de Aten\u00e7\u00e3o, Transtorno de Ansiedade Generalizada (TAG), S\u00edndrome do P\u00e2nico, depress\u00e3o, esgotamento profissional (burnout) e at\u00e9 problemas f\u00edsicos, como hipertens\u00e3o e problemas gastrointestinais.\u201d SAIBA MAIS! Como \u00e9 poss\u00edvel controlar a ansiedade? M\u00e9dico \u2014 Controle da ansiedade pode envolver diversas abordagens, como t\u00e9cnicas de respira\u00e7\u00e3o, mindfulness, exerc\u00edcios f\u00edsicos, psicoterapia e, em alguns casos, uso de medicamentos prescritos por um profissional. Al\u00e9m disso, a organiza\u00e7\u00e3o da rotina, o equil\u00edbrio entre vida pessoal e profissional e a busca por momentos de lazer s\u00e3o essenciais para minimizar os impactos da ansiedade. Quando o servi\u00e7o adoece, qual a recomenda\u00e7\u00e3o do profissional? M\u00e9dico-O primeiro passo \u00e9 identificar os gatilhos do estresse e avaliar a intensidade dos sintomas. Dependendo do caso, pode ser necess\u00e1rio buscar apoio psicol\u00f3gico, estabelecer limites no ambiente de trabalho e at\u00e9 considerar mudan\u00e7as no estilo de vida ou na pr\u00f3pria carreira. A sa\u00fade mental deve ser prioridade. O senhor considera que seria ben\u00e9fico investir em atividades no ambiente de trabalho para lidar com as crises? Quais? M\u00e9dico- Sim, as empresas podem e devem investir em a\u00e7\u00f5es que promovam o bem-estar dos colaboradores. Algumas estrat\u00e9gias eficazes incluem programas de apoio psicol\u00f3gico, pausas ativas, ambientes de trabalho mais humanizados, flexibiliza\u00e7\u00e3o de hor\u00e1rios, incentivo \u00e0 pr\u00e1tica de atividades f\u00edsicas e treinamentos voltados \u00e0 gest\u00e3o emocional. Qual o conselho que o senhor d\u00e1 aos pacientes que est\u00e3o apresentando os sintomas? M\u00e9dico-A orienta\u00e7\u00e3o inicial \u00e9 buscar compreender os fatores que desencadeiam a ansiedade e adotar estrat\u00e9gias para manej\u00e1-la. Pr\u00e1ticas como t\u00e9cnicas de relaxamento, organiza\u00e7\u00e3o da rotina e psicoterapia s\u00e3o fundamentais. Nos casos mais severos, pode ser necess\u00e1rio um acompanhamento psiqui\u00e1trico para avaliar a necessidade de tratamento medicamentoso. Por Rafaela Rodrigues Foto: Ilustra\u00e7\u00e3o\" \/>\n<meta property=\"og:url\" content=\"https:\/\/portalraizesnoticias.com.br\/?p=4748\" \/>\n<meta property=\"og:site_name\" content=\"Portal raizes noticias\" \/>\n<meta property=\"article:published_time\" content=\"2025-02-10T22:34:44+00:00\" \/>\n<meta property=\"article:modified_time\" content=\"2025-02-10T22:48:57+00:00\" \/>\n<meta property=\"og:image\" content=\"https:\/\/portalraizesnoticias.com.br\/wp-content\/uploads\/2025\/02\/IMG-20250210-WA0598.jpg\" \/>\n\t<meta property=\"og:image:width\" content=\"1024\" \/>\n\t<meta property=\"og:image:height\" content=\"1399\" \/>\n\t<meta property=\"og:image:type\" content=\"image\/jpeg\" \/>\n<meta name=\"author\" content=\"Portal Raizes\" \/>\n<meta name=\"twitter:card\" content=\"summary_large_image\" \/>\n<meta name=\"twitter:label1\" content=\"Escrito por\" \/>\n\t<meta name=\"twitter:data1\" content=\"Portal Raizes\" \/>\n\t<meta name=\"twitter:label2\" content=\"Est. tempo de leitura\" \/>\n\t<meta name=\"twitter:data2\" content=\"3 minutos\" \/>\n<script type=\"application\/ld+json\" class=\"yoast-schema-graph\">{\"@context\":\"https:\/\/schema.org\",\"@graph\":[{\"@type\":\"Article\",\"@id\":\"https:\/\/portalraizesnoticias.com.br\/?p=4748#article\",\"isPartOf\":{\"@id\":\"https:\/\/portalraizesnoticias.com.br\/?p=4748\"},\"author\":{\"name\":\"Portal Raizes\",\"@id\":\"https:\/\/portalraizesnoticias.com.br\/#\/schema\/person\/a3ca6b0fc701e78df19756c417d943ae\"},\"headline\":\"Coit\u00e9: M\u00e9dico Rangel Mascarenhas revela que, de cada 10 pacientes que procuram consult\u00f3rio, cerca de 8 s\u00e3o por conta de crises de ansiedade pelo excesso de trabalho\",\"datePublished\":\"2025-02-10T22:34:44+00:00\",\"dateModified\":\"2025-02-10T22:48:57+00:00\",\"mainEntityOfPage\":{\"@id\":\"https:\/\/portalraizesnoticias.com.br\/?p=4748\"},\"wordCount\":513,\"commentCount\":0,\"publisher\":{\"@id\":\"https:\/\/portalraizesnoticias.com.br\/#organization\"},\"image\":{\"@id\":\"https:\/\/portalraizesnoticias.com.br\/?p=4748#primaryimage\"},\"thumbnailUrl\":\"https:\/\/portalraizesnoticias.com.br\/wp-content\/uploads\/2025\/02\/IMG-20250210-WA0598.jpg\",\"keywords\":[\"Ansiedade\",\"Coit\u00e9\",\"Excesso de trabalho\",\"Sa\u00fade mental\"],\"articleSection\":[\"DESTAQUES\",\"SA\u00daDE\",\"ULTIMAS NOTICIAS\"],\"inLanguage\":\"pt-BR\",\"potentialAction\":[{\"@type\":\"CommentAction\",\"name\":\"Comment\",\"target\":[\"https:\/\/portalraizesnoticias.com.br\/?p=4748#respond\"]}]},{\"@type\":\"WebPage\",\"@id\":\"https:\/\/portalraizesnoticias.com.br\/?p=4748\",\"url\":\"https:\/\/portalraizesnoticias.com.br\/?p=4748\",\"name\":\"Coit\u00e9: M\u00e9dico Rangel Mascarenhas revela que, de cada 10 pacientes que procuram consult\u00f3rio, cerca de 8 s\u00e3o por conta de crises de ansiedade pelo excesso de trabalho - Portal raizes noticias\",\"isPartOf\":{\"@id\":\"https:\/\/portalraizesnoticias.com.br\/#website\"},\"primaryImageOfPage\":{\"@id\":\"https:\/\/portalraizesnoticias.com.br\/?p=4748#primaryimage\"},\"image\":{\"@id\":\"https:\/\/portalraizesnoticias.com.br\/?p=4748#primaryimage\"},\"thumbnailUrl\":\"https:\/\/portalraizesnoticias.com.br\/wp-content\/uploads\/2025\/02\/IMG-20250210-WA0598.jpg\",\"datePublished\":\"2025-02-10T22:34:44+00:00\",\"dateModified\":\"2025-02-10T22:48:57+00:00\",\"breadcrumb\":{\"@id\":\"https:\/\/portalraizesnoticias.com.br\/?p=4748#breadcrumb\"},\"inLanguage\":\"pt-BR\",\"potentialAction\":[{\"@type\":\"ReadAction\",\"target\":[\"https:\/\/portalraizesnoticias.com.br\/?p=4748\"]}]},{\"@type\":\"ImageObject\",\"inLanguage\":\"pt-BR\",\"@id\":\"https:\/\/portalraizesnoticias.com.br\/?p=4748#primaryimage\",\"url\":\"https:\/\/portalraizesnoticias.com.br\/wp-content\/uploads\/2025\/02\/IMG-20250210-WA0598.jpg\",\"contentUrl\":\"https:\/\/portalraizesnoticias.com.br\/wp-content\/uploads\/2025\/02\/IMG-20250210-WA0598.jpg\",\"width\":1024,\"height\":1399},{\"@type\":\"BreadcrumbList\",\"@id\":\"https:\/\/portalraizesnoticias.com.br\/?p=4748#breadcrumb\",\"itemListElement\":[{\"@type\":\"ListItem\",\"position\":1,\"name\":\"In\u00edcio\",\"item\":\"https:\/\/portalraizesnoticias.com.br\/\"},{\"@type\":\"ListItem\",\"position\":2,\"name\":\"Coit\u00e9: M\u00e9dico Rangel Mascarenhas revela que, de cada 10 pacientes que procuram consult\u00f3rio, cerca de 8 s\u00e3o por conta de crises de ansiedade pelo excesso de trabalho\"}]},{\"@type\":\"WebSite\",\"@id\":\"https:\/\/portalraizesnoticias.com.br\/#website\",\"url\":\"https:\/\/portalraizesnoticias.com.br\/\",\"name\":\"Portal raizes NOTICIAS\",\"description\":\"site de noticias de concei\u00e7\u00e3o do coit\u00e9 e regi\u00e3o\",\"publisher\":{\"@id\":\"https:\/\/portalraizesnoticias.com.br\/#organization\"},\"alternateName\":\"PORTAL RAIZES COIT\u00c9\",\"potentialAction\":[{\"@type\":\"SearchAction\",\"target\":{\"@type\":\"EntryPoint\",\"urlTemplate\":\"https:\/\/portalraizesnoticias.com.br\/?s={search_term_string}\"},\"query-input\":{\"@type\":\"PropertyValueSpecification\",\"valueRequired\":true,\"valueName\":\"search_term_string\"}}],\"inLanguage\":\"pt-BR\"},{\"@type\":\"Organization\",\"@id\":\"https:\/\/portalraizesnoticias.com.br\/#organization\",\"name\":\"Portal raizes NOTICIAS\",\"url\":\"https:\/\/portalraizesnoticias.com.br\/\",\"logo\":{\"@type\":\"ImageObject\",\"inLanguage\":\"pt-BR\",\"@id\":\"https:\/\/portalraizesnoticias.com.br\/#\/schema\/logo\/image\/\",\"url\":\"https:\/\/portalraizesnoticias.com.br\/wp-content\/uploads\/2024\/09\/cropped-Captura-de-tela-2024-09-08-011108.png\",\"contentUrl\":\"https:\/\/portalraizesnoticias.com.br\/wp-content\/uploads\/2024\/09\/cropped-Captura-de-tela-2024-09-08-011108.png\",\"width\":606,\"height\":173,\"caption\":\"Portal raizes NOTICIAS\"},\"image\":{\"@id\":\"https:\/\/portalraizesnoticias.com.br\/#\/schema\/logo\/image\/\"}},{\"@type\":\"Person\",\"@id\":\"https:\/\/portalraizesnoticias.com.br\/#\/schema\/person\/a3ca6b0fc701e78df19756c417d943ae\",\"name\":\"Portal Raizes\",\"image\":{\"@type\":\"ImageObject\",\"inLanguage\":\"pt-BR\",\"@id\":\"https:\/\/portalraizesnoticias.com.br\/#\/schema\/person\/image\/\",\"url\":\"https:\/\/secure.gravatar.com\/avatar\/ef450d29013a3d3fba867a12a249d7b1?s=96&d=mm&r=g\",\"contentUrl\":\"https:\/\/secure.gravatar.com\/avatar\/ef450d29013a3d3fba867a12a249d7b1?s=96&d=mm&r=g\",\"caption\":\"Portal Raizes\"},\"url\":\"https:\/\/portalraizesnoticias.com.br\/?author=3\"}]}<\/script>\n<!-- \/ Yoast SEO plugin. -->","yoast_head_json":{"title":"Coit\u00e9: M\u00e9dico Rangel Mascarenhas revela que, de cada 10 pacientes que procuram consult\u00f3rio, cerca de 8 s\u00e3o por conta de crises de ansiedade pelo excesso de trabalho - Portal raizes noticias","robots":{"index":"index","follow":"follow","max-snippet":"max-snippet:-1","max-image-preview":"max-image-preview:large","max-video-preview":"max-video-preview:-1"},"canonical":"https:\/\/portalraizesnoticias.com.br\/?p=4748","og_locale":"pt_BR","og_type":"article","og_title":"Coit\u00e9: M\u00e9dico Rangel Mascarenhas revela que, de cada 10 pacientes que procuram consult\u00f3rio, cerca de 8 s\u00e3o por conta de crises de ansiedade pelo excesso de trabalho - Portal raizes noticias","og_description":"Uma pesquisa realizada pela jornalista Rafaela Rodrigues junto ao m\u00e9dico Rangel Mascarenhas do Centro de Aten\u00e7\u00e3o Psicossocial (CAPS), revelou que, dentre dez pacientes que o procuram em Concei\u00e7\u00e3o do Coit\u00e9, cerca de oito apresentam sintomas que est\u00e3o relacionados \u00e0 ansiedade no ambiente de trabalho. \u201cAs queixas de sobrecarga s\u00e3o cada vez mais comuns. O cen\u00e1rio atual de alta exig\u00eancia profissional, somado a fatores socioecon\u00f4micos tem contribu\u00eddo para esse aumento de casos de ansiedade e esgotamento de trabalho na cidade\u201d, disse Rangel. Conforme o especialista, as crises podem se manifestar de diversas maneiras, tais como dificuldade de concentra\u00e7\u00e3o, sensa\u00e7\u00e3o de falta de ar, taquicardia, sudorese, tremores e at\u00e9 mesmo pensamentos desagrad\u00e1veis sobre o desempenho profissional. \u201cMuitas vezes o indiv\u00edduo sente um medo intenso e desproporcional diante de tarefas ou prazos, o que pode comprometer sua produtividade e bem-estar\u201d, explicou Rangel. A ansiedade recorrente, o estresse no trabalho podem evoluir para outros dist\u00farbios mais graves, como explica o psiquiatra: \u201cTranstorno de Aten\u00e7\u00e3o, Transtorno de Ansiedade Generalizada (TAG), S\u00edndrome do P\u00e2nico, depress\u00e3o, esgotamento profissional (burnout) e at\u00e9 problemas f\u00edsicos, como hipertens\u00e3o e problemas gastrointestinais.\u201d SAIBA MAIS! Como \u00e9 poss\u00edvel controlar a ansiedade? M\u00e9dico \u2014 Controle da ansiedade pode envolver diversas abordagens, como t\u00e9cnicas de respira\u00e7\u00e3o, mindfulness, exerc\u00edcios f\u00edsicos, psicoterapia e, em alguns casos, uso de medicamentos prescritos por um profissional. Al\u00e9m disso, a organiza\u00e7\u00e3o da rotina, o equil\u00edbrio entre vida pessoal e profissional e a busca por momentos de lazer s\u00e3o essenciais para minimizar os impactos da ansiedade. Quando o servi\u00e7o adoece, qual a recomenda\u00e7\u00e3o do profissional? M\u00e9dico-O primeiro passo \u00e9 identificar os gatilhos do estresse e avaliar a intensidade dos sintomas. Dependendo do caso, pode ser necess\u00e1rio buscar apoio psicol\u00f3gico, estabelecer limites no ambiente de trabalho e at\u00e9 considerar mudan\u00e7as no estilo de vida ou na pr\u00f3pria carreira. A sa\u00fade mental deve ser prioridade. O senhor considera que seria ben\u00e9fico investir em atividades no ambiente de trabalho para lidar com as crises? Quais? M\u00e9dico- Sim, as empresas podem e devem investir em a\u00e7\u00f5es que promovam o bem-estar dos colaboradores. Algumas estrat\u00e9gias eficazes incluem programas de apoio psicol\u00f3gico, pausas ativas, ambientes de trabalho mais humanizados, flexibiliza\u00e7\u00e3o de hor\u00e1rios, incentivo \u00e0 pr\u00e1tica de atividades f\u00edsicas e treinamentos voltados \u00e0 gest\u00e3o emocional. Qual o conselho que o senhor d\u00e1 aos pacientes que est\u00e3o apresentando os sintomas? M\u00e9dico-A orienta\u00e7\u00e3o inicial \u00e9 buscar compreender os fatores que desencadeiam a ansiedade e adotar estrat\u00e9gias para manej\u00e1-la. Pr\u00e1ticas como t\u00e9cnicas de relaxamento, organiza\u00e7\u00e3o da rotina e psicoterapia s\u00e3o fundamentais. Nos casos mais severos, pode ser necess\u00e1rio um acompanhamento psiqui\u00e1trico para avaliar a necessidade de tratamento medicamentoso. Por Rafaela Rodrigues Foto: Ilustra\u00e7\u00e3o","og_url":"https:\/\/portalraizesnoticias.com.br\/?p=4748","og_site_name":"Portal raizes noticias","article_published_time":"2025-02-10T22:34:44+00:00","article_modified_time":"2025-02-10T22:48:57+00:00","og_image":[{"width":1024,"height":1399,"url":"https:\/\/portalraizesnoticias.com.br\/wp-content\/uploads\/2025\/02\/IMG-20250210-WA0598.jpg","type":"image\/jpeg"}],"author":"Portal Raizes","twitter_card":"summary_large_image","twitter_misc":{"Escrito por":"Portal Raizes","Est. tempo de leitura":"3 minutos"},"schema":{"@context":"https:\/\/schema.org","@graph":[{"@type":"Article","@id":"https:\/\/portalraizesnoticias.com.br\/?p=4748#article","isPartOf":{"@id":"https:\/\/portalraizesnoticias.com.br\/?p=4748"},"author":{"name":"Portal Raizes","@id":"https:\/\/portalraizesnoticias.com.br\/#\/schema\/person\/a3ca6b0fc701e78df19756c417d943ae"},"headline":"Coit\u00e9: M\u00e9dico Rangel Mascarenhas revela que, de cada 10 pacientes que procuram consult\u00f3rio, cerca de 8 s\u00e3o por conta de crises de ansiedade pelo excesso de trabalho","datePublished":"2025-02-10T22:34:44+00:00","dateModified":"2025-02-10T22:48:57+00:00","mainEntityOfPage":{"@id":"https:\/\/portalraizesnoticias.com.br\/?p=4748"},"wordCount":513,"commentCount":0,"publisher":{"@id":"https:\/\/portalraizesnoticias.com.br\/#organization"},"image":{"@id":"https:\/\/portalraizesnoticias.com.br\/?p=4748#primaryimage"},"thumbnailUrl":"https:\/\/portalraizesnoticias.com.br\/wp-content\/uploads\/2025\/02\/IMG-20250210-WA0598.jpg","keywords":["Ansiedade","Coit\u00e9","Excesso de trabalho","Sa\u00fade mental"],"articleSection":["DESTAQUES","SA\u00daDE","ULTIMAS NOTICIAS"],"inLanguage":"pt-BR","potentialAction":[{"@type":"CommentAction","name":"Comment","target":["https:\/\/portalraizesnoticias.com.br\/?p=4748#respond"]}]},{"@type":"WebPage","@id":"https:\/\/portalraizesnoticias.com.br\/?p=4748","url":"https:\/\/portalraizesnoticias.com.br\/?p=4748","name":"Coit\u00e9: M\u00e9dico Rangel Mascarenhas revela que, de cada 10 pacientes que procuram consult\u00f3rio, cerca de 8 s\u00e3o por conta de crises de ansiedade pelo excesso de trabalho - Portal raizes noticias","isPartOf":{"@id":"https:\/\/portalraizesnoticias.com.br\/#website"},"primaryImageOfPage":{"@id":"https:\/\/portalraizesnoticias.com.br\/?p=4748#primaryimage"},"image":{"@id":"https:\/\/portalraizesnoticias.com.br\/?p=4748#primaryimage"},"thumbnailUrl":"https:\/\/portalraizesnoticias.com.br\/wp-content\/uploads\/2025\/02\/IMG-20250210-WA0598.jpg","datePublished":"2025-02-10T22:34:44+00:00","dateModified":"2025-02-10T22:48:57+00:00","breadcrumb":{"@id":"https:\/\/portalraizesnoticias.com.br\/?p=4748#breadcrumb"},"inLanguage":"pt-BR","potentialAction":[{"@type":"ReadAction","target":["https:\/\/portalraizesnoticias.com.br\/?p=4748"]}]},{"@type":"ImageObject","inLanguage":"pt-BR","@id":"https:\/\/portalraizesnoticias.com.br\/?p=4748#primaryimage","url":"https:\/\/portalraizesnoticias.com.br\/wp-content\/uploads\/2025\/02\/IMG-20250210-WA0598.jpg","contentUrl":"https:\/\/portalraizesnoticias.com.br\/wp-content\/uploads\/2025\/02\/IMG-20250210-WA0598.jpg","width":1024,"height":1399},{"@type":"BreadcrumbList","@id":"https:\/\/portalraizesnoticias.com.br\/?p=4748#breadcrumb","itemListElement":[{"@type":"ListItem","position":1,"name":"In\u00edcio","item":"https:\/\/portalraizesnoticias.com.br\/"},{"@type":"ListItem","position":2,"name":"Coit\u00e9: M\u00e9dico Rangel Mascarenhas revela que, de cada 10 pacientes que procuram consult\u00f3rio, cerca de 8 s\u00e3o por conta de crises de ansiedade pelo excesso de trabalho"}]},{"@type":"WebSite","@id":"https:\/\/portalraizesnoticias.com.br\/#website","url":"https:\/\/portalraizesnoticias.com.br\/","name":"Portal raizes NOTICIAS","description":"site de noticias de concei\u00e7\u00e3o do coit\u00e9 e regi\u00e3o","publisher":{"@id":"https:\/\/portalraizesnoticias.com.br\/#organization"},"alternateName":"PORTAL RAIZES COIT\u00c9","potentialAction":[{"@type":"SearchAction","target":{"@type":"EntryPoint","urlTemplate":"https:\/\/portalraizesnoticias.com.br\/?s={search_term_string}"},"query-input":{"@type":"PropertyValueSpecification","valueRequired":true,"valueName":"search_term_string"}}],"inLanguage":"pt-BR"},{"@type":"Organization","@id":"https:\/\/portalraizesnoticias.com.br\/#organization","name":"Portal raizes NOTICIAS","url":"https:\/\/portalraizesnoticias.com.br\/","logo":{"@type":"ImageObject","inLanguage":"pt-BR","@id":"https:\/\/portalraizesnoticias.com.br\/#\/schema\/logo\/image\/","url":"https:\/\/portalraizesnoticias.com.br\/wp-content\/uploads\/2024\/09\/cropped-Captura-de-tela-2024-09-08-011108.png","contentUrl":"https:\/\/portalraizesnoticias.com.br\/wp-content\/uploads\/2024\/09\/cropped-Captura-de-tela-2024-09-08-011108.png","width":606,"height":173,"caption":"Portal raizes NOTICIAS"},"image":{"@id":"https:\/\/portalraizesnoticias.com.br\/#\/schema\/logo\/image\/"}},{"@type":"Person","@id":"https:\/\/portalraizesnoticias.com.br\/#\/schema\/person\/a3ca6b0fc701e78df19756c417d943ae","name":"Portal Raizes","image":{"@type":"ImageObject","inLanguage":"pt-BR","@id":"https:\/\/portalraizesnoticias.com.br\/#\/schema\/person\/image\/","url":"https:\/\/secure.gravatar.com\/avatar\/ef450d29013a3d3fba867a12a249d7b1?s=96&d=mm&r=g","contentUrl":"https:\/\/secure.gravatar.com\/avatar\/ef450d29013a3d3fba867a12a249d7b1?s=96&d=mm&r=g","caption":"Portal Raizes"},"url":"https:\/\/portalraizesnoticias.com.br\/?author=3"}]}},"_links":{"self":[{"href":"https:\/\/portalraizesnoticias.com.br\/index.php?rest_route=\/wp\/v2\/posts\/4748"}],"collection":[{"href":"https:\/\/portalraizesnoticias.com.br\/index.php?rest_route=\/wp\/v2\/posts"}],"about":[{"href":"https:\/\/portalraizesnoticias.com.br\/index.php?rest_route=\/wp\/v2\/types\/post"}],"author":[{"embeddable":true,"href":"https:\/\/portalraizesnoticias.com.br\/index.php?rest_route=\/wp\/v2\/users\/3"}],"replies":[{"embeddable":true,"href":"https:\/\/portalraizesnoticias.com.br\/index.php?rest_route=%2Fwp%2Fv2%2Fcomments&post=4748"}],"version-history":[{"count":1,"href":"https:\/\/portalraizesnoticias.com.br\/index.php?rest_route=\/wp\/v2\/posts\/4748\/revisions"}],"predecessor-version":[{"id":4751,"href":"https:\/\/portalraizesnoticias.com.br\/index.php?rest_route=\/wp\/v2\/posts\/4748\/revisions\/4751"}],"wp:featuredmedia":[{"embeddable":true,"href":"https:\/\/portalraizesnoticias.com.br\/index.php?rest_route=\/wp\/v2\/media\/4752"}],"wp:attachment":[{"href":"https:\/\/portalraizesnoticias.com.br\/index.php?rest_route=%2Fwp%2Fv2%2Fmedia&parent=4748"}],"wp:term":[{"taxonomy":"category","embeddable":true,"href":"https:\/\/portalraizesnoticias.com.br\/index.php?rest_route=%2Fwp%2Fv2%2Fcategories&post=4748"},{"taxonomy":"post_tag","embeddable":true,"href":"https:\/\/portalraizesnoticias.com.br\/index.php?rest_route=%2Fwp%2Fv2%2Ftags&post=4748"}],"curies":[{"name":"wp","href":"https:\/\/api.w.org\/{rel}","templated":true}]}}