{"id":4740,"date":"2025-02-10T10:17:29","date_gmt":"2025-02-10T13:17:29","guid":{"rendered":"https:\/\/portalraizesnoticias.com.br\/?p=4740"},"modified":"2025-02-10T10:30:53","modified_gmt":"2025-02-10T13:30:53","slug":"jovem-e-agredida-e-tem-parte-dos-cabelos-queimados-por-padastro-no-bairro-casas-populares-em-conceicao-do-coite","status":"publish","type":"post","link":"https:\/\/portalraizesnoticias.com.br\/?p=4740","title":{"rendered":"Jovem \u00e9 agredida e tem parte dos cabelos queimados por padastro no bairro Casas Populares em Concei\u00e7\u00e3o do Coit\u00e9"},"content":{"rendered":"<div>Por volta das 23h30 deste domingo (09), uma mulher de 20 anos foi v\u00edtima de viol\u00eancia dom\u00e9stica no Casulo, rua 07, bairro Casas Populares, em Concei\u00e7\u00e3o do Coit\u00e9, Bahia.<\/div>\n<div><\/div>\n<div><\/div>\n<div><img fetchpriority=\"high\" decoding=\"async\" class=\"size-medium wp-image-3171 aligncenter\" src=\"https:\/\/portalraizesnoticias.com.br\/wp-content\/uploads\/2024\/12\/Brasao-Clube-de-Tiro-vetorizado-2-300x176.png\" alt=\"\" width=\"300\" height=\"176\" srcset=\"https:\/\/portalraizesnoticias.com.br\/wp-content\/uploads\/2024\/12\/Brasao-Clube-de-Tiro-vetorizado-2-300x176.png 300w, https:\/\/portalraizesnoticias.com.br\/wp-content\/uploads\/2024\/12\/Brasao-Clube-de-Tiro-vetorizado-2-1024x602.png 1024w, https:\/\/portalraizesnoticias.com.br\/wp-content\/uploads\/2024\/12\/Brasao-Clube-de-Tiro-vetorizado-2-768x451.png 768w, https:\/\/portalraizesnoticias.com.br\/wp-content\/uploads\/2024\/12\/Brasao-Clube-de-Tiro-vetorizado-2-1536x902.png 1536w, https:\/\/portalraizesnoticias.com.br\/wp-content\/uploads\/2024\/12\/Brasao-Clube-de-Tiro-vetorizado-2-2048x1203.png 2048w\" sizes=\"(max-width: 300px) 100vw, 300px\" \/><\/div>\n<div><\/div>\n<div style=\"text-align: center;\"><strong>PUBLICIDADE\u00a0<\/strong><\/div>\n<div style=\"text-align: center;\"><strong>\u00a075 9981-3731<\/strong><\/div>\n<div>Segundo informa\u00e7\u00f5es obtidas pela jornalista Rafaela Rodrigues junto \u00e0 pol\u00edcia, a v\u00edtima T. S. relatou a PM que foi agredida e teve parte dos seus cabelos queimados pelo seu padrasto..<\/div>\n<div><img decoding=\"async\" class=\"size-medium wp-image-4639 aligncenter\" src=\"https:\/\/portalraizesnoticias.com.br\/wp-content\/uploads\/2025\/02\/IMG-20250205-WA0440-300x300.jpg\" alt=\"\" width=\"300\" height=\"300\" srcset=\"https:\/\/portalraizesnoticias.com.br\/wp-content\/uploads\/2025\/02\/IMG-20250205-WA0440-300x300.jpg 300w, https:\/\/portalraizesnoticias.com.br\/wp-content\/uploads\/2025\/02\/IMG-20250205-WA0440-1024x1024.jpg 1024w, https:\/\/portalraizesnoticias.com.br\/wp-content\/uploads\/2025\/02\/IMG-20250205-WA0440-150x150.jpg 150w, https:\/\/portalraizesnoticias.com.br\/wp-content\/uploads\/2025\/02\/IMG-20250205-WA0440-768x768.jpg 768w, https:\/\/portalraizesnoticias.com.br\/wp-content\/uploads\/2025\/02\/IMG-20250205-WA0440.jpg 1080w\" sizes=\"(max-width: 300px) 100vw, 300px\" \/><\/div>\n<div style=\"text-align: center;\"><strong>PUBLICIDADE<\/strong><\/div>\n<div><\/div>\n<div>A jovem disse ainda aos policiais que iria pernoitar na casa de uma amiga, tendo sido orientada a registrar boletim de ocorr\u00eancia na delegacia.<\/div>\n<div><\/div>\n<div><img decoding=\"async\" class=\"size-medium wp-image-4298 aligncenter\" src=\"https:\/\/portalraizesnoticias.com.br\/wp-content\/uploads\/2025\/01\/IMG-20250120-WA0370-1-210x300.jpg\" alt=\"\" width=\"210\" height=\"300\" srcset=\"https:\/\/portalraizesnoticias.com.br\/wp-content\/uploads\/2025\/01\/IMG-20250120-WA0370-1-210x300.jpg 210w, https:\/\/portalraizesnoticias.com.br\/wp-content\/uploads\/2025\/01\/IMG-20250120-WA0370-1-717x1024.jpg 717w, https:\/\/portalraizesnoticias.com.br\/wp-content\/uploads\/2025\/01\/IMG-20250120-WA0370-1-768x1096.jpg 768w, https:\/\/portalraizesnoticias.com.br\/wp-content\/uploads\/2025\/01\/IMG-20250120-WA0370-1-1076x1536.jpg 1076w, https:\/\/portalraizesnoticias.com.br\/wp-content\/uploads\/2025\/01\/IMG-20250120-WA0370-1.jpg 1121w\" sizes=\"(max-width: 210px) 100vw, 210px\" \/><\/div>\n<div style=\"text-align: center;\"><strong>PUBLICIDADE<\/strong><\/div>\n<div><\/div>\n<div>A guarni\u00e7\u00e3o realizou rondas de modo a encontrar o autor, por\u00e9m sem \u00eaxito.<\/div>\n<div><\/div>\n<div><\/div>\n<div>Reda\u00e7\u00e3o Portal Ra\u00edzes.<\/div>\n<div>Foto: Ilustra\u00e7\u00e3o<\/div>\n","protected":false},"excerpt":{"rendered":"<p>Por volta das 23h30 deste domingo (09), uma mulher de 20 anos foi v\u00edtima de viol\u00eancia dom\u00e9stica no Casulo, rua 07, bairro Casas Populares, em Concei\u00e7\u00e3o do Coit\u00e9, Bahia. PUBLICIDADE\u00a0 \u00a075 9981-3731 Segundo informa\u00e7\u00f5es obtidas pela jornalista Rafaela Rodrigues junto \u00e0 pol\u00edcia, a v\u00edtima T. S. relatou a PM que foi agredida e teve parte dos seus cabelos queimados pelo seu padrasto.. PUBLICIDADE A jovem disse ainda aos policiais que iria pernoitar na casa de uma amiga, tendo sido orientada a registrar boletim de ocorr\u00eancia na delegacia. PUBLICIDADE A guarni\u00e7\u00e3o realizou rondas de modo a encontrar o autor, por\u00e9m sem \u00eaxito. Reda\u00e7\u00e3o Portal Ra\u00edzes. Foto: Ilustra\u00e7\u00e3o<\/p>\n","protected":false},"author":3,"featured_media":4741,"comment_status":"open","ping_status":"open","sticky":false,"template":"","format":"standard","meta":{"_joinchat":[],"footnotes":""},"categories":[55,67,59],"tags":[713,807,75,178,808],"class_list":["post-4740","post","type-post","status-publish","format-standard","has-post-thumbnail","hentry","category-destaques","category-policia","category-ultimas-noticias","tag-agredida","tag-cabelos","tag-coite","tag-mulher","tag-queimados"],"yoast_head":"<!-- This site is optimized with the Yoast SEO plugin v24.4 - https:\/\/yoast.com\/wordpress\/plugins\/seo\/ -->\n<title>Jovem \u00e9 agredida e tem parte dos cabelos queimados por padastro no bairro Casas Populares em Concei\u00e7\u00e3o do Coit\u00e9 - Portal raizes noticias<\/title>\n<meta name=\"robots\" content=\"index, follow, max-snippet:-1, max-image-preview:large, max-video-preview:-1\" \/>\n<link rel=\"canonical\" href=\"https:\/\/portalraizesnoticias.com.br\/?p=4740\" \/>\n<meta property=\"og:locale\" content=\"pt_BR\" \/>\n<meta property=\"og:type\" content=\"article\" \/>\n<meta property=\"og:title\" content=\"Jovem \u00e9 agredida e tem parte dos cabelos queimados por padastro no bairro Casas Populares em Concei\u00e7\u00e3o do Coit\u00e9 - Portal raizes noticias\" \/>\n<meta property=\"og:description\" content=\"Por volta das 23h30 deste domingo (09), uma mulher de 20 anos foi v\u00edtima de viol\u00eancia dom\u00e9stica no Casulo, rua 07, bairro Casas Populares, em Concei\u00e7\u00e3o do Coit\u00e9, Bahia. PUBLICIDADE\u00a0 \u00a075 9981-3731 Segundo informa\u00e7\u00f5es obtidas pela jornalista Rafaela Rodrigues junto \u00e0 pol\u00edcia, a v\u00edtima T. S. relatou a PM que foi agredida e teve parte dos seus cabelos queimados pelo seu padrasto.. PUBLICIDADE A jovem disse ainda aos policiais que iria pernoitar na casa de uma amiga, tendo sido orientada a registrar boletim de ocorr\u00eancia na delegacia. PUBLICIDADE A guarni\u00e7\u00e3o realizou rondas de modo a encontrar o autor, por\u00e9m sem \u00eaxito. Reda\u00e7\u00e3o Portal Ra\u00edzes. Foto: Ilustra\u00e7\u00e3o\" \/>\n<meta property=\"og:url\" content=\"https:\/\/portalraizesnoticias.com.br\/?p=4740\" \/>\n<meta property=\"og:site_name\" content=\"Portal raizes noticias\" \/>\n<meta property=\"article:published_time\" content=\"2025-02-10T13:17:29+00:00\" \/>\n<meta property=\"article:modified_time\" content=\"2025-02-10T13:30:53+00:00\" \/>\n<meta property=\"og:image\" content=\"https:\/\/portalraizesnoticias.com.br\/wp-content\/uploads\/2025\/02\/images-14.jpeg\" \/>\n\t<meta property=\"og:image:width\" content=\"715\" \/>\n\t<meta property=\"og:image:height\" content=\"429\" \/>\n\t<meta property=\"og:image:type\" content=\"image\/jpeg\" \/>\n<meta name=\"author\" content=\"Portal Raizes\" \/>\n<meta name=\"twitter:card\" content=\"summary_large_image\" \/>\n<meta name=\"twitter:label1\" content=\"Escrito por\" \/>\n\t<meta name=\"twitter:data1\" content=\"Portal Raizes\" \/>\n\t<meta name=\"twitter:label2\" content=\"Est. tempo de leitura\" \/>\n\t<meta name=\"twitter:data2\" content=\"2 minutos\" \/>\n<script type=\"application\/ld+json\" class=\"yoast-schema-graph\">{\"@context\":\"https:\/\/schema.org\",\"@graph\":[{\"@type\":\"Article\",\"@id\":\"https:\/\/portalraizesnoticias.com.br\/?p=4740#article\",\"isPartOf\":{\"@id\":\"https:\/\/portalraizesnoticias.com.br\/?p=4740\"},\"author\":{\"name\":\"Portal Raizes\",\"@id\":\"https:\/\/portalraizesnoticias.com.br\/#\/schema\/person\/a3ca6b0fc701e78df19756c417d943ae\"},\"headline\":\"Jovem \u00e9 agredida e tem parte dos cabelos queimados por padastro no bairro Casas Populares em Concei\u00e7\u00e3o do Coit\u00e9\",\"datePublished\":\"2025-02-10T13:17:29+00:00\",\"dateModified\":\"2025-02-10T13:30:53+00:00\",\"mainEntityOfPage\":{\"@id\":\"https:\/\/portalraizesnoticias.com.br\/?p=4740\"},\"wordCount\":133,\"commentCount\":0,\"publisher\":{\"@id\":\"https:\/\/portalraizesnoticias.com.br\/#organization\"},\"image\":{\"@id\":\"https:\/\/portalraizesnoticias.com.br\/?p=4740#primaryimage\"},\"thumbnailUrl\":\"https:\/\/portalraizesnoticias.com.br\/wp-content\/uploads\/2025\/02\/images-14.jpeg\",\"keywords\":[\"Agredida\",\"Cabelos\",\"Coit\u00e9\",\"Mulher\",\"Queimados\"],\"articleSection\":[\"DESTAQUES\",\"POLICIA\",\"ULTIMAS NOTICIAS\"],\"inLanguage\":\"pt-BR\",\"potentialAction\":[{\"@type\":\"CommentAction\",\"name\":\"Comment\",\"target\":[\"https:\/\/portalraizesnoticias.com.br\/?p=4740#respond\"]}]},{\"@type\":\"WebPage\",\"@id\":\"https:\/\/portalraizesnoticias.com.br\/?p=4740\",\"url\":\"https:\/\/portalraizesnoticias.com.br\/?p=4740\",\"name\":\"Jovem \u00e9 agredida e tem parte dos cabelos queimados por padastro no bairro Casas Populares em Concei\u00e7\u00e3o do Coit\u00e9 - Portal raizes noticias\",\"isPartOf\":{\"@id\":\"https:\/\/portalraizesnoticias.com.br\/#website\"},\"primaryImageOfPage\":{\"@id\":\"https:\/\/portalraizesnoticias.com.br\/?p=4740#primaryimage\"},\"image\":{\"@id\":\"https:\/\/portalraizesnoticias.com.br\/?p=4740#primaryimage\"},\"thumbnailUrl\":\"https:\/\/portalraizesnoticias.com.br\/wp-content\/uploads\/2025\/02\/images-14.jpeg\",\"datePublished\":\"2025-02-10T13:17:29+00:00\",\"dateModified\":\"2025-02-10T13:30:53+00:00\",\"breadcrumb\":{\"@id\":\"https:\/\/portalraizesnoticias.com.br\/?p=4740#breadcrumb\"},\"inLanguage\":\"pt-BR\",\"potentialAction\":[{\"@type\":\"ReadAction\",\"target\":[\"https:\/\/portalraizesnoticias.com.br\/?p=4740\"]}]},{\"@type\":\"ImageObject\",\"inLanguage\":\"pt-BR\",\"@id\":\"https:\/\/portalraizesnoticias.com.br\/?p=4740#primaryimage\",\"url\":\"https:\/\/portalraizesnoticias.com.br\/wp-content\/uploads\/2025\/02\/images-14.jpeg\",\"contentUrl\":\"https:\/\/portalraizesnoticias.com.br\/wp-content\/uploads\/2025\/02\/images-14.jpeg\",\"width\":715,\"height\":429},{\"@type\":\"BreadcrumbList\",\"@id\":\"https:\/\/portalraizesnoticias.com.br\/?p=4740#breadcrumb\",\"itemListElement\":[{\"@type\":\"ListItem\",\"position\":1,\"name\":\"In\u00edcio\",\"item\":\"https:\/\/portalraizesnoticias.com.br\/\"},{\"@type\":\"ListItem\",\"position\":2,\"name\":\"Jovem \u00e9 agredida e tem parte dos cabelos queimados por padastro no bairro Casas Populares em Concei\u00e7\u00e3o do Coit\u00e9\"}]},{\"@type\":\"WebSite\",\"@id\":\"https:\/\/portalraizesnoticias.com.br\/#website\",\"url\":\"https:\/\/portalraizesnoticias.com.br\/\",\"name\":\"Portal raizes NOTICIAS\",\"description\":\"site de noticias de concei\u00e7\u00e3o do coit\u00e9 e regi\u00e3o\",\"publisher\":{\"@id\":\"https:\/\/portalraizesnoticias.com.br\/#organization\"},\"alternateName\":\"PORTAL RAIZES COIT\u00c9\",\"potentialAction\":[{\"@type\":\"SearchAction\",\"target\":{\"@type\":\"EntryPoint\",\"urlTemplate\":\"https:\/\/portalraizesnoticias.com.br\/?s={search_term_string}\"},\"query-input\":{\"@type\":\"PropertyValueSpecification\",\"valueRequired\":true,\"valueName\":\"search_term_string\"}}],\"inLanguage\":\"pt-BR\"},{\"@type\":\"Organization\",\"@id\":\"https:\/\/portalraizesnoticias.com.br\/#organization\",\"name\":\"Portal raizes NOTICIAS\",\"url\":\"https:\/\/portalraizesnoticias.com.br\/\",\"logo\":{\"@type\":\"ImageObject\",\"inLanguage\":\"pt-BR\",\"@id\":\"https:\/\/portalraizesnoticias.com.br\/#\/schema\/logo\/image\/\",\"url\":\"https:\/\/portalraizesnoticias.com.br\/wp-content\/uploads\/2024\/09\/cropped-Captura-de-tela-2024-09-08-011108.png\",\"contentUrl\":\"https:\/\/portalraizesnoticias.com.br\/wp-content\/uploads\/2024\/09\/cropped-Captura-de-tela-2024-09-08-011108.png\",\"width\":606,\"height\":173,\"caption\":\"Portal raizes NOTICIAS\"},\"image\":{\"@id\":\"https:\/\/portalraizesnoticias.com.br\/#\/schema\/logo\/image\/\"}},{\"@type\":\"Person\",\"@id\":\"https:\/\/portalraizesnoticias.com.br\/#\/schema\/person\/a3ca6b0fc701e78df19756c417d943ae\",\"name\":\"Portal Raizes\",\"image\":{\"@type\":\"ImageObject\",\"inLanguage\":\"pt-BR\",\"@id\":\"https:\/\/portalraizesnoticias.com.br\/#\/schema\/person\/image\/\",\"url\":\"https:\/\/secure.gravatar.com\/avatar\/ef450d29013a3d3fba867a12a249d7b1?s=96&d=mm&r=g\",\"contentUrl\":\"https:\/\/secure.gravatar.com\/avatar\/ef450d29013a3d3fba867a12a249d7b1?s=96&d=mm&r=g\",\"caption\":\"Portal Raizes\"},\"url\":\"https:\/\/portalraizesnoticias.com.br\/?author=3\"}]}<\/script>\n<!-- \/ Yoast SEO plugin. -->","yoast_head_json":{"title":"Jovem \u00e9 agredida e tem parte dos cabelos queimados por padastro no bairro Casas Populares em Concei\u00e7\u00e3o do Coit\u00e9 - Portal raizes noticias","robots":{"index":"index","follow":"follow","max-snippet":"max-snippet:-1","max-image-preview":"max-image-preview:large","max-video-preview":"max-video-preview:-1"},"canonical":"https:\/\/portalraizesnoticias.com.br\/?p=4740","og_locale":"pt_BR","og_type":"article","og_title":"Jovem \u00e9 agredida e tem parte dos cabelos queimados por padastro no bairro Casas Populares em Concei\u00e7\u00e3o do Coit\u00e9 - Portal raizes noticias","og_description":"Por volta das 23h30 deste domingo (09), uma mulher de 20 anos foi v\u00edtima de viol\u00eancia dom\u00e9stica no Casulo, rua 07, bairro Casas Populares, em Concei\u00e7\u00e3o do Coit\u00e9, Bahia. PUBLICIDADE\u00a0 \u00a075 9981-3731 Segundo informa\u00e7\u00f5es obtidas pela jornalista Rafaela Rodrigues junto \u00e0 pol\u00edcia, a v\u00edtima T. S. relatou a PM que foi agredida e teve parte dos seus cabelos queimados pelo seu padrasto.. PUBLICIDADE A jovem disse ainda aos policiais que iria pernoitar na casa de uma amiga, tendo sido orientada a registrar boletim de ocorr\u00eancia na delegacia. PUBLICIDADE A guarni\u00e7\u00e3o realizou rondas de modo a encontrar o autor, por\u00e9m sem \u00eaxito. Reda\u00e7\u00e3o Portal Ra\u00edzes. Foto: Ilustra\u00e7\u00e3o","og_url":"https:\/\/portalraizesnoticias.com.br\/?p=4740","og_site_name":"Portal raizes noticias","article_published_time":"2025-02-10T13:17:29+00:00","article_modified_time":"2025-02-10T13:30:53+00:00","og_image":[{"width":715,"height":429,"url":"https:\/\/portalraizesnoticias.com.br\/wp-content\/uploads\/2025\/02\/images-14.jpeg","type":"image\/jpeg"}],"author":"Portal Raizes","twitter_card":"summary_large_image","twitter_misc":{"Escrito por":"Portal Raizes","Est. tempo de leitura":"2 minutos"},"schema":{"@context":"https:\/\/schema.org","@graph":[{"@type":"Article","@id":"https:\/\/portalraizesnoticias.com.br\/?p=4740#article","isPartOf":{"@id":"https:\/\/portalraizesnoticias.com.br\/?p=4740"},"author":{"name":"Portal Raizes","@id":"https:\/\/portalraizesnoticias.com.br\/#\/schema\/person\/a3ca6b0fc701e78df19756c417d943ae"},"headline":"Jovem \u00e9 agredida e tem parte dos cabelos queimados por padastro no bairro Casas Populares em Concei\u00e7\u00e3o do Coit\u00e9","datePublished":"2025-02-10T13:17:29+00:00","dateModified":"2025-02-10T13:30:53+00:00","mainEntityOfPage":{"@id":"https:\/\/portalraizesnoticias.com.br\/?p=4740"},"wordCount":133,"commentCount":0,"publisher":{"@id":"https:\/\/portalraizesnoticias.com.br\/#organization"},"image":{"@id":"https:\/\/portalraizesnoticias.com.br\/?p=4740#primaryimage"},"thumbnailUrl":"https:\/\/portalraizesnoticias.com.br\/wp-content\/uploads\/2025\/02\/images-14.jpeg","keywords":["Agredida","Cabelos","Coit\u00e9","Mulher","Queimados"],"articleSection":["DESTAQUES","POLICIA","ULTIMAS NOTICIAS"],"inLanguage":"pt-BR","potentialAction":[{"@type":"CommentAction","name":"Comment","target":["https:\/\/portalraizesnoticias.com.br\/?p=4740#respond"]}]},{"@type":"WebPage","@id":"https:\/\/portalraizesnoticias.com.br\/?p=4740","url":"https:\/\/portalraizesnoticias.com.br\/?p=4740","name":"Jovem \u00e9 agredida e tem parte dos cabelos queimados por padastro no bairro Casas Populares em Concei\u00e7\u00e3o do Coit\u00e9 - Portal raizes noticias","isPartOf":{"@id":"https:\/\/portalraizesnoticias.com.br\/#website"},"primaryImageOfPage":{"@id":"https:\/\/portalraizesnoticias.com.br\/?p=4740#primaryimage"},"image":{"@id":"https:\/\/portalraizesnoticias.com.br\/?p=4740#primaryimage"},"thumbnailUrl":"https:\/\/portalraizesnoticias.com.br\/wp-content\/uploads\/2025\/02\/images-14.jpeg","datePublished":"2025-02-10T13:17:29+00:00","dateModified":"2025-02-10T13:30:53+00:00","breadcrumb":{"@id":"https:\/\/portalraizesnoticias.com.br\/?p=4740#breadcrumb"},"inLanguage":"pt-BR","potentialAction":[{"@type":"ReadAction","target":["https:\/\/portalraizesnoticias.com.br\/?p=4740"]}]},{"@type":"ImageObject","inLanguage":"pt-BR","@id":"https:\/\/portalraizesnoticias.com.br\/?p=4740#primaryimage","url":"https:\/\/portalraizesnoticias.com.br\/wp-content\/uploads\/2025\/02\/images-14.jpeg","contentUrl":"https:\/\/portalraizesnoticias.com.br\/wp-content\/uploads\/2025\/02\/images-14.jpeg","width":715,"height":429},{"@type":"BreadcrumbList","@id":"https:\/\/portalraizesnoticias.com.br\/?p=4740#breadcrumb","itemListElement":[{"@type":"ListItem","position":1,"name":"In\u00edcio","item":"https:\/\/portalraizesnoticias.com.br\/"},{"@type":"ListItem","position":2,"name":"Jovem \u00e9 agredida e tem parte dos cabelos queimados por padastro no bairro Casas Populares em Concei\u00e7\u00e3o do Coit\u00e9"}]},{"@type":"WebSite","@id":"https:\/\/portalraizesnoticias.com.br\/#website","url":"https:\/\/portalraizesnoticias.com.br\/","name":"Portal raizes NOTICIAS","description":"site de noticias de concei\u00e7\u00e3o do coit\u00e9 e regi\u00e3o","publisher":{"@id":"https:\/\/portalraizesnoticias.com.br\/#organization"},"alternateName":"PORTAL RAIZES COIT\u00c9","potentialAction":[{"@type":"SearchAction","target":{"@type":"EntryPoint","urlTemplate":"https:\/\/portalraizesnoticias.com.br\/?s={search_term_string}"},"query-input":{"@type":"PropertyValueSpecification","valueRequired":true,"valueName":"search_term_string"}}],"inLanguage":"pt-BR"},{"@type":"Organization","@id":"https:\/\/portalraizesnoticias.com.br\/#organization","name":"Portal raizes NOTICIAS","url":"https:\/\/portalraizesnoticias.com.br\/","logo":{"@type":"ImageObject","inLanguage":"pt-BR","@id":"https:\/\/portalraizesnoticias.com.br\/#\/schema\/logo\/image\/","url":"https:\/\/portalraizesnoticias.com.br\/wp-content\/uploads\/2024\/09\/cropped-Captura-de-tela-2024-09-08-011108.png","contentUrl":"https:\/\/portalraizesnoticias.com.br\/wp-content\/uploads\/2024\/09\/cropped-Captura-de-tela-2024-09-08-011108.png","width":606,"height":173,"caption":"Portal raizes NOTICIAS"},"image":{"@id":"https:\/\/portalraizesnoticias.com.br\/#\/schema\/logo\/image\/"}},{"@type":"Person","@id":"https:\/\/portalraizesnoticias.com.br\/#\/schema\/person\/a3ca6b0fc701e78df19756c417d943ae","name":"Portal Raizes","image":{"@type":"ImageObject","inLanguage":"pt-BR","@id":"https:\/\/portalraizesnoticias.com.br\/#\/schema\/person\/image\/","url":"https:\/\/secure.gravatar.com\/avatar\/ef450d29013a3d3fba867a12a249d7b1?s=96&d=mm&r=g","contentUrl":"https:\/\/secure.gravatar.com\/avatar\/ef450d29013a3d3fba867a12a249d7b1?s=96&d=mm&r=g","caption":"Portal Raizes"},"url":"https:\/\/portalraizesnoticias.com.br\/?author=3"}]}},"_links":{"self":[{"href":"https:\/\/portalraizesnoticias.com.br\/index.php?rest_route=\/wp\/v2\/posts\/4740"}],"collection":[{"href":"https:\/\/portalraizesnoticias.com.br\/index.php?rest_route=\/wp\/v2\/posts"}],"about":[{"href":"https:\/\/portalraizesnoticias.com.br\/index.php?rest_route=\/wp\/v2\/types\/post"}],"author":[{"embeddable":true,"href":"https:\/\/portalraizesnoticias.com.br\/index.php?rest_route=\/wp\/v2\/users\/3"}],"replies":[{"embeddable":true,"href":"https:\/\/portalraizesnoticias.com.br\/index.php?rest_route=%2Fwp%2Fv2%2Fcomments&post=4740"}],"version-history":[{"count":3,"href":"https:\/\/portalraizesnoticias.com.br\/index.php?rest_route=\/wp\/v2\/posts\/4740\/revisions"}],"predecessor-version":[{"id":4744,"href":"https:\/\/portalraizesnoticias.com.br\/index.php?rest_route=\/wp\/v2\/posts\/4740\/revisions\/4744"}],"wp:featuredmedia":[{"embeddable":true,"href":"https:\/\/portalraizesnoticias.com.br\/index.php?rest_route=\/wp\/v2\/media\/4741"}],"wp:attachment":[{"href":"https:\/\/portalraizesnoticias.com.br\/index.php?rest_route=%2Fwp%2Fv2%2Fmedia&parent=4740"}],"wp:term":[{"taxonomy":"category","embeddable":true,"href":"https:\/\/portalraizesnoticias.com.br\/index.php?rest_route=%2Fwp%2Fv2%2Fcategories&post=4740"},{"taxonomy":"post_tag","embeddable":true,"href":"https:\/\/portalraizesnoticias.com.br\/index.php?rest_route=%2Fwp%2Fv2%2Ftags&post=4740"}],"curies":[{"name":"wp","href":"https:\/\/api.w.org\/{rel}","templated":true}]}}