{"id":4714,"date":"2025-02-08T22:03:07","date_gmt":"2025-02-09T01:03:07","guid":{"rendered":"https:\/\/portalraizesnoticias.com.br\/?p=4714"},"modified":"2025-02-08T22:03:07","modified_gmt":"2025-02-09T01:03:07","slug":"mae-e-filho-de-5-anos-ficam-feridos-apos-serem-atropelados-no-centro-de-conceicao-do-coite-motociclista-fugiu-do-local","status":"publish","type":"post","link":"https:\/\/portalraizesnoticias.com.br\/?p=4714","title":{"rendered":"M\u00e3e e filho de 5 anos ficam feridos ap\u00f3s serem atropelados no centro de Concei\u00e7\u00e3o do Coit\u00e9; motociclista fugiu do local"},"content":{"rendered":"<p>Uma m\u00e3e e seu filho de 5 anos foram atropelados na noite deste s\u00e1bado (08), por uma moto na Pra\u00e7a da Babil\u00f4nia, em Concei\u00e7\u00e3o do Coit\u00e9.<\/p>\n<p><img fetchpriority=\"high\" decoding=\"async\" class=\"size-medium wp-image-3845 aligncenter\" src=\"https:\/\/portalraizesnoticias.com.br\/wp-content\/uploads\/2025\/01\/banner-lateral-agencia-Neri-300x300.jpg\" alt=\"\" width=\"300\" height=\"300\" srcset=\"https:\/\/portalraizesnoticias.com.br\/wp-content\/uploads\/2025\/01\/banner-lateral-agencia-Neri-300x300.jpg 300w, https:\/\/portalraizesnoticias.com.br\/wp-content\/uploads\/2025\/01\/banner-lateral-agencia-Neri-1024x1024.jpg 1024w, https:\/\/portalraizesnoticias.com.br\/wp-content\/uploads\/2025\/01\/banner-lateral-agencia-Neri-150x150.jpg 150w, https:\/\/portalraizesnoticias.com.br\/wp-content\/uploads\/2025\/01\/banner-lateral-agencia-Neri-768x768.jpg 768w, https:\/\/portalraizesnoticias.com.br\/wp-content\/uploads\/2025\/01\/banner-lateral-agencia-Neri-1536x1536.jpg 1536w, https:\/\/portalraizesnoticias.com.br\/wp-content\/uploads\/2025\/01\/banner-lateral-agencia-Neri-2048x2048.jpg 2048w, https:\/\/portalraizesnoticias.com.br\/wp-content\/uploads\/2025\/01\/banner-lateral-agencia-Neri-scaled-700x700.jpg 700w, https:\/\/portalraizesnoticias.com.br\/wp-content\/uploads\/2025\/01\/banner-lateral-agencia-Neri-scaled-620x620.jpg 620w, https:\/\/portalraizesnoticias.com.br\/wp-content\/uploads\/2025\/01\/banner-lateral-agencia-Neri-scaled-400x400.jpg 400w\" sizes=\"(max-width: 300px) 100vw, 300px\" \/><\/p>\n<p style=\"text-align: center;\"><strong>PUBLICIDADE<\/strong><\/p>\n<p>Segundo informa\u00e7\u00f5es apuradas pelo Portal Ra\u00edzes junto ao \u00c1guia Resgate, as v\u00edtimas foram V. L., 47 anos. e o menor. P. L.<\/p>\n<p>O coordenador do \u00c1guia, Gildo Carneiro, informou que a mulher foi encontrada consciente, orientada, com escoria\u00e7\u00f5es pelo corpo e apresentando suspeita de fratura em um dos tornozelos.<\/p>\n<p><img decoding=\"async\" class=\"size-medium wp-image-3171 aligncenter\" src=\"https:\/\/portalraizesnoticias.com.br\/wp-content\/uploads\/2024\/12\/Brasao-Clube-de-Tiro-vetorizado-2-300x176.png\" alt=\"\" width=\"300\" height=\"176\" srcset=\"https:\/\/portalraizesnoticias.com.br\/wp-content\/uploads\/2024\/12\/Brasao-Clube-de-Tiro-vetorizado-2-300x176.png 300w, https:\/\/portalraizesnoticias.com.br\/wp-content\/uploads\/2024\/12\/Brasao-Clube-de-Tiro-vetorizado-2-1024x602.png 1024w, https:\/\/portalraizesnoticias.com.br\/wp-content\/uploads\/2024\/12\/Brasao-Clube-de-Tiro-vetorizado-2-768x451.png 768w, https:\/\/portalraizesnoticias.com.br\/wp-content\/uploads\/2024\/12\/Brasao-Clube-de-Tiro-vetorizado-2-1536x902.png 1536w, https:\/\/portalraizesnoticias.com.br\/wp-content\/uploads\/2024\/12\/Brasao-Clube-de-Tiro-vetorizado-2-2048x1203.png 2048w\" sizes=\"(max-width: 300px) 100vw, 300px\" \/><\/p>\n<p style=\"text-align: center;\"><strong>PUBLICIDADE\u00a0<\/strong><\/p>\n<p style=\"text-align: center;\"><strong>CONTATO: 75 9981-3731<\/strong><\/p>\n<p>O menino teve escoria\u00e7\u00f5es na regi\u00e3o da face.<\/p>\n<p>Ambos foram socorridos e encaminhados \u00e0s emerg\u00eancias do Hospital Portugu\u00eas e Unidade Materno Infantil (UMI) em Coit\u00e9.<\/p>\n<p><img decoding=\"async\" class=\"size-medium wp-image-2974 aligncenter\" src=\"https:\/\/portalraizesnoticias.com.br\/wp-content\/uploads\/2024\/12\/Imagem-do-WhatsApp-de-2024-12-13-as-17.29.14_14156b3f-300x300.jpg\" alt=\"\" width=\"300\" height=\"300\" srcset=\"https:\/\/portalraizesnoticias.com.br\/wp-content\/uploads\/2024\/12\/Imagem-do-WhatsApp-de-2024-12-13-as-17.29.14_14156b3f-300x300.jpg 300w, https:\/\/portalraizesnoticias.com.br\/wp-content\/uploads\/2024\/12\/Imagem-do-WhatsApp-de-2024-12-13-as-17.29.14_14156b3f-1024x1024.jpg 1024w, https:\/\/portalraizesnoticias.com.br\/wp-content\/uploads\/2024\/12\/Imagem-do-WhatsApp-de-2024-12-13-as-17.29.14_14156b3f-150x150.jpg 150w, https:\/\/portalraizesnoticias.com.br\/wp-content\/uploads\/2024\/12\/Imagem-do-WhatsApp-de-2024-12-13-as-17.29.14_14156b3f-768x768.jpg 768w, https:\/\/portalraizesnoticias.com.br\/wp-content\/uploads\/2024\/12\/Imagem-do-WhatsApp-de-2024-12-13-as-17.29.14_14156b3f-700x700.jpg 700w, https:\/\/portalraizesnoticias.com.br\/wp-content\/uploads\/2024\/12\/Imagem-do-WhatsApp-de-2024-12-13-as-17.29.14_14156b3f-620x620.jpg 620w, https:\/\/portalraizesnoticias.com.br\/wp-content\/uploads\/2024\/12\/Imagem-do-WhatsApp-de-2024-12-13-as-17.29.14_14156b3f-400x400.jpg 400w, https:\/\/portalraizesnoticias.com.br\/wp-content\/uploads\/2024\/12\/Imagem-do-WhatsApp-de-2024-12-13-as-17.29.14_14156b3f.jpg 1190w\" sizes=\"(max-width: 300px) 100vw, 300px\" \/><\/p>\n<p style=\"text-align: center;\"><strong>PUBLICIDADE<\/strong><\/p>\n<p>O condutor da moto n\u00e3o ficou no local da ocorr\u00eancia.<\/p>\n<p>Reda\u00e7\u00e3o Portal Ra\u00edzes.<\/p>\n<p>Informa\u00e7\u00f5es e fotos: \u00c1guia Resgate<\/p>\n","protected":false},"excerpt":{"rendered":"<p>Uma m\u00e3e e seu filho de 5 anos foram atropelados na noite deste s\u00e1bado (08), por uma moto na Pra\u00e7a da Babil\u00f4nia, em Concei\u00e7\u00e3o do Coit\u00e9. PUBLICIDADE Segundo informa\u00e7\u00f5es apuradas pelo Portal Ra\u00edzes junto ao \u00c1guia Resgate, as v\u00edtimas foram V. L., 47 anos. e o menor. P. L. O coordenador do \u00c1guia, Gildo Carneiro, informou que a mulher foi encontrada consciente, orientada, com escoria\u00e7\u00f5es pelo corpo e apresentando suspeita de fratura em um dos tornozelos. PUBLICIDADE\u00a0 CONTATO: 75 9981-3731 O menino teve escoria\u00e7\u00f5es na regi\u00e3o da face. Ambos foram socorridos e encaminhados \u00e0s emerg\u00eancias do Hospital Portugu\u00eas e Unidade Materno Infantil (UMI) em Coit\u00e9. PUBLICIDADE O condutor da moto n\u00e3o ficou no local da ocorr\u00eancia. Reda\u00e7\u00e3o Portal Ra\u00edzes. Informa\u00e7\u00f5es e fotos: \u00c1guia Resgate<\/p>\n","protected":false},"author":3,"featured_media":4715,"comment_status":"open","ping_status":"open","sticky":false,"template":"","format":"standard","meta":{"_joinchat":[],"footnotes":""},"categories":[58,55,59],"tags":[186,75,800],"class_list":["post-4714","post","type-post","status-publish","format-standard","has-post-thumbnail","hentry","category-acidentes","category-destaques","category-ultimas-noticias","tag-atropelados","tag-coite","tag-mae-e-filho"],"yoast_head":"<!-- This site is optimized with the Yoast SEO plugin v24.4 - https:\/\/yoast.com\/wordpress\/plugins\/seo\/ -->\n<title>M\u00e3e e filho de 5 anos ficam feridos ap\u00f3s serem atropelados no centro de Concei\u00e7\u00e3o do Coit\u00e9; motociclista fugiu do local - Portal raizes noticias<\/title>\n<meta name=\"robots\" content=\"index, follow, max-snippet:-1, max-image-preview:large, max-video-preview:-1\" \/>\n<link rel=\"canonical\" href=\"https:\/\/portalraizesnoticias.com.br\/?p=4714\" \/>\n<meta property=\"og:locale\" content=\"pt_BR\" \/>\n<meta property=\"og:type\" content=\"article\" \/>\n<meta property=\"og:title\" content=\"M\u00e3e e filho de 5 anos ficam feridos ap\u00f3s serem atropelados no centro de Concei\u00e7\u00e3o do Coit\u00e9; motociclista fugiu do local - Portal raizes noticias\" \/>\n<meta property=\"og:description\" content=\"Uma m\u00e3e e seu filho de 5 anos foram atropelados na noite deste s\u00e1bado (08), por uma moto na Pra\u00e7a da Babil\u00f4nia, em Concei\u00e7\u00e3o do Coit\u00e9. PUBLICIDADE Segundo informa\u00e7\u00f5es apuradas pelo Portal Ra\u00edzes junto ao \u00c1guia Resgate, as v\u00edtimas foram V. L., 47 anos. e o menor. P. L. O coordenador do \u00c1guia, Gildo Carneiro, informou que a mulher foi encontrada consciente, orientada, com escoria\u00e7\u00f5es pelo corpo e apresentando suspeita de fratura em um dos tornozelos. PUBLICIDADE\u00a0 CONTATO: 75 9981-3731 O menino teve escoria\u00e7\u00f5es na regi\u00e3o da face. Ambos foram socorridos e encaminhados \u00e0s emerg\u00eancias do Hospital Portugu\u00eas e Unidade Materno Infantil (UMI) em Coit\u00e9. PUBLICIDADE O condutor da moto n\u00e3o ficou no local da ocorr\u00eancia. Reda\u00e7\u00e3o Portal Ra\u00edzes. Informa\u00e7\u00f5es e fotos: \u00c1guia Resgate\" \/>\n<meta property=\"og:url\" content=\"https:\/\/portalraizesnoticias.com.br\/?p=4714\" \/>\n<meta property=\"og:site_name\" content=\"Portal raizes noticias\" \/>\n<meta property=\"article:published_time\" content=\"2025-02-09T01:03:07+00:00\" \/>\n<meta property=\"og:image\" content=\"https:\/\/portalraizesnoticias.com.br\/wp-content\/uploads\/2025\/02\/IMG-20250208-WA0484.jpg\" \/>\n\t<meta property=\"og:image:width\" content=\"1600\" \/>\n\t<meta property=\"og:image:height\" content=\"1200\" \/>\n\t<meta property=\"og:image:type\" content=\"image\/jpeg\" \/>\n<meta name=\"author\" content=\"Portal Raizes\" \/>\n<meta name=\"twitter:card\" content=\"summary_large_image\" \/>\n<meta name=\"twitter:label1\" content=\"Escrito por\" \/>\n\t<meta name=\"twitter:data1\" content=\"Portal Raizes\" \/>\n\t<meta name=\"twitter:label2\" content=\"Est. tempo de leitura\" \/>\n\t<meta name=\"twitter:data2\" content=\"2 minutos\" \/>\n<script type=\"application\/ld+json\" class=\"yoast-schema-graph\">{\"@context\":\"https:\/\/schema.org\",\"@graph\":[{\"@type\":\"Article\",\"@id\":\"https:\/\/portalraizesnoticias.com.br\/?p=4714#article\",\"isPartOf\":{\"@id\":\"https:\/\/portalraizesnoticias.com.br\/?p=4714\"},\"author\":{\"name\":\"Portal Raizes\",\"@id\":\"https:\/\/portalraizesnoticias.com.br\/#\/schema\/person\/a3ca6b0fc701e78df19756c417d943ae\"},\"headline\":\"M\u00e3e e filho de 5 anos ficam feridos ap\u00f3s serem atropelados no centro de Concei\u00e7\u00e3o do Coit\u00e9; motociclista fugiu do local\",\"datePublished\":\"2025-02-09T01:03:07+00:00\",\"mainEntityOfPage\":{\"@id\":\"https:\/\/portalraizesnoticias.com.br\/?p=4714\"},\"wordCount\":161,\"commentCount\":0,\"publisher\":{\"@id\":\"https:\/\/portalraizesnoticias.com.br\/#organization\"},\"image\":{\"@id\":\"https:\/\/portalraizesnoticias.com.br\/?p=4714#primaryimage\"},\"thumbnailUrl\":\"https:\/\/portalraizesnoticias.com.br\/wp-content\/uploads\/2025\/02\/IMG-20250208-WA0484.jpg\",\"keywords\":[\"Atropelados\",\"Coit\u00e9\",\"M\u00e3e e filho\"],\"articleSection\":[\"ACIDENTES\",\"DESTAQUES\",\"ULTIMAS NOTICIAS\"],\"inLanguage\":\"pt-BR\",\"potentialAction\":[{\"@type\":\"CommentAction\",\"name\":\"Comment\",\"target\":[\"https:\/\/portalraizesnoticias.com.br\/?p=4714#respond\"]}]},{\"@type\":\"WebPage\",\"@id\":\"https:\/\/portalraizesnoticias.com.br\/?p=4714\",\"url\":\"https:\/\/portalraizesnoticias.com.br\/?p=4714\",\"name\":\"M\u00e3e e filho de 5 anos ficam feridos ap\u00f3s serem atropelados no centro de Concei\u00e7\u00e3o do Coit\u00e9; motociclista fugiu do local - Portal raizes noticias\",\"isPartOf\":{\"@id\":\"https:\/\/portalraizesnoticias.com.br\/#website\"},\"primaryImageOfPage\":{\"@id\":\"https:\/\/portalraizesnoticias.com.br\/?p=4714#primaryimage\"},\"image\":{\"@id\":\"https:\/\/portalraizesnoticias.com.br\/?p=4714#primaryimage\"},\"thumbnailUrl\":\"https:\/\/portalraizesnoticias.com.br\/wp-content\/uploads\/2025\/02\/IMG-20250208-WA0484.jpg\",\"datePublished\":\"2025-02-09T01:03:07+00:00\",\"breadcrumb\":{\"@id\":\"https:\/\/portalraizesnoticias.com.br\/?p=4714#breadcrumb\"},\"inLanguage\":\"pt-BR\",\"potentialAction\":[{\"@type\":\"ReadAction\",\"target\":[\"https:\/\/portalraizesnoticias.com.br\/?p=4714\"]}]},{\"@type\":\"ImageObject\",\"inLanguage\":\"pt-BR\",\"@id\":\"https:\/\/portalraizesnoticias.com.br\/?p=4714#primaryimage\",\"url\":\"https:\/\/portalraizesnoticias.com.br\/wp-content\/uploads\/2025\/02\/IMG-20250208-WA0484.jpg\",\"contentUrl\":\"https:\/\/portalraizesnoticias.com.br\/wp-content\/uploads\/2025\/02\/IMG-20250208-WA0484.jpg\",\"width\":1600,\"height\":1200},{\"@type\":\"BreadcrumbList\",\"@id\":\"https:\/\/portalraizesnoticias.com.br\/?p=4714#breadcrumb\",\"itemListElement\":[{\"@type\":\"ListItem\",\"position\":1,\"name\":\"In\u00edcio\",\"item\":\"https:\/\/portalraizesnoticias.com.br\/\"},{\"@type\":\"ListItem\",\"position\":2,\"name\":\"M\u00e3e e filho de 5 anos ficam feridos ap\u00f3s serem atropelados no centro de Concei\u00e7\u00e3o do Coit\u00e9; motociclista fugiu do local\"}]},{\"@type\":\"WebSite\",\"@id\":\"https:\/\/portalraizesnoticias.com.br\/#website\",\"url\":\"https:\/\/portalraizesnoticias.com.br\/\",\"name\":\"Portal raizes NOTICIAS\",\"description\":\"site de noticias de concei\u00e7\u00e3o do coit\u00e9 e regi\u00e3o\",\"publisher\":{\"@id\":\"https:\/\/portalraizesnoticias.com.br\/#organization\"},\"alternateName\":\"PORTAL RAIZES COIT\u00c9\",\"potentialAction\":[{\"@type\":\"SearchAction\",\"target\":{\"@type\":\"EntryPoint\",\"urlTemplate\":\"https:\/\/portalraizesnoticias.com.br\/?s={search_term_string}\"},\"query-input\":{\"@type\":\"PropertyValueSpecification\",\"valueRequired\":true,\"valueName\":\"search_term_string\"}}],\"inLanguage\":\"pt-BR\"},{\"@type\":\"Organization\",\"@id\":\"https:\/\/portalraizesnoticias.com.br\/#organization\",\"name\":\"Portal raizes NOTICIAS\",\"url\":\"https:\/\/portalraizesnoticias.com.br\/\",\"logo\":{\"@type\":\"ImageObject\",\"inLanguage\":\"pt-BR\",\"@id\":\"https:\/\/portalraizesnoticias.com.br\/#\/schema\/logo\/image\/\",\"url\":\"https:\/\/portalraizesnoticias.com.br\/wp-content\/uploads\/2024\/09\/cropped-Captura-de-tela-2024-09-08-011108.png\",\"contentUrl\":\"https:\/\/portalraizesnoticias.com.br\/wp-content\/uploads\/2024\/09\/cropped-Captura-de-tela-2024-09-08-011108.png\",\"width\":606,\"height\":173,\"caption\":\"Portal raizes NOTICIAS\"},\"image\":{\"@id\":\"https:\/\/portalraizesnoticias.com.br\/#\/schema\/logo\/image\/\"}},{\"@type\":\"Person\",\"@id\":\"https:\/\/portalraizesnoticias.com.br\/#\/schema\/person\/a3ca6b0fc701e78df19756c417d943ae\",\"name\":\"Portal Raizes\",\"image\":{\"@type\":\"ImageObject\",\"inLanguage\":\"pt-BR\",\"@id\":\"https:\/\/portalraizesnoticias.com.br\/#\/schema\/person\/image\/\",\"url\":\"https:\/\/secure.gravatar.com\/avatar\/ef450d29013a3d3fba867a12a249d7b1?s=96&d=mm&r=g\",\"contentUrl\":\"https:\/\/secure.gravatar.com\/avatar\/ef450d29013a3d3fba867a12a249d7b1?s=96&d=mm&r=g\",\"caption\":\"Portal Raizes\"},\"url\":\"https:\/\/portalraizesnoticias.com.br\/?author=3\"}]}<\/script>\n<!-- \/ Yoast SEO plugin. -->","yoast_head_json":{"title":"M\u00e3e e filho de 5 anos ficam feridos ap\u00f3s serem atropelados no centro de Concei\u00e7\u00e3o do Coit\u00e9; motociclista fugiu do local - Portal raizes noticias","robots":{"index":"index","follow":"follow","max-snippet":"max-snippet:-1","max-image-preview":"max-image-preview:large","max-video-preview":"max-video-preview:-1"},"canonical":"https:\/\/portalraizesnoticias.com.br\/?p=4714","og_locale":"pt_BR","og_type":"article","og_title":"M\u00e3e e filho de 5 anos ficam feridos ap\u00f3s serem atropelados no centro de Concei\u00e7\u00e3o do Coit\u00e9; motociclista fugiu do local - Portal raizes noticias","og_description":"Uma m\u00e3e e seu filho de 5 anos foram atropelados na noite deste s\u00e1bado (08), por uma moto na Pra\u00e7a da Babil\u00f4nia, em Concei\u00e7\u00e3o do Coit\u00e9. PUBLICIDADE Segundo informa\u00e7\u00f5es apuradas pelo Portal Ra\u00edzes junto ao \u00c1guia Resgate, as v\u00edtimas foram V. L., 47 anos. e o menor. P. L. O coordenador do \u00c1guia, Gildo Carneiro, informou que a mulher foi encontrada consciente, orientada, com escoria\u00e7\u00f5es pelo corpo e apresentando suspeita de fratura em um dos tornozelos. PUBLICIDADE\u00a0 CONTATO: 75 9981-3731 O menino teve escoria\u00e7\u00f5es na regi\u00e3o da face. Ambos foram socorridos e encaminhados \u00e0s emerg\u00eancias do Hospital Portugu\u00eas e Unidade Materno Infantil (UMI) em Coit\u00e9. PUBLICIDADE O condutor da moto n\u00e3o ficou no local da ocorr\u00eancia. Reda\u00e7\u00e3o Portal Ra\u00edzes. Informa\u00e7\u00f5es e fotos: \u00c1guia Resgate","og_url":"https:\/\/portalraizesnoticias.com.br\/?p=4714","og_site_name":"Portal raizes noticias","article_published_time":"2025-02-09T01:03:07+00:00","og_image":[{"width":1600,"height":1200,"url":"https:\/\/portalraizesnoticias.com.br\/wp-content\/uploads\/2025\/02\/IMG-20250208-WA0484.jpg","type":"image\/jpeg"}],"author":"Portal Raizes","twitter_card":"summary_large_image","twitter_misc":{"Escrito por":"Portal Raizes","Est. tempo de leitura":"2 minutos"},"schema":{"@context":"https:\/\/schema.org","@graph":[{"@type":"Article","@id":"https:\/\/portalraizesnoticias.com.br\/?p=4714#article","isPartOf":{"@id":"https:\/\/portalraizesnoticias.com.br\/?p=4714"},"author":{"name":"Portal Raizes","@id":"https:\/\/portalraizesnoticias.com.br\/#\/schema\/person\/a3ca6b0fc701e78df19756c417d943ae"},"headline":"M\u00e3e e filho de 5 anos ficam feridos ap\u00f3s serem atropelados no centro de Concei\u00e7\u00e3o do Coit\u00e9; motociclista fugiu do local","datePublished":"2025-02-09T01:03:07+00:00","mainEntityOfPage":{"@id":"https:\/\/portalraizesnoticias.com.br\/?p=4714"},"wordCount":161,"commentCount":0,"publisher":{"@id":"https:\/\/portalraizesnoticias.com.br\/#organization"},"image":{"@id":"https:\/\/portalraizesnoticias.com.br\/?p=4714#primaryimage"},"thumbnailUrl":"https:\/\/portalraizesnoticias.com.br\/wp-content\/uploads\/2025\/02\/IMG-20250208-WA0484.jpg","keywords":["Atropelados","Coit\u00e9","M\u00e3e e filho"],"articleSection":["ACIDENTES","DESTAQUES","ULTIMAS NOTICIAS"],"inLanguage":"pt-BR","potentialAction":[{"@type":"CommentAction","name":"Comment","target":["https:\/\/portalraizesnoticias.com.br\/?p=4714#respond"]}]},{"@type":"WebPage","@id":"https:\/\/portalraizesnoticias.com.br\/?p=4714","url":"https:\/\/portalraizesnoticias.com.br\/?p=4714","name":"M\u00e3e e filho de 5 anos ficam feridos ap\u00f3s serem atropelados no centro de Concei\u00e7\u00e3o do Coit\u00e9; motociclista fugiu do local - Portal raizes noticias","isPartOf":{"@id":"https:\/\/portalraizesnoticias.com.br\/#website"},"primaryImageOfPage":{"@id":"https:\/\/portalraizesnoticias.com.br\/?p=4714#primaryimage"},"image":{"@id":"https:\/\/portalraizesnoticias.com.br\/?p=4714#primaryimage"},"thumbnailUrl":"https:\/\/portalraizesnoticias.com.br\/wp-content\/uploads\/2025\/02\/IMG-20250208-WA0484.jpg","datePublished":"2025-02-09T01:03:07+00:00","breadcrumb":{"@id":"https:\/\/portalraizesnoticias.com.br\/?p=4714#breadcrumb"},"inLanguage":"pt-BR","potentialAction":[{"@type":"ReadAction","target":["https:\/\/portalraizesnoticias.com.br\/?p=4714"]}]},{"@type":"ImageObject","inLanguage":"pt-BR","@id":"https:\/\/portalraizesnoticias.com.br\/?p=4714#primaryimage","url":"https:\/\/portalraizesnoticias.com.br\/wp-content\/uploads\/2025\/02\/IMG-20250208-WA0484.jpg","contentUrl":"https:\/\/portalraizesnoticias.com.br\/wp-content\/uploads\/2025\/02\/IMG-20250208-WA0484.jpg","width":1600,"height":1200},{"@type":"BreadcrumbList","@id":"https:\/\/portalraizesnoticias.com.br\/?p=4714#breadcrumb","itemListElement":[{"@type":"ListItem","position":1,"name":"In\u00edcio","item":"https:\/\/portalraizesnoticias.com.br\/"},{"@type":"ListItem","position":2,"name":"M\u00e3e e filho de 5 anos ficam feridos ap\u00f3s serem atropelados no centro de Concei\u00e7\u00e3o do Coit\u00e9; motociclista fugiu do local"}]},{"@type":"WebSite","@id":"https:\/\/portalraizesnoticias.com.br\/#website","url":"https:\/\/portalraizesnoticias.com.br\/","name":"Portal raizes NOTICIAS","description":"site de noticias de concei\u00e7\u00e3o do coit\u00e9 e regi\u00e3o","publisher":{"@id":"https:\/\/portalraizesnoticias.com.br\/#organization"},"alternateName":"PORTAL RAIZES COIT\u00c9","potentialAction":[{"@type":"SearchAction","target":{"@type":"EntryPoint","urlTemplate":"https:\/\/portalraizesnoticias.com.br\/?s={search_term_string}"},"query-input":{"@type":"PropertyValueSpecification","valueRequired":true,"valueName":"search_term_string"}}],"inLanguage":"pt-BR"},{"@type":"Organization","@id":"https:\/\/portalraizesnoticias.com.br\/#organization","name":"Portal raizes NOTICIAS","url":"https:\/\/portalraizesnoticias.com.br\/","logo":{"@type":"ImageObject","inLanguage":"pt-BR","@id":"https:\/\/portalraizesnoticias.com.br\/#\/schema\/logo\/image\/","url":"https:\/\/portalraizesnoticias.com.br\/wp-content\/uploads\/2024\/09\/cropped-Captura-de-tela-2024-09-08-011108.png","contentUrl":"https:\/\/portalraizesnoticias.com.br\/wp-content\/uploads\/2024\/09\/cropped-Captura-de-tela-2024-09-08-011108.png","width":606,"height":173,"caption":"Portal raizes NOTICIAS"},"image":{"@id":"https:\/\/portalraizesnoticias.com.br\/#\/schema\/logo\/image\/"}},{"@type":"Person","@id":"https:\/\/portalraizesnoticias.com.br\/#\/schema\/person\/a3ca6b0fc701e78df19756c417d943ae","name":"Portal Raizes","image":{"@type":"ImageObject","inLanguage":"pt-BR","@id":"https:\/\/portalraizesnoticias.com.br\/#\/schema\/person\/image\/","url":"https:\/\/secure.gravatar.com\/avatar\/ef450d29013a3d3fba867a12a249d7b1?s=96&d=mm&r=g","contentUrl":"https:\/\/secure.gravatar.com\/avatar\/ef450d29013a3d3fba867a12a249d7b1?s=96&d=mm&r=g","caption":"Portal Raizes"},"url":"https:\/\/portalraizesnoticias.com.br\/?author=3"}]}},"_links":{"self":[{"href":"https:\/\/portalraizesnoticias.com.br\/index.php?rest_route=\/wp\/v2\/posts\/4714"}],"collection":[{"href":"https:\/\/portalraizesnoticias.com.br\/index.php?rest_route=\/wp\/v2\/posts"}],"about":[{"href":"https:\/\/portalraizesnoticias.com.br\/index.php?rest_route=\/wp\/v2\/types\/post"}],"author":[{"embeddable":true,"href":"https:\/\/portalraizesnoticias.com.br\/index.php?rest_route=\/wp\/v2\/users\/3"}],"replies":[{"embeddable":true,"href":"https:\/\/portalraizesnoticias.com.br\/index.php?rest_route=%2Fwp%2Fv2%2Fcomments&post=4714"}],"version-history":[{"count":1,"href":"https:\/\/portalraizesnoticias.com.br\/index.php?rest_route=\/wp\/v2\/posts\/4714\/revisions"}],"predecessor-version":[{"id":4716,"href":"https:\/\/portalraizesnoticias.com.br\/index.php?rest_route=\/wp\/v2\/posts\/4714\/revisions\/4716"}],"wp:featuredmedia":[{"embeddable":true,"href":"https:\/\/portalraizesnoticias.com.br\/index.php?rest_route=\/wp\/v2\/media\/4715"}],"wp:attachment":[{"href":"https:\/\/portalraizesnoticias.com.br\/index.php?rest_route=%2Fwp%2Fv2%2Fmedia&parent=4714"}],"wp:term":[{"taxonomy":"category","embeddable":true,"href":"https:\/\/portalraizesnoticias.com.br\/index.php?rest_route=%2Fwp%2Fv2%2Fcategories&post=4714"},{"taxonomy":"post_tag","embeddable":true,"href":"https:\/\/portalraizesnoticias.com.br\/index.php?rest_route=%2Fwp%2Fv2%2Ftags&post=4714"}],"curies":[{"name":"wp","href":"https:\/\/api.w.org\/{rel}","templated":true}]}}