{"id":4604,"date":"2025-02-03T13:55:26","date_gmt":"2025-02-03T16:55:26","guid":{"rendered":"https:\/\/portalraizesnoticias.com.br\/?p=4604"},"modified":"2025-02-03T13:56:39","modified_gmt":"2025-02-03T16:56:39","slug":"apos-boatos-sobre-cancelamento-da-coite-folia-2025-assessoria-da-prefeitura-se-pronuncia-micareta-esta-confirmada","status":"publish","type":"post","link":"https:\/\/portalraizesnoticias.com.br\/?p=4604","title":{"rendered":"Ap\u00f3s boatos sobre cancelamento da Coit\u00e9 Folia 2025, assessoria da prefeitura se pronuncia: &#8220;Micareta est\u00e1 confirmada!&#8221;"},"content":{"rendered":"<p>Apesar da divulga\u00e7\u00e3o da jornalista Rafaela Rodrigues de que o cantor L\u00e9o Santana \u00e9 atra\u00e7\u00e3o confirmada na micareta de Concei\u00e7\u00e3o do Coit\u00e9 2025, alguns boatos circularam que o evento seria cancelado.\u00a0<\/p>\n<p>\u00a0<\/p>\n<p><strong>Coit\u00e9 Folia est\u00e1 confirmado de 01 a 04 de maio!\u00a0<\/strong><\/p>\n<p>\u00a0<\/p>\n<p>A jornalista entrou em contato com a assessoria de comunica\u00e7\u00e3o da prefeitura e obteve a confirma\u00e7\u00e3o de que o evento ser\u00e1 realizado. Confira a nota:\u00a0<\/p>\n<p>&#8220;<em>A Prefeitura de Concei\u00e7\u00e3o do Coit\u00e9 informa que a Micareta 2025 est\u00e1 confirmada e segue em fase de planejamento. Qualquer informa\u00e7\u00e3o contr\u00e1ria n\u00e3o procede. Em breve, divulgaremos mais detalhes sobre o evento.&#8221;<\/em><\/p>\n<p>\u00a0<\/p>\n<p>Reda\u00e7\u00e3o Portal Ra\u00edzes.<\/p>\n<p>Foto: Raimundo Mascarenhas\/Calila Noticias\u00a0<\/p>\n\n\n<p><\/p>\n","protected":false},"excerpt":{"rendered":"<p>Apesar da divulga\u00e7\u00e3o da jornalista Rafaela Rodrigues de que o cantor L\u00e9o Santana \u00e9 atra\u00e7\u00e3o confirmada na micareta de Concei\u00e7\u00e3o do Coit\u00e9 2025, alguns boatos circularam que o evento seria cancelado.\u00a0 \u00a0 Coit\u00e9 Folia est\u00e1 confirmado de 01 a 04 de maio!\u00a0 \u00a0 A jornalista entrou em contato com a assessoria de comunica\u00e7\u00e3o da prefeitura e obteve a confirma\u00e7\u00e3o de que o evento ser\u00e1 realizado. Confira a nota:\u00a0 &#8220;A Prefeitura de Concei\u00e7\u00e3o do Coit\u00e9 informa que a Micareta 2025 est\u00e1 confirmada e segue em fase de planejamento. Qualquer informa\u00e7\u00e3o contr\u00e1ria n\u00e3o procede. Em breve, divulgaremos mais detalhes sobre o evento.&#8221; \u00a0 Reda\u00e7\u00e3o Portal Ra\u00edzes. Foto: Raimundo Mascarenhas\/Calila Noticias\u00a0<\/p>\n","protected":false},"author":3,"featured_media":4605,"comment_status":"open","ping_status":"open","sticky":false,"template":"","format":"standard","meta":{"_joinchat":[],"footnotes":""},"categories":[55,69,59],"tags":[781,782],"class_list":["post-4604","post","type-post","status-publish","format-standard","has-post-thumbnail","hentry","category-destaques","category-entreterimento-e-cultura","category-ultimas-noticias","tag-coite-folia","tag-confirmado"],"yoast_head":"<!-- This site is optimized with the Yoast SEO plugin v24.4 - https:\/\/yoast.com\/wordpress\/plugins\/seo\/ -->\n<title>Ap\u00f3s boatos sobre cancelamento da Coit\u00e9 Folia 2025, assessoria da prefeitura se pronuncia: &quot;Micareta est\u00e1 confirmada!&quot; - Portal raizes noticias<\/title>\n<meta name=\"robots\" content=\"index, follow, max-snippet:-1, max-image-preview:large, max-video-preview:-1\" \/>\n<link rel=\"canonical\" href=\"https:\/\/portalraizesnoticias.com.br\/?p=4604\" \/>\n<meta property=\"og:locale\" content=\"pt_BR\" \/>\n<meta property=\"og:type\" content=\"article\" \/>\n<meta property=\"og:title\" content=\"Ap\u00f3s boatos sobre cancelamento da Coit\u00e9 Folia 2025, assessoria da prefeitura se pronuncia: &quot;Micareta est\u00e1 confirmada!&quot; - Portal raizes noticias\" \/>\n<meta property=\"og:description\" content=\"Apesar da divulga\u00e7\u00e3o da jornalista Rafaela Rodrigues de que o cantor L\u00e9o Santana \u00e9 atra\u00e7\u00e3o confirmada na micareta de Concei\u00e7\u00e3o do Coit\u00e9 2025, alguns boatos circularam que o evento seria cancelado.\u00a0 \u00a0 Coit\u00e9 Folia est\u00e1 confirmado de 01 a 04 de maio!\u00a0 \u00a0 A jornalista entrou em contato com a assessoria de comunica\u00e7\u00e3o da prefeitura e obteve a confirma\u00e7\u00e3o de que o evento ser\u00e1 realizado. Confira a nota:\u00a0 &#8220;A Prefeitura de Concei\u00e7\u00e3o do Coit\u00e9 informa que a Micareta 2025 est\u00e1 confirmada e segue em fase de planejamento. Qualquer informa\u00e7\u00e3o contr\u00e1ria n\u00e3o procede. Em breve, divulgaremos mais detalhes sobre o evento.&#8221; \u00a0 Reda\u00e7\u00e3o Portal Ra\u00edzes. Foto: Raimundo Mascarenhas\/Calila Noticias\u00a0\" \/>\n<meta property=\"og:url\" content=\"https:\/\/portalraizesnoticias.com.br\/?p=4604\" \/>\n<meta property=\"og:site_name\" content=\"Portal raizes noticias\" \/>\n<meta property=\"article:published_time\" content=\"2025-02-03T16:55:26+00:00\" \/>\n<meta property=\"article:modified_time\" content=\"2025-02-03T16:56:39+00:00\" \/>\n<meta property=\"og:image\" content=\"https:\/\/portalraizesnoticias.com.br\/wp-content\/uploads\/2025\/02\/timbalda-coite-folia-2023.jpg\" \/>\n\t<meta property=\"og:image:width\" content=\"700\" \/>\n\t<meta property=\"og:image:height\" content=\"424\" \/>\n\t<meta property=\"og:image:type\" content=\"image\/jpeg\" \/>\n<meta name=\"author\" content=\"Portal Raizes\" \/>\n<meta name=\"twitter:card\" content=\"summary_large_image\" \/>\n<meta name=\"twitter:label1\" content=\"Escrito por\" \/>\n\t<meta name=\"twitter:data1\" content=\"Portal Raizes\" \/>\n\t<meta name=\"twitter:label2\" content=\"Est. tempo de leitura\" \/>\n\t<meta name=\"twitter:data2\" content=\"1 minuto\" \/>\n<script type=\"application\/ld+json\" class=\"yoast-schema-graph\">{\"@context\":\"https:\/\/schema.org\",\"@graph\":[{\"@type\":\"Article\",\"@id\":\"https:\/\/portalraizesnoticias.com.br\/?p=4604#article\",\"isPartOf\":{\"@id\":\"https:\/\/portalraizesnoticias.com.br\/?p=4604\"},\"author\":{\"name\":\"Portal Raizes\",\"@id\":\"https:\/\/portalraizesnoticias.com.br\/#\/schema\/person\/a3ca6b0fc701e78df19756c417d943ae\"},\"headline\":\"Ap\u00f3s boatos sobre cancelamento da Coit\u00e9 Folia 2025, assessoria da prefeitura se pronuncia: &#8220;Micareta est\u00e1 confirmada!&#8221;\",\"datePublished\":\"2025-02-03T16:55:26+00:00\",\"dateModified\":\"2025-02-03T16:56:39+00:00\",\"mainEntityOfPage\":{\"@id\":\"https:\/\/portalraizesnoticias.com.br\/?p=4604\"},\"wordCount\":129,\"commentCount\":0,\"publisher\":{\"@id\":\"https:\/\/portalraizesnoticias.com.br\/#organization\"},\"image\":{\"@id\":\"https:\/\/portalraizesnoticias.com.br\/?p=4604#primaryimage\"},\"thumbnailUrl\":\"https:\/\/portalraizesnoticias.com.br\/wp-content\/uploads\/2025\/02\/timbalda-coite-folia-2023.jpg\",\"keywords\":[\"Coit\u00e9 folia\",\"Confirmado\"],\"articleSection\":[\"DESTAQUES\",\"ENTRETERIMENTO E CULTURA\",\"ULTIMAS NOTICIAS\"],\"inLanguage\":\"pt-BR\",\"potentialAction\":[{\"@type\":\"CommentAction\",\"name\":\"Comment\",\"target\":[\"https:\/\/portalraizesnoticias.com.br\/?p=4604#respond\"]}]},{\"@type\":\"WebPage\",\"@id\":\"https:\/\/portalraizesnoticias.com.br\/?p=4604\",\"url\":\"https:\/\/portalraizesnoticias.com.br\/?p=4604\",\"name\":\"Ap\u00f3s boatos sobre cancelamento da Coit\u00e9 Folia 2025, assessoria da prefeitura se pronuncia: \\\"Micareta est\u00e1 confirmada!\\\" - Portal raizes noticias\",\"isPartOf\":{\"@id\":\"https:\/\/portalraizesnoticias.com.br\/#website\"},\"primaryImageOfPage\":{\"@id\":\"https:\/\/portalraizesnoticias.com.br\/?p=4604#primaryimage\"},\"image\":{\"@id\":\"https:\/\/portalraizesnoticias.com.br\/?p=4604#primaryimage\"},\"thumbnailUrl\":\"https:\/\/portalraizesnoticias.com.br\/wp-content\/uploads\/2025\/02\/timbalda-coite-folia-2023.jpg\",\"datePublished\":\"2025-02-03T16:55:26+00:00\",\"dateModified\":\"2025-02-03T16:56:39+00:00\",\"breadcrumb\":{\"@id\":\"https:\/\/portalraizesnoticias.com.br\/?p=4604#breadcrumb\"},\"inLanguage\":\"pt-BR\",\"potentialAction\":[{\"@type\":\"ReadAction\",\"target\":[\"https:\/\/portalraizesnoticias.com.br\/?p=4604\"]}]},{\"@type\":\"ImageObject\",\"inLanguage\":\"pt-BR\",\"@id\":\"https:\/\/portalraizesnoticias.com.br\/?p=4604#primaryimage\",\"url\":\"https:\/\/portalraizesnoticias.com.br\/wp-content\/uploads\/2025\/02\/timbalda-coite-folia-2023.jpg\",\"contentUrl\":\"https:\/\/portalraizesnoticias.com.br\/wp-content\/uploads\/2025\/02\/timbalda-coite-folia-2023.jpg\",\"width\":700,\"height\":424},{\"@type\":\"BreadcrumbList\",\"@id\":\"https:\/\/portalraizesnoticias.com.br\/?p=4604#breadcrumb\",\"itemListElement\":[{\"@type\":\"ListItem\",\"position\":1,\"name\":\"In\u00edcio\",\"item\":\"https:\/\/portalraizesnoticias.com.br\/\"},{\"@type\":\"ListItem\",\"position\":2,\"name\":\"Ap\u00f3s boatos sobre cancelamento da Coit\u00e9 Folia 2025, assessoria da prefeitura se pronuncia: &#8220;Micareta est\u00e1 confirmada!&#8221;\"}]},{\"@type\":\"WebSite\",\"@id\":\"https:\/\/portalraizesnoticias.com.br\/#website\",\"url\":\"https:\/\/portalraizesnoticias.com.br\/\",\"name\":\"Portal raizes NOTICIAS\",\"description\":\"site de noticias de concei\u00e7\u00e3o do coit\u00e9 e regi\u00e3o\",\"publisher\":{\"@id\":\"https:\/\/portalraizesnoticias.com.br\/#organization\"},\"alternateName\":\"PORTAL RAIZES COIT\u00c9\",\"potentialAction\":[{\"@type\":\"SearchAction\",\"target\":{\"@type\":\"EntryPoint\",\"urlTemplate\":\"https:\/\/portalraizesnoticias.com.br\/?s={search_term_string}\"},\"query-input\":{\"@type\":\"PropertyValueSpecification\",\"valueRequired\":true,\"valueName\":\"search_term_string\"}}],\"inLanguage\":\"pt-BR\"},{\"@type\":\"Organization\",\"@id\":\"https:\/\/portalraizesnoticias.com.br\/#organization\",\"name\":\"Portal raizes NOTICIAS\",\"url\":\"https:\/\/portalraizesnoticias.com.br\/\",\"logo\":{\"@type\":\"ImageObject\",\"inLanguage\":\"pt-BR\",\"@id\":\"https:\/\/portalraizesnoticias.com.br\/#\/schema\/logo\/image\/\",\"url\":\"https:\/\/portalraizesnoticias.com.br\/wp-content\/uploads\/2024\/09\/cropped-Captura-de-tela-2024-09-08-011108.png\",\"contentUrl\":\"https:\/\/portalraizesnoticias.com.br\/wp-content\/uploads\/2024\/09\/cropped-Captura-de-tela-2024-09-08-011108.png\",\"width\":606,\"height\":173,\"caption\":\"Portal raizes NOTICIAS\"},\"image\":{\"@id\":\"https:\/\/portalraizesnoticias.com.br\/#\/schema\/logo\/image\/\"}},{\"@type\":\"Person\",\"@id\":\"https:\/\/portalraizesnoticias.com.br\/#\/schema\/person\/a3ca6b0fc701e78df19756c417d943ae\",\"name\":\"Portal Raizes\",\"image\":{\"@type\":\"ImageObject\",\"inLanguage\":\"pt-BR\",\"@id\":\"https:\/\/portalraizesnoticias.com.br\/#\/schema\/person\/image\/\",\"url\":\"https:\/\/secure.gravatar.com\/avatar\/ef450d29013a3d3fba867a12a249d7b1?s=96&d=mm&r=g\",\"contentUrl\":\"https:\/\/secure.gravatar.com\/avatar\/ef450d29013a3d3fba867a12a249d7b1?s=96&d=mm&r=g\",\"caption\":\"Portal Raizes\"},\"url\":\"https:\/\/portalraizesnoticias.com.br\/?author=3\"}]}<\/script>\n<!-- \/ Yoast SEO plugin. -->","yoast_head_json":{"title":"Ap\u00f3s boatos sobre cancelamento da Coit\u00e9 Folia 2025, assessoria da prefeitura se pronuncia: \"Micareta est\u00e1 confirmada!\" - Portal raizes noticias","robots":{"index":"index","follow":"follow","max-snippet":"max-snippet:-1","max-image-preview":"max-image-preview:large","max-video-preview":"max-video-preview:-1"},"canonical":"https:\/\/portalraizesnoticias.com.br\/?p=4604","og_locale":"pt_BR","og_type":"article","og_title":"Ap\u00f3s boatos sobre cancelamento da Coit\u00e9 Folia 2025, assessoria da prefeitura se pronuncia: \"Micareta est\u00e1 confirmada!\" - Portal raizes noticias","og_description":"Apesar da divulga\u00e7\u00e3o da jornalista Rafaela Rodrigues de que o cantor L\u00e9o Santana \u00e9 atra\u00e7\u00e3o confirmada na micareta de Concei\u00e7\u00e3o do Coit\u00e9 2025, alguns boatos circularam que o evento seria cancelado.\u00a0 \u00a0 Coit\u00e9 Folia est\u00e1 confirmado de 01 a 04 de maio!\u00a0 \u00a0 A jornalista entrou em contato com a assessoria de comunica\u00e7\u00e3o da prefeitura e obteve a confirma\u00e7\u00e3o de que o evento ser\u00e1 realizado. Confira a nota:\u00a0 &#8220;A Prefeitura de Concei\u00e7\u00e3o do Coit\u00e9 informa que a Micareta 2025 est\u00e1 confirmada e segue em fase de planejamento. Qualquer informa\u00e7\u00e3o contr\u00e1ria n\u00e3o procede. Em breve, divulgaremos mais detalhes sobre o evento.&#8221; \u00a0 Reda\u00e7\u00e3o Portal Ra\u00edzes. Foto: Raimundo Mascarenhas\/Calila Noticias\u00a0","og_url":"https:\/\/portalraizesnoticias.com.br\/?p=4604","og_site_name":"Portal raizes noticias","article_published_time":"2025-02-03T16:55:26+00:00","article_modified_time":"2025-02-03T16:56:39+00:00","og_image":[{"width":700,"height":424,"url":"https:\/\/portalraizesnoticias.com.br\/wp-content\/uploads\/2025\/02\/timbalda-coite-folia-2023.jpg","type":"image\/jpeg"}],"author":"Portal Raizes","twitter_card":"summary_large_image","twitter_misc":{"Escrito por":"Portal Raizes","Est. tempo de leitura":"1 minuto"},"schema":{"@context":"https:\/\/schema.org","@graph":[{"@type":"Article","@id":"https:\/\/portalraizesnoticias.com.br\/?p=4604#article","isPartOf":{"@id":"https:\/\/portalraizesnoticias.com.br\/?p=4604"},"author":{"name":"Portal Raizes","@id":"https:\/\/portalraizesnoticias.com.br\/#\/schema\/person\/a3ca6b0fc701e78df19756c417d943ae"},"headline":"Ap\u00f3s boatos sobre cancelamento da Coit\u00e9 Folia 2025, assessoria da prefeitura se pronuncia: &#8220;Micareta est\u00e1 confirmada!&#8221;","datePublished":"2025-02-03T16:55:26+00:00","dateModified":"2025-02-03T16:56:39+00:00","mainEntityOfPage":{"@id":"https:\/\/portalraizesnoticias.com.br\/?p=4604"},"wordCount":129,"commentCount":0,"publisher":{"@id":"https:\/\/portalraizesnoticias.com.br\/#organization"},"image":{"@id":"https:\/\/portalraizesnoticias.com.br\/?p=4604#primaryimage"},"thumbnailUrl":"https:\/\/portalraizesnoticias.com.br\/wp-content\/uploads\/2025\/02\/timbalda-coite-folia-2023.jpg","keywords":["Coit\u00e9 folia","Confirmado"],"articleSection":["DESTAQUES","ENTRETERIMENTO E CULTURA","ULTIMAS NOTICIAS"],"inLanguage":"pt-BR","potentialAction":[{"@type":"CommentAction","name":"Comment","target":["https:\/\/portalraizesnoticias.com.br\/?p=4604#respond"]}]},{"@type":"WebPage","@id":"https:\/\/portalraizesnoticias.com.br\/?p=4604","url":"https:\/\/portalraizesnoticias.com.br\/?p=4604","name":"Ap\u00f3s boatos sobre cancelamento da Coit\u00e9 Folia 2025, assessoria da prefeitura se pronuncia: \"Micareta est\u00e1 confirmada!\" - Portal raizes noticias","isPartOf":{"@id":"https:\/\/portalraizesnoticias.com.br\/#website"},"primaryImageOfPage":{"@id":"https:\/\/portalraizesnoticias.com.br\/?p=4604#primaryimage"},"image":{"@id":"https:\/\/portalraizesnoticias.com.br\/?p=4604#primaryimage"},"thumbnailUrl":"https:\/\/portalraizesnoticias.com.br\/wp-content\/uploads\/2025\/02\/timbalda-coite-folia-2023.jpg","datePublished":"2025-02-03T16:55:26+00:00","dateModified":"2025-02-03T16:56:39+00:00","breadcrumb":{"@id":"https:\/\/portalraizesnoticias.com.br\/?p=4604#breadcrumb"},"inLanguage":"pt-BR","potentialAction":[{"@type":"ReadAction","target":["https:\/\/portalraizesnoticias.com.br\/?p=4604"]}]},{"@type":"ImageObject","inLanguage":"pt-BR","@id":"https:\/\/portalraizesnoticias.com.br\/?p=4604#primaryimage","url":"https:\/\/portalraizesnoticias.com.br\/wp-content\/uploads\/2025\/02\/timbalda-coite-folia-2023.jpg","contentUrl":"https:\/\/portalraizesnoticias.com.br\/wp-content\/uploads\/2025\/02\/timbalda-coite-folia-2023.jpg","width":700,"height":424},{"@type":"BreadcrumbList","@id":"https:\/\/portalraizesnoticias.com.br\/?p=4604#breadcrumb","itemListElement":[{"@type":"ListItem","position":1,"name":"In\u00edcio","item":"https:\/\/portalraizesnoticias.com.br\/"},{"@type":"ListItem","position":2,"name":"Ap\u00f3s boatos sobre cancelamento da Coit\u00e9 Folia 2025, assessoria da prefeitura se pronuncia: &#8220;Micareta est\u00e1 confirmada!&#8221;"}]},{"@type":"WebSite","@id":"https:\/\/portalraizesnoticias.com.br\/#website","url":"https:\/\/portalraizesnoticias.com.br\/","name":"Portal raizes NOTICIAS","description":"site de noticias de concei\u00e7\u00e3o do coit\u00e9 e regi\u00e3o","publisher":{"@id":"https:\/\/portalraizesnoticias.com.br\/#organization"},"alternateName":"PORTAL RAIZES COIT\u00c9","potentialAction":[{"@type":"SearchAction","target":{"@type":"EntryPoint","urlTemplate":"https:\/\/portalraizesnoticias.com.br\/?s={search_term_string}"},"query-input":{"@type":"PropertyValueSpecification","valueRequired":true,"valueName":"search_term_string"}}],"inLanguage":"pt-BR"},{"@type":"Organization","@id":"https:\/\/portalraizesnoticias.com.br\/#organization","name":"Portal raizes NOTICIAS","url":"https:\/\/portalraizesnoticias.com.br\/","logo":{"@type":"ImageObject","inLanguage":"pt-BR","@id":"https:\/\/portalraizesnoticias.com.br\/#\/schema\/logo\/image\/","url":"https:\/\/portalraizesnoticias.com.br\/wp-content\/uploads\/2024\/09\/cropped-Captura-de-tela-2024-09-08-011108.png","contentUrl":"https:\/\/portalraizesnoticias.com.br\/wp-content\/uploads\/2024\/09\/cropped-Captura-de-tela-2024-09-08-011108.png","width":606,"height":173,"caption":"Portal raizes NOTICIAS"},"image":{"@id":"https:\/\/portalraizesnoticias.com.br\/#\/schema\/logo\/image\/"}},{"@type":"Person","@id":"https:\/\/portalraizesnoticias.com.br\/#\/schema\/person\/a3ca6b0fc701e78df19756c417d943ae","name":"Portal Raizes","image":{"@type":"ImageObject","inLanguage":"pt-BR","@id":"https:\/\/portalraizesnoticias.com.br\/#\/schema\/person\/image\/","url":"https:\/\/secure.gravatar.com\/avatar\/ef450d29013a3d3fba867a12a249d7b1?s=96&d=mm&r=g","contentUrl":"https:\/\/secure.gravatar.com\/avatar\/ef450d29013a3d3fba867a12a249d7b1?s=96&d=mm&r=g","caption":"Portal Raizes"},"url":"https:\/\/portalraizesnoticias.com.br\/?author=3"}]}},"_links":{"self":[{"href":"https:\/\/portalraizesnoticias.com.br\/index.php?rest_route=\/wp\/v2\/posts\/4604"}],"collection":[{"href":"https:\/\/portalraizesnoticias.com.br\/index.php?rest_route=\/wp\/v2\/posts"}],"about":[{"href":"https:\/\/portalraizesnoticias.com.br\/index.php?rest_route=\/wp\/v2\/types\/post"}],"author":[{"embeddable":true,"href":"https:\/\/portalraizesnoticias.com.br\/index.php?rest_route=\/wp\/v2\/users\/3"}],"replies":[{"embeddable":true,"href":"https:\/\/portalraizesnoticias.com.br\/index.php?rest_route=%2Fwp%2Fv2%2Fcomments&post=4604"}],"version-history":[{"count":2,"href":"https:\/\/portalraizesnoticias.com.br\/index.php?rest_route=\/wp\/v2\/posts\/4604\/revisions"}],"predecessor-version":[{"id":4607,"href":"https:\/\/portalraizesnoticias.com.br\/index.php?rest_route=\/wp\/v2\/posts\/4604\/revisions\/4607"}],"wp:featuredmedia":[{"embeddable":true,"href":"https:\/\/portalraizesnoticias.com.br\/index.php?rest_route=\/wp\/v2\/media\/4605"}],"wp:attachment":[{"href":"https:\/\/portalraizesnoticias.com.br\/index.php?rest_route=%2Fwp%2Fv2%2Fmedia&parent=4604"}],"wp:term":[{"taxonomy":"category","embeddable":true,"href":"https:\/\/portalraizesnoticias.com.br\/index.php?rest_route=%2Fwp%2Fv2%2Fcategories&post=4604"},{"taxonomy":"post_tag","embeddable":true,"href":"https:\/\/portalraizesnoticias.com.br\/index.php?rest_route=%2Fwp%2Fv2%2Ftags&post=4604"}],"curies":[{"name":"wp","href":"https:\/\/api.w.org\/{rel}","templated":true}]}}