{"id":4424,"date":"2025-01-27T21:18:31","date_gmt":"2025-01-28T00:18:31","guid":{"rendered":"https:\/\/portalraizesnoticias.com.br\/?p=4424"},"modified":"2025-01-27T21:22:38","modified_gmt":"2025-01-28T00:22:38","slug":"menina-de-13-anos-recebe-varias-facadas-pelo-proprio-pai-em-feira-de-santana","status":"publish","type":"post","link":"https:\/\/portalraizesnoticias.com.br\/?p=4424","title":{"rendered":"Menina de 13 anos recebe v\u00e1rias facadas   pelo pr\u00f3prio pai em Feira de Santana"},"content":{"rendered":"<p>Uma adolescente de 13 anos deu entrada na Policl\u00ednica do bairro Rua Nova, em Feira de Santana, ap\u00f3s ser esfaqueada v\u00e1rias vezes na regi\u00e3o do abd\u00f4men pelo pr\u00f3prio pai. O caso ocorreu nesta segunda-feira (27), por volta das 13h15, em uma resid\u00eancia na Rua Caiap\u00f4nia, no bairro Rua Nova.<\/p>\n<p>Conforme informa\u00e7\u00f5es da Pol\u00edcia Militar, ap\u00f3s a agress\u00e3o, o homem sofreu uma tentativa de linchamento por populares e precisou ser encaminhado ao Hospital Geral Cl\u00e9riston Andrade (HGCA), onde permanece internado e sob cust\u00f3dia de uma guarni\u00e7\u00e3o da 64\u00aa Companhia Independente de Pol\u00edcia Militar (CIPM).<\/p>\n<p>Segundo informa\u00e7\u00f5es, a adolescente n\u00e3o corre risco de vida. O estado de sa\u00fade do pai n\u00e3o foi divulgado. A causa da agress\u00e3o n\u00e3o foi informada, mas teria iniciado ap\u00f3s uma discuss\u00e3o com a m\u00e3e da adolescente. A Pol\u00edcia Civil vai investigar o caso.<\/p>\n<p>Informa\u00e7\u00f5es extra\u00eddas do site Acorda Cidade<\/p>\n","protected":false},"excerpt":{"rendered":"<p>Uma adolescente de 13 anos deu entrada na Policl\u00ednica do bairro Rua Nova, em Feira de Santana, ap\u00f3s ser esfaqueada v\u00e1rias vezes na regi\u00e3o do abd\u00f4men pelo pr\u00f3prio pai. O caso ocorreu nesta segunda-feira (27), por volta das 13h15, em uma resid\u00eancia na Rua Caiap\u00f4nia, no bairro Rua Nova. Conforme informa\u00e7\u00f5es da Pol\u00edcia Militar, ap\u00f3s a agress\u00e3o, o homem sofreu uma tentativa de linchamento por populares e precisou ser encaminhado ao Hospital Geral Cl\u00e9riston Andrade (HGCA), onde permanece internado e sob cust\u00f3dia de uma guarni\u00e7\u00e3o da 64\u00aa Companhia Independente de Pol\u00edcia Militar (CIPM). Segundo informa\u00e7\u00f5es, a adolescente n\u00e3o corre risco de vida. O estado de sa\u00fade do pai n\u00e3o foi divulgado. A causa da agress\u00e3o n\u00e3o foi informada, mas teria iniciado ap\u00f3s uma discuss\u00e3o com a m\u00e3e da adolescente. A Pol\u00edcia Civil vai investigar o caso. Informa\u00e7\u00f5es extra\u00eddas do site Acorda Cidade<\/p>\n","protected":false},"author":3,"featured_media":4425,"comment_status":"open","ping_status":"open","sticky":false,"template":"","format":"standard","meta":{"_joinchat":[],"footnotes":""},"categories":[67,59],"tags":[751,750,752],"class_list":["post-4424","post","type-post","status-publish","format-standard","has-post-thumbnail","hentry","category-policia","category-ultimas-noticias","tag-esfaqueada","tag-garota","tag-pai"],"yoast_head":"<!-- This site is optimized with the Yoast SEO plugin v24.4 - https:\/\/yoast.com\/wordpress\/plugins\/seo\/ -->\n<title>Menina de 13 anos recebe v\u00e1rias facadas  pelo pr\u00f3prio pai em Feira de Santana - Portal raizes noticias<\/title>\n<meta name=\"robots\" content=\"index, follow, max-snippet:-1, max-image-preview:large, max-video-preview:-1\" \/>\n<link rel=\"canonical\" href=\"https:\/\/portalraizesnoticias.com.br\/?p=4424\" \/>\n<meta property=\"og:locale\" content=\"pt_BR\" \/>\n<meta property=\"og:type\" content=\"article\" \/>\n<meta property=\"og:title\" content=\"Menina de 13 anos recebe v\u00e1rias facadas  pelo pr\u00f3prio pai em Feira de Santana - Portal raizes noticias\" \/>\n<meta property=\"og:description\" content=\"Uma adolescente de 13 anos deu entrada na Policl\u00ednica do bairro Rua Nova, em Feira de Santana, ap\u00f3s ser esfaqueada v\u00e1rias vezes na regi\u00e3o do abd\u00f4men pelo pr\u00f3prio pai. O caso ocorreu nesta segunda-feira (27), por volta das 13h15, em uma resid\u00eancia na Rua Caiap\u00f4nia, no bairro Rua Nova. Conforme informa\u00e7\u00f5es da Pol\u00edcia Militar, ap\u00f3s a agress\u00e3o, o homem sofreu uma tentativa de linchamento por populares e precisou ser encaminhado ao Hospital Geral Cl\u00e9riston Andrade (HGCA), onde permanece internado e sob cust\u00f3dia de uma guarni\u00e7\u00e3o da 64\u00aa Companhia Independente de Pol\u00edcia Militar (CIPM). Segundo informa\u00e7\u00f5es, a adolescente n\u00e3o corre risco de vida. O estado de sa\u00fade do pai n\u00e3o foi divulgado. A causa da agress\u00e3o n\u00e3o foi informada, mas teria iniciado ap\u00f3s uma discuss\u00e3o com a m\u00e3e da adolescente. A Pol\u00edcia Civil vai investigar o caso. Informa\u00e7\u00f5es extra\u00eddas do site Acorda Cidade\" \/>\n<meta property=\"og:url\" content=\"https:\/\/portalraizesnoticias.com.br\/?p=4424\" \/>\n<meta property=\"og:site_name\" content=\"Portal raizes noticias\" \/>\n<meta property=\"article:published_time\" content=\"2025-01-28T00:18:31+00:00\" \/>\n<meta property=\"article:modified_time\" content=\"2025-01-28T00:22:38+00:00\" \/>\n<meta property=\"og:image\" content=\"https:\/\/portalraizesnoticias.com.br\/wp-content\/uploads\/2025\/01\/MavlZASw-pai-agride-filha.webp\" \/>\n\t<meta property=\"og:image:width\" content=\"640\" \/>\n\t<meta property=\"og:image:height\" content=\"454\" \/>\n\t<meta property=\"og:image:type\" content=\"image\/webp\" \/>\n<meta name=\"author\" content=\"Portal Raizes\" \/>\n<meta name=\"twitter:card\" content=\"summary_large_image\" \/>\n<meta name=\"twitter:label1\" content=\"Escrito por\" \/>\n\t<meta name=\"twitter:data1\" content=\"Portal Raizes\" \/>\n\t<meta name=\"twitter:label2\" content=\"Est. tempo de leitura\" \/>\n\t<meta name=\"twitter:data2\" content=\"1 minuto\" \/>\n<script type=\"application\/ld+json\" class=\"yoast-schema-graph\">{\"@context\":\"https:\/\/schema.org\",\"@graph\":[{\"@type\":\"Article\",\"@id\":\"https:\/\/portalraizesnoticias.com.br\/?p=4424#article\",\"isPartOf\":{\"@id\":\"https:\/\/portalraizesnoticias.com.br\/?p=4424\"},\"author\":{\"name\":\"Portal Raizes\",\"@id\":\"https:\/\/portalraizesnoticias.com.br\/#\/schema\/person\/a3ca6b0fc701e78df19756c417d943ae\"},\"headline\":\"Menina de 13 anos recebe v\u00e1rias facadas pelo pr\u00f3prio pai em Feira de Santana\",\"datePublished\":\"2025-01-28T00:18:31+00:00\",\"dateModified\":\"2025-01-28T00:22:38+00:00\",\"mainEntityOfPage\":{\"@id\":\"https:\/\/portalraizesnoticias.com.br\/?p=4424\"},\"wordCount\":182,\"commentCount\":0,\"publisher\":{\"@id\":\"https:\/\/portalraizesnoticias.com.br\/#organization\"},\"image\":{\"@id\":\"https:\/\/portalraizesnoticias.com.br\/?p=4424#primaryimage\"},\"thumbnailUrl\":\"https:\/\/portalraizesnoticias.com.br\/wp-content\/uploads\/2025\/01\/MavlZASw-pai-agride-filha.webp\",\"keywords\":[\"Esfaqueada\",\"Garota\",\"Pai\"],\"articleSection\":[\"POLICIA\",\"ULTIMAS NOTICIAS\"],\"inLanguage\":\"pt-BR\",\"potentialAction\":[{\"@type\":\"CommentAction\",\"name\":\"Comment\",\"target\":[\"https:\/\/portalraizesnoticias.com.br\/?p=4424#respond\"]}]},{\"@type\":\"WebPage\",\"@id\":\"https:\/\/portalraizesnoticias.com.br\/?p=4424\",\"url\":\"https:\/\/portalraizesnoticias.com.br\/?p=4424\",\"name\":\"Menina de 13 anos recebe v\u00e1rias facadas pelo pr\u00f3prio pai em Feira de Santana - Portal raizes noticias\",\"isPartOf\":{\"@id\":\"https:\/\/portalraizesnoticias.com.br\/#website\"},\"primaryImageOfPage\":{\"@id\":\"https:\/\/portalraizesnoticias.com.br\/?p=4424#primaryimage\"},\"image\":{\"@id\":\"https:\/\/portalraizesnoticias.com.br\/?p=4424#primaryimage\"},\"thumbnailUrl\":\"https:\/\/portalraizesnoticias.com.br\/wp-content\/uploads\/2025\/01\/MavlZASw-pai-agride-filha.webp\",\"datePublished\":\"2025-01-28T00:18:31+00:00\",\"dateModified\":\"2025-01-28T00:22:38+00:00\",\"breadcrumb\":{\"@id\":\"https:\/\/portalraizesnoticias.com.br\/?p=4424#breadcrumb\"},\"inLanguage\":\"pt-BR\",\"potentialAction\":[{\"@type\":\"ReadAction\",\"target\":[\"https:\/\/portalraizesnoticias.com.br\/?p=4424\"]}]},{\"@type\":\"ImageObject\",\"inLanguage\":\"pt-BR\",\"@id\":\"https:\/\/portalraizesnoticias.com.br\/?p=4424#primaryimage\",\"url\":\"https:\/\/portalraizesnoticias.com.br\/wp-content\/uploads\/2025\/01\/MavlZASw-pai-agride-filha.webp\",\"contentUrl\":\"https:\/\/portalraizesnoticias.com.br\/wp-content\/uploads\/2025\/01\/MavlZASw-pai-agride-filha.webp\",\"width\":640,\"height\":454},{\"@type\":\"BreadcrumbList\",\"@id\":\"https:\/\/portalraizesnoticias.com.br\/?p=4424#breadcrumb\",\"itemListElement\":[{\"@type\":\"ListItem\",\"position\":1,\"name\":\"In\u00edcio\",\"item\":\"https:\/\/portalraizesnoticias.com.br\/\"},{\"@type\":\"ListItem\",\"position\":2,\"name\":\"Menina de 13 anos recebe v\u00e1rias facadas pelo pr\u00f3prio pai em Feira de Santana\"}]},{\"@type\":\"WebSite\",\"@id\":\"https:\/\/portalraizesnoticias.com.br\/#website\",\"url\":\"https:\/\/portalraizesnoticias.com.br\/\",\"name\":\"Portal raizes NOTICIAS\",\"description\":\"site de noticias de concei\u00e7\u00e3o do coit\u00e9 e regi\u00e3o\",\"publisher\":{\"@id\":\"https:\/\/portalraizesnoticias.com.br\/#organization\"},\"alternateName\":\"PORTAL RAIZES COIT\u00c9\",\"potentialAction\":[{\"@type\":\"SearchAction\",\"target\":{\"@type\":\"EntryPoint\",\"urlTemplate\":\"https:\/\/portalraizesnoticias.com.br\/?s={search_term_string}\"},\"query-input\":{\"@type\":\"PropertyValueSpecification\",\"valueRequired\":true,\"valueName\":\"search_term_string\"}}],\"inLanguage\":\"pt-BR\"},{\"@type\":\"Organization\",\"@id\":\"https:\/\/portalraizesnoticias.com.br\/#organization\",\"name\":\"Portal raizes NOTICIAS\",\"url\":\"https:\/\/portalraizesnoticias.com.br\/\",\"logo\":{\"@type\":\"ImageObject\",\"inLanguage\":\"pt-BR\",\"@id\":\"https:\/\/portalraizesnoticias.com.br\/#\/schema\/logo\/image\/\",\"url\":\"https:\/\/portalraizesnoticias.com.br\/wp-content\/uploads\/2024\/09\/cropped-Captura-de-tela-2024-09-08-011108.png\",\"contentUrl\":\"https:\/\/portalraizesnoticias.com.br\/wp-content\/uploads\/2024\/09\/cropped-Captura-de-tela-2024-09-08-011108.png\",\"width\":606,\"height\":173,\"caption\":\"Portal raizes NOTICIAS\"},\"image\":{\"@id\":\"https:\/\/portalraizesnoticias.com.br\/#\/schema\/logo\/image\/\"}},{\"@type\":\"Person\",\"@id\":\"https:\/\/portalraizesnoticias.com.br\/#\/schema\/person\/a3ca6b0fc701e78df19756c417d943ae\",\"name\":\"Portal Raizes\",\"image\":{\"@type\":\"ImageObject\",\"inLanguage\":\"pt-BR\",\"@id\":\"https:\/\/portalraizesnoticias.com.br\/#\/schema\/person\/image\/\",\"url\":\"https:\/\/secure.gravatar.com\/avatar\/ef450d29013a3d3fba867a12a249d7b1?s=96&d=mm&r=g\",\"contentUrl\":\"https:\/\/secure.gravatar.com\/avatar\/ef450d29013a3d3fba867a12a249d7b1?s=96&d=mm&r=g\",\"caption\":\"Portal Raizes\"},\"url\":\"https:\/\/portalraizesnoticias.com.br\/?author=3\"}]}<\/script>\n<!-- \/ Yoast SEO plugin. -->","yoast_head_json":{"title":"Menina de 13 anos recebe v\u00e1rias facadas  pelo pr\u00f3prio pai em Feira de Santana - Portal raizes noticias","robots":{"index":"index","follow":"follow","max-snippet":"max-snippet:-1","max-image-preview":"max-image-preview:large","max-video-preview":"max-video-preview:-1"},"canonical":"https:\/\/portalraizesnoticias.com.br\/?p=4424","og_locale":"pt_BR","og_type":"article","og_title":"Menina de 13 anos recebe v\u00e1rias facadas  pelo pr\u00f3prio pai em Feira de Santana - Portal raizes noticias","og_description":"Uma adolescente de 13 anos deu entrada na Policl\u00ednica do bairro Rua Nova, em Feira de Santana, ap\u00f3s ser esfaqueada v\u00e1rias vezes na regi\u00e3o do abd\u00f4men pelo pr\u00f3prio pai. O caso ocorreu nesta segunda-feira (27), por volta das 13h15, em uma resid\u00eancia na Rua Caiap\u00f4nia, no bairro Rua Nova. Conforme informa\u00e7\u00f5es da Pol\u00edcia Militar, ap\u00f3s a agress\u00e3o, o homem sofreu uma tentativa de linchamento por populares e precisou ser encaminhado ao Hospital Geral Cl\u00e9riston Andrade (HGCA), onde permanece internado e sob cust\u00f3dia de uma guarni\u00e7\u00e3o da 64\u00aa Companhia Independente de Pol\u00edcia Militar (CIPM). Segundo informa\u00e7\u00f5es, a adolescente n\u00e3o corre risco de vida. O estado de sa\u00fade do pai n\u00e3o foi divulgado. A causa da agress\u00e3o n\u00e3o foi informada, mas teria iniciado ap\u00f3s uma discuss\u00e3o com a m\u00e3e da adolescente. A Pol\u00edcia Civil vai investigar o caso. Informa\u00e7\u00f5es extra\u00eddas do site Acorda Cidade","og_url":"https:\/\/portalraizesnoticias.com.br\/?p=4424","og_site_name":"Portal raizes noticias","article_published_time":"2025-01-28T00:18:31+00:00","article_modified_time":"2025-01-28T00:22:38+00:00","og_image":[{"width":640,"height":454,"url":"https:\/\/portalraizesnoticias.com.br\/wp-content\/uploads\/2025\/01\/MavlZASw-pai-agride-filha.webp","type":"image\/webp"}],"author":"Portal Raizes","twitter_card":"summary_large_image","twitter_misc":{"Escrito por":"Portal Raizes","Est. tempo de leitura":"1 minuto"},"schema":{"@context":"https:\/\/schema.org","@graph":[{"@type":"Article","@id":"https:\/\/portalraizesnoticias.com.br\/?p=4424#article","isPartOf":{"@id":"https:\/\/portalraizesnoticias.com.br\/?p=4424"},"author":{"name":"Portal Raizes","@id":"https:\/\/portalraizesnoticias.com.br\/#\/schema\/person\/a3ca6b0fc701e78df19756c417d943ae"},"headline":"Menina de 13 anos recebe v\u00e1rias facadas pelo pr\u00f3prio pai em Feira de Santana","datePublished":"2025-01-28T00:18:31+00:00","dateModified":"2025-01-28T00:22:38+00:00","mainEntityOfPage":{"@id":"https:\/\/portalraizesnoticias.com.br\/?p=4424"},"wordCount":182,"commentCount":0,"publisher":{"@id":"https:\/\/portalraizesnoticias.com.br\/#organization"},"image":{"@id":"https:\/\/portalraizesnoticias.com.br\/?p=4424#primaryimage"},"thumbnailUrl":"https:\/\/portalraizesnoticias.com.br\/wp-content\/uploads\/2025\/01\/MavlZASw-pai-agride-filha.webp","keywords":["Esfaqueada","Garota","Pai"],"articleSection":["POLICIA","ULTIMAS NOTICIAS"],"inLanguage":"pt-BR","potentialAction":[{"@type":"CommentAction","name":"Comment","target":["https:\/\/portalraizesnoticias.com.br\/?p=4424#respond"]}]},{"@type":"WebPage","@id":"https:\/\/portalraizesnoticias.com.br\/?p=4424","url":"https:\/\/portalraizesnoticias.com.br\/?p=4424","name":"Menina de 13 anos recebe v\u00e1rias facadas pelo pr\u00f3prio pai em Feira de Santana - Portal raizes noticias","isPartOf":{"@id":"https:\/\/portalraizesnoticias.com.br\/#website"},"primaryImageOfPage":{"@id":"https:\/\/portalraizesnoticias.com.br\/?p=4424#primaryimage"},"image":{"@id":"https:\/\/portalraizesnoticias.com.br\/?p=4424#primaryimage"},"thumbnailUrl":"https:\/\/portalraizesnoticias.com.br\/wp-content\/uploads\/2025\/01\/MavlZASw-pai-agride-filha.webp","datePublished":"2025-01-28T00:18:31+00:00","dateModified":"2025-01-28T00:22:38+00:00","breadcrumb":{"@id":"https:\/\/portalraizesnoticias.com.br\/?p=4424#breadcrumb"},"inLanguage":"pt-BR","potentialAction":[{"@type":"ReadAction","target":["https:\/\/portalraizesnoticias.com.br\/?p=4424"]}]},{"@type":"ImageObject","inLanguage":"pt-BR","@id":"https:\/\/portalraizesnoticias.com.br\/?p=4424#primaryimage","url":"https:\/\/portalraizesnoticias.com.br\/wp-content\/uploads\/2025\/01\/MavlZASw-pai-agride-filha.webp","contentUrl":"https:\/\/portalraizesnoticias.com.br\/wp-content\/uploads\/2025\/01\/MavlZASw-pai-agride-filha.webp","width":640,"height":454},{"@type":"BreadcrumbList","@id":"https:\/\/portalraizesnoticias.com.br\/?p=4424#breadcrumb","itemListElement":[{"@type":"ListItem","position":1,"name":"In\u00edcio","item":"https:\/\/portalraizesnoticias.com.br\/"},{"@type":"ListItem","position":2,"name":"Menina de 13 anos recebe v\u00e1rias facadas pelo pr\u00f3prio pai em Feira de Santana"}]},{"@type":"WebSite","@id":"https:\/\/portalraizesnoticias.com.br\/#website","url":"https:\/\/portalraizesnoticias.com.br\/","name":"Portal raizes NOTICIAS","description":"site de noticias de concei\u00e7\u00e3o do coit\u00e9 e regi\u00e3o","publisher":{"@id":"https:\/\/portalraizesnoticias.com.br\/#organization"},"alternateName":"PORTAL RAIZES COIT\u00c9","potentialAction":[{"@type":"SearchAction","target":{"@type":"EntryPoint","urlTemplate":"https:\/\/portalraizesnoticias.com.br\/?s={search_term_string}"},"query-input":{"@type":"PropertyValueSpecification","valueRequired":true,"valueName":"search_term_string"}}],"inLanguage":"pt-BR"},{"@type":"Organization","@id":"https:\/\/portalraizesnoticias.com.br\/#organization","name":"Portal raizes NOTICIAS","url":"https:\/\/portalraizesnoticias.com.br\/","logo":{"@type":"ImageObject","inLanguage":"pt-BR","@id":"https:\/\/portalraizesnoticias.com.br\/#\/schema\/logo\/image\/","url":"https:\/\/portalraizesnoticias.com.br\/wp-content\/uploads\/2024\/09\/cropped-Captura-de-tela-2024-09-08-011108.png","contentUrl":"https:\/\/portalraizesnoticias.com.br\/wp-content\/uploads\/2024\/09\/cropped-Captura-de-tela-2024-09-08-011108.png","width":606,"height":173,"caption":"Portal raizes NOTICIAS"},"image":{"@id":"https:\/\/portalraizesnoticias.com.br\/#\/schema\/logo\/image\/"}},{"@type":"Person","@id":"https:\/\/portalraizesnoticias.com.br\/#\/schema\/person\/a3ca6b0fc701e78df19756c417d943ae","name":"Portal Raizes","image":{"@type":"ImageObject","inLanguage":"pt-BR","@id":"https:\/\/portalraizesnoticias.com.br\/#\/schema\/person\/image\/","url":"https:\/\/secure.gravatar.com\/avatar\/ef450d29013a3d3fba867a12a249d7b1?s=96&d=mm&r=g","contentUrl":"https:\/\/secure.gravatar.com\/avatar\/ef450d29013a3d3fba867a12a249d7b1?s=96&d=mm&r=g","caption":"Portal Raizes"},"url":"https:\/\/portalraizesnoticias.com.br\/?author=3"}]}},"_links":{"self":[{"href":"https:\/\/portalraizesnoticias.com.br\/index.php?rest_route=\/wp\/v2\/posts\/4424"}],"collection":[{"href":"https:\/\/portalraizesnoticias.com.br\/index.php?rest_route=\/wp\/v2\/posts"}],"about":[{"href":"https:\/\/portalraizesnoticias.com.br\/index.php?rest_route=\/wp\/v2\/types\/post"}],"author":[{"embeddable":true,"href":"https:\/\/portalraizesnoticias.com.br\/index.php?rest_route=\/wp\/v2\/users\/3"}],"replies":[{"embeddable":true,"href":"https:\/\/portalraizesnoticias.com.br\/index.php?rest_route=%2Fwp%2Fv2%2Fcomments&post=4424"}],"version-history":[{"count":2,"href":"https:\/\/portalraizesnoticias.com.br\/index.php?rest_route=\/wp\/v2\/posts\/4424\/revisions"}],"predecessor-version":[{"id":4427,"href":"https:\/\/portalraizesnoticias.com.br\/index.php?rest_route=\/wp\/v2\/posts\/4424\/revisions\/4427"}],"wp:featuredmedia":[{"embeddable":true,"href":"https:\/\/portalraizesnoticias.com.br\/index.php?rest_route=\/wp\/v2\/media\/4425"}],"wp:attachment":[{"href":"https:\/\/portalraizesnoticias.com.br\/index.php?rest_route=%2Fwp%2Fv2%2Fmedia&parent=4424"}],"wp:term":[{"taxonomy":"category","embeddable":true,"href":"https:\/\/portalraizesnoticias.com.br\/index.php?rest_route=%2Fwp%2Fv2%2Fcategories&post=4424"},{"taxonomy":"post_tag","embeddable":true,"href":"https:\/\/portalraizesnoticias.com.br\/index.php?rest_route=%2Fwp%2Fv2%2Ftags&post=4424"}],"curies":[{"name":"wp","href":"https:\/\/api.w.org\/{rel}","templated":true}]}}