{"id":4402,"date":"2025-01-26T18:00:43","date_gmt":"2025-01-26T21:00:43","guid":{"rendered":"https:\/\/portalraizesnoticias.com.br\/?p=4402"},"modified":"2025-01-26T18:01:53","modified_gmt":"2025-01-26T21:01:53","slug":"homem-e-atingido-por-disparo-acidental-de-espingarda-em-itiuba","status":"publish","type":"post","link":"https:\/\/portalraizesnoticias.com.br\/?p=4402","title":{"rendered":"Homem morre ap\u00f3s ser atingido por disparo acidental de espingarda em Iti\u00faba"},"content":{"rendered":"<p>Um homem de 59 anos morreu na tarde de s\u00e1bado (25) ap\u00f3s ser atingido por um tiro acidental disparado pela pr\u00f3pria espingarda, de fabrica\u00e7\u00e3o artesanal, em um assentamento localizado no distrito R\u00f4mulo Campos, no munic\u00edpio de Iti\u00faba, na regi\u00e3o sisaleira da Bahia.<\/p>\n<p><img fetchpriority=\"high\" decoding=\"async\" class=\"size-medium wp-image-4111 aligncenter\" src=\"https:\/\/portalraizesnoticias.com.br\/wp-content\/uploads\/2025\/01\/M.I-laranja-branco_page-0001-300x210.jpg\" alt=\"\" width=\"300\" height=\"210\" srcset=\"https:\/\/portalraizesnoticias.com.br\/wp-content\/uploads\/2025\/01\/M.I-laranja-branco_page-0001-300x210.jpg 300w, https:\/\/portalraizesnoticias.com.br\/wp-content\/uploads\/2025\/01\/M.I-laranja-branco_page-0001-1024x717.jpg 1024w, https:\/\/portalraizesnoticias.com.br\/wp-content\/uploads\/2025\/01\/M.I-laranja-branco_page-0001-768x538.jpg 768w, https:\/\/portalraizesnoticias.com.br\/wp-content\/uploads\/2025\/01\/M.I-laranja-branco_page-0001-1536x1075.jpg 1536w, https:\/\/portalraizesnoticias.com.br\/wp-content\/uploads\/2025\/01\/M.I-laranja-branco_page-0001-2048x1434.jpg 2048w\" sizes=\"(max-width: 300px) 100vw, 300px\" \/><\/p>\n<p style=\"text-align: center;\"><strong>PUBLICIDADE<\/strong><\/p>\n<p>Segundo a Pol\u00edcia Militar, Juscelino Gama Fran\u00e7a utilizava a espingarda para ca\u00e7ar animais na ro\u00e7a. N\u00e3o h\u00e1 detalhes sobre as circunst\u00e2ncias que levaram ao disparo acidental.<\/p>\n<p><img decoding=\"async\" class=\"size-medium wp-image-3845 aligncenter\" src=\"https:\/\/portalraizesnoticias.com.br\/wp-content\/uploads\/2025\/01\/banner-lateral-agencia-Neri-300x300.jpg\" alt=\"\" width=\"300\" height=\"300\" srcset=\"https:\/\/portalraizesnoticias.com.br\/wp-content\/uploads\/2025\/01\/banner-lateral-agencia-Neri-300x300.jpg 300w, https:\/\/portalraizesnoticias.com.br\/wp-content\/uploads\/2025\/01\/banner-lateral-agencia-Neri-1024x1024.jpg 1024w, https:\/\/portalraizesnoticias.com.br\/wp-content\/uploads\/2025\/01\/banner-lateral-agencia-Neri-150x150.jpg 150w, https:\/\/portalraizesnoticias.com.br\/wp-content\/uploads\/2025\/01\/banner-lateral-agencia-Neri-768x768.jpg 768w, https:\/\/portalraizesnoticias.com.br\/wp-content\/uploads\/2025\/01\/banner-lateral-agencia-Neri-1536x1536.jpg 1536w, https:\/\/portalraizesnoticias.com.br\/wp-content\/uploads\/2025\/01\/banner-lateral-agencia-Neri-2048x2048.jpg 2048w, https:\/\/portalraizesnoticias.com.br\/wp-content\/uploads\/2025\/01\/banner-lateral-agencia-Neri-scaled-700x700.jpg 700w, https:\/\/portalraizesnoticias.com.br\/wp-content\/uploads\/2025\/01\/banner-lateral-agencia-Neri-scaled-620x620.jpg 620w, https:\/\/portalraizesnoticias.com.br\/wp-content\/uploads\/2025\/01\/banner-lateral-agencia-Neri-scaled-400x400.jpg 400w\" sizes=\"(max-width: 300px) 100vw, 300px\" \/><\/p>\n<p style=\"text-align: center;\"><strong>PUBLICIDADE<\/strong><\/p>\n<p>O Samu foi acionado e constatou o \u00f3bito no local. Em seguida, o Departamento de Pol\u00edcia T\u00e9cnica (DPT) realizou a per\u00edcia e encaminhou o corpo para necropsia.<\/p>\n<p>A espingarda foi apreendida pela Pol\u00edcia Militar<\/p>\n<p>Informa\u00e7\u00f5es extra\u00eddas do site Not\u00edcias de Santaluz<\/p>\n<p>Foto: Est\u00fadio 8 TV<\/p>\n","protected":false},"excerpt":{"rendered":"<p>Um homem de 59 anos morreu na tarde de s\u00e1bado (25) ap\u00f3s ser atingido por um tiro acidental disparado pela pr\u00f3pria espingarda, de fabrica\u00e7\u00e3o artesanal, em um assentamento localizado no distrito R\u00f4mulo Campos, no munic\u00edpio de Iti\u00faba, na regi\u00e3o sisaleira da Bahia. PUBLICIDADE Segundo a Pol\u00edcia Militar, Juscelino Gama Fran\u00e7a utilizava a espingarda para ca\u00e7ar animais na ro\u00e7a. N\u00e3o h\u00e1 detalhes sobre as circunst\u00e2ncias que levaram ao disparo acidental. PUBLICIDADE O Samu foi acionado e constatou o \u00f3bito no local. Em seguida, o Departamento de Pol\u00edcia T\u00e9cnica (DPT) realizou a per\u00edcia e encaminhou o corpo para necropsia. A espingarda foi apreendida pela Pol\u00edcia Militar Informa\u00e7\u00f5es extra\u00eddas do site Not\u00edcias de Santaluz Foto: Est\u00fadio 8 TV<\/p>\n","protected":false},"author":3,"featured_media":4403,"comment_status":"open","ping_status":"open","sticky":false,"template":"","format":"standard","meta":{"_joinchat":[],"footnotes":""},"categories":[58,55,59],"tags":[142,748,163],"class_list":["post-4402","post","type-post","status-publish","format-standard","has-post-thumbnail","hentry","category-acidentes","category-destaques","category-ultimas-noticias","tag-homem","tag-itiuba-2","tag-morre"],"yoast_head":"<!-- This site is optimized with the Yoast SEO plugin v24.4 - https:\/\/yoast.com\/wordpress\/plugins\/seo\/ -->\n<title>Homem morre ap\u00f3s ser atingido por disparo acidental de espingarda em Iti\u00faba - Portal raizes noticias<\/title>\n<meta name=\"robots\" content=\"index, follow, max-snippet:-1, max-image-preview:large, max-video-preview:-1\" \/>\n<link rel=\"canonical\" href=\"https:\/\/portalraizesnoticias.com.br\/?p=4402\" \/>\n<meta property=\"og:locale\" content=\"pt_BR\" \/>\n<meta property=\"og:type\" content=\"article\" \/>\n<meta property=\"og:title\" content=\"Homem morre ap\u00f3s ser atingido por disparo acidental de espingarda em Iti\u00faba - Portal raizes noticias\" \/>\n<meta property=\"og:description\" content=\"Um homem de 59 anos morreu na tarde de s\u00e1bado (25) ap\u00f3s ser atingido por um tiro acidental disparado pela pr\u00f3pria espingarda, de fabrica\u00e7\u00e3o artesanal, em um assentamento localizado no distrito R\u00f4mulo Campos, no munic\u00edpio de Iti\u00faba, na regi\u00e3o sisaleira da Bahia. PUBLICIDADE Segundo a Pol\u00edcia Militar, Juscelino Gama Fran\u00e7a utilizava a espingarda para ca\u00e7ar animais na ro\u00e7a. N\u00e3o h\u00e1 detalhes sobre as circunst\u00e2ncias que levaram ao disparo acidental. PUBLICIDADE O Samu foi acionado e constatou o \u00f3bito no local. Em seguida, o Departamento de Pol\u00edcia T\u00e9cnica (DPT) realizou a per\u00edcia e encaminhou o corpo para necropsia. A espingarda foi apreendida pela Pol\u00edcia Militar Informa\u00e7\u00f5es extra\u00eddas do site Not\u00edcias de Santaluz Foto: Est\u00fadio 8 TV\" \/>\n<meta property=\"og:url\" content=\"https:\/\/portalraizesnoticias.com.br\/?p=4402\" \/>\n<meta property=\"og:site_name\" content=\"Portal raizes noticias\" \/>\n<meta property=\"article:published_time\" content=\"2025-01-26T21:00:43+00:00\" \/>\n<meta property=\"article:modified_time\" content=\"2025-01-26T21:01:53+00:00\" \/>\n<meta property=\"og:image\" content=\"https:\/\/portalraizesnoticias.com.br\/wp-content\/uploads\/2025\/01\/romulo-campos-itiuba.jpg\" \/>\n\t<meta property=\"og:image:width\" content=\"540\" \/>\n\t<meta property=\"og:image:height\" content=\"386\" \/>\n\t<meta property=\"og:image:type\" content=\"image\/jpeg\" \/>\n<meta name=\"author\" content=\"Portal Raizes\" \/>\n<meta name=\"twitter:card\" content=\"summary_large_image\" \/>\n<meta name=\"twitter:label1\" content=\"Escrito por\" \/>\n\t<meta name=\"twitter:data1\" content=\"Portal Raizes\" \/>\n\t<meta name=\"twitter:label2\" content=\"Est. tempo de leitura\" \/>\n\t<meta name=\"twitter:data2\" content=\"2 minutos\" \/>\n<script type=\"application\/ld+json\" class=\"yoast-schema-graph\">{\"@context\":\"https:\/\/schema.org\",\"@graph\":[{\"@type\":\"Article\",\"@id\":\"https:\/\/portalraizesnoticias.com.br\/?p=4402#article\",\"isPartOf\":{\"@id\":\"https:\/\/portalraizesnoticias.com.br\/?p=4402\"},\"author\":{\"name\":\"Portal Raizes\",\"@id\":\"https:\/\/portalraizesnoticias.com.br\/#\/schema\/person\/a3ca6b0fc701e78df19756c417d943ae\"},\"headline\":\"Homem morre ap\u00f3s ser atingido por disparo acidental de espingarda em Iti\u00faba\",\"datePublished\":\"2025-01-26T21:00:43+00:00\",\"dateModified\":\"2025-01-26T21:01:53+00:00\",\"mainEntityOfPage\":{\"@id\":\"https:\/\/portalraizesnoticias.com.br\/?p=4402\"},\"wordCount\":148,\"commentCount\":0,\"publisher\":{\"@id\":\"https:\/\/portalraizesnoticias.com.br\/#organization\"},\"image\":{\"@id\":\"https:\/\/portalraizesnoticias.com.br\/?p=4402#primaryimage\"},\"thumbnailUrl\":\"https:\/\/portalraizesnoticias.com.br\/wp-content\/uploads\/2025\/01\/romulo-campos-itiuba.jpg\",\"keywords\":[\"Homem\",\"Iti\u00faba\",\"Morre\"],\"articleSection\":[\"ACIDENTES\",\"DESTAQUES\",\"ULTIMAS NOTICIAS\"],\"inLanguage\":\"pt-BR\",\"potentialAction\":[{\"@type\":\"CommentAction\",\"name\":\"Comment\",\"target\":[\"https:\/\/portalraizesnoticias.com.br\/?p=4402#respond\"]}]},{\"@type\":\"WebPage\",\"@id\":\"https:\/\/portalraizesnoticias.com.br\/?p=4402\",\"url\":\"https:\/\/portalraizesnoticias.com.br\/?p=4402\",\"name\":\"Homem morre ap\u00f3s ser atingido por disparo acidental de espingarda em Iti\u00faba - Portal raizes noticias\",\"isPartOf\":{\"@id\":\"https:\/\/portalraizesnoticias.com.br\/#website\"},\"primaryImageOfPage\":{\"@id\":\"https:\/\/portalraizesnoticias.com.br\/?p=4402#primaryimage\"},\"image\":{\"@id\":\"https:\/\/portalraizesnoticias.com.br\/?p=4402#primaryimage\"},\"thumbnailUrl\":\"https:\/\/portalraizesnoticias.com.br\/wp-content\/uploads\/2025\/01\/romulo-campos-itiuba.jpg\",\"datePublished\":\"2025-01-26T21:00:43+00:00\",\"dateModified\":\"2025-01-26T21:01:53+00:00\",\"breadcrumb\":{\"@id\":\"https:\/\/portalraizesnoticias.com.br\/?p=4402#breadcrumb\"},\"inLanguage\":\"pt-BR\",\"potentialAction\":[{\"@type\":\"ReadAction\",\"target\":[\"https:\/\/portalraizesnoticias.com.br\/?p=4402\"]}]},{\"@type\":\"ImageObject\",\"inLanguage\":\"pt-BR\",\"@id\":\"https:\/\/portalraizesnoticias.com.br\/?p=4402#primaryimage\",\"url\":\"https:\/\/portalraizesnoticias.com.br\/wp-content\/uploads\/2025\/01\/romulo-campos-itiuba.jpg\",\"contentUrl\":\"https:\/\/portalraizesnoticias.com.br\/wp-content\/uploads\/2025\/01\/romulo-campos-itiuba.jpg\",\"width\":540,\"height\":386},{\"@type\":\"BreadcrumbList\",\"@id\":\"https:\/\/portalraizesnoticias.com.br\/?p=4402#breadcrumb\",\"itemListElement\":[{\"@type\":\"ListItem\",\"position\":1,\"name\":\"In\u00edcio\",\"item\":\"https:\/\/portalraizesnoticias.com.br\/\"},{\"@type\":\"ListItem\",\"position\":2,\"name\":\"Homem morre ap\u00f3s ser atingido por disparo acidental de espingarda em Iti\u00faba\"}]},{\"@type\":\"WebSite\",\"@id\":\"https:\/\/portalraizesnoticias.com.br\/#website\",\"url\":\"https:\/\/portalraizesnoticias.com.br\/\",\"name\":\"Portal raizes NOTICIAS\",\"description\":\"site de noticias de concei\u00e7\u00e3o do coit\u00e9 e regi\u00e3o\",\"publisher\":{\"@id\":\"https:\/\/portalraizesnoticias.com.br\/#organization\"},\"alternateName\":\"PORTAL RAIZES COIT\u00c9\",\"potentialAction\":[{\"@type\":\"SearchAction\",\"target\":{\"@type\":\"EntryPoint\",\"urlTemplate\":\"https:\/\/portalraizesnoticias.com.br\/?s={search_term_string}\"},\"query-input\":{\"@type\":\"PropertyValueSpecification\",\"valueRequired\":true,\"valueName\":\"search_term_string\"}}],\"inLanguage\":\"pt-BR\"},{\"@type\":\"Organization\",\"@id\":\"https:\/\/portalraizesnoticias.com.br\/#organization\",\"name\":\"Portal raizes NOTICIAS\",\"url\":\"https:\/\/portalraizesnoticias.com.br\/\",\"logo\":{\"@type\":\"ImageObject\",\"inLanguage\":\"pt-BR\",\"@id\":\"https:\/\/portalraizesnoticias.com.br\/#\/schema\/logo\/image\/\",\"url\":\"https:\/\/portalraizesnoticias.com.br\/wp-content\/uploads\/2024\/09\/cropped-Captura-de-tela-2024-09-08-011108.png\",\"contentUrl\":\"https:\/\/portalraizesnoticias.com.br\/wp-content\/uploads\/2024\/09\/cropped-Captura-de-tela-2024-09-08-011108.png\",\"width\":606,\"height\":173,\"caption\":\"Portal raizes NOTICIAS\"},\"image\":{\"@id\":\"https:\/\/portalraizesnoticias.com.br\/#\/schema\/logo\/image\/\"}},{\"@type\":\"Person\",\"@id\":\"https:\/\/portalraizesnoticias.com.br\/#\/schema\/person\/a3ca6b0fc701e78df19756c417d943ae\",\"name\":\"Portal Raizes\",\"image\":{\"@type\":\"ImageObject\",\"inLanguage\":\"pt-BR\",\"@id\":\"https:\/\/portalraizesnoticias.com.br\/#\/schema\/person\/image\/\",\"url\":\"https:\/\/secure.gravatar.com\/avatar\/ef450d29013a3d3fba867a12a249d7b1?s=96&d=mm&r=g\",\"contentUrl\":\"https:\/\/secure.gravatar.com\/avatar\/ef450d29013a3d3fba867a12a249d7b1?s=96&d=mm&r=g\",\"caption\":\"Portal Raizes\"},\"url\":\"https:\/\/portalraizesnoticias.com.br\/?author=3\"}]}<\/script>\n<!-- \/ Yoast SEO plugin. -->","yoast_head_json":{"title":"Homem morre ap\u00f3s ser atingido por disparo acidental de espingarda em Iti\u00faba - Portal raizes noticias","robots":{"index":"index","follow":"follow","max-snippet":"max-snippet:-1","max-image-preview":"max-image-preview:large","max-video-preview":"max-video-preview:-1"},"canonical":"https:\/\/portalraizesnoticias.com.br\/?p=4402","og_locale":"pt_BR","og_type":"article","og_title":"Homem morre ap\u00f3s ser atingido por disparo acidental de espingarda em Iti\u00faba - Portal raizes noticias","og_description":"Um homem de 59 anos morreu na tarde de s\u00e1bado (25) ap\u00f3s ser atingido por um tiro acidental disparado pela pr\u00f3pria espingarda, de fabrica\u00e7\u00e3o artesanal, em um assentamento localizado no distrito R\u00f4mulo Campos, no munic\u00edpio de Iti\u00faba, na regi\u00e3o sisaleira da Bahia. PUBLICIDADE Segundo a Pol\u00edcia Militar, Juscelino Gama Fran\u00e7a utilizava a espingarda para ca\u00e7ar animais na ro\u00e7a. N\u00e3o h\u00e1 detalhes sobre as circunst\u00e2ncias que levaram ao disparo acidental. PUBLICIDADE O Samu foi acionado e constatou o \u00f3bito no local. Em seguida, o Departamento de Pol\u00edcia T\u00e9cnica (DPT) realizou a per\u00edcia e encaminhou o corpo para necropsia. A espingarda foi apreendida pela Pol\u00edcia Militar Informa\u00e7\u00f5es extra\u00eddas do site Not\u00edcias de Santaluz Foto: Est\u00fadio 8 TV","og_url":"https:\/\/portalraizesnoticias.com.br\/?p=4402","og_site_name":"Portal raizes noticias","article_published_time":"2025-01-26T21:00:43+00:00","article_modified_time":"2025-01-26T21:01:53+00:00","og_image":[{"width":540,"height":386,"url":"https:\/\/portalraizesnoticias.com.br\/wp-content\/uploads\/2025\/01\/romulo-campos-itiuba.jpg","type":"image\/jpeg"}],"author":"Portal Raizes","twitter_card":"summary_large_image","twitter_misc":{"Escrito por":"Portal Raizes","Est. tempo de leitura":"2 minutos"},"schema":{"@context":"https:\/\/schema.org","@graph":[{"@type":"Article","@id":"https:\/\/portalraizesnoticias.com.br\/?p=4402#article","isPartOf":{"@id":"https:\/\/portalraizesnoticias.com.br\/?p=4402"},"author":{"name":"Portal Raizes","@id":"https:\/\/portalraizesnoticias.com.br\/#\/schema\/person\/a3ca6b0fc701e78df19756c417d943ae"},"headline":"Homem morre ap\u00f3s ser atingido por disparo acidental de espingarda em Iti\u00faba","datePublished":"2025-01-26T21:00:43+00:00","dateModified":"2025-01-26T21:01:53+00:00","mainEntityOfPage":{"@id":"https:\/\/portalraizesnoticias.com.br\/?p=4402"},"wordCount":148,"commentCount":0,"publisher":{"@id":"https:\/\/portalraizesnoticias.com.br\/#organization"},"image":{"@id":"https:\/\/portalraizesnoticias.com.br\/?p=4402#primaryimage"},"thumbnailUrl":"https:\/\/portalraizesnoticias.com.br\/wp-content\/uploads\/2025\/01\/romulo-campos-itiuba.jpg","keywords":["Homem","Iti\u00faba","Morre"],"articleSection":["ACIDENTES","DESTAQUES","ULTIMAS NOTICIAS"],"inLanguage":"pt-BR","potentialAction":[{"@type":"CommentAction","name":"Comment","target":["https:\/\/portalraizesnoticias.com.br\/?p=4402#respond"]}]},{"@type":"WebPage","@id":"https:\/\/portalraizesnoticias.com.br\/?p=4402","url":"https:\/\/portalraizesnoticias.com.br\/?p=4402","name":"Homem morre ap\u00f3s ser atingido por disparo acidental de espingarda em Iti\u00faba - Portal raizes noticias","isPartOf":{"@id":"https:\/\/portalraizesnoticias.com.br\/#website"},"primaryImageOfPage":{"@id":"https:\/\/portalraizesnoticias.com.br\/?p=4402#primaryimage"},"image":{"@id":"https:\/\/portalraizesnoticias.com.br\/?p=4402#primaryimage"},"thumbnailUrl":"https:\/\/portalraizesnoticias.com.br\/wp-content\/uploads\/2025\/01\/romulo-campos-itiuba.jpg","datePublished":"2025-01-26T21:00:43+00:00","dateModified":"2025-01-26T21:01:53+00:00","breadcrumb":{"@id":"https:\/\/portalraizesnoticias.com.br\/?p=4402#breadcrumb"},"inLanguage":"pt-BR","potentialAction":[{"@type":"ReadAction","target":["https:\/\/portalraizesnoticias.com.br\/?p=4402"]}]},{"@type":"ImageObject","inLanguage":"pt-BR","@id":"https:\/\/portalraizesnoticias.com.br\/?p=4402#primaryimage","url":"https:\/\/portalraizesnoticias.com.br\/wp-content\/uploads\/2025\/01\/romulo-campos-itiuba.jpg","contentUrl":"https:\/\/portalraizesnoticias.com.br\/wp-content\/uploads\/2025\/01\/romulo-campos-itiuba.jpg","width":540,"height":386},{"@type":"BreadcrumbList","@id":"https:\/\/portalraizesnoticias.com.br\/?p=4402#breadcrumb","itemListElement":[{"@type":"ListItem","position":1,"name":"In\u00edcio","item":"https:\/\/portalraizesnoticias.com.br\/"},{"@type":"ListItem","position":2,"name":"Homem morre ap\u00f3s ser atingido por disparo acidental de espingarda em Iti\u00faba"}]},{"@type":"WebSite","@id":"https:\/\/portalraizesnoticias.com.br\/#website","url":"https:\/\/portalraizesnoticias.com.br\/","name":"Portal raizes NOTICIAS","description":"site de noticias de concei\u00e7\u00e3o do coit\u00e9 e regi\u00e3o","publisher":{"@id":"https:\/\/portalraizesnoticias.com.br\/#organization"},"alternateName":"PORTAL RAIZES COIT\u00c9","potentialAction":[{"@type":"SearchAction","target":{"@type":"EntryPoint","urlTemplate":"https:\/\/portalraizesnoticias.com.br\/?s={search_term_string}"},"query-input":{"@type":"PropertyValueSpecification","valueRequired":true,"valueName":"search_term_string"}}],"inLanguage":"pt-BR"},{"@type":"Organization","@id":"https:\/\/portalraizesnoticias.com.br\/#organization","name":"Portal raizes NOTICIAS","url":"https:\/\/portalraizesnoticias.com.br\/","logo":{"@type":"ImageObject","inLanguage":"pt-BR","@id":"https:\/\/portalraizesnoticias.com.br\/#\/schema\/logo\/image\/","url":"https:\/\/portalraizesnoticias.com.br\/wp-content\/uploads\/2024\/09\/cropped-Captura-de-tela-2024-09-08-011108.png","contentUrl":"https:\/\/portalraizesnoticias.com.br\/wp-content\/uploads\/2024\/09\/cropped-Captura-de-tela-2024-09-08-011108.png","width":606,"height":173,"caption":"Portal raizes NOTICIAS"},"image":{"@id":"https:\/\/portalraizesnoticias.com.br\/#\/schema\/logo\/image\/"}},{"@type":"Person","@id":"https:\/\/portalraizesnoticias.com.br\/#\/schema\/person\/a3ca6b0fc701e78df19756c417d943ae","name":"Portal Raizes","image":{"@type":"ImageObject","inLanguage":"pt-BR","@id":"https:\/\/portalraizesnoticias.com.br\/#\/schema\/person\/image\/","url":"https:\/\/secure.gravatar.com\/avatar\/ef450d29013a3d3fba867a12a249d7b1?s=96&d=mm&r=g","contentUrl":"https:\/\/secure.gravatar.com\/avatar\/ef450d29013a3d3fba867a12a249d7b1?s=96&d=mm&r=g","caption":"Portal Raizes"},"url":"https:\/\/portalraizesnoticias.com.br\/?author=3"}]}},"_links":{"self":[{"href":"https:\/\/portalraizesnoticias.com.br\/index.php?rest_route=\/wp\/v2\/posts\/4402"}],"collection":[{"href":"https:\/\/portalraizesnoticias.com.br\/index.php?rest_route=\/wp\/v2\/posts"}],"about":[{"href":"https:\/\/portalraizesnoticias.com.br\/index.php?rest_route=\/wp\/v2\/types\/post"}],"author":[{"embeddable":true,"href":"https:\/\/portalraizesnoticias.com.br\/index.php?rest_route=\/wp\/v2\/users\/3"}],"replies":[{"embeddable":true,"href":"https:\/\/portalraizesnoticias.com.br\/index.php?rest_route=%2Fwp%2Fv2%2Fcomments&post=4402"}],"version-history":[{"count":2,"href":"https:\/\/portalraizesnoticias.com.br\/index.php?rest_route=\/wp\/v2\/posts\/4402\/revisions"}],"predecessor-version":[{"id":4405,"href":"https:\/\/portalraizesnoticias.com.br\/index.php?rest_route=\/wp\/v2\/posts\/4402\/revisions\/4405"}],"wp:featuredmedia":[{"embeddable":true,"href":"https:\/\/portalraizesnoticias.com.br\/index.php?rest_route=\/wp\/v2\/media\/4403"}],"wp:attachment":[{"href":"https:\/\/portalraizesnoticias.com.br\/index.php?rest_route=%2Fwp%2Fv2%2Fmedia&parent=4402"}],"wp:term":[{"taxonomy":"category","embeddable":true,"href":"https:\/\/portalraizesnoticias.com.br\/index.php?rest_route=%2Fwp%2Fv2%2Fcategories&post=4402"},{"taxonomy":"post_tag","embeddable":true,"href":"https:\/\/portalraizesnoticias.com.br\/index.php?rest_route=%2Fwp%2Fv2%2Ftags&post=4402"}],"curies":[{"name":"wp","href":"https:\/\/api.w.org\/{rel}","templated":true}]}}