{"id":4320,"date":"2025-01-22T19:26:17","date_gmt":"2025-01-22T22:26:17","guid":{"rendered":"https:\/\/portalraizesnoticias.com.br\/?p=4320"},"modified":"2025-01-22T19:34:21","modified_gmt":"2025-01-22T22:34:21","slug":"coite-apos-incendio-em-onibus-corpo-de-bombeiros-emite-orientacao-aos-proprietarios-de-veiculos-abandonados-nas-ruas","status":"publish","type":"post","link":"https:\/\/portalraizesnoticias.com.br\/?p=4320","title":{"rendered":"Coit\u00e9: Ap\u00f3s inc\u00eandio em \u00f4nibus, Corpo de Bombeiros emite orienta\u00e7\u00e3o aos propriet\u00e1rios de ve\u00edculos abandonados nas ruas"},"content":{"rendered":"<p>Ap\u00f3s a colabora\u00e7\u00e3o entre o Corpo de Bombeiros de Serrinha e o Anjos da Vida para <a href=\"https:\/\/portalraizesnoticias.com.br\/onibus-pega-fogo-proximo-a-posto-de-combustivel-em-conceicao-do-coite-bombeiros-continuam-no-local\/\">conter um inc\u00eandio em um \u00f4nibus composto por materiais recicl\u00e1veis em Concei\u00e7\u00e3o do Coit\u00e9<\/a>, a jornalista Rafaela Rodrigues procurou o \u00f3rg\u00e3o para obter mais informa\u00e7\u00f5es sobre o projeto e orienta\u00e7\u00f5es para propriet\u00e1rios de ve\u00edculos abandonados nas ruas.<\/p>\n<p><img fetchpriority=\"high\" decoding=\"async\" class=\"size-medium wp-image-4286 aligncenter\" src=\"https:\/\/portalraizesnoticias.com.br\/wp-content\/uploads\/2025\/01\/WhatsApp-Image-2025-01-21-at-08.36.21-scaled-1-300x225.jpeg\" alt=\"\" width=\"300\" height=\"225\" srcset=\"https:\/\/portalraizesnoticias.com.br\/wp-content\/uploads\/2025\/01\/WhatsApp-Image-2025-01-21-at-08.36.21-scaled-1-300x225.jpeg 300w, https:\/\/portalraizesnoticias.com.br\/wp-content\/uploads\/2025\/01\/WhatsApp-Image-2025-01-21-at-08.36.21-scaled-1-768x576.jpeg 768w, https:\/\/portalraizesnoticias.com.br\/wp-content\/uploads\/2025\/01\/WhatsApp-Image-2025-01-21-at-08.36.21-scaled-1.jpeg 1024w\" sizes=\"(max-width: 300px) 100vw, 300px\" \/><\/p>\n<p style=\"text-align: center;\"><em>Foto: Raimundo Mascarenhas<\/em><\/p>\n<p>\u201cNossa maior preocupa\u00e7\u00e3o foi garantir a seguran\u00e7a das pessoas no entorno, evitar a propaga\u00e7\u00e3o das chamas e minimizar os danos ao patrim\u00f4nio. Adotamos medidas r\u00e1pidas e t\u00e9cnicas para controlar o fogo e eliminar qualquer risco de novos focos\u201d, explicou a assessoria de imprensa.<\/p>\n<p><img decoding=\"async\" class=\"size-medium wp-image-2320 aligncenter\" src=\"https:\/\/portalraizesnoticias.com.br\/wp-content\/uploads\/2024\/11\/1732216879983-d784d47a-39b1-443f-82e8-60565a1d94d1_1-e1732217067640-300x259.jpg\" alt=\"\" width=\"300\" height=\"259\" srcset=\"https:\/\/portalraizesnoticias.com.br\/wp-content\/uploads\/2024\/11\/1732216879983-d784d47a-39b1-443f-82e8-60565a1d94d1_1-e1732217067640-300x259.jpg 300w, https:\/\/portalraizesnoticias.com.br\/wp-content\/uploads\/2024\/11\/1732216879983-d784d47a-39b1-443f-82e8-60565a1d94d1_1-e1732217067640-768x664.jpg 768w, https:\/\/portalraizesnoticias.com.br\/wp-content\/uploads\/2024\/11\/1732216879983-d784d47a-39b1-443f-82e8-60565a1d94d1_1-e1732217067640.jpg 839w\" sizes=\"(max-width: 300px) 100vw, 300px\" \/><\/p>\n<p style=\"text-align: center;\"><strong>PUBLICIDADE<\/strong><\/p>\n<p>A 2a Companhia de Bombeiro Militar, que pertence ao 2\u00b0 Batalh\u00e3o de Bombeiros Militar (2\u00b0 BBM) de Feira de Santana, atende 20 cidades da regi\u00e3o e esteve em Coit\u00e9 pela segunda vez.<\/p>\n<p>A primeira ocorr\u00eancia foi realizada em uma vegeta\u00e7\u00e3o que pegou fogo no ano passado.<\/p>\n<p>Em rela\u00e7\u00e3o ao inc\u00eandio do \u00f4nibus, tr\u00eas bombeiros participaram da opera\u00e7\u00e3o, usando equipamentos adequados para o combate a inc\u00eandios e garantindo a seguran\u00e7a do local.<\/p>\n<p><img decoding=\"async\" class=\"size-medium wp-image-4298 aligncenter\" src=\"https:\/\/portalraizesnoticias.com.br\/wp-content\/uploads\/2025\/01\/IMG-20250120-WA0370-1-210x300.jpg\" alt=\"\" width=\"210\" height=\"300\" srcset=\"https:\/\/portalraizesnoticias.com.br\/wp-content\/uploads\/2025\/01\/IMG-20250120-WA0370-1-210x300.jpg 210w, https:\/\/portalraizesnoticias.com.br\/wp-content\/uploads\/2025\/01\/IMG-20250120-WA0370-1-717x1024.jpg 717w, https:\/\/portalraizesnoticias.com.br\/wp-content\/uploads\/2025\/01\/IMG-20250120-WA0370-1-768x1096.jpg 768w, https:\/\/portalraizesnoticias.com.br\/wp-content\/uploads\/2025\/01\/IMG-20250120-WA0370-1-1076x1536.jpg 1076w, https:\/\/portalraizesnoticias.com.br\/wp-content\/uploads\/2025\/01\/IMG-20250120-WA0370-1.jpg 1121w\" sizes=\"(max-width: 210px) 100vw, 210px\" \/><\/p>\n<p style=\"text-align: center;\"><strong>PUBLICIDADE<\/strong><\/p>\n<p>\u201cA presen\u00e7a do Corpo de Bombeiros na regi\u00e3o \u00e9 crucial para a preven\u00e7\u00e3o e combate a inc\u00eandios, al\u00e9m de atendimentos pr\u00e9-hospitalares e resgates. Em uma regi\u00e3o com caracter\u00edsticas urbanas e rurais, nossa atua\u00e7\u00e3o reduz riscos e aumenta a seguran\u00e7a da popula\u00e7\u00e3o\u201d, disse a assessoria.<\/p>\n<p>As informa\u00e7\u00f5es obtidas pela jornalista Rafaela Rodrigues indicam que o ve\u00edculo estava no local h\u00e1 alguns meses.<\/p>\n<p><img loading=\"lazy\" decoding=\"async\" class=\"size-medium wp-image-1970 aligncenter\" src=\"https:\/\/portalraizesnoticias.com.br\/wp-content\/uploads\/2024\/11\/Banner-home-center-300x300.jpg\" alt=\"\" width=\"300\" height=\"300\" srcset=\"https:\/\/portalraizesnoticias.com.br\/wp-content\/uploads\/2024\/11\/Banner-home-center-300x300.jpg 300w, https:\/\/portalraizesnoticias.com.br\/wp-content\/uploads\/2024\/11\/Banner-home-center-1024x1024.jpg 1024w, https:\/\/portalraizesnoticias.com.br\/wp-content\/uploads\/2024\/11\/Banner-home-center-150x150.jpg 150w, https:\/\/portalraizesnoticias.com.br\/wp-content\/uploads\/2024\/11\/Banner-home-center-768x768.jpg 768w, https:\/\/portalraizesnoticias.com.br\/wp-content\/uploads\/2024\/11\/Banner-home-center-700x700.jpg 700w, https:\/\/portalraizesnoticias.com.br\/wp-content\/uploads\/2024\/11\/Banner-home-center-620x620.jpg 620w, https:\/\/portalraizesnoticias.com.br\/wp-content\/uploads\/2024\/11\/Banner-home-center-400x400.jpg 400w, https:\/\/portalraizesnoticias.com.br\/wp-content\/uploads\/2024\/11\/Banner-home-center.jpg 1080w\" sizes=\"(max-width: 300px) 100vw, 300px\" \/><\/p>\n<p style=\"text-align: center;\"><strong>PUBLICIDADE<\/strong><\/p>\n<p>Quando indagados sobre o h\u00e1bito das pessoas de abandonarem os transportes, o Corpo de Bombeiros emitiu uma orienta\u00e7\u00e3o.<\/p>\n<p>\u201cOrientamos que ve\u00edculos abandonados sejam retirados das vias p\u00fablicas e armazenados adequadamente. Al\u00e9m de prejudicar o tr\u00e2nsito, esses ve\u00edculos podem ser alvo de vandalismo e contribuir para situa\u00e7\u00f5es de risco, como inc\u00eandios\u201d, finaliza.<\/p>\n<p><strong>O trabalho dos socorristas!<\/strong><\/p>\n<p>Ao finalizar a tarefa, a equipe do Corpo de Bombeiros Militar visitou a base da Brigada Anjos da Vida, onde conheceu as instala\u00e7\u00f5es e a trajet\u00f3ria do primeiro grupo de socorristas volunt\u00e1rios da regi\u00e3o sisaleira e um dos primeiros do estado, inaugurado em 2009.<\/p>\n<p><img loading=\"lazy\" decoding=\"async\" class=\"size-medium wp-image-4323 aligncenter\" src=\"https:\/\/portalraizesnoticias.com.br\/wp-content\/uploads\/2025\/01\/IMG-20250122-WA0370-269x300.jpg\" alt=\"\" width=\"269\" height=\"300\" srcset=\"https:\/\/portalraizesnoticias.com.br\/wp-content\/uploads\/2025\/01\/IMG-20250122-WA0370-269x300.jpg 269w, https:\/\/portalraizesnoticias.com.br\/wp-content\/uploads\/2025\/01\/IMG-20250122-WA0370-768x858.jpg 768w, https:\/\/portalraizesnoticias.com.br\/wp-content\/uploads\/2025\/01\/IMG-20250122-WA0370.jpg 900w\" sizes=\"(max-width: 269px) 100vw, 269px\" \/><\/p>\n<p>Al\u00e9m dos Anjos, existe o \u00c1guia Resgate, que possui um ve\u00edculo de combate a inc\u00eandio que facilita ainda mais o trabalho do Corpo de Bombeiros.<\/p>\n<p><img loading=\"lazy\" decoding=\"async\" class=\"size-medium wp-image-4325 aligncenter\" src=\"https:\/\/portalraizesnoticias.com.br\/wp-content\/uploads\/2025\/01\/IMG-20250122-WA0373-225x300.jpg\" alt=\"\" width=\"225\" height=\"300\" srcset=\"https:\/\/portalraizesnoticias.com.br\/wp-content\/uploads\/2025\/01\/IMG-20250122-WA0373-225x300.jpg 225w, https:\/\/portalraizesnoticias.com.br\/wp-content\/uploads\/2025\/01\/IMG-20250122-WA0373-768x1024.jpg 768w, https:\/\/portalraizesnoticias.com.br\/wp-content\/uploads\/2025\/01\/IMG-20250122-WA0373-1152x1536.jpg 1152w, https:\/\/portalraizesnoticias.com.br\/wp-content\/uploads\/2025\/01\/IMG-20250122-WA0373.jpg 1200w\" sizes=\"(max-width: 225px) 100vw, 225px\" \/><\/p>\n<p>Na imagem, o \u00c1guia Reshate atuando com os Bombeiros durante um inc\u00eandio em uma resid\u00eancia pr\u00f3ximo ao Est\u00e1dio Municipal em<\/p>\n<p><img loading=\"lazy\" decoding=\"async\" class=\"size-medium wp-image-4324 aligncenter\" src=\"https:\/\/portalraizesnoticias.com.br\/wp-content\/uploads\/2025\/01\/IMG-20250121-WA04072-300x233.jpg\" alt=\"\" width=\"300\" height=\"233\" srcset=\"https:\/\/portalraizesnoticias.com.br\/wp-content\/uploads\/2025\/01\/IMG-20250121-WA04072-300x233.jpg 300w, https:\/\/portalraizesnoticias.com.br\/wp-content\/uploads\/2025\/01\/IMG-20250121-WA04072.jpg 414w\" sizes=\"(max-width: 300px) 100vw, 300px\" \/><\/p>\n<p>\u00c9 percept\u00edvel que, nestas ocasi\u00f5es, \u00e9 extremamente importante o trabalho conjunto dos Bombeiros e socorristas, refor\u00e7ando a relev\u00e2ncia das equipes de Resgate na cidade.<\/p>\n<p><em>Reda\u00e7\u00e3o com algumas informa\u00e7\u00f5es do site Calila Noticias\u00a0<\/em><\/p>\n<p><em>Fotos: Anjos da Vida, \u00c1guia Regaste e Raimundo Mascarenhas\u00a0<\/em><\/p>\n","protected":false},"excerpt":{"rendered":"<p>Ap\u00f3s a colabora\u00e7\u00e3o entre o Corpo de Bombeiros de Serrinha e o Anjos da Vida para conter um inc\u00eandio em um \u00f4nibus composto por materiais recicl\u00e1veis em Concei\u00e7\u00e3o do Coit\u00e9, a jornalista Rafaela Rodrigues procurou o \u00f3rg\u00e3o para obter mais informa\u00e7\u00f5es sobre o projeto e orienta\u00e7\u00f5es para propriet\u00e1rios de ve\u00edculos abandonados nas ruas. Foto: Raimundo Mascarenhas \u201cNossa maior preocupa\u00e7\u00e3o foi garantir a seguran\u00e7a das pessoas no entorno, evitar a propaga\u00e7\u00e3o das chamas e minimizar os danos ao patrim\u00f4nio. Adotamos medidas r\u00e1pidas e t\u00e9cnicas para controlar o fogo e eliminar qualquer risco de novos focos\u201d, explicou a assessoria de imprensa. PUBLICIDADE A 2a Companhia de Bombeiro Militar, que pertence ao 2\u00b0 Batalh\u00e3o de Bombeiros Militar (2\u00b0 BBM) de Feira de Santana, atende 20 cidades da regi\u00e3o e esteve em Coit\u00e9 pela segunda vez. A primeira ocorr\u00eancia foi realizada em uma vegeta\u00e7\u00e3o que pegou fogo no ano passado. Em rela\u00e7\u00e3o ao inc\u00eandio do \u00f4nibus, tr\u00eas bombeiros participaram da opera\u00e7\u00e3o, usando equipamentos adequados para o combate a inc\u00eandios e garantindo a seguran\u00e7a do local. PUBLICIDADE \u201cA presen\u00e7a do Corpo de Bombeiros na regi\u00e3o \u00e9 crucial para a preven\u00e7\u00e3o e combate a inc\u00eandios, al\u00e9m de atendimentos pr\u00e9-hospitalares e resgates. Em uma regi\u00e3o com caracter\u00edsticas urbanas e rurais, nossa atua\u00e7\u00e3o reduz riscos e aumenta a seguran\u00e7a da popula\u00e7\u00e3o\u201d, disse a assessoria. As informa\u00e7\u00f5es obtidas pela jornalista Rafaela Rodrigues indicam que o ve\u00edculo estava no local h\u00e1 alguns meses. PUBLICIDADE Quando indagados sobre o h\u00e1bito das pessoas de abandonarem os transportes, o Corpo de Bombeiros emitiu uma orienta\u00e7\u00e3o. \u201cOrientamos que ve\u00edculos abandonados sejam retirados das vias p\u00fablicas e armazenados adequadamente. Al\u00e9m de prejudicar o tr\u00e2nsito, esses ve\u00edculos podem ser alvo de vandalismo e contribuir para situa\u00e7\u00f5es de risco, como inc\u00eandios\u201d, finaliza. O trabalho dos socorristas! Ao finalizar a tarefa, a equipe do Corpo de Bombeiros Militar visitou a base da Brigada Anjos da Vida, onde conheceu as instala\u00e7\u00f5es e a trajet\u00f3ria do primeiro grupo de socorristas volunt\u00e1rios da regi\u00e3o sisaleira e um dos primeiros do estado, inaugurado em 2009. Al\u00e9m dos Anjos, existe o \u00c1guia Resgate, que possui um ve\u00edculo de combate a inc\u00eandio que facilita ainda mais o trabalho do Corpo de Bombeiros. Na imagem, o \u00c1guia Reshate atuando com os Bombeiros durante um inc\u00eandio em uma resid\u00eancia pr\u00f3ximo ao Est\u00e1dio Municipal em \u00c9 percept\u00edvel que, nestas ocasi\u00f5es, \u00e9 extremamente importante o trabalho conjunto dos Bombeiros e socorristas, refor\u00e7ando a relev\u00e2ncia das equipes de Resgate na cidade. Reda\u00e7\u00e3o com algumas informa\u00e7\u00f5es do site Calila Noticias\u00a0 Fotos: Anjos da Vida, \u00c1guia Regaste e Raimundo Mascarenhas\u00a0<\/p>\n","protected":false},"author":3,"featured_media":4321,"comment_status":"open","ping_status":"open","sticky":false,"template":"","format":"standard","meta":{"_joinchat":[],"footnotes":""},"categories":[58,55,59],"tags":[75,728,726,727],"class_list":["post-4320","post","type-post","status-publish","format-standard","has-post-thumbnail","hentry","category-acidentes","category-destaques","category-ultimas-noticias","tag-coite","tag-corpo-de-bombeiros","tag-orientacao","tag-veiculos-abandonados"],"yoast_head":"<!-- This site is optimized with the Yoast SEO plugin v24.4 - https:\/\/yoast.com\/wordpress\/plugins\/seo\/ -->\n<title>Coit\u00e9: Ap\u00f3s inc\u00eandio em \u00f4nibus, Corpo de Bombeiros emite orienta\u00e7\u00e3o aos propriet\u00e1rios de ve\u00edculos abandonados nas ruas - Portal raizes noticias<\/title>\n<meta name=\"robots\" content=\"index, follow, max-snippet:-1, max-image-preview:large, max-video-preview:-1\" \/>\n<link rel=\"canonical\" href=\"https:\/\/portalraizesnoticias.com.br\/?p=4320\" \/>\n<meta property=\"og:locale\" content=\"pt_BR\" \/>\n<meta property=\"og:type\" content=\"article\" \/>\n<meta property=\"og:title\" content=\"Coit\u00e9: Ap\u00f3s inc\u00eandio em \u00f4nibus, Corpo de Bombeiros emite orienta\u00e7\u00e3o aos propriet\u00e1rios de ve\u00edculos abandonados nas ruas - Portal raizes noticias\" \/>\n<meta property=\"og:description\" content=\"Ap\u00f3s a colabora\u00e7\u00e3o entre o Corpo de Bombeiros de Serrinha e o Anjos da Vida para conter um inc\u00eandio em um \u00f4nibus composto por materiais recicl\u00e1veis em Concei\u00e7\u00e3o do Coit\u00e9, a jornalista Rafaela Rodrigues procurou o \u00f3rg\u00e3o para obter mais informa\u00e7\u00f5es sobre o projeto e orienta\u00e7\u00f5es para propriet\u00e1rios de ve\u00edculos abandonados nas ruas. Foto: Raimundo Mascarenhas \u201cNossa maior preocupa\u00e7\u00e3o foi garantir a seguran\u00e7a das pessoas no entorno, evitar a propaga\u00e7\u00e3o das chamas e minimizar os danos ao patrim\u00f4nio. Adotamos medidas r\u00e1pidas e t\u00e9cnicas para controlar o fogo e eliminar qualquer risco de novos focos\u201d, explicou a assessoria de imprensa. PUBLICIDADE A 2a Companhia de Bombeiro Militar, que pertence ao 2\u00b0 Batalh\u00e3o de Bombeiros Militar (2\u00b0 BBM) de Feira de Santana, atende 20 cidades da regi\u00e3o e esteve em Coit\u00e9 pela segunda vez. A primeira ocorr\u00eancia foi realizada em uma vegeta\u00e7\u00e3o que pegou fogo no ano passado. Em rela\u00e7\u00e3o ao inc\u00eandio do \u00f4nibus, tr\u00eas bombeiros participaram da opera\u00e7\u00e3o, usando equipamentos adequados para o combate a inc\u00eandios e garantindo a seguran\u00e7a do local. PUBLICIDADE \u201cA presen\u00e7a do Corpo de Bombeiros na regi\u00e3o \u00e9 crucial para a preven\u00e7\u00e3o e combate a inc\u00eandios, al\u00e9m de atendimentos pr\u00e9-hospitalares e resgates. Em uma regi\u00e3o com caracter\u00edsticas urbanas e rurais, nossa atua\u00e7\u00e3o reduz riscos e aumenta a seguran\u00e7a da popula\u00e7\u00e3o\u201d, disse a assessoria. As informa\u00e7\u00f5es obtidas pela jornalista Rafaela Rodrigues indicam que o ve\u00edculo estava no local h\u00e1 alguns meses. PUBLICIDADE Quando indagados sobre o h\u00e1bito das pessoas de abandonarem os transportes, o Corpo de Bombeiros emitiu uma orienta\u00e7\u00e3o. \u201cOrientamos que ve\u00edculos abandonados sejam retirados das vias p\u00fablicas e armazenados adequadamente. Al\u00e9m de prejudicar o tr\u00e2nsito, esses ve\u00edculos podem ser alvo de vandalismo e contribuir para situa\u00e7\u00f5es de risco, como inc\u00eandios\u201d, finaliza. O trabalho dos socorristas! Ao finalizar a tarefa, a equipe do Corpo de Bombeiros Militar visitou a base da Brigada Anjos da Vida, onde conheceu as instala\u00e7\u00f5es e a trajet\u00f3ria do primeiro grupo de socorristas volunt\u00e1rios da regi\u00e3o sisaleira e um dos primeiros do estado, inaugurado em 2009. Al\u00e9m dos Anjos, existe o \u00c1guia Resgate, que possui um ve\u00edculo de combate a inc\u00eandio que facilita ainda mais o trabalho do Corpo de Bombeiros. Na imagem, o \u00c1guia Reshate atuando com os Bombeiros durante um inc\u00eandio em uma resid\u00eancia pr\u00f3ximo ao Est\u00e1dio Municipal em \u00c9 percept\u00edvel que, nestas ocasi\u00f5es, \u00e9 extremamente importante o trabalho conjunto dos Bombeiros e socorristas, refor\u00e7ando a relev\u00e2ncia das equipes de Resgate na cidade. Reda\u00e7\u00e3o com algumas informa\u00e7\u00f5es do site Calila Noticias\u00a0 Fotos: Anjos da Vida, \u00c1guia Regaste e Raimundo Mascarenhas\u00a0\" \/>\n<meta property=\"og:url\" content=\"https:\/\/portalraizesnoticias.com.br\/?p=4320\" \/>\n<meta property=\"og:site_name\" content=\"Portal raizes noticias\" \/>\n<meta property=\"article:published_time\" content=\"2025-01-22T22:26:17+00:00\" \/>\n<meta property=\"article:modified_time\" content=\"2025-01-22T22:34:21+00:00\" \/>\n<meta property=\"og:image\" content=\"https:\/\/portalraizesnoticias.com.br\/wp-content\/uploads\/2025\/01\/WhatsApp-Image-2025-01-21-at-08.36.19-scaled-1.jpeg\" \/>\n\t<meta property=\"og:image:width\" content=\"1024\" \/>\n\t<meta property=\"og:image:height\" content=\"768\" \/>\n\t<meta property=\"og:image:type\" content=\"image\/jpeg\" \/>\n<meta name=\"author\" content=\"Portal Raizes\" \/>\n<meta name=\"twitter:card\" content=\"summary_large_image\" \/>\n<meta name=\"twitter:label1\" content=\"Escrito por\" \/>\n\t<meta name=\"twitter:data1\" content=\"Portal Raizes\" \/>\n\t<meta name=\"twitter:label2\" content=\"Est. tempo de leitura\" \/>\n\t<meta name=\"twitter:data2\" content=\"4 minutos\" \/>\n<script type=\"application\/ld+json\" class=\"yoast-schema-graph\">{\"@context\":\"https:\/\/schema.org\",\"@graph\":[{\"@type\":\"Article\",\"@id\":\"https:\/\/portalraizesnoticias.com.br\/?p=4320#article\",\"isPartOf\":{\"@id\":\"https:\/\/portalraizesnoticias.com.br\/?p=4320\"},\"author\":{\"name\":\"Portal Raizes\",\"@id\":\"https:\/\/portalraizesnoticias.com.br\/#\/schema\/person\/a3ca6b0fc701e78df19756c417d943ae\"},\"headline\":\"Coit\u00e9: Ap\u00f3s inc\u00eandio em \u00f4nibus, Corpo de Bombeiros emite orienta\u00e7\u00e3o aos propriet\u00e1rios de ve\u00edculos abandonados nas ruas\",\"datePublished\":\"2025-01-22T22:26:17+00:00\",\"dateModified\":\"2025-01-22T22:34:21+00:00\",\"mainEntityOfPage\":{\"@id\":\"https:\/\/portalraizesnoticias.com.br\/?p=4320\"},\"wordCount\":499,\"commentCount\":0,\"publisher\":{\"@id\":\"https:\/\/portalraizesnoticias.com.br\/#organization\"},\"image\":{\"@id\":\"https:\/\/portalraizesnoticias.com.br\/?p=4320#primaryimage\"},\"thumbnailUrl\":\"https:\/\/portalraizesnoticias.com.br\/wp-content\/uploads\/2025\/01\/WhatsApp-Image-2025-01-21-at-08.36.19-scaled-1.jpeg\",\"keywords\":[\"Coit\u00e9\",\"Corpo de bombeiros\",\"Orienta\u00e7\u00e3o\",\"Veiculos abandonados\"],\"articleSection\":[\"ACIDENTES\",\"DESTAQUES\",\"ULTIMAS NOTICIAS\"],\"inLanguage\":\"pt-BR\",\"potentialAction\":[{\"@type\":\"CommentAction\",\"name\":\"Comment\",\"target\":[\"https:\/\/portalraizesnoticias.com.br\/?p=4320#respond\"]}]},{\"@type\":\"WebPage\",\"@id\":\"https:\/\/portalraizesnoticias.com.br\/?p=4320\",\"url\":\"https:\/\/portalraizesnoticias.com.br\/?p=4320\",\"name\":\"Coit\u00e9: Ap\u00f3s inc\u00eandio em \u00f4nibus, Corpo de Bombeiros emite orienta\u00e7\u00e3o aos propriet\u00e1rios de ve\u00edculos abandonados nas ruas - Portal raizes noticias\",\"isPartOf\":{\"@id\":\"https:\/\/portalraizesnoticias.com.br\/#website\"},\"primaryImageOfPage\":{\"@id\":\"https:\/\/portalraizesnoticias.com.br\/?p=4320#primaryimage\"},\"image\":{\"@id\":\"https:\/\/portalraizesnoticias.com.br\/?p=4320#primaryimage\"},\"thumbnailUrl\":\"https:\/\/portalraizesnoticias.com.br\/wp-content\/uploads\/2025\/01\/WhatsApp-Image-2025-01-21-at-08.36.19-scaled-1.jpeg\",\"datePublished\":\"2025-01-22T22:26:17+00:00\",\"dateModified\":\"2025-01-22T22:34:21+00:00\",\"breadcrumb\":{\"@id\":\"https:\/\/portalraizesnoticias.com.br\/?p=4320#breadcrumb\"},\"inLanguage\":\"pt-BR\",\"potentialAction\":[{\"@type\":\"ReadAction\",\"target\":[\"https:\/\/portalraizesnoticias.com.br\/?p=4320\"]}]},{\"@type\":\"ImageObject\",\"inLanguage\":\"pt-BR\",\"@id\":\"https:\/\/portalraizesnoticias.com.br\/?p=4320#primaryimage\",\"url\":\"https:\/\/portalraizesnoticias.com.br\/wp-content\/uploads\/2025\/01\/WhatsApp-Image-2025-01-21-at-08.36.19-scaled-1.jpeg\",\"contentUrl\":\"https:\/\/portalraizesnoticias.com.br\/wp-content\/uploads\/2025\/01\/WhatsApp-Image-2025-01-21-at-08.36.19-scaled-1.jpeg\",\"width\":1024,\"height\":768},{\"@type\":\"BreadcrumbList\",\"@id\":\"https:\/\/portalraizesnoticias.com.br\/?p=4320#breadcrumb\",\"itemListElement\":[{\"@type\":\"ListItem\",\"position\":1,\"name\":\"In\u00edcio\",\"item\":\"https:\/\/portalraizesnoticias.com.br\/\"},{\"@type\":\"ListItem\",\"position\":2,\"name\":\"Coit\u00e9: Ap\u00f3s inc\u00eandio em \u00f4nibus, Corpo de Bombeiros emite orienta\u00e7\u00e3o aos propriet\u00e1rios de ve\u00edculos abandonados nas ruas\"}]},{\"@type\":\"WebSite\",\"@id\":\"https:\/\/portalraizesnoticias.com.br\/#website\",\"url\":\"https:\/\/portalraizesnoticias.com.br\/\",\"name\":\"Portal raizes NOTICIAS\",\"description\":\"site de noticias de concei\u00e7\u00e3o do coit\u00e9 e regi\u00e3o\",\"publisher\":{\"@id\":\"https:\/\/portalraizesnoticias.com.br\/#organization\"},\"alternateName\":\"PORTAL RAIZES COIT\u00c9\",\"potentialAction\":[{\"@type\":\"SearchAction\",\"target\":{\"@type\":\"EntryPoint\",\"urlTemplate\":\"https:\/\/portalraizesnoticias.com.br\/?s={search_term_string}\"},\"query-input\":{\"@type\":\"PropertyValueSpecification\",\"valueRequired\":true,\"valueName\":\"search_term_string\"}}],\"inLanguage\":\"pt-BR\"},{\"@type\":\"Organization\",\"@id\":\"https:\/\/portalraizesnoticias.com.br\/#organization\",\"name\":\"Portal raizes NOTICIAS\",\"url\":\"https:\/\/portalraizesnoticias.com.br\/\",\"logo\":{\"@type\":\"ImageObject\",\"inLanguage\":\"pt-BR\",\"@id\":\"https:\/\/portalraizesnoticias.com.br\/#\/schema\/logo\/image\/\",\"url\":\"https:\/\/portalraizesnoticias.com.br\/wp-content\/uploads\/2024\/09\/cropped-Captura-de-tela-2024-09-08-011108.png\",\"contentUrl\":\"https:\/\/portalraizesnoticias.com.br\/wp-content\/uploads\/2024\/09\/cropped-Captura-de-tela-2024-09-08-011108.png\",\"width\":606,\"height\":173,\"caption\":\"Portal raizes NOTICIAS\"},\"image\":{\"@id\":\"https:\/\/portalraizesnoticias.com.br\/#\/schema\/logo\/image\/\"}},{\"@type\":\"Person\",\"@id\":\"https:\/\/portalraizesnoticias.com.br\/#\/schema\/person\/a3ca6b0fc701e78df19756c417d943ae\",\"name\":\"Portal Raizes\",\"image\":{\"@type\":\"ImageObject\",\"inLanguage\":\"pt-BR\",\"@id\":\"https:\/\/portalraizesnoticias.com.br\/#\/schema\/person\/image\/\",\"url\":\"https:\/\/secure.gravatar.com\/avatar\/ef450d29013a3d3fba867a12a249d7b1?s=96&d=mm&r=g\",\"contentUrl\":\"https:\/\/secure.gravatar.com\/avatar\/ef450d29013a3d3fba867a12a249d7b1?s=96&d=mm&r=g\",\"caption\":\"Portal Raizes\"},\"url\":\"https:\/\/portalraizesnoticias.com.br\/?author=3\"}]}<\/script>\n<!-- \/ Yoast SEO plugin. -->","yoast_head_json":{"title":"Coit\u00e9: Ap\u00f3s inc\u00eandio em \u00f4nibus, Corpo de Bombeiros emite orienta\u00e7\u00e3o aos propriet\u00e1rios de ve\u00edculos abandonados nas ruas - Portal raizes noticias","robots":{"index":"index","follow":"follow","max-snippet":"max-snippet:-1","max-image-preview":"max-image-preview:large","max-video-preview":"max-video-preview:-1"},"canonical":"https:\/\/portalraizesnoticias.com.br\/?p=4320","og_locale":"pt_BR","og_type":"article","og_title":"Coit\u00e9: Ap\u00f3s inc\u00eandio em \u00f4nibus, Corpo de Bombeiros emite orienta\u00e7\u00e3o aos propriet\u00e1rios de ve\u00edculos abandonados nas ruas - Portal raizes noticias","og_description":"Ap\u00f3s a colabora\u00e7\u00e3o entre o Corpo de Bombeiros de Serrinha e o Anjos da Vida para conter um inc\u00eandio em um \u00f4nibus composto por materiais recicl\u00e1veis em Concei\u00e7\u00e3o do Coit\u00e9, a jornalista Rafaela Rodrigues procurou o \u00f3rg\u00e3o para obter mais informa\u00e7\u00f5es sobre o projeto e orienta\u00e7\u00f5es para propriet\u00e1rios de ve\u00edculos abandonados nas ruas. Foto: Raimundo Mascarenhas \u201cNossa maior preocupa\u00e7\u00e3o foi garantir a seguran\u00e7a das pessoas no entorno, evitar a propaga\u00e7\u00e3o das chamas e minimizar os danos ao patrim\u00f4nio. Adotamos medidas r\u00e1pidas e t\u00e9cnicas para controlar o fogo e eliminar qualquer risco de novos focos\u201d, explicou a assessoria de imprensa. PUBLICIDADE A 2a Companhia de Bombeiro Militar, que pertence ao 2\u00b0 Batalh\u00e3o de Bombeiros Militar (2\u00b0 BBM) de Feira de Santana, atende 20 cidades da regi\u00e3o e esteve em Coit\u00e9 pela segunda vez. A primeira ocorr\u00eancia foi realizada em uma vegeta\u00e7\u00e3o que pegou fogo no ano passado. Em rela\u00e7\u00e3o ao inc\u00eandio do \u00f4nibus, tr\u00eas bombeiros participaram da opera\u00e7\u00e3o, usando equipamentos adequados para o combate a inc\u00eandios e garantindo a seguran\u00e7a do local. PUBLICIDADE \u201cA presen\u00e7a do Corpo de Bombeiros na regi\u00e3o \u00e9 crucial para a preven\u00e7\u00e3o e combate a inc\u00eandios, al\u00e9m de atendimentos pr\u00e9-hospitalares e resgates. Em uma regi\u00e3o com caracter\u00edsticas urbanas e rurais, nossa atua\u00e7\u00e3o reduz riscos e aumenta a seguran\u00e7a da popula\u00e7\u00e3o\u201d, disse a assessoria. As informa\u00e7\u00f5es obtidas pela jornalista Rafaela Rodrigues indicam que o ve\u00edculo estava no local h\u00e1 alguns meses. PUBLICIDADE Quando indagados sobre o h\u00e1bito das pessoas de abandonarem os transportes, o Corpo de Bombeiros emitiu uma orienta\u00e7\u00e3o. \u201cOrientamos que ve\u00edculos abandonados sejam retirados das vias p\u00fablicas e armazenados adequadamente. Al\u00e9m de prejudicar o tr\u00e2nsito, esses ve\u00edculos podem ser alvo de vandalismo e contribuir para situa\u00e7\u00f5es de risco, como inc\u00eandios\u201d, finaliza. O trabalho dos socorristas! Ao finalizar a tarefa, a equipe do Corpo de Bombeiros Militar visitou a base da Brigada Anjos da Vida, onde conheceu as instala\u00e7\u00f5es e a trajet\u00f3ria do primeiro grupo de socorristas volunt\u00e1rios da regi\u00e3o sisaleira e um dos primeiros do estado, inaugurado em 2009. Al\u00e9m dos Anjos, existe o \u00c1guia Resgate, que possui um ve\u00edculo de combate a inc\u00eandio que facilita ainda mais o trabalho do Corpo de Bombeiros. Na imagem, o \u00c1guia Reshate atuando com os Bombeiros durante um inc\u00eandio em uma resid\u00eancia pr\u00f3ximo ao Est\u00e1dio Municipal em \u00c9 percept\u00edvel que, nestas ocasi\u00f5es, \u00e9 extremamente importante o trabalho conjunto dos Bombeiros e socorristas, refor\u00e7ando a relev\u00e2ncia das equipes de Resgate na cidade. Reda\u00e7\u00e3o com algumas informa\u00e7\u00f5es do site Calila Noticias\u00a0 Fotos: Anjos da Vida, \u00c1guia Regaste e Raimundo Mascarenhas\u00a0","og_url":"https:\/\/portalraizesnoticias.com.br\/?p=4320","og_site_name":"Portal raizes noticias","article_published_time":"2025-01-22T22:26:17+00:00","article_modified_time":"2025-01-22T22:34:21+00:00","og_image":[{"width":1024,"height":768,"url":"https:\/\/portalraizesnoticias.com.br\/wp-content\/uploads\/2025\/01\/WhatsApp-Image-2025-01-21-at-08.36.19-scaled-1.jpeg","type":"image\/jpeg"}],"author":"Portal Raizes","twitter_card":"summary_large_image","twitter_misc":{"Escrito por":"Portal Raizes","Est. tempo de leitura":"4 minutos"},"schema":{"@context":"https:\/\/schema.org","@graph":[{"@type":"Article","@id":"https:\/\/portalraizesnoticias.com.br\/?p=4320#article","isPartOf":{"@id":"https:\/\/portalraizesnoticias.com.br\/?p=4320"},"author":{"name":"Portal Raizes","@id":"https:\/\/portalraizesnoticias.com.br\/#\/schema\/person\/a3ca6b0fc701e78df19756c417d943ae"},"headline":"Coit\u00e9: Ap\u00f3s inc\u00eandio em \u00f4nibus, Corpo de Bombeiros emite orienta\u00e7\u00e3o aos propriet\u00e1rios de ve\u00edculos abandonados nas ruas","datePublished":"2025-01-22T22:26:17+00:00","dateModified":"2025-01-22T22:34:21+00:00","mainEntityOfPage":{"@id":"https:\/\/portalraizesnoticias.com.br\/?p=4320"},"wordCount":499,"commentCount":0,"publisher":{"@id":"https:\/\/portalraizesnoticias.com.br\/#organization"},"image":{"@id":"https:\/\/portalraizesnoticias.com.br\/?p=4320#primaryimage"},"thumbnailUrl":"https:\/\/portalraizesnoticias.com.br\/wp-content\/uploads\/2025\/01\/WhatsApp-Image-2025-01-21-at-08.36.19-scaled-1.jpeg","keywords":["Coit\u00e9","Corpo de bombeiros","Orienta\u00e7\u00e3o","Veiculos abandonados"],"articleSection":["ACIDENTES","DESTAQUES","ULTIMAS NOTICIAS"],"inLanguage":"pt-BR","potentialAction":[{"@type":"CommentAction","name":"Comment","target":["https:\/\/portalraizesnoticias.com.br\/?p=4320#respond"]}]},{"@type":"WebPage","@id":"https:\/\/portalraizesnoticias.com.br\/?p=4320","url":"https:\/\/portalraizesnoticias.com.br\/?p=4320","name":"Coit\u00e9: Ap\u00f3s inc\u00eandio em \u00f4nibus, Corpo de Bombeiros emite orienta\u00e7\u00e3o aos propriet\u00e1rios de ve\u00edculos abandonados nas ruas - Portal raizes noticias","isPartOf":{"@id":"https:\/\/portalraizesnoticias.com.br\/#website"},"primaryImageOfPage":{"@id":"https:\/\/portalraizesnoticias.com.br\/?p=4320#primaryimage"},"image":{"@id":"https:\/\/portalraizesnoticias.com.br\/?p=4320#primaryimage"},"thumbnailUrl":"https:\/\/portalraizesnoticias.com.br\/wp-content\/uploads\/2025\/01\/WhatsApp-Image-2025-01-21-at-08.36.19-scaled-1.jpeg","datePublished":"2025-01-22T22:26:17+00:00","dateModified":"2025-01-22T22:34:21+00:00","breadcrumb":{"@id":"https:\/\/portalraizesnoticias.com.br\/?p=4320#breadcrumb"},"inLanguage":"pt-BR","potentialAction":[{"@type":"ReadAction","target":["https:\/\/portalraizesnoticias.com.br\/?p=4320"]}]},{"@type":"ImageObject","inLanguage":"pt-BR","@id":"https:\/\/portalraizesnoticias.com.br\/?p=4320#primaryimage","url":"https:\/\/portalraizesnoticias.com.br\/wp-content\/uploads\/2025\/01\/WhatsApp-Image-2025-01-21-at-08.36.19-scaled-1.jpeg","contentUrl":"https:\/\/portalraizesnoticias.com.br\/wp-content\/uploads\/2025\/01\/WhatsApp-Image-2025-01-21-at-08.36.19-scaled-1.jpeg","width":1024,"height":768},{"@type":"BreadcrumbList","@id":"https:\/\/portalraizesnoticias.com.br\/?p=4320#breadcrumb","itemListElement":[{"@type":"ListItem","position":1,"name":"In\u00edcio","item":"https:\/\/portalraizesnoticias.com.br\/"},{"@type":"ListItem","position":2,"name":"Coit\u00e9: Ap\u00f3s inc\u00eandio em \u00f4nibus, Corpo de Bombeiros emite orienta\u00e7\u00e3o aos propriet\u00e1rios de ve\u00edculos abandonados nas ruas"}]},{"@type":"WebSite","@id":"https:\/\/portalraizesnoticias.com.br\/#website","url":"https:\/\/portalraizesnoticias.com.br\/","name":"Portal raizes NOTICIAS","description":"site de noticias de concei\u00e7\u00e3o do coit\u00e9 e regi\u00e3o","publisher":{"@id":"https:\/\/portalraizesnoticias.com.br\/#organization"},"alternateName":"PORTAL RAIZES COIT\u00c9","potentialAction":[{"@type":"SearchAction","target":{"@type":"EntryPoint","urlTemplate":"https:\/\/portalraizesnoticias.com.br\/?s={search_term_string}"},"query-input":{"@type":"PropertyValueSpecification","valueRequired":true,"valueName":"search_term_string"}}],"inLanguage":"pt-BR"},{"@type":"Organization","@id":"https:\/\/portalraizesnoticias.com.br\/#organization","name":"Portal raizes NOTICIAS","url":"https:\/\/portalraizesnoticias.com.br\/","logo":{"@type":"ImageObject","inLanguage":"pt-BR","@id":"https:\/\/portalraizesnoticias.com.br\/#\/schema\/logo\/image\/","url":"https:\/\/portalraizesnoticias.com.br\/wp-content\/uploads\/2024\/09\/cropped-Captura-de-tela-2024-09-08-011108.png","contentUrl":"https:\/\/portalraizesnoticias.com.br\/wp-content\/uploads\/2024\/09\/cropped-Captura-de-tela-2024-09-08-011108.png","width":606,"height":173,"caption":"Portal raizes NOTICIAS"},"image":{"@id":"https:\/\/portalraizesnoticias.com.br\/#\/schema\/logo\/image\/"}},{"@type":"Person","@id":"https:\/\/portalraizesnoticias.com.br\/#\/schema\/person\/a3ca6b0fc701e78df19756c417d943ae","name":"Portal Raizes","image":{"@type":"ImageObject","inLanguage":"pt-BR","@id":"https:\/\/portalraizesnoticias.com.br\/#\/schema\/person\/image\/","url":"https:\/\/secure.gravatar.com\/avatar\/ef450d29013a3d3fba867a12a249d7b1?s=96&d=mm&r=g","contentUrl":"https:\/\/secure.gravatar.com\/avatar\/ef450d29013a3d3fba867a12a249d7b1?s=96&d=mm&r=g","caption":"Portal Raizes"},"url":"https:\/\/portalraizesnoticias.com.br\/?author=3"}]}},"_links":{"self":[{"href":"https:\/\/portalraizesnoticias.com.br\/index.php?rest_route=\/wp\/v2\/posts\/4320"}],"collection":[{"href":"https:\/\/portalraizesnoticias.com.br\/index.php?rest_route=\/wp\/v2\/posts"}],"about":[{"href":"https:\/\/portalraizesnoticias.com.br\/index.php?rest_route=\/wp\/v2\/types\/post"}],"author":[{"embeddable":true,"href":"https:\/\/portalraizesnoticias.com.br\/index.php?rest_route=\/wp\/v2\/users\/3"}],"replies":[{"embeddable":true,"href":"https:\/\/portalraizesnoticias.com.br\/index.php?rest_route=%2Fwp%2Fv2%2Fcomments&post=4320"}],"version-history":[{"count":3,"href":"https:\/\/portalraizesnoticias.com.br\/index.php?rest_route=\/wp\/v2\/posts\/4320\/revisions"}],"predecessor-version":[{"id":4329,"href":"https:\/\/portalraizesnoticias.com.br\/index.php?rest_route=\/wp\/v2\/posts\/4320\/revisions\/4329"}],"wp:featuredmedia":[{"embeddable":true,"href":"https:\/\/portalraizesnoticias.com.br\/index.php?rest_route=\/wp\/v2\/media\/4321"}],"wp:attachment":[{"href":"https:\/\/portalraizesnoticias.com.br\/index.php?rest_route=%2Fwp%2Fv2%2Fmedia&parent=4320"}],"wp:term":[{"taxonomy":"category","embeddable":true,"href":"https:\/\/portalraizesnoticias.com.br\/index.php?rest_route=%2Fwp%2Fv2%2Fcategories&post=4320"},{"taxonomy":"post_tag","embeddable":true,"href":"https:\/\/portalraizesnoticias.com.br\/index.php?rest_route=%2Fwp%2Fv2%2Ftags&post=4320"}],"curies":[{"name":"wp","href":"https:\/\/api.w.org\/{rel}","templated":true}]}}