{"id":4301,"date":"2025-01-21T19:29:20","date_gmt":"2025-01-21T22:29:20","guid":{"rendered":"https:\/\/portalraizesnoticias.com.br\/?p=4301"},"modified":"2025-01-21T19:39:36","modified_gmt":"2025-01-21T22:39:36","slug":"coite-desempregada-e-mae-solo-de-tres-criancas-pede-ajuda-para-reconquistar-itens-de-casa-que-pegou-fogo-no-bairro-alto-da-colina","status":"publish","type":"post","link":"https:\/\/portalraizesnoticias.com.br\/?p=4301","title":{"rendered":"Coit\u00e9: Desempregada e m\u00e3e solo de tr\u00eas crian\u00e7as, pede ajuda para reconquistar itens de casa que pegou fogo no bairro Alto da Colina"},"content":{"rendered":"<p>O que poderia ser uma virada de ano tranquila, se tornou um caos para uma moradora do bairro Alto da Colina em Concei\u00e7\u00e3o do Coit\u00e9.<\/p>\n<p><img decoding=\"async\" class=\"size-medium wp-image-2520 aligncenter\" src=\"https:\/\/portalraizesnoticias.com.br\/wp-content\/uploads\/2024\/11\/Imagem-do-WhatsApp-de-2024-11-28-as-11.24.37_b858345f-300x142.jpg\" alt=\"\" width=\"300\" height=\"142\" srcset=\"https:\/\/portalraizesnoticias.com.br\/wp-content\/uploads\/2024\/11\/Imagem-do-WhatsApp-de-2024-11-28-as-11.24.37_b858345f-300x142.jpg 300w, https:\/\/portalraizesnoticias.com.br\/wp-content\/uploads\/2024\/11\/Imagem-do-WhatsApp-de-2024-11-28-as-11.24.37_b858345f.jpg 722w\" sizes=\"(max-width: 300px) 100vw, 300px\" \/><\/p>\n<p style=\"text-align: center;\"><strong>PUBLICIDADE<\/strong><\/p>\n<p>No dia 28 de dezembro do ano passado, Jannaina Mota, de 25 anos, viu o seu esfor\u00e7o virar p\u00f3 ap\u00f3s um inc\u00eandio que destruiu todos os m\u00f3veis da casa alugada onde ela e os tr\u00eas filhos moravam.<\/p>\n<div style=\"width: 476px;\" class=\"wp-video\"><!--[if lt IE 9]><script>document.createElement('video');<\/script><![endif]-->\n<video class=\"wp-video-shortcode\" id=\"video-4301-1\" width=\"476\" height=\"850\" preload=\"metadata\" controls=\"controls\"><source type=\"video\/mp4\" src=\"https:\/\/portalraizesnoticias.com.br\/wp-content\/uploads\/2025\/01\/VID-20250121-WA0218.mp4?_=1\" \/><a href=\"https:\/\/portalraizesnoticias.com.br\/wp-content\/uploads\/2025\/01\/VID-20250121-WA0218.mp4\">https:\/\/portalraizesnoticias.com.br\/wp-content\/uploads\/2025\/01\/VID-20250121-WA0218.mp4<\/a><\/video><\/div>\n<p>Durante uma conversa com a jornalista Rafaela Rodrigues, a jovem afirmou estar abalada, j\u00e1 que estava viajando no momento da trag\u00e9dia e foi informada pelos vizinhos.<\/p>\n<p><img fetchpriority=\"high\" decoding=\"async\" class=\"size-medium wp-image-4111 aligncenter\" src=\"https:\/\/portalraizesnoticias.com.br\/wp-content\/uploads\/2025\/01\/M.I-laranja-branco_page-0001-300x210.jpg\" alt=\"\" width=\"300\" height=\"210\" srcset=\"https:\/\/portalraizesnoticias.com.br\/wp-content\/uploads\/2025\/01\/M.I-laranja-branco_page-0001-300x210.jpg 300w, https:\/\/portalraizesnoticias.com.br\/wp-content\/uploads\/2025\/01\/M.I-laranja-branco_page-0001-1024x717.jpg 1024w, https:\/\/portalraizesnoticias.com.br\/wp-content\/uploads\/2025\/01\/M.I-laranja-branco_page-0001-768x538.jpg 768w, https:\/\/portalraizesnoticias.com.br\/wp-content\/uploads\/2025\/01\/M.I-laranja-branco_page-0001-1536x1075.jpg 1536w, https:\/\/portalraizesnoticias.com.br\/wp-content\/uploads\/2025\/01\/M.I-laranja-branco_page-0001-2048x1434.jpg 2048w\" sizes=\"(max-width: 300px) 100vw, 300px\" \/><\/p>\n<p style=\"text-align: center;\"><strong>PUBLICIDADE<\/strong><\/p>\n<p>\u201cDe cara, achei que era uma brincadeira de mau gosto, mas a minha irm\u00e3 esteve no local e confirmou aos prantos que realmente hav\u00edamos perdido praticamente tudo\u201d, relata.<\/p>\n<p>Sem saber o motivo do inc\u00eandio h\u00e1 quase 23 dias, ela disse que far\u00e1 um boletim de ocorr\u00eancia nesta quarta-feira (22), para confirmar se o inc\u00eandio foi criminoso.<\/p>\n<p><img decoding=\"async\" class=\"size-medium wp-image-4304 aligncenter\" src=\"https:\/\/portalraizesnoticias.com.br\/wp-content\/uploads\/2025\/01\/IMG-20250121-WA0212-225x300.jpg\" alt=\"\" width=\"225\" height=\"300\" srcset=\"https:\/\/portalraizesnoticias.com.br\/wp-content\/uploads\/2025\/01\/IMG-20250121-WA0212-225x300.jpg 225w, https:\/\/portalraizesnoticias.com.br\/wp-content\/uploads\/2025\/01\/IMG-20250121-WA0212-768x1024.jpg 768w, https:\/\/portalraizesnoticias.com.br\/wp-content\/uploads\/2025\/01\/IMG-20250121-WA0212.jpg 960w\" sizes=\"(max-width: 225px) 100vw, 225px\" \/><\/p>\n<p>&#8220;Estava no local h\u00e1 dois anos e nunca tivemos problemas com a instala\u00e7\u00e3o el\u00e9trica&#8221;, afirma..<\/p>\n<p>Jana disse que os documentos, roupas e m\u00f3veis dela e das crian\u00e7as foram destru\u00eddos. O botij\u00e3o de g\u00e1s e a geladeira n\u00e3o foram atingidos.<\/p>\n<p><img loading=\"lazy\" decoding=\"async\" class=\"size-medium wp-image-4305 aligncenter\" src=\"https:\/\/portalraizesnoticias.com.br\/wp-content\/uploads\/2025\/01\/IMG-20250121-WA0214-225x300.jpg\" alt=\"\" width=\"225\" height=\"300\" srcset=\"https:\/\/portalraizesnoticias.com.br\/wp-content\/uploads\/2025\/01\/IMG-20250121-WA0214-225x300.jpg 225w, https:\/\/portalraizesnoticias.com.br\/wp-content\/uploads\/2025\/01\/IMG-20250121-WA0214-768x1024.jpg 768w, https:\/\/portalraizesnoticias.com.br\/wp-content\/uploads\/2025\/01\/IMG-20250121-WA0214.jpg 960w\" sizes=\"(max-width: 225px) 100vw, 225px\" \/><\/p>\n<p>\u201cA trag\u00e9dia poderia ser ainda maior se o botij\u00e3o tivesse explodido, mas, gra\u00e7as a Deus e aos vizinhos, n\u00e3o aconteceu\u201d, explica.<\/p>\n<p>Janaina est\u00e1 desempregada, tendo que se separar dos filhos ap\u00f3s o incidente.<\/p>\n<p><img loading=\"lazy\" decoding=\"async\" class=\"size-medium wp-image-2974 aligncenter\" src=\"https:\/\/portalraizesnoticias.com.br\/wp-content\/uploads\/2024\/12\/Imagem-do-WhatsApp-de-2024-12-13-as-17.29.14_14156b3f-300x300.jpg\" alt=\"\" width=\"300\" height=\"300\" srcset=\"https:\/\/portalraizesnoticias.com.br\/wp-content\/uploads\/2024\/12\/Imagem-do-WhatsApp-de-2024-12-13-as-17.29.14_14156b3f-300x300.jpg 300w, https:\/\/portalraizesnoticias.com.br\/wp-content\/uploads\/2024\/12\/Imagem-do-WhatsApp-de-2024-12-13-as-17.29.14_14156b3f-1024x1024.jpg 1024w, https:\/\/portalraizesnoticias.com.br\/wp-content\/uploads\/2024\/12\/Imagem-do-WhatsApp-de-2024-12-13-as-17.29.14_14156b3f-150x150.jpg 150w, https:\/\/portalraizesnoticias.com.br\/wp-content\/uploads\/2024\/12\/Imagem-do-WhatsApp-de-2024-12-13-as-17.29.14_14156b3f-768x768.jpg 768w, https:\/\/portalraizesnoticias.com.br\/wp-content\/uploads\/2024\/12\/Imagem-do-WhatsApp-de-2024-12-13-as-17.29.14_14156b3f-700x700.jpg 700w, https:\/\/portalraizesnoticias.com.br\/wp-content\/uploads\/2024\/12\/Imagem-do-WhatsApp-de-2024-12-13-as-17.29.14_14156b3f-620x620.jpg 620w, https:\/\/portalraizesnoticias.com.br\/wp-content\/uploads\/2024\/12\/Imagem-do-WhatsApp-de-2024-12-13-as-17.29.14_14156b3f-400x400.jpg 400w, https:\/\/portalraizesnoticias.com.br\/wp-content\/uploads\/2024\/12\/Imagem-do-WhatsApp-de-2024-12-13-as-17.29.14_14156b3f.jpg 1190w\" sizes=\"(max-width: 300px) 100vw, 300px\" \/><\/p>\n<p style=\"text-align: center;\"><strong>PUBLICIDADE<\/strong><\/p>\n<p>\u201cEstou na casa dos meus pais em Barrocas e meus filhos maiores ficaram em Coit\u00e9 com minha m\u00e3e para n\u00e3o ficar muita gente em uma casa s\u00f3. Acredito que at\u00e9 recuperar nossas coisas, essa ser\u00e1 nossa realidade\u201d, lamenta.<\/p>\n<p>A coiteense disse que, apesar dos danos, sente gratid\u00e3o por ningu\u00e9m ficar ferido e a hist\u00f3ria servir\u00e1 de aprendizado.<\/p>\n<p><img loading=\"lazy\" decoding=\"async\" class=\"size-medium wp-image-2672 aligncenter\" src=\"https:\/\/portalraizesnoticias.com.br\/wp-content\/uploads\/2024\/12\/Card-Matricula_021-300x300.png\" alt=\"\" width=\"300\" height=\"300\" srcset=\"https:\/\/portalraizesnoticias.com.br\/wp-content\/uploads\/2024\/12\/Card-Matricula_021-300x300.png 300w, https:\/\/portalraizesnoticias.com.br\/wp-content\/uploads\/2024\/12\/Card-Matricula_021-1024x1024.png 1024w, https:\/\/portalraizesnoticias.com.br\/wp-content\/uploads\/2024\/12\/Card-Matricula_021-150x150.png 150w, https:\/\/portalraizesnoticias.com.br\/wp-content\/uploads\/2024\/12\/Card-Matricula_021-768x768.png 768w, https:\/\/portalraizesnoticias.com.br\/wp-content\/uploads\/2024\/12\/Card-Matricula_021-700x700.png 700w, https:\/\/portalraizesnoticias.com.br\/wp-content\/uploads\/2024\/12\/Card-Matricula_021-620x620.png 620w, https:\/\/portalraizesnoticias.com.br\/wp-content\/uploads\/2024\/12\/Card-Matricula_021-400x400.png 400w, https:\/\/portalraizesnoticias.com.br\/wp-content\/uploads\/2024\/12\/Card-Matricula_021.png 1080w\" sizes=\"(max-width: 300px) 100vw, 300px\" \/><\/p>\n<p style=\"text-align: center;\"><strong>PUBLICIDADE<\/strong><\/p>\n<p>\u201cO que vale \u00e9 a vida dos meus filhos e n\u00e3o est\u00e1vamos em casa. Fico apenas triste por batalhar para conquistar tudo para v\u00ea-los bem e simplesmente perdemos muito mais r\u00e1pido do que conseguimos. S\u00f3 quero reconstruir o meu lar\u201d, conclui.<\/p>\n<p><strong>Para ajudar Janaina, basta entrar em contato atrav\u00e9s do n\u00famero: 75991958943.<\/strong><\/p>\n<p>Reda\u00e7\u00e3o<\/p>\n","protected":false},"excerpt":{"rendered":"<p>O que poderia ser uma virada de ano tranquila, se tornou um caos para uma moradora do bairro Alto da Colina em Concei\u00e7\u00e3o do Coit\u00e9. PUBLICIDADE No dia 28 de dezembro do ano passado, Jannaina Mota, de 25 anos, viu o seu esfor\u00e7o virar p\u00f3 ap\u00f3s um inc\u00eandio que destruiu todos os m\u00f3veis da casa alugada onde ela e os tr\u00eas filhos moravam. Durante uma conversa com a jornalista Rafaela Rodrigues, a jovem afirmou estar abalada, j\u00e1 que estava viajando no momento da trag\u00e9dia e foi informada pelos vizinhos. PUBLICIDADE \u201cDe cara, achei que era uma brincadeira de mau gosto, mas a minha irm\u00e3 esteve no local e confirmou aos prantos que realmente hav\u00edamos perdido praticamente tudo\u201d, relata. Sem saber o motivo do inc\u00eandio h\u00e1 quase 23 dias, ela disse que far\u00e1 um boletim de ocorr\u00eancia nesta quarta-feira (22), para confirmar se o inc\u00eandio foi criminoso. &#8220;Estava no local h\u00e1 dois anos e nunca tivemos problemas com a instala\u00e7\u00e3o el\u00e9trica&#8221;, afirma.. Jana disse que os documentos, roupas e m\u00f3veis dela e das crian\u00e7as foram destru\u00eddos. O botij\u00e3o de g\u00e1s e a geladeira n\u00e3o foram atingidos. \u201cA trag\u00e9dia poderia ser ainda maior se o botij\u00e3o tivesse explodido, mas, gra\u00e7as a Deus e aos vizinhos, n\u00e3o aconteceu\u201d, explica. Janaina est\u00e1 desempregada, tendo que se separar dos filhos ap\u00f3s o incidente. PUBLICIDADE \u201cEstou na casa dos meus pais em Barrocas e meus filhos maiores ficaram em Coit\u00e9 com minha m\u00e3e para n\u00e3o ficar muita gente em uma casa s\u00f3. Acredito que at\u00e9 recuperar nossas coisas, essa ser\u00e1 nossa realidade\u201d, lamenta. A coiteense disse que, apesar dos danos, sente gratid\u00e3o por ningu\u00e9m ficar ferido e a hist\u00f3ria servir\u00e1 de aprendizado. PUBLICIDADE \u201cO que vale \u00e9 a vida dos meus filhos e n\u00e3o est\u00e1vamos em casa. Fico apenas triste por batalhar para conquistar tudo para v\u00ea-los bem e simplesmente perdemos muito mais r\u00e1pido do que conseguimos. S\u00f3 quero reconstruir o meu lar\u201d, conclui. Para ajudar Janaina, basta entrar em contato atrav\u00e9s do n\u00famero: 75991958943. Reda\u00e7\u00e3o<\/p>\n","protected":false},"author":3,"featured_media":4302,"comment_status":"open","ping_status":"open","sticky":false,"template":"","format":"standard","meta":{"_joinchat":[],"footnotes":""},"categories":[55,59],"tags":[724,725,75,723,586,76],"class_list":["post-4301","post","type-post","status-publish","format-standard","has-post-thumbnail","hentry","category-destaques","category-ultimas-noticias","tag-ajuda","tag-bairro-alto-da-colina","tag-coite","tag-desempregada","tag-incendio-2","tag-jovem"],"yoast_head":"<!-- This site is optimized with the Yoast SEO plugin v24.4 - https:\/\/yoast.com\/wordpress\/plugins\/seo\/ -->\n<title>Coit\u00e9: Desempregada e m\u00e3e solo de tr\u00eas crian\u00e7as, pede ajuda para reconquistar itens de casa que pegou fogo no bairro Alto da Colina - Portal raizes noticias<\/title>\n<meta name=\"robots\" content=\"index, follow, max-snippet:-1, max-image-preview:large, max-video-preview:-1\" \/>\n<link rel=\"canonical\" href=\"https:\/\/portalraizesnoticias.com.br\/?p=4301\" \/>\n<meta property=\"og:locale\" content=\"pt_BR\" \/>\n<meta property=\"og:type\" content=\"article\" \/>\n<meta property=\"og:title\" content=\"Coit\u00e9: Desempregada e m\u00e3e solo de tr\u00eas crian\u00e7as, pede ajuda para reconquistar itens de casa que pegou fogo no bairro Alto da Colina - Portal raizes noticias\" \/>\n<meta property=\"og:description\" content=\"O que poderia ser uma virada de ano tranquila, se tornou um caos para uma moradora do bairro Alto da Colina em Concei\u00e7\u00e3o do Coit\u00e9. PUBLICIDADE No dia 28 de dezembro do ano passado, Jannaina Mota, de 25 anos, viu o seu esfor\u00e7o virar p\u00f3 ap\u00f3s um inc\u00eandio que destruiu todos os m\u00f3veis da casa alugada onde ela e os tr\u00eas filhos moravam. Durante uma conversa com a jornalista Rafaela Rodrigues, a jovem afirmou estar abalada, j\u00e1 que estava viajando no momento da trag\u00e9dia e foi informada pelos vizinhos. PUBLICIDADE \u201cDe cara, achei que era uma brincadeira de mau gosto, mas a minha irm\u00e3 esteve no local e confirmou aos prantos que realmente hav\u00edamos perdido praticamente tudo\u201d, relata. Sem saber o motivo do inc\u00eandio h\u00e1 quase 23 dias, ela disse que far\u00e1 um boletim de ocorr\u00eancia nesta quarta-feira (22), para confirmar se o inc\u00eandio foi criminoso. &#8220;Estava no local h\u00e1 dois anos e nunca tivemos problemas com a instala\u00e7\u00e3o el\u00e9trica&#8221;, afirma.. Jana disse que os documentos, roupas e m\u00f3veis dela e das crian\u00e7as foram destru\u00eddos. O botij\u00e3o de g\u00e1s e a geladeira n\u00e3o foram atingidos. \u201cA trag\u00e9dia poderia ser ainda maior se o botij\u00e3o tivesse explodido, mas, gra\u00e7as a Deus e aos vizinhos, n\u00e3o aconteceu\u201d, explica. Janaina est\u00e1 desempregada, tendo que se separar dos filhos ap\u00f3s o incidente. PUBLICIDADE \u201cEstou na casa dos meus pais em Barrocas e meus filhos maiores ficaram em Coit\u00e9 com minha m\u00e3e para n\u00e3o ficar muita gente em uma casa s\u00f3. Acredito que at\u00e9 recuperar nossas coisas, essa ser\u00e1 nossa realidade\u201d, lamenta. A coiteense disse que, apesar dos danos, sente gratid\u00e3o por ningu\u00e9m ficar ferido e a hist\u00f3ria servir\u00e1 de aprendizado. PUBLICIDADE \u201cO que vale \u00e9 a vida dos meus filhos e n\u00e3o est\u00e1vamos em casa. Fico apenas triste por batalhar para conquistar tudo para v\u00ea-los bem e simplesmente perdemos muito mais r\u00e1pido do que conseguimos. S\u00f3 quero reconstruir o meu lar\u201d, conclui. Para ajudar Janaina, basta entrar em contato atrav\u00e9s do n\u00famero: 75991958943. Reda\u00e7\u00e3o\" \/>\n<meta property=\"og:url\" content=\"https:\/\/portalraizesnoticias.com.br\/?p=4301\" \/>\n<meta property=\"og:site_name\" content=\"Portal raizes noticias\" \/>\n<meta property=\"article:published_time\" content=\"2025-01-21T22:29:20+00:00\" \/>\n<meta property=\"article:modified_time\" content=\"2025-01-21T22:39:36+00:00\" \/>\n<meta property=\"og:image\" content=\"https:\/\/portalraizesnoticias.com.br\/wp-content\/uploads\/2025\/01\/GridArt_20250121_192302128-scaled.jpg\" \/>\n\t<meta property=\"og:image:width\" content=\"2560\" \/>\n\t<meta property=\"og:image:height\" content=\"2560\" \/>\n\t<meta property=\"og:image:type\" content=\"image\/jpeg\" \/>\n<meta name=\"author\" content=\"Portal Raizes\" \/>\n<meta name=\"twitter:card\" content=\"summary_large_image\" \/>\n<meta name=\"twitter:label1\" content=\"Escrito por\" \/>\n\t<meta name=\"twitter:data1\" content=\"Portal Raizes\" \/>\n\t<meta name=\"twitter:label2\" content=\"Est. tempo de leitura\" \/>\n\t<meta name=\"twitter:data2\" content=\"4 minutos\" \/>\n<script type=\"application\/ld+json\" class=\"yoast-schema-graph\">{\"@context\":\"https:\/\/schema.org\",\"@graph\":[{\"@type\":\"Article\",\"@id\":\"https:\/\/portalraizesnoticias.com.br\/?p=4301#article\",\"isPartOf\":{\"@id\":\"https:\/\/portalraizesnoticias.com.br\/?p=4301\"},\"author\":{\"name\":\"Portal Raizes\",\"@id\":\"https:\/\/portalraizesnoticias.com.br\/#\/schema\/person\/a3ca6b0fc701e78df19756c417d943ae\"},\"headline\":\"Coit\u00e9: Desempregada e m\u00e3e solo de tr\u00eas crian\u00e7as, pede ajuda para reconquistar itens de casa que pegou fogo no bairro Alto da Colina\",\"datePublished\":\"2025-01-21T22:29:20+00:00\",\"dateModified\":\"2025-01-21T22:39:36+00:00\",\"mainEntityOfPage\":{\"@id\":\"https:\/\/portalraizesnoticias.com.br\/?p=4301\"},\"wordCount\":400,\"commentCount\":0,\"publisher\":{\"@id\":\"https:\/\/portalraizesnoticias.com.br\/#organization\"},\"image\":{\"@id\":\"https:\/\/portalraizesnoticias.com.br\/?p=4301#primaryimage\"},\"thumbnailUrl\":\"https:\/\/portalraizesnoticias.com.br\/wp-content\/uploads\/2025\/01\/GridArt_20250121_192302128-scaled.jpg\",\"keywords\":[\"Ajuda\",\"Bairro alto da colina\",\"Coit\u00e9\",\"Desempregada\",\"Inc\u00eandio\",\"Jovem\"],\"articleSection\":[\"DESTAQUES\",\"ULTIMAS NOTICIAS\"],\"inLanguage\":\"pt-BR\",\"potentialAction\":[{\"@type\":\"CommentAction\",\"name\":\"Comment\",\"target\":[\"https:\/\/portalraizesnoticias.com.br\/?p=4301#respond\"]}]},{\"@type\":\"WebPage\",\"@id\":\"https:\/\/portalraizesnoticias.com.br\/?p=4301\",\"url\":\"https:\/\/portalraizesnoticias.com.br\/?p=4301\",\"name\":\"Coit\u00e9: Desempregada e m\u00e3e solo de tr\u00eas crian\u00e7as, pede ajuda para reconquistar itens de casa que pegou fogo no bairro Alto da Colina - Portal raizes noticias\",\"isPartOf\":{\"@id\":\"https:\/\/portalraizesnoticias.com.br\/#website\"},\"primaryImageOfPage\":{\"@id\":\"https:\/\/portalraizesnoticias.com.br\/?p=4301#primaryimage\"},\"image\":{\"@id\":\"https:\/\/portalraizesnoticias.com.br\/?p=4301#primaryimage\"},\"thumbnailUrl\":\"https:\/\/portalraizesnoticias.com.br\/wp-content\/uploads\/2025\/01\/GridArt_20250121_192302128-scaled.jpg\",\"datePublished\":\"2025-01-21T22:29:20+00:00\",\"dateModified\":\"2025-01-21T22:39:36+00:00\",\"breadcrumb\":{\"@id\":\"https:\/\/portalraizesnoticias.com.br\/?p=4301#breadcrumb\"},\"inLanguage\":\"pt-BR\",\"potentialAction\":[{\"@type\":\"ReadAction\",\"target\":[\"https:\/\/portalraizesnoticias.com.br\/?p=4301\"]}]},{\"@type\":\"ImageObject\",\"inLanguage\":\"pt-BR\",\"@id\":\"https:\/\/portalraizesnoticias.com.br\/?p=4301#primaryimage\",\"url\":\"https:\/\/portalraizesnoticias.com.br\/wp-content\/uploads\/2025\/01\/GridArt_20250121_192302128-scaled.jpg\",\"contentUrl\":\"https:\/\/portalraizesnoticias.com.br\/wp-content\/uploads\/2025\/01\/GridArt_20250121_192302128-scaled.jpg\",\"width\":2560,\"height\":2560},{\"@type\":\"BreadcrumbList\",\"@id\":\"https:\/\/portalraizesnoticias.com.br\/?p=4301#breadcrumb\",\"itemListElement\":[{\"@type\":\"ListItem\",\"position\":1,\"name\":\"In\u00edcio\",\"item\":\"https:\/\/portalraizesnoticias.com.br\/\"},{\"@type\":\"ListItem\",\"position\":2,\"name\":\"Coit\u00e9: Desempregada e m\u00e3e solo de tr\u00eas crian\u00e7as, pede ajuda para reconquistar itens de casa que pegou fogo no bairro Alto da Colina\"}]},{\"@type\":\"WebSite\",\"@id\":\"https:\/\/portalraizesnoticias.com.br\/#website\",\"url\":\"https:\/\/portalraizesnoticias.com.br\/\",\"name\":\"Portal raizes NOTICIAS\",\"description\":\"site de noticias de concei\u00e7\u00e3o do coit\u00e9 e regi\u00e3o\",\"publisher\":{\"@id\":\"https:\/\/portalraizesnoticias.com.br\/#organization\"},\"alternateName\":\"PORTAL RAIZES COIT\u00c9\",\"potentialAction\":[{\"@type\":\"SearchAction\",\"target\":{\"@type\":\"EntryPoint\",\"urlTemplate\":\"https:\/\/portalraizesnoticias.com.br\/?s={search_term_string}\"},\"query-input\":{\"@type\":\"PropertyValueSpecification\",\"valueRequired\":true,\"valueName\":\"search_term_string\"}}],\"inLanguage\":\"pt-BR\"},{\"@type\":\"Organization\",\"@id\":\"https:\/\/portalraizesnoticias.com.br\/#organization\",\"name\":\"Portal raizes NOTICIAS\",\"url\":\"https:\/\/portalraizesnoticias.com.br\/\",\"logo\":{\"@type\":\"ImageObject\",\"inLanguage\":\"pt-BR\",\"@id\":\"https:\/\/portalraizesnoticias.com.br\/#\/schema\/logo\/image\/\",\"url\":\"https:\/\/portalraizesnoticias.com.br\/wp-content\/uploads\/2024\/09\/cropped-Captura-de-tela-2024-09-08-011108.png\",\"contentUrl\":\"https:\/\/portalraizesnoticias.com.br\/wp-content\/uploads\/2024\/09\/cropped-Captura-de-tela-2024-09-08-011108.png\",\"width\":606,\"height\":173,\"caption\":\"Portal raizes NOTICIAS\"},\"image\":{\"@id\":\"https:\/\/portalraizesnoticias.com.br\/#\/schema\/logo\/image\/\"}},{\"@type\":\"Person\",\"@id\":\"https:\/\/portalraizesnoticias.com.br\/#\/schema\/person\/a3ca6b0fc701e78df19756c417d943ae\",\"name\":\"Portal Raizes\",\"image\":{\"@type\":\"ImageObject\",\"inLanguage\":\"pt-BR\",\"@id\":\"https:\/\/portalraizesnoticias.com.br\/#\/schema\/person\/image\/\",\"url\":\"https:\/\/secure.gravatar.com\/avatar\/ef450d29013a3d3fba867a12a249d7b1?s=96&d=mm&r=g\",\"contentUrl\":\"https:\/\/secure.gravatar.com\/avatar\/ef450d29013a3d3fba867a12a249d7b1?s=96&d=mm&r=g\",\"caption\":\"Portal Raizes\"},\"url\":\"https:\/\/portalraizesnoticias.com.br\/?author=3\"}]}<\/script>\n<!-- \/ Yoast SEO plugin. -->","yoast_head_json":{"title":"Coit\u00e9: Desempregada e m\u00e3e solo de tr\u00eas crian\u00e7as, pede ajuda para reconquistar itens de casa que pegou fogo no bairro Alto da Colina - Portal raizes noticias","robots":{"index":"index","follow":"follow","max-snippet":"max-snippet:-1","max-image-preview":"max-image-preview:large","max-video-preview":"max-video-preview:-1"},"canonical":"https:\/\/portalraizesnoticias.com.br\/?p=4301","og_locale":"pt_BR","og_type":"article","og_title":"Coit\u00e9: Desempregada e m\u00e3e solo de tr\u00eas crian\u00e7as, pede ajuda para reconquistar itens de casa que pegou fogo no bairro Alto da Colina - Portal raizes noticias","og_description":"O que poderia ser uma virada de ano tranquila, se tornou um caos para uma moradora do bairro Alto da Colina em Concei\u00e7\u00e3o do Coit\u00e9. PUBLICIDADE No dia 28 de dezembro do ano passado, Jannaina Mota, de 25 anos, viu o seu esfor\u00e7o virar p\u00f3 ap\u00f3s um inc\u00eandio que destruiu todos os m\u00f3veis da casa alugada onde ela e os tr\u00eas filhos moravam. Durante uma conversa com a jornalista Rafaela Rodrigues, a jovem afirmou estar abalada, j\u00e1 que estava viajando no momento da trag\u00e9dia e foi informada pelos vizinhos. PUBLICIDADE \u201cDe cara, achei que era uma brincadeira de mau gosto, mas a minha irm\u00e3 esteve no local e confirmou aos prantos que realmente hav\u00edamos perdido praticamente tudo\u201d, relata. Sem saber o motivo do inc\u00eandio h\u00e1 quase 23 dias, ela disse que far\u00e1 um boletim de ocorr\u00eancia nesta quarta-feira (22), para confirmar se o inc\u00eandio foi criminoso. &#8220;Estava no local h\u00e1 dois anos e nunca tivemos problemas com a instala\u00e7\u00e3o el\u00e9trica&#8221;, afirma.. Jana disse que os documentos, roupas e m\u00f3veis dela e das crian\u00e7as foram destru\u00eddos. O botij\u00e3o de g\u00e1s e a geladeira n\u00e3o foram atingidos. \u201cA trag\u00e9dia poderia ser ainda maior se o botij\u00e3o tivesse explodido, mas, gra\u00e7as a Deus e aos vizinhos, n\u00e3o aconteceu\u201d, explica. Janaina est\u00e1 desempregada, tendo que se separar dos filhos ap\u00f3s o incidente. PUBLICIDADE \u201cEstou na casa dos meus pais em Barrocas e meus filhos maiores ficaram em Coit\u00e9 com minha m\u00e3e para n\u00e3o ficar muita gente em uma casa s\u00f3. Acredito que at\u00e9 recuperar nossas coisas, essa ser\u00e1 nossa realidade\u201d, lamenta. A coiteense disse que, apesar dos danos, sente gratid\u00e3o por ningu\u00e9m ficar ferido e a hist\u00f3ria servir\u00e1 de aprendizado. PUBLICIDADE \u201cO que vale \u00e9 a vida dos meus filhos e n\u00e3o est\u00e1vamos em casa. Fico apenas triste por batalhar para conquistar tudo para v\u00ea-los bem e simplesmente perdemos muito mais r\u00e1pido do que conseguimos. S\u00f3 quero reconstruir o meu lar\u201d, conclui. Para ajudar Janaina, basta entrar em contato atrav\u00e9s do n\u00famero: 75991958943. Reda\u00e7\u00e3o","og_url":"https:\/\/portalraizesnoticias.com.br\/?p=4301","og_site_name":"Portal raizes noticias","article_published_time":"2025-01-21T22:29:20+00:00","article_modified_time":"2025-01-21T22:39:36+00:00","og_image":[{"width":2560,"height":2560,"url":"https:\/\/portalraizesnoticias.com.br\/wp-content\/uploads\/2025\/01\/GridArt_20250121_192302128-scaled.jpg","type":"image\/jpeg"}],"author":"Portal Raizes","twitter_card":"summary_large_image","twitter_misc":{"Escrito por":"Portal Raizes","Est. tempo de leitura":"4 minutos"},"schema":{"@context":"https:\/\/schema.org","@graph":[{"@type":"Article","@id":"https:\/\/portalraizesnoticias.com.br\/?p=4301#article","isPartOf":{"@id":"https:\/\/portalraizesnoticias.com.br\/?p=4301"},"author":{"name":"Portal Raizes","@id":"https:\/\/portalraizesnoticias.com.br\/#\/schema\/person\/a3ca6b0fc701e78df19756c417d943ae"},"headline":"Coit\u00e9: Desempregada e m\u00e3e solo de tr\u00eas crian\u00e7as, pede ajuda para reconquistar itens de casa que pegou fogo no bairro Alto da Colina","datePublished":"2025-01-21T22:29:20+00:00","dateModified":"2025-01-21T22:39:36+00:00","mainEntityOfPage":{"@id":"https:\/\/portalraizesnoticias.com.br\/?p=4301"},"wordCount":400,"commentCount":0,"publisher":{"@id":"https:\/\/portalraizesnoticias.com.br\/#organization"},"image":{"@id":"https:\/\/portalraizesnoticias.com.br\/?p=4301#primaryimage"},"thumbnailUrl":"https:\/\/portalraizesnoticias.com.br\/wp-content\/uploads\/2025\/01\/GridArt_20250121_192302128-scaled.jpg","keywords":["Ajuda","Bairro alto da colina","Coit\u00e9","Desempregada","Inc\u00eandio","Jovem"],"articleSection":["DESTAQUES","ULTIMAS NOTICIAS"],"inLanguage":"pt-BR","potentialAction":[{"@type":"CommentAction","name":"Comment","target":["https:\/\/portalraizesnoticias.com.br\/?p=4301#respond"]}]},{"@type":"WebPage","@id":"https:\/\/portalraizesnoticias.com.br\/?p=4301","url":"https:\/\/portalraizesnoticias.com.br\/?p=4301","name":"Coit\u00e9: Desempregada e m\u00e3e solo de tr\u00eas crian\u00e7as, pede ajuda para reconquistar itens de casa que pegou fogo no bairro Alto da Colina - Portal raizes noticias","isPartOf":{"@id":"https:\/\/portalraizesnoticias.com.br\/#website"},"primaryImageOfPage":{"@id":"https:\/\/portalraizesnoticias.com.br\/?p=4301#primaryimage"},"image":{"@id":"https:\/\/portalraizesnoticias.com.br\/?p=4301#primaryimage"},"thumbnailUrl":"https:\/\/portalraizesnoticias.com.br\/wp-content\/uploads\/2025\/01\/GridArt_20250121_192302128-scaled.jpg","datePublished":"2025-01-21T22:29:20+00:00","dateModified":"2025-01-21T22:39:36+00:00","breadcrumb":{"@id":"https:\/\/portalraizesnoticias.com.br\/?p=4301#breadcrumb"},"inLanguage":"pt-BR","potentialAction":[{"@type":"ReadAction","target":["https:\/\/portalraizesnoticias.com.br\/?p=4301"]}]},{"@type":"ImageObject","inLanguage":"pt-BR","@id":"https:\/\/portalraizesnoticias.com.br\/?p=4301#primaryimage","url":"https:\/\/portalraizesnoticias.com.br\/wp-content\/uploads\/2025\/01\/GridArt_20250121_192302128-scaled.jpg","contentUrl":"https:\/\/portalraizesnoticias.com.br\/wp-content\/uploads\/2025\/01\/GridArt_20250121_192302128-scaled.jpg","width":2560,"height":2560},{"@type":"BreadcrumbList","@id":"https:\/\/portalraizesnoticias.com.br\/?p=4301#breadcrumb","itemListElement":[{"@type":"ListItem","position":1,"name":"In\u00edcio","item":"https:\/\/portalraizesnoticias.com.br\/"},{"@type":"ListItem","position":2,"name":"Coit\u00e9: Desempregada e m\u00e3e solo de tr\u00eas crian\u00e7as, pede ajuda para reconquistar itens de casa que pegou fogo no bairro Alto da Colina"}]},{"@type":"WebSite","@id":"https:\/\/portalraizesnoticias.com.br\/#website","url":"https:\/\/portalraizesnoticias.com.br\/","name":"Portal raizes NOTICIAS","description":"site de noticias de concei\u00e7\u00e3o do coit\u00e9 e regi\u00e3o","publisher":{"@id":"https:\/\/portalraizesnoticias.com.br\/#organization"},"alternateName":"PORTAL RAIZES COIT\u00c9","potentialAction":[{"@type":"SearchAction","target":{"@type":"EntryPoint","urlTemplate":"https:\/\/portalraizesnoticias.com.br\/?s={search_term_string}"},"query-input":{"@type":"PropertyValueSpecification","valueRequired":true,"valueName":"search_term_string"}}],"inLanguage":"pt-BR"},{"@type":"Organization","@id":"https:\/\/portalraizesnoticias.com.br\/#organization","name":"Portal raizes NOTICIAS","url":"https:\/\/portalraizesnoticias.com.br\/","logo":{"@type":"ImageObject","inLanguage":"pt-BR","@id":"https:\/\/portalraizesnoticias.com.br\/#\/schema\/logo\/image\/","url":"https:\/\/portalraizesnoticias.com.br\/wp-content\/uploads\/2024\/09\/cropped-Captura-de-tela-2024-09-08-011108.png","contentUrl":"https:\/\/portalraizesnoticias.com.br\/wp-content\/uploads\/2024\/09\/cropped-Captura-de-tela-2024-09-08-011108.png","width":606,"height":173,"caption":"Portal raizes NOTICIAS"},"image":{"@id":"https:\/\/portalraizesnoticias.com.br\/#\/schema\/logo\/image\/"}},{"@type":"Person","@id":"https:\/\/portalraizesnoticias.com.br\/#\/schema\/person\/a3ca6b0fc701e78df19756c417d943ae","name":"Portal Raizes","image":{"@type":"ImageObject","inLanguage":"pt-BR","@id":"https:\/\/portalraizesnoticias.com.br\/#\/schema\/person\/image\/","url":"https:\/\/secure.gravatar.com\/avatar\/ef450d29013a3d3fba867a12a249d7b1?s=96&d=mm&r=g","contentUrl":"https:\/\/secure.gravatar.com\/avatar\/ef450d29013a3d3fba867a12a249d7b1?s=96&d=mm&r=g","caption":"Portal Raizes"},"url":"https:\/\/portalraizesnoticias.com.br\/?author=3"}]}},"_links":{"self":[{"href":"https:\/\/portalraizesnoticias.com.br\/index.php?rest_route=\/wp\/v2\/posts\/4301"}],"collection":[{"href":"https:\/\/portalraizesnoticias.com.br\/index.php?rest_route=\/wp\/v2\/posts"}],"about":[{"href":"https:\/\/portalraizesnoticias.com.br\/index.php?rest_route=\/wp\/v2\/types\/post"}],"author":[{"embeddable":true,"href":"https:\/\/portalraizesnoticias.com.br\/index.php?rest_route=\/wp\/v2\/users\/3"}],"replies":[{"embeddable":true,"href":"https:\/\/portalraizesnoticias.com.br\/index.php?rest_route=%2Fwp%2Fv2%2Fcomments&post=4301"}],"version-history":[{"count":5,"href":"https:\/\/portalraizesnoticias.com.br\/index.php?rest_route=\/wp\/v2\/posts\/4301\/revisions"}],"predecessor-version":[{"id":4310,"href":"https:\/\/portalraizesnoticias.com.br\/index.php?rest_route=\/wp\/v2\/posts\/4301\/revisions\/4310"}],"wp:featuredmedia":[{"embeddable":true,"href":"https:\/\/portalraizesnoticias.com.br\/index.php?rest_route=\/wp\/v2\/media\/4302"}],"wp:attachment":[{"href":"https:\/\/portalraizesnoticias.com.br\/index.php?rest_route=%2Fwp%2Fv2%2Fmedia&parent=4301"}],"wp:term":[{"taxonomy":"category","embeddable":true,"href":"https:\/\/portalraizesnoticias.com.br\/index.php?rest_route=%2Fwp%2Fv2%2Fcategories&post=4301"},{"taxonomy":"post_tag","embeddable":true,"href":"https:\/\/portalraizesnoticias.com.br\/index.php?rest_route=%2Fwp%2Fv2%2Ftags&post=4301"}],"curies":[{"name":"wp","href":"https:\/\/api.w.org\/{rel}","templated":true}]}}