{"id":4285,"date":"2025-01-21T10:26:05","date_gmt":"2025-01-21T13:26:05","guid":{"rendered":"https:\/\/portalraizesnoticias.com.br\/?p=4285"},"modified":"2025-01-21T10:38:12","modified_gmt":"2025-01-21T13:38:12","slug":"onibus-pega-fogo-proximo-a-posto-de-combustivel-em-conceicao-do-coite-bombeiros-continuam-no-local","status":"publish","type":"post","link":"https:\/\/portalraizesnoticias.com.br\/?p=4285","title":{"rendered":"\u00d4nibus pega fogo pr\u00f3ximo a posto de combust\u00edvel em Concei\u00e7\u00e3o do Coit\u00e9; bombeiros continuam no local"},"content":{"rendered":"<p>Na madrugada desta ter\u00e7a, 21, um \u00f4nibus carregado de material recicl\u00e1vel pegou fogo na rua Ant\u00f4nio Gordiano Nunes, perto da Embasa.<\/p>\n<p>. No v\u00eddeo enviado \u00e0 nossa reda\u00e7\u00e3o, \u00e9 percept\u00edvel que um homem pede aos propriet\u00e1rios dos outros \u00f4nibus que retirem seus ve\u00edculos que estavam pr\u00f3ximos ao fogo.<\/p>\n<div style=\"width: 474px;\" class=\"wp-video\"><!--[if lt IE 9]><script>document.createElement('video');<\/script><![endif]-->\n<video class=\"wp-video-shortcode\" id=\"video-4285-1\" width=\"474\" height=\"850\" preload=\"metadata\" controls=\"controls\"><source type=\"video\/mp4\" src=\"https:\/\/portalraizesnoticias.com.br\/wp-content\/uploads\/2025\/01\/VID-20250121-WA0073.mp4?_=1\" \/><a href=\"https:\/\/portalraizesnoticias.com.br\/wp-content\/uploads\/2025\/01\/VID-20250121-WA0073.mp4\">https:\/\/portalraizesnoticias.com.br\/wp-content\/uploads\/2025\/01\/VID-20250121-WA0073.mp4<\/a><\/video><\/div>\n<p>De acordo com o site Calila Noticias, o ve\u00edculo \u00e9 do comerciante Day Bike Moto Pe\u00e7as e estava no local h\u00e1 v\u00e1rios meses. O inc\u00eandio ocorreu a aproximadamente 20 metros de um posto de combust\u00edvel.<\/p>\n<p>Os bombeiros\u00a0 foram chamados e conseguiram conter o fogo, sem causar danos maiores. A equipe Anjos da Vida deu suporte na ocorr\u00eancia.<\/p>\n<p>De acordo com o Calila Not\u00edcias, at\u00e9 \u00e0s 08h30, era poss\u00edvel ver um peda\u00e7o de papel\u00e3o em chamas e o trabalho de rescaldo dos bombeiros ainda deve levar algumas horas.<\/p>\n<p>A causa do inc\u00eandio ser\u00e1 investigada.<\/p>\n<p>Reda\u00e7\u00e3o com informa\u00e7\u00f5es do site Calila Noticias.<\/p>\n<p>Foto: Raimundo Mascarenhas<\/p>\n","protected":false},"excerpt":{"rendered":"<p>Na madrugada desta ter\u00e7a, 21, um \u00f4nibus carregado de material recicl\u00e1vel pegou fogo na rua Ant\u00f4nio Gordiano Nunes, perto da Embasa. . No v\u00eddeo enviado \u00e0 nossa reda\u00e7\u00e3o, \u00e9 percept\u00edvel que um homem pede aos propriet\u00e1rios dos outros \u00f4nibus que retirem seus ve\u00edculos que estavam pr\u00f3ximos ao fogo. De acordo com o site Calila Noticias, o ve\u00edculo \u00e9 do comerciante Day Bike Moto Pe\u00e7as e estava no local h\u00e1 v\u00e1rios meses. O inc\u00eandio ocorreu a aproximadamente 20 metros de um posto de combust\u00edvel. Os bombeiros\u00a0 foram chamados e conseguiram conter o fogo, sem causar danos maiores. A equipe Anjos da Vida deu suporte na ocorr\u00eancia. De acordo com o Calila Not\u00edcias, at\u00e9 \u00e0s 08h30, era poss\u00edvel ver um peda\u00e7o de papel\u00e3o em chamas e o trabalho de rescaldo dos bombeiros ainda deve levar algumas horas. A causa do inc\u00eandio ser\u00e1 investigada. Reda\u00e7\u00e3o com informa\u00e7\u00f5es do site Calila Noticias. Foto: Raimundo Mascarenhas<\/p>\n","protected":false},"author":3,"featured_media":4286,"comment_status":"open","ping_status":"open","sticky":false,"template":"","format":"standard","meta":{"_joinchat":[],"footnotes":""},"categories":[58,55,59],"tags":[75,570,721],"class_list":["post-4285","post","type-post","status-publish","format-standard","has-post-thumbnail","hentry","category-acidentes","category-destaques","category-ultimas-noticias","tag-coite","tag-fogo","tag-onibus"],"yoast_head":"<!-- This site is optimized with the Yoast SEO plugin v24.4 - https:\/\/yoast.com\/wordpress\/plugins\/seo\/ -->\n<title>\u00d4nibus pega fogo pr\u00f3ximo a posto de combust\u00edvel em Concei\u00e7\u00e3o do Coit\u00e9; bombeiros continuam no local - Portal raizes noticias<\/title>\n<meta name=\"robots\" content=\"index, follow, max-snippet:-1, max-image-preview:large, max-video-preview:-1\" \/>\n<link rel=\"canonical\" href=\"https:\/\/portalraizesnoticias.com.br\/?p=4285\" \/>\n<meta property=\"og:locale\" content=\"pt_BR\" \/>\n<meta property=\"og:type\" content=\"article\" \/>\n<meta property=\"og:title\" content=\"\u00d4nibus pega fogo pr\u00f3ximo a posto de combust\u00edvel em Concei\u00e7\u00e3o do Coit\u00e9; bombeiros continuam no local - Portal raizes noticias\" \/>\n<meta property=\"og:description\" content=\"Na madrugada desta ter\u00e7a, 21, um \u00f4nibus carregado de material recicl\u00e1vel pegou fogo na rua Ant\u00f4nio Gordiano Nunes, perto da Embasa. . No v\u00eddeo enviado \u00e0 nossa reda\u00e7\u00e3o, \u00e9 percept\u00edvel que um homem pede aos propriet\u00e1rios dos outros \u00f4nibus que retirem seus ve\u00edculos que estavam pr\u00f3ximos ao fogo. De acordo com o site Calila Noticias, o ve\u00edculo \u00e9 do comerciante Day Bike Moto Pe\u00e7as e estava no local h\u00e1 v\u00e1rios meses. O inc\u00eandio ocorreu a aproximadamente 20 metros de um posto de combust\u00edvel. Os bombeiros\u00a0 foram chamados e conseguiram conter o fogo, sem causar danos maiores. A equipe Anjos da Vida deu suporte na ocorr\u00eancia. De acordo com o Calila Not\u00edcias, at\u00e9 \u00e0s 08h30, era poss\u00edvel ver um peda\u00e7o de papel\u00e3o em chamas e o trabalho de rescaldo dos bombeiros ainda deve levar algumas horas. A causa do inc\u00eandio ser\u00e1 investigada. Reda\u00e7\u00e3o com informa\u00e7\u00f5es do site Calila Noticias. Foto: Raimundo Mascarenhas\" \/>\n<meta property=\"og:url\" content=\"https:\/\/portalraizesnoticias.com.br\/?p=4285\" \/>\n<meta property=\"og:site_name\" content=\"Portal raizes noticias\" \/>\n<meta property=\"article:published_time\" content=\"2025-01-21T13:26:05+00:00\" \/>\n<meta property=\"article:modified_time\" content=\"2025-01-21T13:38:12+00:00\" \/>\n<meta property=\"og:image\" content=\"https:\/\/portalraizesnoticias.com.br\/wp-content\/uploads\/2025\/01\/WhatsApp-Image-2025-01-21-at-08.36.21-scaled-1.jpeg\" \/>\n\t<meta property=\"og:image:width\" content=\"1024\" \/>\n\t<meta property=\"og:image:height\" content=\"768\" \/>\n\t<meta property=\"og:image:type\" content=\"image\/jpeg\" \/>\n<meta name=\"author\" content=\"Portal Raizes\" \/>\n<meta name=\"twitter:card\" content=\"summary_large_image\" \/>\n<meta name=\"twitter:label1\" content=\"Escrito por\" \/>\n\t<meta name=\"twitter:data1\" content=\"Portal Raizes\" \/>\n\t<meta name=\"twitter:label2\" content=\"Est. tempo de leitura\" \/>\n\t<meta name=\"twitter:data2\" content=\"2 minutos\" \/>\n<script type=\"application\/ld+json\" class=\"yoast-schema-graph\">{\"@context\":\"https:\/\/schema.org\",\"@graph\":[{\"@type\":\"Article\",\"@id\":\"https:\/\/portalraizesnoticias.com.br\/?p=4285#article\",\"isPartOf\":{\"@id\":\"https:\/\/portalraizesnoticias.com.br\/?p=4285\"},\"author\":{\"name\":\"Portal Raizes\",\"@id\":\"https:\/\/portalraizesnoticias.com.br\/#\/schema\/person\/a3ca6b0fc701e78df19756c417d943ae\"},\"headline\":\"\u00d4nibus pega fogo pr\u00f3ximo a posto de combust\u00edvel em Concei\u00e7\u00e3o do Coit\u00e9; bombeiros continuam no local\",\"datePublished\":\"2025-01-21T13:26:05+00:00\",\"dateModified\":\"2025-01-21T13:38:12+00:00\",\"mainEntityOfPage\":{\"@id\":\"https:\/\/portalraizesnoticias.com.br\/?p=4285\"},\"wordCount\":200,\"commentCount\":0,\"publisher\":{\"@id\":\"https:\/\/portalraizesnoticias.com.br\/#organization\"},\"image\":{\"@id\":\"https:\/\/portalraizesnoticias.com.br\/?p=4285#primaryimage\"},\"thumbnailUrl\":\"https:\/\/portalraizesnoticias.com.br\/wp-content\/uploads\/2025\/01\/WhatsApp-Image-2025-01-21-at-08.36.21-scaled-1.jpeg\",\"keywords\":[\"Coit\u00e9\",\"Fogo\",\"\u00d4nibus\"],\"articleSection\":[\"ACIDENTES\",\"DESTAQUES\",\"ULTIMAS NOTICIAS\"],\"inLanguage\":\"pt-BR\",\"potentialAction\":[{\"@type\":\"CommentAction\",\"name\":\"Comment\",\"target\":[\"https:\/\/portalraizesnoticias.com.br\/?p=4285#respond\"]}]},{\"@type\":\"WebPage\",\"@id\":\"https:\/\/portalraizesnoticias.com.br\/?p=4285\",\"url\":\"https:\/\/portalraizesnoticias.com.br\/?p=4285\",\"name\":\"\u00d4nibus pega fogo pr\u00f3ximo a posto de combust\u00edvel em Concei\u00e7\u00e3o do Coit\u00e9; bombeiros continuam no local - Portal raizes noticias\",\"isPartOf\":{\"@id\":\"https:\/\/portalraizesnoticias.com.br\/#website\"},\"primaryImageOfPage\":{\"@id\":\"https:\/\/portalraizesnoticias.com.br\/?p=4285#primaryimage\"},\"image\":{\"@id\":\"https:\/\/portalraizesnoticias.com.br\/?p=4285#primaryimage\"},\"thumbnailUrl\":\"https:\/\/portalraizesnoticias.com.br\/wp-content\/uploads\/2025\/01\/WhatsApp-Image-2025-01-21-at-08.36.21-scaled-1.jpeg\",\"datePublished\":\"2025-01-21T13:26:05+00:00\",\"dateModified\":\"2025-01-21T13:38:12+00:00\",\"breadcrumb\":{\"@id\":\"https:\/\/portalraizesnoticias.com.br\/?p=4285#breadcrumb\"},\"inLanguage\":\"pt-BR\",\"potentialAction\":[{\"@type\":\"ReadAction\",\"target\":[\"https:\/\/portalraizesnoticias.com.br\/?p=4285\"]}]},{\"@type\":\"ImageObject\",\"inLanguage\":\"pt-BR\",\"@id\":\"https:\/\/portalraizesnoticias.com.br\/?p=4285#primaryimage\",\"url\":\"https:\/\/portalraizesnoticias.com.br\/wp-content\/uploads\/2025\/01\/WhatsApp-Image-2025-01-21-at-08.36.21-scaled-1.jpeg\",\"contentUrl\":\"https:\/\/portalraizesnoticias.com.br\/wp-content\/uploads\/2025\/01\/WhatsApp-Image-2025-01-21-at-08.36.21-scaled-1.jpeg\",\"width\":1024,\"height\":768},{\"@type\":\"BreadcrumbList\",\"@id\":\"https:\/\/portalraizesnoticias.com.br\/?p=4285#breadcrumb\",\"itemListElement\":[{\"@type\":\"ListItem\",\"position\":1,\"name\":\"In\u00edcio\",\"item\":\"https:\/\/portalraizesnoticias.com.br\/\"},{\"@type\":\"ListItem\",\"position\":2,\"name\":\"\u00d4nibus pega fogo pr\u00f3ximo a posto de combust\u00edvel em Concei\u00e7\u00e3o do Coit\u00e9; bombeiros continuam no local\"}]},{\"@type\":\"WebSite\",\"@id\":\"https:\/\/portalraizesnoticias.com.br\/#website\",\"url\":\"https:\/\/portalraizesnoticias.com.br\/\",\"name\":\"Portal raizes NOTICIAS\",\"description\":\"site de noticias de concei\u00e7\u00e3o do coit\u00e9 e regi\u00e3o\",\"publisher\":{\"@id\":\"https:\/\/portalraizesnoticias.com.br\/#organization\"},\"alternateName\":\"PORTAL RAIZES COIT\u00c9\",\"potentialAction\":[{\"@type\":\"SearchAction\",\"target\":{\"@type\":\"EntryPoint\",\"urlTemplate\":\"https:\/\/portalraizesnoticias.com.br\/?s={search_term_string}\"},\"query-input\":{\"@type\":\"PropertyValueSpecification\",\"valueRequired\":true,\"valueName\":\"search_term_string\"}}],\"inLanguage\":\"pt-BR\"},{\"@type\":\"Organization\",\"@id\":\"https:\/\/portalraizesnoticias.com.br\/#organization\",\"name\":\"Portal raizes NOTICIAS\",\"url\":\"https:\/\/portalraizesnoticias.com.br\/\",\"logo\":{\"@type\":\"ImageObject\",\"inLanguage\":\"pt-BR\",\"@id\":\"https:\/\/portalraizesnoticias.com.br\/#\/schema\/logo\/image\/\",\"url\":\"https:\/\/portalraizesnoticias.com.br\/wp-content\/uploads\/2024\/09\/cropped-Captura-de-tela-2024-09-08-011108.png\",\"contentUrl\":\"https:\/\/portalraizesnoticias.com.br\/wp-content\/uploads\/2024\/09\/cropped-Captura-de-tela-2024-09-08-011108.png\",\"width\":606,\"height\":173,\"caption\":\"Portal raizes NOTICIAS\"},\"image\":{\"@id\":\"https:\/\/portalraizesnoticias.com.br\/#\/schema\/logo\/image\/\"}},{\"@type\":\"Person\",\"@id\":\"https:\/\/portalraizesnoticias.com.br\/#\/schema\/person\/a3ca6b0fc701e78df19756c417d943ae\",\"name\":\"Portal Raizes\",\"image\":{\"@type\":\"ImageObject\",\"inLanguage\":\"pt-BR\",\"@id\":\"https:\/\/portalraizesnoticias.com.br\/#\/schema\/person\/image\/\",\"url\":\"https:\/\/secure.gravatar.com\/avatar\/ef450d29013a3d3fba867a12a249d7b1?s=96&d=mm&r=g\",\"contentUrl\":\"https:\/\/secure.gravatar.com\/avatar\/ef450d29013a3d3fba867a12a249d7b1?s=96&d=mm&r=g\",\"caption\":\"Portal Raizes\"},\"url\":\"https:\/\/portalraizesnoticias.com.br\/?author=3\"}]}<\/script>\n<!-- \/ Yoast SEO plugin. -->","yoast_head_json":{"title":"\u00d4nibus pega fogo pr\u00f3ximo a posto de combust\u00edvel em Concei\u00e7\u00e3o do Coit\u00e9; bombeiros continuam no local - Portal raizes noticias","robots":{"index":"index","follow":"follow","max-snippet":"max-snippet:-1","max-image-preview":"max-image-preview:large","max-video-preview":"max-video-preview:-1"},"canonical":"https:\/\/portalraizesnoticias.com.br\/?p=4285","og_locale":"pt_BR","og_type":"article","og_title":"\u00d4nibus pega fogo pr\u00f3ximo a posto de combust\u00edvel em Concei\u00e7\u00e3o do Coit\u00e9; bombeiros continuam no local - Portal raizes noticias","og_description":"Na madrugada desta ter\u00e7a, 21, um \u00f4nibus carregado de material recicl\u00e1vel pegou fogo na rua Ant\u00f4nio Gordiano Nunes, perto da Embasa. . No v\u00eddeo enviado \u00e0 nossa reda\u00e7\u00e3o, \u00e9 percept\u00edvel que um homem pede aos propriet\u00e1rios dos outros \u00f4nibus que retirem seus ve\u00edculos que estavam pr\u00f3ximos ao fogo. De acordo com o site Calila Noticias, o ve\u00edculo \u00e9 do comerciante Day Bike Moto Pe\u00e7as e estava no local h\u00e1 v\u00e1rios meses. O inc\u00eandio ocorreu a aproximadamente 20 metros de um posto de combust\u00edvel. Os bombeiros\u00a0 foram chamados e conseguiram conter o fogo, sem causar danos maiores. A equipe Anjos da Vida deu suporte na ocorr\u00eancia. De acordo com o Calila Not\u00edcias, at\u00e9 \u00e0s 08h30, era poss\u00edvel ver um peda\u00e7o de papel\u00e3o em chamas e o trabalho de rescaldo dos bombeiros ainda deve levar algumas horas. A causa do inc\u00eandio ser\u00e1 investigada. Reda\u00e7\u00e3o com informa\u00e7\u00f5es do site Calila Noticias. Foto: Raimundo Mascarenhas","og_url":"https:\/\/portalraizesnoticias.com.br\/?p=4285","og_site_name":"Portal raizes noticias","article_published_time":"2025-01-21T13:26:05+00:00","article_modified_time":"2025-01-21T13:38:12+00:00","og_image":[{"width":1024,"height":768,"url":"https:\/\/portalraizesnoticias.com.br\/wp-content\/uploads\/2025\/01\/WhatsApp-Image-2025-01-21-at-08.36.21-scaled-1.jpeg","type":"image\/jpeg"}],"author":"Portal Raizes","twitter_card":"summary_large_image","twitter_misc":{"Escrito por":"Portal Raizes","Est. tempo de leitura":"2 minutos"},"schema":{"@context":"https:\/\/schema.org","@graph":[{"@type":"Article","@id":"https:\/\/portalraizesnoticias.com.br\/?p=4285#article","isPartOf":{"@id":"https:\/\/portalraizesnoticias.com.br\/?p=4285"},"author":{"name":"Portal Raizes","@id":"https:\/\/portalraizesnoticias.com.br\/#\/schema\/person\/a3ca6b0fc701e78df19756c417d943ae"},"headline":"\u00d4nibus pega fogo pr\u00f3ximo a posto de combust\u00edvel em Concei\u00e7\u00e3o do Coit\u00e9; bombeiros continuam no local","datePublished":"2025-01-21T13:26:05+00:00","dateModified":"2025-01-21T13:38:12+00:00","mainEntityOfPage":{"@id":"https:\/\/portalraizesnoticias.com.br\/?p=4285"},"wordCount":200,"commentCount":0,"publisher":{"@id":"https:\/\/portalraizesnoticias.com.br\/#organization"},"image":{"@id":"https:\/\/portalraizesnoticias.com.br\/?p=4285#primaryimage"},"thumbnailUrl":"https:\/\/portalraizesnoticias.com.br\/wp-content\/uploads\/2025\/01\/WhatsApp-Image-2025-01-21-at-08.36.21-scaled-1.jpeg","keywords":["Coit\u00e9","Fogo","\u00d4nibus"],"articleSection":["ACIDENTES","DESTAQUES","ULTIMAS NOTICIAS"],"inLanguage":"pt-BR","potentialAction":[{"@type":"CommentAction","name":"Comment","target":["https:\/\/portalraizesnoticias.com.br\/?p=4285#respond"]}]},{"@type":"WebPage","@id":"https:\/\/portalraizesnoticias.com.br\/?p=4285","url":"https:\/\/portalraizesnoticias.com.br\/?p=4285","name":"\u00d4nibus pega fogo pr\u00f3ximo a posto de combust\u00edvel em Concei\u00e7\u00e3o do Coit\u00e9; bombeiros continuam no local - Portal raizes noticias","isPartOf":{"@id":"https:\/\/portalraizesnoticias.com.br\/#website"},"primaryImageOfPage":{"@id":"https:\/\/portalraizesnoticias.com.br\/?p=4285#primaryimage"},"image":{"@id":"https:\/\/portalraizesnoticias.com.br\/?p=4285#primaryimage"},"thumbnailUrl":"https:\/\/portalraizesnoticias.com.br\/wp-content\/uploads\/2025\/01\/WhatsApp-Image-2025-01-21-at-08.36.21-scaled-1.jpeg","datePublished":"2025-01-21T13:26:05+00:00","dateModified":"2025-01-21T13:38:12+00:00","breadcrumb":{"@id":"https:\/\/portalraizesnoticias.com.br\/?p=4285#breadcrumb"},"inLanguage":"pt-BR","potentialAction":[{"@type":"ReadAction","target":["https:\/\/portalraizesnoticias.com.br\/?p=4285"]}]},{"@type":"ImageObject","inLanguage":"pt-BR","@id":"https:\/\/portalraizesnoticias.com.br\/?p=4285#primaryimage","url":"https:\/\/portalraizesnoticias.com.br\/wp-content\/uploads\/2025\/01\/WhatsApp-Image-2025-01-21-at-08.36.21-scaled-1.jpeg","contentUrl":"https:\/\/portalraizesnoticias.com.br\/wp-content\/uploads\/2025\/01\/WhatsApp-Image-2025-01-21-at-08.36.21-scaled-1.jpeg","width":1024,"height":768},{"@type":"BreadcrumbList","@id":"https:\/\/portalraizesnoticias.com.br\/?p=4285#breadcrumb","itemListElement":[{"@type":"ListItem","position":1,"name":"In\u00edcio","item":"https:\/\/portalraizesnoticias.com.br\/"},{"@type":"ListItem","position":2,"name":"\u00d4nibus pega fogo pr\u00f3ximo a posto de combust\u00edvel em Concei\u00e7\u00e3o do Coit\u00e9; bombeiros continuam no local"}]},{"@type":"WebSite","@id":"https:\/\/portalraizesnoticias.com.br\/#website","url":"https:\/\/portalraizesnoticias.com.br\/","name":"Portal raizes NOTICIAS","description":"site de noticias de concei\u00e7\u00e3o do coit\u00e9 e regi\u00e3o","publisher":{"@id":"https:\/\/portalraizesnoticias.com.br\/#organization"},"alternateName":"PORTAL RAIZES COIT\u00c9","potentialAction":[{"@type":"SearchAction","target":{"@type":"EntryPoint","urlTemplate":"https:\/\/portalraizesnoticias.com.br\/?s={search_term_string}"},"query-input":{"@type":"PropertyValueSpecification","valueRequired":true,"valueName":"search_term_string"}}],"inLanguage":"pt-BR"},{"@type":"Organization","@id":"https:\/\/portalraizesnoticias.com.br\/#organization","name":"Portal raizes NOTICIAS","url":"https:\/\/portalraizesnoticias.com.br\/","logo":{"@type":"ImageObject","inLanguage":"pt-BR","@id":"https:\/\/portalraizesnoticias.com.br\/#\/schema\/logo\/image\/","url":"https:\/\/portalraizesnoticias.com.br\/wp-content\/uploads\/2024\/09\/cropped-Captura-de-tela-2024-09-08-011108.png","contentUrl":"https:\/\/portalraizesnoticias.com.br\/wp-content\/uploads\/2024\/09\/cropped-Captura-de-tela-2024-09-08-011108.png","width":606,"height":173,"caption":"Portal raizes NOTICIAS"},"image":{"@id":"https:\/\/portalraizesnoticias.com.br\/#\/schema\/logo\/image\/"}},{"@type":"Person","@id":"https:\/\/portalraizesnoticias.com.br\/#\/schema\/person\/a3ca6b0fc701e78df19756c417d943ae","name":"Portal Raizes","image":{"@type":"ImageObject","inLanguage":"pt-BR","@id":"https:\/\/portalraizesnoticias.com.br\/#\/schema\/person\/image\/","url":"https:\/\/secure.gravatar.com\/avatar\/ef450d29013a3d3fba867a12a249d7b1?s=96&d=mm&r=g","contentUrl":"https:\/\/secure.gravatar.com\/avatar\/ef450d29013a3d3fba867a12a249d7b1?s=96&d=mm&r=g","caption":"Portal Raizes"},"url":"https:\/\/portalraizesnoticias.com.br\/?author=3"}]}},"_links":{"self":[{"href":"https:\/\/portalraizesnoticias.com.br\/index.php?rest_route=\/wp\/v2\/posts\/4285"}],"collection":[{"href":"https:\/\/portalraizesnoticias.com.br\/index.php?rest_route=\/wp\/v2\/posts"}],"about":[{"href":"https:\/\/portalraizesnoticias.com.br\/index.php?rest_route=\/wp\/v2\/types\/post"}],"author":[{"embeddable":true,"href":"https:\/\/portalraizesnoticias.com.br\/index.php?rest_route=\/wp\/v2\/users\/3"}],"replies":[{"embeddable":true,"href":"https:\/\/portalraizesnoticias.com.br\/index.php?rest_route=%2Fwp%2Fv2%2Fcomments&post=4285"}],"version-history":[{"count":4,"href":"https:\/\/portalraizesnoticias.com.br\/index.php?rest_route=\/wp\/v2\/posts\/4285\/revisions"}],"predecessor-version":[{"id":4293,"href":"https:\/\/portalraizesnoticias.com.br\/index.php?rest_route=\/wp\/v2\/posts\/4285\/revisions\/4293"}],"wp:featuredmedia":[{"embeddable":true,"href":"https:\/\/portalraizesnoticias.com.br\/index.php?rest_route=\/wp\/v2\/media\/4286"}],"wp:attachment":[{"href":"https:\/\/portalraizesnoticias.com.br\/index.php?rest_route=%2Fwp%2Fv2%2Fmedia&parent=4285"}],"wp:term":[{"taxonomy":"category","embeddable":true,"href":"https:\/\/portalraizesnoticias.com.br\/index.php?rest_route=%2Fwp%2Fv2%2Fcategories&post=4285"},{"taxonomy":"post_tag","embeddable":true,"href":"https:\/\/portalraizesnoticias.com.br\/index.php?rest_route=%2Fwp%2Fv2%2Ftags&post=4285"}],"curies":[{"name":"wp","href":"https:\/\/api.w.org\/{rel}","templated":true}]}}