{"id":4119,"date":"2025-01-16T20:18:09","date_gmt":"2025-01-16T23:18:09","guid":{"rendered":"https:\/\/portalraizesnoticias.com.br\/?p=4119"},"modified":"2025-01-16T21:05:44","modified_gmt":"2025-01-17T00:05:44","slug":"coite-300-pacientes-fazem-acompanhamento-pelo-sus-apos-diagnostico-de-glaucoma-prefeitura-realiza-mutirao-dia-10-de-fevereiro","status":"publish","type":"post","link":"https:\/\/portalraizesnoticias.com.br\/?p=4119","title":{"rendered":"Coit\u00e9: 300 pacientes fazem acompanhamento pelo SUS ap\u00f3s diagn\u00f3stico de glaucoma; prefeitura realiza mutir\u00e3o dia 10 de fevereiro"},"content":{"rendered":"<p>Uma das principais causas de cegueira irrevers\u00edvel no mundo \u00e9 provocada pela doen\u00e7a chamada Glaucoma.<\/p>\n<p>Essa condi\u00e7\u00e3o cr\u00f4nica afeta o nervo \u00f3ptico e a press\u00e3o intraocular, e, se n\u00e3o for tratada adequadamente, pode causar a perda permanente da vis\u00e3o. O glaucoma \u00e9 conhecido como o &#8220;ladr\u00e3o silencioso da vis\u00e3o&#8221;, pois pode progredir sem sintomas nas fases iniciais.<\/p>\n<p><img fetchpriority=\"high\" decoding=\"async\" class=\"size-medium wp-image-3845 aligncenter\" src=\"https:\/\/portalraizesnoticias.com.br\/wp-content\/uploads\/2025\/01\/banner-lateral-agencia-Neri-300x300.jpg\" alt=\"\" width=\"300\" height=\"300\" srcset=\"https:\/\/portalraizesnoticias.com.br\/wp-content\/uploads\/2025\/01\/banner-lateral-agencia-Neri-300x300.jpg 300w, https:\/\/portalraizesnoticias.com.br\/wp-content\/uploads\/2025\/01\/banner-lateral-agencia-Neri-1024x1024.jpg 1024w, https:\/\/portalraizesnoticias.com.br\/wp-content\/uploads\/2025\/01\/banner-lateral-agencia-Neri-150x150.jpg 150w, https:\/\/portalraizesnoticias.com.br\/wp-content\/uploads\/2025\/01\/banner-lateral-agencia-Neri-768x768.jpg 768w, https:\/\/portalraizesnoticias.com.br\/wp-content\/uploads\/2025\/01\/banner-lateral-agencia-Neri-1536x1536.jpg 1536w, https:\/\/portalraizesnoticias.com.br\/wp-content\/uploads\/2025\/01\/banner-lateral-agencia-Neri-2048x2048.jpg 2048w, https:\/\/portalraizesnoticias.com.br\/wp-content\/uploads\/2025\/01\/banner-lateral-agencia-Neri-scaled-700x700.jpg 700w, https:\/\/portalraizesnoticias.com.br\/wp-content\/uploads\/2025\/01\/banner-lateral-agencia-Neri-scaled-620x620.jpg 620w, https:\/\/portalraizesnoticias.com.br\/wp-content\/uploads\/2025\/01\/banner-lateral-agencia-Neri-scaled-400x400.jpg 400w\" sizes=\"(max-width: 300px) 100vw, 300px\" \/><\/p>\n<p style=\"text-align: center;\"><strong>PUBLICIDADE<\/strong><\/p>\n<p>De acordo com a Sociedade Brasileira de Glaucoma (SBG), a enfermidade afeta cerca de 2,5 milh\u00f5es de indiv\u00edduos no Brasil.<\/p>\n<p>Segundo a Secretaria Municipal de Sa\u00fade de Concei\u00e7\u00e3o do Coit\u00e9, 300 pessoas est\u00e3o sendo acompanhadas pelo Sistema \u00danico de Sa\u00fade (SUS) na cidade.<\/p>\n<p>&#8220;Esses pacientes passam por uma avalia\u00e7\u00e3o\/triagem e pela consulta oftalmol\u00f3gica. Ap\u00f3s esse procedimento, se for preciso, ir\u00e1 sim ter o medicamento Ideal pra cada um&#8221;, informou a secret\u00e1ria de Sa\u00fade, Adriana Mota.<\/p>\n<p><img decoding=\"async\" class=\"size-medium wp-image-2672 aligncenter\" src=\"https:\/\/portalraizesnoticias.com.br\/wp-content\/uploads\/2024\/12\/Card-Matricula_021-300x300.png\" alt=\"\" width=\"300\" height=\"300\" srcset=\"https:\/\/portalraizesnoticias.com.br\/wp-content\/uploads\/2024\/12\/Card-Matricula_021-300x300.png 300w, https:\/\/portalraizesnoticias.com.br\/wp-content\/uploads\/2024\/12\/Card-Matricula_021-1024x1024.png 1024w, https:\/\/portalraizesnoticias.com.br\/wp-content\/uploads\/2024\/12\/Card-Matricula_021-150x150.png 150w, https:\/\/portalraizesnoticias.com.br\/wp-content\/uploads\/2024\/12\/Card-Matricula_021-768x768.png 768w, https:\/\/portalraizesnoticias.com.br\/wp-content\/uploads\/2024\/12\/Card-Matricula_021-700x700.png 700w, https:\/\/portalraizesnoticias.com.br\/wp-content\/uploads\/2024\/12\/Card-Matricula_021-620x620.png 620w, https:\/\/portalraizesnoticias.com.br\/wp-content\/uploads\/2024\/12\/Card-Matricula_021-400x400.png 400w, https:\/\/portalraizesnoticias.com.br\/wp-content\/uploads\/2024\/12\/Card-Matricula_021.png 1080w\" sizes=\"(max-width: 300px) 100vw, 300px\" \/><\/p>\n<p style=\"text-align: center;\"><strong>PUBLICIDADE<\/strong><\/p>\n<p>No dia 10 de fevereiro, essas centenas de pessoas cadastradas no \u00f3rg\u00e3o poder\u00e3o fazer parte do mutir\u00e3o de glaucoma que acontecer\u00e1 na Cl\u00ednica de Doutora Adrivana Cunha, \u00e0s 07h.<\/p>\n<p>A a\u00e7\u00e3o tem como objetivo fornecer informa\u00e7\u00f5es e tratamentos para o maior n\u00famero poss\u00edvel de pessoas sobre a doen\u00e7a, al\u00e9m de realizar exames de triagem b\u00e1sica de sa\u00fade e exames oftalmol\u00f3gicos para identificar a presen\u00e7a de doen\u00e7as oculares.<\/p>\n<p>Os documentos obrigat\u00f3rios s\u00e3o cart\u00e3o do programa, CPF, RG, SUS e comprovante de resid\u00eancia.<\/p>\n<p>Data: 10 de fevereiro<\/p>\n<p>hor\u00e1rio: 07h<\/p>\n<p>Endere\u00e7o:<\/p>\n<div class=\"PZPZlf\" data-dtype=\"d3ifr\" data-local-attribute=\"d3adr\">\n<div class=\"M2Cv8e xPwsMd\">R. Ant\u00f4nio Ara\u00fajo, 120 &#8211; Carij\u00e9, Concei\u00e7\u00e3o do Coit\u00e9 -(ao lado da Secretaria de Sa\u00fade)<\/div>\n<\/div>\n<p><a href=\"https:\/\/drageraldine.com.br\/glaucoma\/\">Saiba mais sobre o glaucoma.<\/a><\/p>\n<p>Reda\u00e7\u00e3o<\/p>\n","protected":false},"excerpt":{"rendered":"<p>Uma das principais causas de cegueira irrevers\u00edvel no mundo \u00e9 provocada pela doen\u00e7a chamada Glaucoma. Essa condi\u00e7\u00e3o cr\u00f4nica afeta o nervo \u00f3ptico e a press\u00e3o intraocular, e, se n\u00e3o for tratada adequadamente, pode causar a perda permanente da vis\u00e3o. O glaucoma \u00e9 conhecido como o &#8220;ladr\u00e3o silencioso da vis\u00e3o&#8221;, pois pode progredir sem sintomas nas fases iniciais. PUBLICIDADE De acordo com a Sociedade Brasileira de Glaucoma (SBG), a enfermidade afeta cerca de 2,5 milh\u00f5es de indiv\u00edduos no Brasil. Segundo a Secretaria Municipal de Sa\u00fade de Concei\u00e7\u00e3o do Coit\u00e9, 300 pessoas est\u00e3o sendo acompanhadas pelo Sistema \u00danico de Sa\u00fade (SUS) na cidade. &#8220;Esses pacientes passam por uma avalia\u00e7\u00e3o\/triagem e pela consulta oftalmol\u00f3gica. Ap\u00f3s esse procedimento, se for preciso, ir\u00e1 sim ter o medicamento Ideal pra cada um&#8221;, informou a secret\u00e1ria de Sa\u00fade, Adriana Mota. PUBLICIDADE No dia 10 de fevereiro, essas centenas de pessoas cadastradas no \u00f3rg\u00e3o poder\u00e3o fazer parte do mutir\u00e3o de glaucoma que acontecer\u00e1 na Cl\u00ednica de Doutora Adrivana Cunha, \u00e0s 07h. A a\u00e7\u00e3o tem como objetivo fornecer informa\u00e7\u00f5es e tratamentos para o maior n\u00famero poss\u00edvel de pessoas sobre a doen\u00e7a, al\u00e9m de realizar exames de triagem b\u00e1sica de sa\u00fade e exames oftalmol\u00f3gicos para identificar a presen\u00e7a de doen\u00e7as oculares. Os documentos obrigat\u00f3rios s\u00e3o cart\u00e3o do programa, CPF, RG, SUS e comprovante de resid\u00eancia. Data: 10 de fevereiro hor\u00e1rio: 07h Endere\u00e7o: R. Ant\u00f4nio Ara\u00fajo, 120 &#8211; Carij\u00e9, Concei\u00e7\u00e3o do Coit\u00e9 -(ao lado da Secretaria de Sa\u00fade) Saiba mais sobre o glaucoma. Reda\u00e7\u00e3o<\/p>\n","protected":false},"author":3,"featured_media":4120,"comment_status":"open","ping_status":"open","sticky":false,"template":"","format":"standard","meta":{"_joinchat":[],"footnotes":""},"categories":[55,86,59],"tags":[75,684,274],"class_list":["post-4119","post","type-post","status-publish","format-standard","has-post-thumbnail","hentry","category-destaques","category-saude","category-ultimas-noticias","tag-coite","tag-glaucoma","tag-saude"],"yoast_head":"<!-- This site is optimized with the Yoast SEO plugin v24.4 - https:\/\/yoast.com\/wordpress\/plugins\/seo\/ -->\n<title>Coit\u00e9: 300 pacientes fazem acompanhamento pelo SUS ap\u00f3s diagn\u00f3stico de glaucoma; prefeitura realiza mutir\u00e3o dia 10 de fevereiro - Portal raizes noticias<\/title>\n<meta name=\"robots\" content=\"index, follow, max-snippet:-1, max-image-preview:large, max-video-preview:-1\" \/>\n<link rel=\"canonical\" href=\"https:\/\/portalraizesnoticias.com.br\/?p=4119\" \/>\n<meta property=\"og:locale\" content=\"pt_BR\" \/>\n<meta property=\"og:type\" content=\"article\" \/>\n<meta property=\"og:title\" content=\"Coit\u00e9: 300 pacientes fazem acompanhamento pelo SUS ap\u00f3s diagn\u00f3stico de glaucoma; prefeitura realiza mutir\u00e3o dia 10 de fevereiro - Portal raizes noticias\" \/>\n<meta property=\"og:description\" content=\"Uma das principais causas de cegueira irrevers\u00edvel no mundo \u00e9 provocada pela doen\u00e7a chamada Glaucoma. Essa condi\u00e7\u00e3o cr\u00f4nica afeta o nervo \u00f3ptico e a press\u00e3o intraocular, e, se n\u00e3o for tratada adequadamente, pode causar a perda permanente da vis\u00e3o. O glaucoma \u00e9 conhecido como o &#8220;ladr\u00e3o silencioso da vis\u00e3o&#8221;, pois pode progredir sem sintomas nas fases iniciais. PUBLICIDADE De acordo com a Sociedade Brasileira de Glaucoma (SBG), a enfermidade afeta cerca de 2,5 milh\u00f5es de indiv\u00edduos no Brasil. Segundo a Secretaria Municipal de Sa\u00fade de Concei\u00e7\u00e3o do Coit\u00e9, 300 pessoas est\u00e3o sendo acompanhadas pelo Sistema \u00danico de Sa\u00fade (SUS) na cidade. &#8220;Esses pacientes passam por uma avalia\u00e7\u00e3o\/triagem e pela consulta oftalmol\u00f3gica. Ap\u00f3s esse procedimento, se for preciso, ir\u00e1 sim ter o medicamento Ideal pra cada um&#8221;, informou a secret\u00e1ria de Sa\u00fade, Adriana Mota. PUBLICIDADE No dia 10 de fevereiro, essas centenas de pessoas cadastradas no \u00f3rg\u00e3o poder\u00e3o fazer parte do mutir\u00e3o de glaucoma que acontecer\u00e1 na Cl\u00ednica de Doutora Adrivana Cunha, \u00e0s 07h. A a\u00e7\u00e3o tem como objetivo fornecer informa\u00e7\u00f5es e tratamentos para o maior n\u00famero poss\u00edvel de pessoas sobre a doen\u00e7a, al\u00e9m de realizar exames de triagem b\u00e1sica de sa\u00fade e exames oftalmol\u00f3gicos para identificar a presen\u00e7a de doen\u00e7as oculares. Os documentos obrigat\u00f3rios s\u00e3o cart\u00e3o do programa, CPF, RG, SUS e comprovante de resid\u00eancia. Data: 10 de fevereiro hor\u00e1rio: 07h Endere\u00e7o: R. Ant\u00f4nio Ara\u00fajo, 120 &#8211; Carij\u00e9, Concei\u00e7\u00e3o do Coit\u00e9 -(ao lado da Secretaria de Sa\u00fade) Saiba mais sobre o glaucoma. Reda\u00e7\u00e3o\" \/>\n<meta property=\"og:url\" content=\"https:\/\/portalraizesnoticias.com.br\/?p=4119\" \/>\n<meta property=\"og:site_name\" content=\"Portal raizes noticias\" \/>\n<meta property=\"article:published_time\" content=\"2025-01-16T23:18:09+00:00\" \/>\n<meta property=\"article:modified_time\" content=\"2025-01-17T00:05:44+00:00\" \/>\n<meta property=\"og:image\" content=\"https:\/\/portalraizesnoticias.com.br\/wp-content\/uploads\/2025\/01\/images-2025-01-16T201241.763.jpeg\" \/>\n\t<meta property=\"og:image:width\" content=\"275\" \/>\n\t<meta property=\"og:image:height\" content=\"183\" \/>\n\t<meta property=\"og:image:type\" content=\"image\/jpeg\" \/>\n<meta name=\"author\" content=\"Portal Raizes\" \/>\n<meta name=\"twitter:card\" content=\"summary_large_image\" \/>\n<meta name=\"twitter:label1\" content=\"Escrito por\" \/>\n\t<meta name=\"twitter:data1\" content=\"Portal Raizes\" \/>\n\t<meta name=\"twitter:label2\" content=\"Est. tempo de leitura\" \/>\n\t<meta name=\"twitter:data2\" content=\"2 minutos\" \/>\n<script type=\"application\/ld+json\" class=\"yoast-schema-graph\">{\"@context\":\"https:\/\/schema.org\",\"@graph\":[{\"@type\":\"Article\",\"@id\":\"https:\/\/portalraizesnoticias.com.br\/?p=4119#article\",\"isPartOf\":{\"@id\":\"https:\/\/portalraizesnoticias.com.br\/?p=4119\"},\"author\":{\"name\":\"Portal Raizes\",\"@id\":\"https:\/\/portalraizesnoticias.com.br\/#\/schema\/person\/a3ca6b0fc701e78df19756c417d943ae\"},\"headline\":\"Coit\u00e9: 300 pacientes fazem acompanhamento pelo SUS ap\u00f3s diagn\u00f3stico de glaucoma; prefeitura realiza mutir\u00e3o dia 10 de fevereiro\",\"datePublished\":\"2025-01-16T23:18:09+00:00\",\"dateModified\":\"2025-01-17T00:05:44+00:00\",\"mainEntityOfPage\":{\"@id\":\"https:\/\/portalraizesnoticias.com.br\/?p=4119\"},\"wordCount\":303,\"commentCount\":0,\"publisher\":{\"@id\":\"https:\/\/portalraizesnoticias.com.br\/#organization\"},\"image\":{\"@id\":\"https:\/\/portalraizesnoticias.com.br\/?p=4119#primaryimage\"},\"thumbnailUrl\":\"https:\/\/portalraizesnoticias.com.br\/wp-content\/uploads\/2025\/01\/images-2025-01-16T201241.763.jpeg\",\"keywords\":[\"Coit\u00e9\",\"Glaucoma\",\"Sa\u00fade\"],\"articleSection\":[\"DESTAQUES\",\"SA\u00daDE\",\"ULTIMAS NOTICIAS\"],\"inLanguage\":\"pt-BR\",\"potentialAction\":[{\"@type\":\"CommentAction\",\"name\":\"Comment\",\"target\":[\"https:\/\/portalraizesnoticias.com.br\/?p=4119#respond\"]}]},{\"@type\":\"WebPage\",\"@id\":\"https:\/\/portalraizesnoticias.com.br\/?p=4119\",\"url\":\"https:\/\/portalraizesnoticias.com.br\/?p=4119\",\"name\":\"Coit\u00e9: 300 pacientes fazem acompanhamento pelo SUS ap\u00f3s diagn\u00f3stico de glaucoma; prefeitura realiza mutir\u00e3o dia 10 de fevereiro - Portal raizes noticias\",\"isPartOf\":{\"@id\":\"https:\/\/portalraizesnoticias.com.br\/#website\"},\"primaryImageOfPage\":{\"@id\":\"https:\/\/portalraizesnoticias.com.br\/?p=4119#primaryimage\"},\"image\":{\"@id\":\"https:\/\/portalraizesnoticias.com.br\/?p=4119#primaryimage\"},\"thumbnailUrl\":\"https:\/\/portalraizesnoticias.com.br\/wp-content\/uploads\/2025\/01\/images-2025-01-16T201241.763.jpeg\",\"datePublished\":\"2025-01-16T23:18:09+00:00\",\"dateModified\":\"2025-01-17T00:05:44+00:00\",\"breadcrumb\":{\"@id\":\"https:\/\/portalraizesnoticias.com.br\/?p=4119#breadcrumb\"},\"inLanguage\":\"pt-BR\",\"potentialAction\":[{\"@type\":\"ReadAction\",\"target\":[\"https:\/\/portalraizesnoticias.com.br\/?p=4119\"]}]},{\"@type\":\"ImageObject\",\"inLanguage\":\"pt-BR\",\"@id\":\"https:\/\/portalraizesnoticias.com.br\/?p=4119#primaryimage\",\"url\":\"https:\/\/portalraizesnoticias.com.br\/wp-content\/uploads\/2025\/01\/images-2025-01-16T201241.763.jpeg\",\"contentUrl\":\"https:\/\/portalraizesnoticias.com.br\/wp-content\/uploads\/2025\/01\/images-2025-01-16T201241.763.jpeg\",\"width\":275,\"height\":183},{\"@type\":\"BreadcrumbList\",\"@id\":\"https:\/\/portalraizesnoticias.com.br\/?p=4119#breadcrumb\",\"itemListElement\":[{\"@type\":\"ListItem\",\"position\":1,\"name\":\"In\u00edcio\",\"item\":\"https:\/\/portalraizesnoticias.com.br\/\"},{\"@type\":\"ListItem\",\"position\":2,\"name\":\"Coit\u00e9: 300 pacientes fazem acompanhamento pelo SUS ap\u00f3s diagn\u00f3stico de glaucoma; prefeitura realiza mutir\u00e3o dia 10 de fevereiro\"}]},{\"@type\":\"WebSite\",\"@id\":\"https:\/\/portalraizesnoticias.com.br\/#website\",\"url\":\"https:\/\/portalraizesnoticias.com.br\/\",\"name\":\"Portal raizes NOTICIAS\",\"description\":\"site de noticias de concei\u00e7\u00e3o do coit\u00e9 e regi\u00e3o\",\"publisher\":{\"@id\":\"https:\/\/portalraizesnoticias.com.br\/#organization\"},\"alternateName\":\"PORTAL RAIZES COIT\u00c9\",\"potentialAction\":[{\"@type\":\"SearchAction\",\"target\":{\"@type\":\"EntryPoint\",\"urlTemplate\":\"https:\/\/portalraizesnoticias.com.br\/?s={search_term_string}\"},\"query-input\":{\"@type\":\"PropertyValueSpecification\",\"valueRequired\":true,\"valueName\":\"search_term_string\"}}],\"inLanguage\":\"pt-BR\"},{\"@type\":\"Organization\",\"@id\":\"https:\/\/portalraizesnoticias.com.br\/#organization\",\"name\":\"Portal raizes NOTICIAS\",\"url\":\"https:\/\/portalraizesnoticias.com.br\/\",\"logo\":{\"@type\":\"ImageObject\",\"inLanguage\":\"pt-BR\",\"@id\":\"https:\/\/portalraizesnoticias.com.br\/#\/schema\/logo\/image\/\",\"url\":\"https:\/\/portalraizesnoticias.com.br\/wp-content\/uploads\/2024\/09\/cropped-Captura-de-tela-2024-09-08-011108.png\",\"contentUrl\":\"https:\/\/portalraizesnoticias.com.br\/wp-content\/uploads\/2024\/09\/cropped-Captura-de-tela-2024-09-08-011108.png\",\"width\":606,\"height\":173,\"caption\":\"Portal raizes NOTICIAS\"},\"image\":{\"@id\":\"https:\/\/portalraizesnoticias.com.br\/#\/schema\/logo\/image\/\"}},{\"@type\":\"Person\",\"@id\":\"https:\/\/portalraizesnoticias.com.br\/#\/schema\/person\/a3ca6b0fc701e78df19756c417d943ae\",\"name\":\"Portal Raizes\",\"image\":{\"@type\":\"ImageObject\",\"inLanguage\":\"pt-BR\",\"@id\":\"https:\/\/portalraizesnoticias.com.br\/#\/schema\/person\/image\/\",\"url\":\"https:\/\/secure.gravatar.com\/avatar\/ef450d29013a3d3fba867a12a249d7b1?s=96&d=mm&r=g\",\"contentUrl\":\"https:\/\/secure.gravatar.com\/avatar\/ef450d29013a3d3fba867a12a249d7b1?s=96&d=mm&r=g\",\"caption\":\"Portal Raizes\"},\"url\":\"https:\/\/portalraizesnoticias.com.br\/?author=3\"}]}<\/script>\n<!-- \/ Yoast SEO plugin. -->","yoast_head_json":{"title":"Coit\u00e9: 300 pacientes fazem acompanhamento pelo SUS ap\u00f3s diagn\u00f3stico de glaucoma; prefeitura realiza mutir\u00e3o dia 10 de fevereiro - Portal raizes noticias","robots":{"index":"index","follow":"follow","max-snippet":"max-snippet:-1","max-image-preview":"max-image-preview:large","max-video-preview":"max-video-preview:-1"},"canonical":"https:\/\/portalraizesnoticias.com.br\/?p=4119","og_locale":"pt_BR","og_type":"article","og_title":"Coit\u00e9: 300 pacientes fazem acompanhamento pelo SUS ap\u00f3s diagn\u00f3stico de glaucoma; prefeitura realiza mutir\u00e3o dia 10 de fevereiro - Portal raizes noticias","og_description":"Uma das principais causas de cegueira irrevers\u00edvel no mundo \u00e9 provocada pela doen\u00e7a chamada Glaucoma. Essa condi\u00e7\u00e3o cr\u00f4nica afeta o nervo \u00f3ptico e a press\u00e3o intraocular, e, se n\u00e3o for tratada adequadamente, pode causar a perda permanente da vis\u00e3o. O glaucoma \u00e9 conhecido como o &#8220;ladr\u00e3o silencioso da vis\u00e3o&#8221;, pois pode progredir sem sintomas nas fases iniciais. PUBLICIDADE De acordo com a Sociedade Brasileira de Glaucoma (SBG), a enfermidade afeta cerca de 2,5 milh\u00f5es de indiv\u00edduos no Brasil. Segundo a Secretaria Municipal de Sa\u00fade de Concei\u00e7\u00e3o do Coit\u00e9, 300 pessoas est\u00e3o sendo acompanhadas pelo Sistema \u00danico de Sa\u00fade (SUS) na cidade. &#8220;Esses pacientes passam por uma avalia\u00e7\u00e3o\/triagem e pela consulta oftalmol\u00f3gica. Ap\u00f3s esse procedimento, se for preciso, ir\u00e1 sim ter o medicamento Ideal pra cada um&#8221;, informou a secret\u00e1ria de Sa\u00fade, Adriana Mota. PUBLICIDADE No dia 10 de fevereiro, essas centenas de pessoas cadastradas no \u00f3rg\u00e3o poder\u00e3o fazer parte do mutir\u00e3o de glaucoma que acontecer\u00e1 na Cl\u00ednica de Doutora Adrivana Cunha, \u00e0s 07h. A a\u00e7\u00e3o tem como objetivo fornecer informa\u00e7\u00f5es e tratamentos para o maior n\u00famero poss\u00edvel de pessoas sobre a doen\u00e7a, al\u00e9m de realizar exames de triagem b\u00e1sica de sa\u00fade e exames oftalmol\u00f3gicos para identificar a presen\u00e7a de doen\u00e7as oculares. Os documentos obrigat\u00f3rios s\u00e3o cart\u00e3o do programa, CPF, RG, SUS e comprovante de resid\u00eancia. Data: 10 de fevereiro hor\u00e1rio: 07h Endere\u00e7o: R. Ant\u00f4nio Ara\u00fajo, 120 &#8211; Carij\u00e9, Concei\u00e7\u00e3o do Coit\u00e9 -(ao lado da Secretaria de Sa\u00fade) Saiba mais sobre o glaucoma. Reda\u00e7\u00e3o","og_url":"https:\/\/portalraizesnoticias.com.br\/?p=4119","og_site_name":"Portal raizes noticias","article_published_time":"2025-01-16T23:18:09+00:00","article_modified_time":"2025-01-17T00:05:44+00:00","og_image":[{"width":275,"height":183,"url":"https:\/\/portalraizesnoticias.com.br\/wp-content\/uploads\/2025\/01\/images-2025-01-16T201241.763.jpeg","type":"image\/jpeg"}],"author":"Portal Raizes","twitter_card":"summary_large_image","twitter_misc":{"Escrito por":"Portal Raizes","Est. tempo de leitura":"2 minutos"},"schema":{"@context":"https:\/\/schema.org","@graph":[{"@type":"Article","@id":"https:\/\/portalraizesnoticias.com.br\/?p=4119#article","isPartOf":{"@id":"https:\/\/portalraizesnoticias.com.br\/?p=4119"},"author":{"name":"Portal Raizes","@id":"https:\/\/portalraizesnoticias.com.br\/#\/schema\/person\/a3ca6b0fc701e78df19756c417d943ae"},"headline":"Coit\u00e9: 300 pacientes fazem acompanhamento pelo SUS ap\u00f3s diagn\u00f3stico de glaucoma; prefeitura realiza mutir\u00e3o dia 10 de fevereiro","datePublished":"2025-01-16T23:18:09+00:00","dateModified":"2025-01-17T00:05:44+00:00","mainEntityOfPage":{"@id":"https:\/\/portalraizesnoticias.com.br\/?p=4119"},"wordCount":303,"commentCount":0,"publisher":{"@id":"https:\/\/portalraizesnoticias.com.br\/#organization"},"image":{"@id":"https:\/\/portalraizesnoticias.com.br\/?p=4119#primaryimage"},"thumbnailUrl":"https:\/\/portalraizesnoticias.com.br\/wp-content\/uploads\/2025\/01\/images-2025-01-16T201241.763.jpeg","keywords":["Coit\u00e9","Glaucoma","Sa\u00fade"],"articleSection":["DESTAQUES","SA\u00daDE","ULTIMAS NOTICIAS"],"inLanguage":"pt-BR","potentialAction":[{"@type":"CommentAction","name":"Comment","target":["https:\/\/portalraizesnoticias.com.br\/?p=4119#respond"]}]},{"@type":"WebPage","@id":"https:\/\/portalraizesnoticias.com.br\/?p=4119","url":"https:\/\/portalraizesnoticias.com.br\/?p=4119","name":"Coit\u00e9: 300 pacientes fazem acompanhamento pelo SUS ap\u00f3s diagn\u00f3stico de glaucoma; prefeitura realiza mutir\u00e3o dia 10 de fevereiro - Portal raizes noticias","isPartOf":{"@id":"https:\/\/portalraizesnoticias.com.br\/#website"},"primaryImageOfPage":{"@id":"https:\/\/portalraizesnoticias.com.br\/?p=4119#primaryimage"},"image":{"@id":"https:\/\/portalraizesnoticias.com.br\/?p=4119#primaryimage"},"thumbnailUrl":"https:\/\/portalraizesnoticias.com.br\/wp-content\/uploads\/2025\/01\/images-2025-01-16T201241.763.jpeg","datePublished":"2025-01-16T23:18:09+00:00","dateModified":"2025-01-17T00:05:44+00:00","breadcrumb":{"@id":"https:\/\/portalraizesnoticias.com.br\/?p=4119#breadcrumb"},"inLanguage":"pt-BR","potentialAction":[{"@type":"ReadAction","target":["https:\/\/portalraizesnoticias.com.br\/?p=4119"]}]},{"@type":"ImageObject","inLanguage":"pt-BR","@id":"https:\/\/portalraizesnoticias.com.br\/?p=4119#primaryimage","url":"https:\/\/portalraizesnoticias.com.br\/wp-content\/uploads\/2025\/01\/images-2025-01-16T201241.763.jpeg","contentUrl":"https:\/\/portalraizesnoticias.com.br\/wp-content\/uploads\/2025\/01\/images-2025-01-16T201241.763.jpeg","width":275,"height":183},{"@type":"BreadcrumbList","@id":"https:\/\/portalraizesnoticias.com.br\/?p=4119#breadcrumb","itemListElement":[{"@type":"ListItem","position":1,"name":"In\u00edcio","item":"https:\/\/portalraizesnoticias.com.br\/"},{"@type":"ListItem","position":2,"name":"Coit\u00e9: 300 pacientes fazem acompanhamento pelo SUS ap\u00f3s diagn\u00f3stico de glaucoma; prefeitura realiza mutir\u00e3o dia 10 de fevereiro"}]},{"@type":"WebSite","@id":"https:\/\/portalraizesnoticias.com.br\/#website","url":"https:\/\/portalraizesnoticias.com.br\/","name":"Portal raizes NOTICIAS","description":"site de noticias de concei\u00e7\u00e3o do coit\u00e9 e regi\u00e3o","publisher":{"@id":"https:\/\/portalraizesnoticias.com.br\/#organization"},"alternateName":"PORTAL RAIZES COIT\u00c9","potentialAction":[{"@type":"SearchAction","target":{"@type":"EntryPoint","urlTemplate":"https:\/\/portalraizesnoticias.com.br\/?s={search_term_string}"},"query-input":{"@type":"PropertyValueSpecification","valueRequired":true,"valueName":"search_term_string"}}],"inLanguage":"pt-BR"},{"@type":"Organization","@id":"https:\/\/portalraizesnoticias.com.br\/#organization","name":"Portal raizes NOTICIAS","url":"https:\/\/portalraizesnoticias.com.br\/","logo":{"@type":"ImageObject","inLanguage":"pt-BR","@id":"https:\/\/portalraizesnoticias.com.br\/#\/schema\/logo\/image\/","url":"https:\/\/portalraizesnoticias.com.br\/wp-content\/uploads\/2024\/09\/cropped-Captura-de-tela-2024-09-08-011108.png","contentUrl":"https:\/\/portalraizesnoticias.com.br\/wp-content\/uploads\/2024\/09\/cropped-Captura-de-tela-2024-09-08-011108.png","width":606,"height":173,"caption":"Portal raizes NOTICIAS"},"image":{"@id":"https:\/\/portalraizesnoticias.com.br\/#\/schema\/logo\/image\/"}},{"@type":"Person","@id":"https:\/\/portalraizesnoticias.com.br\/#\/schema\/person\/a3ca6b0fc701e78df19756c417d943ae","name":"Portal Raizes","image":{"@type":"ImageObject","inLanguage":"pt-BR","@id":"https:\/\/portalraizesnoticias.com.br\/#\/schema\/person\/image\/","url":"https:\/\/secure.gravatar.com\/avatar\/ef450d29013a3d3fba867a12a249d7b1?s=96&d=mm&r=g","contentUrl":"https:\/\/secure.gravatar.com\/avatar\/ef450d29013a3d3fba867a12a249d7b1?s=96&d=mm&r=g","caption":"Portal Raizes"},"url":"https:\/\/portalraizesnoticias.com.br\/?author=3"}]}},"_links":{"self":[{"href":"https:\/\/portalraizesnoticias.com.br\/index.php?rest_route=\/wp\/v2\/posts\/4119"}],"collection":[{"href":"https:\/\/portalraizesnoticias.com.br\/index.php?rest_route=\/wp\/v2\/posts"}],"about":[{"href":"https:\/\/portalraizesnoticias.com.br\/index.php?rest_route=\/wp\/v2\/types\/post"}],"author":[{"embeddable":true,"href":"https:\/\/portalraizesnoticias.com.br\/index.php?rest_route=\/wp\/v2\/users\/3"}],"replies":[{"embeddable":true,"href":"https:\/\/portalraizesnoticias.com.br\/index.php?rest_route=%2Fwp%2Fv2%2Fcomments&post=4119"}],"version-history":[{"count":3,"href":"https:\/\/portalraizesnoticias.com.br\/index.php?rest_route=\/wp\/v2\/posts\/4119\/revisions"}],"predecessor-version":[{"id":4124,"href":"https:\/\/portalraizesnoticias.com.br\/index.php?rest_route=\/wp\/v2\/posts\/4119\/revisions\/4124"}],"wp:featuredmedia":[{"embeddable":true,"href":"https:\/\/portalraizesnoticias.com.br\/index.php?rest_route=\/wp\/v2\/media\/4120"}],"wp:attachment":[{"href":"https:\/\/portalraizesnoticias.com.br\/index.php?rest_route=%2Fwp%2Fv2%2Fmedia&parent=4119"}],"wp:term":[{"taxonomy":"category","embeddable":true,"href":"https:\/\/portalraizesnoticias.com.br\/index.php?rest_route=%2Fwp%2Fv2%2Fcategories&post=4119"},{"taxonomy":"post_tag","embeddable":true,"href":"https:\/\/portalraizesnoticias.com.br\/index.php?rest_route=%2Fwp%2Fv2%2Ftags&post=4119"}],"curies":[{"name":"wp","href":"https:\/\/api.w.org\/{rel}","templated":true}]}}