{"id":4022,"date":"2025-01-14T19:39:45","date_gmt":"2025-01-14T22:39:45","guid":{"rendered":"https:\/\/portalraizesnoticias.com.br\/?p=4022"},"modified":"2025-01-14T21:27:11","modified_gmt":"2025-01-15T00:27:11","slug":"coite-vitima-de-acidente-ocorrido-proximo-ao-ginasio-tenta-localizar-motociclista-que-fugiu-do-local-deveria-ter-empatia","status":"publish","type":"post","link":"https:\/\/portalraizesnoticias.com.br\/?p=4022","title":{"rendered":"Coit\u00e9: V\u00edtima de acidente ocorrido pr\u00f3ximo ao Gin\u00e1sio tenta localizar motociclista que fugiu do local: &#8220;Deveria ter empatia&#8221;"},"content":{"rendered":"<p>\u00a0<\/p>\n<p><a href=\"https:\/\/portalraizesnoticias.com.br\/coite-mototaxista-e-localizado-e-nega-ter-fugido-de-acidente-proximo-ao-ginasio-de-esportes-eu-tambem-fui-vitima\/\">ATUALIZADA: CONFIRA A VERS\u00c3O DO MOTOTAXISTA\u00a0<\/a><\/p>\n<p>\u00a0<\/p>\n<p>Depois de quatro dias da colis\u00e3o que deixou tr\u00eas pessoas feridas no bairro Olhos D &#8216;agua, perto do Gin\u00e1sio de Esportes em Concei\u00e7\u00e3o do Coit\u00e9, uma das v\u00edtimas ainda se recupera e relatou sobre o condutor da outra motocicleta que supostamente fugiu do local.\u00a0<\/p>\n<p style=\"text-align: center;\"><a href=\"https:\/\/portalraizesnoticias.com.br\/3-pessoas-ficam-feridas-apos-colisao-entre-duas-motos-proximo-ginasio-de-esportes-em-conceicao-do-coite\/\">Relembre aqui.<\/a><\/p>\n<p>Em uma entrevista \u00e0 jornalista Rafaela Rodrigues, a v\u00edtima Aline G\u00f3is, de 25 anos, disse estar bem ap\u00f3s o acidente, mas precisou ficar de repouso.\u00a0<\/p>\n<p><img fetchpriority=\"high\" decoding=\"async\" class=\"size-medium wp-image-3171 aligncenter\" src=\"https:\/\/portalraizesnoticias.com.br\/wp-content\/uploads\/2024\/12\/Brasao-Clube-de-Tiro-vetorizado-2-300x176.png\" alt=\"\" width=\"300\" height=\"176\" srcset=\"https:\/\/portalraizesnoticias.com.br\/wp-content\/uploads\/2024\/12\/Brasao-Clube-de-Tiro-vetorizado-2-300x176.png 300w, https:\/\/portalraizesnoticias.com.br\/wp-content\/uploads\/2024\/12\/Brasao-Clube-de-Tiro-vetorizado-2-1024x602.png 1024w, https:\/\/portalraizesnoticias.com.br\/wp-content\/uploads\/2024\/12\/Brasao-Clube-de-Tiro-vetorizado-2-768x451.png 768w, https:\/\/portalraizesnoticias.com.br\/wp-content\/uploads\/2024\/12\/Brasao-Clube-de-Tiro-vetorizado-2-1536x902.png 1536w, https:\/\/portalraizesnoticias.com.br\/wp-content\/uploads\/2024\/12\/Brasao-Clube-de-Tiro-vetorizado-2-2048x1203.png 2048w\" sizes=\"(max-width: 300px) 100vw, 300px\" \/><\/p>\n<p style=\"text-align: center;\"><a href=\"https:\/\/www.instagram.com\/sisaleiropocosartesianos?igsh=bzhqam11ZHkzZXBl\"><strong>PUBLICIDADE<\/strong><\/a>\u00a0<\/p>\n<p>\u201cGra\u00e7as a Deus, s\u00f3 tive ferimentos leves. Fiquei de repouso por conta do bra\u00e7o, pois n\u00e3o estava conseguindo movimentar. A mobilidade melhorou por conta dos medicamentos, mas, infelizmente, n\u00e3o voltei para o trabalho desde o ocorrido\u201d, explicou Aline.\u00a0<\/p>\n<p><img decoding=\"async\" class=\"size-medium wp-image-3845 aligncenter\" src=\"https:\/\/portalraizesnoticias.com.br\/wp-content\/uploads\/2025\/01\/banner-lateral-agencia-Neri-300x300.jpg\" alt=\"\" width=\"300\" height=\"300\" srcset=\"https:\/\/portalraizesnoticias.com.br\/wp-content\/uploads\/2025\/01\/banner-lateral-agencia-Neri-300x300.jpg 300w, https:\/\/portalraizesnoticias.com.br\/wp-content\/uploads\/2025\/01\/banner-lateral-agencia-Neri-1024x1024.jpg 1024w, https:\/\/portalraizesnoticias.com.br\/wp-content\/uploads\/2025\/01\/banner-lateral-agencia-Neri-150x150.jpg 150w, https:\/\/portalraizesnoticias.com.br\/wp-content\/uploads\/2025\/01\/banner-lateral-agencia-Neri-768x768.jpg 768w, https:\/\/portalraizesnoticias.com.br\/wp-content\/uploads\/2025\/01\/banner-lateral-agencia-Neri-1536x1536.jpg 1536w, https:\/\/portalraizesnoticias.com.br\/wp-content\/uploads\/2025\/01\/banner-lateral-agencia-Neri-2048x2048.jpg 2048w, https:\/\/portalraizesnoticias.com.br\/wp-content\/uploads\/2025\/01\/banner-lateral-agencia-Neri-scaled-700x700.jpg 700w, https:\/\/portalraizesnoticias.com.br\/wp-content\/uploads\/2025\/01\/banner-lateral-agencia-Neri-scaled-620x620.jpg 620w, https:\/\/portalraizesnoticias.com.br\/wp-content\/uploads\/2025\/01\/banner-lateral-agencia-Neri-scaled-400x400.jpg 400w\" sizes=\"(max-width: 300px) 100vw, 300px\" \/><\/p>\n<p style=\"text-align: center;\"><strong>PUBLICIDADE<\/strong>\u00a0<\/p>\n<p>Um v\u00eddeo gravado por populares mostra momentos ap\u00f3s o acidente:<\/p>\n<div style=\"width: 718px;\" class=\"wp-video\"><!--[if lt IE 9]><script>document.createElement('video');<\/script><![endif]-->\n<video class=\"wp-video-shortcode\" id=\"video-4022-1\" width=\"718\" height=\"1280\" preload=\"metadata\" controls=\"controls\"><source type=\"video\/mp4\" src=\"https:\/\/portalraizesnoticias.com.br\/wp-content\/uploads\/2025\/01\/lv_0_20250114191029.mp4?_=1\" \/><a href=\"https:\/\/portalraizesnoticias.com.br\/wp-content\/uploads\/2025\/01\/lv_0_20250114191029.mp4\">https:\/\/portalraizesnoticias.com.br\/wp-content\/uploads\/2025\/01\/lv_0_20250114191029.mp4<\/a><\/video><\/div>\n<p>Ela comunicou que a motocicleta sofreu alguns danos e ficou triste com a atitude do indiv\u00edduo que aparentava ser um mototaxista de fugir da ocorr\u00eancia.\u00a0<\/p>\n<p>\u201cMeu desejo \u00e9 que ele apare\u00e7a e se prontifique a pagar o concerto da moto. A atitude dele n\u00e3o foi diferente de muitos outros e acho que deveriam ter mais empatia\u201d, enfatiza.<\/p>\n<p><img decoding=\"async\" class=\"size-medium wp-image-2520 aligncenter\" src=\"https:\/\/portalraizesnoticias.com.br\/wp-content\/uploads\/2024\/11\/Imagem-do-WhatsApp-de-2024-11-28-as-11.24.37_b858345f-300x142.jpg\" alt=\"\" width=\"300\" height=\"142\" srcset=\"https:\/\/portalraizesnoticias.com.br\/wp-content\/uploads\/2024\/11\/Imagem-do-WhatsApp-de-2024-11-28-as-11.24.37_b858345f-300x142.jpg 300w, https:\/\/portalraizesnoticias.com.br\/wp-content\/uploads\/2024\/11\/Imagem-do-WhatsApp-de-2024-11-28-as-11.24.37_b858345f.jpg 722w\" sizes=\"(max-width: 300px) 100vw, 300px\" \/><\/p>\n<p style=\"text-align: center;\"><strong>PUBLICIDADE<\/strong>\u00a0<\/p>\n<p>\u00c9 importante salientar que a omiss\u00e3o de socorro no tr\u00e2nsito constitui crime. O C\u00f3digo de Tr\u00e2nsito Brasileiro (CTB) considera esse ato uma infra\u00e7\u00e3o grav\u00edssima.\u00a0<\/p>\n<p>A omiss\u00e3o de socorro ocorre quando uma pessoa n\u00e3o presta assist\u00eancia a algu\u00e9m em perigo, mesmo que possa faz\u00ea-lo sem risco pessoal.\u00a0<\/p>\n<p><img loading=\"lazy\" decoding=\"async\" class=\"size-medium wp-image-2320 aligncenter\" src=\"https:\/\/portalraizesnoticias.com.br\/wp-content\/uploads\/2024\/11\/1732216879983-d784d47a-39b1-443f-82e8-60565a1d94d1_1-e1732217067640-300x259.jpg\" alt=\"\" width=\"300\" height=\"259\" srcset=\"https:\/\/portalraizesnoticias.com.br\/wp-content\/uploads\/2024\/11\/1732216879983-d784d47a-39b1-443f-82e8-60565a1d94d1_1-e1732217067640-300x259.jpg 300w, https:\/\/portalraizesnoticias.com.br\/wp-content\/uploads\/2024\/11\/1732216879983-d784d47a-39b1-443f-82e8-60565a1d94d1_1-e1732217067640-768x664.jpg 768w, https:\/\/portalraizesnoticias.com.br\/wp-content\/uploads\/2024\/11\/1732216879983-d784d47a-39b1-443f-82e8-60565a1d94d1_1-e1732217067640.jpg 839w\" sizes=\"(max-width: 300px) 100vw, 300px\" \/><\/p>\n<p style=\"text-align: center;\"><strong>PUBLICIDADE<\/strong>\u00a0<\/p>\n<p>A pena para a omiss\u00e3o de socorro no tr\u00e2nsito pode ser: Deten\u00e7\u00e3o de 6 meses a 1 ano, Multa, Suspens\u00e3o da habilita\u00e7\u00e3o.<\/p>\n<p>Caso o envolvido no acidente seja localizado e queira se manifestar, o espa\u00e7o ficar\u00e1 aberto.\u00a0<\/p>\n<p>Reda\u00e7\u00e3o.<\/p>\n\n\n<p><\/p>\n","protected":false},"excerpt":{"rendered":"<p>\u00a0 ATUALIZADA: CONFIRA A VERS\u00c3O DO MOTOTAXISTA\u00a0 \u00a0 Depois de quatro dias da colis\u00e3o que deixou tr\u00eas pessoas feridas no bairro Olhos D &#8216;agua, perto do Gin\u00e1sio de Esportes em Concei\u00e7\u00e3o do Coit\u00e9, uma das v\u00edtimas ainda se recupera e relatou sobre o condutor da outra motocicleta que supostamente fugiu do local.\u00a0 Relembre aqui. Em uma entrevista \u00e0 jornalista Rafaela Rodrigues, a v\u00edtima Aline G\u00f3is, de 25 anos, disse estar bem ap\u00f3s o acidente, mas precisou ficar de repouso.\u00a0 PUBLICIDADE\u00a0 \u201cGra\u00e7as a Deus, s\u00f3 tive ferimentos leves. Fiquei de repouso por conta do bra\u00e7o, pois n\u00e3o estava conseguindo movimentar. A mobilidade melhorou por conta dos medicamentos, mas, infelizmente, n\u00e3o voltei para o trabalho desde o ocorrido\u201d, explicou Aline.\u00a0 PUBLICIDADE\u00a0 Um v\u00eddeo gravado por populares mostra momentos ap\u00f3s o acidente: Ela comunicou que a motocicleta sofreu alguns danos e ficou triste com a atitude do indiv\u00edduo que aparentava ser um mototaxista de fugir da ocorr\u00eancia.\u00a0 \u201cMeu desejo \u00e9 que ele apare\u00e7a e se prontifique a pagar o concerto da moto. A atitude dele n\u00e3o foi diferente de muitos outros e acho que deveriam ter mais empatia\u201d, enfatiza. PUBLICIDADE\u00a0 \u00c9 importante salientar que a omiss\u00e3o de socorro no tr\u00e2nsito constitui crime. O C\u00f3digo de Tr\u00e2nsito Brasileiro (CTB) considera esse ato uma infra\u00e7\u00e3o grav\u00edssima.\u00a0 A omiss\u00e3o de socorro ocorre quando uma pessoa n\u00e3o presta assist\u00eancia a algu\u00e9m em perigo, mesmo que possa faz\u00ea-lo sem risco pessoal.\u00a0 PUBLICIDADE\u00a0 A pena para a omiss\u00e3o de socorro no tr\u00e2nsito pode ser: Deten\u00e7\u00e3o de 6 meses a 1 ano, Multa, Suspens\u00e3o da habilita\u00e7\u00e3o. Caso o envolvido no acidente seja localizado e queira se manifestar, o espa\u00e7o ficar\u00e1 aberto.\u00a0 Reda\u00e7\u00e3o.<\/p>\n","protected":false},"author":3,"featured_media":4024,"comment_status":"open","ping_status":"open","sticky":false,"template":"","format":"standard","meta":{"_joinchat":[],"footnotes":""},"categories":[58,55,59],"tags":[139,75,671,401],"class_list":["post-4022","post","type-post","status-publish","format-standard","has-post-thumbnail","hentry","category-acidentes","category-destaques","category-ultimas-noticias","tag-acidente","tag-coite","tag-ginasio-de-esportes","tag-vitima"],"yoast_head":"<!-- This site is optimized with the Yoast SEO plugin v24.4 - https:\/\/yoast.com\/wordpress\/plugins\/seo\/ -->\n<title>Coit\u00e9: V\u00edtima de acidente ocorrido pr\u00f3ximo ao Gin\u00e1sio tenta localizar motociclista que fugiu do local: &quot;Deveria ter empatia&quot; - Portal raizes noticias<\/title>\n<meta name=\"robots\" content=\"index, follow, max-snippet:-1, max-image-preview:large, max-video-preview:-1\" \/>\n<link rel=\"canonical\" href=\"https:\/\/portalraizesnoticias.com.br\/?p=4022\" \/>\n<meta property=\"og:locale\" content=\"pt_BR\" \/>\n<meta property=\"og:type\" content=\"article\" \/>\n<meta property=\"og:title\" content=\"Coit\u00e9: V\u00edtima de acidente ocorrido pr\u00f3ximo ao Gin\u00e1sio tenta localizar motociclista que fugiu do local: &quot;Deveria ter empatia&quot; - Portal raizes noticias\" \/>\n<meta property=\"og:description\" content=\"\u00a0 ATUALIZADA: CONFIRA A VERS\u00c3O DO MOTOTAXISTA\u00a0 \u00a0 Depois de quatro dias da colis\u00e3o que deixou tr\u00eas pessoas feridas no bairro Olhos D &#8216;agua, perto do Gin\u00e1sio de Esportes em Concei\u00e7\u00e3o do Coit\u00e9, uma das v\u00edtimas ainda se recupera e relatou sobre o condutor da outra motocicleta que supostamente fugiu do local.\u00a0 Relembre aqui. Em uma entrevista \u00e0 jornalista Rafaela Rodrigues, a v\u00edtima Aline G\u00f3is, de 25 anos, disse estar bem ap\u00f3s o acidente, mas precisou ficar de repouso.\u00a0 PUBLICIDADE\u00a0 \u201cGra\u00e7as a Deus, s\u00f3 tive ferimentos leves. Fiquei de repouso por conta do bra\u00e7o, pois n\u00e3o estava conseguindo movimentar. A mobilidade melhorou por conta dos medicamentos, mas, infelizmente, n\u00e3o voltei para o trabalho desde o ocorrido\u201d, explicou Aline.\u00a0 PUBLICIDADE\u00a0 Um v\u00eddeo gravado por populares mostra momentos ap\u00f3s o acidente: Ela comunicou que a motocicleta sofreu alguns danos e ficou triste com a atitude do indiv\u00edduo que aparentava ser um mototaxista de fugir da ocorr\u00eancia.\u00a0 \u201cMeu desejo \u00e9 que ele apare\u00e7a e se prontifique a pagar o concerto da moto. A atitude dele n\u00e3o foi diferente de muitos outros e acho que deveriam ter mais empatia\u201d, enfatiza. PUBLICIDADE\u00a0 \u00c9 importante salientar que a omiss\u00e3o de socorro no tr\u00e2nsito constitui crime. O C\u00f3digo de Tr\u00e2nsito Brasileiro (CTB) considera esse ato uma infra\u00e7\u00e3o grav\u00edssima.\u00a0 A omiss\u00e3o de socorro ocorre quando uma pessoa n\u00e3o presta assist\u00eancia a algu\u00e9m em perigo, mesmo que possa faz\u00ea-lo sem risco pessoal.\u00a0 PUBLICIDADE\u00a0 A pena para a omiss\u00e3o de socorro no tr\u00e2nsito pode ser: Deten\u00e7\u00e3o de 6 meses a 1 ano, Multa, Suspens\u00e3o da habilita\u00e7\u00e3o. Caso o envolvido no acidente seja localizado e queira se manifestar, o espa\u00e7o ficar\u00e1 aberto.\u00a0 Reda\u00e7\u00e3o.\" \/>\n<meta property=\"og:url\" content=\"https:\/\/portalraizesnoticias.com.br\/?p=4022\" \/>\n<meta property=\"og:site_name\" content=\"Portal raizes noticias\" \/>\n<meta property=\"article:published_time\" content=\"2025-01-14T22:39:45+00:00\" \/>\n<meta property=\"article:modified_time\" content=\"2025-01-15T00:27:11+00:00\" \/>\n<meta property=\"og:image\" content=\"https:\/\/portalraizesnoticias.com.br\/wp-content\/uploads\/2025\/01\/IMG-20250114-WA0702.jpg\" \/>\n\t<meta property=\"og:image:width\" content=\"930\" \/>\n\t<meta property=\"og:image:height\" content=\"961\" \/>\n\t<meta property=\"og:image:type\" content=\"image\/jpeg\" \/>\n<meta name=\"author\" content=\"Portal Raizes\" \/>\n<meta name=\"twitter:card\" content=\"summary_large_image\" \/>\n<meta name=\"twitter:label1\" content=\"Escrito por\" \/>\n\t<meta name=\"twitter:data1\" content=\"Portal Raizes\" \/>\n\t<meta name=\"twitter:label2\" content=\"Est. tempo de leitura\" \/>\n\t<meta name=\"twitter:data2\" content=\"3 minutos\" \/>\n<script type=\"application\/ld+json\" class=\"yoast-schema-graph\">{\"@context\":\"https:\/\/schema.org\",\"@graph\":[{\"@type\":\"Article\",\"@id\":\"https:\/\/portalraizesnoticias.com.br\/?p=4022#article\",\"isPartOf\":{\"@id\":\"https:\/\/portalraizesnoticias.com.br\/?p=4022\"},\"author\":{\"name\":\"Portal Raizes\",\"@id\":\"https:\/\/portalraizesnoticias.com.br\/#\/schema\/person\/a3ca6b0fc701e78df19756c417d943ae\"},\"headline\":\"Coit\u00e9: V\u00edtima de acidente ocorrido pr\u00f3ximo ao Gin\u00e1sio tenta localizar motociclista que fugiu do local: &#8220;Deveria ter empatia&#8221;\",\"datePublished\":\"2025-01-14T22:39:45+00:00\",\"dateModified\":\"2025-01-15T00:27:11+00:00\",\"mainEntityOfPage\":{\"@id\":\"https:\/\/portalraizesnoticias.com.br\/?p=4022\"},\"wordCount\":335,\"commentCount\":0,\"publisher\":{\"@id\":\"https:\/\/portalraizesnoticias.com.br\/#organization\"},\"image\":{\"@id\":\"https:\/\/portalraizesnoticias.com.br\/?p=4022#primaryimage\"},\"thumbnailUrl\":\"https:\/\/portalraizesnoticias.com.br\/wp-content\/uploads\/2025\/01\/IMG-20250114-WA0702.jpg\",\"keywords\":[\"Acidente\",\"Coit\u00e9\",\"Ginasio de esportes\",\"Vitima\"],\"articleSection\":[\"ACIDENTES\",\"DESTAQUES\",\"ULTIMAS NOTICIAS\"],\"inLanguage\":\"pt-BR\",\"potentialAction\":[{\"@type\":\"CommentAction\",\"name\":\"Comment\",\"target\":[\"https:\/\/portalraizesnoticias.com.br\/?p=4022#respond\"]}]},{\"@type\":\"WebPage\",\"@id\":\"https:\/\/portalraizesnoticias.com.br\/?p=4022\",\"url\":\"https:\/\/portalraizesnoticias.com.br\/?p=4022\",\"name\":\"Coit\u00e9: V\u00edtima de acidente ocorrido pr\u00f3ximo ao Gin\u00e1sio tenta localizar motociclista que fugiu do local: \\\"Deveria ter empatia\\\" - Portal raizes noticias\",\"isPartOf\":{\"@id\":\"https:\/\/portalraizesnoticias.com.br\/#website\"},\"primaryImageOfPage\":{\"@id\":\"https:\/\/portalraizesnoticias.com.br\/?p=4022#primaryimage\"},\"image\":{\"@id\":\"https:\/\/portalraizesnoticias.com.br\/?p=4022#primaryimage\"},\"thumbnailUrl\":\"https:\/\/portalraizesnoticias.com.br\/wp-content\/uploads\/2025\/01\/IMG-20250114-WA0702.jpg\",\"datePublished\":\"2025-01-14T22:39:45+00:00\",\"dateModified\":\"2025-01-15T00:27:11+00:00\",\"breadcrumb\":{\"@id\":\"https:\/\/portalraizesnoticias.com.br\/?p=4022#breadcrumb\"},\"inLanguage\":\"pt-BR\",\"potentialAction\":[{\"@type\":\"ReadAction\",\"target\":[\"https:\/\/portalraizesnoticias.com.br\/?p=4022\"]}]},{\"@type\":\"ImageObject\",\"inLanguage\":\"pt-BR\",\"@id\":\"https:\/\/portalraizesnoticias.com.br\/?p=4022#primaryimage\",\"url\":\"https:\/\/portalraizesnoticias.com.br\/wp-content\/uploads\/2025\/01\/IMG-20250114-WA0702.jpg\",\"contentUrl\":\"https:\/\/portalraizesnoticias.com.br\/wp-content\/uploads\/2025\/01\/IMG-20250114-WA0702.jpg\",\"width\":930,\"height\":961},{\"@type\":\"BreadcrumbList\",\"@id\":\"https:\/\/portalraizesnoticias.com.br\/?p=4022#breadcrumb\",\"itemListElement\":[{\"@type\":\"ListItem\",\"position\":1,\"name\":\"In\u00edcio\",\"item\":\"https:\/\/portalraizesnoticias.com.br\/\"},{\"@type\":\"ListItem\",\"position\":2,\"name\":\"Coit\u00e9: V\u00edtima de acidente ocorrido pr\u00f3ximo ao Gin\u00e1sio tenta localizar motociclista que fugiu do local: &#8220;Deveria ter empatia&#8221;\"}]},{\"@type\":\"WebSite\",\"@id\":\"https:\/\/portalraizesnoticias.com.br\/#website\",\"url\":\"https:\/\/portalraizesnoticias.com.br\/\",\"name\":\"Portal raizes NOTICIAS\",\"description\":\"site de noticias de concei\u00e7\u00e3o do coit\u00e9 e regi\u00e3o\",\"publisher\":{\"@id\":\"https:\/\/portalraizesnoticias.com.br\/#organization\"},\"alternateName\":\"PORTAL RAIZES COIT\u00c9\",\"potentialAction\":[{\"@type\":\"SearchAction\",\"target\":{\"@type\":\"EntryPoint\",\"urlTemplate\":\"https:\/\/portalraizesnoticias.com.br\/?s={search_term_string}\"},\"query-input\":{\"@type\":\"PropertyValueSpecification\",\"valueRequired\":true,\"valueName\":\"search_term_string\"}}],\"inLanguage\":\"pt-BR\"},{\"@type\":\"Organization\",\"@id\":\"https:\/\/portalraizesnoticias.com.br\/#organization\",\"name\":\"Portal raizes NOTICIAS\",\"url\":\"https:\/\/portalraizesnoticias.com.br\/\",\"logo\":{\"@type\":\"ImageObject\",\"inLanguage\":\"pt-BR\",\"@id\":\"https:\/\/portalraizesnoticias.com.br\/#\/schema\/logo\/image\/\",\"url\":\"https:\/\/portalraizesnoticias.com.br\/wp-content\/uploads\/2024\/09\/cropped-Captura-de-tela-2024-09-08-011108.png\",\"contentUrl\":\"https:\/\/portalraizesnoticias.com.br\/wp-content\/uploads\/2024\/09\/cropped-Captura-de-tela-2024-09-08-011108.png\",\"width\":606,\"height\":173,\"caption\":\"Portal raizes NOTICIAS\"},\"image\":{\"@id\":\"https:\/\/portalraizesnoticias.com.br\/#\/schema\/logo\/image\/\"}},{\"@type\":\"Person\",\"@id\":\"https:\/\/portalraizesnoticias.com.br\/#\/schema\/person\/a3ca6b0fc701e78df19756c417d943ae\",\"name\":\"Portal Raizes\",\"image\":{\"@type\":\"ImageObject\",\"inLanguage\":\"pt-BR\",\"@id\":\"https:\/\/portalraizesnoticias.com.br\/#\/schema\/person\/image\/\",\"url\":\"https:\/\/secure.gravatar.com\/avatar\/ef450d29013a3d3fba867a12a249d7b1?s=96&d=mm&r=g\",\"contentUrl\":\"https:\/\/secure.gravatar.com\/avatar\/ef450d29013a3d3fba867a12a249d7b1?s=96&d=mm&r=g\",\"caption\":\"Portal Raizes\"},\"url\":\"https:\/\/portalraizesnoticias.com.br\/?author=3\"}]}<\/script>\n<!-- \/ Yoast SEO plugin. -->","yoast_head_json":{"title":"Coit\u00e9: V\u00edtima de acidente ocorrido pr\u00f3ximo ao Gin\u00e1sio tenta localizar motociclista que fugiu do local: \"Deveria ter empatia\" - Portal raizes noticias","robots":{"index":"index","follow":"follow","max-snippet":"max-snippet:-1","max-image-preview":"max-image-preview:large","max-video-preview":"max-video-preview:-1"},"canonical":"https:\/\/portalraizesnoticias.com.br\/?p=4022","og_locale":"pt_BR","og_type":"article","og_title":"Coit\u00e9: V\u00edtima de acidente ocorrido pr\u00f3ximo ao Gin\u00e1sio tenta localizar motociclista que fugiu do local: \"Deveria ter empatia\" - Portal raizes noticias","og_description":"\u00a0 ATUALIZADA: CONFIRA A VERS\u00c3O DO MOTOTAXISTA\u00a0 \u00a0 Depois de quatro dias da colis\u00e3o que deixou tr\u00eas pessoas feridas no bairro Olhos D &#8216;agua, perto do Gin\u00e1sio de Esportes em Concei\u00e7\u00e3o do Coit\u00e9, uma das v\u00edtimas ainda se recupera e relatou sobre o condutor da outra motocicleta que supostamente fugiu do local.\u00a0 Relembre aqui. Em uma entrevista \u00e0 jornalista Rafaela Rodrigues, a v\u00edtima Aline G\u00f3is, de 25 anos, disse estar bem ap\u00f3s o acidente, mas precisou ficar de repouso.\u00a0 PUBLICIDADE\u00a0 \u201cGra\u00e7as a Deus, s\u00f3 tive ferimentos leves. Fiquei de repouso por conta do bra\u00e7o, pois n\u00e3o estava conseguindo movimentar. A mobilidade melhorou por conta dos medicamentos, mas, infelizmente, n\u00e3o voltei para o trabalho desde o ocorrido\u201d, explicou Aline.\u00a0 PUBLICIDADE\u00a0 Um v\u00eddeo gravado por populares mostra momentos ap\u00f3s o acidente: Ela comunicou que a motocicleta sofreu alguns danos e ficou triste com a atitude do indiv\u00edduo que aparentava ser um mototaxista de fugir da ocorr\u00eancia.\u00a0 \u201cMeu desejo \u00e9 que ele apare\u00e7a e se prontifique a pagar o concerto da moto. A atitude dele n\u00e3o foi diferente de muitos outros e acho que deveriam ter mais empatia\u201d, enfatiza. PUBLICIDADE\u00a0 \u00c9 importante salientar que a omiss\u00e3o de socorro no tr\u00e2nsito constitui crime. O C\u00f3digo de Tr\u00e2nsito Brasileiro (CTB) considera esse ato uma infra\u00e7\u00e3o grav\u00edssima.\u00a0 A omiss\u00e3o de socorro ocorre quando uma pessoa n\u00e3o presta assist\u00eancia a algu\u00e9m em perigo, mesmo que possa faz\u00ea-lo sem risco pessoal.\u00a0 PUBLICIDADE\u00a0 A pena para a omiss\u00e3o de socorro no tr\u00e2nsito pode ser: Deten\u00e7\u00e3o de 6 meses a 1 ano, Multa, Suspens\u00e3o da habilita\u00e7\u00e3o. Caso o envolvido no acidente seja localizado e queira se manifestar, o espa\u00e7o ficar\u00e1 aberto.\u00a0 Reda\u00e7\u00e3o.","og_url":"https:\/\/portalraizesnoticias.com.br\/?p=4022","og_site_name":"Portal raizes noticias","article_published_time":"2025-01-14T22:39:45+00:00","article_modified_time":"2025-01-15T00:27:11+00:00","og_image":[{"width":930,"height":961,"url":"https:\/\/portalraizesnoticias.com.br\/wp-content\/uploads\/2025\/01\/IMG-20250114-WA0702.jpg","type":"image\/jpeg"}],"author":"Portal Raizes","twitter_card":"summary_large_image","twitter_misc":{"Escrito por":"Portal Raizes","Est. tempo de leitura":"3 minutos"},"schema":{"@context":"https:\/\/schema.org","@graph":[{"@type":"Article","@id":"https:\/\/portalraizesnoticias.com.br\/?p=4022#article","isPartOf":{"@id":"https:\/\/portalraizesnoticias.com.br\/?p=4022"},"author":{"name":"Portal Raizes","@id":"https:\/\/portalraizesnoticias.com.br\/#\/schema\/person\/a3ca6b0fc701e78df19756c417d943ae"},"headline":"Coit\u00e9: V\u00edtima de acidente ocorrido pr\u00f3ximo ao Gin\u00e1sio tenta localizar motociclista que fugiu do local: &#8220;Deveria ter empatia&#8221;","datePublished":"2025-01-14T22:39:45+00:00","dateModified":"2025-01-15T00:27:11+00:00","mainEntityOfPage":{"@id":"https:\/\/portalraizesnoticias.com.br\/?p=4022"},"wordCount":335,"commentCount":0,"publisher":{"@id":"https:\/\/portalraizesnoticias.com.br\/#organization"},"image":{"@id":"https:\/\/portalraizesnoticias.com.br\/?p=4022#primaryimage"},"thumbnailUrl":"https:\/\/portalraizesnoticias.com.br\/wp-content\/uploads\/2025\/01\/IMG-20250114-WA0702.jpg","keywords":["Acidente","Coit\u00e9","Ginasio de esportes","Vitima"],"articleSection":["ACIDENTES","DESTAQUES","ULTIMAS NOTICIAS"],"inLanguage":"pt-BR","potentialAction":[{"@type":"CommentAction","name":"Comment","target":["https:\/\/portalraizesnoticias.com.br\/?p=4022#respond"]}]},{"@type":"WebPage","@id":"https:\/\/portalraizesnoticias.com.br\/?p=4022","url":"https:\/\/portalraizesnoticias.com.br\/?p=4022","name":"Coit\u00e9: V\u00edtima de acidente ocorrido pr\u00f3ximo ao Gin\u00e1sio tenta localizar motociclista que fugiu do local: \"Deveria ter empatia\" - Portal raizes noticias","isPartOf":{"@id":"https:\/\/portalraizesnoticias.com.br\/#website"},"primaryImageOfPage":{"@id":"https:\/\/portalraizesnoticias.com.br\/?p=4022#primaryimage"},"image":{"@id":"https:\/\/portalraizesnoticias.com.br\/?p=4022#primaryimage"},"thumbnailUrl":"https:\/\/portalraizesnoticias.com.br\/wp-content\/uploads\/2025\/01\/IMG-20250114-WA0702.jpg","datePublished":"2025-01-14T22:39:45+00:00","dateModified":"2025-01-15T00:27:11+00:00","breadcrumb":{"@id":"https:\/\/portalraizesnoticias.com.br\/?p=4022#breadcrumb"},"inLanguage":"pt-BR","potentialAction":[{"@type":"ReadAction","target":["https:\/\/portalraizesnoticias.com.br\/?p=4022"]}]},{"@type":"ImageObject","inLanguage":"pt-BR","@id":"https:\/\/portalraizesnoticias.com.br\/?p=4022#primaryimage","url":"https:\/\/portalraizesnoticias.com.br\/wp-content\/uploads\/2025\/01\/IMG-20250114-WA0702.jpg","contentUrl":"https:\/\/portalraizesnoticias.com.br\/wp-content\/uploads\/2025\/01\/IMG-20250114-WA0702.jpg","width":930,"height":961},{"@type":"BreadcrumbList","@id":"https:\/\/portalraizesnoticias.com.br\/?p=4022#breadcrumb","itemListElement":[{"@type":"ListItem","position":1,"name":"In\u00edcio","item":"https:\/\/portalraizesnoticias.com.br\/"},{"@type":"ListItem","position":2,"name":"Coit\u00e9: V\u00edtima de acidente ocorrido pr\u00f3ximo ao Gin\u00e1sio tenta localizar motociclista que fugiu do local: &#8220;Deveria ter empatia&#8221;"}]},{"@type":"WebSite","@id":"https:\/\/portalraizesnoticias.com.br\/#website","url":"https:\/\/portalraizesnoticias.com.br\/","name":"Portal raizes NOTICIAS","description":"site de noticias de concei\u00e7\u00e3o do coit\u00e9 e regi\u00e3o","publisher":{"@id":"https:\/\/portalraizesnoticias.com.br\/#organization"},"alternateName":"PORTAL RAIZES COIT\u00c9","potentialAction":[{"@type":"SearchAction","target":{"@type":"EntryPoint","urlTemplate":"https:\/\/portalraizesnoticias.com.br\/?s={search_term_string}"},"query-input":{"@type":"PropertyValueSpecification","valueRequired":true,"valueName":"search_term_string"}}],"inLanguage":"pt-BR"},{"@type":"Organization","@id":"https:\/\/portalraizesnoticias.com.br\/#organization","name":"Portal raizes NOTICIAS","url":"https:\/\/portalraizesnoticias.com.br\/","logo":{"@type":"ImageObject","inLanguage":"pt-BR","@id":"https:\/\/portalraizesnoticias.com.br\/#\/schema\/logo\/image\/","url":"https:\/\/portalraizesnoticias.com.br\/wp-content\/uploads\/2024\/09\/cropped-Captura-de-tela-2024-09-08-011108.png","contentUrl":"https:\/\/portalraizesnoticias.com.br\/wp-content\/uploads\/2024\/09\/cropped-Captura-de-tela-2024-09-08-011108.png","width":606,"height":173,"caption":"Portal raizes NOTICIAS"},"image":{"@id":"https:\/\/portalraizesnoticias.com.br\/#\/schema\/logo\/image\/"}},{"@type":"Person","@id":"https:\/\/portalraizesnoticias.com.br\/#\/schema\/person\/a3ca6b0fc701e78df19756c417d943ae","name":"Portal Raizes","image":{"@type":"ImageObject","inLanguage":"pt-BR","@id":"https:\/\/portalraizesnoticias.com.br\/#\/schema\/person\/image\/","url":"https:\/\/secure.gravatar.com\/avatar\/ef450d29013a3d3fba867a12a249d7b1?s=96&d=mm&r=g","contentUrl":"https:\/\/secure.gravatar.com\/avatar\/ef450d29013a3d3fba867a12a249d7b1?s=96&d=mm&r=g","caption":"Portal Raizes"},"url":"https:\/\/portalraizesnoticias.com.br\/?author=3"}]}},"_links":{"self":[{"href":"https:\/\/portalraizesnoticias.com.br\/index.php?rest_route=\/wp\/v2\/posts\/4022"}],"collection":[{"href":"https:\/\/portalraizesnoticias.com.br\/index.php?rest_route=\/wp\/v2\/posts"}],"about":[{"href":"https:\/\/portalraizesnoticias.com.br\/index.php?rest_route=\/wp\/v2\/types\/post"}],"author":[{"embeddable":true,"href":"https:\/\/portalraizesnoticias.com.br\/index.php?rest_route=\/wp\/v2\/users\/3"}],"replies":[{"embeddable":true,"href":"https:\/\/portalraizesnoticias.com.br\/index.php?rest_route=%2Fwp%2Fv2%2Fcomments&post=4022"}],"version-history":[{"count":5,"href":"https:\/\/portalraizesnoticias.com.br\/index.php?rest_route=\/wp\/v2\/posts\/4022\/revisions"}],"predecessor-version":[{"id":4035,"href":"https:\/\/portalraizesnoticias.com.br\/index.php?rest_route=\/wp\/v2\/posts\/4022\/revisions\/4035"}],"wp:featuredmedia":[{"embeddable":true,"href":"https:\/\/portalraizesnoticias.com.br\/index.php?rest_route=\/wp\/v2\/media\/4024"}],"wp:attachment":[{"href":"https:\/\/portalraizesnoticias.com.br\/index.php?rest_route=%2Fwp%2Fv2%2Fmedia&parent=4022"}],"wp:term":[{"taxonomy":"category","embeddable":true,"href":"https:\/\/portalraizesnoticias.com.br\/index.php?rest_route=%2Fwp%2Fv2%2Fcategories&post=4022"},{"taxonomy":"post_tag","embeddable":true,"href":"https:\/\/portalraizesnoticias.com.br\/index.php?rest_route=%2Fwp%2Fv2%2Ftags&post=4022"}],"curies":[{"name":"wp","href":"https:\/\/api.w.org\/{rel}","templated":true}]}}