{"id":4018,"date":"2025-01-14T18:23:14","date_gmt":"2025-01-14T21:23:14","guid":{"rendered":"https:\/\/portalraizesnoticias.com.br\/?p=4018"},"modified":"2025-01-14T18:23:14","modified_gmt":"2025-01-14T21:23:14","slug":"alex-da-piata-pode-ser-novo-presidente-da-alba-saiba-mais","status":"publish","type":"post","link":"https:\/\/portalraizesnoticias.com.br\/?p=4018","title":{"rendered":"Alex da Piat\u00e3 pode ser novo presidente da Alba. Saiba mais!"},"content":{"rendered":"<p>A elei\u00e7\u00e3o para presidente da Assembleia Legislativa da Bahia (Alba) pode ganhar novos cap\u00edtulos nos pr\u00f3ximos dias. De acordo com informa\u00e7\u00f5es apuradas pela reportagem do PSNot\u00edcias, uma articula\u00e7\u00e3o na base governista pode levar o presidente Adolfo Menezes (PSD) a desistir de tentar a reelei\u00e7\u00e3o.<\/p>\n<p>Embora a Alba j\u00e1 tenha aprovado e promulgado a Proposta de Emenda \u00e0 Constitui\u00e7\u00e3o (PEC) que permite a reelei\u00e7\u00e3o para a presid\u00eancia do Legislativo, o Supremo Tribunal Federal (STF) consolidou, em dezembro de 2022, o entendimento de que s\u00f3 cabe reelei\u00e7\u00e3o uma vez para o mesmo cargo na Mesa Diretora. Assim, eventual reelei\u00e7\u00e3o de Adolfo Menezes representar\u00e1 seu segundo mandato na mesma fun\u00e7\u00e3o. Se houver a recondu\u00e7\u00e3o, h\u00e1 a chance de o novo mandato ser interrompido por decis\u00e3o do Judici\u00e1rio, fato que abriria espa\u00e7o para o vice-presidente indicado na Mesa Diretora assumir o posto.<\/p>\n<p>Caso o cen\u00e1rio de desist\u00eancia de Adolfo Menezes se concretize, o PSD tem tr\u00eas nomes, mas somente dois com largo apoio entre os colegas parlamentares. Ivana Bastos, que j\u00e1 se colocou \u00e0 disposi\u00e7\u00e3o para disputar o cargo em duas ocasi\u00f5es, e os deputados Angelo Coronel Filho e Alex da Piat\u00e3.<\/p>\n<p>O nome de Piat\u00e3 \u00e9 uma nova pe\u00e7a no tabuleiro. Nas duas circunst\u00e2ncias em que Ivana tentou se candidatar, o projeto n\u00e3o teve ampla ades\u00e3o para pudesse ser sustentado no cen\u00e1rio pol\u00edtico do Legislativo.<\/p>\n<p>\u00a0<\/p>\n<p>Contra Angelo Coronel Filho, pesa o fato de que eventual ascens\u00e3o \u00e0 presid\u00eancia do Legislativo poderia fortalecer o seu pai, o senador Angelo Coronel (PSD), na briga por uma vaga na chapa majorit\u00e1ria em 2026. Atualmente, o congressista tem assistido a uma movimenta\u00e7\u00e3o que o retira da possibilidade de disputar a reelei\u00e7\u00e3o ao Senado Federal.<\/p>\n<p>Alex da Piat\u00e3, por sua vez, \u00e9 um nome bem visto pelo presidente do PSD, o senador Otto Alencar, e pela base aliada ao governador Jer\u00f4nimo Rodrigues.<\/p>\n<p>Possibilidades postas para a presid\u00eancia, resta aguardar os pr\u00f3ximos dias para saber o posicionamento do presidente Adolfo Menezes. Nesta ter\u00e7a-feira (14), inclusive, o chefe do Parlamento baiano est\u00e1 em Bras\u00edlia para a posse do publicit\u00e1rio Sid\u00f4nio Palmeira no cargo de ministro da Comunica\u00e7\u00e3o. Na bagagem, poder\u00e1 trazer da capital federal uma defini\u00e7\u00e3o para o seu dilema.<\/p>\n<p>\u00a0<\/p>\n<p>A elei\u00e7\u00e3o da Mesa Diretora da Alba est\u00e1 prevista para acontecer no pr\u00f3ximo dia 3 de fevereiro.<\/p>\n<p>Informa\u00e7\u00f5es extra\u00eddas do site Calila Noticias\u00a0<\/p>\n<p>Foto: Alba<\/p>\n<p>\u00a0<\/p>\n<p>\u00a0<\/p>\n<p>\u00a0<\/p>\n<p>\u00a0<\/p>\n\n\n<p><\/p>\n","protected":false},"excerpt":{"rendered":"<p>A elei\u00e7\u00e3o para presidente da Assembleia Legislativa da Bahia (Alba) pode ganhar novos cap\u00edtulos nos pr\u00f3ximos dias. De acordo com informa\u00e7\u00f5es apuradas pela reportagem do PSNot\u00edcias, uma articula\u00e7\u00e3o na base governista pode levar o presidente Adolfo Menezes (PSD) a desistir de tentar a reelei\u00e7\u00e3o. Embora a Alba j\u00e1 tenha aprovado e promulgado a Proposta de Emenda \u00e0 Constitui\u00e7\u00e3o (PEC) que permite a reelei\u00e7\u00e3o para a presid\u00eancia do Legislativo, o Supremo Tribunal Federal (STF) consolidou, em dezembro de 2022, o entendimento de que s\u00f3 cabe reelei\u00e7\u00e3o uma vez para o mesmo cargo na Mesa Diretora. Assim, eventual reelei\u00e7\u00e3o de Adolfo Menezes representar\u00e1 seu segundo mandato na mesma fun\u00e7\u00e3o. Se houver a recondu\u00e7\u00e3o, h\u00e1 a chance de o novo mandato ser interrompido por decis\u00e3o do Judici\u00e1rio, fato que abriria espa\u00e7o para o vice-presidente indicado na Mesa Diretora assumir o posto. Caso o cen\u00e1rio de desist\u00eancia de Adolfo Menezes se concretize, o PSD tem tr\u00eas nomes, mas somente dois com largo apoio entre os colegas parlamentares. Ivana Bastos, que j\u00e1 se colocou \u00e0 disposi\u00e7\u00e3o para disputar o cargo em duas ocasi\u00f5es, e os deputados Angelo Coronel Filho e Alex da Piat\u00e3. O nome de Piat\u00e3 \u00e9 uma nova pe\u00e7a no tabuleiro. Nas duas circunst\u00e2ncias em que Ivana tentou se candidatar, o projeto n\u00e3o teve ampla ades\u00e3o para pudesse ser sustentado no cen\u00e1rio pol\u00edtico do Legislativo. \u00a0 Contra Angelo Coronel Filho, pesa o fato de que eventual ascens\u00e3o \u00e0 presid\u00eancia do Legislativo poderia fortalecer o seu pai, o senador Angelo Coronel (PSD), na briga por uma vaga na chapa majorit\u00e1ria em 2026. Atualmente, o congressista tem assistido a uma movimenta\u00e7\u00e3o que o retira da possibilidade de disputar a reelei\u00e7\u00e3o ao Senado Federal. Alex da Piat\u00e3, por sua vez, \u00e9 um nome bem visto pelo presidente do PSD, o senador Otto Alencar, e pela base aliada ao governador Jer\u00f4nimo Rodrigues. Possibilidades postas para a presid\u00eancia, resta aguardar os pr\u00f3ximos dias para saber o posicionamento do presidente Adolfo Menezes. Nesta ter\u00e7a-feira (14), inclusive, o chefe do Parlamento baiano est\u00e1 em Bras\u00edlia para a posse do publicit\u00e1rio Sid\u00f4nio Palmeira no cargo de ministro da Comunica\u00e7\u00e3o. Na bagagem, poder\u00e1 trazer da capital federal uma defini\u00e7\u00e3o para o seu dilema. \u00a0 A elei\u00e7\u00e3o da Mesa Diretora da Alba est\u00e1 prevista para acontecer no pr\u00f3ximo dia 3 de fevereiro. Informa\u00e7\u00f5es extra\u00eddas do site Calila Noticias\u00a0 Foto: Alba \u00a0 \u00a0 \u00a0 \u00a0<\/p>\n","protected":false},"author":3,"featured_media":4019,"comment_status":"open","ping_status":"open","sticky":false,"template":"","format":"standard","meta":{"_joinchat":[],"footnotes":""},"categories":[55,53,59],"tags":[670,669],"class_list":["post-4018","post","type-post","status-publish","format-standard","has-post-thumbnail","hentry","category-destaques","category-politica","category-ultimas-noticias","tag-alba","tag-alex-piata"],"yoast_head":"<!-- This site is optimized with the Yoast SEO plugin v24.4 - https:\/\/yoast.com\/wordpress\/plugins\/seo\/ -->\n<title>Alex da Piat\u00e3 pode ser novo presidente da Alba. Saiba mais! - Portal raizes noticias<\/title>\n<meta name=\"robots\" content=\"index, follow, max-snippet:-1, max-image-preview:large, max-video-preview:-1\" \/>\n<link rel=\"canonical\" href=\"https:\/\/portalraizesnoticias.com.br\/?p=4018\" \/>\n<meta property=\"og:locale\" content=\"pt_BR\" \/>\n<meta property=\"og:type\" content=\"article\" \/>\n<meta property=\"og:title\" content=\"Alex da Piat\u00e3 pode ser novo presidente da Alba. Saiba mais! - Portal raizes noticias\" \/>\n<meta property=\"og:description\" content=\"A elei\u00e7\u00e3o para presidente da Assembleia Legislativa da Bahia (Alba) pode ganhar novos cap\u00edtulos nos pr\u00f3ximos dias. De acordo com informa\u00e7\u00f5es apuradas pela reportagem do PSNot\u00edcias, uma articula\u00e7\u00e3o na base governista pode levar o presidente Adolfo Menezes (PSD) a desistir de tentar a reelei\u00e7\u00e3o. Embora a Alba j\u00e1 tenha aprovado e promulgado a Proposta de Emenda \u00e0 Constitui\u00e7\u00e3o (PEC) que permite a reelei\u00e7\u00e3o para a presid\u00eancia do Legislativo, o Supremo Tribunal Federal (STF) consolidou, em dezembro de 2022, o entendimento de que s\u00f3 cabe reelei\u00e7\u00e3o uma vez para o mesmo cargo na Mesa Diretora. Assim, eventual reelei\u00e7\u00e3o de Adolfo Menezes representar\u00e1 seu segundo mandato na mesma fun\u00e7\u00e3o. Se houver a recondu\u00e7\u00e3o, h\u00e1 a chance de o novo mandato ser interrompido por decis\u00e3o do Judici\u00e1rio, fato que abriria espa\u00e7o para o vice-presidente indicado na Mesa Diretora assumir o posto. Caso o cen\u00e1rio de desist\u00eancia de Adolfo Menezes se concretize, o PSD tem tr\u00eas nomes, mas somente dois com largo apoio entre os colegas parlamentares. Ivana Bastos, que j\u00e1 se colocou \u00e0 disposi\u00e7\u00e3o para disputar o cargo em duas ocasi\u00f5es, e os deputados Angelo Coronel Filho e Alex da Piat\u00e3. O nome de Piat\u00e3 \u00e9 uma nova pe\u00e7a no tabuleiro. Nas duas circunst\u00e2ncias em que Ivana tentou se candidatar, o projeto n\u00e3o teve ampla ades\u00e3o para pudesse ser sustentado no cen\u00e1rio pol\u00edtico do Legislativo. \u00a0 Contra Angelo Coronel Filho, pesa o fato de que eventual ascens\u00e3o \u00e0 presid\u00eancia do Legislativo poderia fortalecer o seu pai, o senador Angelo Coronel (PSD), na briga por uma vaga na chapa majorit\u00e1ria em 2026. Atualmente, o congressista tem assistido a uma movimenta\u00e7\u00e3o que o retira da possibilidade de disputar a reelei\u00e7\u00e3o ao Senado Federal. Alex da Piat\u00e3, por sua vez, \u00e9 um nome bem visto pelo presidente do PSD, o senador Otto Alencar, e pela base aliada ao governador Jer\u00f4nimo Rodrigues. Possibilidades postas para a presid\u00eancia, resta aguardar os pr\u00f3ximos dias para saber o posicionamento do presidente Adolfo Menezes. Nesta ter\u00e7a-feira (14), inclusive, o chefe do Parlamento baiano est\u00e1 em Bras\u00edlia para a posse do publicit\u00e1rio Sid\u00f4nio Palmeira no cargo de ministro da Comunica\u00e7\u00e3o. Na bagagem, poder\u00e1 trazer da capital federal uma defini\u00e7\u00e3o para o seu dilema. \u00a0 A elei\u00e7\u00e3o da Mesa Diretora da Alba est\u00e1 prevista para acontecer no pr\u00f3ximo dia 3 de fevereiro. Informa\u00e7\u00f5es extra\u00eddas do site Calila Noticias\u00a0 Foto: Alba \u00a0 \u00a0 \u00a0 \u00a0\" \/>\n<meta property=\"og:url\" content=\"https:\/\/portalraizesnoticias.com.br\/?p=4018\" \/>\n<meta property=\"og:site_name\" content=\"Portal raizes noticias\" \/>\n<meta property=\"article:published_time\" content=\"2025-01-14T21:23:14+00:00\" \/>\n<meta property=\"og:image\" content=\"https:\/\/portalraizesnoticias.com.br\/wp-content\/uploads\/2025\/01\/cats-37.jpg\" \/>\n\t<meta property=\"og:image:width\" content=\"800\" \/>\n\t<meta property=\"og:image:height\" content=\"441\" \/>\n\t<meta property=\"og:image:type\" content=\"image\/jpeg\" \/>\n<meta name=\"author\" content=\"Portal Raizes\" \/>\n<meta name=\"twitter:card\" content=\"summary_large_image\" \/>\n<meta name=\"twitter:label1\" content=\"Escrito por\" \/>\n\t<meta name=\"twitter:data1\" content=\"Portal Raizes\" \/>\n\t<meta name=\"twitter:label2\" content=\"Est. tempo de leitura\" \/>\n\t<meta name=\"twitter:data2\" content=\"3 minutos\" \/>\n<script type=\"application\/ld+json\" class=\"yoast-schema-graph\">{\"@context\":\"https:\/\/schema.org\",\"@graph\":[{\"@type\":\"Article\",\"@id\":\"https:\/\/portalraizesnoticias.com.br\/?p=4018#article\",\"isPartOf\":{\"@id\":\"https:\/\/portalraizesnoticias.com.br\/?p=4018\"},\"author\":{\"name\":\"Portal Raizes\",\"@id\":\"https:\/\/portalraizesnoticias.com.br\/#\/schema\/person\/a3ca6b0fc701e78df19756c417d943ae\"},\"headline\":\"Alex da Piat\u00e3 pode ser novo presidente da Alba. Saiba mais!\",\"datePublished\":\"2025-01-14T21:23:14+00:00\",\"mainEntityOfPage\":{\"@id\":\"https:\/\/portalraizesnoticias.com.br\/?p=4018\"},\"wordCount\":433,\"commentCount\":0,\"publisher\":{\"@id\":\"https:\/\/portalraizesnoticias.com.br\/#organization\"},\"image\":{\"@id\":\"https:\/\/portalraizesnoticias.com.br\/?p=4018#primaryimage\"},\"thumbnailUrl\":\"https:\/\/portalraizesnoticias.com.br\/wp-content\/uploads\/2025\/01\/cats-37.jpg\",\"keywords\":[\"Alba\",\"Alex piat\u00e3\"],\"articleSection\":[\"DESTAQUES\",\"POLITICA\",\"ULTIMAS NOTICIAS\"],\"inLanguage\":\"pt-BR\",\"potentialAction\":[{\"@type\":\"CommentAction\",\"name\":\"Comment\",\"target\":[\"https:\/\/portalraizesnoticias.com.br\/?p=4018#respond\"]}]},{\"@type\":\"WebPage\",\"@id\":\"https:\/\/portalraizesnoticias.com.br\/?p=4018\",\"url\":\"https:\/\/portalraizesnoticias.com.br\/?p=4018\",\"name\":\"Alex da Piat\u00e3 pode ser novo presidente da Alba. Saiba mais! - Portal raizes noticias\",\"isPartOf\":{\"@id\":\"https:\/\/portalraizesnoticias.com.br\/#website\"},\"primaryImageOfPage\":{\"@id\":\"https:\/\/portalraizesnoticias.com.br\/?p=4018#primaryimage\"},\"image\":{\"@id\":\"https:\/\/portalraizesnoticias.com.br\/?p=4018#primaryimage\"},\"thumbnailUrl\":\"https:\/\/portalraizesnoticias.com.br\/wp-content\/uploads\/2025\/01\/cats-37.jpg\",\"datePublished\":\"2025-01-14T21:23:14+00:00\",\"breadcrumb\":{\"@id\":\"https:\/\/portalraizesnoticias.com.br\/?p=4018#breadcrumb\"},\"inLanguage\":\"pt-BR\",\"potentialAction\":[{\"@type\":\"ReadAction\",\"target\":[\"https:\/\/portalraizesnoticias.com.br\/?p=4018\"]}]},{\"@type\":\"ImageObject\",\"inLanguage\":\"pt-BR\",\"@id\":\"https:\/\/portalraizesnoticias.com.br\/?p=4018#primaryimage\",\"url\":\"https:\/\/portalraizesnoticias.com.br\/wp-content\/uploads\/2025\/01\/cats-37.jpg\",\"contentUrl\":\"https:\/\/portalraizesnoticias.com.br\/wp-content\/uploads\/2025\/01\/cats-37.jpg\",\"width\":800,\"height\":441},{\"@type\":\"BreadcrumbList\",\"@id\":\"https:\/\/portalraizesnoticias.com.br\/?p=4018#breadcrumb\",\"itemListElement\":[{\"@type\":\"ListItem\",\"position\":1,\"name\":\"In\u00edcio\",\"item\":\"https:\/\/portalraizesnoticias.com.br\/\"},{\"@type\":\"ListItem\",\"position\":2,\"name\":\"Alex da Piat\u00e3 pode ser novo presidente da Alba. Saiba mais!\"}]},{\"@type\":\"WebSite\",\"@id\":\"https:\/\/portalraizesnoticias.com.br\/#website\",\"url\":\"https:\/\/portalraizesnoticias.com.br\/\",\"name\":\"Portal raizes NOTICIAS\",\"description\":\"site de noticias de concei\u00e7\u00e3o do coit\u00e9 e regi\u00e3o\",\"publisher\":{\"@id\":\"https:\/\/portalraizesnoticias.com.br\/#organization\"},\"alternateName\":\"PORTAL RAIZES COIT\u00c9\",\"potentialAction\":[{\"@type\":\"SearchAction\",\"target\":{\"@type\":\"EntryPoint\",\"urlTemplate\":\"https:\/\/portalraizesnoticias.com.br\/?s={search_term_string}\"},\"query-input\":{\"@type\":\"PropertyValueSpecification\",\"valueRequired\":true,\"valueName\":\"search_term_string\"}}],\"inLanguage\":\"pt-BR\"},{\"@type\":\"Organization\",\"@id\":\"https:\/\/portalraizesnoticias.com.br\/#organization\",\"name\":\"Portal raizes NOTICIAS\",\"url\":\"https:\/\/portalraizesnoticias.com.br\/\",\"logo\":{\"@type\":\"ImageObject\",\"inLanguage\":\"pt-BR\",\"@id\":\"https:\/\/portalraizesnoticias.com.br\/#\/schema\/logo\/image\/\",\"url\":\"https:\/\/portalraizesnoticias.com.br\/wp-content\/uploads\/2024\/09\/cropped-Captura-de-tela-2024-09-08-011108.png\",\"contentUrl\":\"https:\/\/portalraizesnoticias.com.br\/wp-content\/uploads\/2024\/09\/cropped-Captura-de-tela-2024-09-08-011108.png\",\"width\":606,\"height\":173,\"caption\":\"Portal raizes NOTICIAS\"},\"image\":{\"@id\":\"https:\/\/portalraizesnoticias.com.br\/#\/schema\/logo\/image\/\"}},{\"@type\":\"Person\",\"@id\":\"https:\/\/portalraizesnoticias.com.br\/#\/schema\/person\/a3ca6b0fc701e78df19756c417d943ae\",\"name\":\"Portal Raizes\",\"image\":{\"@type\":\"ImageObject\",\"inLanguage\":\"pt-BR\",\"@id\":\"https:\/\/portalraizesnoticias.com.br\/#\/schema\/person\/image\/\",\"url\":\"https:\/\/secure.gravatar.com\/avatar\/ef450d29013a3d3fba867a12a249d7b1?s=96&d=mm&r=g\",\"contentUrl\":\"https:\/\/secure.gravatar.com\/avatar\/ef450d29013a3d3fba867a12a249d7b1?s=96&d=mm&r=g\",\"caption\":\"Portal Raizes\"},\"url\":\"https:\/\/portalraizesnoticias.com.br\/?author=3\"}]}<\/script>\n<!-- \/ Yoast SEO plugin. -->","yoast_head_json":{"title":"Alex da Piat\u00e3 pode ser novo presidente da Alba. Saiba mais! - Portal raizes noticias","robots":{"index":"index","follow":"follow","max-snippet":"max-snippet:-1","max-image-preview":"max-image-preview:large","max-video-preview":"max-video-preview:-1"},"canonical":"https:\/\/portalraizesnoticias.com.br\/?p=4018","og_locale":"pt_BR","og_type":"article","og_title":"Alex da Piat\u00e3 pode ser novo presidente da Alba. Saiba mais! - Portal raizes noticias","og_description":"A elei\u00e7\u00e3o para presidente da Assembleia Legislativa da Bahia (Alba) pode ganhar novos cap\u00edtulos nos pr\u00f3ximos dias. De acordo com informa\u00e7\u00f5es apuradas pela reportagem do PSNot\u00edcias, uma articula\u00e7\u00e3o na base governista pode levar o presidente Adolfo Menezes (PSD) a desistir de tentar a reelei\u00e7\u00e3o. Embora a Alba j\u00e1 tenha aprovado e promulgado a Proposta de Emenda \u00e0 Constitui\u00e7\u00e3o (PEC) que permite a reelei\u00e7\u00e3o para a presid\u00eancia do Legislativo, o Supremo Tribunal Federal (STF) consolidou, em dezembro de 2022, o entendimento de que s\u00f3 cabe reelei\u00e7\u00e3o uma vez para o mesmo cargo na Mesa Diretora. Assim, eventual reelei\u00e7\u00e3o de Adolfo Menezes representar\u00e1 seu segundo mandato na mesma fun\u00e7\u00e3o. Se houver a recondu\u00e7\u00e3o, h\u00e1 a chance de o novo mandato ser interrompido por decis\u00e3o do Judici\u00e1rio, fato que abriria espa\u00e7o para o vice-presidente indicado na Mesa Diretora assumir o posto. Caso o cen\u00e1rio de desist\u00eancia de Adolfo Menezes se concretize, o PSD tem tr\u00eas nomes, mas somente dois com largo apoio entre os colegas parlamentares. Ivana Bastos, que j\u00e1 se colocou \u00e0 disposi\u00e7\u00e3o para disputar o cargo em duas ocasi\u00f5es, e os deputados Angelo Coronel Filho e Alex da Piat\u00e3. O nome de Piat\u00e3 \u00e9 uma nova pe\u00e7a no tabuleiro. Nas duas circunst\u00e2ncias em que Ivana tentou se candidatar, o projeto n\u00e3o teve ampla ades\u00e3o para pudesse ser sustentado no cen\u00e1rio pol\u00edtico do Legislativo. \u00a0 Contra Angelo Coronel Filho, pesa o fato de que eventual ascens\u00e3o \u00e0 presid\u00eancia do Legislativo poderia fortalecer o seu pai, o senador Angelo Coronel (PSD), na briga por uma vaga na chapa majorit\u00e1ria em 2026. Atualmente, o congressista tem assistido a uma movimenta\u00e7\u00e3o que o retira da possibilidade de disputar a reelei\u00e7\u00e3o ao Senado Federal. Alex da Piat\u00e3, por sua vez, \u00e9 um nome bem visto pelo presidente do PSD, o senador Otto Alencar, e pela base aliada ao governador Jer\u00f4nimo Rodrigues. Possibilidades postas para a presid\u00eancia, resta aguardar os pr\u00f3ximos dias para saber o posicionamento do presidente Adolfo Menezes. Nesta ter\u00e7a-feira (14), inclusive, o chefe do Parlamento baiano est\u00e1 em Bras\u00edlia para a posse do publicit\u00e1rio Sid\u00f4nio Palmeira no cargo de ministro da Comunica\u00e7\u00e3o. Na bagagem, poder\u00e1 trazer da capital federal uma defini\u00e7\u00e3o para o seu dilema. \u00a0 A elei\u00e7\u00e3o da Mesa Diretora da Alba est\u00e1 prevista para acontecer no pr\u00f3ximo dia 3 de fevereiro. Informa\u00e7\u00f5es extra\u00eddas do site Calila Noticias\u00a0 Foto: Alba \u00a0 \u00a0 \u00a0 \u00a0","og_url":"https:\/\/portalraizesnoticias.com.br\/?p=4018","og_site_name":"Portal raizes noticias","article_published_time":"2025-01-14T21:23:14+00:00","og_image":[{"width":800,"height":441,"url":"https:\/\/portalraizesnoticias.com.br\/wp-content\/uploads\/2025\/01\/cats-37.jpg","type":"image\/jpeg"}],"author":"Portal Raizes","twitter_card":"summary_large_image","twitter_misc":{"Escrito por":"Portal Raizes","Est. tempo de leitura":"3 minutos"},"schema":{"@context":"https:\/\/schema.org","@graph":[{"@type":"Article","@id":"https:\/\/portalraizesnoticias.com.br\/?p=4018#article","isPartOf":{"@id":"https:\/\/portalraizesnoticias.com.br\/?p=4018"},"author":{"name":"Portal Raizes","@id":"https:\/\/portalraizesnoticias.com.br\/#\/schema\/person\/a3ca6b0fc701e78df19756c417d943ae"},"headline":"Alex da Piat\u00e3 pode ser novo presidente da Alba. Saiba mais!","datePublished":"2025-01-14T21:23:14+00:00","mainEntityOfPage":{"@id":"https:\/\/portalraizesnoticias.com.br\/?p=4018"},"wordCount":433,"commentCount":0,"publisher":{"@id":"https:\/\/portalraizesnoticias.com.br\/#organization"},"image":{"@id":"https:\/\/portalraizesnoticias.com.br\/?p=4018#primaryimage"},"thumbnailUrl":"https:\/\/portalraizesnoticias.com.br\/wp-content\/uploads\/2025\/01\/cats-37.jpg","keywords":["Alba","Alex piat\u00e3"],"articleSection":["DESTAQUES","POLITICA","ULTIMAS NOTICIAS"],"inLanguage":"pt-BR","potentialAction":[{"@type":"CommentAction","name":"Comment","target":["https:\/\/portalraizesnoticias.com.br\/?p=4018#respond"]}]},{"@type":"WebPage","@id":"https:\/\/portalraizesnoticias.com.br\/?p=4018","url":"https:\/\/portalraizesnoticias.com.br\/?p=4018","name":"Alex da Piat\u00e3 pode ser novo presidente da Alba. Saiba mais! - Portal raizes noticias","isPartOf":{"@id":"https:\/\/portalraizesnoticias.com.br\/#website"},"primaryImageOfPage":{"@id":"https:\/\/portalraizesnoticias.com.br\/?p=4018#primaryimage"},"image":{"@id":"https:\/\/portalraizesnoticias.com.br\/?p=4018#primaryimage"},"thumbnailUrl":"https:\/\/portalraizesnoticias.com.br\/wp-content\/uploads\/2025\/01\/cats-37.jpg","datePublished":"2025-01-14T21:23:14+00:00","breadcrumb":{"@id":"https:\/\/portalraizesnoticias.com.br\/?p=4018#breadcrumb"},"inLanguage":"pt-BR","potentialAction":[{"@type":"ReadAction","target":["https:\/\/portalraizesnoticias.com.br\/?p=4018"]}]},{"@type":"ImageObject","inLanguage":"pt-BR","@id":"https:\/\/portalraizesnoticias.com.br\/?p=4018#primaryimage","url":"https:\/\/portalraizesnoticias.com.br\/wp-content\/uploads\/2025\/01\/cats-37.jpg","contentUrl":"https:\/\/portalraizesnoticias.com.br\/wp-content\/uploads\/2025\/01\/cats-37.jpg","width":800,"height":441},{"@type":"BreadcrumbList","@id":"https:\/\/portalraizesnoticias.com.br\/?p=4018#breadcrumb","itemListElement":[{"@type":"ListItem","position":1,"name":"In\u00edcio","item":"https:\/\/portalraizesnoticias.com.br\/"},{"@type":"ListItem","position":2,"name":"Alex da Piat\u00e3 pode ser novo presidente da Alba. Saiba mais!"}]},{"@type":"WebSite","@id":"https:\/\/portalraizesnoticias.com.br\/#website","url":"https:\/\/portalraizesnoticias.com.br\/","name":"Portal raizes NOTICIAS","description":"site de noticias de concei\u00e7\u00e3o do coit\u00e9 e regi\u00e3o","publisher":{"@id":"https:\/\/portalraizesnoticias.com.br\/#organization"},"alternateName":"PORTAL RAIZES COIT\u00c9","potentialAction":[{"@type":"SearchAction","target":{"@type":"EntryPoint","urlTemplate":"https:\/\/portalraizesnoticias.com.br\/?s={search_term_string}"},"query-input":{"@type":"PropertyValueSpecification","valueRequired":true,"valueName":"search_term_string"}}],"inLanguage":"pt-BR"},{"@type":"Organization","@id":"https:\/\/portalraizesnoticias.com.br\/#organization","name":"Portal raizes NOTICIAS","url":"https:\/\/portalraizesnoticias.com.br\/","logo":{"@type":"ImageObject","inLanguage":"pt-BR","@id":"https:\/\/portalraizesnoticias.com.br\/#\/schema\/logo\/image\/","url":"https:\/\/portalraizesnoticias.com.br\/wp-content\/uploads\/2024\/09\/cropped-Captura-de-tela-2024-09-08-011108.png","contentUrl":"https:\/\/portalraizesnoticias.com.br\/wp-content\/uploads\/2024\/09\/cropped-Captura-de-tela-2024-09-08-011108.png","width":606,"height":173,"caption":"Portal raizes NOTICIAS"},"image":{"@id":"https:\/\/portalraizesnoticias.com.br\/#\/schema\/logo\/image\/"}},{"@type":"Person","@id":"https:\/\/portalraizesnoticias.com.br\/#\/schema\/person\/a3ca6b0fc701e78df19756c417d943ae","name":"Portal Raizes","image":{"@type":"ImageObject","inLanguage":"pt-BR","@id":"https:\/\/portalraizesnoticias.com.br\/#\/schema\/person\/image\/","url":"https:\/\/secure.gravatar.com\/avatar\/ef450d29013a3d3fba867a12a249d7b1?s=96&d=mm&r=g","contentUrl":"https:\/\/secure.gravatar.com\/avatar\/ef450d29013a3d3fba867a12a249d7b1?s=96&d=mm&r=g","caption":"Portal Raizes"},"url":"https:\/\/portalraizesnoticias.com.br\/?author=3"}]}},"_links":{"self":[{"href":"https:\/\/portalraizesnoticias.com.br\/index.php?rest_route=\/wp\/v2\/posts\/4018"}],"collection":[{"href":"https:\/\/portalraizesnoticias.com.br\/index.php?rest_route=\/wp\/v2\/posts"}],"about":[{"href":"https:\/\/portalraizesnoticias.com.br\/index.php?rest_route=\/wp\/v2\/types\/post"}],"author":[{"embeddable":true,"href":"https:\/\/portalraizesnoticias.com.br\/index.php?rest_route=\/wp\/v2\/users\/3"}],"replies":[{"embeddable":true,"href":"https:\/\/portalraizesnoticias.com.br\/index.php?rest_route=%2Fwp%2Fv2%2Fcomments&post=4018"}],"version-history":[{"count":1,"href":"https:\/\/portalraizesnoticias.com.br\/index.php?rest_route=\/wp\/v2\/posts\/4018\/revisions"}],"predecessor-version":[{"id":4020,"href":"https:\/\/portalraizesnoticias.com.br\/index.php?rest_route=\/wp\/v2\/posts\/4018\/revisions\/4020"}],"wp:featuredmedia":[{"embeddable":true,"href":"https:\/\/portalraizesnoticias.com.br\/index.php?rest_route=\/wp\/v2\/media\/4019"}],"wp:attachment":[{"href":"https:\/\/portalraizesnoticias.com.br\/index.php?rest_route=%2Fwp%2Fv2%2Fmedia&parent=4018"}],"wp:term":[{"taxonomy":"category","embeddable":true,"href":"https:\/\/portalraizesnoticias.com.br\/index.php?rest_route=%2Fwp%2Fv2%2Fcategories&post=4018"},{"taxonomy":"post_tag","embeddable":true,"href":"https:\/\/portalraizesnoticias.com.br\/index.php?rest_route=%2Fwp%2Fv2%2Ftags&post=4018"}],"curies":[{"name":"wp","href":"https:\/\/api.w.org\/{rel}","templated":true}]}}