{"id":3967,"date":"2025-01-12T09:07:27","date_gmt":"2025-01-12T12:07:27","guid":{"rendered":"https:\/\/portalraizesnoticias.com.br\/?p=3967"},"modified":"2025-01-12T11:32:47","modified_gmt":"2025-01-12T14:32:47","slug":"homem-e-agredido-apos-ser-acusado-de-furtar-celular-no-bairro-da-pampulha-em-conceicao-do-coite","status":"publish","type":"post","link":"https:\/\/portalraizesnoticias.com.br\/?p=3967","title":{"rendered":"Homem \u00e9 agredido ap\u00f3s ser acusado de furtar celular no bairro da Pampulha em Concei\u00e7\u00e3o do Coit\u00e9"},"content":{"rendered":"<p>A Pol\u00edcia Militar foi acionada por volta das 21h28 deste s\u00e1bado (11), para comparecer ao bairro da Pampulha, em Concei\u00e7\u00e3o do Coit\u00e9.<\/p>\n<p><img fetchpriority=\"high\" decoding=\"async\" class=\"size-medium wp-image-3169 aligncenter\" src=\"https:\/\/portalraizesnoticias.com.br\/wp-content\/uploads\/2024\/12\/01-300x179.png\" alt=\"\" width=\"300\" height=\"179\" srcset=\"https:\/\/portalraizesnoticias.com.br\/wp-content\/uploads\/2024\/12\/01-300x179.png 300w, https:\/\/portalraizesnoticias.com.br\/wp-content\/uploads\/2024\/12\/01-1024x611.png 1024w, https:\/\/portalraizesnoticias.com.br\/wp-content\/uploads\/2024\/12\/01-768x458.png 768w, https:\/\/portalraizesnoticias.com.br\/wp-content\/uploads\/2024\/12\/01-1536x917.png 1536w, https:\/\/portalraizesnoticias.com.br\/wp-content\/uploads\/2024\/12\/01-2048x1222.png 2048w\" sizes=\"(max-width: 300px) 100vw, 300px\" \/><\/p>\n<p style=\"text-align: center;\"><a href=\"https:\/\/linktr.ee\/ctsisaleiro?fbclid=PAY2xjawHwj41leHRuA2FlbQIxMQABpvjgUWwESMkagXy5SQCYhNpbLJAUj7SdwGORfyz89jPAWOlpWQ9rKp-BdQ_aem_sDqgmocY5MHGycOipEychA\"><strong>PUBLICIDADE<\/strong><\/a><\/p>\n<p>De acordo com o registro da ocorr\u00eancia, um homem foi agredido ap\u00f3s ser acusado moradores de furtar um telefone celular.<\/p>\n<p><img decoding=\"async\" class=\"size-medium wp-image-1968 aligncenter\" src=\"https:\/\/portalraizesnoticias.com.br\/wp-content\/uploads\/2024\/11\/Imagem-do-WhatsApp-de-2024-11-01-as-13.17.23_592d9bdd-300x142.jpg\" alt=\"\" width=\"300\" height=\"142\" srcset=\"https:\/\/portalraizesnoticias.com.br\/wp-content\/uploads\/2024\/11\/Imagem-do-WhatsApp-de-2024-11-01-as-13.17.23_592d9bdd-300x142.jpg 300w, https:\/\/portalraizesnoticias.com.br\/wp-content\/uploads\/2024\/11\/Imagem-do-WhatsApp-de-2024-11-01-as-13.17.23_592d9bdd.jpg 722w\" sizes=\"(max-width: 300px) 100vw, 300px\" \/><\/p>\n<p style=\"text-align: center;\"><strong>PUBLICIDADE<\/strong><\/p>\n<p>A v\u00edtima informou \u00e0 Pol\u00edcia Militar que o suspeito continuava na frente da resid\u00eancia ap\u00f3s as agress\u00f5es, mas ningu\u00e9m foi localizado.<\/p>\n<p><img decoding=\"async\" class=\"size-medium wp-image-2320 aligncenter\" src=\"https:\/\/portalraizesnoticias.com.br\/wp-content\/uploads\/2024\/11\/1732216879983-d784d47a-39b1-443f-82e8-60565a1d94d1_1-e1732217067640-300x259.jpg\" alt=\"\" width=\"300\" height=\"259\" srcset=\"https:\/\/portalraizesnoticias.com.br\/wp-content\/uploads\/2024\/11\/1732216879983-d784d47a-39b1-443f-82e8-60565a1d94d1_1-e1732217067640-300x259.jpg 300w, https:\/\/portalraizesnoticias.com.br\/wp-content\/uploads\/2024\/11\/1732216879983-d784d47a-39b1-443f-82e8-60565a1d94d1_1-e1732217067640-768x664.jpg 768w, https:\/\/portalraizesnoticias.com.br\/wp-content\/uploads\/2024\/11\/1732216879983-d784d47a-39b1-443f-82e8-60565a1d94d1_1-e1732217067640.jpg 839w\" sizes=\"(max-width: 300px) 100vw, 300px\" \/><\/p>\n<p style=\"text-align: center;\"><strong>PUBLICIDADE<\/strong><\/p>\n<p>\u201cOs socorristas do \u00c1guia Resgate foram acionados para prestar socorro ao rapaz, mas o mesmo se negou a receber atendimento no local e no hospital. Al\u00e9m disso, falou que n\u00e3o iria prestar queixa contra os agressores\u201d, informa o boletim.<\/p>\n<p>Reda\u00e7\u00e3o<\/p>\n","protected":false},"excerpt":{"rendered":"<p>A Pol\u00edcia Militar foi acionada por volta das 21h28 deste s\u00e1bado (11), para comparecer ao bairro da Pampulha, em Concei\u00e7\u00e3o do Coit\u00e9. PUBLICIDADE De acordo com o registro da ocorr\u00eancia, um homem foi agredido ap\u00f3s ser acusado moradores de furtar um telefone celular. PUBLICIDADE A v\u00edtima informou \u00e0 Pol\u00edcia Militar que o suspeito continuava na frente da resid\u00eancia ap\u00f3s as agress\u00f5es, mas ningu\u00e9m foi localizado. PUBLICIDADE \u201cOs socorristas do \u00c1guia Resgate foram acionados para prestar socorro ao rapaz, mas o mesmo se negou a receber atendimento no local e no hospital. Al\u00e9m disso, falou que n\u00e3o iria prestar queixa contra os agressores\u201d, informa o boletim. Reda\u00e7\u00e3o<\/p>\n","protected":false},"author":3,"featured_media":3971,"comment_status":"open","ping_status":"open","sticky":false,"template":"","format":"standard","meta":{"_joinchat":[],"footnotes":""},"categories":[55,67,59],"tags":[654,655,142],"class_list":["post-3967","post","type-post","status-publish","format-standard","has-post-thumbnail","hentry","category-destaques","category-policia","category-ultimas-noticias","tag-agredido","tag-bairro-da-pampulha","tag-homem"],"yoast_head":"<!-- This site is optimized with the Yoast SEO plugin v24.4 - https:\/\/yoast.com\/wordpress\/plugins\/seo\/ -->\n<title>Homem \u00e9 agredido ap\u00f3s ser acusado de furtar celular no bairro da Pampulha em Concei\u00e7\u00e3o do Coit\u00e9 - Portal raizes noticias<\/title>\n<meta name=\"robots\" content=\"index, follow, max-snippet:-1, max-image-preview:large, max-video-preview:-1\" \/>\n<link rel=\"canonical\" href=\"https:\/\/portalraizesnoticias.com.br\/?p=3967\" \/>\n<meta property=\"og:locale\" content=\"pt_BR\" \/>\n<meta property=\"og:type\" content=\"article\" \/>\n<meta property=\"og:title\" content=\"Homem \u00e9 agredido ap\u00f3s ser acusado de furtar celular no bairro da Pampulha em Concei\u00e7\u00e3o do Coit\u00e9 - Portal raizes noticias\" \/>\n<meta property=\"og:description\" content=\"A Pol\u00edcia Militar foi acionada por volta das 21h28 deste s\u00e1bado (11), para comparecer ao bairro da Pampulha, em Concei\u00e7\u00e3o do Coit\u00e9. PUBLICIDADE De acordo com o registro da ocorr\u00eancia, um homem foi agredido ap\u00f3s ser acusado moradores de furtar um telefone celular. PUBLICIDADE A v\u00edtima informou \u00e0 Pol\u00edcia Militar que o suspeito continuava na frente da resid\u00eancia ap\u00f3s as agress\u00f5es, mas ningu\u00e9m foi localizado. PUBLICIDADE \u201cOs socorristas do \u00c1guia Resgate foram acionados para prestar socorro ao rapaz, mas o mesmo se negou a receber atendimento no local e no hospital. Al\u00e9m disso, falou que n\u00e3o iria prestar queixa contra os agressores\u201d, informa o boletim. Reda\u00e7\u00e3o\" \/>\n<meta property=\"og:url\" content=\"https:\/\/portalraizesnoticias.com.br\/?p=3967\" \/>\n<meta property=\"og:site_name\" content=\"Portal raizes noticias\" \/>\n<meta property=\"article:published_time\" content=\"2025-01-12T12:07:27+00:00\" \/>\n<meta property=\"article:modified_time\" content=\"2025-01-12T14:32:47+00:00\" \/>\n<meta property=\"og:image\" content=\"https:\/\/portalraizesnoticias.com.br\/wp-content\/uploads\/2025\/01\/IMG-20250112-WA0241.jpg\" \/>\n\t<meta property=\"og:image:width\" content=\"1200\" \/>\n\t<meta property=\"og:image:height\" content=\"786\" \/>\n\t<meta property=\"og:image:type\" content=\"image\/jpeg\" \/>\n<meta name=\"author\" content=\"Portal Raizes\" \/>\n<meta name=\"twitter:card\" content=\"summary_large_image\" \/>\n<meta name=\"twitter:label1\" content=\"Escrito por\" \/>\n\t<meta name=\"twitter:data1\" content=\"Portal Raizes\" \/>\n\t<meta name=\"twitter:label2\" content=\"Est. tempo de leitura\" \/>\n\t<meta name=\"twitter:data2\" content=\"2 minutos\" \/>\n<script type=\"application\/ld+json\" class=\"yoast-schema-graph\">{\"@context\":\"https:\/\/schema.org\",\"@graph\":[{\"@type\":\"Article\",\"@id\":\"https:\/\/portalraizesnoticias.com.br\/?p=3967#article\",\"isPartOf\":{\"@id\":\"https:\/\/portalraizesnoticias.com.br\/?p=3967\"},\"author\":{\"name\":\"Portal Raizes\",\"@id\":\"https:\/\/portalraizesnoticias.com.br\/#\/schema\/person\/a3ca6b0fc701e78df19756c417d943ae\"},\"headline\":\"Homem \u00e9 agredido ap\u00f3s ser acusado de furtar celular no bairro da Pampulha em Concei\u00e7\u00e3o do Coit\u00e9\",\"datePublished\":\"2025-01-12T12:07:27+00:00\",\"dateModified\":\"2025-01-12T14:32:47+00:00\",\"mainEntityOfPage\":{\"@id\":\"https:\/\/portalraizesnoticias.com.br\/?p=3967\"},\"wordCount\":136,\"commentCount\":0,\"publisher\":{\"@id\":\"https:\/\/portalraizesnoticias.com.br\/#organization\"},\"image\":{\"@id\":\"https:\/\/portalraizesnoticias.com.br\/?p=3967#primaryimage\"},\"thumbnailUrl\":\"https:\/\/portalraizesnoticias.com.br\/wp-content\/uploads\/2025\/01\/IMG-20250112-WA0241.jpg\",\"keywords\":[\"Agredido\",\"Bairro da pampulha\",\"Homem\"],\"articleSection\":[\"DESTAQUES\",\"POLICIA\",\"ULTIMAS NOTICIAS\"],\"inLanguage\":\"pt-BR\",\"potentialAction\":[{\"@type\":\"CommentAction\",\"name\":\"Comment\",\"target\":[\"https:\/\/portalraizesnoticias.com.br\/?p=3967#respond\"]}]},{\"@type\":\"WebPage\",\"@id\":\"https:\/\/portalraizesnoticias.com.br\/?p=3967\",\"url\":\"https:\/\/portalraizesnoticias.com.br\/?p=3967\",\"name\":\"Homem \u00e9 agredido ap\u00f3s ser acusado de furtar celular no bairro da Pampulha em Concei\u00e7\u00e3o do Coit\u00e9 - Portal raizes noticias\",\"isPartOf\":{\"@id\":\"https:\/\/portalraizesnoticias.com.br\/#website\"},\"primaryImageOfPage\":{\"@id\":\"https:\/\/portalraizesnoticias.com.br\/?p=3967#primaryimage\"},\"image\":{\"@id\":\"https:\/\/portalraizesnoticias.com.br\/?p=3967#primaryimage\"},\"thumbnailUrl\":\"https:\/\/portalraizesnoticias.com.br\/wp-content\/uploads\/2025\/01\/IMG-20250112-WA0241.jpg\",\"datePublished\":\"2025-01-12T12:07:27+00:00\",\"dateModified\":\"2025-01-12T14:32:47+00:00\",\"breadcrumb\":{\"@id\":\"https:\/\/portalraizesnoticias.com.br\/?p=3967#breadcrumb\"},\"inLanguage\":\"pt-BR\",\"potentialAction\":[{\"@type\":\"ReadAction\",\"target\":[\"https:\/\/portalraizesnoticias.com.br\/?p=3967\"]}]},{\"@type\":\"ImageObject\",\"inLanguage\":\"pt-BR\",\"@id\":\"https:\/\/portalraizesnoticias.com.br\/?p=3967#primaryimage\",\"url\":\"https:\/\/portalraizesnoticias.com.br\/wp-content\/uploads\/2025\/01\/IMG-20250112-WA0241.jpg\",\"contentUrl\":\"https:\/\/portalraizesnoticias.com.br\/wp-content\/uploads\/2025\/01\/IMG-20250112-WA0241.jpg\",\"width\":1200,\"height\":786},{\"@type\":\"BreadcrumbList\",\"@id\":\"https:\/\/portalraizesnoticias.com.br\/?p=3967#breadcrumb\",\"itemListElement\":[{\"@type\":\"ListItem\",\"position\":1,\"name\":\"In\u00edcio\",\"item\":\"https:\/\/portalraizesnoticias.com.br\/\"},{\"@type\":\"ListItem\",\"position\":2,\"name\":\"Homem \u00e9 agredido ap\u00f3s ser acusado de furtar celular no bairro da Pampulha em Concei\u00e7\u00e3o do Coit\u00e9\"}]},{\"@type\":\"WebSite\",\"@id\":\"https:\/\/portalraizesnoticias.com.br\/#website\",\"url\":\"https:\/\/portalraizesnoticias.com.br\/\",\"name\":\"Portal raizes NOTICIAS\",\"description\":\"site de noticias de concei\u00e7\u00e3o do coit\u00e9 e regi\u00e3o\",\"publisher\":{\"@id\":\"https:\/\/portalraizesnoticias.com.br\/#organization\"},\"alternateName\":\"PORTAL RAIZES COIT\u00c9\",\"potentialAction\":[{\"@type\":\"SearchAction\",\"target\":{\"@type\":\"EntryPoint\",\"urlTemplate\":\"https:\/\/portalraizesnoticias.com.br\/?s={search_term_string}\"},\"query-input\":{\"@type\":\"PropertyValueSpecification\",\"valueRequired\":true,\"valueName\":\"search_term_string\"}}],\"inLanguage\":\"pt-BR\"},{\"@type\":\"Organization\",\"@id\":\"https:\/\/portalraizesnoticias.com.br\/#organization\",\"name\":\"Portal raizes NOTICIAS\",\"url\":\"https:\/\/portalraizesnoticias.com.br\/\",\"logo\":{\"@type\":\"ImageObject\",\"inLanguage\":\"pt-BR\",\"@id\":\"https:\/\/portalraizesnoticias.com.br\/#\/schema\/logo\/image\/\",\"url\":\"https:\/\/portalraizesnoticias.com.br\/wp-content\/uploads\/2024\/09\/cropped-Captura-de-tela-2024-09-08-011108.png\",\"contentUrl\":\"https:\/\/portalraizesnoticias.com.br\/wp-content\/uploads\/2024\/09\/cropped-Captura-de-tela-2024-09-08-011108.png\",\"width\":606,\"height\":173,\"caption\":\"Portal raizes NOTICIAS\"},\"image\":{\"@id\":\"https:\/\/portalraizesnoticias.com.br\/#\/schema\/logo\/image\/\"}},{\"@type\":\"Person\",\"@id\":\"https:\/\/portalraizesnoticias.com.br\/#\/schema\/person\/a3ca6b0fc701e78df19756c417d943ae\",\"name\":\"Portal Raizes\",\"image\":{\"@type\":\"ImageObject\",\"inLanguage\":\"pt-BR\",\"@id\":\"https:\/\/portalraizesnoticias.com.br\/#\/schema\/person\/image\/\",\"url\":\"https:\/\/secure.gravatar.com\/avatar\/ef450d29013a3d3fba867a12a249d7b1?s=96&d=mm&r=g\",\"contentUrl\":\"https:\/\/secure.gravatar.com\/avatar\/ef450d29013a3d3fba867a12a249d7b1?s=96&d=mm&r=g\",\"caption\":\"Portal Raizes\"},\"url\":\"https:\/\/portalraizesnoticias.com.br\/?author=3\"}]}<\/script>\n<!-- \/ Yoast SEO plugin. -->","yoast_head_json":{"title":"Homem \u00e9 agredido ap\u00f3s ser acusado de furtar celular no bairro da Pampulha em Concei\u00e7\u00e3o do Coit\u00e9 - Portal raizes noticias","robots":{"index":"index","follow":"follow","max-snippet":"max-snippet:-1","max-image-preview":"max-image-preview:large","max-video-preview":"max-video-preview:-1"},"canonical":"https:\/\/portalraizesnoticias.com.br\/?p=3967","og_locale":"pt_BR","og_type":"article","og_title":"Homem \u00e9 agredido ap\u00f3s ser acusado de furtar celular no bairro da Pampulha em Concei\u00e7\u00e3o do Coit\u00e9 - Portal raizes noticias","og_description":"A Pol\u00edcia Militar foi acionada por volta das 21h28 deste s\u00e1bado (11), para comparecer ao bairro da Pampulha, em Concei\u00e7\u00e3o do Coit\u00e9. PUBLICIDADE De acordo com o registro da ocorr\u00eancia, um homem foi agredido ap\u00f3s ser acusado moradores de furtar um telefone celular. PUBLICIDADE A v\u00edtima informou \u00e0 Pol\u00edcia Militar que o suspeito continuava na frente da resid\u00eancia ap\u00f3s as agress\u00f5es, mas ningu\u00e9m foi localizado. PUBLICIDADE \u201cOs socorristas do \u00c1guia Resgate foram acionados para prestar socorro ao rapaz, mas o mesmo se negou a receber atendimento no local e no hospital. Al\u00e9m disso, falou que n\u00e3o iria prestar queixa contra os agressores\u201d, informa o boletim. Reda\u00e7\u00e3o","og_url":"https:\/\/portalraizesnoticias.com.br\/?p=3967","og_site_name":"Portal raizes noticias","article_published_time":"2025-01-12T12:07:27+00:00","article_modified_time":"2025-01-12T14:32:47+00:00","og_image":[{"width":1200,"height":786,"url":"https:\/\/portalraizesnoticias.com.br\/wp-content\/uploads\/2025\/01\/IMG-20250112-WA0241.jpg","type":"image\/jpeg"}],"author":"Portal Raizes","twitter_card":"summary_large_image","twitter_misc":{"Escrito por":"Portal Raizes","Est. tempo de leitura":"2 minutos"},"schema":{"@context":"https:\/\/schema.org","@graph":[{"@type":"Article","@id":"https:\/\/portalraizesnoticias.com.br\/?p=3967#article","isPartOf":{"@id":"https:\/\/portalraizesnoticias.com.br\/?p=3967"},"author":{"name":"Portal Raizes","@id":"https:\/\/portalraizesnoticias.com.br\/#\/schema\/person\/a3ca6b0fc701e78df19756c417d943ae"},"headline":"Homem \u00e9 agredido ap\u00f3s ser acusado de furtar celular no bairro da Pampulha em Concei\u00e7\u00e3o do Coit\u00e9","datePublished":"2025-01-12T12:07:27+00:00","dateModified":"2025-01-12T14:32:47+00:00","mainEntityOfPage":{"@id":"https:\/\/portalraizesnoticias.com.br\/?p=3967"},"wordCount":136,"commentCount":0,"publisher":{"@id":"https:\/\/portalraizesnoticias.com.br\/#organization"},"image":{"@id":"https:\/\/portalraizesnoticias.com.br\/?p=3967#primaryimage"},"thumbnailUrl":"https:\/\/portalraizesnoticias.com.br\/wp-content\/uploads\/2025\/01\/IMG-20250112-WA0241.jpg","keywords":["Agredido","Bairro da pampulha","Homem"],"articleSection":["DESTAQUES","POLICIA","ULTIMAS NOTICIAS"],"inLanguage":"pt-BR","potentialAction":[{"@type":"CommentAction","name":"Comment","target":["https:\/\/portalraizesnoticias.com.br\/?p=3967#respond"]}]},{"@type":"WebPage","@id":"https:\/\/portalraizesnoticias.com.br\/?p=3967","url":"https:\/\/portalraizesnoticias.com.br\/?p=3967","name":"Homem \u00e9 agredido ap\u00f3s ser acusado de furtar celular no bairro da Pampulha em Concei\u00e7\u00e3o do Coit\u00e9 - Portal raizes noticias","isPartOf":{"@id":"https:\/\/portalraizesnoticias.com.br\/#website"},"primaryImageOfPage":{"@id":"https:\/\/portalraizesnoticias.com.br\/?p=3967#primaryimage"},"image":{"@id":"https:\/\/portalraizesnoticias.com.br\/?p=3967#primaryimage"},"thumbnailUrl":"https:\/\/portalraizesnoticias.com.br\/wp-content\/uploads\/2025\/01\/IMG-20250112-WA0241.jpg","datePublished":"2025-01-12T12:07:27+00:00","dateModified":"2025-01-12T14:32:47+00:00","breadcrumb":{"@id":"https:\/\/portalraizesnoticias.com.br\/?p=3967#breadcrumb"},"inLanguage":"pt-BR","potentialAction":[{"@type":"ReadAction","target":["https:\/\/portalraizesnoticias.com.br\/?p=3967"]}]},{"@type":"ImageObject","inLanguage":"pt-BR","@id":"https:\/\/portalraizesnoticias.com.br\/?p=3967#primaryimage","url":"https:\/\/portalraizesnoticias.com.br\/wp-content\/uploads\/2025\/01\/IMG-20250112-WA0241.jpg","contentUrl":"https:\/\/portalraizesnoticias.com.br\/wp-content\/uploads\/2025\/01\/IMG-20250112-WA0241.jpg","width":1200,"height":786},{"@type":"BreadcrumbList","@id":"https:\/\/portalraizesnoticias.com.br\/?p=3967#breadcrumb","itemListElement":[{"@type":"ListItem","position":1,"name":"In\u00edcio","item":"https:\/\/portalraizesnoticias.com.br\/"},{"@type":"ListItem","position":2,"name":"Homem \u00e9 agredido ap\u00f3s ser acusado de furtar celular no bairro da Pampulha em Concei\u00e7\u00e3o do Coit\u00e9"}]},{"@type":"WebSite","@id":"https:\/\/portalraizesnoticias.com.br\/#website","url":"https:\/\/portalraizesnoticias.com.br\/","name":"Portal raizes NOTICIAS","description":"site de noticias de concei\u00e7\u00e3o do coit\u00e9 e regi\u00e3o","publisher":{"@id":"https:\/\/portalraizesnoticias.com.br\/#organization"},"alternateName":"PORTAL RAIZES COIT\u00c9","potentialAction":[{"@type":"SearchAction","target":{"@type":"EntryPoint","urlTemplate":"https:\/\/portalraizesnoticias.com.br\/?s={search_term_string}"},"query-input":{"@type":"PropertyValueSpecification","valueRequired":true,"valueName":"search_term_string"}}],"inLanguage":"pt-BR"},{"@type":"Organization","@id":"https:\/\/portalraizesnoticias.com.br\/#organization","name":"Portal raizes NOTICIAS","url":"https:\/\/portalraizesnoticias.com.br\/","logo":{"@type":"ImageObject","inLanguage":"pt-BR","@id":"https:\/\/portalraizesnoticias.com.br\/#\/schema\/logo\/image\/","url":"https:\/\/portalraizesnoticias.com.br\/wp-content\/uploads\/2024\/09\/cropped-Captura-de-tela-2024-09-08-011108.png","contentUrl":"https:\/\/portalraizesnoticias.com.br\/wp-content\/uploads\/2024\/09\/cropped-Captura-de-tela-2024-09-08-011108.png","width":606,"height":173,"caption":"Portal raizes NOTICIAS"},"image":{"@id":"https:\/\/portalraizesnoticias.com.br\/#\/schema\/logo\/image\/"}},{"@type":"Person","@id":"https:\/\/portalraizesnoticias.com.br\/#\/schema\/person\/a3ca6b0fc701e78df19756c417d943ae","name":"Portal Raizes","image":{"@type":"ImageObject","inLanguage":"pt-BR","@id":"https:\/\/portalraizesnoticias.com.br\/#\/schema\/person\/image\/","url":"https:\/\/secure.gravatar.com\/avatar\/ef450d29013a3d3fba867a12a249d7b1?s=96&d=mm&r=g","contentUrl":"https:\/\/secure.gravatar.com\/avatar\/ef450d29013a3d3fba867a12a249d7b1?s=96&d=mm&r=g","caption":"Portal Raizes"},"url":"https:\/\/portalraizesnoticias.com.br\/?author=3"}]}},"_links":{"self":[{"href":"https:\/\/portalraizesnoticias.com.br\/index.php?rest_route=\/wp\/v2\/posts\/3967"}],"collection":[{"href":"https:\/\/portalraizesnoticias.com.br\/index.php?rest_route=\/wp\/v2\/posts"}],"about":[{"href":"https:\/\/portalraizesnoticias.com.br\/index.php?rest_route=\/wp\/v2\/types\/post"}],"author":[{"embeddable":true,"href":"https:\/\/portalraizesnoticias.com.br\/index.php?rest_route=\/wp\/v2\/users\/3"}],"replies":[{"embeddable":true,"href":"https:\/\/portalraizesnoticias.com.br\/index.php?rest_route=%2Fwp%2Fv2%2Fcomments&post=3967"}],"version-history":[{"count":1,"href":"https:\/\/portalraizesnoticias.com.br\/index.php?rest_route=\/wp\/v2\/posts\/3967\/revisions"}],"predecessor-version":[{"id":3969,"href":"https:\/\/portalraizesnoticias.com.br\/index.php?rest_route=\/wp\/v2\/posts\/3967\/revisions\/3969"}],"wp:featuredmedia":[{"embeddable":true,"href":"https:\/\/portalraizesnoticias.com.br\/index.php?rest_route=\/wp\/v2\/media\/3971"}],"wp:attachment":[{"href":"https:\/\/portalraizesnoticias.com.br\/index.php?rest_route=%2Fwp%2Fv2%2Fmedia&parent=3967"}],"wp:term":[{"taxonomy":"category","embeddable":true,"href":"https:\/\/portalraizesnoticias.com.br\/index.php?rest_route=%2Fwp%2Fv2%2Fcategories&post=3967"},{"taxonomy":"post_tag","embeddable":true,"href":"https:\/\/portalraizesnoticias.com.br\/index.php?rest_route=%2Fwp%2Fv2%2Ftags&post=3967"}],"curies":[{"name":"wp","href":"https:\/\/api.w.org\/{rel}","templated":true}]}}