{"id":3886,"date":"2025-01-09T17:35:36","date_gmt":"2025-01-09T20:35:36","guid":{"rendered":"https:\/\/portalraizesnoticias.com.br\/?p=3886"},"modified":"2025-01-09T17:42:47","modified_gmt":"2025-01-09T20:42:47","slug":"irmao-de-coiteense-com-transtorno-mental-chega-a-conceicao-do-coite-mas-nao-podera-leva-lo-para-sp-devido-a-outras-enfermidades-entenda","status":"publish","type":"post","link":"https:\/\/portalraizesnoticias.com.br\/?p=3886","title":{"rendered":"Irm\u00e3o de coiteense com transtorno mental chega a Concei\u00e7\u00e3o do Coit\u00e9, mas n\u00e3o poder\u00e1 lev\u00e1-lo para SP devido a outras enfermidades. Entenda!"},"content":{"rendered":"<p>Ap\u00f3s percorrer mais de dois mil quil\u00f4metros para buscar o irm\u00e3o com transtornos mentais para interna\u00e7\u00e3o psiqui\u00e1trica, Josenito Souza, conhecido como Mi, teve experi\u00eancias tristes em Concei\u00e7\u00e3o do Coit\u00e9, mudando a rota do destino do irm\u00e3o, Joselito Souza, 59 anos,\u00a0 o Litinho.<\/p>\n<p><a href=\"https:\/\/portalraizesnoticias.com.br\/apos-andar-pelado-e-tomar-banho-em-praca-publica-coiteense-que-sofre-transtornos-mentais-podera-fazer-tratamento-em-clinica-de-reabilitacao-em-sp-saiba-como-colaborar\/\">Relembre a hist\u00f3ria aqui:\u00a0<\/a><\/p>\n<p><img fetchpriority=\"high\" decoding=\"async\" class=\"size-medium wp-image-3892 aligncenter\" src=\"https:\/\/portalraizesnoticias.com.br\/wp-content\/uploads\/2025\/01\/IMG-20250109-WA0303-300x225.jpg\" alt=\"\" width=\"300\" height=\"225\" srcset=\"https:\/\/portalraizesnoticias.com.br\/wp-content\/uploads\/2025\/01\/IMG-20250109-WA0303-300x225.jpg 300w, https:\/\/portalraizesnoticias.com.br\/wp-content\/uploads\/2025\/01\/IMG-20250109-WA0303-1024x768.jpg 1024w, https:\/\/portalraizesnoticias.com.br\/wp-content\/uploads\/2025\/01\/IMG-20250109-WA0303-768x576.jpg 768w, https:\/\/portalraizesnoticias.com.br\/wp-content\/uploads\/2025\/01\/IMG-20250109-WA0303-1536x1152.jpg 1536w, https:\/\/portalraizesnoticias.com.br\/wp-content\/uploads\/2025\/01\/IMG-20250109-WA0303.jpg 1600w\" sizes=\"(max-width: 300px) 100vw, 300px\" \/><\/p>\n<p style=\"text-align: center;\"><em>Mi e Litinho<\/em><\/p>\n<p><strong>Durante uma conversa com a jornalista Rafaela Rodrigues, Mi afirmou que n\u00e3o tinha ideia de que o estado de sa\u00fade de Litinho era t\u00e3o cr\u00edtico, mesmo sendo comunicado por profissionais do munic\u00edpio e familiares.\u00a0<\/strong><\/p>\n<p><img decoding=\"async\" class=\"size-medium wp-image-3845 aligncenter\" src=\"https:\/\/portalraizesnoticias.com.br\/wp-content\/uploads\/2025\/01\/banner-lateral-agencia-Neri-300x300.jpg\" alt=\"\" width=\"300\" height=\"300\" srcset=\"https:\/\/portalraizesnoticias.com.br\/wp-content\/uploads\/2025\/01\/banner-lateral-agencia-Neri-300x300.jpg 300w, https:\/\/portalraizesnoticias.com.br\/wp-content\/uploads\/2025\/01\/banner-lateral-agencia-Neri-1024x1024.jpg 1024w, https:\/\/portalraizesnoticias.com.br\/wp-content\/uploads\/2025\/01\/banner-lateral-agencia-Neri-150x150.jpg 150w, https:\/\/portalraizesnoticias.com.br\/wp-content\/uploads\/2025\/01\/banner-lateral-agencia-Neri-768x768.jpg 768w, https:\/\/portalraizesnoticias.com.br\/wp-content\/uploads\/2025\/01\/banner-lateral-agencia-Neri-1536x1536.jpg 1536w, https:\/\/portalraizesnoticias.com.br\/wp-content\/uploads\/2025\/01\/banner-lateral-agencia-Neri-2048x2048.jpg 2048w, https:\/\/portalraizesnoticias.com.br\/wp-content\/uploads\/2025\/01\/banner-lateral-agencia-Neri-scaled-700x700.jpg 700w, https:\/\/portalraizesnoticias.com.br\/wp-content\/uploads\/2025\/01\/banner-lateral-agencia-Neri-scaled-620x620.jpg 620w, https:\/\/portalraizesnoticias.com.br\/wp-content\/uploads\/2025\/01\/banner-lateral-agencia-Neri-scaled-400x400.jpg 400w\" sizes=\"(max-width: 300px) 100vw, 300px\" \/><\/p>\n<p style=\"text-align: center;\"><strong>PUBLICIDADE<\/strong><\/p>\n<p>\u201cNo dia em que eu e minha esposa chegamos, j\u00e1 enfrentamos dificuldades para encontr\u00e1-lo. Pouco tempo depois, Litinho foi localizado em uma estrada. Ficamos chocados, mas tamb\u00e9m felizes por estar perto e lutar para cuidar dele\u201d, disse Mi.<\/p>\n<div style=\"width: 848px;\" class=\"wp-video\"><!--[if lt IE 9]><script>document.createElement('video');<\/script><![endif]-->\n<video class=\"wp-video-shortcode\" id=\"video-3886-1\" width=\"848\" height=\"480\" preload=\"metadata\" controls=\"controls\"><source type=\"video\/mp4\" src=\"https:\/\/portalraizesnoticias.com.br\/wp-content\/uploads\/2025\/01\/VID-20250109-WA0717-1.mp4?_=1\" \/><a href=\"https:\/\/portalraizesnoticias.com.br\/wp-content\/uploads\/2025\/01\/VID-20250109-WA0717-1.mp4\">https:\/\/portalraizesnoticias.com.br\/wp-content\/uploads\/2025\/01\/VID-20250109-WA0717-1.mp4<\/a><\/video><\/div>\n<p><em>Reencontro ap\u00f3s ser encontrado na Ba-120<\/em><\/p>\n<p>Mi e a esposa queriam reunir toda documenta\u00e7\u00e3o para transfer\u00eancia de Estado, mas a maior preocupa\u00e7\u00e3o era a log\u00edstica de deslocamento por conta da instabilidade de Litinho.<\/p>\n<p><img decoding=\"async\" class=\"size-medium wp-image-2974 aligncenter\" src=\"https:\/\/portalraizesnoticias.com.br\/wp-content\/uploads\/2024\/12\/Imagem-do-WhatsApp-de-2024-12-13-as-17.29.14_14156b3f-300x300.jpg\" alt=\"\" width=\"300\" height=\"300\" srcset=\"https:\/\/portalraizesnoticias.com.br\/wp-content\/uploads\/2024\/12\/Imagem-do-WhatsApp-de-2024-12-13-as-17.29.14_14156b3f-300x300.jpg 300w, https:\/\/portalraizesnoticias.com.br\/wp-content\/uploads\/2024\/12\/Imagem-do-WhatsApp-de-2024-12-13-as-17.29.14_14156b3f-1024x1024.jpg 1024w, https:\/\/portalraizesnoticias.com.br\/wp-content\/uploads\/2024\/12\/Imagem-do-WhatsApp-de-2024-12-13-as-17.29.14_14156b3f-150x150.jpg 150w, https:\/\/portalraizesnoticias.com.br\/wp-content\/uploads\/2024\/12\/Imagem-do-WhatsApp-de-2024-12-13-as-17.29.14_14156b3f-768x768.jpg 768w, https:\/\/portalraizesnoticias.com.br\/wp-content\/uploads\/2024\/12\/Imagem-do-WhatsApp-de-2024-12-13-as-17.29.14_14156b3f-700x700.jpg 700w, https:\/\/portalraizesnoticias.com.br\/wp-content\/uploads\/2024\/12\/Imagem-do-WhatsApp-de-2024-12-13-as-17.29.14_14156b3f-620x620.jpg 620w, https:\/\/portalraizesnoticias.com.br\/wp-content\/uploads\/2024\/12\/Imagem-do-WhatsApp-de-2024-12-13-as-17.29.14_14156b3f-400x400.jpg 400w, https:\/\/portalraizesnoticias.com.br\/wp-content\/uploads\/2024\/12\/Imagem-do-WhatsApp-de-2024-12-13-as-17.29.14_14156b3f.jpg 1190w\" sizes=\"(max-width: 300px) 100vw, 300px\" \/><\/p>\n<p style=\"text-align: center;\"><strong>PUBLICIDADE<\/strong><\/p>\n<p>&#8220;O nosso carro seguiu para Coit\u00e9 com o objetivo de lev\u00e1-lo a Santos, mas o estado em que se encontrava poderia comprometer a vida da nossa fam\u00edlia durante a viagem. Imagina se ele surta e puxa o volante durante o percurso? Seria trag\u00e9dia\u201d, explica.<\/p>\n<p>Com esse obst\u00e1culo, a secretaria de Sa\u00fade e Assist\u00eancia Social orientaram os parentes de Litinho a levarem o parente para uma cidade pr\u00f3xima a Coit\u00e9.<\/p>\n<p>Ao chegar ao Hospital Especializado Lopes Rodrigues, em Feira de Santana, Litinho foi avaliado por um psiquiatra, que concluiu que ele n\u00e3o poderia ficar no local devido a problemas cl\u00ednicos.<\/p>\n<p><img loading=\"lazy\" decoding=\"async\" class=\"size-medium wp-image-2633 aligncenter\" src=\"https:\/\/portalraizesnoticias.com.br\/wp-content\/uploads\/2024\/12\/Card-Matricula_02-300x300.png\" alt=\"\" width=\"300\" height=\"300\" srcset=\"https:\/\/portalraizesnoticias.com.br\/wp-content\/uploads\/2024\/12\/Card-Matricula_02-300x300.png 300w, https:\/\/portalraizesnoticias.com.br\/wp-content\/uploads\/2024\/12\/Card-Matricula_02-1024x1024.png 1024w, https:\/\/portalraizesnoticias.com.br\/wp-content\/uploads\/2024\/12\/Card-Matricula_02-150x150.png 150w, https:\/\/portalraizesnoticias.com.br\/wp-content\/uploads\/2024\/12\/Card-Matricula_02-768x768.png 768w, https:\/\/portalraizesnoticias.com.br\/wp-content\/uploads\/2024\/12\/Card-Matricula_02.png 1080w\" sizes=\"(max-width: 300px) 100vw, 300px\" \/><\/p>\n<p style=\"text-align: center;\"><strong>PUBLICIDADE<\/strong><\/p>\n<p>Veja o que diz uma parte do relat\u00f3rio enviado pelo Hospital Lopes Rodrigues:<\/p>\n<p><strong>\u201cDURANTE A OBSERVA\u00c7\u00c3O FOI EVIDENCIADO PRESEN\u00c7A DE TOSSE PRODUTIVA PERSISTENTE E UMA FERIDA INFECTADA EM PANTURRILHA ESQUERDA DECORRENTE DE QUEIMADURA, SEM SINAIS DE CUIDADOS PR\u00c9VIOS. O PACIENTE APRESENTA ESTABILIZA\u00c7\u00c3O DO QUADRO PSIQUI\u00c1TRICO AP\u00d3S O USO DAS MEDICA\u00c7\u00d5ES, INCLUINDO REDU\u00c7\u00c3O DA AGITA\u00c7\u00c3O E MELHORA DO COMPORTAMENTO INICIAL, CONTUDO, PERSISTEM QUEIXAS CLINICAS COMO TOSSE PRODUTIVA E A FERIDA INFECTADA, QUE REQUEREM AVALIA\u00c7\u00c3O E MANEJO ESPECIALIZADOS. ESTE HOSPITAL PSIQUI\u00c1TRICO N\u00c3O DISP\u00d5E DE RECURSOS ADEQUADOS PARA O MANEJO CL\u00cdNICO DE EXAMES CONDI\u00c7\u00d5ES GERAIS, E O PACIENTE NECESSITA DE AVALIA\u00c7\u00c3O CL\u00cdNICA E COMPLEMENTARES PARA INVESTIGA\u00c7\u00c3O&#8221;<\/strong><\/p>\n<p><strong>O caos na madrugada.<\/strong><\/p>\n<p>Ele permaneceu sob observa\u00e7\u00e3o por conta das medica\u00e7\u00f5es, mas, quando o efeito do medicamento foi diminuindo, ele surtou e tentou danificar as instala\u00e7\u00f5es da unidade hospitalar.<\/p>\n<p><img loading=\"lazy\" decoding=\"async\" class=\"size-medium wp-image-2520 aligncenter\" src=\"https:\/\/portalraizesnoticias.com.br\/wp-content\/uploads\/2024\/11\/Imagem-do-WhatsApp-de-2024-11-28-as-11.24.37_b858345f-300x142.jpg\" alt=\"\" width=\"300\" height=\"142\" srcset=\"https:\/\/portalraizesnoticias.com.br\/wp-content\/uploads\/2024\/11\/Imagem-do-WhatsApp-de-2024-11-28-as-11.24.37_b858345f-300x142.jpg 300w, https:\/\/portalraizesnoticias.com.br\/wp-content\/uploads\/2024\/11\/Imagem-do-WhatsApp-de-2024-11-28-as-11.24.37_b858345f.jpg 722w\" sizes=\"(max-width: 300px) 100vw, 300px\" \/><\/p>\n<p style=\"text-align: center;\"><strong>PUBLICIDADE<\/strong><\/p>\n<p>A equipe do hospital teve que amarr\u00e1-lo por conta da viol\u00eancia. Foi uma madrugada bastante dif\u00edcil e repleta de incertezas.<\/p>\n<p><strong>O retorno<\/strong>.<\/p>\n<p>Segundo Mi, os poucos mais de 100 quil\u00f4metros percorridos at\u00e9 Coit\u00e9 foram tranquilos, j\u00e1 que Litinho estava sob efeito de rem\u00e9dios.<\/p>\n<p>Ao retornar \u00e0 cidade, a ideia de Mi era levar o irm\u00e3o imediatamente ao hospital para tratar as les\u00f5es, mas uma not\u00edcia lament\u00e1vel tomou conta da fam\u00edlia.<\/p>\n<p><strong>Morte da m\u00e3e!\u00a0<\/strong><\/p>\n<p>Dona IVA, m\u00e3e de Litinho, morreu em um hospital de Salvador ap\u00f3s dias internada.<\/p>\n<p>A aten\u00e7\u00e3o foi direcionada aos tr\u00e2mites da cerim\u00f4nia f\u00fanebre de mainha, mas estavamos atentos ao caso de Litinho\u201d, contou.<\/p>\n<p>No dia seguinte, ap\u00f3s a morte da m\u00e3e, Mi e a esposa retomaram a batalha para tratar o irm\u00e3o e conseguiram reverter o surto e fornecer os rem\u00e9dios ps\u00edquicos de forma adequada.<\/p>\n<p><strong>Recalculou a rota!\u00a0<\/strong><\/p>\n<p>Com a vida pessoal e profissional no litoral de S\u00e3o Paulo, a corrida contra o tempo de Mi era para o irm\u00e3o ficar bem das les\u00f5es, mas, com o tratamento a longo prazo e a necessidade de retornar para S\u00e3o Paulo, acabou adiando a ida de Litinho.<\/p>\n<p><img loading=\"lazy\" decoding=\"async\" class=\"size-medium wp-image-1970 aligncenter\" src=\"https:\/\/portalraizesnoticias.com.br\/wp-content\/uploads\/2024\/11\/Banner-home-center-300x300.jpg\" alt=\"\" width=\"300\" height=\"300\" srcset=\"https:\/\/portalraizesnoticias.com.br\/wp-content\/uploads\/2024\/11\/Banner-home-center-300x300.jpg 300w, https:\/\/portalraizesnoticias.com.br\/wp-content\/uploads\/2024\/11\/Banner-home-center-1024x1024.jpg 1024w, https:\/\/portalraizesnoticias.com.br\/wp-content\/uploads\/2024\/11\/Banner-home-center-150x150.jpg 150w, https:\/\/portalraizesnoticias.com.br\/wp-content\/uploads\/2024\/11\/Banner-home-center-768x768.jpg 768w, https:\/\/portalraizesnoticias.com.br\/wp-content\/uploads\/2024\/11\/Banner-home-center-700x700.jpg 700w, https:\/\/portalraizesnoticias.com.br\/wp-content\/uploads\/2024\/11\/Banner-home-center-620x620.jpg 620w, https:\/\/portalraizesnoticias.com.br\/wp-content\/uploads\/2024\/11\/Banner-home-center-400x400.jpg 400w, https:\/\/portalraizesnoticias.com.br\/wp-content\/uploads\/2024\/11\/Banner-home-center.jpg 1080w\" sizes=\"(max-width: 300px) 100vw, 300px\" \/><\/p>\n<p style=\"text-align: center;\"><strong>PUBLICIDADE<\/strong><\/p>\n<p>&#8220;O m\u00e9dico disse claramente que nenhum hospital psiqui\u00e1trico receberia Litinho com essas les\u00f5es. Al\u00e9m disso, tamb\u00e9m informamos na cl\u00ednica de S\u00e3o Paulo que teve a mesma decis\u00e3o: tratar e depois lev\u00e1-lo, se necess\u00e1rio.&#8221;<\/p>\n<p><strong>Compromisso da administra\u00e7\u00e3o municipal<\/strong>.<\/p>\n<p>As secretarias de Sa\u00fade, Assist\u00eancia Social e o prefeito Marcelo Ara\u00fajo acompanharam de perto a situa\u00e7\u00e3o de Litinho, fornecendo todo o suporte necess\u00e1rio.<\/p>\n<p><strong>Marcelo concedeu o aux\u00edlio-doen\u00e7a de car\u00e1ter emergencial de R$ 3000 + R$ 730 para a possivel viagem.\u00a0<\/strong><\/p>\n<p><strong>A popula\u00e7\u00e3o tamb\u00e9m contribuiu, mas, os valores n\u00e3o foram divulgados.\u00a0<\/strong><\/p>\n<p>Com a viagem cancelada, todo dinheiro arrecadado estar\u00e1 sendo utilizado no tratamento de Litinho, que atualmente apresenta melhoras.<\/p>\n<p>&#8220;Agrade\u00e7o profundamente \u00e0 popula\u00e7\u00e3o pelo apoio, bem como \u00e0 secret\u00e1ria de Sa\u00fade, Adriana Mota, e \u00e0 secret\u00e1ria de Assist\u00eancia Social, Vanusa. Foram extremamente eficazes nesse suporte. O prefeito Marcelo, que foi generoso com toda a situa\u00e7\u00e3o do meu irm\u00e3o e, a todo o momento, contribuiu para que ele ficasse bem&#8221;, falou Mi.<\/p>\n<p><strong>O que diz o CAPS?<\/strong><\/p>\n<p>A coordenadora do Centro de Aten\u00e7\u00e3o Psicossocial (CAPS), Simone Ferreira, disse que Litinho est\u00e1 registrado no \u00f3rg\u00e3o desde 2013.<\/p>\n<p>&#8220;Ele faz uso das medica\u00e7\u00f5es por\u00e9m, utiliza subst\u00e2ncias psicoativas, ocasiando efeitos indesejados&#8221;, explicou Simone.<\/p>\n<p>.<\/p>\n<p>No per\u00edodo em que Mi e a esposa estavam na cidade. o CAPS solicitou ao Minist\u00e9rio P\u00fablico a interna\u00e7\u00e3o compuls\u00f3ria.<\/p>\n<p>\u201cO munic\u00edpio fez tudo que estava ao alcance, mas agora depende exclusivamente da fam\u00edlia, pois, caso tenham os cuidados necess\u00e1rios, o MP pode intervir nesse caso, ao colocar a sociedade em risco\u201d, relatou Simone.<\/p>\n<p>.<\/p>\n<p>Ela confirma que o homem n\u00e3o pode se deslocar para S\u00e3o Paulo devido \u00e0s condi\u00e7\u00f5es cl\u00ednicas.<\/p>\n<p>A familia contou que Simone esteve dispon\u00edvel, inclusive fora do hor\u00e1rio administrativo, para ajudar a resolver o problema.<\/p>\n<p>Quando questionada se Litinho estaria tomando os rem\u00e9dios, ela responde:<\/p>\n<p>\u201cSim! Litinho esteve no CAPS esta semana e, apesar de estar um pouco agitado, tomou os medicamentos.<\/p>\n<p><strong>Deixamos o &#8220;terreno&#8221;\u00a0 arrumado.<\/strong><\/p>\n<p>Nos \u00faltimos dias, \u00e9 poss\u00edvel notar que pouco se tem not\u00edcia de Litinho com atitudes incoerentes devido ao problema.<\/p>\n<p>Isso se deve ao fato de que a fam\u00edlia se reuniu e Litinho est\u00e1 fazendo uso dos medicamentos e sendo acompanhado pelos familiares.<\/p>\n<p>Chegamos a um consenso de que todos ficariam sob vigil\u00e2ncia em Litinho, pois a situa\u00e7\u00e3o estava preocupante, disse Mi.<\/p>\n<p>O rapaz tem se alimentado de forma correta e chegou a participar da confraterniza\u00e7\u00e3o de virada de ano da fam\u00edlia, ficando totalmente tranquilo.<\/p>\n<div style=\"width: 480px;\" class=\"wp-video\"><video class=\"wp-video-shortcode\" id=\"video-3886-2\" width=\"480\" height=\"854\" preload=\"metadata\" controls=\"controls\"><source type=\"video\/mp4\" src=\"https:\/\/portalraizesnoticias.com.br\/wp-content\/uploads\/2025\/01\/VID_20250109_121041_680.mp4?_=2\" \/><a href=\"https:\/\/portalraizesnoticias.com.br\/wp-content\/uploads\/2025\/01\/VID_20250109_121041_680.mp4\">https:\/\/portalraizesnoticias.com.br\/wp-content\/uploads\/2025\/01\/VID_20250109_121041_680.mp4<\/a><\/video><\/div>\n<p>&#8220;Realizei o meu papel em conjunto com minha esposa. Foram dias dif\u00edceis. Apesar de n\u00e3o poder lev\u00e1-lo devido aos ferimentos, saio tranquilo de que Litinho est\u00e1 melhor do que no in\u00edcio. \u00c9 poss\u00edvel que ele seja internado nos pr\u00f3ximos meses. Tudo vai depender dos pr\u00f3ximos dias&#8221; finaliza.<\/p>\n<p>Por Rafaela Rodrigues<\/p>\n","protected":false},"excerpt":{"rendered":"<p>Ap\u00f3s percorrer mais de dois mil quil\u00f4metros para buscar o irm\u00e3o com transtornos mentais para interna\u00e7\u00e3o psiqui\u00e1trica, Josenito Souza, conhecido como Mi, teve experi\u00eancias tristes em Concei\u00e7\u00e3o do Coit\u00e9, mudando a rota do destino do irm\u00e3o, Joselito Souza, 59 anos,\u00a0 o Litinho. Relembre a hist\u00f3ria aqui:\u00a0 Mi e Litinho Durante uma conversa com a jornalista Rafaela Rodrigues, Mi afirmou que n\u00e3o tinha ideia de que o estado de sa\u00fade de Litinho era t\u00e3o cr\u00edtico, mesmo sendo comunicado por profissionais do munic\u00edpio e familiares.\u00a0 PUBLICIDADE \u201cNo dia em que eu e minha esposa chegamos, j\u00e1 enfrentamos dificuldades para encontr\u00e1-lo. Pouco tempo depois, Litinho foi localizado em uma estrada. Ficamos chocados, mas tamb\u00e9m felizes por estar perto e lutar para cuidar dele\u201d, disse Mi. Reencontro ap\u00f3s ser encontrado na Ba-120 Mi e a esposa queriam reunir toda documenta\u00e7\u00e3o para transfer\u00eancia de Estado, mas a maior preocupa\u00e7\u00e3o era a log\u00edstica de deslocamento por conta da instabilidade de Litinho. PUBLICIDADE &#8220;O nosso carro seguiu para Coit\u00e9 com o objetivo de lev\u00e1-lo a Santos, mas o estado em que se encontrava poderia comprometer a vida da nossa fam\u00edlia durante a viagem. Imagina se ele surta e puxa o volante durante o percurso? Seria trag\u00e9dia\u201d, explica. Com esse obst\u00e1culo, a secretaria de Sa\u00fade e Assist\u00eancia Social orientaram os parentes de Litinho a levarem o parente para uma cidade pr\u00f3xima a Coit\u00e9. Ao chegar ao Hospital Especializado Lopes Rodrigues, em Feira de Santana, Litinho foi avaliado por um psiquiatra, que concluiu que ele n\u00e3o poderia ficar no local devido a problemas cl\u00ednicos. PUBLICIDADE Veja o que diz uma parte do relat\u00f3rio enviado pelo Hospital Lopes Rodrigues: \u201cDURANTE A OBSERVA\u00c7\u00c3O FOI EVIDENCIADO PRESEN\u00c7A DE TOSSE PRODUTIVA PERSISTENTE E UMA FERIDA INFECTADA EM PANTURRILHA ESQUERDA DECORRENTE DE QUEIMADURA, SEM SINAIS DE CUIDADOS PR\u00c9VIOS. O PACIENTE APRESENTA ESTABILIZA\u00c7\u00c3O DO QUADRO PSIQUI\u00c1TRICO AP\u00d3S O USO DAS MEDICA\u00c7\u00d5ES, INCLUINDO REDU\u00c7\u00c3O DA AGITA\u00c7\u00c3O E MELHORA DO COMPORTAMENTO INICIAL, CONTUDO, PERSISTEM QUEIXAS CLINICAS COMO TOSSE PRODUTIVA E A FERIDA INFECTADA, QUE REQUEREM AVALIA\u00c7\u00c3O E MANEJO ESPECIALIZADOS. ESTE HOSPITAL PSIQUI\u00c1TRICO N\u00c3O DISP\u00d5E DE RECURSOS ADEQUADOS PARA O MANEJO CL\u00cdNICO DE EXAMES CONDI\u00c7\u00d5ES GERAIS, E O PACIENTE NECESSITA DE AVALIA\u00c7\u00c3O CL\u00cdNICA E COMPLEMENTARES PARA INVESTIGA\u00c7\u00c3O&#8221; O caos na madrugada. Ele permaneceu sob observa\u00e7\u00e3o por conta das medica\u00e7\u00f5es, mas, quando o efeito do medicamento foi diminuindo, ele surtou e tentou danificar as instala\u00e7\u00f5es da unidade hospitalar. PUBLICIDADE A equipe do hospital teve que amarr\u00e1-lo por conta da viol\u00eancia. Foi uma madrugada bastante dif\u00edcil e repleta de incertezas. O retorno. Segundo Mi, os poucos mais de 100 quil\u00f4metros percorridos at\u00e9 Coit\u00e9 foram tranquilos, j\u00e1 que Litinho estava sob efeito de rem\u00e9dios. Ao retornar \u00e0 cidade, a ideia de Mi era levar o irm\u00e3o imediatamente ao hospital para tratar as les\u00f5es, mas uma not\u00edcia lament\u00e1vel tomou conta da fam\u00edlia. Morte da m\u00e3e!\u00a0 Dona IVA, m\u00e3e de Litinho, morreu em um hospital de Salvador ap\u00f3s dias internada. A aten\u00e7\u00e3o foi direcionada aos tr\u00e2mites da cerim\u00f4nia f\u00fanebre de mainha, mas estavamos atentos ao caso de Litinho\u201d, contou. No dia seguinte, ap\u00f3s a morte da m\u00e3e, Mi e a esposa retomaram a batalha para tratar o irm\u00e3o e conseguiram reverter o surto e fornecer os rem\u00e9dios ps\u00edquicos de forma adequada. Recalculou a rota!\u00a0 Com a vida pessoal e profissional no litoral de S\u00e3o Paulo, a corrida contra o tempo de Mi era para o irm\u00e3o ficar bem das les\u00f5es, mas, com o tratamento a longo prazo e a necessidade de retornar para S\u00e3o Paulo, acabou adiando a ida de Litinho. PUBLICIDADE &#8220;O m\u00e9dico disse claramente que nenhum hospital psiqui\u00e1trico receberia Litinho com essas les\u00f5es. Al\u00e9m disso, tamb\u00e9m informamos na cl\u00ednica de S\u00e3o Paulo que teve a mesma decis\u00e3o: tratar e depois lev\u00e1-lo, se necess\u00e1rio.&#8221; Compromisso da administra\u00e7\u00e3o municipal. As secretarias de Sa\u00fade, Assist\u00eancia Social e o prefeito Marcelo Ara\u00fajo acompanharam de perto a situa\u00e7\u00e3o de Litinho, fornecendo todo o suporte necess\u00e1rio. Marcelo concedeu o aux\u00edlio-doen\u00e7a de car\u00e1ter emergencial de R$ 3000 + R$ 730 para a possivel viagem.\u00a0 A popula\u00e7\u00e3o tamb\u00e9m contribuiu, mas, os valores n\u00e3o foram divulgados.\u00a0 Com a viagem cancelada, todo dinheiro arrecadado estar\u00e1 sendo utilizado no tratamento de Litinho, que atualmente apresenta melhoras. &#8220;Agrade\u00e7o profundamente \u00e0 popula\u00e7\u00e3o pelo apoio, bem como \u00e0 secret\u00e1ria de Sa\u00fade, Adriana Mota, e \u00e0 secret\u00e1ria de Assist\u00eancia Social, Vanusa. Foram extremamente eficazes nesse suporte. O prefeito Marcelo, que foi generoso com toda a situa\u00e7\u00e3o do meu irm\u00e3o e, a todo o momento, contribuiu para que ele ficasse bem&#8221;, falou Mi. O que diz o CAPS? A coordenadora do Centro de Aten\u00e7\u00e3o Psicossocial (CAPS), Simone Ferreira, disse que Litinho est\u00e1 registrado no \u00f3rg\u00e3o desde 2013. &#8220;Ele faz uso das medica\u00e7\u00f5es por\u00e9m, utiliza subst\u00e2ncias psicoativas, ocasiando efeitos indesejados&#8221;, explicou Simone. . No per\u00edodo em que Mi e a esposa estavam na cidade. o CAPS solicitou ao Minist\u00e9rio P\u00fablico a interna\u00e7\u00e3o compuls\u00f3ria. \u201cO munic\u00edpio fez tudo que estava ao alcance, mas agora depende exclusivamente da fam\u00edlia, pois, caso tenham os cuidados necess\u00e1rios, o MP pode intervir nesse caso, ao colocar a sociedade em risco\u201d, relatou Simone. . Ela confirma que o homem n\u00e3o pode se deslocar para S\u00e3o Paulo devido \u00e0s condi\u00e7\u00f5es cl\u00ednicas. A familia contou que Simone esteve dispon\u00edvel, inclusive fora do hor\u00e1rio administrativo, para ajudar a resolver o problema. Quando questionada se Litinho estaria tomando os rem\u00e9dios, ela responde: \u201cSim! Litinho esteve no CAPS esta semana e, apesar de estar um pouco agitado, tomou os medicamentos. Deixamos o &#8220;terreno&#8221;\u00a0 arrumado. Nos \u00faltimos dias, \u00e9 poss\u00edvel notar que pouco se tem not\u00edcia de Litinho com atitudes incoerentes devido ao problema. Isso se deve ao fato de que a fam\u00edlia se reuniu e Litinho est\u00e1 fazendo uso dos medicamentos e sendo acompanhado pelos familiares. Chegamos a um consenso de que todos ficariam sob vigil\u00e2ncia em Litinho, pois a situa\u00e7\u00e3o estava preocupante, disse Mi. O rapaz tem se alimentado de forma correta e chegou a participar da confraterniza\u00e7\u00e3o de virada de ano da fam\u00edlia, ficando totalmente tranquilo. &#8220;Realizei o meu papel em conjunto com minha esposa. Foram dias dif\u00edceis. Apesar de n\u00e3o poder lev\u00e1-lo devido aos ferimentos,<\/p>\n","protected":false},"author":3,"featured_media":3891,"comment_status":"open","ping_status":"open","sticky":false,"template":"","format":"standard","meta":{"_joinchat":[],"footnotes":""},"categories":[55,59],"tags":[75,580,454,631,274,630],"class_list":["post-3886","post","type-post","status-publish","format-standard","has-post-thumbnail","hentry","category-destaques","category-ultimas-noticias","tag-coite","tag-irmao","tag-litinho","tag-mental","tag-saude","tag-transtorno"],"yoast_head":"<!-- This site is optimized with the Yoast SEO plugin v24.4 - https:\/\/yoast.com\/wordpress\/plugins\/seo\/ -->\n<title>Irm\u00e3o de coiteense com transtorno mental chega a Concei\u00e7\u00e3o do Coit\u00e9, mas n\u00e3o poder\u00e1 lev\u00e1-lo para SP devido a outras enfermidades. Entenda! - Portal raizes noticias<\/title>\n<meta name=\"robots\" content=\"index, follow, max-snippet:-1, max-image-preview:large, max-video-preview:-1\" \/>\n<link rel=\"canonical\" href=\"https:\/\/portalraizesnoticias.com.br\/?p=3886\" \/>\n<meta property=\"og:locale\" content=\"pt_BR\" \/>\n<meta property=\"og:type\" content=\"article\" \/>\n<meta property=\"og:title\" content=\"Irm\u00e3o de coiteense com transtorno mental chega a Concei\u00e7\u00e3o do Coit\u00e9, mas n\u00e3o poder\u00e1 lev\u00e1-lo para SP devido a outras enfermidades. Entenda! - Portal raizes noticias\" \/>\n<meta property=\"og:description\" content=\"Ap\u00f3s percorrer mais de dois mil quil\u00f4metros para buscar o irm\u00e3o com transtornos mentais para interna\u00e7\u00e3o psiqui\u00e1trica, Josenito Souza, conhecido como Mi, teve experi\u00eancias tristes em Concei\u00e7\u00e3o do Coit\u00e9, mudando a rota do destino do irm\u00e3o, Joselito Souza, 59 anos,\u00a0 o Litinho. Relembre a hist\u00f3ria aqui:\u00a0 Mi e Litinho Durante uma conversa com a jornalista Rafaela Rodrigues, Mi afirmou que n\u00e3o tinha ideia de que o estado de sa\u00fade de Litinho era t\u00e3o cr\u00edtico, mesmo sendo comunicado por profissionais do munic\u00edpio e familiares.\u00a0 PUBLICIDADE \u201cNo dia em que eu e minha esposa chegamos, j\u00e1 enfrentamos dificuldades para encontr\u00e1-lo. Pouco tempo depois, Litinho foi localizado em uma estrada. Ficamos chocados, mas tamb\u00e9m felizes por estar perto e lutar para cuidar dele\u201d, disse Mi. Reencontro ap\u00f3s ser encontrado na Ba-120 Mi e a esposa queriam reunir toda documenta\u00e7\u00e3o para transfer\u00eancia de Estado, mas a maior preocupa\u00e7\u00e3o era a log\u00edstica de deslocamento por conta da instabilidade de Litinho. PUBLICIDADE &#8220;O nosso carro seguiu para Coit\u00e9 com o objetivo de lev\u00e1-lo a Santos, mas o estado em que se encontrava poderia comprometer a vida da nossa fam\u00edlia durante a viagem. Imagina se ele surta e puxa o volante durante o percurso? Seria trag\u00e9dia\u201d, explica. Com esse obst\u00e1culo, a secretaria de Sa\u00fade e Assist\u00eancia Social orientaram os parentes de Litinho a levarem o parente para uma cidade pr\u00f3xima a Coit\u00e9. Ao chegar ao Hospital Especializado Lopes Rodrigues, em Feira de Santana, Litinho foi avaliado por um psiquiatra, que concluiu que ele n\u00e3o poderia ficar no local devido a problemas cl\u00ednicos. PUBLICIDADE Veja o que diz uma parte do relat\u00f3rio enviado pelo Hospital Lopes Rodrigues: \u201cDURANTE A OBSERVA\u00c7\u00c3O FOI EVIDENCIADO PRESEN\u00c7A DE TOSSE PRODUTIVA PERSISTENTE E UMA FERIDA INFECTADA EM PANTURRILHA ESQUERDA DECORRENTE DE QUEIMADURA, SEM SINAIS DE CUIDADOS PR\u00c9VIOS. O PACIENTE APRESENTA ESTABILIZA\u00c7\u00c3O DO QUADRO PSIQUI\u00c1TRICO AP\u00d3S O USO DAS MEDICA\u00c7\u00d5ES, INCLUINDO REDU\u00c7\u00c3O DA AGITA\u00c7\u00c3O E MELHORA DO COMPORTAMENTO INICIAL, CONTUDO, PERSISTEM QUEIXAS CLINICAS COMO TOSSE PRODUTIVA E A FERIDA INFECTADA, QUE REQUEREM AVALIA\u00c7\u00c3O E MANEJO ESPECIALIZADOS. ESTE HOSPITAL PSIQUI\u00c1TRICO N\u00c3O DISP\u00d5E DE RECURSOS ADEQUADOS PARA O MANEJO CL\u00cdNICO DE EXAMES CONDI\u00c7\u00d5ES GERAIS, E O PACIENTE NECESSITA DE AVALIA\u00c7\u00c3O CL\u00cdNICA E COMPLEMENTARES PARA INVESTIGA\u00c7\u00c3O&#8221; O caos na madrugada. Ele permaneceu sob observa\u00e7\u00e3o por conta das medica\u00e7\u00f5es, mas, quando o efeito do medicamento foi diminuindo, ele surtou e tentou danificar as instala\u00e7\u00f5es da unidade hospitalar. PUBLICIDADE A equipe do hospital teve que amarr\u00e1-lo por conta da viol\u00eancia. Foi uma madrugada bastante dif\u00edcil e repleta de incertezas. O retorno. Segundo Mi, os poucos mais de 100 quil\u00f4metros percorridos at\u00e9 Coit\u00e9 foram tranquilos, j\u00e1 que Litinho estava sob efeito de rem\u00e9dios. Ao retornar \u00e0 cidade, a ideia de Mi era levar o irm\u00e3o imediatamente ao hospital para tratar as les\u00f5es, mas uma not\u00edcia lament\u00e1vel tomou conta da fam\u00edlia. Morte da m\u00e3e!\u00a0 Dona IVA, m\u00e3e de Litinho, morreu em um hospital de Salvador ap\u00f3s dias internada. A aten\u00e7\u00e3o foi direcionada aos tr\u00e2mites da cerim\u00f4nia f\u00fanebre de mainha, mas estavamos atentos ao caso de Litinho\u201d, contou. No dia seguinte, ap\u00f3s a morte da m\u00e3e, Mi e a esposa retomaram a batalha para tratar o irm\u00e3o e conseguiram reverter o surto e fornecer os rem\u00e9dios ps\u00edquicos de forma adequada. Recalculou a rota!\u00a0 Com a vida pessoal e profissional no litoral de S\u00e3o Paulo, a corrida contra o tempo de Mi era para o irm\u00e3o ficar bem das les\u00f5es, mas, com o tratamento a longo prazo e a necessidade de retornar para S\u00e3o Paulo, acabou adiando a ida de Litinho. PUBLICIDADE &#8220;O m\u00e9dico disse claramente que nenhum hospital psiqui\u00e1trico receberia Litinho com essas les\u00f5es. Al\u00e9m disso, tamb\u00e9m informamos na cl\u00ednica de S\u00e3o Paulo que teve a mesma decis\u00e3o: tratar e depois lev\u00e1-lo, se necess\u00e1rio.&#8221; Compromisso da administra\u00e7\u00e3o municipal. As secretarias de Sa\u00fade, Assist\u00eancia Social e o prefeito Marcelo Ara\u00fajo acompanharam de perto a situa\u00e7\u00e3o de Litinho, fornecendo todo o suporte necess\u00e1rio. Marcelo concedeu o aux\u00edlio-doen\u00e7a de car\u00e1ter emergencial de R$ 3000 + R$ 730 para a possivel viagem.\u00a0 A popula\u00e7\u00e3o tamb\u00e9m contribuiu, mas, os valores n\u00e3o foram divulgados.\u00a0 Com a viagem cancelada, todo dinheiro arrecadado estar\u00e1 sendo utilizado no tratamento de Litinho, que atualmente apresenta melhoras. &#8220;Agrade\u00e7o profundamente \u00e0 popula\u00e7\u00e3o pelo apoio, bem como \u00e0 secret\u00e1ria de Sa\u00fade, Adriana Mota, e \u00e0 secret\u00e1ria de Assist\u00eancia Social, Vanusa. Foram extremamente eficazes nesse suporte. O prefeito Marcelo, que foi generoso com toda a situa\u00e7\u00e3o do meu irm\u00e3o e, a todo o momento, contribuiu para que ele ficasse bem&#8221;, falou Mi. O que diz o CAPS? A coordenadora do Centro de Aten\u00e7\u00e3o Psicossocial (CAPS), Simone Ferreira, disse que Litinho est\u00e1 registrado no \u00f3rg\u00e3o desde 2013. &#8220;Ele faz uso das medica\u00e7\u00f5es por\u00e9m, utiliza subst\u00e2ncias psicoativas, ocasiando efeitos indesejados&#8221;, explicou Simone. . No per\u00edodo em que Mi e a esposa estavam na cidade. o CAPS solicitou ao Minist\u00e9rio P\u00fablico a interna\u00e7\u00e3o compuls\u00f3ria. \u201cO munic\u00edpio fez tudo que estava ao alcance, mas agora depende exclusivamente da fam\u00edlia, pois, caso tenham os cuidados necess\u00e1rios, o MP pode intervir nesse caso, ao colocar a sociedade em risco\u201d, relatou Simone. . Ela confirma que o homem n\u00e3o pode se deslocar para S\u00e3o Paulo devido \u00e0s condi\u00e7\u00f5es cl\u00ednicas. A familia contou que Simone esteve dispon\u00edvel, inclusive fora do hor\u00e1rio administrativo, para ajudar a resolver o problema. Quando questionada se Litinho estaria tomando os rem\u00e9dios, ela responde: \u201cSim! Litinho esteve no CAPS esta semana e, apesar de estar um pouco agitado, tomou os medicamentos. Deixamos o &#8220;terreno&#8221;\u00a0 arrumado. Nos \u00faltimos dias, \u00e9 poss\u00edvel notar que pouco se tem not\u00edcia de Litinho com atitudes incoerentes devido ao problema. Isso se deve ao fato de que a fam\u00edlia se reuniu e Litinho est\u00e1 fazendo uso dos medicamentos e sendo acompanhado pelos familiares. Chegamos a um consenso de que todos ficariam sob vigil\u00e2ncia em Litinho, pois a situa\u00e7\u00e3o estava preocupante, disse Mi. O rapaz tem se alimentado de forma correta e chegou a participar da confraterniza\u00e7\u00e3o de virada de ano da fam\u00edlia, ficando totalmente tranquilo. &#8220;Realizei o meu papel em conjunto com minha esposa. Foram dias dif\u00edceis. Apesar de n\u00e3o poder lev\u00e1-lo devido aos ferimentos,\" \/>\n<meta property=\"og:url\" content=\"https:\/\/portalraizesnoticias.com.br\/?p=3886\" \/>\n<meta property=\"og:site_name\" content=\"Portal raizes noticias\" \/>\n<meta property=\"article:published_time\" content=\"2025-01-09T20:35:36+00:00\" \/>\n<meta property=\"article:modified_time\" content=\"2025-01-09T20:42:47+00:00\" \/>\n<meta property=\"og:image\" content=\"https:\/\/portalraizesnoticias.com.br\/wp-content\/uploads\/2025\/01\/IMG-20250109-WA0305.jpg\" \/>\n\t<meta property=\"og:image:width\" content=\"860\" \/>\n\t<meta property=\"og:image:height\" content=\"812\" \/>\n\t<meta property=\"og:image:type\" content=\"image\/jpeg\" \/>\n<meta name=\"author\" content=\"Portal Raizes\" \/>\n<meta name=\"twitter:card\" content=\"summary_large_image\" \/>\n<meta name=\"twitter:label1\" content=\"Escrito por\" \/>\n\t<meta name=\"twitter:data1\" content=\"Portal Raizes\" \/>\n\t<meta name=\"twitter:label2\" content=\"Est. tempo de leitura\" \/>\n\t<meta name=\"twitter:data2\" content=\"8 minutos\" \/>\n<script type=\"application\/ld+json\" class=\"yoast-schema-graph\">{\"@context\":\"https:\/\/schema.org\",\"@graph\":[{\"@type\":\"Article\",\"@id\":\"https:\/\/portalraizesnoticias.com.br\/?p=3886#article\",\"isPartOf\":{\"@id\":\"https:\/\/portalraizesnoticias.com.br\/?p=3886\"},\"author\":{\"name\":\"Portal Raizes\",\"@id\":\"https:\/\/portalraizesnoticias.com.br\/#\/schema\/person\/a3ca6b0fc701e78df19756c417d943ae\"},\"headline\":\"Irm\u00e3o de coiteense com transtorno mental chega a Concei\u00e7\u00e3o do Coit\u00e9, mas n\u00e3o poder\u00e1 lev\u00e1-lo para SP devido a outras enfermidades. Entenda!\",\"datePublished\":\"2025-01-09T20:35:36+00:00\",\"dateModified\":\"2025-01-09T20:42:47+00:00\",\"mainEntityOfPage\":{\"@id\":\"https:\/\/portalraizesnoticias.com.br\/?p=3886\"},\"wordCount\":1211,\"commentCount\":0,\"publisher\":{\"@id\":\"https:\/\/portalraizesnoticias.com.br\/#organization\"},\"image\":{\"@id\":\"https:\/\/portalraizesnoticias.com.br\/?p=3886#primaryimage\"},\"thumbnailUrl\":\"https:\/\/portalraizesnoticias.com.br\/wp-content\/uploads\/2025\/01\/IMG-20250109-WA0305.jpg\",\"keywords\":[\"Coit\u00e9\",\"Irm\u00e3o\",\"Litinho\",\"Mental\",\"Sa\u00fade\",\"Transtorno\"],\"articleSection\":[\"DESTAQUES\",\"ULTIMAS NOTICIAS\"],\"inLanguage\":\"pt-BR\",\"potentialAction\":[{\"@type\":\"CommentAction\",\"name\":\"Comment\",\"target\":[\"https:\/\/portalraizesnoticias.com.br\/?p=3886#respond\"]}]},{\"@type\":\"WebPage\",\"@id\":\"https:\/\/portalraizesnoticias.com.br\/?p=3886\",\"url\":\"https:\/\/portalraizesnoticias.com.br\/?p=3886\",\"name\":\"Irm\u00e3o de coiteense com transtorno mental chega a Concei\u00e7\u00e3o do Coit\u00e9, mas n\u00e3o poder\u00e1 lev\u00e1-lo para SP devido a outras enfermidades. Entenda! - Portal raizes noticias\",\"isPartOf\":{\"@id\":\"https:\/\/portalraizesnoticias.com.br\/#website\"},\"primaryImageOfPage\":{\"@id\":\"https:\/\/portalraizesnoticias.com.br\/?p=3886#primaryimage\"},\"image\":{\"@id\":\"https:\/\/portalraizesnoticias.com.br\/?p=3886#primaryimage\"},\"thumbnailUrl\":\"https:\/\/portalraizesnoticias.com.br\/wp-content\/uploads\/2025\/01\/IMG-20250109-WA0305.jpg\",\"datePublished\":\"2025-01-09T20:35:36+00:00\",\"dateModified\":\"2025-01-09T20:42:47+00:00\",\"breadcrumb\":{\"@id\":\"https:\/\/portalraizesnoticias.com.br\/?p=3886#breadcrumb\"},\"inLanguage\":\"pt-BR\",\"potentialAction\":[{\"@type\":\"ReadAction\",\"target\":[\"https:\/\/portalraizesnoticias.com.br\/?p=3886\"]}]},{\"@type\":\"ImageObject\",\"inLanguage\":\"pt-BR\",\"@id\":\"https:\/\/portalraizesnoticias.com.br\/?p=3886#primaryimage\",\"url\":\"https:\/\/portalraizesnoticias.com.br\/wp-content\/uploads\/2025\/01\/IMG-20250109-WA0305.jpg\",\"contentUrl\":\"https:\/\/portalraizesnoticias.com.br\/wp-content\/uploads\/2025\/01\/IMG-20250109-WA0305.jpg\",\"width\":860,\"height\":812},{\"@type\":\"BreadcrumbList\",\"@id\":\"https:\/\/portalraizesnoticias.com.br\/?p=3886#breadcrumb\",\"itemListElement\":[{\"@type\":\"ListItem\",\"position\":1,\"name\":\"In\u00edcio\",\"item\":\"https:\/\/portalraizesnoticias.com.br\/\"},{\"@type\":\"ListItem\",\"position\":2,\"name\":\"Irm\u00e3o de coiteense com transtorno mental chega a Concei\u00e7\u00e3o do Coit\u00e9, mas n\u00e3o poder\u00e1 lev\u00e1-lo para SP devido a outras enfermidades. Entenda!\"}]},{\"@type\":\"WebSite\",\"@id\":\"https:\/\/portalraizesnoticias.com.br\/#website\",\"url\":\"https:\/\/portalraizesnoticias.com.br\/\",\"name\":\"Portal raizes NOTICIAS\",\"description\":\"site de noticias de concei\u00e7\u00e3o do coit\u00e9 e regi\u00e3o\",\"publisher\":{\"@id\":\"https:\/\/portalraizesnoticias.com.br\/#organization\"},\"alternateName\":\"PORTAL RAIZES COIT\u00c9\",\"potentialAction\":[{\"@type\":\"SearchAction\",\"target\":{\"@type\":\"EntryPoint\",\"urlTemplate\":\"https:\/\/portalraizesnoticias.com.br\/?s={search_term_string}\"},\"query-input\":{\"@type\":\"PropertyValueSpecification\",\"valueRequired\":true,\"valueName\":\"search_term_string\"}}],\"inLanguage\":\"pt-BR\"},{\"@type\":\"Organization\",\"@id\":\"https:\/\/portalraizesnoticias.com.br\/#organization\",\"name\":\"Portal raizes NOTICIAS\",\"url\":\"https:\/\/portalraizesnoticias.com.br\/\",\"logo\":{\"@type\":\"ImageObject\",\"inLanguage\":\"pt-BR\",\"@id\":\"https:\/\/portalraizesnoticias.com.br\/#\/schema\/logo\/image\/\",\"url\":\"https:\/\/portalraizesnoticias.com.br\/wp-content\/uploads\/2024\/09\/cropped-Captura-de-tela-2024-09-08-011108.png\",\"contentUrl\":\"https:\/\/portalraizesnoticias.com.br\/wp-content\/uploads\/2024\/09\/cropped-Captura-de-tela-2024-09-08-011108.png\",\"width\":606,\"height\":173,\"caption\":\"Portal raizes NOTICIAS\"},\"image\":{\"@id\":\"https:\/\/portalraizesnoticias.com.br\/#\/schema\/logo\/image\/\"}},{\"@type\":\"Person\",\"@id\":\"https:\/\/portalraizesnoticias.com.br\/#\/schema\/person\/a3ca6b0fc701e78df19756c417d943ae\",\"name\":\"Portal Raizes\",\"image\":{\"@type\":\"ImageObject\",\"inLanguage\":\"pt-BR\",\"@id\":\"https:\/\/portalraizesnoticias.com.br\/#\/schema\/person\/image\/\",\"url\":\"https:\/\/secure.gravatar.com\/avatar\/ef450d29013a3d3fba867a12a249d7b1?s=96&d=mm&r=g\",\"contentUrl\":\"https:\/\/secure.gravatar.com\/avatar\/ef450d29013a3d3fba867a12a249d7b1?s=96&d=mm&r=g\",\"caption\":\"Portal Raizes\"},\"url\":\"https:\/\/portalraizesnoticias.com.br\/?author=3\"}]}<\/script>\n<!-- \/ Yoast SEO plugin. -->","yoast_head_json":{"title":"Irm\u00e3o de coiteense com transtorno mental chega a Concei\u00e7\u00e3o do Coit\u00e9, mas n\u00e3o poder\u00e1 lev\u00e1-lo para SP devido a outras enfermidades. Entenda! - Portal raizes noticias","robots":{"index":"index","follow":"follow","max-snippet":"max-snippet:-1","max-image-preview":"max-image-preview:large","max-video-preview":"max-video-preview:-1"},"canonical":"https:\/\/portalraizesnoticias.com.br\/?p=3886","og_locale":"pt_BR","og_type":"article","og_title":"Irm\u00e3o de coiteense com transtorno mental chega a Concei\u00e7\u00e3o do Coit\u00e9, mas n\u00e3o poder\u00e1 lev\u00e1-lo para SP devido a outras enfermidades. Entenda! - Portal raizes noticias","og_description":"Ap\u00f3s percorrer mais de dois mil quil\u00f4metros para buscar o irm\u00e3o com transtornos mentais para interna\u00e7\u00e3o psiqui\u00e1trica, Josenito Souza, conhecido como Mi, teve experi\u00eancias tristes em Concei\u00e7\u00e3o do Coit\u00e9, mudando a rota do destino do irm\u00e3o, Joselito Souza, 59 anos,\u00a0 o Litinho. Relembre a hist\u00f3ria aqui:\u00a0 Mi e Litinho Durante uma conversa com a jornalista Rafaela Rodrigues, Mi afirmou que n\u00e3o tinha ideia de que o estado de sa\u00fade de Litinho era t\u00e3o cr\u00edtico, mesmo sendo comunicado por profissionais do munic\u00edpio e familiares.\u00a0 PUBLICIDADE \u201cNo dia em que eu e minha esposa chegamos, j\u00e1 enfrentamos dificuldades para encontr\u00e1-lo. Pouco tempo depois, Litinho foi localizado em uma estrada. Ficamos chocados, mas tamb\u00e9m felizes por estar perto e lutar para cuidar dele\u201d, disse Mi. Reencontro ap\u00f3s ser encontrado na Ba-120 Mi e a esposa queriam reunir toda documenta\u00e7\u00e3o para transfer\u00eancia de Estado, mas a maior preocupa\u00e7\u00e3o era a log\u00edstica de deslocamento por conta da instabilidade de Litinho. PUBLICIDADE &#8220;O nosso carro seguiu para Coit\u00e9 com o objetivo de lev\u00e1-lo a Santos, mas o estado em que se encontrava poderia comprometer a vida da nossa fam\u00edlia durante a viagem. Imagina se ele surta e puxa o volante durante o percurso? Seria trag\u00e9dia\u201d, explica. Com esse obst\u00e1culo, a secretaria de Sa\u00fade e Assist\u00eancia Social orientaram os parentes de Litinho a levarem o parente para uma cidade pr\u00f3xima a Coit\u00e9. Ao chegar ao Hospital Especializado Lopes Rodrigues, em Feira de Santana, Litinho foi avaliado por um psiquiatra, que concluiu que ele n\u00e3o poderia ficar no local devido a problemas cl\u00ednicos. PUBLICIDADE Veja o que diz uma parte do relat\u00f3rio enviado pelo Hospital Lopes Rodrigues: \u201cDURANTE A OBSERVA\u00c7\u00c3O FOI EVIDENCIADO PRESEN\u00c7A DE TOSSE PRODUTIVA PERSISTENTE E UMA FERIDA INFECTADA EM PANTURRILHA ESQUERDA DECORRENTE DE QUEIMADURA, SEM SINAIS DE CUIDADOS PR\u00c9VIOS. O PACIENTE APRESENTA ESTABILIZA\u00c7\u00c3O DO QUADRO PSIQUI\u00c1TRICO AP\u00d3S O USO DAS MEDICA\u00c7\u00d5ES, INCLUINDO REDU\u00c7\u00c3O DA AGITA\u00c7\u00c3O E MELHORA DO COMPORTAMENTO INICIAL, CONTUDO, PERSISTEM QUEIXAS CLINICAS COMO TOSSE PRODUTIVA E A FERIDA INFECTADA, QUE REQUEREM AVALIA\u00c7\u00c3O E MANEJO ESPECIALIZADOS. ESTE HOSPITAL PSIQUI\u00c1TRICO N\u00c3O DISP\u00d5E DE RECURSOS ADEQUADOS PARA O MANEJO CL\u00cdNICO DE EXAMES CONDI\u00c7\u00d5ES GERAIS, E O PACIENTE NECESSITA DE AVALIA\u00c7\u00c3O CL\u00cdNICA E COMPLEMENTARES PARA INVESTIGA\u00c7\u00c3O&#8221; O caos na madrugada. Ele permaneceu sob observa\u00e7\u00e3o por conta das medica\u00e7\u00f5es, mas, quando o efeito do medicamento foi diminuindo, ele surtou e tentou danificar as instala\u00e7\u00f5es da unidade hospitalar. PUBLICIDADE A equipe do hospital teve que amarr\u00e1-lo por conta da viol\u00eancia. Foi uma madrugada bastante dif\u00edcil e repleta de incertezas. O retorno. Segundo Mi, os poucos mais de 100 quil\u00f4metros percorridos at\u00e9 Coit\u00e9 foram tranquilos, j\u00e1 que Litinho estava sob efeito de rem\u00e9dios. Ao retornar \u00e0 cidade, a ideia de Mi era levar o irm\u00e3o imediatamente ao hospital para tratar as les\u00f5es, mas uma not\u00edcia lament\u00e1vel tomou conta da fam\u00edlia. Morte da m\u00e3e!\u00a0 Dona IVA, m\u00e3e de Litinho, morreu em um hospital de Salvador ap\u00f3s dias internada. A aten\u00e7\u00e3o foi direcionada aos tr\u00e2mites da cerim\u00f4nia f\u00fanebre de mainha, mas estavamos atentos ao caso de Litinho\u201d, contou. No dia seguinte, ap\u00f3s a morte da m\u00e3e, Mi e a esposa retomaram a batalha para tratar o irm\u00e3o e conseguiram reverter o surto e fornecer os rem\u00e9dios ps\u00edquicos de forma adequada. Recalculou a rota!\u00a0 Com a vida pessoal e profissional no litoral de S\u00e3o Paulo, a corrida contra o tempo de Mi era para o irm\u00e3o ficar bem das les\u00f5es, mas, com o tratamento a longo prazo e a necessidade de retornar para S\u00e3o Paulo, acabou adiando a ida de Litinho. PUBLICIDADE &#8220;O m\u00e9dico disse claramente que nenhum hospital psiqui\u00e1trico receberia Litinho com essas les\u00f5es. Al\u00e9m disso, tamb\u00e9m informamos na cl\u00ednica de S\u00e3o Paulo que teve a mesma decis\u00e3o: tratar e depois lev\u00e1-lo, se necess\u00e1rio.&#8221; Compromisso da administra\u00e7\u00e3o municipal. As secretarias de Sa\u00fade, Assist\u00eancia Social e o prefeito Marcelo Ara\u00fajo acompanharam de perto a situa\u00e7\u00e3o de Litinho, fornecendo todo o suporte necess\u00e1rio. Marcelo concedeu o aux\u00edlio-doen\u00e7a de car\u00e1ter emergencial de R$ 3000 + R$ 730 para a possivel viagem.\u00a0 A popula\u00e7\u00e3o tamb\u00e9m contribuiu, mas, os valores n\u00e3o foram divulgados.\u00a0 Com a viagem cancelada, todo dinheiro arrecadado estar\u00e1 sendo utilizado no tratamento de Litinho, que atualmente apresenta melhoras. &#8220;Agrade\u00e7o profundamente \u00e0 popula\u00e7\u00e3o pelo apoio, bem como \u00e0 secret\u00e1ria de Sa\u00fade, Adriana Mota, e \u00e0 secret\u00e1ria de Assist\u00eancia Social, Vanusa. Foram extremamente eficazes nesse suporte. O prefeito Marcelo, que foi generoso com toda a situa\u00e7\u00e3o do meu irm\u00e3o e, a todo o momento, contribuiu para que ele ficasse bem&#8221;, falou Mi. O que diz o CAPS? A coordenadora do Centro de Aten\u00e7\u00e3o Psicossocial (CAPS), Simone Ferreira, disse que Litinho est\u00e1 registrado no \u00f3rg\u00e3o desde 2013. &#8220;Ele faz uso das medica\u00e7\u00f5es por\u00e9m, utiliza subst\u00e2ncias psicoativas, ocasiando efeitos indesejados&#8221;, explicou Simone. . No per\u00edodo em que Mi e a esposa estavam na cidade. o CAPS solicitou ao Minist\u00e9rio P\u00fablico a interna\u00e7\u00e3o compuls\u00f3ria. \u201cO munic\u00edpio fez tudo que estava ao alcance, mas agora depende exclusivamente da fam\u00edlia, pois, caso tenham os cuidados necess\u00e1rios, o MP pode intervir nesse caso, ao colocar a sociedade em risco\u201d, relatou Simone. . Ela confirma que o homem n\u00e3o pode se deslocar para S\u00e3o Paulo devido \u00e0s condi\u00e7\u00f5es cl\u00ednicas. A familia contou que Simone esteve dispon\u00edvel, inclusive fora do hor\u00e1rio administrativo, para ajudar a resolver o problema. Quando questionada se Litinho estaria tomando os rem\u00e9dios, ela responde: \u201cSim! Litinho esteve no CAPS esta semana e, apesar de estar um pouco agitado, tomou os medicamentos. Deixamos o &#8220;terreno&#8221;\u00a0 arrumado. Nos \u00faltimos dias, \u00e9 poss\u00edvel notar que pouco se tem not\u00edcia de Litinho com atitudes incoerentes devido ao problema. Isso se deve ao fato de que a fam\u00edlia se reuniu e Litinho est\u00e1 fazendo uso dos medicamentos e sendo acompanhado pelos familiares. Chegamos a um consenso de que todos ficariam sob vigil\u00e2ncia em Litinho, pois a situa\u00e7\u00e3o estava preocupante, disse Mi. O rapaz tem se alimentado de forma correta e chegou a participar da confraterniza\u00e7\u00e3o de virada de ano da fam\u00edlia, ficando totalmente tranquilo. &#8220;Realizei o meu papel em conjunto com minha esposa. Foram dias dif\u00edceis. Apesar de n\u00e3o poder lev\u00e1-lo devido aos ferimentos,","og_url":"https:\/\/portalraizesnoticias.com.br\/?p=3886","og_site_name":"Portal raizes noticias","article_published_time":"2025-01-09T20:35:36+00:00","article_modified_time":"2025-01-09T20:42:47+00:00","og_image":[{"width":860,"height":812,"url":"https:\/\/portalraizesnoticias.com.br\/wp-content\/uploads\/2025\/01\/IMG-20250109-WA0305.jpg","type":"image\/jpeg"}],"author":"Portal Raizes","twitter_card":"summary_large_image","twitter_misc":{"Escrito por":"Portal Raizes","Est. tempo de leitura":"8 minutos"},"schema":{"@context":"https:\/\/schema.org","@graph":[{"@type":"Article","@id":"https:\/\/portalraizesnoticias.com.br\/?p=3886#article","isPartOf":{"@id":"https:\/\/portalraizesnoticias.com.br\/?p=3886"},"author":{"name":"Portal Raizes","@id":"https:\/\/portalraizesnoticias.com.br\/#\/schema\/person\/a3ca6b0fc701e78df19756c417d943ae"},"headline":"Irm\u00e3o de coiteense com transtorno mental chega a Concei\u00e7\u00e3o do Coit\u00e9, mas n\u00e3o poder\u00e1 lev\u00e1-lo para SP devido a outras enfermidades. Entenda!","datePublished":"2025-01-09T20:35:36+00:00","dateModified":"2025-01-09T20:42:47+00:00","mainEntityOfPage":{"@id":"https:\/\/portalraizesnoticias.com.br\/?p=3886"},"wordCount":1211,"commentCount":0,"publisher":{"@id":"https:\/\/portalraizesnoticias.com.br\/#organization"},"image":{"@id":"https:\/\/portalraizesnoticias.com.br\/?p=3886#primaryimage"},"thumbnailUrl":"https:\/\/portalraizesnoticias.com.br\/wp-content\/uploads\/2025\/01\/IMG-20250109-WA0305.jpg","keywords":["Coit\u00e9","Irm\u00e3o","Litinho","Mental","Sa\u00fade","Transtorno"],"articleSection":["DESTAQUES","ULTIMAS NOTICIAS"],"inLanguage":"pt-BR","potentialAction":[{"@type":"CommentAction","name":"Comment","target":["https:\/\/portalraizesnoticias.com.br\/?p=3886#respond"]}]},{"@type":"WebPage","@id":"https:\/\/portalraizesnoticias.com.br\/?p=3886","url":"https:\/\/portalraizesnoticias.com.br\/?p=3886","name":"Irm\u00e3o de coiteense com transtorno mental chega a Concei\u00e7\u00e3o do Coit\u00e9, mas n\u00e3o poder\u00e1 lev\u00e1-lo para SP devido a outras enfermidades. Entenda! - Portal raizes noticias","isPartOf":{"@id":"https:\/\/portalraizesnoticias.com.br\/#website"},"primaryImageOfPage":{"@id":"https:\/\/portalraizesnoticias.com.br\/?p=3886#primaryimage"},"image":{"@id":"https:\/\/portalraizesnoticias.com.br\/?p=3886#primaryimage"},"thumbnailUrl":"https:\/\/portalraizesnoticias.com.br\/wp-content\/uploads\/2025\/01\/IMG-20250109-WA0305.jpg","datePublished":"2025-01-09T20:35:36+00:00","dateModified":"2025-01-09T20:42:47+00:00","breadcrumb":{"@id":"https:\/\/portalraizesnoticias.com.br\/?p=3886#breadcrumb"},"inLanguage":"pt-BR","potentialAction":[{"@type":"ReadAction","target":["https:\/\/portalraizesnoticias.com.br\/?p=3886"]}]},{"@type":"ImageObject","inLanguage":"pt-BR","@id":"https:\/\/portalraizesnoticias.com.br\/?p=3886#primaryimage","url":"https:\/\/portalraizesnoticias.com.br\/wp-content\/uploads\/2025\/01\/IMG-20250109-WA0305.jpg","contentUrl":"https:\/\/portalraizesnoticias.com.br\/wp-content\/uploads\/2025\/01\/IMG-20250109-WA0305.jpg","width":860,"height":812},{"@type":"BreadcrumbList","@id":"https:\/\/portalraizesnoticias.com.br\/?p=3886#breadcrumb","itemListElement":[{"@type":"ListItem","position":1,"name":"In\u00edcio","item":"https:\/\/portalraizesnoticias.com.br\/"},{"@type":"ListItem","position":2,"name":"Irm\u00e3o de coiteense com transtorno mental chega a Concei\u00e7\u00e3o do Coit\u00e9, mas n\u00e3o poder\u00e1 lev\u00e1-lo para SP devido a outras enfermidades. Entenda!"}]},{"@type":"WebSite","@id":"https:\/\/portalraizesnoticias.com.br\/#website","url":"https:\/\/portalraizesnoticias.com.br\/","name":"Portal raizes NOTICIAS","description":"site de noticias de concei\u00e7\u00e3o do coit\u00e9 e regi\u00e3o","publisher":{"@id":"https:\/\/portalraizesnoticias.com.br\/#organization"},"alternateName":"PORTAL RAIZES COIT\u00c9","potentialAction":[{"@type":"SearchAction","target":{"@type":"EntryPoint","urlTemplate":"https:\/\/portalraizesnoticias.com.br\/?s={search_term_string}"},"query-input":{"@type":"PropertyValueSpecification","valueRequired":true,"valueName":"search_term_string"}}],"inLanguage":"pt-BR"},{"@type":"Organization","@id":"https:\/\/portalraizesnoticias.com.br\/#organization","name":"Portal raizes NOTICIAS","url":"https:\/\/portalraizesnoticias.com.br\/","logo":{"@type":"ImageObject","inLanguage":"pt-BR","@id":"https:\/\/portalraizesnoticias.com.br\/#\/schema\/logo\/image\/","url":"https:\/\/portalraizesnoticias.com.br\/wp-content\/uploads\/2024\/09\/cropped-Captura-de-tela-2024-09-08-011108.png","contentUrl":"https:\/\/portalraizesnoticias.com.br\/wp-content\/uploads\/2024\/09\/cropped-Captura-de-tela-2024-09-08-011108.png","width":606,"height":173,"caption":"Portal raizes NOTICIAS"},"image":{"@id":"https:\/\/portalraizesnoticias.com.br\/#\/schema\/logo\/image\/"}},{"@type":"Person","@id":"https:\/\/portalraizesnoticias.com.br\/#\/schema\/person\/a3ca6b0fc701e78df19756c417d943ae","name":"Portal Raizes","image":{"@type":"ImageObject","inLanguage":"pt-BR","@id":"https:\/\/portalraizesnoticias.com.br\/#\/schema\/person\/image\/","url":"https:\/\/secure.gravatar.com\/avatar\/ef450d29013a3d3fba867a12a249d7b1?s=96&d=mm&r=g","contentUrl":"https:\/\/secure.gravatar.com\/avatar\/ef450d29013a3d3fba867a12a249d7b1?s=96&d=mm&r=g","caption":"Portal Raizes"},"url":"https:\/\/portalraizesnoticias.com.br\/?author=3"}]}},"_links":{"self":[{"href":"https:\/\/portalraizesnoticias.com.br\/index.php?rest_route=\/wp\/v2\/posts\/3886"}],"collection":[{"href":"https:\/\/portalraizesnoticias.com.br\/index.php?rest_route=\/wp\/v2\/posts"}],"about":[{"href":"https:\/\/portalraizesnoticias.com.br\/index.php?rest_route=\/wp\/v2\/types\/post"}],"author":[{"embeddable":true,"href":"https:\/\/portalraizesnoticias.com.br\/index.php?rest_route=\/wp\/v2\/users\/3"}],"replies":[{"embeddable":true,"href":"https:\/\/portalraizesnoticias.com.br\/index.php?rest_route=%2Fwp%2Fv2%2Fcomments&post=3886"}],"version-history":[{"count":5,"href":"https:\/\/portalraizesnoticias.com.br\/index.php?rest_route=\/wp\/v2\/posts\/3886\/revisions"}],"predecessor-version":[{"id":3897,"href":"https:\/\/portalraizesnoticias.com.br\/index.php?rest_route=\/wp\/v2\/posts\/3886\/revisions\/3897"}],"wp:featuredmedia":[{"embeddable":true,"href":"https:\/\/portalraizesnoticias.com.br\/index.php?rest_route=\/wp\/v2\/media\/3891"}],"wp:attachment":[{"href":"https:\/\/portalraizesnoticias.com.br\/index.php?rest_route=%2Fwp%2Fv2%2Fmedia&parent=3886"}],"wp:term":[{"taxonomy":"category","embeddable":true,"href":"https:\/\/portalraizesnoticias.com.br\/index.php?rest_route=%2Fwp%2Fv2%2Fcategories&post=3886"},{"taxonomy":"post_tag","embeddable":true,"href":"https:\/\/portalraizesnoticias.com.br\/index.php?rest_route=%2Fwp%2Fv2%2Ftags&post=3886"}],"curies":[{"name":"wp","href":"https:\/\/api.w.org\/{rel}","templated":true}]}}