{"id":3883,"date":"2025-01-09T12:15:07","date_gmt":"2025-01-09T15:15:07","guid":{"rendered":"https:\/\/portalraizesnoticias.com.br\/?p=3883"},"modified":"2025-01-09T12:15:07","modified_gmt":"2025-01-09T15:15:07","slug":"motorista-morre-apos-colisao-com-caminhao-na-br-116","status":"publish","type":"post","link":"https:\/\/portalraizesnoticias.com.br\/?p=3883","title":{"rendered":"Motorista morre ap\u00f3s colis\u00e3o com caminh\u00e3o na BR-116"},"content":{"rendered":"<p>Na noite da \u00faltima quarta-feira, 8, um grave acidente foi registrado na BR-116 Norte, na zona urbana de Araci, nas proximidades do bairro Coqueiro. A ocorr\u00eancia envolveu um autom\u00f3vel, conduzido por Carlos Magno Silva Carvalho, de 60 anos, e um caminh\u00e3o.<\/p>\n<p>De acordo com informa\u00e7\u00f5es recebidas pelo 1\u00ba Pelot\u00e3o da Pol\u00edcia Militar, por volta das 23h20, prepostos da Guarda Municipal informaram sobre o acidente, que resultou na morte do motorista Carlos Magno. A colis\u00e3o ocorreu no sentido Tucano, logo ap\u00f3s um Motel.<\/p>\n<p>As equipes da Guarda Municipal e do Servi\u00e7o de Atendimento M\u00f3vel de Urg\u00eancia j\u00e1 estavam no local quando a viatura policial chegou. A \u00e1rea foi devidamente sinalizada e isolada at\u00e9 a chegada do Corpo de Bombeiros, do Departamento de Pol\u00edcia T\u00e9cnica e da Pol\u00edcia Rodovi\u00e1ria Federal para que as provid\u00eancias legais fossem tomadas.<\/p>\n<p>As circunst\u00e2ncias do acidente est\u00e3o sendo investigadas pelas autoridades competentes.<\/p>\n<p>Informa\u00e7\u00f5es extra\u00eddas do site Info Serrinha<\/p>\n","protected":false},"excerpt":{"rendered":"<p>Na noite da \u00faltima quarta-feira, 8, um grave acidente foi registrado na BR-116 Norte, na zona urbana de Araci, nas proximidades do bairro Coqueiro. A ocorr\u00eancia envolveu um autom\u00f3vel, conduzido por Carlos Magno Silva Carvalho, de 60 anos, e um caminh\u00e3o. De acordo com informa\u00e7\u00f5es recebidas pelo 1\u00ba Pelot\u00e3o da Pol\u00edcia Militar, por volta das 23h20, prepostos da Guarda Municipal informaram sobre o acidente, que resultou na morte do motorista Carlos Magno. A colis\u00e3o ocorreu no sentido Tucano, logo ap\u00f3s um Motel. As equipes da Guarda Municipal e do Servi\u00e7o de Atendimento M\u00f3vel de Urg\u00eancia j\u00e1 estavam no local quando a viatura policial chegou. A \u00e1rea foi devidamente sinalizada e isolada at\u00e9 a chegada do Corpo de Bombeiros, do Departamento de Pol\u00edcia T\u00e9cnica e da Pol\u00edcia Rodovi\u00e1ria Federal para que as provid\u00eancias legais fossem tomadas. As circunst\u00e2ncias do acidente est\u00e3o sendo investigadas pelas autoridades competentes. Informa\u00e7\u00f5es extra\u00eddas do site Info Serrinha<\/p>\n","protected":false},"author":3,"featured_media":3884,"comment_status":"open","ping_status":"open","sticky":false,"template":"","format":"standard","meta":{"_joinchat":[],"footnotes":""},"categories":[58,55,59],"tags":[139,628,610],"class_list":["post-3883","post","type-post","status-publish","format-standard","has-post-thumbnail","hentry","category-acidentes","category-destaques","category-ultimas-noticias","tag-acidente","tag-araci","tag-br116"],"yoast_head":"<!-- This site is optimized with the Yoast SEO plugin v24.4 - https:\/\/yoast.com\/wordpress\/plugins\/seo\/ -->\n<title>Motorista morre ap\u00f3s colis\u00e3o com caminh\u00e3o na BR-116 - Portal raizes noticias<\/title>\n<meta name=\"robots\" content=\"index, follow, max-snippet:-1, max-image-preview:large, max-video-preview:-1\" \/>\n<link rel=\"canonical\" href=\"https:\/\/portalraizesnoticias.com.br\/?p=3883\" \/>\n<meta property=\"og:locale\" content=\"pt_BR\" \/>\n<meta property=\"og:type\" content=\"article\" \/>\n<meta property=\"og:title\" content=\"Motorista morre ap\u00f3s colis\u00e3o com caminh\u00e3o na BR-116 - Portal raizes noticias\" \/>\n<meta property=\"og:description\" content=\"Na noite da \u00faltima quarta-feira, 8, um grave acidente foi registrado na BR-116 Norte, na zona urbana de Araci, nas proximidades do bairro Coqueiro. A ocorr\u00eancia envolveu um autom\u00f3vel, conduzido por Carlos Magno Silva Carvalho, de 60 anos, e um caminh\u00e3o. De acordo com informa\u00e7\u00f5es recebidas pelo 1\u00ba Pelot\u00e3o da Pol\u00edcia Militar, por volta das 23h20, prepostos da Guarda Municipal informaram sobre o acidente, que resultou na morte do motorista Carlos Magno. A colis\u00e3o ocorreu no sentido Tucano, logo ap\u00f3s um Motel. As equipes da Guarda Municipal e do Servi\u00e7o de Atendimento M\u00f3vel de Urg\u00eancia j\u00e1 estavam no local quando a viatura policial chegou. A \u00e1rea foi devidamente sinalizada e isolada at\u00e9 a chegada do Corpo de Bombeiros, do Departamento de Pol\u00edcia T\u00e9cnica e da Pol\u00edcia Rodovi\u00e1ria Federal para que as provid\u00eancias legais fossem tomadas. As circunst\u00e2ncias do acidente est\u00e3o sendo investigadas pelas autoridades competentes. Informa\u00e7\u00f5es extra\u00eddas do site Info Serrinha\" \/>\n<meta property=\"og:url\" content=\"https:\/\/portalraizesnoticias.com.br\/?p=3883\" \/>\n<meta property=\"og:site_name\" content=\"Portal raizes noticias\" \/>\n<meta property=\"article:published_time\" content=\"2025-01-09T15:15:07+00:00\" \/>\n<meta property=\"og:image\" content=\"https:\/\/portalraizesnoticias.com.br\/wp-content\/uploads\/2025\/01\/3e3450_df6f4c85eade4730a3be362ad159402cmv2.jpg\" \/>\n\t<meta property=\"og:image:width\" content=\"568\" \/>\n\t<meta property=\"og:image:height\" content=\"484\" \/>\n\t<meta property=\"og:image:type\" content=\"image\/jpeg\" \/>\n<meta name=\"author\" content=\"Portal Raizes\" \/>\n<meta name=\"twitter:card\" content=\"summary_large_image\" \/>\n<meta name=\"twitter:label1\" content=\"Escrito por\" \/>\n\t<meta name=\"twitter:data1\" content=\"Portal Raizes\" \/>\n\t<meta name=\"twitter:label2\" content=\"Est. tempo de leitura\" \/>\n\t<meta name=\"twitter:data2\" content=\"2 minutos\" \/>\n<script type=\"application\/ld+json\" class=\"yoast-schema-graph\">{\"@context\":\"https:\/\/schema.org\",\"@graph\":[{\"@type\":\"Article\",\"@id\":\"https:\/\/portalraizesnoticias.com.br\/?p=3883#article\",\"isPartOf\":{\"@id\":\"https:\/\/portalraizesnoticias.com.br\/?p=3883\"},\"author\":{\"name\":\"Portal Raizes\",\"@id\":\"https:\/\/portalraizesnoticias.com.br\/#\/schema\/person\/a3ca6b0fc701e78df19756c417d943ae\"},\"headline\":\"Motorista morre ap\u00f3s colis\u00e3o com caminh\u00e3o na BR-116\",\"datePublished\":\"2025-01-09T15:15:07+00:00\",\"mainEntityOfPage\":{\"@id\":\"https:\/\/portalraizesnoticias.com.br\/?p=3883\"},\"wordCount\":179,\"commentCount\":0,\"publisher\":{\"@id\":\"https:\/\/portalraizesnoticias.com.br\/#organization\"},\"image\":{\"@id\":\"https:\/\/portalraizesnoticias.com.br\/?p=3883#primaryimage\"},\"thumbnailUrl\":\"https:\/\/portalraizesnoticias.com.br\/wp-content\/uploads\/2025\/01\/3e3450_df6f4c85eade4730a3be362ad159402cmv2.jpg\",\"keywords\":[\"Acidente\",\"Araci\",\"Br116\"],\"articleSection\":[\"ACIDENTES\",\"DESTAQUES\",\"ULTIMAS NOTICIAS\"],\"inLanguage\":\"pt-BR\",\"potentialAction\":[{\"@type\":\"CommentAction\",\"name\":\"Comment\",\"target\":[\"https:\/\/portalraizesnoticias.com.br\/?p=3883#respond\"]}]},{\"@type\":\"WebPage\",\"@id\":\"https:\/\/portalraizesnoticias.com.br\/?p=3883\",\"url\":\"https:\/\/portalraizesnoticias.com.br\/?p=3883\",\"name\":\"Motorista morre ap\u00f3s colis\u00e3o com caminh\u00e3o na BR-116 - Portal raizes noticias\",\"isPartOf\":{\"@id\":\"https:\/\/portalraizesnoticias.com.br\/#website\"},\"primaryImageOfPage\":{\"@id\":\"https:\/\/portalraizesnoticias.com.br\/?p=3883#primaryimage\"},\"image\":{\"@id\":\"https:\/\/portalraizesnoticias.com.br\/?p=3883#primaryimage\"},\"thumbnailUrl\":\"https:\/\/portalraizesnoticias.com.br\/wp-content\/uploads\/2025\/01\/3e3450_df6f4c85eade4730a3be362ad159402cmv2.jpg\",\"datePublished\":\"2025-01-09T15:15:07+00:00\",\"breadcrumb\":{\"@id\":\"https:\/\/portalraizesnoticias.com.br\/?p=3883#breadcrumb\"},\"inLanguage\":\"pt-BR\",\"potentialAction\":[{\"@type\":\"ReadAction\",\"target\":[\"https:\/\/portalraizesnoticias.com.br\/?p=3883\"]}]},{\"@type\":\"ImageObject\",\"inLanguage\":\"pt-BR\",\"@id\":\"https:\/\/portalraizesnoticias.com.br\/?p=3883#primaryimage\",\"url\":\"https:\/\/portalraizesnoticias.com.br\/wp-content\/uploads\/2025\/01\/3e3450_df6f4c85eade4730a3be362ad159402cmv2.jpg\",\"contentUrl\":\"https:\/\/portalraizesnoticias.com.br\/wp-content\/uploads\/2025\/01\/3e3450_df6f4c85eade4730a3be362ad159402cmv2.jpg\",\"width\":568,\"height\":484},{\"@type\":\"BreadcrumbList\",\"@id\":\"https:\/\/portalraizesnoticias.com.br\/?p=3883#breadcrumb\",\"itemListElement\":[{\"@type\":\"ListItem\",\"position\":1,\"name\":\"In\u00edcio\",\"item\":\"https:\/\/portalraizesnoticias.com.br\/\"},{\"@type\":\"ListItem\",\"position\":2,\"name\":\"Motorista morre ap\u00f3s colis\u00e3o com caminh\u00e3o na BR-116\"}]},{\"@type\":\"WebSite\",\"@id\":\"https:\/\/portalraizesnoticias.com.br\/#website\",\"url\":\"https:\/\/portalraizesnoticias.com.br\/\",\"name\":\"Portal raizes NOTICIAS\",\"description\":\"site de noticias de concei\u00e7\u00e3o do coit\u00e9 e regi\u00e3o\",\"publisher\":{\"@id\":\"https:\/\/portalraizesnoticias.com.br\/#organization\"},\"alternateName\":\"PORTAL RAIZES COIT\u00c9\",\"potentialAction\":[{\"@type\":\"SearchAction\",\"target\":{\"@type\":\"EntryPoint\",\"urlTemplate\":\"https:\/\/portalraizesnoticias.com.br\/?s={search_term_string}\"},\"query-input\":{\"@type\":\"PropertyValueSpecification\",\"valueRequired\":true,\"valueName\":\"search_term_string\"}}],\"inLanguage\":\"pt-BR\"},{\"@type\":\"Organization\",\"@id\":\"https:\/\/portalraizesnoticias.com.br\/#organization\",\"name\":\"Portal raizes NOTICIAS\",\"url\":\"https:\/\/portalraizesnoticias.com.br\/\",\"logo\":{\"@type\":\"ImageObject\",\"inLanguage\":\"pt-BR\",\"@id\":\"https:\/\/portalraizesnoticias.com.br\/#\/schema\/logo\/image\/\",\"url\":\"https:\/\/portalraizesnoticias.com.br\/wp-content\/uploads\/2024\/09\/cropped-Captura-de-tela-2024-09-08-011108.png\",\"contentUrl\":\"https:\/\/portalraizesnoticias.com.br\/wp-content\/uploads\/2024\/09\/cropped-Captura-de-tela-2024-09-08-011108.png\",\"width\":606,\"height\":173,\"caption\":\"Portal raizes NOTICIAS\"},\"image\":{\"@id\":\"https:\/\/portalraizesnoticias.com.br\/#\/schema\/logo\/image\/\"}},{\"@type\":\"Person\",\"@id\":\"https:\/\/portalraizesnoticias.com.br\/#\/schema\/person\/a3ca6b0fc701e78df19756c417d943ae\",\"name\":\"Portal Raizes\",\"image\":{\"@type\":\"ImageObject\",\"inLanguage\":\"pt-BR\",\"@id\":\"https:\/\/portalraizesnoticias.com.br\/#\/schema\/person\/image\/\",\"url\":\"https:\/\/secure.gravatar.com\/avatar\/ef450d29013a3d3fba867a12a249d7b1?s=96&d=mm&r=g\",\"contentUrl\":\"https:\/\/secure.gravatar.com\/avatar\/ef450d29013a3d3fba867a12a249d7b1?s=96&d=mm&r=g\",\"caption\":\"Portal Raizes\"},\"url\":\"https:\/\/portalraizesnoticias.com.br\/?author=3\"}]}<\/script>\n<!-- \/ Yoast SEO plugin. -->","yoast_head_json":{"title":"Motorista morre ap\u00f3s colis\u00e3o com caminh\u00e3o na BR-116 - Portal raizes noticias","robots":{"index":"index","follow":"follow","max-snippet":"max-snippet:-1","max-image-preview":"max-image-preview:large","max-video-preview":"max-video-preview:-1"},"canonical":"https:\/\/portalraizesnoticias.com.br\/?p=3883","og_locale":"pt_BR","og_type":"article","og_title":"Motorista morre ap\u00f3s colis\u00e3o com caminh\u00e3o na BR-116 - Portal raizes noticias","og_description":"Na noite da \u00faltima quarta-feira, 8, um grave acidente foi registrado na BR-116 Norte, na zona urbana de Araci, nas proximidades do bairro Coqueiro. A ocorr\u00eancia envolveu um autom\u00f3vel, conduzido por Carlos Magno Silva Carvalho, de 60 anos, e um caminh\u00e3o. De acordo com informa\u00e7\u00f5es recebidas pelo 1\u00ba Pelot\u00e3o da Pol\u00edcia Militar, por volta das 23h20, prepostos da Guarda Municipal informaram sobre o acidente, que resultou na morte do motorista Carlos Magno. A colis\u00e3o ocorreu no sentido Tucano, logo ap\u00f3s um Motel. As equipes da Guarda Municipal e do Servi\u00e7o de Atendimento M\u00f3vel de Urg\u00eancia j\u00e1 estavam no local quando a viatura policial chegou. A \u00e1rea foi devidamente sinalizada e isolada at\u00e9 a chegada do Corpo de Bombeiros, do Departamento de Pol\u00edcia T\u00e9cnica e da Pol\u00edcia Rodovi\u00e1ria Federal para que as provid\u00eancias legais fossem tomadas. As circunst\u00e2ncias do acidente est\u00e3o sendo investigadas pelas autoridades competentes. Informa\u00e7\u00f5es extra\u00eddas do site Info Serrinha","og_url":"https:\/\/portalraizesnoticias.com.br\/?p=3883","og_site_name":"Portal raizes noticias","article_published_time":"2025-01-09T15:15:07+00:00","og_image":[{"width":568,"height":484,"url":"https:\/\/portalraizesnoticias.com.br\/wp-content\/uploads\/2025\/01\/3e3450_df6f4c85eade4730a3be362ad159402cmv2.jpg","type":"image\/jpeg"}],"author":"Portal Raizes","twitter_card":"summary_large_image","twitter_misc":{"Escrito por":"Portal Raizes","Est. tempo de leitura":"2 minutos"},"schema":{"@context":"https:\/\/schema.org","@graph":[{"@type":"Article","@id":"https:\/\/portalraizesnoticias.com.br\/?p=3883#article","isPartOf":{"@id":"https:\/\/portalraizesnoticias.com.br\/?p=3883"},"author":{"name":"Portal Raizes","@id":"https:\/\/portalraizesnoticias.com.br\/#\/schema\/person\/a3ca6b0fc701e78df19756c417d943ae"},"headline":"Motorista morre ap\u00f3s colis\u00e3o com caminh\u00e3o na BR-116","datePublished":"2025-01-09T15:15:07+00:00","mainEntityOfPage":{"@id":"https:\/\/portalraizesnoticias.com.br\/?p=3883"},"wordCount":179,"commentCount":0,"publisher":{"@id":"https:\/\/portalraizesnoticias.com.br\/#organization"},"image":{"@id":"https:\/\/portalraizesnoticias.com.br\/?p=3883#primaryimage"},"thumbnailUrl":"https:\/\/portalraizesnoticias.com.br\/wp-content\/uploads\/2025\/01\/3e3450_df6f4c85eade4730a3be362ad159402cmv2.jpg","keywords":["Acidente","Araci","Br116"],"articleSection":["ACIDENTES","DESTAQUES","ULTIMAS NOTICIAS"],"inLanguage":"pt-BR","potentialAction":[{"@type":"CommentAction","name":"Comment","target":["https:\/\/portalraizesnoticias.com.br\/?p=3883#respond"]}]},{"@type":"WebPage","@id":"https:\/\/portalraizesnoticias.com.br\/?p=3883","url":"https:\/\/portalraizesnoticias.com.br\/?p=3883","name":"Motorista morre ap\u00f3s colis\u00e3o com caminh\u00e3o na BR-116 - Portal raizes noticias","isPartOf":{"@id":"https:\/\/portalraizesnoticias.com.br\/#website"},"primaryImageOfPage":{"@id":"https:\/\/portalraizesnoticias.com.br\/?p=3883#primaryimage"},"image":{"@id":"https:\/\/portalraizesnoticias.com.br\/?p=3883#primaryimage"},"thumbnailUrl":"https:\/\/portalraizesnoticias.com.br\/wp-content\/uploads\/2025\/01\/3e3450_df6f4c85eade4730a3be362ad159402cmv2.jpg","datePublished":"2025-01-09T15:15:07+00:00","breadcrumb":{"@id":"https:\/\/portalraizesnoticias.com.br\/?p=3883#breadcrumb"},"inLanguage":"pt-BR","potentialAction":[{"@type":"ReadAction","target":["https:\/\/portalraizesnoticias.com.br\/?p=3883"]}]},{"@type":"ImageObject","inLanguage":"pt-BR","@id":"https:\/\/portalraizesnoticias.com.br\/?p=3883#primaryimage","url":"https:\/\/portalraizesnoticias.com.br\/wp-content\/uploads\/2025\/01\/3e3450_df6f4c85eade4730a3be362ad159402cmv2.jpg","contentUrl":"https:\/\/portalraizesnoticias.com.br\/wp-content\/uploads\/2025\/01\/3e3450_df6f4c85eade4730a3be362ad159402cmv2.jpg","width":568,"height":484},{"@type":"BreadcrumbList","@id":"https:\/\/portalraizesnoticias.com.br\/?p=3883#breadcrumb","itemListElement":[{"@type":"ListItem","position":1,"name":"In\u00edcio","item":"https:\/\/portalraizesnoticias.com.br\/"},{"@type":"ListItem","position":2,"name":"Motorista morre ap\u00f3s colis\u00e3o com caminh\u00e3o na BR-116"}]},{"@type":"WebSite","@id":"https:\/\/portalraizesnoticias.com.br\/#website","url":"https:\/\/portalraizesnoticias.com.br\/","name":"Portal raizes NOTICIAS","description":"site de noticias de concei\u00e7\u00e3o do coit\u00e9 e regi\u00e3o","publisher":{"@id":"https:\/\/portalraizesnoticias.com.br\/#organization"},"alternateName":"PORTAL RAIZES COIT\u00c9","potentialAction":[{"@type":"SearchAction","target":{"@type":"EntryPoint","urlTemplate":"https:\/\/portalraizesnoticias.com.br\/?s={search_term_string}"},"query-input":{"@type":"PropertyValueSpecification","valueRequired":true,"valueName":"search_term_string"}}],"inLanguage":"pt-BR"},{"@type":"Organization","@id":"https:\/\/portalraizesnoticias.com.br\/#organization","name":"Portal raizes NOTICIAS","url":"https:\/\/portalraizesnoticias.com.br\/","logo":{"@type":"ImageObject","inLanguage":"pt-BR","@id":"https:\/\/portalraizesnoticias.com.br\/#\/schema\/logo\/image\/","url":"https:\/\/portalraizesnoticias.com.br\/wp-content\/uploads\/2024\/09\/cropped-Captura-de-tela-2024-09-08-011108.png","contentUrl":"https:\/\/portalraizesnoticias.com.br\/wp-content\/uploads\/2024\/09\/cropped-Captura-de-tela-2024-09-08-011108.png","width":606,"height":173,"caption":"Portal raizes NOTICIAS"},"image":{"@id":"https:\/\/portalraizesnoticias.com.br\/#\/schema\/logo\/image\/"}},{"@type":"Person","@id":"https:\/\/portalraizesnoticias.com.br\/#\/schema\/person\/a3ca6b0fc701e78df19756c417d943ae","name":"Portal Raizes","image":{"@type":"ImageObject","inLanguage":"pt-BR","@id":"https:\/\/portalraizesnoticias.com.br\/#\/schema\/person\/image\/","url":"https:\/\/secure.gravatar.com\/avatar\/ef450d29013a3d3fba867a12a249d7b1?s=96&d=mm&r=g","contentUrl":"https:\/\/secure.gravatar.com\/avatar\/ef450d29013a3d3fba867a12a249d7b1?s=96&d=mm&r=g","caption":"Portal Raizes"},"url":"https:\/\/portalraizesnoticias.com.br\/?author=3"}]}},"_links":{"self":[{"href":"https:\/\/portalraizesnoticias.com.br\/index.php?rest_route=\/wp\/v2\/posts\/3883"}],"collection":[{"href":"https:\/\/portalraizesnoticias.com.br\/index.php?rest_route=\/wp\/v2\/posts"}],"about":[{"href":"https:\/\/portalraizesnoticias.com.br\/index.php?rest_route=\/wp\/v2\/types\/post"}],"author":[{"embeddable":true,"href":"https:\/\/portalraizesnoticias.com.br\/index.php?rest_route=\/wp\/v2\/users\/3"}],"replies":[{"embeddable":true,"href":"https:\/\/portalraizesnoticias.com.br\/index.php?rest_route=%2Fwp%2Fv2%2Fcomments&post=3883"}],"version-history":[{"count":1,"href":"https:\/\/portalraizesnoticias.com.br\/index.php?rest_route=\/wp\/v2\/posts\/3883\/revisions"}],"predecessor-version":[{"id":3885,"href":"https:\/\/portalraizesnoticias.com.br\/index.php?rest_route=\/wp\/v2\/posts\/3883\/revisions\/3885"}],"wp:featuredmedia":[{"embeddable":true,"href":"https:\/\/portalraizesnoticias.com.br\/index.php?rest_route=\/wp\/v2\/media\/3884"}],"wp:attachment":[{"href":"https:\/\/portalraizesnoticias.com.br\/index.php?rest_route=%2Fwp%2Fv2%2Fmedia&parent=3883"}],"wp:term":[{"taxonomy":"category","embeddable":true,"href":"https:\/\/portalraizesnoticias.com.br\/index.php?rest_route=%2Fwp%2Fv2%2Fcategories&post=3883"},{"taxonomy":"post_tag","embeddable":true,"href":"https:\/\/portalraizesnoticias.com.br\/index.php?rest_route=%2Fwp%2Fv2%2Ftags&post=3883"}],"curies":[{"name":"wp","href":"https:\/\/api.w.org\/{rel}","templated":true}]}}