{"id":3782,"date":"2025-01-06T18:33:31","date_gmt":"2025-01-06T21:33:31","guid":{"rendered":"https:\/\/portalraizesnoticias.com.br\/?p=3782"},"modified":"2025-01-06T18:59:57","modified_gmt":"2025-01-06T21:59:57","slug":"coite-padre-oldack-solta-o-verbo-apos-chamarem-estrutura-ao-lado-da-igreja-de-gaiola-ao-inves-de-criticar-deveriam-participar-da-missa","status":"publish","type":"post","link":"https:\/\/portalraizesnoticias.com.br\/?p=3782","title":{"rendered":"Coit\u00e9: Padre Oldack solta o verbo ap\u00f3s chamarem estrutura ao lado da igreja de &#8216;gaiola&#8217;:  &#8220;Ao inv\u00e9s de cr\u00edticar, deveriam participar da missa!&#8221;"},"content":{"rendered":"<p>Ap\u00f3s alguns meses de constru\u00e7\u00e3o, a estrutura que fica ao lado da Igreja Matriz ainda \u00e9 motivo de coment\u00e1rios em Concei\u00e7\u00e3o do Coit\u00e9, regi\u00e3o sisaleira.<\/p>\n<p><strong>In\u00edcio<\/strong>.<\/p>\n<p>O processo iniciou durante a pandemia, quando o padre Oldack percebeu a necessidade dos fi\u00e9is de participarem da missa no lado de fora da igreja.<\/p>\n<p><img fetchpriority=\"high\" decoding=\"async\" class=\"size-medium wp-image-3783 aligncenter\" src=\"https:\/\/portalraizesnoticias.com.br\/wp-content\/uploads\/2025\/01\/IMG-20250106-WA0368-300x182.jpg\" alt=\"\" width=\"300\" height=\"182\" srcset=\"https:\/\/portalraizesnoticias.com.br\/wp-content\/uploads\/2025\/01\/IMG-20250106-WA0368-300x182.jpg 300w, https:\/\/portalraizesnoticias.com.br\/wp-content\/uploads\/2025\/01\/IMG-20250106-WA0368-1024x620.jpg 1024w, https:\/\/portalraizesnoticias.com.br\/wp-content\/uploads\/2025\/01\/IMG-20250106-WA0368-768x465.jpg 768w, https:\/\/portalraizesnoticias.com.br\/wp-content\/uploads\/2025\/01\/IMG-20250106-WA0368.jpg 1190w\" sizes=\"(max-width: 300px) 100vw, 300px\" \/><\/p>\n<p style=\"text-align: center;\"><em>Toldos ao lado da igreja<\/em><\/p>\n<p>\u201cPercebemos que as pessoas vinham mais para igreja por ser um espa\u00e7o de sombra, mas, com toldos expostos, come\u00e7aram a furtar as fia\u00e7\u00f5es e tamb\u00e9m tinha a quest\u00e3o de ficar colocando e recolhendo 250 a 300 cadeiras todos os dias que tinha celebra\u00e7\u00e3o&#8221;, explicou padre Oldack Filho \u00e0 jornalista Rafaela Rodrigues.<\/p>\n<p><img decoding=\"async\" class=\"size-medium wp-image-2633 aligncenter\" src=\"https:\/\/portalraizesnoticias.com.br\/wp-content\/uploads\/2024\/12\/Card-Matricula_02-300x300.png\" alt=\"\" width=\"300\" height=\"300\" srcset=\"https:\/\/portalraizesnoticias.com.br\/wp-content\/uploads\/2024\/12\/Card-Matricula_02-300x300.png 300w, https:\/\/portalraizesnoticias.com.br\/wp-content\/uploads\/2024\/12\/Card-Matricula_02-1024x1024.png 1024w, https:\/\/portalraizesnoticias.com.br\/wp-content\/uploads\/2024\/12\/Card-Matricula_02-150x150.png 150w, https:\/\/portalraizesnoticias.com.br\/wp-content\/uploads\/2024\/12\/Card-Matricula_02-768x768.png 768w, https:\/\/portalraizesnoticias.com.br\/wp-content\/uploads\/2024\/12\/Card-Matricula_02.png 1080w\" sizes=\"(max-width: 300px) 100vw, 300px\" \/><\/p>\n<p style=\"text-align: center;\"><strong>PUBLICIDADE<\/strong><\/p>\n<p>A partir da\u00ed, conforme o padre Oldack, surgiu a ideia de um espa\u00e7o fixo para servir de extens\u00e3o da igreja.<\/p>\n<p>&#8220;Tivemos uma doa\u00e7\u00e3o do prefeito Marcelo Ara\u00fajo e tamb\u00e9m utilizamos recursos da igreja. O formato foi desenvolvido por n\u00f3s, da igreja. Dessa forma, foi a que melhor se adequou.<\/p>\n<p><strong>A<\/strong> <strong>estrutura<\/strong>.<\/p>\n<p>Com o teto met\u00e1lico composto por ferros em volta, h\u00e1 quem goste do formato e tamb\u00e9m que demonstrou insatisfa\u00e7\u00e3o, denominando o local de &#8220;gaiola&#8221;.<\/p>\n<div style=\"width: 478px;\" class=\"wp-video\"><!--[if lt IE 9]><script>document.createElement('video');<\/script><![endif]-->\n<video class=\"wp-video-shortcode\" id=\"video-3782-1\" width=\"478\" height=\"850\" preload=\"metadata\" controls=\"controls\"><source type=\"video\/mp4\" src=\"https:\/\/portalraizesnoticias.com.br\/wp-content\/uploads\/2025\/01\/VID-20250106-WA0097.mp4?_=1\" \/><a href=\"https:\/\/portalraizesnoticias.com.br\/wp-content\/uploads\/2025\/01\/VID-20250106-WA0097.mp4\">https:\/\/portalraizesnoticias.com.br\/wp-content\/uploads\/2025\/01\/VID-20250106-WA0097.mp4<\/a><\/video><\/div>\n<p>&#8220;N\u00e3o vi nada de mais na estrutura e acredito que o padre idealizou algo nas condi\u00e7\u00f5es da igreja. Sem falar que fica ventilado para quem est\u00e1 na missa&#8221;, falou uma coiteense que preferiu n\u00e3o ser identificada.<\/p>\n<p>Outro residente de Coit\u00e9 enviou um v\u00eddeo para nossa equipe e teceu cr\u00edticas ao local.<\/p>\n<p><img decoding=\"async\" class=\"size-medium wp-image-1970 aligncenter\" src=\"https:\/\/portalraizesnoticias.com.br\/wp-content\/uploads\/2024\/11\/Banner-home-center-300x300.jpg\" alt=\"\" width=\"300\" height=\"300\" srcset=\"https:\/\/portalraizesnoticias.com.br\/wp-content\/uploads\/2024\/11\/Banner-home-center-300x300.jpg 300w, https:\/\/portalraizesnoticias.com.br\/wp-content\/uploads\/2024\/11\/Banner-home-center-1024x1024.jpg 1024w, https:\/\/portalraizesnoticias.com.br\/wp-content\/uploads\/2024\/11\/Banner-home-center-150x150.jpg 150w, https:\/\/portalraizesnoticias.com.br\/wp-content\/uploads\/2024\/11\/Banner-home-center-768x768.jpg 768w, https:\/\/portalraizesnoticias.com.br\/wp-content\/uploads\/2024\/11\/Banner-home-center-700x700.jpg 700w, https:\/\/portalraizesnoticias.com.br\/wp-content\/uploads\/2024\/11\/Banner-home-center-620x620.jpg 620w, https:\/\/portalraizesnoticias.com.br\/wp-content\/uploads\/2024\/11\/Banner-home-center-400x400.jpg 400w, https:\/\/portalraizesnoticias.com.br\/wp-content\/uploads\/2024\/11\/Banner-home-center.jpg 1080w\" sizes=\"(max-width: 300px) 100vw, 300px\" \/><\/p>\n<p style=\"text-align: center;\"><strong>PUBLICIDADE<\/strong><\/p>\n<p>&#8220;A igreja da Matriz est\u00e1 entre as mais bonitas da regi\u00e3o. Sua arquitetura externa fica ainda mais bonita \u00e0 noite, iluminada com centenas de l\u00e2mpadas. Cen\u00e1rio de fotos que marcaram fam\u00edlias, fotos dos rec\u00e9m-casados, \u00e9 como um cart\u00e3o postal. Quando Coit\u00e9 aparece na televis\u00e3o, \u00e9 a igreja matriz que representa a cidade. A\u00ed, do nada, o padre resolve construir algo que, a meu ver, parece mais uma gaiola. Al\u00e9m de ser esteticamente horroroso, parece uma cadeia mesmo, como se quisesse prender os fi\u00e9is a todo custo. Se ele pensou em expandir a igreja, poderia t\u00ea-lo feito de tijolos e mantendo o desenho arquitet\u00f4nico original. V\u00e1rias igrejas s\u00e3o expandidas assim. Do meu ponto de vista, o padre pecou, mas ainda \u00e9 poss\u00edvel arrepender-se e retirar essa estrutura do lado da igreja mais bela da regi\u00e3o&#8221;, disse um coiteense que preferiu n\u00e3o ser identificado.<\/p>\n<p>A reportagem do Portal Ra\u00edzes ouviu outras pessoas e as opini\u00f5es foram divididas ou neutras.<\/p>\n<p><img loading=\"lazy\" decoding=\"async\" class=\"size-medium wp-image-3171 aligncenter\" src=\"https:\/\/portalraizesnoticias.com.br\/wp-content\/uploads\/2024\/12\/Brasao-Clube-de-Tiro-vetorizado-2-300x176.png\" alt=\"\" width=\"300\" height=\"176\" srcset=\"https:\/\/portalraizesnoticias.com.br\/wp-content\/uploads\/2024\/12\/Brasao-Clube-de-Tiro-vetorizado-2-300x176.png 300w, https:\/\/portalraizesnoticias.com.br\/wp-content\/uploads\/2024\/12\/Brasao-Clube-de-Tiro-vetorizado-2-1024x602.png 1024w, https:\/\/portalraizesnoticias.com.br\/wp-content\/uploads\/2024\/12\/Brasao-Clube-de-Tiro-vetorizado-2-768x451.png 768w, https:\/\/portalraizesnoticias.com.br\/wp-content\/uploads\/2024\/12\/Brasao-Clube-de-Tiro-vetorizado-2-1536x902.png 1536w, https:\/\/portalraizesnoticias.com.br\/wp-content\/uploads\/2024\/12\/Brasao-Clube-de-Tiro-vetorizado-2-2048x1203.png 2048w\" sizes=\"(max-width: 300px) 100vw, 300px\" \/><\/p>\n<p style=\"text-align: center;\"><strong><a href=\"https:\/\/www.instagram.com\/sisaleiropocosartesianos?igsh=bzhqam11ZHkzZXBl\">PUBLICIDADE<\/a><\/strong><\/p>\n<p>&#8220;Para mim, n\u00e3o houve altera\u00e7\u00f5es significativas desde que pude assistir \u00e0 missa tranquilamente. Est\u00e1 bom para mim&#8221;, disse uma entrevistada.<\/p>\n<p><strong>O Padre hablou!\u00a0<\/strong><\/p>\n<p>Procurado pela jornalista Rafaela Rodrigues e relatado sobre os coment\u00e1rios, padre Odalck fez quest\u00e3o de rebater aqueles que criticam.<\/p>\n<p><img loading=\"lazy\" decoding=\"async\" class=\"size-full wp-image-3785 aligncenter\" src=\"https:\/\/portalraizesnoticias.com.br\/wp-content\/uploads\/2025\/01\/images-85.jpeg\" alt=\"\" width=\"207\" height=\"243\" \/><\/p>\n<p>&#8220;Quem acha que a extens\u00e3o da igreja \u00e9 uma gaiola n\u00e3o vive a vida de ser igreja. No lugar das pessoas criticarem, deveriam participar da missa! Aquelas pessoas que criticam olham a igreja apenas como um lugar art\u00edstico e n\u00e3o como lugar de participa\u00e7\u00e3o da comunidade que vive a f\u00e9&#8221;, rebateu.<\/p>\n<p><img loading=\"lazy\" decoding=\"async\" class=\"size-medium wp-image-2520 aligncenter\" src=\"https:\/\/portalraizesnoticias.com.br\/wp-content\/uploads\/2024\/11\/Imagem-do-WhatsApp-de-2024-11-28-as-11.24.37_b858345f-300x142.jpg\" alt=\"\" width=\"300\" height=\"142\" srcset=\"https:\/\/portalraizesnoticias.com.br\/wp-content\/uploads\/2024\/11\/Imagem-do-WhatsApp-de-2024-11-28-as-11.24.37_b858345f-300x142.jpg 300w, https:\/\/portalraizesnoticias.com.br\/wp-content\/uploads\/2024\/11\/Imagem-do-WhatsApp-de-2024-11-28-as-11.24.37_b858345f.jpg 722w\" sizes=\"(max-width: 300px) 100vw, 300px\" \/><\/p>\n<p style=\"text-align: center;\"><strong>PUBLICIDADE<\/strong><\/p>\n<p>Ele enfatiza que a estrutura permite que mais pessoas participem dessa experi\u00eancia de f\u00e9.<\/p>\n<p>&#8220;S\u00f3 sabe quem participa, vivendo a f\u00e9 e o encontro com Jesus Cristo. Se tem gente que fala bem ou mal, paci\u00eancia, at\u00e9 porque at\u00e9 do Senhor tecem cr\u00edticas&#8221;, finaliza.<\/p>\n<p><strong>Arquiteto<\/strong>.<\/p>\n<p>O arquiteto Thiago Cruz, respons\u00e1vel apenas pelo desenho arquitet\u00f4nico da pra\u00e7a da Matriz que inaugurou recentemente, informou sobre a estrutura idealizada pelo padre.<\/p>\n<p>\u201cA pedido do Padre Oldack, o projeto foi solicitado considerando a necessidade de abrigar os fi\u00e9is, em dias de sol e chuva, para acompanhar as cerim\u00f4nias. Uma estrutura met\u00e1lica fixa, de v\u00e3o livre, e uma \u00e1rea coberta de 240m2. Al\u00e9m de uma prote\u00e7\u00e3o em seu entorno para prevenir o vandalismo&#8221;, explicou.<\/p>\n<p>Questionado sobre o que ele faria diferente no projeto idealizado pelo padre, Thiago preferiu n\u00e3o se manifestar.<\/p>\n<p>Reda\u00e7\u00e3o.<\/p>\n","protected":false},"excerpt":{"rendered":"<p>Ap\u00f3s alguns meses de constru\u00e7\u00e3o, a estrutura que fica ao lado da Igreja Matriz ainda \u00e9 motivo de coment\u00e1rios em Concei\u00e7\u00e3o do Coit\u00e9, regi\u00e3o sisaleira. In\u00edcio. O processo iniciou durante a pandemia, quando o padre Oldack percebeu a necessidade dos fi\u00e9is de participarem da missa no lado de fora da igreja. Toldos ao lado da igreja \u201cPercebemos que as pessoas vinham mais para igreja por ser um espa\u00e7o de sombra, mas, com toldos expostos, come\u00e7aram a furtar as fia\u00e7\u00f5es e tamb\u00e9m tinha a quest\u00e3o de ficar colocando e recolhendo 250 a 300 cadeiras todos os dias que tinha celebra\u00e7\u00e3o&#8221;, explicou padre Oldack Filho \u00e0 jornalista Rafaela Rodrigues. PUBLICIDADE A partir da\u00ed, conforme o padre Oldack, surgiu a ideia de um espa\u00e7o fixo para servir de extens\u00e3o da igreja. &#8220;Tivemos uma doa\u00e7\u00e3o do prefeito Marcelo Ara\u00fajo e tamb\u00e9m utilizamos recursos da igreja. O formato foi desenvolvido por n\u00f3s, da igreja. Dessa forma, foi a que melhor se adequou. A estrutura. Com o teto met\u00e1lico composto por ferros em volta, h\u00e1 quem goste do formato e tamb\u00e9m que demonstrou insatisfa\u00e7\u00e3o, denominando o local de &#8220;gaiola&#8221;. &#8220;N\u00e3o vi nada de mais na estrutura e acredito que o padre idealizou algo nas condi\u00e7\u00f5es da igreja. Sem falar que fica ventilado para quem est\u00e1 na missa&#8221;, falou uma coiteense que preferiu n\u00e3o ser identificada. Outro residente de Coit\u00e9 enviou um v\u00eddeo para nossa equipe e teceu cr\u00edticas ao local. PUBLICIDADE &#8220;A igreja da Matriz est\u00e1 entre as mais bonitas da regi\u00e3o. Sua arquitetura externa fica ainda mais bonita \u00e0 noite, iluminada com centenas de l\u00e2mpadas. Cen\u00e1rio de fotos que marcaram fam\u00edlias, fotos dos rec\u00e9m-casados, \u00e9 como um cart\u00e3o postal. Quando Coit\u00e9 aparece na televis\u00e3o, \u00e9 a igreja matriz que representa a cidade. A\u00ed, do nada, o padre resolve construir algo que, a meu ver, parece mais uma gaiola. Al\u00e9m de ser esteticamente horroroso, parece uma cadeia mesmo, como se quisesse prender os fi\u00e9is a todo custo. Se ele pensou em expandir a igreja, poderia t\u00ea-lo feito de tijolos e mantendo o desenho arquitet\u00f4nico original. V\u00e1rias igrejas s\u00e3o expandidas assim. Do meu ponto de vista, o padre pecou, mas ainda \u00e9 poss\u00edvel arrepender-se e retirar essa estrutura do lado da igreja mais bela da regi\u00e3o&#8221;, disse um coiteense que preferiu n\u00e3o ser identificado. A reportagem do Portal Ra\u00edzes ouviu outras pessoas e as opini\u00f5es foram divididas ou neutras. PUBLICIDADE &#8220;Para mim, n\u00e3o houve altera\u00e7\u00f5es significativas desde que pude assistir \u00e0 missa tranquilamente. Est\u00e1 bom para mim&#8221;, disse uma entrevistada. O Padre hablou!\u00a0 Procurado pela jornalista Rafaela Rodrigues e relatado sobre os coment\u00e1rios, padre Odalck fez quest\u00e3o de rebater aqueles que criticam. &#8220;Quem acha que a extens\u00e3o da igreja \u00e9 uma gaiola n\u00e3o vive a vida de ser igreja. No lugar das pessoas criticarem, deveriam participar da missa! Aquelas pessoas que criticam olham a igreja apenas como um lugar art\u00edstico e n\u00e3o como lugar de participa\u00e7\u00e3o da comunidade que vive a f\u00e9&#8221;, rebateu. PUBLICIDADE Ele enfatiza que a estrutura permite que mais pessoas participem dessa experi\u00eancia de f\u00e9. &#8220;S\u00f3 sabe quem participa, vivendo a f\u00e9 e o encontro com Jesus Cristo. Se tem gente que fala bem ou mal, paci\u00eancia, at\u00e9 porque at\u00e9 do Senhor tecem cr\u00edticas&#8221;, finaliza. Arquiteto. O arquiteto Thiago Cruz, respons\u00e1vel apenas pelo desenho arquitet\u00f4nico da pra\u00e7a da Matriz que inaugurou recentemente, informou sobre a estrutura idealizada pelo padre. \u201cA pedido do Padre Oldack, o projeto foi solicitado considerando a necessidade de abrigar os fi\u00e9is, em dias de sol e chuva, para acompanhar as cerim\u00f4nias. Uma estrutura met\u00e1lica fixa, de v\u00e3o livre, e uma \u00e1rea coberta de 240m2. Al\u00e9m de uma prote\u00e7\u00e3o em seu entorno para prevenir o vandalismo&#8221;, explicou. Questionado sobre o que ele faria diferente no projeto idealizado pelo padre, Thiago preferiu n\u00e3o se manifestar. Reda\u00e7\u00e3o.<\/p>\n","protected":false},"author":3,"featured_media":3787,"comment_status":"open","ping_status":"open","sticky":false,"template":"","format":"standard","meta":{"_joinchat":[],"footnotes":""},"categories":[55,59],"tags":[75,617,616],"class_list":["post-3782","post","type-post","status-publish","format-standard","has-post-thumbnail","hentry","category-destaques","category-ultimas-noticias","tag-coite","tag-critica","tag-padre-oldack"],"yoast_head":"<!-- This site is optimized with the Yoast SEO plugin v24.4 - https:\/\/yoast.com\/wordpress\/plugins\/seo\/ -->\n<title>Coit\u00e9: Padre Oldack solta o verbo ap\u00f3s chamarem estrutura ao lado da igreja de &#039;gaiola&#039;: &quot;Ao inv\u00e9s de cr\u00edticar, deveriam participar da missa!&quot; - Portal raizes noticias<\/title>\n<meta name=\"robots\" content=\"index, follow, max-snippet:-1, max-image-preview:large, max-video-preview:-1\" \/>\n<link rel=\"canonical\" href=\"https:\/\/portalraizesnoticias.com.br\/?p=3782\" \/>\n<meta property=\"og:locale\" content=\"pt_BR\" \/>\n<meta property=\"og:type\" content=\"article\" \/>\n<meta property=\"og:title\" content=\"Coit\u00e9: Padre Oldack solta o verbo ap\u00f3s chamarem estrutura ao lado da igreja de &#039;gaiola&#039;: &quot;Ao inv\u00e9s de cr\u00edticar, deveriam participar da missa!&quot; - Portal raizes noticias\" \/>\n<meta property=\"og:description\" content=\"Ap\u00f3s alguns meses de constru\u00e7\u00e3o, a estrutura que fica ao lado da Igreja Matriz ainda \u00e9 motivo de coment\u00e1rios em Concei\u00e7\u00e3o do Coit\u00e9, regi\u00e3o sisaleira. In\u00edcio. O processo iniciou durante a pandemia, quando o padre Oldack percebeu a necessidade dos fi\u00e9is de participarem da missa no lado de fora da igreja. Toldos ao lado da igreja \u201cPercebemos que as pessoas vinham mais para igreja por ser um espa\u00e7o de sombra, mas, com toldos expostos, come\u00e7aram a furtar as fia\u00e7\u00f5es e tamb\u00e9m tinha a quest\u00e3o de ficar colocando e recolhendo 250 a 300 cadeiras todos os dias que tinha celebra\u00e7\u00e3o&#8221;, explicou padre Oldack Filho \u00e0 jornalista Rafaela Rodrigues. PUBLICIDADE A partir da\u00ed, conforme o padre Oldack, surgiu a ideia de um espa\u00e7o fixo para servir de extens\u00e3o da igreja. &#8220;Tivemos uma doa\u00e7\u00e3o do prefeito Marcelo Ara\u00fajo e tamb\u00e9m utilizamos recursos da igreja. O formato foi desenvolvido por n\u00f3s, da igreja. Dessa forma, foi a que melhor se adequou. A estrutura. Com o teto met\u00e1lico composto por ferros em volta, h\u00e1 quem goste do formato e tamb\u00e9m que demonstrou insatisfa\u00e7\u00e3o, denominando o local de &#8220;gaiola&#8221;. &#8220;N\u00e3o vi nada de mais na estrutura e acredito que o padre idealizou algo nas condi\u00e7\u00f5es da igreja. Sem falar que fica ventilado para quem est\u00e1 na missa&#8221;, falou uma coiteense que preferiu n\u00e3o ser identificada. Outro residente de Coit\u00e9 enviou um v\u00eddeo para nossa equipe e teceu cr\u00edticas ao local. PUBLICIDADE &#8220;A igreja da Matriz est\u00e1 entre as mais bonitas da regi\u00e3o. Sua arquitetura externa fica ainda mais bonita \u00e0 noite, iluminada com centenas de l\u00e2mpadas. Cen\u00e1rio de fotos que marcaram fam\u00edlias, fotos dos rec\u00e9m-casados, \u00e9 como um cart\u00e3o postal. Quando Coit\u00e9 aparece na televis\u00e3o, \u00e9 a igreja matriz que representa a cidade. A\u00ed, do nada, o padre resolve construir algo que, a meu ver, parece mais uma gaiola. Al\u00e9m de ser esteticamente horroroso, parece uma cadeia mesmo, como se quisesse prender os fi\u00e9is a todo custo. Se ele pensou em expandir a igreja, poderia t\u00ea-lo feito de tijolos e mantendo o desenho arquitet\u00f4nico original. V\u00e1rias igrejas s\u00e3o expandidas assim. Do meu ponto de vista, o padre pecou, mas ainda \u00e9 poss\u00edvel arrepender-se e retirar essa estrutura do lado da igreja mais bela da regi\u00e3o&#8221;, disse um coiteense que preferiu n\u00e3o ser identificado. A reportagem do Portal Ra\u00edzes ouviu outras pessoas e as opini\u00f5es foram divididas ou neutras. PUBLICIDADE &#8220;Para mim, n\u00e3o houve altera\u00e7\u00f5es significativas desde que pude assistir \u00e0 missa tranquilamente. Est\u00e1 bom para mim&#8221;, disse uma entrevistada. O Padre hablou!\u00a0 Procurado pela jornalista Rafaela Rodrigues e relatado sobre os coment\u00e1rios, padre Odalck fez quest\u00e3o de rebater aqueles que criticam. &#8220;Quem acha que a extens\u00e3o da igreja \u00e9 uma gaiola n\u00e3o vive a vida de ser igreja. No lugar das pessoas criticarem, deveriam participar da missa! Aquelas pessoas que criticam olham a igreja apenas como um lugar art\u00edstico e n\u00e3o como lugar de participa\u00e7\u00e3o da comunidade que vive a f\u00e9&#8221;, rebateu. PUBLICIDADE Ele enfatiza que a estrutura permite que mais pessoas participem dessa experi\u00eancia de f\u00e9. &#8220;S\u00f3 sabe quem participa, vivendo a f\u00e9 e o encontro com Jesus Cristo. Se tem gente que fala bem ou mal, paci\u00eancia, at\u00e9 porque at\u00e9 do Senhor tecem cr\u00edticas&#8221;, finaliza. Arquiteto. O arquiteto Thiago Cruz, respons\u00e1vel apenas pelo desenho arquitet\u00f4nico da pra\u00e7a da Matriz que inaugurou recentemente, informou sobre a estrutura idealizada pelo padre. \u201cA pedido do Padre Oldack, o projeto foi solicitado considerando a necessidade de abrigar os fi\u00e9is, em dias de sol e chuva, para acompanhar as cerim\u00f4nias. Uma estrutura met\u00e1lica fixa, de v\u00e3o livre, e uma \u00e1rea coberta de 240m2. Al\u00e9m de uma prote\u00e7\u00e3o em seu entorno para prevenir o vandalismo&#8221;, explicou. Questionado sobre o que ele faria diferente no projeto idealizado pelo padre, Thiago preferiu n\u00e3o se manifestar. Reda\u00e7\u00e3o.\" \/>\n<meta property=\"og:url\" content=\"https:\/\/portalraizesnoticias.com.br\/?p=3782\" \/>\n<meta property=\"og:site_name\" content=\"Portal raizes noticias\" \/>\n<meta property=\"article:published_time\" content=\"2025-01-06T21:33:31+00:00\" \/>\n<meta property=\"article:modified_time\" content=\"2025-01-06T21:59:57+00:00\" \/>\n<meta property=\"og:image\" content=\"https:\/\/portalraizesnoticias.com.br\/wp-content\/uploads\/2025\/01\/IMG-20250106-WA0437.jpg\" \/>\n\t<meta property=\"og:image:width\" content=\"1600\" \/>\n\t<meta property=\"og:image:height\" content=\"1600\" \/>\n\t<meta property=\"og:image:type\" content=\"image\/jpeg\" \/>\n<meta name=\"author\" content=\"Portal Raizes\" \/>\n<meta name=\"twitter:card\" content=\"summary_large_image\" \/>\n<meta name=\"twitter:label1\" content=\"Escrito por\" \/>\n\t<meta name=\"twitter:data1\" content=\"Portal Raizes\" \/>\n\t<meta name=\"twitter:label2\" content=\"Est. tempo de leitura\" \/>\n\t<meta name=\"twitter:data2\" content=\"5 minutos\" \/>\n<script type=\"application\/ld+json\" class=\"yoast-schema-graph\">{\"@context\":\"https:\/\/schema.org\",\"@graph\":[{\"@type\":\"Article\",\"@id\":\"https:\/\/portalraizesnoticias.com.br\/?p=3782#article\",\"isPartOf\":{\"@id\":\"https:\/\/portalraizesnoticias.com.br\/?p=3782\"},\"author\":{\"name\":\"Portal Raizes\",\"@id\":\"https:\/\/portalraizesnoticias.com.br\/#\/schema\/person\/a3ca6b0fc701e78df19756c417d943ae\"},\"headline\":\"Coit\u00e9: Padre Oldack solta o verbo ap\u00f3s chamarem estrutura ao lado da igreja de &#8216;gaiola&#8217;: &#8220;Ao inv\u00e9s de cr\u00edticar, deveriam participar da missa!&#8221;\",\"datePublished\":\"2025-01-06T21:33:31+00:00\",\"dateModified\":\"2025-01-06T21:59:57+00:00\",\"mainEntityOfPage\":{\"@id\":\"https:\/\/portalraizesnoticias.com.br\/?p=3782\"},\"wordCount\":722,\"commentCount\":0,\"publisher\":{\"@id\":\"https:\/\/portalraizesnoticias.com.br\/#organization\"},\"image\":{\"@id\":\"https:\/\/portalraizesnoticias.com.br\/?p=3782#primaryimage\"},\"thumbnailUrl\":\"https:\/\/portalraizesnoticias.com.br\/wp-content\/uploads\/2025\/01\/IMG-20250106-WA0437.jpg\",\"keywords\":[\"Coit\u00e9\",\"Cr\u00edtica\",\"Padre Oldack\"],\"articleSection\":[\"DESTAQUES\",\"ULTIMAS NOTICIAS\"],\"inLanguage\":\"pt-BR\",\"potentialAction\":[{\"@type\":\"CommentAction\",\"name\":\"Comment\",\"target\":[\"https:\/\/portalraizesnoticias.com.br\/?p=3782#respond\"]}]},{\"@type\":\"WebPage\",\"@id\":\"https:\/\/portalraizesnoticias.com.br\/?p=3782\",\"url\":\"https:\/\/portalraizesnoticias.com.br\/?p=3782\",\"name\":\"Coit\u00e9: Padre Oldack solta o verbo ap\u00f3s chamarem estrutura ao lado da igreja de 'gaiola': \\\"Ao inv\u00e9s de cr\u00edticar, deveriam participar da missa!\\\" - Portal raizes noticias\",\"isPartOf\":{\"@id\":\"https:\/\/portalraizesnoticias.com.br\/#website\"},\"primaryImageOfPage\":{\"@id\":\"https:\/\/portalraizesnoticias.com.br\/?p=3782#primaryimage\"},\"image\":{\"@id\":\"https:\/\/portalraizesnoticias.com.br\/?p=3782#primaryimage\"},\"thumbnailUrl\":\"https:\/\/portalraizesnoticias.com.br\/wp-content\/uploads\/2025\/01\/IMG-20250106-WA0437.jpg\",\"datePublished\":\"2025-01-06T21:33:31+00:00\",\"dateModified\":\"2025-01-06T21:59:57+00:00\",\"breadcrumb\":{\"@id\":\"https:\/\/portalraizesnoticias.com.br\/?p=3782#breadcrumb\"},\"inLanguage\":\"pt-BR\",\"potentialAction\":[{\"@type\":\"ReadAction\",\"target\":[\"https:\/\/portalraizesnoticias.com.br\/?p=3782\"]}]},{\"@type\":\"ImageObject\",\"inLanguage\":\"pt-BR\",\"@id\":\"https:\/\/portalraizesnoticias.com.br\/?p=3782#primaryimage\",\"url\":\"https:\/\/portalraizesnoticias.com.br\/wp-content\/uploads\/2025\/01\/IMG-20250106-WA0437.jpg\",\"contentUrl\":\"https:\/\/portalraizesnoticias.com.br\/wp-content\/uploads\/2025\/01\/IMG-20250106-WA0437.jpg\",\"width\":1600,\"height\":1600},{\"@type\":\"BreadcrumbList\",\"@id\":\"https:\/\/portalraizesnoticias.com.br\/?p=3782#breadcrumb\",\"itemListElement\":[{\"@type\":\"ListItem\",\"position\":1,\"name\":\"In\u00edcio\",\"item\":\"https:\/\/portalraizesnoticias.com.br\/\"},{\"@type\":\"ListItem\",\"position\":2,\"name\":\"Coit\u00e9: Padre Oldack solta o verbo ap\u00f3s chamarem estrutura ao lado da igreja de &#8216;gaiola&#8217;: &#8220;Ao inv\u00e9s de cr\u00edticar, deveriam participar da missa!&#8221;\"}]},{\"@type\":\"WebSite\",\"@id\":\"https:\/\/portalraizesnoticias.com.br\/#website\",\"url\":\"https:\/\/portalraizesnoticias.com.br\/\",\"name\":\"Portal raizes NOTICIAS\",\"description\":\"site de noticias de concei\u00e7\u00e3o do coit\u00e9 e regi\u00e3o\",\"publisher\":{\"@id\":\"https:\/\/portalraizesnoticias.com.br\/#organization\"},\"alternateName\":\"PORTAL RAIZES COIT\u00c9\",\"potentialAction\":[{\"@type\":\"SearchAction\",\"target\":{\"@type\":\"EntryPoint\",\"urlTemplate\":\"https:\/\/portalraizesnoticias.com.br\/?s={search_term_string}\"},\"query-input\":{\"@type\":\"PropertyValueSpecification\",\"valueRequired\":true,\"valueName\":\"search_term_string\"}}],\"inLanguage\":\"pt-BR\"},{\"@type\":\"Organization\",\"@id\":\"https:\/\/portalraizesnoticias.com.br\/#organization\",\"name\":\"Portal raizes NOTICIAS\",\"url\":\"https:\/\/portalraizesnoticias.com.br\/\",\"logo\":{\"@type\":\"ImageObject\",\"inLanguage\":\"pt-BR\",\"@id\":\"https:\/\/portalraizesnoticias.com.br\/#\/schema\/logo\/image\/\",\"url\":\"https:\/\/portalraizesnoticias.com.br\/wp-content\/uploads\/2024\/09\/cropped-Captura-de-tela-2024-09-08-011108.png\",\"contentUrl\":\"https:\/\/portalraizesnoticias.com.br\/wp-content\/uploads\/2024\/09\/cropped-Captura-de-tela-2024-09-08-011108.png\",\"width\":606,\"height\":173,\"caption\":\"Portal raizes NOTICIAS\"},\"image\":{\"@id\":\"https:\/\/portalraizesnoticias.com.br\/#\/schema\/logo\/image\/\"}},{\"@type\":\"Person\",\"@id\":\"https:\/\/portalraizesnoticias.com.br\/#\/schema\/person\/a3ca6b0fc701e78df19756c417d943ae\",\"name\":\"Portal Raizes\",\"image\":{\"@type\":\"ImageObject\",\"inLanguage\":\"pt-BR\",\"@id\":\"https:\/\/portalraizesnoticias.com.br\/#\/schema\/person\/image\/\",\"url\":\"https:\/\/secure.gravatar.com\/avatar\/ef450d29013a3d3fba867a12a249d7b1?s=96&d=mm&r=g\",\"contentUrl\":\"https:\/\/secure.gravatar.com\/avatar\/ef450d29013a3d3fba867a12a249d7b1?s=96&d=mm&r=g\",\"caption\":\"Portal Raizes\"},\"url\":\"https:\/\/portalraizesnoticias.com.br\/?author=3\"}]}<\/script>\n<!-- \/ Yoast SEO plugin. -->","yoast_head_json":{"title":"Coit\u00e9: Padre Oldack solta o verbo ap\u00f3s chamarem estrutura ao lado da igreja de 'gaiola': \"Ao inv\u00e9s de cr\u00edticar, deveriam participar da missa!\" - Portal raizes noticias","robots":{"index":"index","follow":"follow","max-snippet":"max-snippet:-1","max-image-preview":"max-image-preview:large","max-video-preview":"max-video-preview:-1"},"canonical":"https:\/\/portalraizesnoticias.com.br\/?p=3782","og_locale":"pt_BR","og_type":"article","og_title":"Coit\u00e9: Padre Oldack solta o verbo ap\u00f3s chamarem estrutura ao lado da igreja de 'gaiola': \"Ao inv\u00e9s de cr\u00edticar, deveriam participar da missa!\" - Portal raizes noticias","og_description":"Ap\u00f3s alguns meses de constru\u00e7\u00e3o, a estrutura que fica ao lado da Igreja Matriz ainda \u00e9 motivo de coment\u00e1rios em Concei\u00e7\u00e3o do Coit\u00e9, regi\u00e3o sisaleira. In\u00edcio. O processo iniciou durante a pandemia, quando o padre Oldack percebeu a necessidade dos fi\u00e9is de participarem da missa no lado de fora da igreja. Toldos ao lado da igreja \u201cPercebemos que as pessoas vinham mais para igreja por ser um espa\u00e7o de sombra, mas, com toldos expostos, come\u00e7aram a furtar as fia\u00e7\u00f5es e tamb\u00e9m tinha a quest\u00e3o de ficar colocando e recolhendo 250 a 300 cadeiras todos os dias que tinha celebra\u00e7\u00e3o&#8221;, explicou padre Oldack Filho \u00e0 jornalista Rafaela Rodrigues. PUBLICIDADE A partir da\u00ed, conforme o padre Oldack, surgiu a ideia de um espa\u00e7o fixo para servir de extens\u00e3o da igreja. &#8220;Tivemos uma doa\u00e7\u00e3o do prefeito Marcelo Ara\u00fajo e tamb\u00e9m utilizamos recursos da igreja. O formato foi desenvolvido por n\u00f3s, da igreja. Dessa forma, foi a que melhor se adequou. A estrutura. Com o teto met\u00e1lico composto por ferros em volta, h\u00e1 quem goste do formato e tamb\u00e9m que demonstrou insatisfa\u00e7\u00e3o, denominando o local de &#8220;gaiola&#8221;. &#8220;N\u00e3o vi nada de mais na estrutura e acredito que o padre idealizou algo nas condi\u00e7\u00f5es da igreja. Sem falar que fica ventilado para quem est\u00e1 na missa&#8221;, falou uma coiteense que preferiu n\u00e3o ser identificada. Outro residente de Coit\u00e9 enviou um v\u00eddeo para nossa equipe e teceu cr\u00edticas ao local. PUBLICIDADE &#8220;A igreja da Matriz est\u00e1 entre as mais bonitas da regi\u00e3o. Sua arquitetura externa fica ainda mais bonita \u00e0 noite, iluminada com centenas de l\u00e2mpadas. Cen\u00e1rio de fotos que marcaram fam\u00edlias, fotos dos rec\u00e9m-casados, \u00e9 como um cart\u00e3o postal. Quando Coit\u00e9 aparece na televis\u00e3o, \u00e9 a igreja matriz que representa a cidade. A\u00ed, do nada, o padre resolve construir algo que, a meu ver, parece mais uma gaiola. Al\u00e9m de ser esteticamente horroroso, parece uma cadeia mesmo, como se quisesse prender os fi\u00e9is a todo custo. Se ele pensou em expandir a igreja, poderia t\u00ea-lo feito de tijolos e mantendo o desenho arquitet\u00f4nico original. V\u00e1rias igrejas s\u00e3o expandidas assim. Do meu ponto de vista, o padre pecou, mas ainda \u00e9 poss\u00edvel arrepender-se e retirar essa estrutura do lado da igreja mais bela da regi\u00e3o&#8221;, disse um coiteense que preferiu n\u00e3o ser identificado. A reportagem do Portal Ra\u00edzes ouviu outras pessoas e as opini\u00f5es foram divididas ou neutras. PUBLICIDADE &#8220;Para mim, n\u00e3o houve altera\u00e7\u00f5es significativas desde que pude assistir \u00e0 missa tranquilamente. Est\u00e1 bom para mim&#8221;, disse uma entrevistada. O Padre hablou!\u00a0 Procurado pela jornalista Rafaela Rodrigues e relatado sobre os coment\u00e1rios, padre Odalck fez quest\u00e3o de rebater aqueles que criticam. &#8220;Quem acha que a extens\u00e3o da igreja \u00e9 uma gaiola n\u00e3o vive a vida de ser igreja. No lugar das pessoas criticarem, deveriam participar da missa! Aquelas pessoas que criticam olham a igreja apenas como um lugar art\u00edstico e n\u00e3o como lugar de participa\u00e7\u00e3o da comunidade que vive a f\u00e9&#8221;, rebateu. PUBLICIDADE Ele enfatiza que a estrutura permite que mais pessoas participem dessa experi\u00eancia de f\u00e9. &#8220;S\u00f3 sabe quem participa, vivendo a f\u00e9 e o encontro com Jesus Cristo. Se tem gente que fala bem ou mal, paci\u00eancia, at\u00e9 porque at\u00e9 do Senhor tecem cr\u00edticas&#8221;, finaliza. Arquiteto. O arquiteto Thiago Cruz, respons\u00e1vel apenas pelo desenho arquitet\u00f4nico da pra\u00e7a da Matriz que inaugurou recentemente, informou sobre a estrutura idealizada pelo padre. \u201cA pedido do Padre Oldack, o projeto foi solicitado considerando a necessidade de abrigar os fi\u00e9is, em dias de sol e chuva, para acompanhar as cerim\u00f4nias. Uma estrutura met\u00e1lica fixa, de v\u00e3o livre, e uma \u00e1rea coberta de 240m2. Al\u00e9m de uma prote\u00e7\u00e3o em seu entorno para prevenir o vandalismo&#8221;, explicou. Questionado sobre o que ele faria diferente no projeto idealizado pelo padre, Thiago preferiu n\u00e3o se manifestar. Reda\u00e7\u00e3o.","og_url":"https:\/\/portalraizesnoticias.com.br\/?p=3782","og_site_name":"Portal raizes noticias","article_published_time":"2025-01-06T21:33:31+00:00","article_modified_time":"2025-01-06T21:59:57+00:00","og_image":[{"width":1600,"height":1600,"url":"https:\/\/portalraizesnoticias.com.br\/wp-content\/uploads\/2025\/01\/IMG-20250106-WA0437.jpg","type":"image\/jpeg"}],"author":"Portal Raizes","twitter_card":"summary_large_image","twitter_misc":{"Escrito por":"Portal Raizes","Est. tempo de leitura":"5 minutos"},"schema":{"@context":"https:\/\/schema.org","@graph":[{"@type":"Article","@id":"https:\/\/portalraizesnoticias.com.br\/?p=3782#article","isPartOf":{"@id":"https:\/\/portalraizesnoticias.com.br\/?p=3782"},"author":{"name":"Portal Raizes","@id":"https:\/\/portalraizesnoticias.com.br\/#\/schema\/person\/a3ca6b0fc701e78df19756c417d943ae"},"headline":"Coit\u00e9: Padre Oldack solta o verbo ap\u00f3s chamarem estrutura ao lado da igreja de &#8216;gaiola&#8217;: &#8220;Ao inv\u00e9s de cr\u00edticar, deveriam participar da missa!&#8221;","datePublished":"2025-01-06T21:33:31+00:00","dateModified":"2025-01-06T21:59:57+00:00","mainEntityOfPage":{"@id":"https:\/\/portalraizesnoticias.com.br\/?p=3782"},"wordCount":722,"commentCount":0,"publisher":{"@id":"https:\/\/portalraizesnoticias.com.br\/#organization"},"image":{"@id":"https:\/\/portalraizesnoticias.com.br\/?p=3782#primaryimage"},"thumbnailUrl":"https:\/\/portalraizesnoticias.com.br\/wp-content\/uploads\/2025\/01\/IMG-20250106-WA0437.jpg","keywords":["Coit\u00e9","Cr\u00edtica","Padre Oldack"],"articleSection":["DESTAQUES","ULTIMAS NOTICIAS"],"inLanguage":"pt-BR","potentialAction":[{"@type":"CommentAction","name":"Comment","target":["https:\/\/portalraizesnoticias.com.br\/?p=3782#respond"]}]},{"@type":"WebPage","@id":"https:\/\/portalraizesnoticias.com.br\/?p=3782","url":"https:\/\/portalraizesnoticias.com.br\/?p=3782","name":"Coit\u00e9: Padre Oldack solta o verbo ap\u00f3s chamarem estrutura ao lado da igreja de 'gaiola': \"Ao inv\u00e9s de cr\u00edticar, deveriam participar da missa!\" - Portal raizes noticias","isPartOf":{"@id":"https:\/\/portalraizesnoticias.com.br\/#website"},"primaryImageOfPage":{"@id":"https:\/\/portalraizesnoticias.com.br\/?p=3782#primaryimage"},"image":{"@id":"https:\/\/portalraizesnoticias.com.br\/?p=3782#primaryimage"},"thumbnailUrl":"https:\/\/portalraizesnoticias.com.br\/wp-content\/uploads\/2025\/01\/IMG-20250106-WA0437.jpg","datePublished":"2025-01-06T21:33:31+00:00","dateModified":"2025-01-06T21:59:57+00:00","breadcrumb":{"@id":"https:\/\/portalraizesnoticias.com.br\/?p=3782#breadcrumb"},"inLanguage":"pt-BR","potentialAction":[{"@type":"ReadAction","target":["https:\/\/portalraizesnoticias.com.br\/?p=3782"]}]},{"@type":"ImageObject","inLanguage":"pt-BR","@id":"https:\/\/portalraizesnoticias.com.br\/?p=3782#primaryimage","url":"https:\/\/portalraizesnoticias.com.br\/wp-content\/uploads\/2025\/01\/IMG-20250106-WA0437.jpg","contentUrl":"https:\/\/portalraizesnoticias.com.br\/wp-content\/uploads\/2025\/01\/IMG-20250106-WA0437.jpg","width":1600,"height":1600},{"@type":"BreadcrumbList","@id":"https:\/\/portalraizesnoticias.com.br\/?p=3782#breadcrumb","itemListElement":[{"@type":"ListItem","position":1,"name":"In\u00edcio","item":"https:\/\/portalraizesnoticias.com.br\/"},{"@type":"ListItem","position":2,"name":"Coit\u00e9: Padre Oldack solta o verbo ap\u00f3s chamarem estrutura ao lado da igreja de &#8216;gaiola&#8217;: &#8220;Ao inv\u00e9s de cr\u00edticar, deveriam participar da missa!&#8221;"}]},{"@type":"WebSite","@id":"https:\/\/portalraizesnoticias.com.br\/#website","url":"https:\/\/portalraizesnoticias.com.br\/","name":"Portal raizes NOTICIAS","description":"site de noticias de concei\u00e7\u00e3o do coit\u00e9 e regi\u00e3o","publisher":{"@id":"https:\/\/portalraizesnoticias.com.br\/#organization"},"alternateName":"PORTAL RAIZES COIT\u00c9","potentialAction":[{"@type":"SearchAction","target":{"@type":"EntryPoint","urlTemplate":"https:\/\/portalraizesnoticias.com.br\/?s={search_term_string}"},"query-input":{"@type":"PropertyValueSpecification","valueRequired":true,"valueName":"search_term_string"}}],"inLanguage":"pt-BR"},{"@type":"Organization","@id":"https:\/\/portalraizesnoticias.com.br\/#organization","name":"Portal raizes NOTICIAS","url":"https:\/\/portalraizesnoticias.com.br\/","logo":{"@type":"ImageObject","inLanguage":"pt-BR","@id":"https:\/\/portalraizesnoticias.com.br\/#\/schema\/logo\/image\/","url":"https:\/\/portalraizesnoticias.com.br\/wp-content\/uploads\/2024\/09\/cropped-Captura-de-tela-2024-09-08-011108.png","contentUrl":"https:\/\/portalraizesnoticias.com.br\/wp-content\/uploads\/2024\/09\/cropped-Captura-de-tela-2024-09-08-011108.png","width":606,"height":173,"caption":"Portal raizes NOTICIAS"},"image":{"@id":"https:\/\/portalraizesnoticias.com.br\/#\/schema\/logo\/image\/"}},{"@type":"Person","@id":"https:\/\/portalraizesnoticias.com.br\/#\/schema\/person\/a3ca6b0fc701e78df19756c417d943ae","name":"Portal Raizes","image":{"@type":"ImageObject","inLanguage":"pt-BR","@id":"https:\/\/portalraizesnoticias.com.br\/#\/schema\/person\/image\/","url":"https:\/\/secure.gravatar.com\/avatar\/ef450d29013a3d3fba867a12a249d7b1?s=96&d=mm&r=g","contentUrl":"https:\/\/secure.gravatar.com\/avatar\/ef450d29013a3d3fba867a12a249d7b1?s=96&d=mm&r=g","caption":"Portal Raizes"},"url":"https:\/\/portalraizesnoticias.com.br\/?author=3"}]}},"_links":{"self":[{"href":"https:\/\/portalraizesnoticias.com.br\/index.php?rest_route=\/wp\/v2\/posts\/3782"}],"collection":[{"href":"https:\/\/portalraizesnoticias.com.br\/index.php?rest_route=\/wp\/v2\/posts"}],"about":[{"href":"https:\/\/portalraizesnoticias.com.br\/index.php?rest_route=\/wp\/v2\/types\/post"}],"author":[{"embeddable":true,"href":"https:\/\/portalraizesnoticias.com.br\/index.php?rest_route=\/wp\/v2\/users\/3"}],"replies":[{"embeddable":true,"href":"https:\/\/portalraizesnoticias.com.br\/index.php?rest_route=%2Fwp%2Fv2%2Fcomments&post=3782"}],"version-history":[{"count":2,"href":"https:\/\/portalraizesnoticias.com.br\/index.php?rest_route=\/wp\/v2\/posts\/3782\/revisions"}],"predecessor-version":[{"id":3790,"href":"https:\/\/portalraizesnoticias.com.br\/index.php?rest_route=\/wp\/v2\/posts\/3782\/revisions\/3790"}],"wp:featuredmedia":[{"embeddable":true,"href":"https:\/\/portalraizesnoticias.com.br\/index.php?rest_route=\/wp\/v2\/media\/3787"}],"wp:attachment":[{"href":"https:\/\/portalraizesnoticias.com.br\/index.php?rest_route=%2Fwp%2Fv2%2Fmedia&parent=3782"}],"wp:term":[{"taxonomy":"category","embeddable":true,"href":"https:\/\/portalraizesnoticias.com.br\/index.php?rest_route=%2Fwp%2Fv2%2Fcategories&post=3782"},{"taxonomy":"post_tag","embeddable":true,"href":"https:\/\/portalraizesnoticias.com.br\/index.php?rest_route=%2Fwp%2Fv2%2Ftags&post=3782"}],"curies":[{"name":"wp","href":"https:\/\/api.w.org\/{rel}","templated":true}]}}