{"id":3772,"date":"2025-01-05T13:26:23","date_gmt":"2025-01-05T16:26:23","guid":{"rendered":"https:\/\/portalraizesnoticias.com.br\/?p=3772"},"modified":"2025-01-05T13:26:24","modified_gmt":"2025-01-05T16:26:24","slug":"idoso-morre-ao-colidir-bicicleta-em-porta-de-carro-no-centro-de-serrinha","status":"publish","type":"post","link":"https:\/\/portalraizesnoticias.com.br\/?p=3772","title":{"rendered":"Idoso morre ao colidir bicicleta em porta de carro no centro de Serrinha"},"content":{"rendered":"<p>Um idoso morreu na manh\u00e3 deste domingo, 05, por volta das 11h, ap\u00f3s se envolver em um acidente na Avenida Manoel Novaes em Serrinha, munic\u00edpio do territ\u00f3rio do sisal.<\/p>\n<p>Segundo uma fonte informou ao Calila\u00a0 Not\u00edcias, \u2018Painha\u2019 como era conhecido, pedalava uma bicicleta quando um carro estacionou a condutora abriu a porta, ele n\u00e3o conseguiu evitar a colis\u00e3o e acabou ca\u00eddo e bateu a cabe\u00e7a violentamente no ch\u00e3o e morreu na hora.<\/p>\n<p>N\u00e3o tivemos informa\u00e7\u00f5es sobre a identidade da mulher e nem do carro que ela estava.<\/p>\n<p>O corpo foi removido para o Departamento de Pol\u00edcia T\u00e9cnica (DPT).<\/p>\n<p>Informa\u00e7\u00f5es extra\u00eddas do site Calila Noficias<\/p>\n","protected":false},"excerpt":{"rendered":"<p>Um idoso morreu na manh\u00e3 deste domingo, 05, por volta das 11h, ap\u00f3s se envolver em um acidente na Avenida Manoel Novaes em Serrinha, munic\u00edpio do territ\u00f3rio do sisal. Segundo uma fonte informou ao Calila\u00a0 Not\u00edcias, \u2018Painha\u2019 como era conhecido, pedalava uma bicicleta quando um carro estacionou a condutora abriu a porta, ele n\u00e3o conseguiu evitar a colis\u00e3o e acabou ca\u00eddo e bateu a cabe\u00e7a violentamente no ch\u00e3o e morreu na hora. N\u00e3o tivemos informa\u00e7\u00f5es sobre a identidade da mulher e nem do carro que ela estava. O corpo foi removido para o Departamento de Pol\u00edcia T\u00e9cnica (DPT). Informa\u00e7\u00f5es extra\u00eddas do site Calila Noficias<\/p>\n","protected":false},"author":3,"featured_media":3773,"comment_status":"open","ping_status":"open","sticky":false,"template":"","format":"standard","meta":{"_joinchat":[],"footnotes":""},"categories":[58,55,59],"tags":[79,163,283],"class_list":["post-3772","post","type-post","status-publish","format-standard","has-post-thumbnail","hentry","category-acidentes","category-destaques","category-ultimas-noticias","tag-idoso","tag-morre","tag-serrinha"],"yoast_head":"<!-- This site is optimized with the Yoast SEO plugin v24.4 - https:\/\/yoast.com\/wordpress\/plugins\/seo\/ -->\n<title>Idoso morre ao colidir bicicleta em porta de carro no centro de Serrinha - Portal raizes noticias<\/title>\n<meta name=\"robots\" content=\"index, follow, max-snippet:-1, max-image-preview:large, max-video-preview:-1\" \/>\n<link rel=\"canonical\" href=\"https:\/\/portalraizesnoticias.com.br\/?p=3772\" \/>\n<meta property=\"og:locale\" content=\"pt_BR\" \/>\n<meta property=\"og:type\" content=\"article\" \/>\n<meta property=\"og:title\" content=\"Idoso morre ao colidir bicicleta em porta de carro no centro de Serrinha - Portal raizes noticias\" \/>\n<meta property=\"og:description\" content=\"Um idoso morreu na manh\u00e3 deste domingo, 05, por volta das 11h, ap\u00f3s se envolver em um acidente na Avenida Manoel Novaes em Serrinha, munic\u00edpio do territ\u00f3rio do sisal. Segundo uma fonte informou ao Calila\u00a0 Not\u00edcias, \u2018Painha\u2019 como era conhecido, pedalava uma bicicleta quando um carro estacionou a condutora abriu a porta, ele n\u00e3o conseguiu evitar a colis\u00e3o e acabou ca\u00eddo e bateu a cabe\u00e7a violentamente no ch\u00e3o e morreu na hora. N\u00e3o tivemos informa\u00e7\u00f5es sobre a identidade da mulher e nem do carro que ela estava. O corpo foi removido para o Departamento de Pol\u00edcia T\u00e9cnica (DPT). Informa\u00e7\u00f5es extra\u00eddas do site Calila Noficias\" \/>\n<meta property=\"og:url\" content=\"https:\/\/portalraizesnoticias.com.br\/?p=3772\" \/>\n<meta property=\"og:site_name\" content=\"Portal raizes noticias\" \/>\n<meta property=\"article:published_time\" content=\"2025-01-05T16:26:23+00:00\" \/>\n<meta property=\"article:modified_time\" content=\"2025-01-05T16:26:24+00:00\" \/>\n<meta property=\"og:image\" content=\"https:\/\/portalraizesnoticias.com.br\/wp-content\/uploads\/2025\/01\/painha.jpeg\" \/>\n\t<meta property=\"og:image:width\" content=\"509\" \/>\n\t<meta property=\"og:image:height\" content=\"370\" \/>\n\t<meta property=\"og:image:type\" content=\"image\/jpeg\" \/>\n<meta name=\"author\" content=\"Portal Raizes\" \/>\n<meta name=\"twitter:card\" content=\"summary_large_image\" \/>\n<meta name=\"twitter:label1\" content=\"Escrito por\" \/>\n\t<meta name=\"twitter:data1\" content=\"Portal Raizes\" \/>\n\t<meta name=\"twitter:label2\" content=\"Est. tempo de leitura\" \/>\n\t<meta name=\"twitter:data2\" content=\"1 minuto\" \/>\n<script type=\"application\/ld+json\" class=\"yoast-schema-graph\">{\"@context\":\"https:\/\/schema.org\",\"@graph\":[{\"@type\":\"Article\",\"@id\":\"https:\/\/portalraizesnoticias.com.br\/?p=3772#article\",\"isPartOf\":{\"@id\":\"https:\/\/portalraizesnoticias.com.br\/?p=3772\"},\"author\":{\"name\":\"Portal Raizes\",\"@id\":\"https:\/\/portalraizesnoticias.com.br\/#\/schema\/person\/a3ca6b0fc701e78df19756c417d943ae\"},\"headline\":\"Idoso morre ao colidir bicicleta em porta de carro no centro de Serrinha\",\"datePublished\":\"2025-01-05T16:26:23+00:00\",\"dateModified\":\"2025-01-05T16:26:24+00:00\",\"mainEntityOfPage\":{\"@id\":\"https:\/\/portalraizesnoticias.com.br\/?p=3772\"},\"wordCount\":131,\"commentCount\":0,\"publisher\":{\"@id\":\"https:\/\/portalraizesnoticias.com.br\/#organization\"},\"image\":{\"@id\":\"https:\/\/portalraizesnoticias.com.br\/?p=3772#primaryimage\"},\"thumbnailUrl\":\"https:\/\/portalraizesnoticias.com.br\/wp-content\/uploads\/2025\/01\/painha.jpeg\",\"keywords\":[\"Idoso\",\"Morre\",\"Serrinha\"],\"articleSection\":[\"ACIDENTES\",\"DESTAQUES\",\"ULTIMAS NOTICIAS\"],\"inLanguage\":\"pt-BR\",\"potentialAction\":[{\"@type\":\"CommentAction\",\"name\":\"Comment\",\"target\":[\"https:\/\/portalraizesnoticias.com.br\/?p=3772#respond\"]}]},{\"@type\":\"WebPage\",\"@id\":\"https:\/\/portalraizesnoticias.com.br\/?p=3772\",\"url\":\"https:\/\/portalraizesnoticias.com.br\/?p=3772\",\"name\":\"Idoso morre ao colidir bicicleta em porta de carro no centro de Serrinha - Portal raizes noticias\",\"isPartOf\":{\"@id\":\"https:\/\/portalraizesnoticias.com.br\/#website\"},\"primaryImageOfPage\":{\"@id\":\"https:\/\/portalraizesnoticias.com.br\/?p=3772#primaryimage\"},\"image\":{\"@id\":\"https:\/\/portalraizesnoticias.com.br\/?p=3772#primaryimage\"},\"thumbnailUrl\":\"https:\/\/portalraizesnoticias.com.br\/wp-content\/uploads\/2025\/01\/painha.jpeg\",\"datePublished\":\"2025-01-05T16:26:23+00:00\",\"dateModified\":\"2025-01-05T16:26:24+00:00\",\"breadcrumb\":{\"@id\":\"https:\/\/portalraizesnoticias.com.br\/?p=3772#breadcrumb\"},\"inLanguage\":\"pt-BR\",\"potentialAction\":[{\"@type\":\"ReadAction\",\"target\":[\"https:\/\/portalraizesnoticias.com.br\/?p=3772\"]}]},{\"@type\":\"ImageObject\",\"inLanguage\":\"pt-BR\",\"@id\":\"https:\/\/portalraizesnoticias.com.br\/?p=3772#primaryimage\",\"url\":\"https:\/\/portalraizesnoticias.com.br\/wp-content\/uploads\/2025\/01\/painha.jpeg\",\"contentUrl\":\"https:\/\/portalraizesnoticias.com.br\/wp-content\/uploads\/2025\/01\/painha.jpeg\",\"width\":509,\"height\":370},{\"@type\":\"BreadcrumbList\",\"@id\":\"https:\/\/portalraizesnoticias.com.br\/?p=3772#breadcrumb\",\"itemListElement\":[{\"@type\":\"ListItem\",\"position\":1,\"name\":\"In\u00edcio\",\"item\":\"https:\/\/portalraizesnoticias.com.br\/\"},{\"@type\":\"ListItem\",\"position\":2,\"name\":\"Idoso morre ao colidir bicicleta em porta de carro no centro de Serrinha\"}]},{\"@type\":\"WebSite\",\"@id\":\"https:\/\/portalraizesnoticias.com.br\/#website\",\"url\":\"https:\/\/portalraizesnoticias.com.br\/\",\"name\":\"Portal raizes NOTICIAS\",\"description\":\"site de noticias de concei\u00e7\u00e3o do coit\u00e9 e regi\u00e3o\",\"publisher\":{\"@id\":\"https:\/\/portalraizesnoticias.com.br\/#organization\"},\"alternateName\":\"PORTAL RAIZES COIT\u00c9\",\"potentialAction\":[{\"@type\":\"SearchAction\",\"target\":{\"@type\":\"EntryPoint\",\"urlTemplate\":\"https:\/\/portalraizesnoticias.com.br\/?s={search_term_string}\"},\"query-input\":{\"@type\":\"PropertyValueSpecification\",\"valueRequired\":true,\"valueName\":\"search_term_string\"}}],\"inLanguage\":\"pt-BR\"},{\"@type\":\"Organization\",\"@id\":\"https:\/\/portalraizesnoticias.com.br\/#organization\",\"name\":\"Portal raizes NOTICIAS\",\"url\":\"https:\/\/portalraizesnoticias.com.br\/\",\"logo\":{\"@type\":\"ImageObject\",\"inLanguage\":\"pt-BR\",\"@id\":\"https:\/\/portalraizesnoticias.com.br\/#\/schema\/logo\/image\/\",\"url\":\"https:\/\/portalraizesnoticias.com.br\/wp-content\/uploads\/2024\/09\/cropped-Captura-de-tela-2024-09-08-011108.png\",\"contentUrl\":\"https:\/\/portalraizesnoticias.com.br\/wp-content\/uploads\/2024\/09\/cropped-Captura-de-tela-2024-09-08-011108.png\",\"width\":606,\"height\":173,\"caption\":\"Portal raizes NOTICIAS\"},\"image\":{\"@id\":\"https:\/\/portalraizesnoticias.com.br\/#\/schema\/logo\/image\/\"}},{\"@type\":\"Person\",\"@id\":\"https:\/\/portalraizesnoticias.com.br\/#\/schema\/person\/a3ca6b0fc701e78df19756c417d943ae\",\"name\":\"Portal Raizes\",\"image\":{\"@type\":\"ImageObject\",\"inLanguage\":\"pt-BR\",\"@id\":\"https:\/\/portalraizesnoticias.com.br\/#\/schema\/person\/image\/\",\"url\":\"https:\/\/secure.gravatar.com\/avatar\/ef450d29013a3d3fba867a12a249d7b1?s=96&d=mm&r=g\",\"contentUrl\":\"https:\/\/secure.gravatar.com\/avatar\/ef450d29013a3d3fba867a12a249d7b1?s=96&d=mm&r=g\",\"caption\":\"Portal Raizes\"},\"url\":\"https:\/\/portalraizesnoticias.com.br\/?author=3\"}]}<\/script>\n<!-- \/ Yoast SEO plugin. -->","yoast_head_json":{"title":"Idoso morre ao colidir bicicleta em porta de carro no centro de Serrinha - Portal raizes noticias","robots":{"index":"index","follow":"follow","max-snippet":"max-snippet:-1","max-image-preview":"max-image-preview:large","max-video-preview":"max-video-preview:-1"},"canonical":"https:\/\/portalraizesnoticias.com.br\/?p=3772","og_locale":"pt_BR","og_type":"article","og_title":"Idoso morre ao colidir bicicleta em porta de carro no centro de Serrinha - Portal raizes noticias","og_description":"Um idoso morreu na manh\u00e3 deste domingo, 05, por volta das 11h, ap\u00f3s se envolver em um acidente na Avenida Manoel Novaes em Serrinha, munic\u00edpio do territ\u00f3rio do sisal. Segundo uma fonte informou ao Calila\u00a0 Not\u00edcias, \u2018Painha\u2019 como era conhecido, pedalava uma bicicleta quando um carro estacionou a condutora abriu a porta, ele n\u00e3o conseguiu evitar a colis\u00e3o e acabou ca\u00eddo e bateu a cabe\u00e7a violentamente no ch\u00e3o e morreu na hora. N\u00e3o tivemos informa\u00e7\u00f5es sobre a identidade da mulher e nem do carro que ela estava. O corpo foi removido para o Departamento de Pol\u00edcia T\u00e9cnica (DPT). Informa\u00e7\u00f5es extra\u00eddas do site Calila Noficias","og_url":"https:\/\/portalraizesnoticias.com.br\/?p=3772","og_site_name":"Portal raizes noticias","article_published_time":"2025-01-05T16:26:23+00:00","article_modified_time":"2025-01-05T16:26:24+00:00","og_image":[{"width":509,"height":370,"url":"https:\/\/portalraizesnoticias.com.br\/wp-content\/uploads\/2025\/01\/painha.jpeg","type":"image\/jpeg"}],"author":"Portal Raizes","twitter_card":"summary_large_image","twitter_misc":{"Escrito por":"Portal Raizes","Est. tempo de leitura":"1 minuto"},"schema":{"@context":"https:\/\/schema.org","@graph":[{"@type":"Article","@id":"https:\/\/portalraizesnoticias.com.br\/?p=3772#article","isPartOf":{"@id":"https:\/\/portalraizesnoticias.com.br\/?p=3772"},"author":{"name":"Portal Raizes","@id":"https:\/\/portalraizesnoticias.com.br\/#\/schema\/person\/a3ca6b0fc701e78df19756c417d943ae"},"headline":"Idoso morre ao colidir bicicleta em porta de carro no centro de Serrinha","datePublished":"2025-01-05T16:26:23+00:00","dateModified":"2025-01-05T16:26:24+00:00","mainEntityOfPage":{"@id":"https:\/\/portalraizesnoticias.com.br\/?p=3772"},"wordCount":131,"commentCount":0,"publisher":{"@id":"https:\/\/portalraizesnoticias.com.br\/#organization"},"image":{"@id":"https:\/\/portalraizesnoticias.com.br\/?p=3772#primaryimage"},"thumbnailUrl":"https:\/\/portalraizesnoticias.com.br\/wp-content\/uploads\/2025\/01\/painha.jpeg","keywords":["Idoso","Morre","Serrinha"],"articleSection":["ACIDENTES","DESTAQUES","ULTIMAS NOTICIAS"],"inLanguage":"pt-BR","potentialAction":[{"@type":"CommentAction","name":"Comment","target":["https:\/\/portalraizesnoticias.com.br\/?p=3772#respond"]}]},{"@type":"WebPage","@id":"https:\/\/portalraizesnoticias.com.br\/?p=3772","url":"https:\/\/portalraizesnoticias.com.br\/?p=3772","name":"Idoso morre ao colidir bicicleta em porta de carro no centro de Serrinha - Portal raizes noticias","isPartOf":{"@id":"https:\/\/portalraizesnoticias.com.br\/#website"},"primaryImageOfPage":{"@id":"https:\/\/portalraizesnoticias.com.br\/?p=3772#primaryimage"},"image":{"@id":"https:\/\/portalraizesnoticias.com.br\/?p=3772#primaryimage"},"thumbnailUrl":"https:\/\/portalraizesnoticias.com.br\/wp-content\/uploads\/2025\/01\/painha.jpeg","datePublished":"2025-01-05T16:26:23+00:00","dateModified":"2025-01-05T16:26:24+00:00","breadcrumb":{"@id":"https:\/\/portalraizesnoticias.com.br\/?p=3772#breadcrumb"},"inLanguage":"pt-BR","potentialAction":[{"@type":"ReadAction","target":["https:\/\/portalraizesnoticias.com.br\/?p=3772"]}]},{"@type":"ImageObject","inLanguage":"pt-BR","@id":"https:\/\/portalraizesnoticias.com.br\/?p=3772#primaryimage","url":"https:\/\/portalraizesnoticias.com.br\/wp-content\/uploads\/2025\/01\/painha.jpeg","contentUrl":"https:\/\/portalraizesnoticias.com.br\/wp-content\/uploads\/2025\/01\/painha.jpeg","width":509,"height":370},{"@type":"BreadcrumbList","@id":"https:\/\/portalraizesnoticias.com.br\/?p=3772#breadcrumb","itemListElement":[{"@type":"ListItem","position":1,"name":"In\u00edcio","item":"https:\/\/portalraizesnoticias.com.br\/"},{"@type":"ListItem","position":2,"name":"Idoso morre ao colidir bicicleta em porta de carro no centro de Serrinha"}]},{"@type":"WebSite","@id":"https:\/\/portalraizesnoticias.com.br\/#website","url":"https:\/\/portalraizesnoticias.com.br\/","name":"Portal raizes NOTICIAS","description":"site de noticias de concei\u00e7\u00e3o do coit\u00e9 e regi\u00e3o","publisher":{"@id":"https:\/\/portalraizesnoticias.com.br\/#organization"},"alternateName":"PORTAL RAIZES COIT\u00c9","potentialAction":[{"@type":"SearchAction","target":{"@type":"EntryPoint","urlTemplate":"https:\/\/portalraizesnoticias.com.br\/?s={search_term_string}"},"query-input":{"@type":"PropertyValueSpecification","valueRequired":true,"valueName":"search_term_string"}}],"inLanguage":"pt-BR"},{"@type":"Organization","@id":"https:\/\/portalraizesnoticias.com.br\/#organization","name":"Portal raizes NOTICIAS","url":"https:\/\/portalraizesnoticias.com.br\/","logo":{"@type":"ImageObject","inLanguage":"pt-BR","@id":"https:\/\/portalraizesnoticias.com.br\/#\/schema\/logo\/image\/","url":"https:\/\/portalraizesnoticias.com.br\/wp-content\/uploads\/2024\/09\/cropped-Captura-de-tela-2024-09-08-011108.png","contentUrl":"https:\/\/portalraizesnoticias.com.br\/wp-content\/uploads\/2024\/09\/cropped-Captura-de-tela-2024-09-08-011108.png","width":606,"height":173,"caption":"Portal raizes NOTICIAS"},"image":{"@id":"https:\/\/portalraizesnoticias.com.br\/#\/schema\/logo\/image\/"}},{"@type":"Person","@id":"https:\/\/portalraizesnoticias.com.br\/#\/schema\/person\/a3ca6b0fc701e78df19756c417d943ae","name":"Portal Raizes","image":{"@type":"ImageObject","inLanguage":"pt-BR","@id":"https:\/\/portalraizesnoticias.com.br\/#\/schema\/person\/image\/","url":"https:\/\/secure.gravatar.com\/avatar\/ef450d29013a3d3fba867a12a249d7b1?s=96&d=mm&r=g","contentUrl":"https:\/\/secure.gravatar.com\/avatar\/ef450d29013a3d3fba867a12a249d7b1?s=96&d=mm&r=g","caption":"Portal Raizes"},"url":"https:\/\/portalraizesnoticias.com.br\/?author=3"}]}},"_links":{"self":[{"href":"https:\/\/portalraizesnoticias.com.br\/index.php?rest_route=\/wp\/v2\/posts\/3772"}],"collection":[{"href":"https:\/\/portalraizesnoticias.com.br\/index.php?rest_route=\/wp\/v2\/posts"}],"about":[{"href":"https:\/\/portalraizesnoticias.com.br\/index.php?rest_route=\/wp\/v2\/types\/post"}],"author":[{"embeddable":true,"href":"https:\/\/portalraizesnoticias.com.br\/index.php?rest_route=\/wp\/v2\/users\/3"}],"replies":[{"embeddable":true,"href":"https:\/\/portalraizesnoticias.com.br\/index.php?rest_route=%2Fwp%2Fv2%2Fcomments&post=3772"}],"version-history":[{"count":1,"href":"https:\/\/portalraizesnoticias.com.br\/index.php?rest_route=\/wp\/v2\/posts\/3772\/revisions"}],"predecessor-version":[{"id":3774,"href":"https:\/\/portalraizesnoticias.com.br\/index.php?rest_route=\/wp\/v2\/posts\/3772\/revisions\/3774"}],"wp:featuredmedia":[{"embeddable":true,"href":"https:\/\/portalraizesnoticias.com.br\/index.php?rest_route=\/wp\/v2\/media\/3773"}],"wp:attachment":[{"href":"https:\/\/portalraizesnoticias.com.br\/index.php?rest_route=%2Fwp%2Fv2%2Fmedia&parent=3772"}],"wp:term":[{"taxonomy":"category","embeddable":true,"href":"https:\/\/portalraizesnoticias.com.br\/index.php?rest_route=%2Fwp%2Fv2%2Fcategories&post=3772"},{"taxonomy":"post_tag","embeddable":true,"href":"https:\/\/portalraizesnoticias.com.br\/index.php?rest_route=%2Fwp%2Fv2%2Ftags&post=3772"}],"curies":[{"name":"wp","href":"https:\/\/api.w.org\/{rel}","templated":true}]}}