{"id":3769,"date":"2025-01-05T13:04:45","date_gmt":"2025-01-05T16:04:45","guid":{"rendered":"https:\/\/portalraizesnoticias.com.br\/?p=3769"},"modified":"2025-01-05T13:04:45","modified_gmt":"2025-01-05T16:04:45","slug":"homem-e-crianca-morrem-apos-colisao-entre-carro-e-carreta-na-br-116-lamarao-x-santa-barbara-3-pessoas-ficaram-feridas","status":"publish","type":"post","link":"https:\/\/portalraizesnoticias.com.br\/?p=3769","title":{"rendered":"Homem e crian\u00e7a morrem ap\u00f3s colis\u00e3o entre carro e carreta na BR- 116 (Lamar\u00e3o X Santa B\u00e1rbara); 3 pessoas ficaram feridas"},"content":{"rendered":"\n<p><\/p>\n\n\n\n<p><\/p>\n\n\n<p>Um grav\u00edssimo acidente envolvendo uma carreta e um carro de passeio na noite de s\u00e1bado, 04, por volta das 19h resultou na morte de um homem e de uma crian\u00e7a de aproximadamente 8 anos, na Rodovia BR 11 norte, trecho que liga o entroncamento de Lamar\u00e3o a Santa B\u00e1rbara, na Regi\u00e3o do Sisal.<\/p>\n<p><img fetchpriority=\"high\" decoding=\"async\" class=\"size-medium wp-image-2633 aligncenter\" src=\"https:\/\/portalraizesnoticias.com.br\/wp-content\/uploads\/2024\/12\/Card-Matricula_02-300x300.png\" alt=\"\" width=\"300\" height=\"300\" srcset=\"https:\/\/portalraizesnoticias.com.br\/wp-content\/uploads\/2024\/12\/Card-Matricula_02-300x300.png 300w, https:\/\/portalraizesnoticias.com.br\/wp-content\/uploads\/2024\/12\/Card-Matricula_02-1024x1024.png 1024w, https:\/\/portalraizesnoticias.com.br\/wp-content\/uploads\/2024\/12\/Card-Matricula_02-150x150.png 150w, https:\/\/portalraizesnoticias.com.br\/wp-content\/uploads\/2024\/12\/Card-Matricula_02-768x768.png 768w, https:\/\/portalraizesnoticias.com.br\/wp-content\/uploads\/2024\/12\/Card-Matricula_02.png 1080w\" sizes=\"(max-width: 300px) 100vw, 300px\" \/><\/p>\n<p style=\"text-align: center;\"><strong>PUBLICIDADE<\/strong>\u00a0<\/p>\n<p>O site Calila Not\u00edcias foi informado que um grupo de pessoas tinha sa\u00eddo de S\u00e3o Paulo em tr\u00eas ve\u00edculos, um deles teria feito a ultrapassagem para acompanhar os outros quando colidiu de frente com uma carreta que seguia no sentido contr\u00e1rio. O homem e a crian\u00e7a do sexo feminino morreram na hora, enquanto os outros tr\u00eas ocupantes foram socorridos para o Hospital Municipal de Serrinha. N\u00e3o temos informa\u00e7\u00f5es sobre o estado de sa\u00fade deles, assim como tamb\u00e9m do condutor da carreta.<\/p>\n<p><img decoding=\"async\" class=\"size-medium wp-image-2320 aligncenter\" src=\"https:\/\/portalraizesnoticias.com.br\/wp-content\/uploads\/2024\/11\/1732216879983-d784d47a-39b1-443f-82e8-60565a1d94d1_1-e1732217067640-300x259.jpg\" alt=\"\" width=\"300\" height=\"259\" srcset=\"https:\/\/portalraizesnoticias.com.br\/wp-content\/uploads\/2024\/11\/1732216879983-d784d47a-39b1-443f-82e8-60565a1d94d1_1-e1732217067640-300x259.jpg 300w, https:\/\/portalraizesnoticias.com.br\/wp-content\/uploads\/2024\/11\/1732216879983-d784d47a-39b1-443f-82e8-60565a1d94d1_1-e1732217067640-768x664.jpg 768w, https:\/\/portalraizesnoticias.com.br\/wp-content\/uploads\/2024\/11\/1732216879983-d784d47a-39b1-443f-82e8-60565a1d94d1_1-e1732217067640.jpg 839w\" sizes=\"(max-width: 300px) 100vw, 300px\" \/><\/p>\n<p style=\"text-align: center;\"><strong>PUBLICIDADE<\/strong>\u00a0<\/p>\n<p>Os corpos das v\u00edtimas fatais foram levados para o Departamento de Pol\u00edcia T\u00e9cnica (DPT) de Serrinha, onde passam por necr\u00f3psia.<\/p>\n<p><img decoding=\"async\" class=\"size-medium wp-image-1970 aligncenter\" src=\"https:\/\/portalraizesnoticias.com.br\/wp-content\/uploads\/2024\/11\/Banner-home-center-300x300.jpg\" alt=\"\" width=\"300\" height=\"300\" srcset=\"https:\/\/portalraizesnoticias.com.br\/wp-content\/uploads\/2024\/11\/Banner-home-center-300x300.jpg 300w, https:\/\/portalraizesnoticias.com.br\/wp-content\/uploads\/2024\/11\/Banner-home-center-1024x1024.jpg 1024w, https:\/\/portalraizesnoticias.com.br\/wp-content\/uploads\/2024\/11\/Banner-home-center-150x150.jpg 150w, https:\/\/portalraizesnoticias.com.br\/wp-content\/uploads\/2024\/11\/Banner-home-center-768x768.jpg 768w, https:\/\/portalraizesnoticias.com.br\/wp-content\/uploads\/2024\/11\/Banner-home-center-700x700.jpg 700w, https:\/\/portalraizesnoticias.com.br\/wp-content\/uploads\/2024\/11\/Banner-home-center-620x620.jpg 620w, https:\/\/portalraizesnoticias.com.br\/wp-content\/uploads\/2024\/11\/Banner-home-center-400x400.jpg 400w, https:\/\/portalraizesnoticias.com.br\/wp-content\/uploads\/2024\/11\/Banner-home-center.jpg 1080w\" sizes=\"(max-width: 300px) 100vw, 300px\" \/><\/p>\n<p style=\"text-align: center;\"><strong>PUBLICIDADE<\/strong>\u00a0<\/p>\n<p>Informa\u00e7\u00f5es extra\u00eddas do site Calila Noticias\u00a0<\/p>","protected":false},"excerpt":{"rendered":"<p>Um grav\u00edssimo acidente envolvendo uma carreta e um carro de passeio na noite de s\u00e1bado, 04, por volta das 19h resultou na morte de um homem e de uma crian\u00e7a de aproximadamente 8 anos, na Rodovia BR 11 norte, trecho que liga o entroncamento de Lamar\u00e3o a Santa B\u00e1rbara, na Regi\u00e3o do Sisal. PUBLICIDADE\u00a0 O site Calila Not\u00edcias foi informado que um grupo de pessoas tinha sa\u00eddo de S\u00e3o Paulo em tr\u00eas ve\u00edculos, um deles teria feito a ultrapassagem para acompanhar os outros quando colidiu de frente com uma carreta que seguia no sentido contr\u00e1rio. O homem e a crian\u00e7a do sexo feminino morreram na hora, enquanto os outros tr\u00eas ocupantes foram socorridos para o Hospital Municipal de Serrinha. N\u00e3o temos informa\u00e7\u00f5es sobre o estado de sa\u00fade deles, assim como tamb\u00e9m do condutor da carreta. PUBLICIDADE\u00a0 Os corpos das v\u00edtimas fatais foram levados para o Departamento de Pol\u00edcia T\u00e9cnica (DPT) de Serrinha, onde passam por necr\u00f3psia. PUBLICIDADE\u00a0 Informa\u00e7\u00f5es extra\u00eddas do site Calila Noticias\u00a0<\/p>\n","protected":false},"author":3,"featured_media":3770,"comment_status":"open","ping_status":"open","sticky":false,"template":"","format":"standard","meta":{"_joinchat":[],"footnotes":""},"categories":[58,55,59],"tags":[139,610,611,612],"class_list":["post-3769","post","type-post","status-publish","format-standard","has-post-thumbnail","hentry","category-acidentes","category-destaques","category-ultimas-noticias","tag-acidente","tag-br116","tag-lamarao","tag-santa-barbara-2"],"yoast_head":"<!-- This site is optimized with the Yoast SEO plugin v24.4 - https:\/\/yoast.com\/wordpress\/plugins\/seo\/ -->\n<title>Homem e crian\u00e7a morrem ap\u00f3s colis\u00e3o entre carro e carreta na BR- 116 (Lamar\u00e3o X Santa B\u00e1rbara); 3 pessoas ficaram feridas - Portal raizes noticias<\/title>\n<meta name=\"robots\" content=\"index, follow, max-snippet:-1, max-image-preview:large, max-video-preview:-1\" \/>\n<link rel=\"canonical\" href=\"https:\/\/portalraizesnoticias.com.br\/?p=3769\" \/>\n<meta property=\"og:locale\" content=\"pt_BR\" \/>\n<meta property=\"og:type\" content=\"article\" \/>\n<meta property=\"og:title\" content=\"Homem e crian\u00e7a morrem ap\u00f3s colis\u00e3o entre carro e carreta na BR- 116 (Lamar\u00e3o X Santa B\u00e1rbara); 3 pessoas ficaram feridas - Portal raizes noticias\" \/>\n<meta property=\"og:description\" content=\"Um grav\u00edssimo acidente envolvendo uma carreta e um carro de passeio na noite de s\u00e1bado, 04, por volta das 19h resultou na morte de um homem e de uma crian\u00e7a de aproximadamente 8 anos, na Rodovia BR 11 norte, trecho que liga o entroncamento de Lamar\u00e3o a Santa B\u00e1rbara, na Regi\u00e3o do Sisal. PUBLICIDADE\u00a0 O site Calila Not\u00edcias foi informado que um grupo de pessoas tinha sa\u00eddo de S\u00e3o Paulo em tr\u00eas ve\u00edculos, um deles teria feito a ultrapassagem para acompanhar os outros quando colidiu de frente com uma carreta que seguia no sentido contr\u00e1rio. O homem e a crian\u00e7a do sexo feminino morreram na hora, enquanto os outros tr\u00eas ocupantes foram socorridos para o Hospital Municipal de Serrinha. N\u00e3o temos informa\u00e7\u00f5es sobre o estado de sa\u00fade deles, assim como tamb\u00e9m do condutor da carreta. PUBLICIDADE\u00a0 Os corpos das v\u00edtimas fatais foram levados para o Departamento de Pol\u00edcia T\u00e9cnica (DPT) de Serrinha, onde passam por necr\u00f3psia. PUBLICIDADE\u00a0 Informa\u00e7\u00f5es extra\u00eddas do site Calila Noticias\u00a0\" \/>\n<meta property=\"og:url\" content=\"https:\/\/portalraizesnoticias.com.br\/?p=3769\" \/>\n<meta property=\"og:site_name\" content=\"Portal raizes noticias\" \/>\n<meta property=\"article:published_time\" content=\"2025-01-05T16:04:45+00:00\" \/>\n<meta property=\"og:image\" content=\"https:\/\/portalraizesnoticias.com.br\/wp-content\/uploads\/2025\/01\/acidente-br-116-norte.jpg\" \/>\n\t<meta property=\"og:image:width\" content=\"910\" \/>\n\t<meta property=\"og:image:height\" content=\"637\" \/>\n\t<meta property=\"og:image:type\" content=\"image\/jpeg\" \/>\n<meta name=\"author\" content=\"Portal Raizes\" \/>\n<meta name=\"twitter:card\" content=\"summary_large_image\" \/>\n<meta name=\"twitter:label1\" content=\"Escrito por\" \/>\n\t<meta name=\"twitter:data1\" content=\"Portal Raizes\" \/>\n\t<meta name=\"twitter:label2\" content=\"Est. tempo de leitura\" \/>\n\t<meta name=\"twitter:data2\" content=\"2 minutos\" \/>\n<script type=\"application\/ld+json\" class=\"yoast-schema-graph\">{\"@context\":\"https:\/\/schema.org\",\"@graph\":[{\"@type\":\"Article\",\"@id\":\"https:\/\/portalraizesnoticias.com.br\/?p=3769#article\",\"isPartOf\":{\"@id\":\"https:\/\/portalraizesnoticias.com.br\/?p=3769\"},\"author\":{\"name\":\"Portal Raizes\",\"@id\":\"https:\/\/portalraizesnoticias.com.br\/#\/schema\/person\/a3ca6b0fc701e78df19756c417d943ae\"},\"headline\":\"Homem e crian\u00e7a morrem ap\u00f3s colis\u00e3o entre carro e carreta na BR- 116 (Lamar\u00e3o X Santa B\u00e1rbara); 3 pessoas ficaram feridas\",\"datePublished\":\"2025-01-05T16:04:45+00:00\",\"mainEntityOfPage\":{\"@id\":\"https:\/\/portalraizesnoticias.com.br\/?p=3769\"},\"wordCount\":208,\"commentCount\":0,\"publisher\":{\"@id\":\"https:\/\/portalraizesnoticias.com.br\/#organization\"},\"image\":{\"@id\":\"https:\/\/portalraizesnoticias.com.br\/?p=3769#primaryimage\"},\"thumbnailUrl\":\"https:\/\/portalraizesnoticias.com.br\/wp-content\/uploads\/2025\/01\/acidente-br-116-norte.jpg\",\"keywords\":[\"Acidente\",\"Br116\",\"Lamar\u00e3o\",\"Santa B\u00e1rbara\"],\"articleSection\":[\"ACIDENTES\",\"DESTAQUES\",\"ULTIMAS NOTICIAS\"],\"inLanguage\":\"pt-BR\",\"potentialAction\":[{\"@type\":\"CommentAction\",\"name\":\"Comment\",\"target\":[\"https:\/\/portalraizesnoticias.com.br\/?p=3769#respond\"]}]},{\"@type\":\"WebPage\",\"@id\":\"https:\/\/portalraizesnoticias.com.br\/?p=3769\",\"url\":\"https:\/\/portalraizesnoticias.com.br\/?p=3769\",\"name\":\"Homem e crian\u00e7a morrem ap\u00f3s colis\u00e3o entre carro e carreta na BR- 116 (Lamar\u00e3o X Santa B\u00e1rbara); 3 pessoas ficaram feridas - Portal raizes noticias\",\"isPartOf\":{\"@id\":\"https:\/\/portalraizesnoticias.com.br\/#website\"},\"primaryImageOfPage\":{\"@id\":\"https:\/\/portalraizesnoticias.com.br\/?p=3769#primaryimage\"},\"image\":{\"@id\":\"https:\/\/portalraizesnoticias.com.br\/?p=3769#primaryimage\"},\"thumbnailUrl\":\"https:\/\/portalraizesnoticias.com.br\/wp-content\/uploads\/2025\/01\/acidente-br-116-norte.jpg\",\"datePublished\":\"2025-01-05T16:04:45+00:00\",\"breadcrumb\":{\"@id\":\"https:\/\/portalraizesnoticias.com.br\/?p=3769#breadcrumb\"},\"inLanguage\":\"pt-BR\",\"potentialAction\":[{\"@type\":\"ReadAction\",\"target\":[\"https:\/\/portalraizesnoticias.com.br\/?p=3769\"]}]},{\"@type\":\"ImageObject\",\"inLanguage\":\"pt-BR\",\"@id\":\"https:\/\/portalraizesnoticias.com.br\/?p=3769#primaryimage\",\"url\":\"https:\/\/portalraizesnoticias.com.br\/wp-content\/uploads\/2025\/01\/acidente-br-116-norte.jpg\",\"contentUrl\":\"https:\/\/portalraizesnoticias.com.br\/wp-content\/uploads\/2025\/01\/acidente-br-116-norte.jpg\",\"width\":910,\"height\":637},{\"@type\":\"BreadcrumbList\",\"@id\":\"https:\/\/portalraizesnoticias.com.br\/?p=3769#breadcrumb\",\"itemListElement\":[{\"@type\":\"ListItem\",\"position\":1,\"name\":\"In\u00edcio\",\"item\":\"https:\/\/portalraizesnoticias.com.br\/\"},{\"@type\":\"ListItem\",\"position\":2,\"name\":\"Homem e crian\u00e7a morrem ap\u00f3s colis\u00e3o entre carro e carreta na BR- 116 (Lamar\u00e3o X Santa B\u00e1rbara); 3 pessoas ficaram feridas\"}]},{\"@type\":\"WebSite\",\"@id\":\"https:\/\/portalraizesnoticias.com.br\/#website\",\"url\":\"https:\/\/portalraizesnoticias.com.br\/\",\"name\":\"Portal raizes NOTICIAS\",\"description\":\"site de noticias de concei\u00e7\u00e3o do coit\u00e9 e regi\u00e3o\",\"publisher\":{\"@id\":\"https:\/\/portalraizesnoticias.com.br\/#organization\"},\"alternateName\":\"PORTAL RAIZES COIT\u00c9\",\"potentialAction\":[{\"@type\":\"SearchAction\",\"target\":{\"@type\":\"EntryPoint\",\"urlTemplate\":\"https:\/\/portalraizesnoticias.com.br\/?s={search_term_string}\"},\"query-input\":{\"@type\":\"PropertyValueSpecification\",\"valueRequired\":true,\"valueName\":\"search_term_string\"}}],\"inLanguage\":\"pt-BR\"},{\"@type\":\"Organization\",\"@id\":\"https:\/\/portalraizesnoticias.com.br\/#organization\",\"name\":\"Portal raizes NOTICIAS\",\"url\":\"https:\/\/portalraizesnoticias.com.br\/\",\"logo\":{\"@type\":\"ImageObject\",\"inLanguage\":\"pt-BR\",\"@id\":\"https:\/\/portalraizesnoticias.com.br\/#\/schema\/logo\/image\/\",\"url\":\"https:\/\/portalraizesnoticias.com.br\/wp-content\/uploads\/2024\/09\/cropped-Captura-de-tela-2024-09-08-011108.png\",\"contentUrl\":\"https:\/\/portalraizesnoticias.com.br\/wp-content\/uploads\/2024\/09\/cropped-Captura-de-tela-2024-09-08-011108.png\",\"width\":606,\"height\":173,\"caption\":\"Portal raizes NOTICIAS\"},\"image\":{\"@id\":\"https:\/\/portalraizesnoticias.com.br\/#\/schema\/logo\/image\/\"}},{\"@type\":\"Person\",\"@id\":\"https:\/\/portalraizesnoticias.com.br\/#\/schema\/person\/a3ca6b0fc701e78df19756c417d943ae\",\"name\":\"Portal Raizes\",\"image\":{\"@type\":\"ImageObject\",\"inLanguage\":\"pt-BR\",\"@id\":\"https:\/\/portalraizesnoticias.com.br\/#\/schema\/person\/image\/\",\"url\":\"https:\/\/secure.gravatar.com\/avatar\/ef450d29013a3d3fba867a12a249d7b1?s=96&d=mm&r=g\",\"contentUrl\":\"https:\/\/secure.gravatar.com\/avatar\/ef450d29013a3d3fba867a12a249d7b1?s=96&d=mm&r=g\",\"caption\":\"Portal Raizes\"},\"url\":\"https:\/\/portalraizesnoticias.com.br\/?author=3\"}]}<\/script>\n<!-- \/ Yoast SEO plugin. -->","yoast_head_json":{"title":"Homem e crian\u00e7a morrem ap\u00f3s colis\u00e3o entre carro e carreta na BR- 116 (Lamar\u00e3o X Santa B\u00e1rbara); 3 pessoas ficaram feridas - Portal raizes noticias","robots":{"index":"index","follow":"follow","max-snippet":"max-snippet:-1","max-image-preview":"max-image-preview:large","max-video-preview":"max-video-preview:-1"},"canonical":"https:\/\/portalraizesnoticias.com.br\/?p=3769","og_locale":"pt_BR","og_type":"article","og_title":"Homem e crian\u00e7a morrem ap\u00f3s colis\u00e3o entre carro e carreta na BR- 116 (Lamar\u00e3o X Santa B\u00e1rbara); 3 pessoas ficaram feridas - Portal raizes noticias","og_description":"Um grav\u00edssimo acidente envolvendo uma carreta e um carro de passeio na noite de s\u00e1bado, 04, por volta das 19h resultou na morte de um homem e de uma crian\u00e7a de aproximadamente 8 anos, na Rodovia BR 11 norte, trecho que liga o entroncamento de Lamar\u00e3o a Santa B\u00e1rbara, na Regi\u00e3o do Sisal. PUBLICIDADE\u00a0 O site Calila Not\u00edcias foi informado que um grupo de pessoas tinha sa\u00eddo de S\u00e3o Paulo em tr\u00eas ve\u00edculos, um deles teria feito a ultrapassagem para acompanhar os outros quando colidiu de frente com uma carreta que seguia no sentido contr\u00e1rio. O homem e a crian\u00e7a do sexo feminino morreram na hora, enquanto os outros tr\u00eas ocupantes foram socorridos para o Hospital Municipal de Serrinha. N\u00e3o temos informa\u00e7\u00f5es sobre o estado de sa\u00fade deles, assim como tamb\u00e9m do condutor da carreta. PUBLICIDADE\u00a0 Os corpos das v\u00edtimas fatais foram levados para o Departamento de Pol\u00edcia T\u00e9cnica (DPT) de Serrinha, onde passam por necr\u00f3psia. PUBLICIDADE\u00a0 Informa\u00e7\u00f5es extra\u00eddas do site Calila Noticias\u00a0","og_url":"https:\/\/portalraizesnoticias.com.br\/?p=3769","og_site_name":"Portal raizes noticias","article_published_time":"2025-01-05T16:04:45+00:00","og_image":[{"width":910,"height":637,"url":"https:\/\/portalraizesnoticias.com.br\/wp-content\/uploads\/2025\/01\/acidente-br-116-norte.jpg","type":"image\/jpeg"}],"author":"Portal Raizes","twitter_card":"summary_large_image","twitter_misc":{"Escrito por":"Portal Raizes","Est. tempo de leitura":"2 minutos"},"schema":{"@context":"https:\/\/schema.org","@graph":[{"@type":"Article","@id":"https:\/\/portalraizesnoticias.com.br\/?p=3769#article","isPartOf":{"@id":"https:\/\/portalraizesnoticias.com.br\/?p=3769"},"author":{"name":"Portal Raizes","@id":"https:\/\/portalraizesnoticias.com.br\/#\/schema\/person\/a3ca6b0fc701e78df19756c417d943ae"},"headline":"Homem e crian\u00e7a morrem ap\u00f3s colis\u00e3o entre carro e carreta na BR- 116 (Lamar\u00e3o X Santa B\u00e1rbara); 3 pessoas ficaram feridas","datePublished":"2025-01-05T16:04:45+00:00","mainEntityOfPage":{"@id":"https:\/\/portalraizesnoticias.com.br\/?p=3769"},"wordCount":208,"commentCount":0,"publisher":{"@id":"https:\/\/portalraizesnoticias.com.br\/#organization"},"image":{"@id":"https:\/\/portalraizesnoticias.com.br\/?p=3769#primaryimage"},"thumbnailUrl":"https:\/\/portalraizesnoticias.com.br\/wp-content\/uploads\/2025\/01\/acidente-br-116-norte.jpg","keywords":["Acidente","Br116","Lamar\u00e3o","Santa B\u00e1rbara"],"articleSection":["ACIDENTES","DESTAQUES","ULTIMAS NOTICIAS"],"inLanguage":"pt-BR","potentialAction":[{"@type":"CommentAction","name":"Comment","target":["https:\/\/portalraizesnoticias.com.br\/?p=3769#respond"]}]},{"@type":"WebPage","@id":"https:\/\/portalraizesnoticias.com.br\/?p=3769","url":"https:\/\/portalraizesnoticias.com.br\/?p=3769","name":"Homem e crian\u00e7a morrem ap\u00f3s colis\u00e3o entre carro e carreta na BR- 116 (Lamar\u00e3o X Santa B\u00e1rbara); 3 pessoas ficaram feridas - Portal raizes noticias","isPartOf":{"@id":"https:\/\/portalraizesnoticias.com.br\/#website"},"primaryImageOfPage":{"@id":"https:\/\/portalraizesnoticias.com.br\/?p=3769#primaryimage"},"image":{"@id":"https:\/\/portalraizesnoticias.com.br\/?p=3769#primaryimage"},"thumbnailUrl":"https:\/\/portalraizesnoticias.com.br\/wp-content\/uploads\/2025\/01\/acidente-br-116-norte.jpg","datePublished":"2025-01-05T16:04:45+00:00","breadcrumb":{"@id":"https:\/\/portalraizesnoticias.com.br\/?p=3769#breadcrumb"},"inLanguage":"pt-BR","potentialAction":[{"@type":"ReadAction","target":["https:\/\/portalraizesnoticias.com.br\/?p=3769"]}]},{"@type":"ImageObject","inLanguage":"pt-BR","@id":"https:\/\/portalraizesnoticias.com.br\/?p=3769#primaryimage","url":"https:\/\/portalraizesnoticias.com.br\/wp-content\/uploads\/2025\/01\/acidente-br-116-norte.jpg","contentUrl":"https:\/\/portalraizesnoticias.com.br\/wp-content\/uploads\/2025\/01\/acidente-br-116-norte.jpg","width":910,"height":637},{"@type":"BreadcrumbList","@id":"https:\/\/portalraizesnoticias.com.br\/?p=3769#breadcrumb","itemListElement":[{"@type":"ListItem","position":1,"name":"In\u00edcio","item":"https:\/\/portalraizesnoticias.com.br\/"},{"@type":"ListItem","position":2,"name":"Homem e crian\u00e7a morrem ap\u00f3s colis\u00e3o entre carro e carreta na BR- 116 (Lamar\u00e3o X Santa B\u00e1rbara); 3 pessoas ficaram feridas"}]},{"@type":"WebSite","@id":"https:\/\/portalraizesnoticias.com.br\/#website","url":"https:\/\/portalraizesnoticias.com.br\/","name":"Portal raizes NOTICIAS","description":"site de noticias de concei\u00e7\u00e3o do coit\u00e9 e regi\u00e3o","publisher":{"@id":"https:\/\/portalraizesnoticias.com.br\/#organization"},"alternateName":"PORTAL RAIZES COIT\u00c9","potentialAction":[{"@type":"SearchAction","target":{"@type":"EntryPoint","urlTemplate":"https:\/\/portalraizesnoticias.com.br\/?s={search_term_string}"},"query-input":{"@type":"PropertyValueSpecification","valueRequired":true,"valueName":"search_term_string"}}],"inLanguage":"pt-BR"},{"@type":"Organization","@id":"https:\/\/portalraizesnoticias.com.br\/#organization","name":"Portal raizes NOTICIAS","url":"https:\/\/portalraizesnoticias.com.br\/","logo":{"@type":"ImageObject","inLanguage":"pt-BR","@id":"https:\/\/portalraizesnoticias.com.br\/#\/schema\/logo\/image\/","url":"https:\/\/portalraizesnoticias.com.br\/wp-content\/uploads\/2024\/09\/cropped-Captura-de-tela-2024-09-08-011108.png","contentUrl":"https:\/\/portalraizesnoticias.com.br\/wp-content\/uploads\/2024\/09\/cropped-Captura-de-tela-2024-09-08-011108.png","width":606,"height":173,"caption":"Portal raizes NOTICIAS"},"image":{"@id":"https:\/\/portalraizesnoticias.com.br\/#\/schema\/logo\/image\/"}},{"@type":"Person","@id":"https:\/\/portalraizesnoticias.com.br\/#\/schema\/person\/a3ca6b0fc701e78df19756c417d943ae","name":"Portal Raizes","image":{"@type":"ImageObject","inLanguage":"pt-BR","@id":"https:\/\/portalraizesnoticias.com.br\/#\/schema\/person\/image\/","url":"https:\/\/secure.gravatar.com\/avatar\/ef450d29013a3d3fba867a12a249d7b1?s=96&d=mm&r=g","contentUrl":"https:\/\/secure.gravatar.com\/avatar\/ef450d29013a3d3fba867a12a249d7b1?s=96&d=mm&r=g","caption":"Portal Raizes"},"url":"https:\/\/portalraizesnoticias.com.br\/?author=3"}]}},"_links":{"self":[{"href":"https:\/\/portalraizesnoticias.com.br\/index.php?rest_route=\/wp\/v2\/posts\/3769"}],"collection":[{"href":"https:\/\/portalraizesnoticias.com.br\/index.php?rest_route=\/wp\/v2\/posts"}],"about":[{"href":"https:\/\/portalraizesnoticias.com.br\/index.php?rest_route=\/wp\/v2\/types\/post"}],"author":[{"embeddable":true,"href":"https:\/\/portalraizesnoticias.com.br\/index.php?rest_route=\/wp\/v2\/users\/3"}],"replies":[{"embeddable":true,"href":"https:\/\/portalraizesnoticias.com.br\/index.php?rest_route=%2Fwp%2Fv2%2Fcomments&post=3769"}],"version-history":[{"count":1,"href":"https:\/\/portalraizesnoticias.com.br\/index.php?rest_route=\/wp\/v2\/posts\/3769\/revisions"}],"predecessor-version":[{"id":3771,"href":"https:\/\/portalraizesnoticias.com.br\/index.php?rest_route=\/wp\/v2\/posts\/3769\/revisions\/3771"}],"wp:featuredmedia":[{"embeddable":true,"href":"https:\/\/portalraizesnoticias.com.br\/index.php?rest_route=\/wp\/v2\/media\/3770"}],"wp:attachment":[{"href":"https:\/\/portalraizesnoticias.com.br\/index.php?rest_route=%2Fwp%2Fv2%2Fmedia&parent=3769"}],"wp:term":[{"taxonomy":"category","embeddable":true,"href":"https:\/\/portalraizesnoticias.com.br\/index.php?rest_route=%2Fwp%2Fv2%2Fcategories&post=3769"},{"taxonomy":"post_tag","embeddable":true,"href":"https:\/\/portalraizesnoticias.com.br\/index.php?rest_route=%2Fwp%2Fv2%2Ftags&post=3769"}],"curies":[{"name":"wp","href":"https:\/\/api.w.org\/{rel}","templated":true}]}}