{"id":3732,"date":"2025-01-04T19:16:43","date_gmt":"2025-01-04T22:16:43","guid":{"rendered":"https:\/\/portalraizesnoticias.com.br\/?p=3732"},"modified":"2025-01-04T19:27:40","modified_gmt":"2025-01-04T22:27:40","slug":"oscilacao-de-energia-eletrica-nas-instalacoes-do-sistema-serrinha-coite-diminui-oferta-de-agua-na-regiao-informa-embasa","status":"publish","type":"post","link":"https:\/\/portalraizesnoticias.com.br\/?p=3732","title":{"rendered":"Oscila\u00e7\u00e3o de energia el\u00e9trica nas instala\u00e7\u00f5es do sistema Serrinha\/Coit\u00e9 diminui  oferta de \u00e1gua na regi\u00e3o, informa Embasa"},"content":{"rendered":"<p style=\"text-align: left;\">Por causa das constantes oscila\u00e7\u00f5es da energia el\u00e9trica nas instala\u00e7\u00f5es da Embasa (po\u00e7os e esta\u00e7\u00f5es elevat\u00f3rias), o fornecimento de \u00e1gua ocorre com a redu\u00e7\u00e3o da oferta para os munic\u00edpios de Serrinha, Concei\u00e7\u00e3o do Coit\u00e9, Retirol\u00e2ndia, Teofil\u00e2ndia, Lamar\u00e3o, Barrocas e Biritinga.<\/p>\n<p>A Embasa acionou a Neoenergia\/Coelba e est\u00e1 em di\u00e1logo permanente para que seja regularizada, o mais breve poss\u00edvel, a gera\u00e7\u00e3o de energia el\u00e9trica em condi\u00e7\u00f5es m\u00ednimas para o funcionamento as bombas e equipamentos el\u00e9tricos dos po\u00e7os da capta\u00e7\u00e3o e das esta\u00e7\u00f5es de bombeamento de forma cont\u00ednua.<\/p>\n<p>Diferente da energia, o sistema de \u00e1gua leva tempo para voltar a atender os im\u00f3veis e regularizar o abastecimento, principalmente em per\u00edodos de maior consumo com o calor deste per\u00edodo do ano.<\/p>\n<p>Al\u00e9m disto, o sistema de abastecimento Serrinha\/Coit\u00e9 tem sido impactado pela estiagem e pela redu\u00e7\u00e3o do n\u00edvel de \u00e1gua nos po\u00e7os nos \u00faltimos meses. Por causa das limita\u00e7\u00f5es do manancial, o fornecimento de \u00e1gua tem sido feito em regime alternado entre os bairros e localidades da zona rural, al\u00e9m do fornecimento de carro-pipa em diversas \u00e1reas.<\/p>\n<p>Texto: Ascom\/Embasa<\/p>\n<p>Informa\u00e7\u00f5es extra\u00eddas do site Info Serrinha<\/p>\n","protected":false},"excerpt":{"rendered":"<p>Por causa das constantes oscila\u00e7\u00f5es da energia el\u00e9trica nas instala\u00e7\u00f5es da Embasa (po\u00e7os e esta\u00e7\u00f5es elevat\u00f3rias), o fornecimento de \u00e1gua ocorre com a redu\u00e7\u00e3o da oferta para os munic\u00edpios de Serrinha, Concei\u00e7\u00e3o do Coit\u00e9, Retirol\u00e2ndia, Teofil\u00e2ndia, Lamar\u00e3o, Barrocas e Biritinga. A Embasa acionou a Neoenergia\/Coelba e est\u00e1 em di\u00e1logo permanente para que seja regularizada, o mais breve poss\u00edvel, a gera\u00e7\u00e3o de energia el\u00e9trica em condi\u00e7\u00f5es m\u00ednimas para o funcionamento as bombas e equipamentos el\u00e9tricos dos po\u00e7os da capta\u00e7\u00e3o e das esta\u00e7\u00f5es de bombeamento de forma cont\u00ednua. Diferente da energia, o sistema de \u00e1gua leva tempo para voltar a atender os im\u00f3veis e regularizar o abastecimento, principalmente em per\u00edodos de maior consumo com o calor deste per\u00edodo do ano. Al\u00e9m disto, o sistema de abastecimento Serrinha\/Coit\u00e9 tem sido impactado pela estiagem e pela redu\u00e7\u00e3o do n\u00edvel de \u00e1gua nos po\u00e7os nos \u00faltimos meses. Por causa das limita\u00e7\u00f5es do manancial, o fornecimento de \u00e1gua tem sido feito em regime alternado entre os bairros e localidades da zona rural, al\u00e9m do fornecimento de carro-pipa em diversas \u00e1reas. Texto: Ascom\/Embasa Informa\u00e7\u00f5es extra\u00eddas do site Info Serrinha<\/p>\n","protected":false},"author":3,"featured_media":3733,"comment_status":"open","ping_status":"open","sticky":false,"template":"","format":"standard","meta":{"_joinchat":[],"footnotes":""},"categories":[55,59],"tags":[75,599,598,600,283],"class_list":["post-3732","post","type-post","status-publish","format-standard","has-post-thumbnail","hentry","category-destaques","category-ultimas-noticias","tag-coite","tag-comunicado","tag-embasa","tag-falta-de-agua","tag-serrinha"],"yoast_head":"<!-- This site is optimized with the Yoast SEO plugin v24.4 - https:\/\/yoast.com\/wordpress\/plugins\/seo\/ -->\n<title>Oscila\u00e7\u00e3o de energia el\u00e9trica nas instala\u00e7\u00f5es do sistema Serrinha\/Coit\u00e9 diminui oferta de \u00e1gua na regi\u00e3o, informa Embasa - Portal raizes noticias<\/title>\n<meta name=\"robots\" content=\"index, follow, max-snippet:-1, max-image-preview:large, max-video-preview:-1\" \/>\n<link rel=\"canonical\" href=\"https:\/\/portalraizesnoticias.com.br\/?p=3732\" \/>\n<meta property=\"og:locale\" content=\"pt_BR\" \/>\n<meta property=\"og:type\" content=\"article\" \/>\n<meta property=\"og:title\" content=\"Oscila\u00e7\u00e3o de energia el\u00e9trica nas instala\u00e7\u00f5es do sistema Serrinha\/Coit\u00e9 diminui oferta de \u00e1gua na regi\u00e3o, informa Embasa - Portal raizes noticias\" \/>\n<meta property=\"og:description\" content=\"Por causa das constantes oscila\u00e7\u00f5es da energia el\u00e9trica nas instala\u00e7\u00f5es da Embasa (po\u00e7os e esta\u00e7\u00f5es elevat\u00f3rias), o fornecimento de \u00e1gua ocorre com a redu\u00e7\u00e3o da oferta para os munic\u00edpios de Serrinha, Concei\u00e7\u00e3o do Coit\u00e9, Retirol\u00e2ndia, Teofil\u00e2ndia, Lamar\u00e3o, Barrocas e Biritinga. A Embasa acionou a Neoenergia\/Coelba e est\u00e1 em di\u00e1logo permanente para que seja regularizada, o mais breve poss\u00edvel, a gera\u00e7\u00e3o de energia el\u00e9trica em condi\u00e7\u00f5es m\u00ednimas para o funcionamento as bombas e equipamentos el\u00e9tricos dos po\u00e7os da capta\u00e7\u00e3o e das esta\u00e7\u00f5es de bombeamento de forma cont\u00ednua. Diferente da energia, o sistema de \u00e1gua leva tempo para voltar a atender os im\u00f3veis e regularizar o abastecimento, principalmente em per\u00edodos de maior consumo com o calor deste per\u00edodo do ano. Al\u00e9m disto, o sistema de abastecimento Serrinha\/Coit\u00e9 tem sido impactado pela estiagem e pela redu\u00e7\u00e3o do n\u00edvel de \u00e1gua nos po\u00e7os nos \u00faltimos meses. Por causa das limita\u00e7\u00f5es do manancial, o fornecimento de \u00e1gua tem sido feito em regime alternado entre os bairros e localidades da zona rural, al\u00e9m do fornecimento de carro-pipa em diversas \u00e1reas. Texto: Ascom\/Embasa Informa\u00e7\u00f5es extra\u00eddas do site Info Serrinha\" \/>\n<meta property=\"og:url\" content=\"https:\/\/portalraizesnoticias.com.br\/?p=3732\" \/>\n<meta property=\"og:site_name\" content=\"Portal raizes noticias\" \/>\n<meta property=\"article:published_time\" content=\"2025-01-04T22:16:43+00:00\" \/>\n<meta property=\"article:modified_time\" content=\"2025-01-04T22:27:40+00:00\" \/>\n<meta property=\"og:image\" content=\"https:\/\/portalraizesnoticias.com.br\/wp-content\/uploads\/2025\/01\/3e3450_5ae37dcbaa84485d82689acf689bb28dmv2.jpg\" \/>\n\t<meta property=\"og:image:width\" content=\"568\" \/>\n\t<meta property=\"og:image:height\" content=\"424\" \/>\n\t<meta property=\"og:image:type\" content=\"image\/jpeg\" \/>\n<meta name=\"author\" content=\"Portal Raizes\" \/>\n<meta name=\"twitter:card\" content=\"summary_large_image\" \/>\n<meta name=\"twitter:label1\" content=\"Escrito por\" \/>\n\t<meta name=\"twitter:data1\" content=\"Portal Raizes\" \/>\n\t<meta name=\"twitter:label2\" content=\"Est. tempo de leitura\" \/>\n\t<meta name=\"twitter:data2\" content=\"2 minutos\" \/>\n<script type=\"application\/ld+json\" class=\"yoast-schema-graph\">{\"@context\":\"https:\/\/schema.org\",\"@graph\":[{\"@type\":\"Article\",\"@id\":\"https:\/\/portalraizesnoticias.com.br\/?p=3732#article\",\"isPartOf\":{\"@id\":\"https:\/\/portalraizesnoticias.com.br\/?p=3732\"},\"author\":{\"name\":\"Portal Raizes\",\"@id\":\"https:\/\/portalraizesnoticias.com.br\/#\/schema\/person\/a3ca6b0fc701e78df19756c417d943ae\"},\"headline\":\"Oscila\u00e7\u00e3o de energia el\u00e9trica nas instala\u00e7\u00f5es do sistema Serrinha\/Coit\u00e9 diminui oferta de \u00e1gua na regi\u00e3o, informa Embasa\",\"datePublished\":\"2025-01-04T22:16:43+00:00\",\"dateModified\":\"2025-01-04T22:27:40+00:00\",\"mainEntityOfPage\":{\"@id\":\"https:\/\/portalraizesnoticias.com.br\/?p=3732\"},\"wordCount\":241,\"commentCount\":0,\"publisher\":{\"@id\":\"https:\/\/portalraizesnoticias.com.br\/#organization\"},\"image\":{\"@id\":\"https:\/\/portalraizesnoticias.com.br\/?p=3732#primaryimage\"},\"thumbnailUrl\":\"https:\/\/portalraizesnoticias.com.br\/wp-content\/uploads\/2025\/01\/3e3450_5ae37dcbaa84485d82689acf689bb28dmv2.jpg\",\"keywords\":[\"Coit\u00e9\",\"Comunicado\",\"Embasa\",\"Falta de \u00e1gua\",\"Serrinha\"],\"articleSection\":[\"DESTAQUES\",\"ULTIMAS NOTICIAS\"],\"inLanguage\":\"pt-BR\",\"potentialAction\":[{\"@type\":\"CommentAction\",\"name\":\"Comment\",\"target\":[\"https:\/\/portalraizesnoticias.com.br\/?p=3732#respond\"]}]},{\"@type\":\"WebPage\",\"@id\":\"https:\/\/portalraizesnoticias.com.br\/?p=3732\",\"url\":\"https:\/\/portalraizesnoticias.com.br\/?p=3732\",\"name\":\"Oscila\u00e7\u00e3o de energia el\u00e9trica nas instala\u00e7\u00f5es do sistema Serrinha\/Coit\u00e9 diminui oferta de \u00e1gua na regi\u00e3o, informa Embasa - Portal raizes noticias\",\"isPartOf\":{\"@id\":\"https:\/\/portalraizesnoticias.com.br\/#website\"},\"primaryImageOfPage\":{\"@id\":\"https:\/\/portalraizesnoticias.com.br\/?p=3732#primaryimage\"},\"image\":{\"@id\":\"https:\/\/portalraizesnoticias.com.br\/?p=3732#primaryimage\"},\"thumbnailUrl\":\"https:\/\/portalraizesnoticias.com.br\/wp-content\/uploads\/2025\/01\/3e3450_5ae37dcbaa84485d82689acf689bb28dmv2.jpg\",\"datePublished\":\"2025-01-04T22:16:43+00:00\",\"dateModified\":\"2025-01-04T22:27:40+00:00\",\"breadcrumb\":{\"@id\":\"https:\/\/portalraizesnoticias.com.br\/?p=3732#breadcrumb\"},\"inLanguage\":\"pt-BR\",\"potentialAction\":[{\"@type\":\"ReadAction\",\"target\":[\"https:\/\/portalraizesnoticias.com.br\/?p=3732\"]}]},{\"@type\":\"ImageObject\",\"inLanguage\":\"pt-BR\",\"@id\":\"https:\/\/portalraizesnoticias.com.br\/?p=3732#primaryimage\",\"url\":\"https:\/\/portalraizesnoticias.com.br\/wp-content\/uploads\/2025\/01\/3e3450_5ae37dcbaa84485d82689acf689bb28dmv2.jpg\",\"contentUrl\":\"https:\/\/portalraizesnoticias.com.br\/wp-content\/uploads\/2025\/01\/3e3450_5ae37dcbaa84485d82689acf689bb28dmv2.jpg\",\"width\":568,\"height\":424},{\"@type\":\"BreadcrumbList\",\"@id\":\"https:\/\/portalraizesnoticias.com.br\/?p=3732#breadcrumb\",\"itemListElement\":[{\"@type\":\"ListItem\",\"position\":1,\"name\":\"In\u00edcio\",\"item\":\"https:\/\/portalraizesnoticias.com.br\/\"},{\"@type\":\"ListItem\",\"position\":2,\"name\":\"Oscila\u00e7\u00e3o de energia el\u00e9trica nas instala\u00e7\u00f5es do sistema Serrinha\/Coit\u00e9 diminui oferta de \u00e1gua na regi\u00e3o, informa Embasa\"}]},{\"@type\":\"WebSite\",\"@id\":\"https:\/\/portalraizesnoticias.com.br\/#website\",\"url\":\"https:\/\/portalraizesnoticias.com.br\/\",\"name\":\"Portal raizes NOTICIAS\",\"description\":\"site de noticias de concei\u00e7\u00e3o do coit\u00e9 e regi\u00e3o\",\"publisher\":{\"@id\":\"https:\/\/portalraizesnoticias.com.br\/#organization\"},\"alternateName\":\"PORTAL RAIZES COIT\u00c9\",\"potentialAction\":[{\"@type\":\"SearchAction\",\"target\":{\"@type\":\"EntryPoint\",\"urlTemplate\":\"https:\/\/portalraizesnoticias.com.br\/?s={search_term_string}\"},\"query-input\":{\"@type\":\"PropertyValueSpecification\",\"valueRequired\":true,\"valueName\":\"search_term_string\"}}],\"inLanguage\":\"pt-BR\"},{\"@type\":\"Organization\",\"@id\":\"https:\/\/portalraizesnoticias.com.br\/#organization\",\"name\":\"Portal raizes NOTICIAS\",\"url\":\"https:\/\/portalraizesnoticias.com.br\/\",\"logo\":{\"@type\":\"ImageObject\",\"inLanguage\":\"pt-BR\",\"@id\":\"https:\/\/portalraizesnoticias.com.br\/#\/schema\/logo\/image\/\",\"url\":\"https:\/\/portalraizesnoticias.com.br\/wp-content\/uploads\/2024\/09\/cropped-Captura-de-tela-2024-09-08-011108.png\",\"contentUrl\":\"https:\/\/portalraizesnoticias.com.br\/wp-content\/uploads\/2024\/09\/cropped-Captura-de-tela-2024-09-08-011108.png\",\"width\":606,\"height\":173,\"caption\":\"Portal raizes NOTICIAS\"},\"image\":{\"@id\":\"https:\/\/portalraizesnoticias.com.br\/#\/schema\/logo\/image\/\"}},{\"@type\":\"Person\",\"@id\":\"https:\/\/portalraizesnoticias.com.br\/#\/schema\/person\/a3ca6b0fc701e78df19756c417d943ae\",\"name\":\"Portal Raizes\",\"image\":{\"@type\":\"ImageObject\",\"inLanguage\":\"pt-BR\",\"@id\":\"https:\/\/portalraizesnoticias.com.br\/#\/schema\/person\/image\/\",\"url\":\"https:\/\/secure.gravatar.com\/avatar\/ef450d29013a3d3fba867a12a249d7b1?s=96&d=mm&r=g\",\"contentUrl\":\"https:\/\/secure.gravatar.com\/avatar\/ef450d29013a3d3fba867a12a249d7b1?s=96&d=mm&r=g\",\"caption\":\"Portal Raizes\"},\"url\":\"https:\/\/portalraizesnoticias.com.br\/?author=3\"}]}<\/script>\n<!-- \/ Yoast SEO plugin. -->","yoast_head_json":{"title":"Oscila\u00e7\u00e3o de energia el\u00e9trica nas instala\u00e7\u00f5es do sistema Serrinha\/Coit\u00e9 diminui oferta de \u00e1gua na regi\u00e3o, informa Embasa - Portal raizes noticias","robots":{"index":"index","follow":"follow","max-snippet":"max-snippet:-1","max-image-preview":"max-image-preview:large","max-video-preview":"max-video-preview:-1"},"canonical":"https:\/\/portalraizesnoticias.com.br\/?p=3732","og_locale":"pt_BR","og_type":"article","og_title":"Oscila\u00e7\u00e3o de energia el\u00e9trica nas instala\u00e7\u00f5es do sistema Serrinha\/Coit\u00e9 diminui oferta de \u00e1gua na regi\u00e3o, informa Embasa - Portal raizes noticias","og_description":"Por causa das constantes oscila\u00e7\u00f5es da energia el\u00e9trica nas instala\u00e7\u00f5es da Embasa (po\u00e7os e esta\u00e7\u00f5es elevat\u00f3rias), o fornecimento de \u00e1gua ocorre com a redu\u00e7\u00e3o da oferta para os munic\u00edpios de Serrinha, Concei\u00e7\u00e3o do Coit\u00e9, Retirol\u00e2ndia, Teofil\u00e2ndia, Lamar\u00e3o, Barrocas e Biritinga. A Embasa acionou a Neoenergia\/Coelba e est\u00e1 em di\u00e1logo permanente para que seja regularizada, o mais breve poss\u00edvel, a gera\u00e7\u00e3o de energia el\u00e9trica em condi\u00e7\u00f5es m\u00ednimas para o funcionamento as bombas e equipamentos el\u00e9tricos dos po\u00e7os da capta\u00e7\u00e3o e das esta\u00e7\u00f5es de bombeamento de forma cont\u00ednua. Diferente da energia, o sistema de \u00e1gua leva tempo para voltar a atender os im\u00f3veis e regularizar o abastecimento, principalmente em per\u00edodos de maior consumo com o calor deste per\u00edodo do ano. Al\u00e9m disto, o sistema de abastecimento Serrinha\/Coit\u00e9 tem sido impactado pela estiagem e pela redu\u00e7\u00e3o do n\u00edvel de \u00e1gua nos po\u00e7os nos \u00faltimos meses. Por causa das limita\u00e7\u00f5es do manancial, o fornecimento de \u00e1gua tem sido feito em regime alternado entre os bairros e localidades da zona rural, al\u00e9m do fornecimento de carro-pipa em diversas \u00e1reas. Texto: Ascom\/Embasa Informa\u00e7\u00f5es extra\u00eddas do site Info Serrinha","og_url":"https:\/\/portalraizesnoticias.com.br\/?p=3732","og_site_name":"Portal raizes noticias","article_published_time":"2025-01-04T22:16:43+00:00","article_modified_time":"2025-01-04T22:27:40+00:00","og_image":[{"width":568,"height":424,"url":"https:\/\/portalraizesnoticias.com.br\/wp-content\/uploads\/2025\/01\/3e3450_5ae37dcbaa84485d82689acf689bb28dmv2.jpg","type":"image\/jpeg"}],"author":"Portal Raizes","twitter_card":"summary_large_image","twitter_misc":{"Escrito por":"Portal Raizes","Est. tempo de leitura":"2 minutos"},"schema":{"@context":"https:\/\/schema.org","@graph":[{"@type":"Article","@id":"https:\/\/portalraizesnoticias.com.br\/?p=3732#article","isPartOf":{"@id":"https:\/\/portalraizesnoticias.com.br\/?p=3732"},"author":{"name":"Portal Raizes","@id":"https:\/\/portalraizesnoticias.com.br\/#\/schema\/person\/a3ca6b0fc701e78df19756c417d943ae"},"headline":"Oscila\u00e7\u00e3o de energia el\u00e9trica nas instala\u00e7\u00f5es do sistema Serrinha\/Coit\u00e9 diminui oferta de \u00e1gua na regi\u00e3o, informa Embasa","datePublished":"2025-01-04T22:16:43+00:00","dateModified":"2025-01-04T22:27:40+00:00","mainEntityOfPage":{"@id":"https:\/\/portalraizesnoticias.com.br\/?p=3732"},"wordCount":241,"commentCount":0,"publisher":{"@id":"https:\/\/portalraizesnoticias.com.br\/#organization"},"image":{"@id":"https:\/\/portalraizesnoticias.com.br\/?p=3732#primaryimage"},"thumbnailUrl":"https:\/\/portalraizesnoticias.com.br\/wp-content\/uploads\/2025\/01\/3e3450_5ae37dcbaa84485d82689acf689bb28dmv2.jpg","keywords":["Coit\u00e9","Comunicado","Embasa","Falta de \u00e1gua","Serrinha"],"articleSection":["DESTAQUES","ULTIMAS NOTICIAS"],"inLanguage":"pt-BR","potentialAction":[{"@type":"CommentAction","name":"Comment","target":["https:\/\/portalraizesnoticias.com.br\/?p=3732#respond"]}]},{"@type":"WebPage","@id":"https:\/\/portalraizesnoticias.com.br\/?p=3732","url":"https:\/\/portalraizesnoticias.com.br\/?p=3732","name":"Oscila\u00e7\u00e3o de energia el\u00e9trica nas instala\u00e7\u00f5es do sistema Serrinha\/Coit\u00e9 diminui oferta de \u00e1gua na regi\u00e3o, informa Embasa - Portal raizes noticias","isPartOf":{"@id":"https:\/\/portalraizesnoticias.com.br\/#website"},"primaryImageOfPage":{"@id":"https:\/\/portalraizesnoticias.com.br\/?p=3732#primaryimage"},"image":{"@id":"https:\/\/portalraizesnoticias.com.br\/?p=3732#primaryimage"},"thumbnailUrl":"https:\/\/portalraizesnoticias.com.br\/wp-content\/uploads\/2025\/01\/3e3450_5ae37dcbaa84485d82689acf689bb28dmv2.jpg","datePublished":"2025-01-04T22:16:43+00:00","dateModified":"2025-01-04T22:27:40+00:00","breadcrumb":{"@id":"https:\/\/portalraizesnoticias.com.br\/?p=3732#breadcrumb"},"inLanguage":"pt-BR","potentialAction":[{"@type":"ReadAction","target":["https:\/\/portalraizesnoticias.com.br\/?p=3732"]}]},{"@type":"ImageObject","inLanguage":"pt-BR","@id":"https:\/\/portalraizesnoticias.com.br\/?p=3732#primaryimage","url":"https:\/\/portalraizesnoticias.com.br\/wp-content\/uploads\/2025\/01\/3e3450_5ae37dcbaa84485d82689acf689bb28dmv2.jpg","contentUrl":"https:\/\/portalraizesnoticias.com.br\/wp-content\/uploads\/2025\/01\/3e3450_5ae37dcbaa84485d82689acf689bb28dmv2.jpg","width":568,"height":424},{"@type":"BreadcrumbList","@id":"https:\/\/portalraizesnoticias.com.br\/?p=3732#breadcrumb","itemListElement":[{"@type":"ListItem","position":1,"name":"In\u00edcio","item":"https:\/\/portalraizesnoticias.com.br\/"},{"@type":"ListItem","position":2,"name":"Oscila\u00e7\u00e3o de energia el\u00e9trica nas instala\u00e7\u00f5es do sistema Serrinha\/Coit\u00e9 diminui oferta de \u00e1gua na regi\u00e3o, informa Embasa"}]},{"@type":"WebSite","@id":"https:\/\/portalraizesnoticias.com.br\/#website","url":"https:\/\/portalraizesnoticias.com.br\/","name":"Portal raizes NOTICIAS","description":"site de noticias de concei\u00e7\u00e3o do coit\u00e9 e regi\u00e3o","publisher":{"@id":"https:\/\/portalraizesnoticias.com.br\/#organization"},"alternateName":"PORTAL RAIZES COIT\u00c9","potentialAction":[{"@type":"SearchAction","target":{"@type":"EntryPoint","urlTemplate":"https:\/\/portalraizesnoticias.com.br\/?s={search_term_string}"},"query-input":{"@type":"PropertyValueSpecification","valueRequired":true,"valueName":"search_term_string"}}],"inLanguage":"pt-BR"},{"@type":"Organization","@id":"https:\/\/portalraizesnoticias.com.br\/#organization","name":"Portal raizes NOTICIAS","url":"https:\/\/portalraizesnoticias.com.br\/","logo":{"@type":"ImageObject","inLanguage":"pt-BR","@id":"https:\/\/portalraizesnoticias.com.br\/#\/schema\/logo\/image\/","url":"https:\/\/portalraizesnoticias.com.br\/wp-content\/uploads\/2024\/09\/cropped-Captura-de-tela-2024-09-08-011108.png","contentUrl":"https:\/\/portalraizesnoticias.com.br\/wp-content\/uploads\/2024\/09\/cropped-Captura-de-tela-2024-09-08-011108.png","width":606,"height":173,"caption":"Portal raizes NOTICIAS"},"image":{"@id":"https:\/\/portalraizesnoticias.com.br\/#\/schema\/logo\/image\/"}},{"@type":"Person","@id":"https:\/\/portalraizesnoticias.com.br\/#\/schema\/person\/a3ca6b0fc701e78df19756c417d943ae","name":"Portal Raizes","image":{"@type":"ImageObject","inLanguage":"pt-BR","@id":"https:\/\/portalraizesnoticias.com.br\/#\/schema\/person\/image\/","url":"https:\/\/secure.gravatar.com\/avatar\/ef450d29013a3d3fba867a12a249d7b1?s=96&d=mm&r=g","contentUrl":"https:\/\/secure.gravatar.com\/avatar\/ef450d29013a3d3fba867a12a249d7b1?s=96&d=mm&r=g","caption":"Portal Raizes"},"url":"https:\/\/portalraizesnoticias.com.br\/?author=3"}]}},"_links":{"self":[{"href":"https:\/\/portalraizesnoticias.com.br\/index.php?rest_route=\/wp\/v2\/posts\/3732"}],"collection":[{"href":"https:\/\/portalraizesnoticias.com.br\/index.php?rest_route=\/wp\/v2\/posts"}],"about":[{"href":"https:\/\/portalraizesnoticias.com.br\/index.php?rest_route=\/wp\/v2\/types\/post"}],"author":[{"embeddable":true,"href":"https:\/\/portalraizesnoticias.com.br\/index.php?rest_route=\/wp\/v2\/users\/3"}],"replies":[{"embeddable":true,"href":"https:\/\/portalraizesnoticias.com.br\/index.php?rest_route=%2Fwp%2Fv2%2Fcomments&post=3732"}],"version-history":[{"count":2,"href":"https:\/\/portalraizesnoticias.com.br\/index.php?rest_route=\/wp\/v2\/posts\/3732\/revisions"}],"predecessor-version":[{"id":3735,"href":"https:\/\/portalraizesnoticias.com.br\/index.php?rest_route=\/wp\/v2\/posts\/3732\/revisions\/3735"}],"wp:featuredmedia":[{"embeddable":true,"href":"https:\/\/portalraizesnoticias.com.br\/index.php?rest_route=\/wp\/v2\/media\/3733"}],"wp:attachment":[{"href":"https:\/\/portalraizesnoticias.com.br\/index.php?rest_route=%2Fwp%2Fv2%2Fmedia&parent=3732"}],"wp:term":[{"taxonomy":"category","embeddable":true,"href":"https:\/\/portalraizesnoticias.com.br\/index.php?rest_route=%2Fwp%2Fv2%2Fcategories&post=3732"},{"taxonomy":"post_tag","embeddable":true,"href":"https:\/\/portalraizesnoticias.com.br\/index.php?rest_route=%2Fwp%2Fv2%2Ftags&post=3732"}],"curies":[{"name":"wp","href":"https:\/\/api.w.org\/{rel}","templated":true}]}}