{"id":3687,"date":"2025-01-02T19:19:54","date_gmt":"2025-01-02T22:19:54","guid":{"rendered":"https:\/\/portalraizesnoticias.com.br\/?p=3687"},"modified":"2025-01-02T19:47:10","modified_gmt":"2025-01-02T22:47:10","slug":"colisao-entre-motos-deixa-tres-pessoas-feridas-em-conceicao-do-coite","status":"publish","type":"post","link":"https:\/\/portalraizesnoticias.com.br\/?p=3687","title":{"rendered":"Colis\u00e3o entre motos deixa tr\u00eas pessoas feridas em Concei\u00e7\u00e3o do Coit\u00e9"},"content":{"rendered":"<p>Por volta das 18h43 desta quinta-feira (02), uma colis\u00e3o envolvendo duas motos deixou tr\u00eas pessoas feridas na BA-409 (Trecho Coit\u00e9 X Serrinha), pr\u00f3ximo ao quebra-molas de uma f\u00e1brica de cal\u00e7ados.<\/p>\n<p><img fetchpriority=\"high\" decoding=\"async\" class=\"size-medium wp-image-3692 aligncenter\" src=\"https:\/\/portalraizesnoticias.com.br\/wp-content\/uploads\/2025\/01\/IMG-20250102-WA0525-1-300x225.jpg\" alt=\"\" width=\"300\" height=\"225\" srcset=\"https:\/\/portalraizesnoticias.com.br\/wp-content\/uploads\/2025\/01\/IMG-20250102-WA0525-1-300x225.jpg 300w, https:\/\/portalraizesnoticias.com.br\/wp-content\/uploads\/2025\/01\/IMG-20250102-WA0525-1-1024x768.jpg 1024w, https:\/\/portalraizesnoticias.com.br\/wp-content\/uploads\/2025\/01\/IMG-20250102-WA0525-1-768x576.jpg 768w, https:\/\/portalraizesnoticias.com.br\/wp-content\/uploads\/2025\/01\/IMG-20250102-WA0525-1-1536x1152.jpg 1536w, https:\/\/portalraizesnoticias.com.br\/wp-content\/uploads\/2025\/01\/IMG-20250102-WA0525-1.jpg 1600w\" sizes=\"(max-width: 300px) 100vw, 300px\" \/><\/p>\n<p>As v\u00edtimas foram Cl\u00f3vis Rodrigues, 46 anos, Edileuza de Jesus, 57 anos e Jardeson Vagner Santos, 34 anos.<\/p>\n<p>Segundo relatos, Cl\u00f3vis \u00e9 mototaxista e estava seguindo para centro de Coit\u00e9. Enquanto Edileuza e Jardeson iam sentido bairro Cidade Jardim. Os envolvidos no acidente s\u00e3o amigos<\/p>\n<p>Conforme o coordenador da equipe \u00c1guia Resgate, Cl\u00f3vis foi encontrado consciente, orientado, com escoria\u00e7\u00f5es pelo corpo, al\u00e9m de suspeita de fratura na regi\u00e3o do joelho.<\/p>\n<p><img decoding=\"async\" class=\"size-medium wp-image-3169 aligncenter\" src=\"https:\/\/portalraizesnoticias.com.br\/wp-content\/uploads\/2024\/12\/01-300x179.png\" alt=\"\" width=\"300\" height=\"179\" srcset=\"https:\/\/portalraizesnoticias.com.br\/wp-content\/uploads\/2024\/12\/01-300x179.png 300w, https:\/\/portalraizesnoticias.com.br\/wp-content\/uploads\/2024\/12\/01-1024x611.png 1024w, https:\/\/portalraizesnoticias.com.br\/wp-content\/uploads\/2024\/12\/01-768x458.png 768w, https:\/\/portalraizesnoticias.com.br\/wp-content\/uploads\/2024\/12\/01-1536x917.png 1536w, https:\/\/portalraizesnoticias.com.br\/wp-content\/uploads\/2024\/12\/01-2048x1222.png 2048w\" sizes=\"(max-width: 300px) 100vw, 300px\" \/><\/p>\n<p style=\"text-align: center;\"><a href=\"https:\/\/linktr.ee\/ctsisaleiro?fbclid=PAY2xjawHj8vlleHRuA2FlbQIxMQABpmjp2mf-ZffIwV8mZ1_eeDo4np1k5gCBxJ2W36RtqWn66wxEEn0V79sIMA_aem_Ll4AqEhlCPpGKU5LipVniw\"><strong>PUBLICIDADE<\/strong><\/a><\/p>\n<p>Edileuza teve ferimentos na face, sendo socorrida pelo Servi\u00e7o de Atendimento M\u00f3vel de Urg\u00eancia (SAMU).<\/p>\n<p>A v\u00edtima com maior gravidade \u00e9 Jardeson. Ele foi encontrado inconsciente e levado pelo SAMU. N\u00e3o h\u00e1 informa\u00e7\u00f5es sobre o estado de sa\u00fade dele.<\/p>\n<p>N\u00e3o h\u00e1 relatos sobre o que provocou o acidente.<\/p>\n<p>As v\u00edtimas foram encaminhadas ao Hospital Portugu\u00eas de Coit\u00e9<\/p>\n<p style=\"text-align: right;\">Reda\u00e7\u00e3o<\/p>\n","protected":false},"excerpt":{"rendered":"<p>Por volta das 18h43 desta quinta-feira (02), uma colis\u00e3o envolvendo duas motos deixou tr\u00eas pessoas feridas na BA-409 (Trecho Coit\u00e9 X Serrinha), pr\u00f3ximo ao quebra-molas de uma f\u00e1brica de cal\u00e7ados. As v\u00edtimas foram Cl\u00f3vis Rodrigues, 46 anos, Edileuza de Jesus, 57 anos e Jardeson Vagner Santos, 34 anos. Segundo relatos, Cl\u00f3vis \u00e9 mototaxista e estava seguindo para centro de Coit\u00e9. Enquanto Edileuza e Jardeson iam sentido bairro Cidade Jardim. Os envolvidos no acidente s\u00e3o amigos Conforme o coordenador da equipe \u00c1guia Resgate, Cl\u00f3vis foi encontrado consciente, orientado, com escoria\u00e7\u00f5es pelo corpo, al\u00e9m de suspeita de fratura na regi\u00e3o do joelho. PUBLICIDADE Edileuza teve ferimentos na face, sendo socorrida pelo Servi\u00e7o de Atendimento M\u00f3vel de Urg\u00eancia (SAMU). A v\u00edtima com maior gravidade \u00e9 Jardeson. Ele foi encontrado inconsciente e levado pelo SAMU. N\u00e3o h\u00e1 informa\u00e7\u00f5es sobre o estado de sa\u00fade dele. N\u00e3o h\u00e1 relatos sobre o que provocou o acidente. As v\u00edtimas foram encaminhadas ao Hospital Portugu\u00eas de Coit\u00e9 Reda\u00e7\u00e3o<\/p>\n","protected":false},"author":3,"featured_media":3690,"comment_status":"open","ping_status":"open","sticky":false,"template":"","format":"standard","meta":{"_joinchat":[],"footnotes":""},"categories":[58,55,59],"tags":[],"class_list":["post-3687","post","type-post","status-publish","format-standard","has-post-thumbnail","hentry","category-acidentes","category-destaques","category-ultimas-noticias"],"yoast_head":"<!-- This site is optimized with the Yoast SEO plugin v24.4 - https:\/\/yoast.com\/wordpress\/plugins\/seo\/ -->\n<title>Colis\u00e3o entre motos deixa tr\u00eas pessoas feridas em Concei\u00e7\u00e3o do Coit\u00e9 - Portal raizes noticias<\/title>\n<meta name=\"robots\" content=\"index, follow, max-snippet:-1, max-image-preview:large, max-video-preview:-1\" \/>\n<link rel=\"canonical\" href=\"https:\/\/portalraizesnoticias.com.br\/?p=3687\" \/>\n<meta property=\"og:locale\" content=\"pt_BR\" \/>\n<meta property=\"og:type\" content=\"article\" \/>\n<meta property=\"og:title\" content=\"Colis\u00e3o entre motos deixa tr\u00eas pessoas feridas em Concei\u00e7\u00e3o do Coit\u00e9 - Portal raizes noticias\" \/>\n<meta property=\"og:description\" content=\"Por volta das 18h43 desta quinta-feira (02), uma colis\u00e3o envolvendo duas motos deixou tr\u00eas pessoas feridas na BA-409 (Trecho Coit\u00e9 X Serrinha), pr\u00f3ximo ao quebra-molas de uma f\u00e1brica de cal\u00e7ados. As v\u00edtimas foram Cl\u00f3vis Rodrigues, 46 anos, Edileuza de Jesus, 57 anos e Jardeson Vagner Santos, 34 anos. Segundo relatos, Cl\u00f3vis \u00e9 mototaxista e estava seguindo para centro de Coit\u00e9. Enquanto Edileuza e Jardeson iam sentido bairro Cidade Jardim. Os envolvidos no acidente s\u00e3o amigos Conforme o coordenador da equipe \u00c1guia Resgate, Cl\u00f3vis foi encontrado consciente, orientado, com escoria\u00e7\u00f5es pelo corpo, al\u00e9m de suspeita de fratura na regi\u00e3o do joelho. PUBLICIDADE Edileuza teve ferimentos na face, sendo socorrida pelo Servi\u00e7o de Atendimento M\u00f3vel de Urg\u00eancia (SAMU). A v\u00edtima com maior gravidade \u00e9 Jardeson. Ele foi encontrado inconsciente e levado pelo SAMU. N\u00e3o h\u00e1 informa\u00e7\u00f5es sobre o estado de sa\u00fade dele. N\u00e3o h\u00e1 relatos sobre o que provocou o acidente. As v\u00edtimas foram encaminhadas ao Hospital Portugu\u00eas de Coit\u00e9 Reda\u00e7\u00e3o\" \/>\n<meta property=\"og:url\" content=\"https:\/\/portalraizesnoticias.com.br\/?p=3687\" \/>\n<meta property=\"og:site_name\" content=\"Portal raizes noticias\" \/>\n<meta property=\"article:published_time\" content=\"2025-01-02T22:19:54+00:00\" \/>\n<meta property=\"article:modified_time\" content=\"2025-01-02T22:47:10+00:00\" \/>\n<meta property=\"og:image\" content=\"https:\/\/portalraizesnoticias.com.br\/wp-content\/uploads\/2025\/01\/20250102192424.jpg\" \/>\n\t<meta property=\"og:image:width\" content=\"1200\" \/>\n\t<meta property=\"og:image:height\" content=\"1600\" \/>\n\t<meta property=\"og:image:type\" content=\"image\/jpeg\" \/>\n<meta name=\"author\" content=\"Portal Raizes\" \/>\n<meta name=\"twitter:card\" content=\"summary_large_image\" \/>\n<meta name=\"twitter:label1\" content=\"Escrito por\" \/>\n\t<meta name=\"twitter:data1\" content=\"Portal Raizes\" \/>\n\t<meta name=\"twitter:label2\" content=\"Est. tempo de leitura\" \/>\n\t<meta name=\"twitter:data2\" content=\"2 minutos\" \/>\n<script type=\"application\/ld+json\" class=\"yoast-schema-graph\">{\"@context\":\"https:\/\/schema.org\",\"@graph\":[{\"@type\":\"Article\",\"@id\":\"https:\/\/portalraizesnoticias.com.br\/?p=3687#article\",\"isPartOf\":{\"@id\":\"https:\/\/portalraizesnoticias.com.br\/?p=3687\"},\"author\":{\"name\":\"Portal Raizes\",\"@id\":\"https:\/\/portalraizesnoticias.com.br\/#\/schema\/person\/a3ca6b0fc701e78df19756c417d943ae\"},\"headline\":\"Colis\u00e3o entre motos deixa tr\u00eas pessoas feridas em Concei\u00e7\u00e3o do Coit\u00e9\",\"datePublished\":\"2025-01-02T22:19:54+00:00\",\"dateModified\":\"2025-01-02T22:47:10+00:00\",\"mainEntityOfPage\":{\"@id\":\"https:\/\/portalraizesnoticias.com.br\/?p=3687\"},\"wordCount\":191,\"commentCount\":0,\"publisher\":{\"@id\":\"https:\/\/portalraizesnoticias.com.br\/#organization\"},\"image\":{\"@id\":\"https:\/\/portalraizesnoticias.com.br\/?p=3687#primaryimage\"},\"thumbnailUrl\":\"https:\/\/portalraizesnoticias.com.br\/wp-content\/uploads\/2025\/01\/20250102192424.jpg\",\"articleSection\":[\"ACIDENTES\",\"DESTAQUES\",\"ULTIMAS NOTICIAS\"],\"inLanguage\":\"pt-BR\",\"potentialAction\":[{\"@type\":\"CommentAction\",\"name\":\"Comment\",\"target\":[\"https:\/\/portalraizesnoticias.com.br\/?p=3687#respond\"]}]},{\"@type\":\"WebPage\",\"@id\":\"https:\/\/portalraizesnoticias.com.br\/?p=3687\",\"url\":\"https:\/\/portalraizesnoticias.com.br\/?p=3687\",\"name\":\"Colis\u00e3o entre motos deixa tr\u00eas pessoas feridas em Concei\u00e7\u00e3o do Coit\u00e9 - Portal raizes noticias\",\"isPartOf\":{\"@id\":\"https:\/\/portalraizesnoticias.com.br\/#website\"},\"primaryImageOfPage\":{\"@id\":\"https:\/\/portalraizesnoticias.com.br\/?p=3687#primaryimage\"},\"image\":{\"@id\":\"https:\/\/portalraizesnoticias.com.br\/?p=3687#primaryimage\"},\"thumbnailUrl\":\"https:\/\/portalraizesnoticias.com.br\/wp-content\/uploads\/2025\/01\/20250102192424.jpg\",\"datePublished\":\"2025-01-02T22:19:54+00:00\",\"dateModified\":\"2025-01-02T22:47:10+00:00\",\"breadcrumb\":{\"@id\":\"https:\/\/portalraizesnoticias.com.br\/?p=3687#breadcrumb\"},\"inLanguage\":\"pt-BR\",\"potentialAction\":[{\"@type\":\"ReadAction\",\"target\":[\"https:\/\/portalraizesnoticias.com.br\/?p=3687\"]}]},{\"@type\":\"ImageObject\",\"inLanguage\":\"pt-BR\",\"@id\":\"https:\/\/portalraizesnoticias.com.br\/?p=3687#primaryimage\",\"url\":\"https:\/\/portalraizesnoticias.com.br\/wp-content\/uploads\/2025\/01\/20250102192424.jpg\",\"contentUrl\":\"https:\/\/portalraizesnoticias.com.br\/wp-content\/uploads\/2025\/01\/20250102192424.jpg\",\"width\":1200,\"height\":1600},{\"@type\":\"BreadcrumbList\",\"@id\":\"https:\/\/portalraizesnoticias.com.br\/?p=3687#breadcrumb\",\"itemListElement\":[{\"@type\":\"ListItem\",\"position\":1,\"name\":\"In\u00edcio\",\"item\":\"https:\/\/portalraizesnoticias.com.br\/\"},{\"@type\":\"ListItem\",\"position\":2,\"name\":\"Colis\u00e3o entre motos deixa tr\u00eas pessoas feridas em Concei\u00e7\u00e3o do Coit\u00e9\"}]},{\"@type\":\"WebSite\",\"@id\":\"https:\/\/portalraizesnoticias.com.br\/#website\",\"url\":\"https:\/\/portalraizesnoticias.com.br\/\",\"name\":\"Portal raizes NOTICIAS\",\"description\":\"site de noticias de concei\u00e7\u00e3o do coit\u00e9 e regi\u00e3o\",\"publisher\":{\"@id\":\"https:\/\/portalraizesnoticias.com.br\/#organization\"},\"alternateName\":\"PORTAL RAIZES COIT\u00c9\",\"potentialAction\":[{\"@type\":\"SearchAction\",\"target\":{\"@type\":\"EntryPoint\",\"urlTemplate\":\"https:\/\/portalraizesnoticias.com.br\/?s={search_term_string}\"},\"query-input\":{\"@type\":\"PropertyValueSpecification\",\"valueRequired\":true,\"valueName\":\"search_term_string\"}}],\"inLanguage\":\"pt-BR\"},{\"@type\":\"Organization\",\"@id\":\"https:\/\/portalraizesnoticias.com.br\/#organization\",\"name\":\"Portal raizes NOTICIAS\",\"url\":\"https:\/\/portalraizesnoticias.com.br\/\",\"logo\":{\"@type\":\"ImageObject\",\"inLanguage\":\"pt-BR\",\"@id\":\"https:\/\/portalraizesnoticias.com.br\/#\/schema\/logo\/image\/\",\"url\":\"https:\/\/portalraizesnoticias.com.br\/wp-content\/uploads\/2024\/09\/cropped-Captura-de-tela-2024-09-08-011108.png\",\"contentUrl\":\"https:\/\/portalraizesnoticias.com.br\/wp-content\/uploads\/2024\/09\/cropped-Captura-de-tela-2024-09-08-011108.png\",\"width\":606,\"height\":173,\"caption\":\"Portal raizes NOTICIAS\"},\"image\":{\"@id\":\"https:\/\/portalraizesnoticias.com.br\/#\/schema\/logo\/image\/\"}},{\"@type\":\"Person\",\"@id\":\"https:\/\/portalraizesnoticias.com.br\/#\/schema\/person\/a3ca6b0fc701e78df19756c417d943ae\",\"name\":\"Portal Raizes\",\"image\":{\"@type\":\"ImageObject\",\"inLanguage\":\"pt-BR\",\"@id\":\"https:\/\/portalraizesnoticias.com.br\/#\/schema\/person\/image\/\",\"url\":\"https:\/\/secure.gravatar.com\/avatar\/ef450d29013a3d3fba867a12a249d7b1?s=96&d=mm&r=g\",\"contentUrl\":\"https:\/\/secure.gravatar.com\/avatar\/ef450d29013a3d3fba867a12a249d7b1?s=96&d=mm&r=g\",\"caption\":\"Portal Raizes\"},\"url\":\"https:\/\/portalraizesnoticias.com.br\/?author=3\"}]}<\/script>\n<!-- \/ Yoast SEO plugin. -->","yoast_head_json":{"title":"Colis\u00e3o entre motos deixa tr\u00eas pessoas feridas em Concei\u00e7\u00e3o do Coit\u00e9 - Portal raizes noticias","robots":{"index":"index","follow":"follow","max-snippet":"max-snippet:-1","max-image-preview":"max-image-preview:large","max-video-preview":"max-video-preview:-1"},"canonical":"https:\/\/portalraizesnoticias.com.br\/?p=3687","og_locale":"pt_BR","og_type":"article","og_title":"Colis\u00e3o entre motos deixa tr\u00eas pessoas feridas em Concei\u00e7\u00e3o do Coit\u00e9 - Portal raizes noticias","og_description":"Por volta das 18h43 desta quinta-feira (02), uma colis\u00e3o envolvendo duas motos deixou tr\u00eas pessoas feridas na BA-409 (Trecho Coit\u00e9 X Serrinha), pr\u00f3ximo ao quebra-molas de uma f\u00e1brica de cal\u00e7ados. As v\u00edtimas foram Cl\u00f3vis Rodrigues, 46 anos, Edileuza de Jesus, 57 anos e Jardeson Vagner Santos, 34 anos. Segundo relatos, Cl\u00f3vis \u00e9 mototaxista e estava seguindo para centro de Coit\u00e9. Enquanto Edileuza e Jardeson iam sentido bairro Cidade Jardim. Os envolvidos no acidente s\u00e3o amigos Conforme o coordenador da equipe \u00c1guia Resgate, Cl\u00f3vis foi encontrado consciente, orientado, com escoria\u00e7\u00f5es pelo corpo, al\u00e9m de suspeita de fratura na regi\u00e3o do joelho. PUBLICIDADE Edileuza teve ferimentos na face, sendo socorrida pelo Servi\u00e7o de Atendimento M\u00f3vel de Urg\u00eancia (SAMU). A v\u00edtima com maior gravidade \u00e9 Jardeson. Ele foi encontrado inconsciente e levado pelo SAMU. N\u00e3o h\u00e1 informa\u00e7\u00f5es sobre o estado de sa\u00fade dele. N\u00e3o h\u00e1 relatos sobre o que provocou o acidente. As v\u00edtimas foram encaminhadas ao Hospital Portugu\u00eas de Coit\u00e9 Reda\u00e7\u00e3o","og_url":"https:\/\/portalraizesnoticias.com.br\/?p=3687","og_site_name":"Portal raizes noticias","article_published_time":"2025-01-02T22:19:54+00:00","article_modified_time":"2025-01-02T22:47:10+00:00","og_image":[{"width":1200,"height":1600,"url":"https:\/\/portalraizesnoticias.com.br\/wp-content\/uploads\/2025\/01\/20250102192424.jpg","type":"image\/jpeg"}],"author":"Portal Raizes","twitter_card":"summary_large_image","twitter_misc":{"Escrito por":"Portal Raizes","Est. tempo de leitura":"2 minutos"},"schema":{"@context":"https:\/\/schema.org","@graph":[{"@type":"Article","@id":"https:\/\/portalraizesnoticias.com.br\/?p=3687#article","isPartOf":{"@id":"https:\/\/portalraizesnoticias.com.br\/?p=3687"},"author":{"name":"Portal Raizes","@id":"https:\/\/portalraizesnoticias.com.br\/#\/schema\/person\/a3ca6b0fc701e78df19756c417d943ae"},"headline":"Colis\u00e3o entre motos deixa tr\u00eas pessoas feridas em Concei\u00e7\u00e3o do Coit\u00e9","datePublished":"2025-01-02T22:19:54+00:00","dateModified":"2025-01-02T22:47:10+00:00","mainEntityOfPage":{"@id":"https:\/\/portalraizesnoticias.com.br\/?p=3687"},"wordCount":191,"commentCount":0,"publisher":{"@id":"https:\/\/portalraizesnoticias.com.br\/#organization"},"image":{"@id":"https:\/\/portalraizesnoticias.com.br\/?p=3687#primaryimage"},"thumbnailUrl":"https:\/\/portalraizesnoticias.com.br\/wp-content\/uploads\/2025\/01\/20250102192424.jpg","articleSection":["ACIDENTES","DESTAQUES","ULTIMAS NOTICIAS"],"inLanguage":"pt-BR","potentialAction":[{"@type":"CommentAction","name":"Comment","target":["https:\/\/portalraizesnoticias.com.br\/?p=3687#respond"]}]},{"@type":"WebPage","@id":"https:\/\/portalraizesnoticias.com.br\/?p=3687","url":"https:\/\/portalraizesnoticias.com.br\/?p=3687","name":"Colis\u00e3o entre motos deixa tr\u00eas pessoas feridas em Concei\u00e7\u00e3o do Coit\u00e9 - Portal raizes noticias","isPartOf":{"@id":"https:\/\/portalraizesnoticias.com.br\/#website"},"primaryImageOfPage":{"@id":"https:\/\/portalraizesnoticias.com.br\/?p=3687#primaryimage"},"image":{"@id":"https:\/\/portalraizesnoticias.com.br\/?p=3687#primaryimage"},"thumbnailUrl":"https:\/\/portalraizesnoticias.com.br\/wp-content\/uploads\/2025\/01\/20250102192424.jpg","datePublished":"2025-01-02T22:19:54+00:00","dateModified":"2025-01-02T22:47:10+00:00","breadcrumb":{"@id":"https:\/\/portalraizesnoticias.com.br\/?p=3687#breadcrumb"},"inLanguage":"pt-BR","potentialAction":[{"@type":"ReadAction","target":["https:\/\/portalraizesnoticias.com.br\/?p=3687"]}]},{"@type":"ImageObject","inLanguage":"pt-BR","@id":"https:\/\/portalraizesnoticias.com.br\/?p=3687#primaryimage","url":"https:\/\/portalraizesnoticias.com.br\/wp-content\/uploads\/2025\/01\/20250102192424.jpg","contentUrl":"https:\/\/portalraizesnoticias.com.br\/wp-content\/uploads\/2025\/01\/20250102192424.jpg","width":1200,"height":1600},{"@type":"BreadcrumbList","@id":"https:\/\/portalraizesnoticias.com.br\/?p=3687#breadcrumb","itemListElement":[{"@type":"ListItem","position":1,"name":"In\u00edcio","item":"https:\/\/portalraizesnoticias.com.br\/"},{"@type":"ListItem","position":2,"name":"Colis\u00e3o entre motos deixa tr\u00eas pessoas feridas em Concei\u00e7\u00e3o do Coit\u00e9"}]},{"@type":"WebSite","@id":"https:\/\/portalraizesnoticias.com.br\/#website","url":"https:\/\/portalraizesnoticias.com.br\/","name":"Portal raizes NOTICIAS","description":"site de noticias de concei\u00e7\u00e3o do coit\u00e9 e regi\u00e3o","publisher":{"@id":"https:\/\/portalraizesnoticias.com.br\/#organization"},"alternateName":"PORTAL RAIZES COIT\u00c9","potentialAction":[{"@type":"SearchAction","target":{"@type":"EntryPoint","urlTemplate":"https:\/\/portalraizesnoticias.com.br\/?s={search_term_string}"},"query-input":{"@type":"PropertyValueSpecification","valueRequired":true,"valueName":"search_term_string"}}],"inLanguage":"pt-BR"},{"@type":"Organization","@id":"https:\/\/portalraizesnoticias.com.br\/#organization","name":"Portal raizes NOTICIAS","url":"https:\/\/portalraizesnoticias.com.br\/","logo":{"@type":"ImageObject","inLanguage":"pt-BR","@id":"https:\/\/portalraizesnoticias.com.br\/#\/schema\/logo\/image\/","url":"https:\/\/portalraizesnoticias.com.br\/wp-content\/uploads\/2024\/09\/cropped-Captura-de-tela-2024-09-08-011108.png","contentUrl":"https:\/\/portalraizesnoticias.com.br\/wp-content\/uploads\/2024\/09\/cropped-Captura-de-tela-2024-09-08-011108.png","width":606,"height":173,"caption":"Portal raizes NOTICIAS"},"image":{"@id":"https:\/\/portalraizesnoticias.com.br\/#\/schema\/logo\/image\/"}},{"@type":"Person","@id":"https:\/\/portalraizesnoticias.com.br\/#\/schema\/person\/a3ca6b0fc701e78df19756c417d943ae","name":"Portal Raizes","image":{"@type":"ImageObject","inLanguage":"pt-BR","@id":"https:\/\/portalraizesnoticias.com.br\/#\/schema\/person\/image\/","url":"https:\/\/secure.gravatar.com\/avatar\/ef450d29013a3d3fba867a12a249d7b1?s=96&d=mm&r=g","contentUrl":"https:\/\/secure.gravatar.com\/avatar\/ef450d29013a3d3fba867a12a249d7b1?s=96&d=mm&r=g","caption":"Portal Raizes"},"url":"https:\/\/portalraizesnoticias.com.br\/?author=3"}]}},"_links":{"self":[{"href":"https:\/\/portalraizesnoticias.com.br\/index.php?rest_route=\/wp\/v2\/posts\/3687"}],"collection":[{"href":"https:\/\/portalraizesnoticias.com.br\/index.php?rest_route=\/wp\/v2\/posts"}],"about":[{"href":"https:\/\/portalraizesnoticias.com.br\/index.php?rest_route=\/wp\/v2\/types\/post"}],"author":[{"embeddable":true,"href":"https:\/\/portalraizesnoticias.com.br\/index.php?rest_route=\/wp\/v2\/users\/3"}],"replies":[{"embeddable":true,"href":"https:\/\/portalraizesnoticias.com.br\/index.php?rest_route=%2Fwp%2Fv2%2Fcomments&post=3687"}],"version-history":[{"count":8,"href":"https:\/\/portalraizesnoticias.com.br\/index.php?rest_route=\/wp\/v2\/posts\/3687\/revisions"}],"predecessor-version":[{"id":3704,"href":"https:\/\/portalraizesnoticias.com.br\/index.php?rest_route=\/wp\/v2\/posts\/3687\/revisions\/3704"}],"wp:featuredmedia":[{"embeddable":true,"href":"https:\/\/portalraizesnoticias.com.br\/index.php?rest_route=\/wp\/v2\/media\/3690"}],"wp:attachment":[{"href":"https:\/\/portalraizesnoticias.com.br\/index.php?rest_route=%2Fwp%2Fv2%2Fmedia&parent=3687"}],"wp:term":[{"taxonomy":"category","embeddable":true,"href":"https:\/\/portalraizesnoticias.com.br\/index.php?rest_route=%2Fwp%2Fv2%2Fcategories&post=3687"},{"taxonomy":"post_tag","embeddable":true,"href":"https:\/\/portalraizesnoticias.com.br\/index.php?rest_route=%2Fwp%2Fv2%2Ftags&post=3687"}],"curies":[{"name":"wp","href":"https:\/\/api.w.org\/{rel}","templated":true}]}}