{"id":3680,"date":"2025-01-02T18:59:57","date_gmt":"2025-01-02T21:59:57","guid":{"rendered":"https:\/\/portalraizesnoticias.com.br\/?p=3680"},"modified":"2025-07-17T18:05:16","modified_gmt":"2025-07-17T21:05:16","slug":"kainha-figura-conhecida-em-conceicao-do-coite-pode-ter-sindrome-de-tourette-entenda","status":"publish","type":"post","link":"https:\/\/portalraizesnoticias.com.br\/?p=3680","title":{"rendered":"&#8220;Kainha&#8221;: Figura conhecida em Concei\u00e7\u00e3o do Coit\u00e9 pode ter s\u00edndrome de Tourette. Entenda!\u00a0\u00a0"},"content":{"rendered":"<p>Quem j\u00e1 se deparou com Joelson de Oliveira da Silva, 36 anos, conhecido como Kainha, provavelmente viu cenas do rapaz pulando, gritando e at\u00e9 se agredindo de forma involunt\u00e1ria.<\/p>\n<p><img fetchpriority=\"high\" decoding=\"async\" class=\"size-medium wp-image-3681 aligncenter\" src=\"https:\/\/portalraizesnoticias.com.br\/wp-content\/uploads\/2025\/01\/IMG-20241225-WA02221-225x300.jpg\" alt=\"\" width=\"225\" height=\"300\" srcset=\"https:\/\/portalraizesnoticias.com.br\/wp-content\/uploads\/2025\/01\/IMG-20241225-WA02221-225x300.jpg 225w, https:\/\/portalraizesnoticias.com.br\/wp-content\/uploads\/2025\/01\/IMG-20241225-WA02221-768x1024.jpg 768w, https:\/\/portalraizesnoticias.com.br\/wp-content\/uploads\/2025\/01\/IMG-20241225-WA02221.jpg 780w\" sizes=\"(max-width: 225px) 100vw, 225px\" \/><\/p>\n<p>O homem \u00e9 natural de Concei\u00e7\u00e3o do Coit\u00e9, povoado do Sossego, regi\u00e3o sisaleira, e pode apresentar a s\u00edndrome de Tourette, um dist\u00farbio do sistema nervoso que envolve movimentos repetitivos ou sons indesejados.<\/p>\n<p><img decoding=\"async\" class=\"size-medium wp-image-3171 aligncenter\" src=\"https:\/\/portalraizesnoticias.com.br\/wp-content\/uploads\/2024\/12\/Brasao-Clube-de-Tiro-vetorizado-2-300x176.png\" alt=\"\" width=\"300\" height=\"176\" srcset=\"https:\/\/portalraizesnoticias.com.br\/wp-content\/uploads\/2024\/12\/Brasao-Clube-de-Tiro-vetorizado-2-300x176.png 300w, https:\/\/portalraizesnoticias.com.br\/wp-content\/uploads\/2024\/12\/Brasao-Clube-de-Tiro-vetorizado-2-1024x602.png 1024w, https:\/\/portalraizesnoticias.com.br\/wp-content\/uploads\/2024\/12\/Brasao-Clube-de-Tiro-vetorizado-2-768x451.png 768w, https:\/\/portalraizesnoticias.com.br\/wp-content\/uploads\/2024\/12\/Brasao-Clube-de-Tiro-vetorizado-2-1536x902.png 1536w, https:\/\/portalraizesnoticias.com.br\/wp-content\/uploads\/2024\/12\/Brasao-Clube-de-Tiro-vetorizado-2-2048x1203.png 2048w\" sizes=\"(max-width: 300px) 100vw, 300px\" \/><\/p>\n<p style=\"text-align: center;\"><a href=\"https:\/\/api.whatsapp.com\/send?phone=5571999226880&amp;text=Vim%20do%20instagram%20e%20tenho%20interesse%20em%20um%20po%C3%A7o%20artesiano.&amp;fbclid=PAY2xjawHj6ZJleHRuA2FlbQIxMAABpuR3aSesqsmFSiC9I5BgMDweLKGLDPVHxE-bpExo86bMVFDM4H49s2vUjQ_aem_HonWzGxCVBmQIOjPvqf3Uw\">PUBLICIDADE<\/a><\/p>\n<p style=\"text-align: center;\">\n<p><strong>Em uma conversa com a jornalista Rafaela Rodrigues, Kainha disse que teve uma inf\u00e2ncia normal at\u00e9 os dez anos, quando percebeu os primeiros sinais.\u00a0<\/strong><\/p>\n<p><img decoding=\"async\" class=\"size-medium wp-image-3682 aligncenter\" src=\"https:\/\/portalraizesnoticias.com.br\/wp-content\/uploads\/2025\/01\/IMG-20241225-WA0219-225x300.jpg\" alt=\"\" width=\"225\" height=\"300\" srcset=\"https:\/\/portalraizesnoticias.com.br\/wp-content\/uploads\/2025\/01\/IMG-20241225-WA0219-225x300.jpg 225w, https:\/\/portalraizesnoticias.com.br\/wp-content\/uploads\/2025\/01\/IMG-20241225-WA0219-768x1024.jpg 768w, https:\/\/portalraizesnoticias.com.br\/wp-content\/uploads\/2025\/01\/IMG-20241225-WA0219.jpg 780w\" sizes=\"(max-width: 225px) 100vw, 225px\" \/><\/p>\n<p>\u201cEu ficava muito nervoso e dando esses pulos, mas minha m\u00e3e achava que era um problema espiritual e me levou a um sacerdote para fazer um ritual, mas n\u00e3o resolveu\u201d, contou.<\/p>\n<p><img loading=\"lazy\" decoding=\"async\" class=\"size-medium wp-image-2974 aligncenter\" src=\"https:\/\/portalraizesnoticias.com.br\/wp-content\/uploads\/2024\/12\/Imagem-do-WhatsApp-de-2024-12-13-as-17.29.14_14156b3f-300x300.jpg\" alt=\"\" width=\"300\" height=\"300\" srcset=\"https:\/\/portalraizesnoticias.com.br\/wp-content\/uploads\/2024\/12\/Imagem-do-WhatsApp-de-2024-12-13-as-17.29.14_14156b3f-300x300.jpg 300w, https:\/\/portalraizesnoticias.com.br\/wp-content\/uploads\/2024\/12\/Imagem-do-WhatsApp-de-2024-12-13-as-17.29.14_14156b3f-1024x1024.jpg 1024w, https:\/\/portalraizesnoticias.com.br\/wp-content\/uploads\/2024\/12\/Imagem-do-WhatsApp-de-2024-12-13-as-17.29.14_14156b3f-150x150.jpg 150w, https:\/\/portalraizesnoticias.com.br\/wp-content\/uploads\/2024\/12\/Imagem-do-WhatsApp-de-2024-12-13-as-17.29.14_14156b3f-768x768.jpg 768w, https:\/\/portalraizesnoticias.com.br\/wp-content\/uploads\/2024\/12\/Imagem-do-WhatsApp-de-2024-12-13-as-17.29.14_14156b3f-700x700.jpg 700w, https:\/\/portalraizesnoticias.com.br\/wp-content\/uploads\/2024\/12\/Imagem-do-WhatsApp-de-2024-12-13-as-17.29.14_14156b3f-620x620.jpg 620w, https:\/\/portalraizesnoticias.com.br\/wp-content\/uploads\/2024\/12\/Imagem-do-WhatsApp-de-2024-12-13-as-17.29.14_14156b3f-400x400.jpg 400w, https:\/\/portalraizesnoticias.com.br\/wp-content\/uploads\/2024\/12\/Imagem-do-WhatsApp-de-2024-12-13-as-17.29.14_14156b3f.jpg 1190w\" sizes=\"(max-width: 300px) 100vw, 300px\" \/><\/p>\n<p style=\"text-align: center;\"><strong>PUBLICIDADE<\/strong><\/p>\n<p>Ele foi encaminhado ao psiquiatra, que prescreveu rem\u00e9dios para diminuir a agita\u00e7\u00e3o. O tratamento prosseguiu pelo CAPS de Coit\u00e9, mas os movimentos involunt\u00e1rios continuaram.<\/p>\n<p><img loading=\"lazy\" decoding=\"async\" class=\"size-medium wp-image-2672 aligncenter\" src=\"https:\/\/portalraizesnoticias.com.br\/wp-content\/uploads\/2024\/12\/Card-Matricula_021-300x300.png\" alt=\"\" width=\"300\" height=\"300\" srcset=\"https:\/\/portalraizesnoticias.com.br\/wp-content\/uploads\/2024\/12\/Card-Matricula_021-300x300.png 300w, https:\/\/portalraizesnoticias.com.br\/wp-content\/uploads\/2024\/12\/Card-Matricula_021-1024x1024.png 1024w, https:\/\/portalraizesnoticias.com.br\/wp-content\/uploads\/2024\/12\/Card-Matricula_021-150x150.png 150w, https:\/\/portalraizesnoticias.com.br\/wp-content\/uploads\/2024\/12\/Card-Matricula_021-768x768.png 768w, https:\/\/portalraizesnoticias.com.br\/wp-content\/uploads\/2024\/12\/Card-Matricula_021-700x700.png 700w, https:\/\/portalraizesnoticias.com.br\/wp-content\/uploads\/2024\/12\/Card-Matricula_021-620x620.png 620w, https:\/\/portalraizesnoticias.com.br\/wp-content\/uploads\/2024\/12\/Card-Matricula_021-400x400.png 400w, https:\/\/portalraizesnoticias.com.br\/wp-content\/uploads\/2024\/12\/Card-Matricula_021.png 1080w\" sizes=\"(max-width: 300px) 100vw, 300px\" \/><\/p>\n<p style=\"text-align: center;\"><strong>PUBLICIDADE<\/strong><\/p>\n<p>Kainha foi instru\u00eddo a procurar um neurologista, mas at\u00e9 hoje n\u00e3o se dirigiu ao especialista.<\/p>\n<p>.<\/p>\n<p><strong>A jornalista Rafaela Rodrigues procurou o neurologista Wendel anastassioy para explicar a situa\u00e7\u00e3o de Kainha, apresentando v\u00eddeos que mostram as a\u00e7\u00f5es do rapaz<\/strong>.<\/p>\n<p><img loading=\"lazy\" decoding=\"async\" class=\"size-medium wp-image-3683 aligncenter\" src=\"https:\/\/portalraizesnoticias.com.br\/wp-content\/uploads\/2025\/01\/IMG-20250102-WA0515-300x240.jpg\" alt=\"\" width=\"300\" height=\"240\" srcset=\"https:\/\/portalraizesnoticias.com.br\/wp-content\/uploads\/2025\/01\/IMG-20250102-WA0515-300x240.jpg 300w, https:\/\/portalraizesnoticias.com.br\/wp-content\/uploads\/2025\/01\/IMG-20250102-WA0515-1024x820.jpg 1024w, https:\/\/portalraizesnoticias.com.br\/wp-content\/uploads\/2025\/01\/IMG-20250102-WA0515-768x615.jpg 768w, https:\/\/portalraizesnoticias.com.br\/wp-content\/uploads\/2025\/01\/IMG-20250102-WA0515.jpg 1064w\" sizes=\"(max-width: 300px) 100vw, 300px\" \/><\/p>\n<p style=\"text-align: center;\"><em>Wendel<\/em><\/p>\n<p>O m\u00e9dico disse ser poss\u00edvel que Kainha tenha a S\u00edndrome de Tourette e explicou como \u00e9 feito o diagn\u00f3stico.<\/p>\n<p>\u201c \u00c9 realizado de forma cl\u00ednica, podendo ser feita tomografia e\/ou resson\u00e2ncia para definir o tratamento, ou seja, \u00e9 um caso de estudo\u201d, explica.<\/p>\n<p>Wendel destacou que a s\u00edndrome de Tourette n\u00e3o apresenta resultados dos exames, mas pode ajud\u00e1-lo a identificar outras enfermidades associadas a ela.<\/p>\n<p><img loading=\"lazy\" decoding=\"async\" class=\"size-medium wp-image-2520 aligncenter\" src=\"https:\/\/portalraizesnoticias.com.br\/wp-content\/uploads\/2024\/11\/Imagem-do-WhatsApp-de-2024-11-28-as-11.24.37_b858345f-300x142.jpg\" alt=\"\" width=\"300\" height=\"142\" srcset=\"https:\/\/portalraizesnoticias.com.br\/wp-content\/uploads\/2024\/11\/Imagem-do-WhatsApp-de-2024-11-28-as-11.24.37_b858345f-300x142.jpg 300w, https:\/\/portalraizesnoticias.com.br\/wp-content\/uploads\/2024\/11\/Imagem-do-WhatsApp-de-2024-11-28-as-11.24.37_b858345f.jpg 722w\" sizes=\"(max-width: 300px) 100vw, 300px\" \/><\/p>\n<p style=\"text-align: center;\"><strong>PUBLICIDADE<\/strong><\/p>\n<p>\u00a0O m\u00e9dico tamb\u00e9m frisou que a causa do Tourette \u00e9 desconhecida e pode ocorrer com qualquer idade.<\/p>\n<p><img loading=\"lazy\" decoding=\"async\" class=\"size-medium wp-image-3684 aligncenter\" src=\"https:\/\/portalraizesnoticias.com.br\/wp-content\/uploads\/2025\/01\/IMG-20241225-WA0224-225x300.jpg\" alt=\"\" width=\"225\" height=\"300\" srcset=\"https:\/\/portalraizesnoticias.com.br\/wp-content\/uploads\/2025\/01\/IMG-20241225-WA0224-225x300.jpg 225w, https:\/\/portalraizesnoticias.com.br\/wp-content\/uploads\/2025\/01\/IMG-20241225-WA0224-768x1024.jpg 768w, https:\/\/portalraizesnoticias.com.br\/wp-content\/uploads\/2025\/01\/IMG-20241225-WA0224.jpg 780w\" sizes=\"(max-width: 225px) 100vw, 225px\" \/><\/p>\n<p>\u201cA partir disso, tem psic\u00f3logo, fisioterapia e tratamento com m\u00e9dicos, apenas para diminuir estresse ou ansiedade do paciente\u201d, complementa.<\/p>\n<p><strong>Constrangimento<\/strong><\/p>\n<p>Al\u00e9m de conviver com os tiques nervosos e vocais, o coiteense relatou que enfrentou diversas situa\u00e7\u00f5es de constrangimento, sobretudo na vida profissional, na qual \u00e9 independente.<\/p>\n<p><img loading=\"lazy\" decoding=\"async\" class=\"size-medium wp-image-2320 aligncenter\" src=\"https:\/\/portalraizesnoticias.com.br\/wp-content\/uploads\/2024\/11\/1732216879983-d784d47a-39b1-443f-82e8-60565a1d94d1_1-e1732217067640-300x259.jpg\" alt=\"\" width=\"300\" height=\"259\" srcset=\"https:\/\/portalraizesnoticias.com.br\/wp-content\/uploads\/2024\/11\/1732216879983-d784d47a-39b1-443f-82e8-60565a1d94d1_1-e1732217067640-300x259.jpg 300w, https:\/\/portalraizesnoticias.com.br\/wp-content\/uploads\/2024\/11\/1732216879983-d784d47a-39b1-443f-82e8-60565a1d94d1_1-e1732217067640-768x664.jpg 768w, https:\/\/portalraizesnoticias.com.br\/wp-content\/uploads\/2024\/11\/1732216879983-d784d47a-39b1-443f-82e8-60565a1d94d1_1-e1732217067640.jpg 839w\" sizes=\"(max-width: 300px) 100vw, 300px\" \/><\/p>\n<p style=\"text-align: center;\"><strong>PUBLICIDADE<\/strong><\/p>\n<p>\u201cFa\u00e7o de tudo um pouco. Exer\u00e7o fun\u00e7\u00e3o de seguran\u00e7a, montagem de parque de divers\u00f5es, ajudo em bares, carregar caminh\u00e3o entre outras coisas. J\u00e1 aconteceu de tentar trabalhar no bar e, enquanto lavava os copos, acabei mordendo e os quebrando. Tem situa\u00e7\u00f5es tamb\u00e9m que estou pilotando a moto e de repente dou uns pulos\u201d, relata.<\/p>\n<p>Kainha expressou sua tristeza pelo fato de algumas pessoas n\u00e3o terem compreendido o seu problema, que ainda n\u00e3o foi resolvido.<\/p>\n<p>\u201c \u00c9 muito constrangedor, pois as pessoas se assustam, d\u00e3o gargalhadas e ficam pedindo para eu dar os tiques, como se fosse algo que quero realizar. Alguns\u00a0 levo na tranquilidade mas, \u00e9 involunt\u00e1rio e maioria n\u00e3o entende\u201d, lamenta.<\/p>\n<p><img loading=\"lazy\" decoding=\"async\" class=\"size-medium wp-image-1970 aligncenter\" src=\"https:\/\/portalraizesnoticias.com.br\/wp-content\/uploads\/2024\/11\/Banner-home-center-300x300.jpg\" alt=\"\" width=\"300\" height=\"300\" srcset=\"https:\/\/portalraizesnoticias.com.br\/wp-content\/uploads\/2024\/11\/Banner-home-center-300x300.jpg 300w, https:\/\/portalraizesnoticias.com.br\/wp-content\/uploads\/2024\/11\/Banner-home-center-1024x1024.jpg 1024w, https:\/\/portalraizesnoticias.com.br\/wp-content\/uploads\/2024\/11\/Banner-home-center-150x150.jpg 150w, https:\/\/portalraizesnoticias.com.br\/wp-content\/uploads\/2024\/11\/Banner-home-center-768x768.jpg 768w, https:\/\/portalraizesnoticias.com.br\/wp-content\/uploads\/2024\/11\/Banner-home-center-700x700.jpg 700w, https:\/\/portalraizesnoticias.com.br\/wp-content\/uploads\/2024\/11\/Banner-home-center-620x620.jpg 620w, https:\/\/portalraizesnoticias.com.br\/wp-content\/uploads\/2024\/11\/Banner-home-center-400x400.jpg 400w, https:\/\/portalraizesnoticias.com.br\/wp-content\/uploads\/2024\/11\/Banner-home-center.jpg 1080w\" sizes=\"(max-width: 300px) 100vw, 300px\" \/><\/p>\n<p style=\"text-align: center;\"><strong>PUBLICIDADE<\/strong><\/p>\n<p>O m\u00e9dico Wendel que atua no munic\u00edpio convidou Kainha para uma consulta e an\u00e1lise do estado do rapaz, a fim de confirmar a S\u00edndrome de Tourette e\u00a0 fazer o tratamento.<\/p>\n<p>&#8220;Ficarei muito feliz se o doutor me ajudar a controlar. N\u00e3o \u00e9 simples lidar com algo que n\u00e3o quero fazer&#8221;, finaliza Kainha.<\/p>\n<p><strong>S\u00edndrome de Tourette<\/strong><\/p>\n<p>S\u00edndrome de Tourette \u00e9 um dist\u00farbio neuropsiqui\u00e1trico caracterizado por tiques m\u00faltiplos, motores ou vocais, que persistem por mais de um ano e geralmente se instalam na inf\u00e2ncia.<\/p>\n<p>Na maioria das vezes, os tiques s\u00e3o de tipos diferentes e variam no decorrer de uma semana ou de um m\u00eas para outro. Em geral, eles ocorrem em ondas, com frequ\u00eancia e intensidade vari\u00e1veis, pioram com o estresse, s\u00e3o independentes dos problemas emocionais e podem estar associados a sintomas obsessivo-compulsivos (TOC), ao dist\u00farbio de aten\u00e7\u00e3o com hiperatividade (TDAH) e a transtornos de aprendizagem. \u00c9 poss\u00edvel existirem fatores heredit\u00e1rios comuns a essas tr\u00eas condi\u00e7\u00f5es. A causa do transtorno ainda \u00e9 desconhecida.<\/p>\n<p>Em 80% dos casos, os tiques motores s\u00e3o a manifesta\u00e7\u00e3o inicial da s\u00edndrome. Eles incluem piscar, franzir a testa, contrair os m\u00fasculos da face, balan\u00e7ar a cabe\u00e7a, contrair em trancos os m\u00fasculos abdominais ou outros grupos musculares, al\u00e9m de movimentos mais complexos que parecem propositais, como tocar ou bater em objetos pr\u00f3ximos.<\/p>\n<p><strong>Tratamento<\/strong><\/p>\n<p>A s\u00edndrome de Tourette \u00e9 uma desordem que n\u00e3o tem cura, mas pode ser controlada. Estudos cl\u00ednicos demonstram a utilidade de uma forma de terapia comportamental cognitiva, conhecida como tratamento de revers\u00e3o de h\u00e1bitos. Ela se baseia no treinamento dos pacientes para monitorarem as sensa\u00e7\u00f5es premonit\u00f3rias e os tiques, para responder a eles com uma rea\u00e7\u00e3o volunt\u00e1ria fisicamente incompat\u00edvel com o tique. \u00c9 importante ressaltar, entretanto, que a efic\u00e1cia depende de cada caso.<\/p>\n<p><img loading=\"lazy\" decoding=\"async\" class=\"size-medium wp-image-1816 aligncenter\" src=\"https:\/\/portalraizesnoticias.com.br\/wp-content\/uploads\/2024\/10\/Banner-quadrado-Mercadinho-Carneiro-300x300.jpg\" alt=\"\" width=\"300\" height=\"300\" srcset=\"https:\/\/portalraizesnoticias.com.br\/wp-content\/uploads\/2024\/10\/Banner-quadrado-Mercadinho-Carneiro-300x300.jpg 300w, https:\/\/portalraizesnoticias.com.br\/wp-content\/uploads\/2024\/10\/Banner-quadrado-Mercadinho-Carneiro-1024x1024.jpg 1024w, https:\/\/portalraizesnoticias.com.br\/wp-content\/uploads\/2024\/10\/Banner-quadrado-Mercadinho-Carneiro-150x150.jpg 150w, https:\/\/portalraizesnoticias.com.br\/wp-content\/uploads\/2024\/10\/Banner-quadrado-Mercadinho-Carneiro-768x768.jpg 768w, https:\/\/portalraizesnoticias.com.br\/wp-content\/uploads\/2024\/10\/Banner-quadrado-Mercadinho-Carneiro-200x200.jpg 200w, https:\/\/portalraizesnoticias.com.br\/wp-content\/uploads\/2024\/10\/Banner-quadrado-Mercadinho-Carneiro.jpg 1080w\" sizes=\"(max-width: 300px) 100vw, 300px\" \/><\/p>\n<p style=\"text-align: center;\"><strong>PUBLICIDADE<\/strong><\/p>\n<p>Medicamentos antipsic\u00f3ticos t\u00eam se mostrado \u00fateis na redu\u00e7\u00e3o da intensidade dos tiques, quando sua repeti\u00e7\u00e3o se reverte em preju\u00edzo para a autoestima e aceita\u00e7\u00e3o social. Em alguns casos de tiques bem localizados, podem ser tentadas aplica\u00e7\u00f5es locais de toxina botul\u00ednica (Botox). Alguns autores defendem que, excepcionalmente, pode ser indicado o tratamento cir\u00fargico com estimula\u00e7\u00e3o cerebral profunda, aplicada em certas \u00e1reas do c\u00e9rebro.<\/p>\n<p>Atividades como medita\u00e7\u00e3o e ioga podem ser \u00fateis para aliviar o estresse. Esportes, de maneira geral, tamb\u00e9m podem ajudar tanto ao promover o relaxamento como por sua pr\u00e1tica demandar aten\u00e7\u00e3o.<\/p>\n<p>Por Rafaela Rodrigues<\/p>\n<p>Informa\u00e7\u00f5es do site Drauzio Varella<\/p>\n","protected":false},"excerpt":{"rendered":"<p>Quem j\u00e1 se deparou com Joelson de Oliveira da Silva, 36 anos, conhecido como Kainha, provavelmente viu cenas do rapaz pulando, gritando e at\u00e9 se agredindo de forma involunt\u00e1ria. O homem \u00e9 natural de Concei\u00e7\u00e3o do Coit\u00e9, povoado do Sossego, regi\u00e3o sisaleira, e pode apresentar a s\u00edndrome de Tourette, um dist\u00farbio do sistema nervoso que envolve movimentos repetitivos ou sons indesejados. PUBLICIDADE Em uma conversa com a jornalista Rafaela Rodrigues, Kainha disse que teve uma inf\u00e2ncia normal at\u00e9 os dez anos, quando percebeu os primeiros sinais.\u00a0 \u201cEu ficava muito nervoso e dando esses pulos, mas minha m\u00e3e achava que era um problema espiritual e me levou a um sacerdote para fazer um ritual, mas n\u00e3o resolveu\u201d, contou. PUBLICIDADE Ele foi encaminhado ao psiquiatra, que prescreveu rem\u00e9dios para diminuir a agita\u00e7\u00e3o. O tratamento prosseguiu pelo CAPS de Coit\u00e9, mas os movimentos involunt\u00e1rios continuaram. PUBLICIDADE Kainha foi instru\u00eddo a procurar um neurologista, mas at\u00e9 hoje n\u00e3o se dirigiu ao especialista. . A jornalista Rafaela Rodrigues procurou o neurologista Wendel anastassioy para explicar a situa\u00e7\u00e3o de Kainha, apresentando v\u00eddeos que mostram as a\u00e7\u00f5es do rapaz. Wendel O m\u00e9dico disse ser poss\u00edvel que Kainha tenha a S\u00edndrome de Tourette e explicou como \u00e9 feito o diagn\u00f3stico. \u201c \u00c9 realizado de forma cl\u00ednica, podendo ser feita tomografia e\/ou resson\u00e2ncia para definir o tratamento, ou seja, \u00e9 um caso de estudo\u201d, explica. Wendel destacou que a s\u00edndrome de Tourette n\u00e3o apresenta resultados dos exames, mas pode ajud\u00e1-lo a identificar outras enfermidades associadas a ela. PUBLICIDADE \u00a0O m\u00e9dico tamb\u00e9m frisou que a causa do Tourette \u00e9 desconhecida e pode ocorrer com qualquer idade. \u201cA partir disso, tem psic\u00f3logo, fisioterapia e tratamento com m\u00e9dicos, apenas para diminuir estresse ou ansiedade do paciente\u201d, complementa. Constrangimento Al\u00e9m de conviver com os tiques nervosos e vocais, o coiteense relatou que enfrentou diversas situa\u00e7\u00f5es de constrangimento, sobretudo na vida profissional, na qual \u00e9 independente. PUBLICIDADE \u201cFa\u00e7o de tudo um pouco. Exer\u00e7o fun\u00e7\u00e3o de seguran\u00e7a, montagem de parque de divers\u00f5es, ajudo em bares, carregar caminh\u00e3o entre outras coisas. J\u00e1 aconteceu de tentar trabalhar no bar e, enquanto lavava os copos, acabei mordendo e os quebrando. Tem situa\u00e7\u00f5es tamb\u00e9m que estou pilotando a moto e de repente dou uns pulos\u201d, relata. Kainha expressou sua tristeza pelo fato de algumas pessoas n\u00e3o terem compreendido o seu problema, que ainda n\u00e3o foi resolvido. \u201c \u00c9 muito constrangedor, pois as pessoas se assustam, d\u00e3o gargalhadas e ficam pedindo para eu dar os tiques, como se fosse algo que quero realizar. Alguns\u00a0 levo na tranquilidade mas, \u00e9 involunt\u00e1rio e maioria n\u00e3o entende\u201d, lamenta. PUBLICIDADE O m\u00e9dico Wendel que atua no munic\u00edpio convidou Kainha para uma consulta e an\u00e1lise do estado do rapaz, a fim de confirmar a S\u00edndrome de Tourette e\u00a0 fazer o tratamento. &#8220;Ficarei muito feliz se o doutor me ajudar a controlar. N\u00e3o \u00e9 simples lidar com algo que n\u00e3o quero fazer&#8221;, finaliza Kainha. S\u00edndrome de Tourette S\u00edndrome de Tourette \u00e9 um dist\u00farbio neuropsiqui\u00e1trico caracterizado por tiques m\u00faltiplos, motores ou vocais, que persistem por mais de um ano e geralmente se instalam na inf\u00e2ncia. Na maioria das vezes, os tiques s\u00e3o de tipos diferentes e variam no decorrer de uma semana ou de um m\u00eas para outro. Em geral, eles ocorrem em ondas, com frequ\u00eancia e intensidade vari\u00e1veis, pioram com o estresse, s\u00e3o independentes dos problemas emocionais e podem estar associados a sintomas obsessivo-compulsivos (TOC), ao dist\u00farbio de aten\u00e7\u00e3o com hiperatividade (TDAH) e a transtornos de aprendizagem. \u00c9 poss\u00edvel existirem fatores heredit\u00e1rios comuns a essas tr\u00eas condi\u00e7\u00f5es. A causa do transtorno ainda \u00e9 desconhecida. Em 80% dos casos, os tiques motores s\u00e3o a manifesta\u00e7\u00e3o inicial da s\u00edndrome. Eles incluem piscar, franzir a testa, contrair os m\u00fasculos da face, balan\u00e7ar a cabe\u00e7a, contrair em trancos os m\u00fasculos abdominais ou outros grupos musculares, al\u00e9m de movimentos mais complexos que parecem propositais, como tocar ou bater em objetos pr\u00f3ximos. Tratamento A s\u00edndrome de Tourette \u00e9 uma desordem que n\u00e3o tem cura, mas pode ser controlada. Estudos cl\u00ednicos demonstram a utilidade de uma forma de terapia comportamental cognitiva, conhecida como tratamento de revers\u00e3o de h\u00e1bitos. Ela se baseia no treinamento dos pacientes para monitorarem as sensa\u00e7\u00f5es premonit\u00f3rias e os tiques, para responder a eles com uma rea\u00e7\u00e3o volunt\u00e1ria fisicamente incompat\u00edvel com o tique. \u00c9 importante ressaltar, entretanto, que a efic\u00e1cia depende de cada caso. PUBLICIDADE Medicamentos antipsic\u00f3ticos t\u00eam se mostrado \u00fateis na redu\u00e7\u00e3o da intensidade dos tiques, quando sua repeti\u00e7\u00e3o se reverte em preju\u00edzo para a autoestima e aceita\u00e7\u00e3o social. Em alguns casos de tiques bem localizados, podem ser tentadas aplica\u00e7\u00f5es locais de toxina botul\u00ednica (Botox). Alguns autores defendem que, excepcionalmente, pode ser indicado o tratamento cir\u00fargico com estimula\u00e7\u00e3o cerebral profunda, aplicada em certas \u00e1reas do c\u00e9rebro. Atividades como medita\u00e7\u00e3o e ioga podem ser \u00fateis para aliviar o estresse. Esportes, de maneira geral, tamb\u00e9m podem ajudar tanto ao promover o relaxamento como por sua pr\u00e1tica demandar aten\u00e7\u00e3o. Por Rafaela Rodrigues Informa\u00e7\u00f5es do site Drauzio Varella<\/p>\n","protected":false},"author":3,"featured_media":3685,"comment_status":"open","ping_status":"open","sticky":false,"template":"","format":"standard","meta":{"_joinchat":[],"footnotes":""},"categories":[55,86,59],"tags":[137,75,590,591],"class_list":["post-3680","post","type-post","status-publish","format-standard","has-post-thumbnail","hentry","category-destaques","category-saude","category-ultimas-noticias","tag-bahia","tag-coite","tag-kainha","tag-sindrome-de-tojrette"],"yoast_head":"<!-- This site is optimized with the Yoast SEO plugin v24.4 - https:\/\/yoast.com\/wordpress\/plugins\/seo\/ -->\n<title>&quot;Kainha&quot;: Figura conhecida em Concei\u00e7\u00e3o do Coit\u00e9 pode ter s\u00edndrome de Tourette. Entenda!\u00a0\u00a0 - Portal raizes noticias<\/title>\n<meta name=\"robots\" content=\"index, follow, max-snippet:-1, max-image-preview:large, max-video-preview:-1\" \/>\n<link rel=\"canonical\" href=\"https:\/\/portalraizesnoticias.com.br\/?p=3680\" \/>\n<meta property=\"og:locale\" content=\"pt_BR\" \/>\n<meta property=\"og:type\" content=\"article\" \/>\n<meta property=\"og:title\" content=\"&quot;Kainha&quot;: Figura conhecida em Concei\u00e7\u00e3o do Coit\u00e9 pode ter s\u00edndrome de Tourette. Entenda!\u00a0\u00a0 - Portal raizes noticias\" \/>\n<meta property=\"og:description\" content=\"Quem j\u00e1 se deparou com Joelson de Oliveira da Silva, 36 anos, conhecido como Kainha, provavelmente viu cenas do rapaz pulando, gritando e at\u00e9 se agredindo de forma involunt\u00e1ria. O homem \u00e9 natural de Concei\u00e7\u00e3o do Coit\u00e9, povoado do Sossego, regi\u00e3o sisaleira, e pode apresentar a s\u00edndrome de Tourette, um dist\u00farbio do sistema nervoso que envolve movimentos repetitivos ou sons indesejados. PUBLICIDADE Em uma conversa com a jornalista Rafaela Rodrigues, Kainha disse que teve uma inf\u00e2ncia normal at\u00e9 os dez anos, quando percebeu os primeiros sinais.\u00a0 \u201cEu ficava muito nervoso e dando esses pulos, mas minha m\u00e3e achava que era um problema espiritual e me levou a um sacerdote para fazer um ritual, mas n\u00e3o resolveu\u201d, contou. PUBLICIDADE Ele foi encaminhado ao psiquiatra, que prescreveu rem\u00e9dios para diminuir a agita\u00e7\u00e3o. O tratamento prosseguiu pelo CAPS de Coit\u00e9, mas os movimentos involunt\u00e1rios continuaram. PUBLICIDADE Kainha foi instru\u00eddo a procurar um neurologista, mas at\u00e9 hoje n\u00e3o se dirigiu ao especialista. . A jornalista Rafaela Rodrigues procurou o neurologista Wendel anastassioy para explicar a situa\u00e7\u00e3o de Kainha, apresentando v\u00eddeos que mostram as a\u00e7\u00f5es do rapaz. Wendel O m\u00e9dico disse ser poss\u00edvel que Kainha tenha a S\u00edndrome de Tourette e explicou como \u00e9 feito o diagn\u00f3stico. \u201c \u00c9 realizado de forma cl\u00ednica, podendo ser feita tomografia e\/ou resson\u00e2ncia para definir o tratamento, ou seja, \u00e9 um caso de estudo\u201d, explica. Wendel destacou que a s\u00edndrome de Tourette n\u00e3o apresenta resultados dos exames, mas pode ajud\u00e1-lo a identificar outras enfermidades associadas a ela. PUBLICIDADE \u00a0O m\u00e9dico tamb\u00e9m frisou que a causa do Tourette \u00e9 desconhecida e pode ocorrer com qualquer idade. \u201cA partir disso, tem psic\u00f3logo, fisioterapia e tratamento com m\u00e9dicos, apenas para diminuir estresse ou ansiedade do paciente\u201d, complementa. Constrangimento Al\u00e9m de conviver com os tiques nervosos e vocais, o coiteense relatou que enfrentou diversas situa\u00e7\u00f5es de constrangimento, sobretudo na vida profissional, na qual \u00e9 independente. PUBLICIDADE \u201cFa\u00e7o de tudo um pouco. Exer\u00e7o fun\u00e7\u00e3o de seguran\u00e7a, montagem de parque de divers\u00f5es, ajudo em bares, carregar caminh\u00e3o entre outras coisas. J\u00e1 aconteceu de tentar trabalhar no bar e, enquanto lavava os copos, acabei mordendo e os quebrando. Tem situa\u00e7\u00f5es tamb\u00e9m que estou pilotando a moto e de repente dou uns pulos\u201d, relata. Kainha expressou sua tristeza pelo fato de algumas pessoas n\u00e3o terem compreendido o seu problema, que ainda n\u00e3o foi resolvido. \u201c \u00c9 muito constrangedor, pois as pessoas se assustam, d\u00e3o gargalhadas e ficam pedindo para eu dar os tiques, como se fosse algo que quero realizar. Alguns\u00a0 levo na tranquilidade mas, \u00e9 involunt\u00e1rio e maioria n\u00e3o entende\u201d, lamenta. PUBLICIDADE O m\u00e9dico Wendel que atua no munic\u00edpio convidou Kainha para uma consulta e an\u00e1lise do estado do rapaz, a fim de confirmar a S\u00edndrome de Tourette e\u00a0 fazer o tratamento. &#8220;Ficarei muito feliz se o doutor me ajudar a controlar. N\u00e3o \u00e9 simples lidar com algo que n\u00e3o quero fazer&#8221;, finaliza Kainha. S\u00edndrome de Tourette S\u00edndrome de Tourette \u00e9 um dist\u00farbio neuropsiqui\u00e1trico caracterizado por tiques m\u00faltiplos, motores ou vocais, que persistem por mais de um ano e geralmente se instalam na inf\u00e2ncia. Na maioria das vezes, os tiques s\u00e3o de tipos diferentes e variam no decorrer de uma semana ou de um m\u00eas para outro. Em geral, eles ocorrem em ondas, com frequ\u00eancia e intensidade vari\u00e1veis, pioram com o estresse, s\u00e3o independentes dos problemas emocionais e podem estar associados a sintomas obsessivo-compulsivos (TOC), ao dist\u00farbio de aten\u00e7\u00e3o com hiperatividade (TDAH) e a transtornos de aprendizagem. \u00c9 poss\u00edvel existirem fatores heredit\u00e1rios comuns a essas tr\u00eas condi\u00e7\u00f5es. A causa do transtorno ainda \u00e9 desconhecida. Em 80% dos casos, os tiques motores s\u00e3o a manifesta\u00e7\u00e3o inicial da s\u00edndrome. Eles incluem piscar, franzir a testa, contrair os m\u00fasculos da face, balan\u00e7ar a cabe\u00e7a, contrair em trancos os m\u00fasculos abdominais ou outros grupos musculares, al\u00e9m de movimentos mais complexos que parecem propositais, como tocar ou bater em objetos pr\u00f3ximos. Tratamento A s\u00edndrome de Tourette \u00e9 uma desordem que n\u00e3o tem cura, mas pode ser controlada. Estudos cl\u00ednicos demonstram a utilidade de uma forma de terapia comportamental cognitiva, conhecida como tratamento de revers\u00e3o de h\u00e1bitos. Ela se baseia no treinamento dos pacientes para monitorarem as sensa\u00e7\u00f5es premonit\u00f3rias e os tiques, para responder a eles com uma rea\u00e7\u00e3o volunt\u00e1ria fisicamente incompat\u00edvel com o tique. \u00c9 importante ressaltar, entretanto, que a efic\u00e1cia depende de cada caso. PUBLICIDADE Medicamentos antipsic\u00f3ticos t\u00eam se mostrado \u00fateis na redu\u00e7\u00e3o da intensidade dos tiques, quando sua repeti\u00e7\u00e3o se reverte em preju\u00edzo para a autoestima e aceita\u00e7\u00e3o social. Em alguns casos de tiques bem localizados, podem ser tentadas aplica\u00e7\u00f5es locais de toxina botul\u00ednica (Botox). Alguns autores defendem que, excepcionalmente, pode ser indicado o tratamento cir\u00fargico com estimula\u00e7\u00e3o cerebral profunda, aplicada em certas \u00e1reas do c\u00e9rebro. Atividades como medita\u00e7\u00e3o e ioga podem ser \u00fateis para aliviar o estresse. Esportes, de maneira geral, tamb\u00e9m podem ajudar tanto ao promover o relaxamento como por sua pr\u00e1tica demandar aten\u00e7\u00e3o. Por Rafaela Rodrigues Informa\u00e7\u00f5es do site Drauzio Varella\" \/>\n<meta property=\"og:url\" content=\"https:\/\/portalraizesnoticias.com.br\/?p=3680\" \/>\n<meta property=\"og:site_name\" content=\"Portal raizes noticias\" \/>\n<meta property=\"article:published_time\" content=\"2025-01-02T21:59:57+00:00\" \/>\n<meta property=\"article:modified_time\" content=\"2025-07-17T21:05:16+00:00\" \/>\n<meta property=\"og:image\" content=\"https:\/\/portalraizesnoticias.com.br\/wp-content\/uploads\/2025\/01\/IMG-20250102-WA0516.jpg\" \/>\n\t<meta property=\"og:image:width\" content=\"756\" \/>\n\t<meta property=\"og:image:height\" content=\"620\" \/>\n\t<meta property=\"og:image:type\" content=\"image\/jpeg\" \/>\n<meta name=\"author\" content=\"Portal Raizes\" \/>\n<meta name=\"twitter:card\" content=\"summary_large_image\" \/>\n<meta name=\"twitter:label1\" content=\"Escrito por\" \/>\n\t<meta name=\"twitter:data1\" content=\"Portal Raizes\" \/>\n\t<meta name=\"twitter:label2\" content=\"Est. tempo de leitura\" \/>\n\t<meta name=\"twitter:data2\" content=\"7 minutos\" \/>\n<script type=\"application\/ld+json\" class=\"yoast-schema-graph\">{\"@context\":\"https:\/\/schema.org\",\"@graph\":[{\"@type\":\"Article\",\"@id\":\"https:\/\/portalraizesnoticias.com.br\/?p=3680#article\",\"isPartOf\":{\"@id\":\"https:\/\/portalraizesnoticias.com.br\/?p=3680\"},\"author\":{\"name\":\"Portal Raizes\",\"@id\":\"https:\/\/portalraizesnoticias.com.br\/#\/schema\/person\/a3ca6b0fc701e78df19756c417d943ae\"},\"headline\":\"&#8220;Kainha&#8221;: Figura conhecida em Concei\u00e7\u00e3o do Coit\u00e9 pode ter s\u00edndrome de Tourette. Entenda!\u00a0\u00a0\",\"datePublished\":\"2025-01-02T21:59:57+00:00\",\"dateModified\":\"2025-07-17T21:05:16+00:00\",\"mainEntityOfPage\":{\"@id\":\"https:\/\/portalraizesnoticias.com.br\/?p=3680\"},\"wordCount\":915,\"commentCount\":0,\"publisher\":{\"@id\":\"https:\/\/portalraizesnoticias.com.br\/#organization\"},\"image\":{\"@id\":\"https:\/\/portalraizesnoticias.com.br\/?p=3680#primaryimage\"},\"thumbnailUrl\":\"https:\/\/portalraizesnoticias.com.br\/wp-content\/uploads\/2025\/01\/IMG-20250102-WA0516.jpg\",\"keywords\":[\"Bahia\",\"Coit\u00e9\",\"Kainha\",\"Sindrome de tojrette\"],\"articleSection\":[\"DESTAQUES\",\"SA\u00daDE\",\"ULTIMAS NOTICIAS\"],\"inLanguage\":\"pt-BR\",\"potentialAction\":[{\"@type\":\"CommentAction\",\"name\":\"Comment\",\"target\":[\"https:\/\/portalraizesnoticias.com.br\/?p=3680#respond\"]}]},{\"@type\":\"WebPage\",\"@id\":\"https:\/\/portalraizesnoticias.com.br\/?p=3680\",\"url\":\"https:\/\/portalraizesnoticias.com.br\/?p=3680\",\"name\":\"\\\"Kainha\\\": Figura conhecida em Concei\u00e7\u00e3o do Coit\u00e9 pode ter s\u00edndrome de Tourette. Entenda!\u00a0\u00a0 - Portal raizes noticias\",\"isPartOf\":{\"@id\":\"https:\/\/portalraizesnoticias.com.br\/#website\"},\"primaryImageOfPage\":{\"@id\":\"https:\/\/portalraizesnoticias.com.br\/?p=3680#primaryimage\"},\"image\":{\"@id\":\"https:\/\/portalraizesnoticias.com.br\/?p=3680#primaryimage\"},\"thumbnailUrl\":\"https:\/\/portalraizesnoticias.com.br\/wp-content\/uploads\/2025\/01\/IMG-20250102-WA0516.jpg\",\"datePublished\":\"2025-01-02T21:59:57+00:00\",\"dateModified\":\"2025-07-17T21:05:16+00:00\",\"breadcrumb\":{\"@id\":\"https:\/\/portalraizesnoticias.com.br\/?p=3680#breadcrumb\"},\"inLanguage\":\"pt-BR\",\"potentialAction\":[{\"@type\":\"ReadAction\",\"target\":[\"https:\/\/portalraizesnoticias.com.br\/?p=3680\"]}]},{\"@type\":\"ImageObject\",\"inLanguage\":\"pt-BR\",\"@id\":\"https:\/\/portalraizesnoticias.com.br\/?p=3680#primaryimage\",\"url\":\"https:\/\/portalraizesnoticias.com.br\/wp-content\/uploads\/2025\/01\/IMG-20250102-WA0516.jpg\",\"contentUrl\":\"https:\/\/portalraizesnoticias.com.br\/wp-content\/uploads\/2025\/01\/IMG-20250102-WA0516.jpg\",\"width\":756,\"height\":620},{\"@type\":\"BreadcrumbList\",\"@id\":\"https:\/\/portalraizesnoticias.com.br\/?p=3680#breadcrumb\",\"itemListElement\":[{\"@type\":\"ListItem\",\"position\":1,\"name\":\"In\u00edcio\",\"item\":\"https:\/\/portalraizesnoticias.com.br\/\"},{\"@type\":\"ListItem\",\"position\":2,\"name\":\"&#8220;Kainha&#8221;: Figura conhecida em Concei\u00e7\u00e3o do Coit\u00e9 pode ter s\u00edndrome de Tourette. Entenda!\u00a0\u00a0\"}]},{\"@type\":\"WebSite\",\"@id\":\"https:\/\/portalraizesnoticias.com.br\/#website\",\"url\":\"https:\/\/portalraizesnoticias.com.br\/\",\"name\":\"Portal raizes NOTICIAS\",\"description\":\"site de noticias de concei\u00e7\u00e3o do coit\u00e9 e regi\u00e3o\",\"publisher\":{\"@id\":\"https:\/\/portalraizesnoticias.com.br\/#organization\"},\"alternateName\":\"PORTAL RAIZES COIT\u00c9\",\"potentialAction\":[{\"@type\":\"SearchAction\",\"target\":{\"@type\":\"EntryPoint\",\"urlTemplate\":\"https:\/\/portalraizesnoticias.com.br\/?s={search_term_string}\"},\"query-input\":{\"@type\":\"PropertyValueSpecification\",\"valueRequired\":true,\"valueName\":\"search_term_string\"}}],\"inLanguage\":\"pt-BR\"},{\"@type\":\"Organization\",\"@id\":\"https:\/\/portalraizesnoticias.com.br\/#organization\",\"name\":\"Portal raizes NOTICIAS\",\"url\":\"https:\/\/portalraizesnoticias.com.br\/\",\"logo\":{\"@type\":\"ImageObject\",\"inLanguage\":\"pt-BR\",\"@id\":\"https:\/\/portalraizesnoticias.com.br\/#\/schema\/logo\/image\/\",\"url\":\"https:\/\/portalraizesnoticias.com.br\/wp-content\/uploads\/2024\/09\/cropped-Captura-de-tela-2024-09-08-011108.png\",\"contentUrl\":\"https:\/\/portalraizesnoticias.com.br\/wp-content\/uploads\/2024\/09\/cropped-Captura-de-tela-2024-09-08-011108.png\",\"width\":606,\"height\":173,\"caption\":\"Portal raizes NOTICIAS\"},\"image\":{\"@id\":\"https:\/\/portalraizesnoticias.com.br\/#\/schema\/logo\/image\/\"}},{\"@type\":\"Person\",\"@id\":\"https:\/\/portalraizesnoticias.com.br\/#\/schema\/person\/a3ca6b0fc701e78df19756c417d943ae\",\"name\":\"Portal Raizes\",\"image\":{\"@type\":\"ImageObject\",\"inLanguage\":\"pt-BR\",\"@id\":\"https:\/\/portalraizesnoticias.com.br\/#\/schema\/person\/image\/\",\"url\":\"https:\/\/secure.gravatar.com\/avatar\/ef450d29013a3d3fba867a12a249d7b1?s=96&d=mm&r=g\",\"contentUrl\":\"https:\/\/secure.gravatar.com\/avatar\/ef450d29013a3d3fba867a12a249d7b1?s=96&d=mm&r=g\",\"caption\":\"Portal Raizes\"},\"url\":\"https:\/\/portalraizesnoticias.com.br\/?author=3\"}]}<\/script>\n<!-- \/ Yoast SEO plugin. -->","yoast_head_json":{"title":"\"Kainha\": Figura conhecida em Concei\u00e7\u00e3o do Coit\u00e9 pode ter s\u00edndrome de Tourette. Entenda!\u00a0\u00a0 - Portal raizes noticias","robots":{"index":"index","follow":"follow","max-snippet":"max-snippet:-1","max-image-preview":"max-image-preview:large","max-video-preview":"max-video-preview:-1"},"canonical":"https:\/\/portalraizesnoticias.com.br\/?p=3680","og_locale":"pt_BR","og_type":"article","og_title":"\"Kainha\": Figura conhecida em Concei\u00e7\u00e3o do Coit\u00e9 pode ter s\u00edndrome de Tourette. Entenda!\u00a0\u00a0 - Portal raizes noticias","og_description":"Quem j\u00e1 se deparou com Joelson de Oliveira da Silva, 36 anos, conhecido como Kainha, provavelmente viu cenas do rapaz pulando, gritando e at\u00e9 se agredindo de forma involunt\u00e1ria. O homem \u00e9 natural de Concei\u00e7\u00e3o do Coit\u00e9, povoado do Sossego, regi\u00e3o sisaleira, e pode apresentar a s\u00edndrome de Tourette, um dist\u00farbio do sistema nervoso que envolve movimentos repetitivos ou sons indesejados. PUBLICIDADE Em uma conversa com a jornalista Rafaela Rodrigues, Kainha disse que teve uma inf\u00e2ncia normal at\u00e9 os dez anos, quando percebeu os primeiros sinais.\u00a0 \u201cEu ficava muito nervoso e dando esses pulos, mas minha m\u00e3e achava que era um problema espiritual e me levou a um sacerdote para fazer um ritual, mas n\u00e3o resolveu\u201d, contou. PUBLICIDADE Ele foi encaminhado ao psiquiatra, que prescreveu rem\u00e9dios para diminuir a agita\u00e7\u00e3o. O tratamento prosseguiu pelo CAPS de Coit\u00e9, mas os movimentos involunt\u00e1rios continuaram. PUBLICIDADE Kainha foi instru\u00eddo a procurar um neurologista, mas at\u00e9 hoje n\u00e3o se dirigiu ao especialista. . A jornalista Rafaela Rodrigues procurou o neurologista Wendel anastassioy para explicar a situa\u00e7\u00e3o de Kainha, apresentando v\u00eddeos que mostram as a\u00e7\u00f5es do rapaz. Wendel O m\u00e9dico disse ser poss\u00edvel que Kainha tenha a S\u00edndrome de Tourette e explicou como \u00e9 feito o diagn\u00f3stico. \u201c \u00c9 realizado de forma cl\u00ednica, podendo ser feita tomografia e\/ou resson\u00e2ncia para definir o tratamento, ou seja, \u00e9 um caso de estudo\u201d, explica. Wendel destacou que a s\u00edndrome de Tourette n\u00e3o apresenta resultados dos exames, mas pode ajud\u00e1-lo a identificar outras enfermidades associadas a ela. PUBLICIDADE \u00a0O m\u00e9dico tamb\u00e9m frisou que a causa do Tourette \u00e9 desconhecida e pode ocorrer com qualquer idade. \u201cA partir disso, tem psic\u00f3logo, fisioterapia e tratamento com m\u00e9dicos, apenas para diminuir estresse ou ansiedade do paciente\u201d, complementa. Constrangimento Al\u00e9m de conviver com os tiques nervosos e vocais, o coiteense relatou que enfrentou diversas situa\u00e7\u00f5es de constrangimento, sobretudo na vida profissional, na qual \u00e9 independente. PUBLICIDADE \u201cFa\u00e7o de tudo um pouco. Exer\u00e7o fun\u00e7\u00e3o de seguran\u00e7a, montagem de parque de divers\u00f5es, ajudo em bares, carregar caminh\u00e3o entre outras coisas. J\u00e1 aconteceu de tentar trabalhar no bar e, enquanto lavava os copos, acabei mordendo e os quebrando. Tem situa\u00e7\u00f5es tamb\u00e9m que estou pilotando a moto e de repente dou uns pulos\u201d, relata. Kainha expressou sua tristeza pelo fato de algumas pessoas n\u00e3o terem compreendido o seu problema, que ainda n\u00e3o foi resolvido. \u201c \u00c9 muito constrangedor, pois as pessoas se assustam, d\u00e3o gargalhadas e ficam pedindo para eu dar os tiques, como se fosse algo que quero realizar. Alguns\u00a0 levo na tranquilidade mas, \u00e9 involunt\u00e1rio e maioria n\u00e3o entende\u201d, lamenta. PUBLICIDADE O m\u00e9dico Wendel que atua no munic\u00edpio convidou Kainha para uma consulta e an\u00e1lise do estado do rapaz, a fim de confirmar a S\u00edndrome de Tourette e\u00a0 fazer o tratamento. &#8220;Ficarei muito feliz se o doutor me ajudar a controlar. N\u00e3o \u00e9 simples lidar com algo que n\u00e3o quero fazer&#8221;, finaliza Kainha. S\u00edndrome de Tourette S\u00edndrome de Tourette \u00e9 um dist\u00farbio neuropsiqui\u00e1trico caracterizado por tiques m\u00faltiplos, motores ou vocais, que persistem por mais de um ano e geralmente se instalam na inf\u00e2ncia. Na maioria das vezes, os tiques s\u00e3o de tipos diferentes e variam no decorrer de uma semana ou de um m\u00eas para outro. Em geral, eles ocorrem em ondas, com frequ\u00eancia e intensidade vari\u00e1veis, pioram com o estresse, s\u00e3o independentes dos problemas emocionais e podem estar associados a sintomas obsessivo-compulsivos (TOC), ao dist\u00farbio de aten\u00e7\u00e3o com hiperatividade (TDAH) e a transtornos de aprendizagem. \u00c9 poss\u00edvel existirem fatores heredit\u00e1rios comuns a essas tr\u00eas condi\u00e7\u00f5es. A causa do transtorno ainda \u00e9 desconhecida. Em 80% dos casos, os tiques motores s\u00e3o a manifesta\u00e7\u00e3o inicial da s\u00edndrome. Eles incluem piscar, franzir a testa, contrair os m\u00fasculos da face, balan\u00e7ar a cabe\u00e7a, contrair em trancos os m\u00fasculos abdominais ou outros grupos musculares, al\u00e9m de movimentos mais complexos que parecem propositais, como tocar ou bater em objetos pr\u00f3ximos. Tratamento A s\u00edndrome de Tourette \u00e9 uma desordem que n\u00e3o tem cura, mas pode ser controlada. Estudos cl\u00ednicos demonstram a utilidade de uma forma de terapia comportamental cognitiva, conhecida como tratamento de revers\u00e3o de h\u00e1bitos. Ela se baseia no treinamento dos pacientes para monitorarem as sensa\u00e7\u00f5es premonit\u00f3rias e os tiques, para responder a eles com uma rea\u00e7\u00e3o volunt\u00e1ria fisicamente incompat\u00edvel com o tique. \u00c9 importante ressaltar, entretanto, que a efic\u00e1cia depende de cada caso. PUBLICIDADE Medicamentos antipsic\u00f3ticos t\u00eam se mostrado \u00fateis na redu\u00e7\u00e3o da intensidade dos tiques, quando sua repeti\u00e7\u00e3o se reverte em preju\u00edzo para a autoestima e aceita\u00e7\u00e3o social. Em alguns casos de tiques bem localizados, podem ser tentadas aplica\u00e7\u00f5es locais de toxina botul\u00ednica (Botox). Alguns autores defendem que, excepcionalmente, pode ser indicado o tratamento cir\u00fargico com estimula\u00e7\u00e3o cerebral profunda, aplicada em certas \u00e1reas do c\u00e9rebro. Atividades como medita\u00e7\u00e3o e ioga podem ser \u00fateis para aliviar o estresse. Esportes, de maneira geral, tamb\u00e9m podem ajudar tanto ao promover o relaxamento como por sua pr\u00e1tica demandar aten\u00e7\u00e3o. Por Rafaela Rodrigues Informa\u00e7\u00f5es do site Drauzio Varella","og_url":"https:\/\/portalraizesnoticias.com.br\/?p=3680","og_site_name":"Portal raizes noticias","article_published_time":"2025-01-02T21:59:57+00:00","article_modified_time":"2025-07-17T21:05:16+00:00","og_image":[{"width":756,"height":620,"url":"https:\/\/portalraizesnoticias.com.br\/wp-content\/uploads\/2025\/01\/IMG-20250102-WA0516.jpg","type":"image\/jpeg"}],"author":"Portal Raizes","twitter_card":"summary_large_image","twitter_misc":{"Escrito por":"Portal Raizes","Est. tempo de leitura":"7 minutos"},"schema":{"@context":"https:\/\/schema.org","@graph":[{"@type":"Article","@id":"https:\/\/portalraizesnoticias.com.br\/?p=3680#article","isPartOf":{"@id":"https:\/\/portalraizesnoticias.com.br\/?p=3680"},"author":{"name":"Portal Raizes","@id":"https:\/\/portalraizesnoticias.com.br\/#\/schema\/person\/a3ca6b0fc701e78df19756c417d943ae"},"headline":"&#8220;Kainha&#8221;: Figura conhecida em Concei\u00e7\u00e3o do Coit\u00e9 pode ter s\u00edndrome de Tourette. Entenda!\u00a0\u00a0","datePublished":"2025-01-02T21:59:57+00:00","dateModified":"2025-07-17T21:05:16+00:00","mainEntityOfPage":{"@id":"https:\/\/portalraizesnoticias.com.br\/?p=3680"},"wordCount":915,"commentCount":0,"publisher":{"@id":"https:\/\/portalraizesnoticias.com.br\/#organization"},"image":{"@id":"https:\/\/portalraizesnoticias.com.br\/?p=3680#primaryimage"},"thumbnailUrl":"https:\/\/portalraizesnoticias.com.br\/wp-content\/uploads\/2025\/01\/IMG-20250102-WA0516.jpg","keywords":["Bahia","Coit\u00e9","Kainha","Sindrome de tojrette"],"articleSection":["DESTAQUES","SA\u00daDE","ULTIMAS NOTICIAS"],"inLanguage":"pt-BR","potentialAction":[{"@type":"CommentAction","name":"Comment","target":["https:\/\/portalraizesnoticias.com.br\/?p=3680#respond"]}]},{"@type":"WebPage","@id":"https:\/\/portalraizesnoticias.com.br\/?p=3680","url":"https:\/\/portalraizesnoticias.com.br\/?p=3680","name":"\"Kainha\": Figura conhecida em Concei\u00e7\u00e3o do Coit\u00e9 pode ter s\u00edndrome de Tourette. Entenda!\u00a0\u00a0 - Portal raizes noticias","isPartOf":{"@id":"https:\/\/portalraizesnoticias.com.br\/#website"},"primaryImageOfPage":{"@id":"https:\/\/portalraizesnoticias.com.br\/?p=3680#primaryimage"},"image":{"@id":"https:\/\/portalraizesnoticias.com.br\/?p=3680#primaryimage"},"thumbnailUrl":"https:\/\/portalraizesnoticias.com.br\/wp-content\/uploads\/2025\/01\/IMG-20250102-WA0516.jpg","datePublished":"2025-01-02T21:59:57+00:00","dateModified":"2025-07-17T21:05:16+00:00","breadcrumb":{"@id":"https:\/\/portalraizesnoticias.com.br\/?p=3680#breadcrumb"},"inLanguage":"pt-BR","potentialAction":[{"@type":"ReadAction","target":["https:\/\/portalraizesnoticias.com.br\/?p=3680"]}]},{"@type":"ImageObject","inLanguage":"pt-BR","@id":"https:\/\/portalraizesnoticias.com.br\/?p=3680#primaryimage","url":"https:\/\/portalraizesnoticias.com.br\/wp-content\/uploads\/2025\/01\/IMG-20250102-WA0516.jpg","contentUrl":"https:\/\/portalraizesnoticias.com.br\/wp-content\/uploads\/2025\/01\/IMG-20250102-WA0516.jpg","width":756,"height":620},{"@type":"BreadcrumbList","@id":"https:\/\/portalraizesnoticias.com.br\/?p=3680#breadcrumb","itemListElement":[{"@type":"ListItem","position":1,"name":"In\u00edcio","item":"https:\/\/portalraizesnoticias.com.br\/"},{"@type":"ListItem","position":2,"name":"&#8220;Kainha&#8221;: Figura conhecida em Concei\u00e7\u00e3o do Coit\u00e9 pode ter s\u00edndrome de Tourette. Entenda!\u00a0\u00a0"}]},{"@type":"WebSite","@id":"https:\/\/portalraizesnoticias.com.br\/#website","url":"https:\/\/portalraizesnoticias.com.br\/","name":"Portal raizes NOTICIAS","description":"site de noticias de concei\u00e7\u00e3o do coit\u00e9 e regi\u00e3o","publisher":{"@id":"https:\/\/portalraizesnoticias.com.br\/#organization"},"alternateName":"PORTAL RAIZES COIT\u00c9","potentialAction":[{"@type":"SearchAction","target":{"@type":"EntryPoint","urlTemplate":"https:\/\/portalraizesnoticias.com.br\/?s={search_term_string}"},"query-input":{"@type":"PropertyValueSpecification","valueRequired":true,"valueName":"search_term_string"}}],"inLanguage":"pt-BR"},{"@type":"Organization","@id":"https:\/\/portalraizesnoticias.com.br\/#organization","name":"Portal raizes NOTICIAS","url":"https:\/\/portalraizesnoticias.com.br\/","logo":{"@type":"ImageObject","inLanguage":"pt-BR","@id":"https:\/\/portalraizesnoticias.com.br\/#\/schema\/logo\/image\/","url":"https:\/\/portalraizesnoticias.com.br\/wp-content\/uploads\/2024\/09\/cropped-Captura-de-tela-2024-09-08-011108.png","contentUrl":"https:\/\/portalraizesnoticias.com.br\/wp-content\/uploads\/2024\/09\/cropped-Captura-de-tela-2024-09-08-011108.png","width":606,"height":173,"caption":"Portal raizes NOTICIAS"},"image":{"@id":"https:\/\/portalraizesnoticias.com.br\/#\/schema\/logo\/image\/"}},{"@type":"Person","@id":"https:\/\/portalraizesnoticias.com.br\/#\/schema\/person\/a3ca6b0fc701e78df19756c417d943ae","name":"Portal Raizes","image":{"@type":"ImageObject","inLanguage":"pt-BR","@id":"https:\/\/portalraizesnoticias.com.br\/#\/schema\/person\/image\/","url":"https:\/\/secure.gravatar.com\/avatar\/ef450d29013a3d3fba867a12a249d7b1?s=96&d=mm&r=g","contentUrl":"https:\/\/secure.gravatar.com\/avatar\/ef450d29013a3d3fba867a12a249d7b1?s=96&d=mm&r=g","caption":"Portal Raizes"},"url":"https:\/\/portalraizesnoticias.com.br\/?author=3"}]}},"_links":{"self":[{"href":"https:\/\/portalraizesnoticias.com.br\/index.php?rest_route=\/wp\/v2\/posts\/3680"}],"collection":[{"href":"https:\/\/portalraizesnoticias.com.br\/index.php?rest_route=\/wp\/v2\/posts"}],"about":[{"href":"https:\/\/portalraizesnoticias.com.br\/index.php?rest_route=\/wp\/v2\/types\/post"}],"author":[{"embeddable":true,"href":"https:\/\/portalraizesnoticias.com.br\/index.php?rest_route=\/wp\/v2\/users\/3"}],"replies":[{"embeddable":true,"href":"https:\/\/portalraizesnoticias.com.br\/index.php?rest_route=%2Fwp%2Fv2%2Fcomments&post=3680"}],"version-history":[{"count":1,"href":"https:\/\/portalraizesnoticias.com.br\/index.php?rest_route=\/wp\/v2\/posts\/3680\/revisions"}],"predecessor-version":[{"id":3686,"href":"https:\/\/portalraizesnoticias.com.br\/index.php?rest_route=\/wp\/v2\/posts\/3680\/revisions\/3686"}],"wp:featuredmedia":[{"embeddable":true,"href":"https:\/\/portalraizesnoticias.com.br\/index.php?rest_route=\/wp\/v2\/media\/3685"}],"wp:attachment":[{"href":"https:\/\/portalraizesnoticias.com.br\/index.php?rest_route=%2Fwp%2Fv2%2Fmedia&parent=3680"}],"wp:term":[{"taxonomy":"category","embeddable":true,"href":"https:\/\/portalraizesnoticias.com.br\/index.php?rest_route=%2Fwp%2Fv2%2Fcategories&post=3680"},{"taxonomy":"post_tag","embeddable":true,"href":"https:\/\/portalraizesnoticias.com.br\/index.php?rest_route=%2Fwp%2Fv2%2Ftags&post=3680"}],"curies":[{"name":"wp","href":"https:\/\/api.w.org\/{rel}","templated":true}]}}