{"id":3676,"date":"2025-01-02T15:05:33","date_gmt":"2025-01-02T18:05:33","guid":{"rendered":"https:\/\/portalraizesnoticias.com.br\/?p=3676"},"modified":"2025-01-02T15:08:14","modified_gmt":"2025-01-02T18:08:14","slug":"coite-tim-reconhece-falha-na-rede-e-afirma-que-tecnicos-estao-mobilizados-para-restabelecer-o-servico-confira-a-nota-na-integra","status":"publish","type":"post","link":"https:\/\/portalraizesnoticias.com.br\/?p=3676","title":{"rendered":"Coit\u00e9: TIM reconhece falha na rede e afirma que t\u00e9cnicos est\u00e3o mobilizados para restabelecer o servi\u00e7o. Confira a nota na \u00edntegra!"},"content":{"rendered":"\n<p><\/p>\n\n\n<p>Ap\u00f3s as constantes reclama\u00e7\u00f5es de usu\u00e1rios da operadora TIM de Concei\u00e7\u00e3o do Coit\u00e9, na Bahia, referente \u00e0 instabilidade do sinal na regi\u00e3o, a jornalista Rafaela Rodrigues procurou a assessoria de imprensa da operadora, que emitiu uma nota.<\/p>\n<p>\u00a0<\/p>\n<p>\u00a0A empresa reconhece o problema e afirmou que\u00a0t\u00e9cnicos da companhia est\u00e3o mobilizados para o pronto restabelecimento dos servi\u00e7os. (Nota completa no final da reportagem).<\/p>\n<p>\u00a0<\/p>\n<p><strong>Entenda o caso:<\/strong><\/p>\n<p>\u00a0<\/p>\n<p>\u00a0Desde o in\u00edcio desta semana, diversos usu\u00e1rios reportaram problemas com a TIM, incluindo per\u00edodos prolongados sem conex\u00e3o, dificultando a realiza\u00e7\u00e3o de chamadas e o envio de mensagens por SMS. As informa\u00e7\u00f5es foram publicadas pelo site Not\u00edcias de Coit\u00e9, parceiro do Portal Ra\u00edzes.\u00a0<\/p>\n<p>\u00a0<\/p>\n<p>De acordo com os clientes, mesmo fazendo recargas regulares, n\u00e3o tinham acesso aos servi\u00e7os essenciais da operadora.<\/p>\n<p>\u00a0<\/p>\n<p>\u00a0\u201cColoco cr\u00e9dito no celular, mas n\u00e3o adianta. Fico sem sinal e n\u00e3o consigo ligar para ningu\u00e9m. O WhatsApp ainda salva, porque funciona pela internet, mas, mesmo assim, \u00e0s vezes, fica ruim\u201d, disse um dos moradores que preferiu n\u00e3o se identificar.<\/p>\n<p>\u00a0<\/p>\n<p>Nos grupos de mensagens, o descontentamento com a TIM \u00e9 evidente. Muitos usu\u00e1rios afirmam que o problema n\u00e3o \u00e9 novo e que a qualidade do servi\u00e7o tende a piorar com o decorrer do tempo. A situa\u00e7\u00e3o \u00e9 ainda mais grave para aqueles que dependem do telefone para trabalhar ou se comunicar em emerg\u00eancias.<\/p>\n<p>\u00a0<\/p>\n<p>\u00a0<\/p>\n<p>Hist\u00f3rico\u00a0<\/p>\n<p>\u00a0<\/p>\n<p>H\u00e1 quatro meses, o problema foi reportado em diversas localidades do Brasil.\u00a0<\/p>\n<p>\u00a0<\/p>\n<p>No site Downdetector, onde os clientes podem relatar problemas com empresas e servi\u00e7os online, mais de 300 reclama\u00e7\u00f5es foram feitas desde \u00e0s 9h30 (hor\u00e1rio de Bras\u00edlia) do dia 23 de agosto.<\/p>\n<p>Segundo o site, estas s\u00e3o as localidades com mais reclama\u00e7\u00f5es:<\/p>\n<p>Recife.<\/p>\n<p>Jo\u00e3o Pessoa.<\/p>\n<p>S\u00e3o Paulo.<\/p>\n<p>Maceio.<\/p>\n<p>Recife.<\/p>\n<p>Fortaleza.<\/p>\n<p>Rio de Janeiro.<\/p>\n<p>Jaboat\u00e3o dos Guararapes.<\/p>\n<p>Botucatu.<\/p>\n<p>\u00a0<\/p>\n<p>Em rela\u00e7\u00e3o \u00e0s notifica\u00e7\u00f5es, 55% dos clientes reportaram a aus\u00eancia de sinal, enquanto 24% reportaram problemas gerais. 21% disseram que n\u00e3o tinham internet m\u00f3vel.<\/p>\n<p>\u00a0<\/p>\n<p><strong>Nota<\/strong>:<\/p>\n<p>\u00a0<\/p>\n<p>A TIM informa que alguns clientes podem enfrentar dificuldades para trafegar dados e realizar chamadas, em Concei\u00e7\u00e3o de Coit\u00e9, na Bahia, devido a uma falha na rede que afetou os servi\u00e7os da operadora na regi\u00e3o. T\u00e9cnicos da companhia est\u00e3o mobilizados para o pronto restabelecimento dos servi\u00e7os.<\/p>\n<p>\u00a0<\/p>\n<p>Reda\u00e7\u00e3o com informa\u00e7\u00f5es do site Not\u00edcias de Coit\u00e9 e Di\u00e1rio de Pernambuco.<\/p>","protected":false},"excerpt":{"rendered":"<p>Ap\u00f3s as constantes reclama\u00e7\u00f5es de usu\u00e1rios da operadora TIM de Concei\u00e7\u00e3o do Coit\u00e9, na Bahia, referente \u00e0 instabilidade do sinal na regi\u00e3o, a jornalista Rafaela Rodrigues procurou a assessoria de imprensa da operadora, que emitiu uma nota. \u00a0 \u00a0A empresa reconhece o problema e afirmou que\u00a0t\u00e9cnicos da companhia est\u00e3o mobilizados para o pronto restabelecimento dos servi\u00e7os. (Nota completa no final da reportagem). \u00a0 Entenda o caso: \u00a0 \u00a0Desde o in\u00edcio desta semana, diversos usu\u00e1rios reportaram problemas com a TIM, incluindo per\u00edodos prolongados sem conex\u00e3o, dificultando a realiza\u00e7\u00e3o de chamadas e o envio de mensagens por SMS. As informa\u00e7\u00f5es foram publicadas pelo site Not\u00edcias de Coit\u00e9, parceiro do Portal Ra\u00edzes.\u00a0 \u00a0 De acordo com os clientes, mesmo fazendo recargas regulares, n\u00e3o tinham acesso aos servi\u00e7os essenciais da operadora. \u00a0 \u00a0\u201cColoco cr\u00e9dito no celular, mas n\u00e3o adianta. Fico sem sinal e n\u00e3o consigo ligar para ningu\u00e9m. O WhatsApp ainda salva, porque funciona pela internet, mas, mesmo assim, \u00e0s vezes, fica ruim\u201d, disse um dos moradores que preferiu n\u00e3o se identificar. \u00a0 Nos grupos de mensagens, o descontentamento com a TIM \u00e9 evidente. Muitos usu\u00e1rios afirmam que o problema n\u00e3o \u00e9 novo e que a qualidade do servi\u00e7o tende a piorar com o decorrer do tempo. A situa\u00e7\u00e3o \u00e9 ainda mais grave para aqueles que dependem do telefone para trabalhar ou se comunicar em emerg\u00eancias. \u00a0 \u00a0 Hist\u00f3rico\u00a0 \u00a0 H\u00e1 quatro meses, o problema foi reportado em diversas localidades do Brasil.\u00a0 \u00a0 No site Downdetector, onde os clientes podem relatar problemas com empresas e servi\u00e7os online, mais de 300 reclama\u00e7\u00f5es foram feitas desde \u00e0s 9h30 (hor\u00e1rio de Bras\u00edlia) do dia 23 de agosto. Segundo o site, estas s\u00e3o as localidades com mais reclama\u00e7\u00f5es: Recife. Jo\u00e3o Pessoa. S\u00e3o Paulo. Maceio. Recife. Fortaleza. Rio de Janeiro. Jaboat\u00e3o dos Guararapes. Botucatu. \u00a0 Em rela\u00e7\u00e3o \u00e0s notifica\u00e7\u00f5es, 55% dos clientes reportaram a aus\u00eancia de sinal, enquanto 24% reportaram problemas gerais. 21% disseram que n\u00e3o tinham internet m\u00f3vel. \u00a0 Nota: \u00a0 A TIM informa que alguns clientes podem enfrentar dificuldades para trafegar dados e realizar chamadas, em Concei\u00e7\u00e3o de Coit\u00e9, na Bahia, devido a uma falha na rede que afetou os servi\u00e7os da operadora na regi\u00e3o. T\u00e9cnicos da companhia est\u00e3o mobilizados para o pronto restabelecimento dos servi\u00e7os. \u00a0 Reda\u00e7\u00e3o com informa\u00e7\u00f5es do site Not\u00edcias de Coit\u00e9 e Di\u00e1rio de Pernambuco.<\/p>\n","protected":false},"author":3,"featured_media":3679,"comment_status":"open","ping_status":"open","sticky":false,"template":"","format":"standard","meta":{"_joinchat":[],"footnotes":""},"categories":[55,59],"tags":[75,589,588],"class_list":["post-3676","post","type-post","status-publish","format-standard","has-post-thumbnail","hentry","category-destaques","category-ultimas-noticias","tag-coite","tag-falha","tag-tim"],"yoast_head":"<!-- This site is optimized with the Yoast SEO plugin v24.4 - https:\/\/yoast.com\/wordpress\/plugins\/seo\/ -->\n<title>Coit\u00e9: TIM reconhece falha na rede e afirma que t\u00e9cnicos est\u00e3o mobilizados para restabelecer o servi\u00e7o. Confira a nota na \u00edntegra! - Portal raizes noticias<\/title>\n<meta name=\"robots\" content=\"index, follow, max-snippet:-1, max-image-preview:large, max-video-preview:-1\" \/>\n<link rel=\"canonical\" href=\"https:\/\/portalraizesnoticias.com.br\/?p=3676\" \/>\n<meta property=\"og:locale\" content=\"pt_BR\" \/>\n<meta property=\"og:type\" content=\"article\" \/>\n<meta property=\"og:title\" content=\"Coit\u00e9: TIM reconhece falha na rede e afirma que t\u00e9cnicos est\u00e3o mobilizados para restabelecer o servi\u00e7o. Confira a nota na \u00edntegra! - Portal raizes noticias\" \/>\n<meta property=\"og:description\" content=\"Ap\u00f3s as constantes reclama\u00e7\u00f5es de usu\u00e1rios da operadora TIM de Concei\u00e7\u00e3o do Coit\u00e9, na Bahia, referente \u00e0 instabilidade do sinal na regi\u00e3o, a jornalista Rafaela Rodrigues procurou a assessoria de imprensa da operadora, que emitiu uma nota. \u00a0 \u00a0A empresa reconhece o problema e afirmou que\u00a0t\u00e9cnicos da companhia est\u00e3o mobilizados para o pronto restabelecimento dos servi\u00e7os. (Nota completa no final da reportagem). \u00a0 Entenda o caso: \u00a0 \u00a0Desde o in\u00edcio desta semana, diversos usu\u00e1rios reportaram problemas com a TIM, incluindo per\u00edodos prolongados sem conex\u00e3o, dificultando a realiza\u00e7\u00e3o de chamadas e o envio de mensagens por SMS. As informa\u00e7\u00f5es foram publicadas pelo site Not\u00edcias de Coit\u00e9, parceiro do Portal Ra\u00edzes.\u00a0 \u00a0 De acordo com os clientes, mesmo fazendo recargas regulares, n\u00e3o tinham acesso aos servi\u00e7os essenciais da operadora. \u00a0 \u00a0\u201cColoco cr\u00e9dito no celular, mas n\u00e3o adianta. Fico sem sinal e n\u00e3o consigo ligar para ningu\u00e9m. O WhatsApp ainda salva, porque funciona pela internet, mas, mesmo assim, \u00e0s vezes, fica ruim\u201d, disse um dos moradores que preferiu n\u00e3o se identificar. \u00a0 Nos grupos de mensagens, o descontentamento com a TIM \u00e9 evidente. Muitos usu\u00e1rios afirmam que o problema n\u00e3o \u00e9 novo e que a qualidade do servi\u00e7o tende a piorar com o decorrer do tempo. A situa\u00e7\u00e3o \u00e9 ainda mais grave para aqueles que dependem do telefone para trabalhar ou se comunicar em emerg\u00eancias. \u00a0 \u00a0 Hist\u00f3rico\u00a0 \u00a0 H\u00e1 quatro meses, o problema foi reportado em diversas localidades do Brasil.\u00a0 \u00a0 No site Downdetector, onde os clientes podem relatar problemas com empresas e servi\u00e7os online, mais de 300 reclama\u00e7\u00f5es foram feitas desde \u00e0s 9h30 (hor\u00e1rio de Bras\u00edlia) do dia 23 de agosto. Segundo o site, estas s\u00e3o as localidades com mais reclama\u00e7\u00f5es: Recife. Jo\u00e3o Pessoa. S\u00e3o Paulo. Maceio. Recife. Fortaleza. Rio de Janeiro. Jaboat\u00e3o dos Guararapes. Botucatu. \u00a0 Em rela\u00e7\u00e3o \u00e0s notifica\u00e7\u00f5es, 55% dos clientes reportaram a aus\u00eancia de sinal, enquanto 24% reportaram problemas gerais. 21% disseram que n\u00e3o tinham internet m\u00f3vel. \u00a0 Nota: \u00a0 A TIM informa que alguns clientes podem enfrentar dificuldades para trafegar dados e realizar chamadas, em Concei\u00e7\u00e3o de Coit\u00e9, na Bahia, devido a uma falha na rede que afetou os servi\u00e7os da operadora na regi\u00e3o. T\u00e9cnicos da companhia est\u00e3o mobilizados para o pronto restabelecimento dos servi\u00e7os. \u00a0 Reda\u00e7\u00e3o com informa\u00e7\u00f5es do site Not\u00edcias de Coit\u00e9 e Di\u00e1rio de Pernambuco.\" \/>\n<meta property=\"og:url\" content=\"https:\/\/portalraizesnoticias.com.br\/?p=3676\" \/>\n<meta property=\"og:site_name\" content=\"Portal raizes noticias\" \/>\n<meta property=\"article:published_time\" content=\"2025-01-02T18:05:33+00:00\" \/>\n<meta property=\"article:modified_time\" content=\"2025-01-02T18:08:14+00:00\" \/>\n<meta property=\"og:image\" content=\"https:\/\/portalraizesnoticias.com.br\/wp-content\/uploads\/2025\/01\/IMG-20250102-WA0170.jpg\" \/>\n\t<meta property=\"og:image:width\" content=\"547\" \/>\n\t<meta property=\"og:image:height\" content=\"415\" \/>\n\t<meta property=\"og:image:type\" content=\"image\/jpeg\" \/>\n<meta name=\"author\" content=\"Portal Raizes\" \/>\n<meta name=\"twitter:card\" content=\"summary_large_image\" \/>\n<meta name=\"twitter:label1\" content=\"Escrito por\" \/>\n\t<meta name=\"twitter:data1\" content=\"Portal Raizes\" \/>\n\t<meta name=\"twitter:label2\" content=\"Est. tempo de leitura\" \/>\n\t<meta name=\"twitter:data2\" content=\"3 minutos\" \/>\n<script type=\"application\/ld+json\" class=\"yoast-schema-graph\">{\"@context\":\"https:\/\/schema.org\",\"@graph\":[{\"@type\":\"Article\",\"@id\":\"https:\/\/portalraizesnoticias.com.br\/?p=3676#article\",\"isPartOf\":{\"@id\":\"https:\/\/portalraizesnoticias.com.br\/?p=3676\"},\"author\":{\"name\":\"Portal Raizes\",\"@id\":\"https:\/\/portalraizesnoticias.com.br\/#\/schema\/person\/a3ca6b0fc701e78df19756c417d943ae\"},\"headline\":\"Coit\u00e9: TIM reconhece falha na rede e afirma que t\u00e9cnicos est\u00e3o mobilizados para restabelecer o servi\u00e7o. Confira a nota na \u00edntegra!\",\"datePublished\":\"2025-01-02T18:05:33+00:00\",\"dateModified\":\"2025-01-02T18:08:14+00:00\",\"mainEntityOfPage\":{\"@id\":\"https:\/\/portalraizesnoticias.com.br\/?p=3676\"},\"wordCount\":437,\"commentCount\":1,\"publisher\":{\"@id\":\"https:\/\/portalraizesnoticias.com.br\/#organization\"},\"image\":{\"@id\":\"https:\/\/portalraizesnoticias.com.br\/?p=3676#primaryimage\"},\"thumbnailUrl\":\"https:\/\/portalraizesnoticias.com.br\/wp-content\/uploads\/2025\/01\/IMG-20250102-WA0170.jpg\",\"keywords\":[\"Coit\u00e9\",\"Falha\",\"Tim\"],\"articleSection\":[\"DESTAQUES\",\"ULTIMAS NOTICIAS\"],\"inLanguage\":\"pt-BR\",\"potentialAction\":[{\"@type\":\"CommentAction\",\"name\":\"Comment\",\"target\":[\"https:\/\/portalraizesnoticias.com.br\/?p=3676#respond\"]}]},{\"@type\":\"WebPage\",\"@id\":\"https:\/\/portalraizesnoticias.com.br\/?p=3676\",\"url\":\"https:\/\/portalraizesnoticias.com.br\/?p=3676\",\"name\":\"Coit\u00e9: TIM reconhece falha na rede e afirma que t\u00e9cnicos est\u00e3o mobilizados para restabelecer o servi\u00e7o. Confira a nota na \u00edntegra! - Portal raizes noticias\",\"isPartOf\":{\"@id\":\"https:\/\/portalraizesnoticias.com.br\/#website\"},\"primaryImageOfPage\":{\"@id\":\"https:\/\/portalraizesnoticias.com.br\/?p=3676#primaryimage\"},\"image\":{\"@id\":\"https:\/\/portalraizesnoticias.com.br\/?p=3676#primaryimage\"},\"thumbnailUrl\":\"https:\/\/portalraizesnoticias.com.br\/wp-content\/uploads\/2025\/01\/IMG-20250102-WA0170.jpg\",\"datePublished\":\"2025-01-02T18:05:33+00:00\",\"dateModified\":\"2025-01-02T18:08:14+00:00\",\"breadcrumb\":{\"@id\":\"https:\/\/portalraizesnoticias.com.br\/?p=3676#breadcrumb\"},\"inLanguage\":\"pt-BR\",\"potentialAction\":[{\"@type\":\"ReadAction\",\"target\":[\"https:\/\/portalraizesnoticias.com.br\/?p=3676\"]}]},{\"@type\":\"ImageObject\",\"inLanguage\":\"pt-BR\",\"@id\":\"https:\/\/portalraizesnoticias.com.br\/?p=3676#primaryimage\",\"url\":\"https:\/\/portalraizesnoticias.com.br\/wp-content\/uploads\/2025\/01\/IMG-20250102-WA0170.jpg\",\"contentUrl\":\"https:\/\/portalraizesnoticias.com.br\/wp-content\/uploads\/2025\/01\/IMG-20250102-WA0170.jpg\",\"width\":547,\"height\":415},{\"@type\":\"BreadcrumbList\",\"@id\":\"https:\/\/portalraizesnoticias.com.br\/?p=3676#breadcrumb\",\"itemListElement\":[{\"@type\":\"ListItem\",\"position\":1,\"name\":\"In\u00edcio\",\"item\":\"https:\/\/portalraizesnoticias.com.br\/\"},{\"@type\":\"ListItem\",\"position\":2,\"name\":\"Coit\u00e9: TIM reconhece falha na rede e afirma que t\u00e9cnicos est\u00e3o mobilizados para restabelecer o servi\u00e7o. Confira a nota na \u00edntegra!\"}]},{\"@type\":\"WebSite\",\"@id\":\"https:\/\/portalraizesnoticias.com.br\/#website\",\"url\":\"https:\/\/portalraizesnoticias.com.br\/\",\"name\":\"Portal raizes NOTICIAS\",\"description\":\"site de noticias de concei\u00e7\u00e3o do coit\u00e9 e regi\u00e3o\",\"publisher\":{\"@id\":\"https:\/\/portalraizesnoticias.com.br\/#organization\"},\"alternateName\":\"PORTAL RAIZES COIT\u00c9\",\"potentialAction\":[{\"@type\":\"SearchAction\",\"target\":{\"@type\":\"EntryPoint\",\"urlTemplate\":\"https:\/\/portalraizesnoticias.com.br\/?s={search_term_string}\"},\"query-input\":{\"@type\":\"PropertyValueSpecification\",\"valueRequired\":true,\"valueName\":\"search_term_string\"}}],\"inLanguage\":\"pt-BR\"},{\"@type\":\"Organization\",\"@id\":\"https:\/\/portalraizesnoticias.com.br\/#organization\",\"name\":\"Portal raizes NOTICIAS\",\"url\":\"https:\/\/portalraizesnoticias.com.br\/\",\"logo\":{\"@type\":\"ImageObject\",\"inLanguage\":\"pt-BR\",\"@id\":\"https:\/\/portalraizesnoticias.com.br\/#\/schema\/logo\/image\/\",\"url\":\"https:\/\/portalraizesnoticias.com.br\/wp-content\/uploads\/2024\/09\/cropped-Captura-de-tela-2024-09-08-011108.png\",\"contentUrl\":\"https:\/\/portalraizesnoticias.com.br\/wp-content\/uploads\/2024\/09\/cropped-Captura-de-tela-2024-09-08-011108.png\",\"width\":606,\"height\":173,\"caption\":\"Portal raizes NOTICIAS\"},\"image\":{\"@id\":\"https:\/\/portalraizesnoticias.com.br\/#\/schema\/logo\/image\/\"}},{\"@type\":\"Person\",\"@id\":\"https:\/\/portalraizesnoticias.com.br\/#\/schema\/person\/a3ca6b0fc701e78df19756c417d943ae\",\"name\":\"Portal Raizes\",\"image\":{\"@type\":\"ImageObject\",\"inLanguage\":\"pt-BR\",\"@id\":\"https:\/\/portalraizesnoticias.com.br\/#\/schema\/person\/image\/\",\"url\":\"https:\/\/secure.gravatar.com\/avatar\/ef450d29013a3d3fba867a12a249d7b1?s=96&d=mm&r=g\",\"contentUrl\":\"https:\/\/secure.gravatar.com\/avatar\/ef450d29013a3d3fba867a12a249d7b1?s=96&d=mm&r=g\",\"caption\":\"Portal Raizes\"},\"url\":\"https:\/\/portalraizesnoticias.com.br\/?author=3\"}]}<\/script>\n<!-- \/ Yoast SEO plugin. -->","yoast_head_json":{"title":"Coit\u00e9: TIM reconhece falha na rede e afirma que t\u00e9cnicos est\u00e3o mobilizados para restabelecer o servi\u00e7o. Confira a nota na \u00edntegra! - Portal raizes noticias","robots":{"index":"index","follow":"follow","max-snippet":"max-snippet:-1","max-image-preview":"max-image-preview:large","max-video-preview":"max-video-preview:-1"},"canonical":"https:\/\/portalraizesnoticias.com.br\/?p=3676","og_locale":"pt_BR","og_type":"article","og_title":"Coit\u00e9: TIM reconhece falha na rede e afirma que t\u00e9cnicos est\u00e3o mobilizados para restabelecer o servi\u00e7o. Confira a nota na \u00edntegra! - Portal raizes noticias","og_description":"Ap\u00f3s as constantes reclama\u00e7\u00f5es de usu\u00e1rios da operadora TIM de Concei\u00e7\u00e3o do Coit\u00e9, na Bahia, referente \u00e0 instabilidade do sinal na regi\u00e3o, a jornalista Rafaela Rodrigues procurou a assessoria de imprensa da operadora, que emitiu uma nota. \u00a0 \u00a0A empresa reconhece o problema e afirmou que\u00a0t\u00e9cnicos da companhia est\u00e3o mobilizados para o pronto restabelecimento dos servi\u00e7os. (Nota completa no final da reportagem). \u00a0 Entenda o caso: \u00a0 \u00a0Desde o in\u00edcio desta semana, diversos usu\u00e1rios reportaram problemas com a TIM, incluindo per\u00edodos prolongados sem conex\u00e3o, dificultando a realiza\u00e7\u00e3o de chamadas e o envio de mensagens por SMS. As informa\u00e7\u00f5es foram publicadas pelo site Not\u00edcias de Coit\u00e9, parceiro do Portal Ra\u00edzes.\u00a0 \u00a0 De acordo com os clientes, mesmo fazendo recargas regulares, n\u00e3o tinham acesso aos servi\u00e7os essenciais da operadora. \u00a0 \u00a0\u201cColoco cr\u00e9dito no celular, mas n\u00e3o adianta. Fico sem sinal e n\u00e3o consigo ligar para ningu\u00e9m. O WhatsApp ainda salva, porque funciona pela internet, mas, mesmo assim, \u00e0s vezes, fica ruim\u201d, disse um dos moradores que preferiu n\u00e3o se identificar. \u00a0 Nos grupos de mensagens, o descontentamento com a TIM \u00e9 evidente. Muitos usu\u00e1rios afirmam que o problema n\u00e3o \u00e9 novo e que a qualidade do servi\u00e7o tende a piorar com o decorrer do tempo. A situa\u00e7\u00e3o \u00e9 ainda mais grave para aqueles que dependem do telefone para trabalhar ou se comunicar em emerg\u00eancias. \u00a0 \u00a0 Hist\u00f3rico\u00a0 \u00a0 H\u00e1 quatro meses, o problema foi reportado em diversas localidades do Brasil.\u00a0 \u00a0 No site Downdetector, onde os clientes podem relatar problemas com empresas e servi\u00e7os online, mais de 300 reclama\u00e7\u00f5es foram feitas desde \u00e0s 9h30 (hor\u00e1rio de Bras\u00edlia) do dia 23 de agosto. Segundo o site, estas s\u00e3o as localidades com mais reclama\u00e7\u00f5es: Recife. Jo\u00e3o Pessoa. S\u00e3o Paulo. Maceio. Recife. Fortaleza. Rio de Janeiro. Jaboat\u00e3o dos Guararapes. Botucatu. \u00a0 Em rela\u00e7\u00e3o \u00e0s notifica\u00e7\u00f5es, 55% dos clientes reportaram a aus\u00eancia de sinal, enquanto 24% reportaram problemas gerais. 21% disseram que n\u00e3o tinham internet m\u00f3vel. \u00a0 Nota: \u00a0 A TIM informa que alguns clientes podem enfrentar dificuldades para trafegar dados e realizar chamadas, em Concei\u00e7\u00e3o de Coit\u00e9, na Bahia, devido a uma falha na rede que afetou os servi\u00e7os da operadora na regi\u00e3o. T\u00e9cnicos da companhia est\u00e3o mobilizados para o pronto restabelecimento dos servi\u00e7os. \u00a0 Reda\u00e7\u00e3o com informa\u00e7\u00f5es do site Not\u00edcias de Coit\u00e9 e Di\u00e1rio de Pernambuco.","og_url":"https:\/\/portalraizesnoticias.com.br\/?p=3676","og_site_name":"Portal raizes noticias","article_published_time":"2025-01-02T18:05:33+00:00","article_modified_time":"2025-01-02T18:08:14+00:00","og_image":[{"width":547,"height":415,"url":"https:\/\/portalraizesnoticias.com.br\/wp-content\/uploads\/2025\/01\/IMG-20250102-WA0170.jpg","type":"image\/jpeg"}],"author":"Portal Raizes","twitter_card":"summary_large_image","twitter_misc":{"Escrito por":"Portal Raizes","Est. tempo de leitura":"3 minutos"},"schema":{"@context":"https:\/\/schema.org","@graph":[{"@type":"Article","@id":"https:\/\/portalraizesnoticias.com.br\/?p=3676#article","isPartOf":{"@id":"https:\/\/portalraizesnoticias.com.br\/?p=3676"},"author":{"name":"Portal Raizes","@id":"https:\/\/portalraizesnoticias.com.br\/#\/schema\/person\/a3ca6b0fc701e78df19756c417d943ae"},"headline":"Coit\u00e9: TIM reconhece falha na rede e afirma que t\u00e9cnicos est\u00e3o mobilizados para restabelecer o servi\u00e7o. Confira a nota na \u00edntegra!","datePublished":"2025-01-02T18:05:33+00:00","dateModified":"2025-01-02T18:08:14+00:00","mainEntityOfPage":{"@id":"https:\/\/portalraizesnoticias.com.br\/?p=3676"},"wordCount":437,"commentCount":1,"publisher":{"@id":"https:\/\/portalraizesnoticias.com.br\/#organization"},"image":{"@id":"https:\/\/portalraizesnoticias.com.br\/?p=3676#primaryimage"},"thumbnailUrl":"https:\/\/portalraizesnoticias.com.br\/wp-content\/uploads\/2025\/01\/IMG-20250102-WA0170.jpg","keywords":["Coit\u00e9","Falha","Tim"],"articleSection":["DESTAQUES","ULTIMAS NOTICIAS"],"inLanguage":"pt-BR","potentialAction":[{"@type":"CommentAction","name":"Comment","target":["https:\/\/portalraizesnoticias.com.br\/?p=3676#respond"]}]},{"@type":"WebPage","@id":"https:\/\/portalraizesnoticias.com.br\/?p=3676","url":"https:\/\/portalraizesnoticias.com.br\/?p=3676","name":"Coit\u00e9: TIM reconhece falha na rede e afirma que t\u00e9cnicos est\u00e3o mobilizados para restabelecer o servi\u00e7o. Confira a nota na \u00edntegra! - Portal raizes noticias","isPartOf":{"@id":"https:\/\/portalraizesnoticias.com.br\/#website"},"primaryImageOfPage":{"@id":"https:\/\/portalraizesnoticias.com.br\/?p=3676#primaryimage"},"image":{"@id":"https:\/\/portalraizesnoticias.com.br\/?p=3676#primaryimage"},"thumbnailUrl":"https:\/\/portalraizesnoticias.com.br\/wp-content\/uploads\/2025\/01\/IMG-20250102-WA0170.jpg","datePublished":"2025-01-02T18:05:33+00:00","dateModified":"2025-01-02T18:08:14+00:00","breadcrumb":{"@id":"https:\/\/portalraizesnoticias.com.br\/?p=3676#breadcrumb"},"inLanguage":"pt-BR","potentialAction":[{"@type":"ReadAction","target":["https:\/\/portalraizesnoticias.com.br\/?p=3676"]}]},{"@type":"ImageObject","inLanguage":"pt-BR","@id":"https:\/\/portalraizesnoticias.com.br\/?p=3676#primaryimage","url":"https:\/\/portalraizesnoticias.com.br\/wp-content\/uploads\/2025\/01\/IMG-20250102-WA0170.jpg","contentUrl":"https:\/\/portalraizesnoticias.com.br\/wp-content\/uploads\/2025\/01\/IMG-20250102-WA0170.jpg","width":547,"height":415},{"@type":"BreadcrumbList","@id":"https:\/\/portalraizesnoticias.com.br\/?p=3676#breadcrumb","itemListElement":[{"@type":"ListItem","position":1,"name":"In\u00edcio","item":"https:\/\/portalraizesnoticias.com.br\/"},{"@type":"ListItem","position":2,"name":"Coit\u00e9: TIM reconhece falha na rede e afirma que t\u00e9cnicos est\u00e3o mobilizados para restabelecer o servi\u00e7o. Confira a nota na \u00edntegra!"}]},{"@type":"WebSite","@id":"https:\/\/portalraizesnoticias.com.br\/#website","url":"https:\/\/portalraizesnoticias.com.br\/","name":"Portal raizes NOTICIAS","description":"site de noticias de concei\u00e7\u00e3o do coit\u00e9 e regi\u00e3o","publisher":{"@id":"https:\/\/portalraizesnoticias.com.br\/#organization"},"alternateName":"PORTAL RAIZES COIT\u00c9","potentialAction":[{"@type":"SearchAction","target":{"@type":"EntryPoint","urlTemplate":"https:\/\/portalraizesnoticias.com.br\/?s={search_term_string}"},"query-input":{"@type":"PropertyValueSpecification","valueRequired":true,"valueName":"search_term_string"}}],"inLanguage":"pt-BR"},{"@type":"Organization","@id":"https:\/\/portalraizesnoticias.com.br\/#organization","name":"Portal raizes NOTICIAS","url":"https:\/\/portalraizesnoticias.com.br\/","logo":{"@type":"ImageObject","inLanguage":"pt-BR","@id":"https:\/\/portalraizesnoticias.com.br\/#\/schema\/logo\/image\/","url":"https:\/\/portalraizesnoticias.com.br\/wp-content\/uploads\/2024\/09\/cropped-Captura-de-tela-2024-09-08-011108.png","contentUrl":"https:\/\/portalraizesnoticias.com.br\/wp-content\/uploads\/2024\/09\/cropped-Captura-de-tela-2024-09-08-011108.png","width":606,"height":173,"caption":"Portal raizes NOTICIAS"},"image":{"@id":"https:\/\/portalraizesnoticias.com.br\/#\/schema\/logo\/image\/"}},{"@type":"Person","@id":"https:\/\/portalraizesnoticias.com.br\/#\/schema\/person\/a3ca6b0fc701e78df19756c417d943ae","name":"Portal Raizes","image":{"@type":"ImageObject","inLanguage":"pt-BR","@id":"https:\/\/portalraizesnoticias.com.br\/#\/schema\/person\/image\/","url":"https:\/\/secure.gravatar.com\/avatar\/ef450d29013a3d3fba867a12a249d7b1?s=96&d=mm&r=g","contentUrl":"https:\/\/secure.gravatar.com\/avatar\/ef450d29013a3d3fba867a12a249d7b1?s=96&d=mm&r=g","caption":"Portal Raizes"},"url":"https:\/\/portalraizesnoticias.com.br\/?author=3"}]}},"_links":{"self":[{"href":"https:\/\/portalraizesnoticias.com.br\/index.php?rest_route=\/wp\/v2\/posts\/3676"}],"collection":[{"href":"https:\/\/portalraizesnoticias.com.br\/index.php?rest_route=\/wp\/v2\/posts"}],"about":[{"href":"https:\/\/portalraizesnoticias.com.br\/index.php?rest_route=\/wp\/v2\/types\/post"}],"author":[{"embeddable":true,"href":"https:\/\/portalraizesnoticias.com.br\/index.php?rest_route=\/wp\/v2\/users\/3"}],"replies":[{"embeddable":true,"href":"https:\/\/portalraizesnoticias.com.br\/index.php?rest_route=%2Fwp%2Fv2%2Fcomments&post=3676"}],"version-history":[{"count":1,"href":"https:\/\/portalraizesnoticias.com.br\/index.php?rest_route=\/wp\/v2\/posts\/3676\/revisions"}],"predecessor-version":[{"id":3678,"href":"https:\/\/portalraizesnoticias.com.br\/index.php?rest_route=\/wp\/v2\/posts\/3676\/revisions\/3678"}],"wp:featuredmedia":[{"embeddable":true,"href":"https:\/\/portalraizesnoticias.com.br\/index.php?rest_route=\/wp\/v2\/media\/3679"}],"wp:attachment":[{"href":"https:\/\/portalraizesnoticias.com.br\/index.php?rest_route=%2Fwp%2Fv2%2Fmedia&parent=3676"}],"wp:term":[{"taxonomy":"category","embeddable":true,"href":"https:\/\/portalraizesnoticias.com.br\/index.php?rest_route=%2Fwp%2Fv2%2Fcategories&post=3676"},{"taxonomy":"post_tag","embeddable":true,"href":"https:\/\/portalraizesnoticias.com.br\/index.php?rest_route=%2Fwp%2Fv2%2Ftags&post=3676"}],"curies":[{"name":"wp","href":"https:\/\/api.w.org\/{rel}","templated":true}]}}