{"id":3672,"date":"2025-01-02T11:25:41","date_gmt":"2025-01-02T14:25:41","guid":{"rendered":"https:\/\/portalraizesnoticias.com.br\/?p=3672"},"modified":"2025-01-02T11:25:41","modified_gmt":"2025-01-02T14:25:41","slug":"nasce-ana-laura-primeiro-bebe-de-2025-do-hospital-estadual-da-crianca-em-feira-de-santana","status":"publish","type":"post","link":"https:\/\/portalraizesnoticias.com.br\/?p=3672","title":{"rendered":"Nasce Ana Laura, primeiro beb\u00ea de 2025 do Hospital Estadual da Crian\u00e7a em Feira de Santana"},"content":{"rendered":"<p>O Hospital Estadual da Crian\u00e7a (HEC) registrou na manh\u00e3 da segunda-feira (1\u00ba) de janeiro, o nascimento do primeiro beb\u00ea de 2025 na unidade. Ana Laura, filha de Rafaela Goes da Silva, nasceu \u00e0s 10h04, pesando 1.920 gramas.<\/p>\n<figure id=\"attachment_7146\" class=\"wp-caption aligncenter\" style=\"width: 515px;\" aria-describedby=\"caption-attachment-7146\"><img fetchpriority=\"high\" decoding=\"async\" class=\"wp-image-7148  td-animation-stack-type0-2\" src=\"http:\/\/casosdepoliciafsa.com.br\/wp-content\/uploads\/2025\/01\/WhatsApp-Image-2025-01-02-at-06.18.45-768x1024.jpeg\" sizes=\"(max-width: 696px) 100vw, 696px\" srcset=\"https:\/\/casosdepoliciafsa.com.br\/wp-content\/uploads\/2025\/01\/WhatsApp-Image-2025-01-02-at-06.18.45-768x1024.jpeg 768w, https:\/\/casosdepoliciafsa.com.br\/wp-content\/uploads\/2025\/01\/WhatsApp-Image-2025-01-02-at-06.18.45-225x300.jpeg 225w, https:\/\/casosdepoliciafsa.com.br\/wp-content\/uploads\/2025\/01\/WhatsApp-Image-2025-01-02-at-06.18.45-1152x1536.jpeg 1152w, https:\/\/casosdepoliciafsa.com.br\/wp-content\/uploads\/2025\/01\/WhatsApp-Image-2025-01-02-at-06.18.45-150x200.jpeg 150w, https:\/\/casosdepoliciafsa.com.br\/wp-content\/uploads\/2025\/01\/WhatsApp-Image-2025-01-02-at-06.18.45-300x400.jpeg 300w, https:\/\/casosdepoliciafsa.com.br\/wp-content\/uploads\/2025\/01\/WhatsApp-Image-2025-01-02-at-06.18.45-696x928.jpeg 696w, https:\/\/casosdepoliciafsa.com.br\/wp-content\/uploads\/2025\/01\/WhatsApp-Image-2025-01-02-at-06.18.45-1068x1424.jpeg 1068w, https:\/\/casosdepoliciafsa.com.br\/wp-content\/uploads\/2025\/01\/WhatsApp-Image-2025-01-02-at-06.18.45.jpeg 1200w\" alt=\"\" width=\"515\" height=\"687\" \/><figcaption id=\"caption-attachment-7146\" class=\"wp-caption-text\">Foto: Caio Brito\/ Ascom HEC<\/figcaption><\/figure>\n<p>O parto foi realizado no Centro Obst\u00e9trico do HEC. Segundo a coordenadora do setor, Nayana Silva, \u201co nascimento da Ana Laura representa o in\u00edcio de mais um ano de dedica\u00e7\u00e3o ao cuidado das m\u00e3es e beb\u00eas em nossa unidade. O HEC segue com a rotina de atendimento obst\u00e9trico humanizado, reafirmando seu compromisso com a sa\u00fade materno-infantil\u201d.<\/p>\n<figure id=\"attachment_7152\" class=\"wp-caption aligncenter\" aria-describedby=\"caption-attachment-7152\"><img decoding=\"async\" class=\"wp-image-7152 size-full td-animation-stack-type0-2\" src=\"http:\/\/casosdepoliciafsa.com.br\/wp-content\/uploads\/2025\/01\/WhatsApp-Image-2025-01-02-at-06.23.26.jpeg\" sizes=\"(max-width: 585px) 100vw, 585px\" srcset=\"https:\/\/casosdepoliciafsa.com.br\/wp-content\/uploads\/2025\/01\/WhatsApp-Image-2025-01-02-at-06.23.26.jpeg 585w, https:\/\/casosdepoliciafsa.com.br\/wp-content\/uploads\/2025\/01\/WhatsApp-Image-2025-01-02-at-06.23.26-259x300.jpeg 259w, https:\/\/casosdepoliciafsa.com.br\/wp-content\/uploads\/2025\/01\/WhatsApp-Image-2025-01-02-at-06.23.26-150x174.jpeg 150w, https:\/\/casosdepoliciafsa.com.br\/wp-content\/uploads\/2025\/01\/WhatsApp-Image-2025-01-02-at-06.23.26-300x347.jpeg 300w\" alt=\"\" width=\"585\" height=\"677\" \/><figcaption id=\"caption-attachment-7152\" class=\"wp-caption-text\">Foto: Caio Brito\/ Ascom HEC<\/figcaption><\/figure>\n<p>O Hospital Estadual da Crian\u00e7a (HEC), em Feira de Santana, \u00e9 uma unidade do SUS pertencente \u00e0 Secretaria de Sa\u00fade do Estado da Bahia (Sesab), gerida pela Liga \u00c1lvaro Bahia Contra a Mortalidade Infantil. Com 8,5 mil m\u00b2 distribu\u00eddos em sete pavimentos, a estrutura conta com 260 leitos (206 pedi\u00e1tricos e 54 obst\u00e9tricos) e oferece atendimento gratuito e 24 horas para emerg\u00eancias pedi\u00e1tricas e obst\u00e9tricas, al\u00e9m de especialidades m\u00e9dicas, interna\u00e7\u00f5es, diagn\u00f3sticos e atividades de ensino e pesquisa.<\/p>\n<figure id=\"attachment_7148\" class=\"wp-caption aligncenter\" aria-describedby=\"caption-attachment-7148\"><figcaption id=\"caption-attachment-7148\" class=\"wp-caption-text\">Fonte: Ascom HEC<\/figcaption><\/figure>\n","protected":false},"excerpt":{"rendered":"<p>O Hospital Estadual da Crian\u00e7a (HEC) registrou na manh\u00e3 da segunda-feira (1\u00ba) de janeiro, o nascimento do primeiro beb\u00ea de 2025 na unidade. Ana Laura, filha de Rafaela Goes da Silva, nasceu \u00e0s 10h04, pesando 1.920 gramas. Foto: Caio Brito\/ Ascom HEC O parto foi realizado no Centro Obst\u00e9trico do HEC. Segundo a coordenadora do setor, Nayana Silva, \u201co nascimento da Ana Laura representa o in\u00edcio de mais um ano de dedica\u00e7\u00e3o ao cuidado das m\u00e3es e beb\u00eas em nossa unidade. O HEC segue com a rotina de atendimento obst\u00e9trico humanizado, reafirmando seu compromisso com a sa\u00fade materno-infantil\u201d. Foto: Caio Brito\/ Ascom HEC O Hospital Estadual da Crian\u00e7a (HEC), em Feira de Santana, \u00e9 uma unidade do SUS pertencente \u00e0 Secretaria de Sa\u00fade do Estado da Bahia (Sesab), gerida pela Liga \u00c1lvaro Bahia Contra a Mortalidade Infantil. Com 8,5 mil m\u00b2 distribu\u00eddos em sete pavimentos, a estrutura conta com 260 leitos (206 pedi\u00e1tricos e 54 obst\u00e9tricos) e oferece atendimento gratuito e 24 horas para emerg\u00eancias pedi\u00e1tricas e obst\u00e9tricas, al\u00e9m de especialidades m\u00e9dicas, interna\u00e7\u00f5es, diagn\u00f3sticos e atividades de ensino e pesquisa. Fonte: Ascom HEC<\/p>\n","protected":false},"author":3,"featured_media":3673,"comment_status":"open","ping_status":"open","sticky":false,"template":"","format":"standard","meta":{"_joinchat":[],"footnotes":""},"categories":[86,59],"tags":[],"class_list":["post-3672","post","type-post","status-publish","format-standard","has-post-thumbnail","hentry","category-saude","category-ultimas-noticias"],"yoast_head":"<!-- This site is optimized with the Yoast SEO plugin v24.4 - https:\/\/yoast.com\/wordpress\/plugins\/seo\/ -->\n<title>Nasce Ana Laura, primeiro beb\u00ea de 2025 do Hospital Estadual da Crian\u00e7a em Feira de Santana - Portal raizes noticias<\/title>\n<meta name=\"robots\" content=\"index, follow, max-snippet:-1, max-image-preview:large, max-video-preview:-1\" \/>\n<link rel=\"canonical\" href=\"https:\/\/portalraizesnoticias.com.br\/?p=3672\" \/>\n<meta property=\"og:locale\" content=\"pt_BR\" \/>\n<meta property=\"og:type\" content=\"article\" \/>\n<meta property=\"og:title\" content=\"Nasce Ana Laura, primeiro beb\u00ea de 2025 do Hospital Estadual da Crian\u00e7a em Feira de Santana - Portal raizes noticias\" \/>\n<meta property=\"og:description\" content=\"O Hospital Estadual da Crian\u00e7a (HEC) registrou na manh\u00e3 da segunda-feira (1\u00ba) de janeiro, o nascimento do primeiro beb\u00ea de 2025 na unidade. Ana Laura, filha de Rafaela Goes da Silva, nasceu \u00e0s 10h04, pesando 1.920 gramas. Foto: Caio Brito\/ Ascom HEC O parto foi realizado no Centro Obst\u00e9trico do HEC. Segundo a coordenadora do setor, Nayana Silva, \u201co nascimento da Ana Laura representa o in\u00edcio de mais um ano de dedica\u00e7\u00e3o ao cuidado das m\u00e3es e beb\u00eas em nossa unidade. O HEC segue com a rotina de atendimento obst\u00e9trico humanizado, reafirmando seu compromisso com a sa\u00fade materno-infantil\u201d. Foto: Caio Brito\/ Ascom HEC O Hospital Estadual da Crian\u00e7a (HEC), em Feira de Santana, \u00e9 uma unidade do SUS pertencente \u00e0 Secretaria de Sa\u00fade do Estado da Bahia (Sesab), gerida pela Liga \u00c1lvaro Bahia Contra a Mortalidade Infantil. Com 8,5 mil m\u00b2 distribu\u00eddos em sete pavimentos, a estrutura conta com 260 leitos (206 pedi\u00e1tricos e 54 obst\u00e9tricos) e oferece atendimento gratuito e 24 horas para emerg\u00eancias pedi\u00e1tricas e obst\u00e9tricas, al\u00e9m de especialidades m\u00e9dicas, interna\u00e7\u00f5es, diagn\u00f3sticos e atividades de ensino e pesquisa. Fonte: Ascom HEC\" \/>\n<meta property=\"og:url\" content=\"https:\/\/portalraizesnoticias.com.br\/?p=3672\" \/>\n<meta property=\"og:site_name\" content=\"Portal raizes noticias\" \/>\n<meta property=\"article:published_time\" content=\"2025-01-02T14:25:41+00:00\" \/>\n<meta property=\"og:image\" content=\"https:\/\/portalraizesnoticias.com.br\/wp-content\/uploads\/2025\/01\/WhatsApp-Image-2025-01-02-at-06.23.01-696x717-1.jpeg\" \/>\n\t<meta property=\"og:image:width\" content=\"696\" \/>\n\t<meta property=\"og:image:height\" content=\"717\" \/>\n\t<meta property=\"og:image:type\" content=\"image\/jpeg\" \/>\n<meta name=\"author\" content=\"Portal Raizes\" \/>\n<meta name=\"twitter:card\" content=\"summary_large_image\" \/>\n<meta name=\"twitter:label1\" content=\"Escrito por\" \/>\n\t<meta name=\"twitter:data1\" content=\"Portal Raizes\" \/>\n\t<meta name=\"twitter:label2\" content=\"Est. tempo de leitura\" \/>\n\t<meta name=\"twitter:data2\" content=\"2 minutos\" \/>\n<script type=\"application\/ld+json\" class=\"yoast-schema-graph\">{\"@context\":\"https:\/\/schema.org\",\"@graph\":[{\"@type\":\"Article\",\"@id\":\"https:\/\/portalraizesnoticias.com.br\/?p=3672#article\",\"isPartOf\":{\"@id\":\"https:\/\/portalraizesnoticias.com.br\/?p=3672\"},\"author\":{\"name\":\"Portal Raizes\",\"@id\":\"https:\/\/portalraizesnoticias.com.br\/#\/schema\/person\/a3ca6b0fc701e78df19756c417d943ae\"},\"headline\":\"Nasce Ana Laura, primeiro beb\u00ea de 2025 do Hospital Estadual da Crian\u00e7a em Feira de Santana\",\"datePublished\":\"2025-01-02T14:25:41+00:00\",\"mainEntityOfPage\":{\"@id\":\"https:\/\/portalraizesnoticias.com.br\/?p=3672\"},\"wordCount\":209,\"commentCount\":0,\"publisher\":{\"@id\":\"https:\/\/portalraizesnoticias.com.br\/#organization\"},\"image\":{\"@id\":\"https:\/\/portalraizesnoticias.com.br\/?p=3672#primaryimage\"},\"thumbnailUrl\":\"https:\/\/portalraizesnoticias.com.br\/wp-content\/uploads\/2025\/01\/WhatsApp-Image-2025-01-02-at-06.23.01-696x717-1.jpeg\",\"articleSection\":[\"SA\u00daDE\",\"ULTIMAS NOTICIAS\"],\"inLanguage\":\"pt-BR\",\"potentialAction\":[{\"@type\":\"CommentAction\",\"name\":\"Comment\",\"target\":[\"https:\/\/portalraizesnoticias.com.br\/?p=3672#respond\"]}]},{\"@type\":\"WebPage\",\"@id\":\"https:\/\/portalraizesnoticias.com.br\/?p=3672\",\"url\":\"https:\/\/portalraizesnoticias.com.br\/?p=3672\",\"name\":\"Nasce Ana Laura, primeiro beb\u00ea de 2025 do Hospital Estadual da Crian\u00e7a em Feira de Santana - Portal raizes noticias\",\"isPartOf\":{\"@id\":\"https:\/\/portalraizesnoticias.com.br\/#website\"},\"primaryImageOfPage\":{\"@id\":\"https:\/\/portalraizesnoticias.com.br\/?p=3672#primaryimage\"},\"image\":{\"@id\":\"https:\/\/portalraizesnoticias.com.br\/?p=3672#primaryimage\"},\"thumbnailUrl\":\"https:\/\/portalraizesnoticias.com.br\/wp-content\/uploads\/2025\/01\/WhatsApp-Image-2025-01-02-at-06.23.01-696x717-1.jpeg\",\"datePublished\":\"2025-01-02T14:25:41+00:00\",\"breadcrumb\":{\"@id\":\"https:\/\/portalraizesnoticias.com.br\/?p=3672#breadcrumb\"},\"inLanguage\":\"pt-BR\",\"potentialAction\":[{\"@type\":\"ReadAction\",\"target\":[\"https:\/\/portalraizesnoticias.com.br\/?p=3672\"]}]},{\"@type\":\"ImageObject\",\"inLanguage\":\"pt-BR\",\"@id\":\"https:\/\/portalraizesnoticias.com.br\/?p=3672#primaryimage\",\"url\":\"https:\/\/portalraizesnoticias.com.br\/wp-content\/uploads\/2025\/01\/WhatsApp-Image-2025-01-02-at-06.23.01-696x717-1.jpeg\",\"contentUrl\":\"https:\/\/portalraizesnoticias.com.br\/wp-content\/uploads\/2025\/01\/WhatsApp-Image-2025-01-02-at-06.23.01-696x717-1.jpeg\",\"width\":696,\"height\":717},{\"@type\":\"BreadcrumbList\",\"@id\":\"https:\/\/portalraizesnoticias.com.br\/?p=3672#breadcrumb\",\"itemListElement\":[{\"@type\":\"ListItem\",\"position\":1,\"name\":\"In\u00edcio\",\"item\":\"https:\/\/portalraizesnoticias.com.br\/\"},{\"@type\":\"ListItem\",\"position\":2,\"name\":\"Nasce Ana Laura, primeiro beb\u00ea de 2025 do Hospital Estadual da Crian\u00e7a em Feira de Santana\"}]},{\"@type\":\"WebSite\",\"@id\":\"https:\/\/portalraizesnoticias.com.br\/#website\",\"url\":\"https:\/\/portalraizesnoticias.com.br\/\",\"name\":\"Portal raizes NOTICIAS\",\"description\":\"site de noticias de concei\u00e7\u00e3o do coit\u00e9 e regi\u00e3o\",\"publisher\":{\"@id\":\"https:\/\/portalraizesnoticias.com.br\/#organization\"},\"alternateName\":\"PORTAL RAIZES COIT\u00c9\",\"potentialAction\":[{\"@type\":\"SearchAction\",\"target\":{\"@type\":\"EntryPoint\",\"urlTemplate\":\"https:\/\/portalraizesnoticias.com.br\/?s={search_term_string}\"},\"query-input\":{\"@type\":\"PropertyValueSpecification\",\"valueRequired\":true,\"valueName\":\"search_term_string\"}}],\"inLanguage\":\"pt-BR\"},{\"@type\":\"Organization\",\"@id\":\"https:\/\/portalraizesnoticias.com.br\/#organization\",\"name\":\"Portal raizes NOTICIAS\",\"url\":\"https:\/\/portalraizesnoticias.com.br\/\",\"logo\":{\"@type\":\"ImageObject\",\"inLanguage\":\"pt-BR\",\"@id\":\"https:\/\/portalraizesnoticias.com.br\/#\/schema\/logo\/image\/\",\"url\":\"https:\/\/portalraizesnoticias.com.br\/wp-content\/uploads\/2024\/09\/cropped-Captura-de-tela-2024-09-08-011108.png\",\"contentUrl\":\"https:\/\/portalraizesnoticias.com.br\/wp-content\/uploads\/2024\/09\/cropped-Captura-de-tela-2024-09-08-011108.png\",\"width\":606,\"height\":173,\"caption\":\"Portal raizes NOTICIAS\"},\"image\":{\"@id\":\"https:\/\/portalraizesnoticias.com.br\/#\/schema\/logo\/image\/\"}},{\"@type\":\"Person\",\"@id\":\"https:\/\/portalraizesnoticias.com.br\/#\/schema\/person\/a3ca6b0fc701e78df19756c417d943ae\",\"name\":\"Portal Raizes\",\"image\":{\"@type\":\"ImageObject\",\"inLanguage\":\"pt-BR\",\"@id\":\"https:\/\/portalraizesnoticias.com.br\/#\/schema\/person\/image\/\",\"url\":\"https:\/\/secure.gravatar.com\/avatar\/ef450d29013a3d3fba867a12a249d7b1?s=96&d=mm&r=g\",\"contentUrl\":\"https:\/\/secure.gravatar.com\/avatar\/ef450d29013a3d3fba867a12a249d7b1?s=96&d=mm&r=g\",\"caption\":\"Portal Raizes\"},\"url\":\"https:\/\/portalraizesnoticias.com.br\/?author=3\"}]}<\/script>\n<!-- \/ Yoast SEO plugin. -->","yoast_head_json":{"title":"Nasce Ana Laura, primeiro beb\u00ea de 2025 do Hospital Estadual da Crian\u00e7a em Feira de Santana - Portal raizes noticias","robots":{"index":"index","follow":"follow","max-snippet":"max-snippet:-1","max-image-preview":"max-image-preview:large","max-video-preview":"max-video-preview:-1"},"canonical":"https:\/\/portalraizesnoticias.com.br\/?p=3672","og_locale":"pt_BR","og_type":"article","og_title":"Nasce Ana Laura, primeiro beb\u00ea de 2025 do Hospital Estadual da Crian\u00e7a em Feira de Santana - Portal raizes noticias","og_description":"O Hospital Estadual da Crian\u00e7a (HEC) registrou na manh\u00e3 da segunda-feira (1\u00ba) de janeiro, o nascimento do primeiro beb\u00ea de 2025 na unidade. Ana Laura, filha de Rafaela Goes da Silva, nasceu \u00e0s 10h04, pesando 1.920 gramas. Foto: Caio Brito\/ Ascom HEC O parto foi realizado no Centro Obst\u00e9trico do HEC. Segundo a coordenadora do setor, Nayana Silva, \u201co nascimento da Ana Laura representa o in\u00edcio de mais um ano de dedica\u00e7\u00e3o ao cuidado das m\u00e3es e beb\u00eas em nossa unidade. O HEC segue com a rotina de atendimento obst\u00e9trico humanizado, reafirmando seu compromisso com a sa\u00fade materno-infantil\u201d. Foto: Caio Brito\/ Ascom HEC O Hospital Estadual da Crian\u00e7a (HEC), em Feira de Santana, \u00e9 uma unidade do SUS pertencente \u00e0 Secretaria de Sa\u00fade do Estado da Bahia (Sesab), gerida pela Liga \u00c1lvaro Bahia Contra a Mortalidade Infantil. Com 8,5 mil m\u00b2 distribu\u00eddos em sete pavimentos, a estrutura conta com 260 leitos (206 pedi\u00e1tricos e 54 obst\u00e9tricos) e oferece atendimento gratuito e 24 horas para emerg\u00eancias pedi\u00e1tricas e obst\u00e9tricas, al\u00e9m de especialidades m\u00e9dicas, interna\u00e7\u00f5es, diagn\u00f3sticos e atividades de ensino e pesquisa. Fonte: Ascom HEC","og_url":"https:\/\/portalraizesnoticias.com.br\/?p=3672","og_site_name":"Portal raizes noticias","article_published_time":"2025-01-02T14:25:41+00:00","og_image":[{"width":696,"height":717,"url":"https:\/\/portalraizesnoticias.com.br\/wp-content\/uploads\/2025\/01\/WhatsApp-Image-2025-01-02-at-06.23.01-696x717-1.jpeg","type":"image\/jpeg"}],"author":"Portal Raizes","twitter_card":"summary_large_image","twitter_misc":{"Escrito por":"Portal Raizes","Est. tempo de leitura":"2 minutos"},"schema":{"@context":"https:\/\/schema.org","@graph":[{"@type":"Article","@id":"https:\/\/portalraizesnoticias.com.br\/?p=3672#article","isPartOf":{"@id":"https:\/\/portalraizesnoticias.com.br\/?p=3672"},"author":{"name":"Portal Raizes","@id":"https:\/\/portalraizesnoticias.com.br\/#\/schema\/person\/a3ca6b0fc701e78df19756c417d943ae"},"headline":"Nasce Ana Laura, primeiro beb\u00ea de 2025 do Hospital Estadual da Crian\u00e7a em Feira de Santana","datePublished":"2025-01-02T14:25:41+00:00","mainEntityOfPage":{"@id":"https:\/\/portalraizesnoticias.com.br\/?p=3672"},"wordCount":209,"commentCount":0,"publisher":{"@id":"https:\/\/portalraizesnoticias.com.br\/#organization"},"image":{"@id":"https:\/\/portalraizesnoticias.com.br\/?p=3672#primaryimage"},"thumbnailUrl":"https:\/\/portalraizesnoticias.com.br\/wp-content\/uploads\/2025\/01\/WhatsApp-Image-2025-01-02-at-06.23.01-696x717-1.jpeg","articleSection":["SA\u00daDE","ULTIMAS NOTICIAS"],"inLanguage":"pt-BR","potentialAction":[{"@type":"CommentAction","name":"Comment","target":["https:\/\/portalraizesnoticias.com.br\/?p=3672#respond"]}]},{"@type":"WebPage","@id":"https:\/\/portalraizesnoticias.com.br\/?p=3672","url":"https:\/\/portalraizesnoticias.com.br\/?p=3672","name":"Nasce Ana Laura, primeiro beb\u00ea de 2025 do Hospital Estadual da Crian\u00e7a em Feira de Santana - Portal raizes noticias","isPartOf":{"@id":"https:\/\/portalraizesnoticias.com.br\/#website"},"primaryImageOfPage":{"@id":"https:\/\/portalraizesnoticias.com.br\/?p=3672#primaryimage"},"image":{"@id":"https:\/\/portalraizesnoticias.com.br\/?p=3672#primaryimage"},"thumbnailUrl":"https:\/\/portalraizesnoticias.com.br\/wp-content\/uploads\/2025\/01\/WhatsApp-Image-2025-01-02-at-06.23.01-696x717-1.jpeg","datePublished":"2025-01-02T14:25:41+00:00","breadcrumb":{"@id":"https:\/\/portalraizesnoticias.com.br\/?p=3672#breadcrumb"},"inLanguage":"pt-BR","potentialAction":[{"@type":"ReadAction","target":["https:\/\/portalraizesnoticias.com.br\/?p=3672"]}]},{"@type":"ImageObject","inLanguage":"pt-BR","@id":"https:\/\/portalraizesnoticias.com.br\/?p=3672#primaryimage","url":"https:\/\/portalraizesnoticias.com.br\/wp-content\/uploads\/2025\/01\/WhatsApp-Image-2025-01-02-at-06.23.01-696x717-1.jpeg","contentUrl":"https:\/\/portalraizesnoticias.com.br\/wp-content\/uploads\/2025\/01\/WhatsApp-Image-2025-01-02-at-06.23.01-696x717-1.jpeg","width":696,"height":717},{"@type":"BreadcrumbList","@id":"https:\/\/portalraizesnoticias.com.br\/?p=3672#breadcrumb","itemListElement":[{"@type":"ListItem","position":1,"name":"In\u00edcio","item":"https:\/\/portalraizesnoticias.com.br\/"},{"@type":"ListItem","position":2,"name":"Nasce Ana Laura, primeiro beb\u00ea de 2025 do Hospital Estadual da Crian\u00e7a em Feira de Santana"}]},{"@type":"WebSite","@id":"https:\/\/portalraizesnoticias.com.br\/#website","url":"https:\/\/portalraizesnoticias.com.br\/","name":"Portal raizes NOTICIAS","description":"site de noticias de concei\u00e7\u00e3o do coit\u00e9 e regi\u00e3o","publisher":{"@id":"https:\/\/portalraizesnoticias.com.br\/#organization"},"alternateName":"PORTAL RAIZES COIT\u00c9","potentialAction":[{"@type":"SearchAction","target":{"@type":"EntryPoint","urlTemplate":"https:\/\/portalraizesnoticias.com.br\/?s={search_term_string}"},"query-input":{"@type":"PropertyValueSpecification","valueRequired":true,"valueName":"search_term_string"}}],"inLanguage":"pt-BR"},{"@type":"Organization","@id":"https:\/\/portalraizesnoticias.com.br\/#organization","name":"Portal raizes NOTICIAS","url":"https:\/\/portalraizesnoticias.com.br\/","logo":{"@type":"ImageObject","inLanguage":"pt-BR","@id":"https:\/\/portalraizesnoticias.com.br\/#\/schema\/logo\/image\/","url":"https:\/\/portalraizesnoticias.com.br\/wp-content\/uploads\/2024\/09\/cropped-Captura-de-tela-2024-09-08-011108.png","contentUrl":"https:\/\/portalraizesnoticias.com.br\/wp-content\/uploads\/2024\/09\/cropped-Captura-de-tela-2024-09-08-011108.png","width":606,"height":173,"caption":"Portal raizes NOTICIAS"},"image":{"@id":"https:\/\/portalraizesnoticias.com.br\/#\/schema\/logo\/image\/"}},{"@type":"Person","@id":"https:\/\/portalraizesnoticias.com.br\/#\/schema\/person\/a3ca6b0fc701e78df19756c417d943ae","name":"Portal Raizes","image":{"@type":"ImageObject","inLanguage":"pt-BR","@id":"https:\/\/portalraizesnoticias.com.br\/#\/schema\/person\/image\/","url":"https:\/\/secure.gravatar.com\/avatar\/ef450d29013a3d3fba867a12a249d7b1?s=96&d=mm&r=g","contentUrl":"https:\/\/secure.gravatar.com\/avatar\/ef450d29013a3d3fba867a12a249d7b1?s=96&d=mm&r=g","caption":"Portal Raizes"},"url":"https:\/\/portalraizesnoticias.com.br\/?author=3"}]}},"_links":{"self":[{"href":"https:\/\/portalraizesnoticias.com.br\/index.php?rest_route=\/wp\/v2\/posts\/3672"}],"collection":[{"href":"https:\/\/portalraizesnoticias.com.br\/index.php?rest_route=\/wp\/v2\/posts"}],"about":[{"href":"https:\/\/portalraizesnoticias.com.br\/index.php?rest_route=\/wp\/v2\/types\/post"}],"author":[{"embeddable":true,"href":"https:\/\/portalraizesnoticias.com.br\/index.php?rest_route=\/wp\/v2\/users\/3"}],"replies":[{"embeddable":true,"href":"https:\/\/portalraizesnoticias.com.br\/index.php?rest_route=%2Fwp%2Fv2%2Fcomments&post=3672"}],"version-history":[{"count":1,"href":"https:\/\/portalraizesnoticias.com.br\/index.php?rest_route=\/wp\/v2\/posts\/3672\/revisions"}],"predecessor-version":[{"id":3674,"href":"https:\/\/portalraizesnoticias.com.br\/index.php?rest_route=\/wp\/v2\/posts\/3672\/revisions\/3674"}],"wp:featuredmedia":[{"embeddable":true,"href":"https:\/\/portalraizesnoticias.com.br\/index.php?rest_route=\/wp\/v2\/media\/3673"}],"wp:attachment":[{"href":"https:\/\/portalraizesnoticias.com.br\/index.php?rest_route=%2Fwp%2Fv2%2Fmedia&parent=3672"}],"wp:term":[{"taxonomy":"category","embeddable":true,"href":"https:\/\/portalraizesnoticias.com.br\/index.php?rest_route=%2Fwp%2Fv2%2Fcategories&post=3672"},{"taxonomy":"post_tag","embeddable":true,"href":"https:\/\/portalraizesnoticias.com.br\/index.php?rest_route=%2Fwp%2Fv2%2Ftags&post=3672"}],"curies":[{"name":"wp","href":"https:\/\/api.w.org\/{rel}","templated":true}]}}